{"id":259179,"date":"2024-06-26T08:56:35","date_gmt":"2024-06-26T11:56:35","guid":{"rendered":"https:\/\/noticiaempauta.com\/portal\/?p=259179"},"modified":"2024-06-26T08:56:37","modified_gmt":"2024-06-26T11:56:37","slug":"papa-critica-legalizacao-de-drogas-e-chama-traficantes-de-assassinos","status":"publish","type":"post","link":"https:\/\/noticiaempauta.com\/portal\/papa-critica-legalizacao-de-drogas-e-chama-traficantes-de-assassinos\/","title":{"rendered":"Papa critica legaliza\u00e7\u00e3o de drogas e chama traficantes de assassinos"},"content":{"rendered":"\n<p>Nesta quarta-feira (26), o\u00a0Papa Francisco\u00a0expressou sua oposi\u00e7\u00e3o \u00e0\u00a0legaliza\u00e7\u00e3o das drogas\u00a0e\u00a0condenou os traficantes de drogas\u00a0como &#8220;assassinos&#8221;. Ele tamb\u00e9m fez um apelo por ajuda e apoio aos dependentes qu\u00edmicos.\u00a0<\/p>\n\n\n\n<figure class=\"wp-block-image size-full\"><img fetchpriority=\"high\" decoding=\"async\" width=\"790\" height=\"527\" src=\"https:\/\/noticiaempauta.com\/portal\/wp-content\/uploads\/2022\/12\/Papa-francisco.jpg\" alt=\"\" class=\"wp-image-242639\" srcset=\"https:\/\/noticiaempauta.com\/portal\/wp-content\/uploads\/2022\/12\/Papa-francisco.jpg 790w, https:\/\/noticiaempauta.com\/portal\/wp-content\/uploads\/2022\/12\/Papa-francisco-300x200.jpg 300w, https:\/\/noticiaempauta.com\/portal\/wp-content\/uploads\/2022\/12\/Papa-francisco-768x512.jpg 768w\" sizes=\"(max-width: 790px) 100vw, 790px\" \/><figcaption class=\"wp-element-caption\">Foto: Reprodu\u00e7\u00e3o<\/figcaption><\/figure>\n\n\n\n<p>\u201cA redu\u00e7\u00e3o da depend\u00eancia de drogas n\u00e3o \u00e9 alcan\u00e7ada atrav\u00e9s da libera\u00e7\u00e3o do uso de drogas \u2013 isto \u00e9 uma ilus\u00e3o \u2013 como foi proposto, ou j\u00e1 implementado, em alguns pa\u00edses\u201d, disse Francisco \u00e0s multid\u00f5es na Pra\u00e7a de S\u00e3o Pedro, na sua audi\u00eancia semanal.<\/p>\n\n\n\n<p>\u201cAo mesmo tempo, por\u00e9m, lembremo-nos que cada viciado tem uma hist\u00f3ria pessoal \u00fanica e deve ser ouvido, compreendido, amado e, na medida do poss\u00edvel, curado e purificado\u201d, disse ele no que as Na\u00e7\u00f5es Unidas designaram como Dia Mundial das Drogas.<\/p>\n\n\n\n<p>Francisco, de 87 anos,\u00a0n\u00e3o diferenciou entre as chamadas drogas leves, como a maconha, que foi legalizada para uso recreativo em v\u00e1rios pa\u00edses e alguns estados dos EUA,\u00a0e as drogas &#8220;pesadas&#8221;, como a hero\u00edna e a coca\u00edna.\u00a0<\/p>\n\n\n\n<blockquote class=\"wp-block-quote is-layout-flow wp-block-quote-is-layout-flow\">\n<p>\u201cN\u00e3o podemos ignorar as m\u00e1s inten\u00e7\u00f5es e a\u00e7\u00f5es dos traficantes de drogas. Eles s\u00e3o assassinos\u201d, acrescentou o papa.<\/p>\n<\/blockquote>\n\n\n\n<p>O Papa tamb\u00e9m condenou o\u00a0\u201cimpacto destrutivo\u201d da produ\u00e7\u00e3o de drogas no meio ambiente, dizendo que \u00e9 \u201ccada vez mais evidente, por exemplo, na bacia amaz\u00f4nica\u201d da Am\u00e9rica Latina.<\/p>\n\n\n\n<p><strong><em>Fonte: Meio News<\/em><\/strong><\/p>\n","protected":false},"excerpt":{"rendered":"<p>Nesta quarta-feira (26), o\u00a0Papa Francisco\u00a0expressou sua oposi\u00e7\u00e3o \u00e0\u00a0legaliza\u00e7\u00e3o das drogas\u00a0e\u00a0condenou os traficantes de drogas\u00a0como &#8220;assassinos&#8221;. Ele tamb\u00e9m fez um apelo por ajuda e apoio aos dependentes qu\u00edmicos.\u00a0 \u201cA redu\u00e7\u00e3o da depend\u00eancia de drogas n\u00e3o \u00e9 alcan\u00e7ada atrav\u00e9s da libera\u00e7\u00e3o do uso de drogas \u2013 isto \u00e9 uma ilus\u00e3o \u2013 como foi proposto, ou j\u00e1 implementado, [&hellip;]<\/p>\n","protected":false},"author":2,"featured_media":242639,"comment_status":"open","ping_status":"open","sticky":false,"template":"","format":"standard","meta":{"_mi_skip_tracking":false,"footnotes":""},"categories":[25,1,16],"tags":[192],"class_list":["post-259179","post","type-post","status-publish","format-standard","has-post-thumbnail","hentry","category-destaques-site","category-geral","category-todas","tag-destaqueprincipal"],"acf":[],"yoast_head":"<!-- This site is optimized with the Yoast SEO Premium plugin v19.2 (Yoast SEO v26.9) - https:\/\/yoast.com\/product\/yoast-seo-premium-wordpress\/ -->\n<title>Papa critica legaliza\u00e7\u00e3o de drogas e chama traficantes de assassinos - Portal Not\u00edcia em Pauta<\/title>\n<meta name=\"robots\" content=\"index, follow, max-snippet:-1, max-image-preview:large, max-video-preview:-1\" \/>\n<link rel=\"canonical\" href=\"https:\/\/noticiaempauta.com\/portal\/papa-critica-legalizacao-de-drogas-e-chama-traficantes-de-assassinos\/\" \/>\n<meta property=\"og:locale\" content=\"pt_BR\" \/>\n<meta property=\"og:type\" content=\"article\" \/>\n<meta property=\"og:title\" content=\"Papa critica legaliza\u00e7\u00e3o de drogas e chama traficantes de assassinos\" \/>\n<meta property=\"og:description\" content=\"Nesta quarta-feira (26), o\u00a0Papa Francisco\u00a0expressou sua oposi\u00e7\u00e3o \u00e0\u00a0legaliza\u00e7\u00e3o das drogas\u00a0e\u00a0condenou os traficantes de drogas\u00a0como &#8220;assassinos&#8221;. Ele tamb\u00e9m fez um apelo por ajuda e apoio aos dependentes qu\u00edmicos.\u00a0 \u201cA redu\u00e7\u00e3o da depend\u00eancia de drogas n\u00e3o \u00e9 alcan\u00e7ada atrav\u00e9s da libera\u00e7\u00e3o do uso de drogas \u2013 isto \u00e9 uma ilus\u00e3o \u2013 como foi proposto, ou j\u00e1 implementado, [&hellip;]\" \/>\n<meta property=\"og:url\" content=\"https:\/\/noticiaempauta.com\/portal\/papa-critica-legalizacao-de-drogas-e-chama-traficantes-de-assassinos\/\" \/>\n<meta property=\"og:site_name\" content=\"Portal Not\u00edcia em Pauta\" \/>\n<meta property=\"article:publisher\" content=\"https:\/\/www.facebook.com\/Portal-Notcia-Em-Pauta-102292869264820\/\" \/>\n<meta property=\"article:published_time\" content=\"2024-06-26T11:56:35+00:00\" \/>\n<meta property=\"article:modified_time\" content=\"2024-06-26T11:56:37+00:00\" \/>\n<meta property=\"og:image\" content=\"https:\/\/noticiaempauta.com\/portal\/wp-content\/uploads\/2022\/12\/Papa-francisco.jpg\" \/>\n\t<meta property=\"og:image:width\" content=\"790\" \/>\n\t<meta property=\"og:image:height\" content=\"527\" \/>\n\t<meta property=\"og:image:type\" content=\"image\/jpeg\" \/>\n<meta name=\"author\" content=\"Reda\u00e7\u00e3o\" \/>\n<meta name=\"twitter:card\" content=\"summary_large_image\" \/>\n<meta name=\"twitter:label1\" content=\"Escrito por\" \/>\n\t<meta name=\"twitter:data1\" content=\"Reda\u00e7\u00e3o\" \/>\n\t<meta name=\"twitter:label2\" content=\"Est. tempo de leitura\" \/>\n\t<meta name=\"twitter:data2\" content=\"2 minutos\" \/>\n<script type=\"application\/ld+json\" class=\"yoast-schema-graph\">{\"@context\":\"https:\/\/schema.org\",\"@graph\":[{\"@type\":\"Article\",\"@id\":\"https:\/\/noticiaempauta.com\/portal\/papa-critica-legalizacao-de-drogas-e-chama-traficantes-de-assassinos\/#article\",\"isPartOf\":{\"@id\":\"https:\/\/noticiaempauta.com\/portal\/papa-critica-legalizacao-de-drogas-e-chama-traficantes-de-assassinos\/\"},\"author\":{\"name\":\"Reda\u00e7\u00e3o\",\"@id\":\"https:\/\/noticiaempauta.com\/portal\/#\/schema\/person\/a74af43dd1ab3deca45f988c717d57ac\"},\"headline\":\"Papa critica legaliza\u00e7\u00e3o de drogas e chama traficantes de assassinos\",\"datePublished\":\"2024-06-26T11:56:35+00:00\",\"dateModified\":\"2024-06-26T11:56:37+00:00\",\"mainEntityOfPage\":{\"@id\":\"https:\/\/noticiaempauta.com\/portal\/papa-critica-legalizacao-de-drogas-e-chama-traficantes-de-assassinos\/\"},\"wordCount\":245,\"commentCount\":0,\"publisher\":{\"@id\":\"https:\/\/noticiaempauta.com\/portal\/#organization\"},\"image\":{\"@id\":\"https:\/\/noticiaempauta.com\/portal\/papa-critica-legalizacao-de-drogas-e-chama-traficantes-de-assassinos\/#primaryimage\"},\"thumbnailUrl\":\"https:\/\/noticiaempauta.com\/portal\/wp-content\/uploads\/2022\/12\/Papa-francisco.jpg\",\"keywords\":[\"destaqueprincipal\"],\"articleSection\":[\"Destaques\",\"Geral\",\"Todas as Not\u00edcias\"],\"inLanguage\":\"pt-BR\",\"potentialAction\":[{\"@type\":\"CommentAction\",\"name\":\"Comment\",\"target\":[\"https:\/\/noticiaempauta.com\/portal\/papa-critica-legalizacao-de-drogas-e-chama-traficantes-de-assassinos\/#respond\"]}]},{\"@type\":\"WebPage\",\"@id\":\"https:\/\/noticiaempauta.com\/portal\/papa-critica-legalizacao-de-drogas-e-chama-traficantes-de-assassinos\/\",\"url\":\"https:\/\/noticiaempauta.com\/portal\/papa-critica-legalizacao-de-drogas-e-chama-traficantes-de-assassinos\/\",\"name\":\"Papa critica legaliza\u00e7\u00e3o de drogas e chama traficantes de assassinos - Portal Not\u00edcia em Pauta\",\"isPartOf\":{\"@id\":\"https:\/\/noticiaempauta.com\/portal\/#website\"},\"primaryImageOfPage\":{\"@id\":\"https:\/\/noticiaempauta.com\/portal\/papa-critica-legalizacao-de-drogas-e-chama-traficantes-de-assassinos\/#primaryimage\"},\"image\":{\"@id\":\"https:\/\/noticiaempauta.com\/portal\/papa-critica-legalizacao-de-drogas-e-chama-traficantes-de-assassinos\/#primaryimage\"},\"thumbnailUrl\":\"https:\/\/noticiaempauta.com\/portal\/wp-content\/uploads\/2022\/12\/Papa-francisco.jpg\",\"datePublished\":\"2024-06-26T11:56:35+00:00\",\"dateModified\":\"2024-06-26T11:56:37+00:00\",\"breadcrumb\":{\"@id\":\"https:\/\/noticiaempauta.com\/portal\/papa-critica-legalizacao-de-drogas-e-chama-traficantes-de-assassinos\/#breadcrumb\"},\"inLanguage\":\"pt-BR\",\"potentialAction\":[{\"@type\":\"ReadAction\",\"target\":[\"https:\/\/noticiaempauta.com\/portal\/papa-critica-legalizacao-de-drogas-e-chama-traficantes-de-assassinos\/\"]}]},{\"@type\":\"ImageObject\",\"inLanguage\":\"pt-BR\",\"@id\":\"https:\/\/noticiaempauta.com\/portal\/papa-critica-legalizacao-de-drogas-e-chama-traficantes-de-assassinos\/#primaryimage\",\"url\":\"https:\/\/noticiaempauta.com\/portal\/wp-content\/uploads\/2022\/12\/Papa-francisco.jpg\",\"contentUrl\":\"https:\/\/noticiaempauta.com\/portal\/wp-content\/uploads\/2022\/12\/Papa-francisco.jpg\",\"width\":790,\"height\":527,\"caption\":\"Foto: Reprodu\u00e7\u00e3o\"},{\"@type\":\"BreadcrumbList\",\"@id\":\"https:\/\/noticiaempauta.com\/portal\/papa-critica-legalizacao-de-drogas-e-chama-traficantes-de-assassinos\/#breadcrumb\",\"itemListElement\":[{\"@type\":\"ListItem\",\"position\":1,\"name\":\"P\u00e1gina Inicial\",\"item\":\"https:\/\/noticiaempauta.com\/portal\/\"},{\"@type\":\"ListItem\",\"position\":2,\"name\":\"Destaques\",\"item\":\"https:\/\/noticiaempauta.com\/portal\/destaques-site\/\"},{\"@type\":\"ListItem\",\"position\":3,\"name\":\"Papa critica legaliza\u00e7\u00e3o de drogas e chama traficantes de assassinos\"}]},{\"@type\":\"WebSite\",\"@id\":\"https:\/\/noticiaempauta.com\/portal\/#website\",\"url\":\"https:\/\/noticiaempauta.com\/portal\/\",\"name\":\"Portal Not\u00edcia em Pauta\",\"description\":\"Voc\u00ea bem informado\",\"publisher\":{\"@id\":\"https:\/\/noticiaempauta.com\/portal\/#organization\"},\"potentialAction\":[{\"@type\":\"SearchAction\",\"target\":{\"@type\":\"EntryPoint\",\"urlTemplate\":\"https:\/\/noticiaempauta.com\/portal\/?s={search_term_string}\"},\"query-input\":{\"@type\":\"PropertyValueSpecification\",\"valueRequired\":true,\"valueName\":\"search_term_string\"}}],\"inLanguage\":\"pt-BR\"},{\"@type\":\"Organization\",\"@id\":\"https:\/\/noticiaempauta.com\/portal\/#organization\",\"name\":\"Portal Not\u00edcia em Pauta\",\"url\":\"https:\/\/noticiaempauta.com\/portal\/\",\"logo\":{\"@type\":\"ImageObject\",\"inLanguage\":\"pt-BR\",\"@id\":\"https:\/\/noticiaempauta.com\/portal\/#\/schema\/logo\/image\/\",\"url\":\"https:\/\/noticiaempauta.com\/portal\/wp-content\/uploads\/2022\/08\/logomarca_tema.fw_.png\",\"contentUrl\":\"https:\/\/noticiaempauta.com\/portal\/wp-content\/uploads\/2022\/08\/logomarca_tema.fw_.png\",\"width\":400,\"height\":232,\"caption\":\"Portal Not\u00edcia em Pauta\"},\"image\":{\"@id\":\"https:\/\/noticiaempauta.com\/portal\/#\/schema\/logo\/image\/\"},\"sameAs\":[\"https:\/\/www.facebook.com\/Portal-Notcia-Em-Pauta-102292869264820\/\",\"https:\/\/www.instagram.com\/portalnoticiaempauta\/\"]},{\"@type\":\"Person\",\"@id\":\"https:\/\/noticiaempauta.com\/portal\/#\/schema\/person\/a74af43dd1ab3deca45f988c717d57ac\",\"name\":\"Reda\u00e7\u00e3o\",\"image\":{\"@type\":\"ImageObject\",\"inLanguage\":\"pt-BR\",\"@id\":\"https:\/\/noticiaempauta.com\/portal\/#\/schema\/person\/image\/\",\"url\":\"https:\/\/secure.gravatar.com\/avatar\/03179346ecce6cdfc13361603e8f54242a90e5cde8618fa23c5c00aa2b0aadf3?s=96&d=mm&r=g\",\"contentUrl\":\"https:\/\/secure.gravatar.com\/avatar\/03179346ecce6cdfc13361603e8f54242a90e5cde8618fa23c5c00aa2b0aadf3?s=96&d=mm&r=g\",\"caption\":\"Reda\u00e7\u00e3o\"},\"sameAs\":[\"https:\/\/noticiaempauta.com\/portal\/\"],\"url\":\"https:\/\/noticiaempauta.com\/portal\/author\/fernando\/\"}]}<\/script>\n<!-- \/ Yoast SEO Premium plugin. -->","yoast_head_json":{"title":"Papa critica legaliza\u00e7\u00e3o de drogas e chama traficantes de assassinos - Portal Not\u00edcia em Pauta","robots":{"index":"index","follow":"follow","max-snippet":"max-snippet:-1","max-image-preview":"max-image-preview:large","max-video-preview":"max-video-preview:-1"},"canonical":"https:\/\/noticiaempauta.com\/portal\/papa-critica-legalizacao-de-drogas-e-chama-traficantes-de-assassinos\/","og_locale":"pt_BR","og_type":"article","og_title":"Papa critica legaliza\u00e7\u00e3o de drogas e chama traficantes de assassinos","og_description":"Nesta quarta-feira (26), o\u00a0Papa Francisco\u00a0expressou sua oposi\u00e7\u00e3o \u00e0\u00a0legaliza\u00e7\u00e3o das drogas\u00a0e\u00a0condenou os traficantes de drogas\u00a0como &#8220;assassinos&#8221;. Ele tamb\u00e9m fez um apelo por ajuda e apoio aos dependentes qu\u00edmicos.\u00a0 \u201cA redu\u00e7\u00e3o da depend\u00eancia de drogas n\u00e3o \u00e9 alcan\u00e7ada atrav\u00e9s da libera\u00e7\u00e3o do uso de drogas \u2013 isto \u00e9 uma ilus\u00e3o \u2013 como foi proposto, ou j\u00e1 implementado, [&hellip;]","og_url":"https:\/\/noticiaempauta.com\/portal\/papa-critica-legalizacao-de-drogas-e-chama-traficantes-de-assassinos\/","og_site_name":"Portal Not\u00edcia em Pauta","article_publisher":"https:\/\/www.facebook.com\/Portal-Notcia-Em-Pauta-102292869264820\/","article_published_time":"2024-06-26T11:56:35+00:00","article_modified_time":"2024-06-26T11:56:37+00:00","og_image":[{"width":790,"height":527,"url":"https:\/\/noticiaempauta.com\/portal\/wp-content\/uploads\/2022\/12\/Papa-francisco.jpg","type":"image\/jpeg"}],"author":"Reda\u00e7\u00e3o","twitter_card":"summary_large_image","twitter_misc":{"Escrito por":"Reda\u00e7\u00e3o","Est. tempo de leitura":"2 minutos"},"schema":{"@context":"https:\/\/schema.org","@graph":[{"@type":"Article","@id":"https:\/\/noticiaempauta.com\/portal\/papa-critica-legalizacao-de-drogas-e-chama-traficantes-de-assassinos\/#article","isPartOf":{"@id":"https:\/\/noticiaempauta.com\/portal\/papa-critica-legalizacao-de-drogas-e-chama-traficantes-de-assassinos\/"},"author":{"name":"Reda\u00e7\u00e3o","@id":"https:\/\/noticiaempauta.com\/portal\/#\/schema\/person\/a74af43dd1ab3deca45f988c717d57ac"},"headline":"Papa critica legaliza\u00e7\u00e3o de drogas e chama traficantes de assassinos","datePublished":"2024-06-26T11:56:35+00:00","dateModified":"2024-06-26T11:56:37+00:00","mainEntityOfPage":{"@id":"https:\/\/noticiaempauta.com\/portal\/papa-critica-legalizacao-de-drogas-e-chama-traficantes-de-assassinos\/"},"wordCount":245,"commentCount":0,"publisher":{"@id":"https:\/\/noticiaempauta.com\/portal\/#organization"},"image":{"@id":"https:\/\/noticiaempauta.com\/portal\/papa-critica-legalizacao-de-drogas-e-chama-traficantes-de-assassinos\/#primaryimage"},"thumbnailUrl":"https:\/\/noticiaempauta.com\/portal\/wp-content\/uploads\/2022\/12\/Papa-francisco.jpg","keywords":["destaqueprincipal"],"articleSection":["Destaques","Geral","Todas as Not\u00edcias"],"inLanguage":"pt-BR","potentialAction":[{"@type":"CommentAction","name":"Comment","target":["https:\/\/noticiaempauta.com\/portal\/papa-critica-legalizacao-de-drogas-e-chama-traficantes-de-assassinos\/#respond"]}]},{"@type":"WebPage","@id":"https:\/\/noticiaempauta.com\/portal\/papa-critica-legalizacao-de-drogas-e-chama-traficantes-de-assassinos\/","url":"https:\/\/noticiaempauta.com\/portal\/papa-critica-legalizacao-de-drogas-e-chama-traficantes-de-assassinos\/","name":"Papa critica legaliza\u00e7\u00e3o de drogas e chama traficantes de assassinos - Portal Not\u00edcia em Pauta","isPartOf":{"@id":"https:\/\/noticiaempauta.com\/portal\/#website"},"primaryImageOfPage":{"@id":"https:\/\/noticiaempauta.com\/portal\/papa-critica-legalizacao-de-drogas-e-chama-traficantes-de-assassinos\/#primaryimage"},"image":{"@id":"https:\/\/noticiaempauta.com\/portal\/papa-critica-legalizacao-de-drogas-e-chama-traficantes-de-assassinos\/#primaryimage"},"thumbnailUrl":"https:\/\/noticiaempauta.com\/portal\/wp-content\/uploads\/2022\/12\/Papa-francisco.jpg","datePublished":"2024-06-26T11:56:35+00:00","dateModified":"2024-06-26T11:56:37+00:00","breadcrumb":{"@id":"https:\/\/noticiaempauta.com\/portal\/papa-critica-legalizacao-de-drogas-e-chama-traficantes-de-assassinos\/#breadcrumb"},"inLanguage":"pt-BR","potentialAction":[{"@type":"ReadAction","target":["https:\/\/noticiaempauta.com\/portal\/papa-critica-legalizacao-de-drogas-e-chama-traficantes-de-assassinos\/"]}]},{"@type":"ImageObject","inLanguage":"pt-BR","@id":"https:\/\/noticiaempauta.com\/portal\/papa-critica-legalizacao-de-drogas-e-chama-traficantes-de-assassinos\/#primaryimage","url":"https:\/\/noticiaempauta.com\/portal\/wp-content\/uploads\/2022\/12\/Papa-francisco.jpg","contentUrl":"https:\/\/noticiaempauta.com\/portal\/wp-content\/uploads\/2022\/12\/Papa-francisco.jpg","width":790,"height":527,"caption":"Foto: Reprodu\u00e7\u00e3o"},{"@type":"BreadcrumbList","@id":"https:\/\/noticiaempauta.com\/portal\/papa-critica-legalizacao-de-drogas-e-chama-traficantes-de-assassinos\/#breadcrumb","itemListElement":[{"@type":"ListItem","position":1,"name":"P\u00e1gina Inicial","item":"https:\/\/noticiaempauta.com\/portal\/"},{"@type":"ListItem","position":2,"name":"Destaques","item":"https:\/\/noticiaempauta.com\/portal\/destaques-site\/"},{"@type":"ListItem","position":3,"name":"Papa critica legaliza\u00e7\u00e3o de drogas e chama traficantes de assassinos"}]},{"@type":"WebSite","@id":"https:\/\/noticiaempauta.com\/portal\/#website","url":"https:\/\/noticiaempauta.com\/portal\/","name":"Portal Not\u00edcia em Pauta","description":"Voc\u00ea bem informado","publisher":{"@id":"https:\/\/noticiaempauta.com\/portal\/#organization"},"potentialAction":[{"@type":"SearchAction","target":{"@type":"EntryPoint","urlTemplate":"https:\/\/noticiaempauta.com\/portal\/?s={search_term_string}"},"query-input":{"@type":"PropertyValueSpecification","valueRequired":true,"valueName":"search_term_string"}}],"inLanguage":"pt-BR"},{"@type":"Organization","@id":"https:\/\/noticiaempauta.com\/portal\/#organization","name":"Portal Not\u00edcia em Pauta","url":"https:\/\/noticiaempauta.com\/portal\/","logo":{"@type":"ImageObject","inLanguage":"pt-BR","@id":"https:\/\/noticiaempauta.com\/portal\/#\/schema\/logo\/image\/","url":"https:\/\/noticiaempauta.com\/portal\/wp-content\/uploads\/2022\/08\/logomarca_tema.fw_.png","contentUrl":"https:\/\/noticiaempauta.com\/portal\/wp-content\/uploads\/2022\/08\/logomarca_tema.fw_.png","width":400,"height":232,"caption":"Portal Not\u00edcia em Pauta"},"image":{"@id":"https:\/\/noticiaempauta.com\/portal\/#\/schema\/logo\/image\/"},"sameAs":["https:\/\/www.facebook.com\/Portal-Notcia-Em-Pauta-102292869264820\/","https:\/\/www.instagram.com\/portalnoticiaempauta\/"]},{"@type":"Person","@id":"https:\/\/noticiaempauta.com\/portal\/#\/schema\/person\/a74af43dd1ab3deca45f988c717d57ac","name":"Reda\u00e7\u00e3o","image":{"@type":"ImageObject","inLanguage":"pt-BR","@id":"https:\/\/noticiaempauta.com\/portal\/#\/schema\/person\/image\/","url":"https:\/\/secure.gravatar.com\/avatar\/03179346ecce6cdfc13361603e8f54242a90e5cde8618fa23c5c00aa2b0aadf3?s=96&d=mm&r=g","contentUrl":"https:\/\/secure.gravatar.com\/avatar\/03179346ecce6cdfc13361603e8f54242a90e5cde8618fa23c5c00aa2b0aadf3?s=96&d=mm&r=g","caption":"Reda\u00e7\u00e3o"},"sameAs":["https:\/\/noticiaempauta.com\/portal\/"],"url":"https:\/\/noticiaempauta.com\/portal\/author\/fernando\/"}]}},"_links":{"self":[{"href":"https:\/\/noticiaempauta.com\/portal\/wp-json\/wp\/v2\/posts\/259179","targetHints":{"allow":["GET"]}}],"collection":[{"href":"https:\/\/noticiaempauta.com\/portal\/wp-json\/wp\/v2\/posts"}],"about":[{"href":"https:\/\/noticiaempauta.com\/portal\/wp-json\/wp\/v2\/types\/post"}],"author":[{"embeddable":true,"href":"https:\/\/noticiaempauta.com\/portal\/wp-json\/wp\/v2\/users\/2"}],"replies":[{"embeddable":true,"href":"https:\/\/noticiaempauta.com\/portal\/wp-json\/wp\/v2\/comments?post=259179"}],"version-history":[{"count":2,"href":"https:\/\/noticiaempauta.com\/portal\/wp-json\/wp\/v2\/posts\/259179\/revisions"}],"predecessor-version":[{"id":259181,"href":"https:\/\/noticiaempauta.com\/portal\/wp-json\/wp\/v2\/posts\/259179\/revisions\/259181"}],"wp:featuredmedia":[{"embeddable":true,"href":"https:\/\/noticiaempauta.com\/portal\/wp-json\/wp\/v2\/media\/242639"}],"wp:attachment":[{"href":"https:\/\/noticiaempauta.com\/portal\/wp-json\/wp\/v2\/media?parent=259179"}],"wp:term":[{"taxonomy":"category","embeddable":true,"href":"https:\/\/noticiaempauta.com\/portal\/wp-json\/wp\/v2\/categories?post=259179"},{"taxonomy":"post_tag","embeddable":true,"href":"https:\/\/noticiaempauta.com\/portal\/wp-json\/wp\/v2\/tags?post=259179"}],"curies":[{"name":"wp","href":"https:\/\/api.w.org\/{rel}","templated":true}]}}