{"id":259183,"date":"2024-06-26T12:25:03","date_gmt":"2024-06-26T15:25:03","guid":{"rendered":"https:\/\/noticiaempauta.com\/portal\/?p=259183"},"modified":"2024-06-26T12:25:05","modified_gmt":"2024-06-26T15:25:05","slug":"no-aniversario-de-189-anos-da-pm-rafael-anuncia-convocacao-de-mil-aprovados-no-concurso-ate-2025","status":"publish","type":"post","link":"https:\/\/noticiaempauta.com\/portal\/no-aniversario-de-189-anos-da-pm-rafael-anuncia-convocacao-de-mil-aprovados-no-concurso-ate-2025\/","title":{"rendered":"No anivers\u00e1rio de 189 anos da PM, Rafael anuncia convoca\u00e7\u00e3o de mil aprovados no concurso at\u00e9 2025"},"content":{"rendered":"\n<p>O governador Rafael Fonteles participou, nesta ter\u00e7a-feira (25), da solenidade que marcou os 189 anos da Pol\u00edcia Militar do Piau\u00ed. No ato, ocorreu a promo\u00e7\u00e3o de 736 policiais, conforme autoriza\u00e7\u00e3o do chefe do Executivo Estadual. Fonteles anunciou refor\u00e7o do efetivo da corpora\u00e7\u00e3o, com a convoca\u00e7\u00e3o de mil candidatos aprovados no \u00faltimo concurso da PM, para iniciarem a forma\u00e7\u00e3o.<\/p>\n\n\n\n<figure class=\"wp-block-image size-full\"><img fetchpriority=\"high\" decoding=\"async\" width=\"1000\" height=\"667\" src=\"https:\/\/noticiaempauta.com\/portal\/wp-content\/uploads\/2024\/06\/large_aniversario_da_pm_22_a100c04d4d.jpg\" alt=\"\" class=\"wp-image-259189\" srcset=\"https:\/\/noticiaempauta.com\/portal\/wp-content\/uploads\/2024\/06\/large_aniversario_da_pm_22_a100c04d4d.jpg 1000w, https:\/\/noticiaempauta.com\/portal\/wp-content\/uploads\/2024\/06\/large_aniversario_da_pm_22_a100c04d4d-300x200.jpg 300w, https:\/\/noticiaempauta.com\/portal\/wp-content\/uploads\/2024\/06\/large_aniversario_da_pm_22_a100c04d4d-768x512.jpg 768w\" sizes=\"(max-width: 1000px) 100vw, 1000px\" \/><\/figure>\n\n\n\n<p>A ideia do governador \u00e9 convocar 500 aprovados para o curso de forma\u00e7\u00e3o, ainda no segundo semestre deste ano. Outros 500 candidatos devem iniciar o curso em 2025. A Assembleia Legislativa aprovou a lei autorizando a corre\u00e7\u00e3o das reda\u00e7\u00f5es dos candidatos n\u00e3o classificados no \u00faltimo concurso.<\/p>\n\n\n\n<figure class=\"wp-block-image size-full\"><img decoding=\"async\" width=\"1000\" height=\"667\" src=\"https:\/\/noticiaempauta.com\/portal\/wp-content\/uploads\/2024\/06\/large_Whats_App_Image_2024_06_26_at_08_34_39_b4fafc70fe.jpeg\" alt=\"\" class=\"wp-image-259190\" srcset=\"https:\/\/noticiaempauta.com\/portal\/wp-content\/uploads\/2024\/06\/large_Whats_App_Image_2024_06_26_at_08_34_39_b4fafc70fe.jpeg 1000w, https:\/\/noticiaempauta.com\/portal\/wp-content\/uploads\/2024\/06\/large_Whats_App_Image_2024_06_26_at_08_34_39_b4fafc70fe-300x200.jpeg 300w, https:\/\/noticiaempauta.com\/portal\/wp-content\/uploads\/2024\/06\/large_Whats_App_Image_2024_06_26_at_08_34_39_b4fafc70fe-768x512.jpeg 768w\" sizes=\"(max-width: 1000px) 100vw, 1000px\" \/><\/figure>\n\n\n\n<p>\u201cQuando encerrar esse chamamento, a gente far\u00e1 novo concurso da Pol\u00edcia Militar, assim como j\u00e1 foi anunciado o concurso da Pol\u00edcia Civil para o pr\u00f3ximo ano. E tanto o concurso da Pol\u00edcia Penal e dos Bombeiros seguem em andamento com 400 vagas cada um\u201d, ressaltou Fonteles.<\/p>\n\n\n\n<figure class=\"wp-block-image size-full\"><img decoding=\"async\" width=\"1000\" height=\"667\" src=\"https:\/\/noticiaempauta.com\/portal\/wp-content\/uploads\/2024\/06\/large_Whats_App_Image_2024_06_26_at_08_34_38_2_8fa8b9bf00.jpeg\" alt=\"\" class=\"wp-image-259188\" srcset=\"https:\/\/noticiaempauta.com\/portal\/wp-content\/uploads\/2024\/06\/large_Whats_App_Image_2024_06_26_at_08_34_38_2_8fa8b9bf00.jpeg 1000w, https:\/\/noticiaempauta.com\/portal\/wp-content\/uploads\/2024\/06\/large_Whats_App_Image_2024_06_26_at_08_34_38_2_8fa8b9bf00-300x200.jpeg 300w, https:\/\/noticiaempauta.com\/portal\/wp-content\/uploads\/2024\/06\/large_Whats_App_Image_2024_06_26_at_08_34_38_2_8fa8b9bf00-768x512.jpeg 768w\" sizes=\"(max-width: 1000px) 100vw, 1000px\" \/><\/figure>\n\n\n\n<p>No discurso, Rafael citou que a pol\u00edcia do Piau\u00ed \u00e9 a menos letal do Brasil e que, ao mesmo tempo, consegue manter o menor indicador de homic\u00eddios entre os estados no Norte e Nordeste do pa\u00eds. O governador reconheceu o importante papel da PM para a seguran\u00e7a p\u00fablica do estado e destacou as promo\u00e7\u00f5es como reconhecimento e valoriza\u00e7\u00e3o da tropa.<\/p>\n\n\n\n<p>\u201cDiversos policiais militares alcan\u00e7aram a posi\u00e7\u00e3o nova a partir da antiguidade ou do merecimento e, portanto, \u00e9 mais um compromisso nosso em fortalecer as for\u00e7as de seguran\u00e7a do Estado do Piau\u00ed, para promover a paz social, que \u00e9 uma prioridade absoluta do povo do Piau\u00ed e do Brasil\u201d, acrescentou o governador.<\/p>\n\n\n\n<figure class=\"wp-block-image size-full\"><img loading=\"lazy\" decoding=\"async\" width=\"1000\" height=\"736\" src=\"https:\/\/noticiaempauta.com\/portal\/wp-content\/uploads\/2024\/06\/large_Whats_App_Image_2024_06_26_at_08_34_49_1_892e9ad4a7.jpeg\" alt=\"\" class=\"wp-image-259187\" srcset=\"https:\/\/noticiaempauta.com\/portal\/wp-content\/uploads\/2024\/06\/large_Whats_App_Image_2024_06_26_at_08_34_49_1_892e9ad4a7.jpeg 1000w, https:\/\/noticiaempauta.com\/portal\/wp-content\/uploads\/2024\/06\/large_Whats_App_Image_2024_06_26_at_08_34_49_1_892e9ad4a7-300x221.jpeg 300w, https:\/\/noticiaempauta.com\/portal\/wp-content\/uploads\/2024\/06\/large_Whats_App_Image_2024_06_26_at_08_34_49_1_892e9ad4a7-768x565.jpeg 768w\" sizes=\"(max-width: 1000px) 100vw, 1000px\" \/><\/figure>\n\n\n\n<p>Desde o in\u00edcio da gest\u00e3o, em 2023, Rafael incorporou 1.450 novos policiais \u00e0 PM-PI. Neste mesmo per\u00edodo, segundo dados divulgados pelo comando da corpora\u00e7\u00e3o, foram investidos mais de R$ 50 milh\u00f5es em radiocomunica\u00e7\u00e3o. A frota de viaturas dobrou em quantidade e foram aplicados mais de R$ 8 milh\u00f5es em capacita\u00e7\u00e3o de policiais, dentro e fora do estado e at\u00e9 no exterior.<\/p>\n\n\n\n<figure class=\"wp-block-image size-full\"><img loading=\"lazy\" decoding=\"async\" width=\"1000\" height=\"667\" src=\"https:\/\/noticiaempauta.com\/portal\/wp-content\/uploads\/2024\/06\/large_Whats_App_Image_2024_06_26_at_08_34_39_2_17d0353855.jpeg\" alt=\"\" class=\"wp-image-259186\" srcset=\"https:\/\/noticiaempauta.com\/portal\/wp-content\/uploads\/2024\/06\/large_Whats_App_Image_2024_06_26_at_08_34_39_2_17d0353855.jpeg 1000w, https:\/\/noticiaempauta.com\/portal\/wp-content\/uploads\/2024\/06\/large_Whats_App_Image_2024_06_26_at_08_34_39_2_17d0353855-300x200.jpeg 300w, https:\/\/noticiaempauta.com\/portal\/wp-content\/uploads\/2024\/06\/large_Whats_App_Image_2024_06_26_at_08_34_39_2_17d0353855-768x512.jpeg 768w\" sizes=\"(max-width: 1000px) 100vw, 1000px\" \/><\/figure>\n\n\n\n<p>\u201c\u00c9 isso que a gente est\u00e1 fazendo: modernizando com tecnologia, com inova\u00e7\u00f5es, com leis novas, com equipamentos, com intelig\u00eancia, aumentando a efici\u00eancia e reduzindo a letalidade. Sempre investir em capacita\u00e7\u00e3o, em valoriza\u00e7\u00e3o do homem e da mulher, enfim, \u00e9 o que o Governo do Piau\u00ed tem feito\u201d, considerou\u00a0<em><em>Scheiwann<\/em><\/em>\u00a0Lopes, comandante-geral da PM-PI.<\/p>\n\n\n\n<p>Na solenidade, a PM-PI homenageou 179 personalidades civis e militares que contribuem com o trabalho da corpora\u00e7\u00e3o.<\/p>\n\n\n\n<figure class=\"wp-block-image size-full\"><img loading=\"lazy\" decoding=\"async\" width=\"1000\" height=\"667\" src=\"https:\/\/noticiaempauta.com\/portal\/wp-content\/uploads\/2024\/06\/large_aniversario_da_pm_7_0db510a103.jpg\" alt=\"\" class=\"wp-image-259185\" srcset=\"https:\/\/noticiaempauta.com\/portal\/wp-content\/uploads\/2024\/06\/large_aniversario_da_pm_7_0db510a103.jpg 1000w, https:\/\/noticiaempauta.com\/portal\/wp-content\/uploads\/2024\/06\/large_aniversario_da_pm_7_0db510a103-300x200.jpg 300w, https:\/\/noticiaempauta.com\/portal\/wp-content\/uploads\/2024\/06\/large_aniversario_da_pm_7_0db510a103-768x512.jpg 768w\" sizes=\"(max-width: 1000px) 100vw, 1000px\" \/><\/figure>\n\n\n\n<p>Entre os agraciados, destaca-se Feliphe Ara\u00fajo, presidente da Ag\u00eancia de Fomento e Desenvolvimento do Piau\u00ed (Badespi) e auditor fiscal da Secretaria da Fazenda (Sefaz). O gestor tem desempenhado um papel crucial no desenvolvimento econ\u00f4mico e institucional do Piau\u00ed. Nos \u00faltimos anos, a ag\u00eancia de fomento implementou projetos e iniciativas que fomentaram o crescimento econ\u00f4mico local, apoiando pequenos e m\u00e9dios empreendedores e promovendo a inova\u00e7\u00e3o no setor p\u00fablico e privado.\u00a0<\/p>\n\n\n\n<figure class=\"wp-block-image size-full\"><img loading=\"lazy\" decoding=\"async\" width=\"1000\" height=\"667\" src=\"https:\/\/noticiaempauta.com\/portal\/wp-content\/uploads\/2024\/06\/large_Whats_App_Image_2024_06_25_at_20_48_19_999e3c788c.jpeg\" alt=\"\" class=\"wp-image-259184\" srcset=\"https:\/\/noticiaempauta.com\/portal\/wp-content\/uploads\/2024\/06\/large_Whats_App_Image_2024_06_25_at_20_48_19_999e3c788c.jpeg 1000w, https:\/\/noticiaempauta.com\/portal\/wp-content\/uploads\/2024\/06\/large_Whats_App_Image_2024_06_25_at_20_48_19_999e3c788c-300x200.jpeg 300w, https:\/\/noticiaempauta.com\/portal\/wp-content\/uploads\/2024\/06\/large_Whats_App_Image_2024_06_25_at_20_48_19_999e3c788c-768x512.jpeg 768w\" sizes=\"(max-width: 1000px) 100vw, 1000px\" \/><\/figure>\n\n\n\n<p>&#8220;Receber esta medalha \u00e9 uma honra imensa e um incentivo para continuar trabalhando pelo crescimento e pela seguran\u00e7a do nosso estado. Dedico esta homenagem a todos os profissionais da Badespi, que diariamente contribuem para um Piau\u00ed melhor&#8221;, disse o gestor.<\/p>\n\n\n\n<p>CCOM-PI<\/p>\n","protected":false},"excerpt":{"rendered":"<p>O governador Rafael Fonteles participou, nesta ter\u00e7a-feira (25), da solenidade que marcou os 189 anos da Pol\u00edcia Militar do Piau\u00ed. No ato, ocorreu a promo\u00e7\u00e3o de 736 policiais, conforme autoriza\u00e7\u00e3o do chefe do Executivo Estadual. Fonteles anunciou refor\u00e7o do efetivo da corpora\u00e7\u00e3o, com a convoca\u00e7\u00e3o de mil candidatos aprovados no \u00faltimo concurso da PM, para [&hellip;]<\/p>\n","protected":false},"author":2,"featured_media":259190,"comment_status":"open","ping_status":"open","sticky":false,"template":"","format":"standard","meta":{"_mi_skip_tracking":false,"footnotes":""},"categories":[25,1,137,16],"tags":[192],"class_list":["post-259183","post","type-post","status-publish","format-standard","has-post-thumbnail","hentry","category-destaques-site","category-geral","category-policia","category-todas","tag-destaqueprincipal"],"acf":[],"yoast_head":"<!-- This site is optimized with the Yoast SEO Premium plugin v19.2 (Yoast SEO v26.9) - https:\/\/yoast.com\/product\/yoast-seo-premium-wordpress\/ -->\n<title>No anivers\u00e1rio de 189 anos da PM, Rafael anuncia convoca\u00e7\u00e3o de mil aprovados no concurso at\u00e9 2025 - Portal Not\u00edcia em Pauta<\/title>\n<meta name=\"robots\" content=\"index, follow, max-snippet:-1, max-image-preview:large, max-video-preview:-1\" \/>\n<link rel=\"canonical\" href=\"https:\/\/noticiaempauta.com\/portal\/no-aniversario-de-189-anos-da-pm-rafael-anuncia-convocacao-de-mil-aprovados-no-concurso-ate-2025\/\" \/>\n<meta property=\"og:locale\" content=\"pt_BR\" \/>\n<meta property=\"og:type\" content=\"article\" \/>\n<meta property=\"og:title\" content=\"No anivers\u00e1rio de 189 anos da PM, Rafael anuncia convoca\u00e7\u00e3o de mil aprovados no concurso at\u00e9 2025\" \/>\n<meta property=\"og:description\" content=\"O governador Rafael Fonteles participou, nesta ter\u00e7a-feira (25), da solenidade que marcou os 189 anos da Pol\u00edcia Militar do Piau\u00ed. No ato, ocorreu a promo\u00e7\u00e3o de 736 policiais, conforme autoriza\u00e7\u00e3o do chefe do Executivo Estadual. Fonteles anunciou refor\u00e7o do efetivo da corpora\u00e7\u00e3o, com a convoca\u00e7\u00e3o de mil candidatos aprovados no \u00faltimo concurso da PM, para [&hellip;]\" \/>\n<meta property=\"og:url\" content=\"https:\/\/noticiaempauta.com\/portal\/no-aniversario-de-189-anos-da-pm-rafael-anuncia-convocacao-de-mil-aprovados-no-concurso-ate-2025\/\" \/>\n<meta property=\"og:site_name\" content=\"Portal Not\u00edcia em Pauta\" \/>\n<meta property=\"article:publisher\" content=\"https:\/\/www.facebook.com\/Portal-Notcia-Em-Pauta-102292869264820\/\" \/>\n<meta property=\"article:published_time\" content=\"2024-06-26T15:25:03+00:00\" \/>\n<meta property=\"article:modified_time\" content=\"2024-06-26T15:25:05+00:00\" \/>\n<meta property=\"og:image\" content=\"https:\/\/noticiaempauta.com\/portal\/wp-content\/uploads\/2024\/06\/large_Whats_App_Image_2024_06_26_at_08_34_39_b4fafc70fe.jpeg\" \/>\n\t<meta property=\"og:image:width\" content=\"1000\" \/>\n\t<meta property=\"og:image:height\" content=\"667\" \/>\n\t<meta property=\"og:image:type\" content=\"image\/jpeg\" \/>\n<meta name=\"author\" content=\"Reda\u00e7\u00e3o\" \/>\n<meta name=\"twitter:card\" content=\"summary_large_image\" \/>\n<meta name=\"twitter:label1\" content=\"Escrito por\" \/>\n\t<meta name=\"twitter:data1\" content=\"Reda\u00e7\u00e3o\" \/>\n\t<meta name=\"twitter:label2\" content=\"Est. tempo de leitura\" \/>\n\t<meta name=\"twitter:data2\" content=\"5 minutos\" \/>\n<script type=\"application\/ld+json\" class=\"yoast-schema-graph\">{\"@context\":\"https:\/\/schema.org\",\"@graph\":[{\"@type\":\"Article\",\"@id\":\"https:\/\/noticiaempauta.com\/portal\/no-aniversario-de-189-anos-da-pm-rafael-anuncia-convocacao-de-mil-aprovados-no-concurso-ate-2025\/#article\",\"isPartOf\":{\"@id\":\"https:\/\/noticiaempauta.com\/portal\/no-aniversario-de-189-anos-da-pm-rafael-anuncia-convocacao-de-mil-aprovados-no-concurso-ate-2025\/\"},\"author\":{\"name\":\"Reda\u00e7\u00e3o\",\"@id\":\"https:\/\/noticiaempauta.com\/portal\/#\/schema\/person\/a74af43dd1ab3deca45f988c717d57ac\"},\"headline\":\"No anivers\u00e1rio de 189 anos da PM, Rafael anuncia convoca\u00e7\u00e3o de mil aprovados no concurso at\u00e9 2025\",\"datePublished\":\"2024-06-26T15:25:03+00:00\",\"dateModified\":\"2024-06-26T15:25:05+00:00\",\"mainEntityOfPage\":{\"@id\":\"https:\/\/noticiaempauta.com\/portal\/no-aniversario-de-189-anos-da-pm-rafael-anuncia-convocacao-de-mil-aprovados-no-concurso-ate-2025\/\"},\"wordCount\":549,\"commentCount\":0,\"publisher\":{\"@id\":\"https:\/\/noticiaempauta.com\/portal\/#organization\"},\"image\":{\"@id\":\"https:\/\/noticiaempauta.com\/portal\/no-aniversario-de-189-anos-da-pm-rafael-anuncia-convocacao-de-mil-aprovados-no-concurso-ate-2025\/#primaryimage\"},\"thumbnailUrl\":\"https:\/\/noticiaempauta.com\/portal\/wp-content\/uploads\/2024\/06\/large_Whats_App_Image_2024_06_26_at_08_34_39_b4fafc70fe.jpeg\",\"keywords\":[\"destaqueprincipal\"],\"articleSection\":[\"Destaques\",\"Geral\",\"Pol\u00edcia\",\"Todas as Not\u00edcias\"],\"inLanguage\":\"pt-BR\",\"potentialAction\":[{\"@type\":\"CommentAction\",\"name\":\"Comment\",\"target\":[\"https:\/\/noticiaempauta.com\/portal\/no-aniversario-de-189-anos-da-pm-rafael-anuncia-convocacao-de-mil-aprovados-no-concurso-ate-2025\/#respond\"]}]},{\"@type\":\"WebPage\",\"@id\":\"https:\/\/noticiaempauta.com\/portal\/no-aniversario-de-189-anos-da-pm-rafael-anuncia-convocacao-de-mil-aprovados-no-concurso-ate-2025\/\",\"url\":\"https:\/\/noticiaempauta.com\/portal\/no-aniversario-de-189-anos-da-pm-rafael-anuncia-convocacao-de-mil-aprovados-no-concurso-ate-2025\/\",\"name\":\"No anivers\u00e1rio de 189 anos da PM, Rafael anuncia convoca\u00e7\u00e3o de mil aprovados no concurso at\u00e9 2025 - Portal Not\u00edcia em Pauta\",\"isPartOf\":{\"@id\":\"https:\/\/noticiaempauta.com\/portal\/#website\"},\"primaryImageOfPage\":{\"@id\":\"https:\/\/noticiaempauta.com\/portal\/no-aniversario-de-189-anos-da-pm-rafael-anuncia-convocacao-de-mil-aprovados-no-concurso-ate-2025\/#primaryimage\"},\"image\":{\"@id\":\"https:\/\/noticiaempauta.com\/portal\/no-aniversario-de-189-anos-da-pm-rafael-anuncia-convocacao-de-mil-aprovados-no-concurso-ate-2025\/#primaryimage\"},\"thumbnailUrl\":\"https:\/\/noticiaempauta.com\/portal\/wp-content\/uploads\/2024\/06\/large_Whats_App_Image_2024_06_26_at_08_34_39_b4fafc70fe.jpeg\",\"datePublished\":\"2024-06-26T15:25:03+00:00\",\"dateModified\":\"2024-06-26T15:25:05+00:00\",\"breadcrumb\":{\"@id\":\"https:\/\/noticiaempauta.com\/portal\/no-aniversario-de-189-anos-da-pm-rafael-anuncia-convocacao-de-mil-aprovados-no-concurso-ate-2025\/#breadcrumb\"},\"inLanguage\":\"pt-BR\",\"potentialAction\":[{\"@type\":\"ReadAction\",\"target\":[\"https:\/\/noticiaempauta.com\/portal\/no-aniversario-de-189-anos-da-pm-rafael-anuncia-convocacao-de-mil-aprovados-no-concurso-ate-2025\/\"]}]},{\"@type\":\"ImageObject\",\"inLanguage\":\"pt-BR\",\"@id\":\"https:\/\/noticiaempauta.com\/portal\/no-aniversario-de-189-anos-da-pm-rafael-anuncia-convocacao-de-mil-aprovados-no-concurso-ate-2025\/#primaryimage\",\"url\":\"https:\/\/noticiaempauta.com\/portal\/wp-content\/uploads\/2024\/06\/large_Whats_App_Image_2024_06_26_at_08_34_39_b4fafc70fe.jpeg\",\"contentUrl\":\"https:\/\/noticiaempauta.com\/portal\/wp-content\/uploads\/2024\/06\/large_Whats_App_Image_2024_06_26_at_08_34_39_b4fafc70fe.jpeg\",\"width\":1000,\"height\":667},{\"@type\":\"BreadcrumbList\",\"@id\":\"https:\/\/noticiaempauta.com\/portal\/no-aniversario-de-189-anos-da-pm-rafael-anuncia-convocacao-de-mil-aprovados-no-concurso-ate-2025\/#breadcrumb\",\"itemListElement\":[{\"@type\":\"ListItem\",\"position\":1,\"name\":\"P\u00e1gina Inicial\",\"item\":\"https:\/\/noticiaempauta.com\/portal\/\"},{\"@type\":\"ListItem\",\"position\":2,\"name\":\"Destaques\",\"item\":\"https:\/\/noticiaempauta.com\/portal\/destaques-site\/\"},{\"@type\":\"ListItem\",\"position\":3,\"name\":\"No anivers\u00e1rio de 189 anos da PM, Rafael anuncia convoca\u00e7\u00e3o de mil aprovados no concurso at\u00e9 2025\"}]},{\"@type\":\"WebSite\",\"@id\":\"https:\/\/noticiaempauta.com\/portal\/#website\",\"url\":\"https:\/\/noticiaempauta.com\/portal\/\",\"name\":\"Portal Not\u00edcia em Pauta\",\"description\":\"Voc\u00ea bem informado\",\"publisher\":{\"@id\":\"https:\/\/noticiaempauta.com\/portal\/#organization\"},\"potentialAction\":[{\"@type\":\"SearchAction\",\"target\":{\"@type\":\"EntryPoint\",\"urlTemplate\":\"https:\/\/noticiaempauta.com\/portal\/?s={search_term_string}\"},\"query-input\":{\"@type\":\"PropertyValueSpecification\",\"valueRequired\":true,\"valueName\":\"search_term_string\"}}],\"inLanguage\":\"pt-BR\"},{\"@type\":\"Organization\",\"@id\":\"https:\/\/noticiaempauta.com\/portal\/#organization\",\"name\":\"Portal Not\u00edcia em Pauta\",\"url\":\"https:\/\/noticiaempauta.com\/portal\/\",\"logo\":{\"@type\":\"ImageObject\",\"inLanguage\":\"pt-BR\",\"@id\":\"https:\/\/noticiaempauta.com\/portal\/#\/schema\/logo\/image\/\",\"url\":\"https:\/\/noticiaempauta.com\/portal\/wp-content\/uploads\/2022\/08\/logomarca_tema.fw_.png\",\"contentUrl\":\"https:\/\/noticiaempauta.com\/portal\/wp-content\/uploads\/2022\/08\/logomarca_tema.fw_.png\",\"width\":400,\"height\":232,\"caption\":\"Portal Not\u00edcia em Pauta\"},\"image\":{\"@id\":\"https:\/\/noticiaempauta.com\/portal\/#\/schema\/logo\/image\/\"},\"sameAs\":[\"https:\/\/www.facebook.com\/Portal-Notcia-Em-Pauta-102292869264820\/\",\"https:\/\/www.instagram.com\/portalnoticiaempauta\/\"]},{\"@type\":\"Person\",\"@id\":\"https:\/\/noticiaempauta.com\/portal\/#\/schema\/person\/a74af43dd1ab3deca45f988c717d57ac\",\"name\":\"Reda\u00e7\u00e3o\",\"image\":{\"@type\":\"ImageObject\",\"inLanguage\":\"pt-BR\",\"@id\":\"https:\/\/noticiaempauta.com\/portal\/#\/schema\/person\/image\/\",\"url\":\"https:\/\/secure.gravatar.com\/avatar\/03179346ecce6cdfc13361603e8f54242a90e5cde8618fa23c5c00aa2b0aadf3?s=96&d=mm&r=g\",\"contentUrl\":\"https:\/\/secure.gravatar.com\/avatar\/03179346ecce6cdfc13361603e8f54242a90e5cde8618fa23c5c00aa2b0aadf3?s=96&d=mm&r=g\",\"caption\":\"Reda\u00e7\u00e3o\"},\"sameAs\":[\"https:\/\/noticiaempauta.com\/portal\/\"],\"url\":\"https:\/\/noticiaempauta.com\/portal\/author\/fernando\/\"}]}<\/script>\n<!-- \/ Yoast SEO Premium plugin. -->","yoast_head_json":{"title":"No anivers\u00e1rio de 189 anos da PM, Rafael anuncia convoca\u00e7\u00e3o de mil aprovados no concurso at\u00e9 2025 - Portal Not\u00edcia em Pauta","robots":{"index":"index","follow":"follow","max-snippet":"max-snippet:-1","max-image-preview":"max-image-preview:large","max-video-preview":"max-video-preview:-1"},"canonical":"https:\/\/noticiaempauta.com\/portal\/no-aniversario-de-189-anos-da-pm-rafael-anuncia-convocacao-de-mil-aprovados-no-concurso-ate-2025\/","og_locale":"pt_BR","og_type":"article","og_title":"No anivers\u00e1rio de 189 anos da PM, Rafael anuncia convoca\u00e7\u00e3o de mil aprovados no concurso at\u00e9 2025","og_description":"O governador Rafael Fonteles participou, nesta ter\u00e7a-feira (25), da solenidade que marcou os 189 anos da Pol\u00edcia Militar do Piau\u00ed. No ato, ocorreu a promo\u00e7\u00e3o de 736 policiais, conforme autoriza\u00e7\u00e3o do chefe do Executivo Estadual. Fonteles anunciou refor\u00e7o do efetivo da corpora\u00e7\u00e3o, com a convoca\u00e7\u00e3o de mil candidatos aprovados no \u00faltimo concurso da PM, para [&hellip;]","og_url":"https:\/\/noticiaempauta.com\/portal\/no-aniversario-de-189-anos-da-pm-rafael-anuncia-convocacao-de-mil-aprovados-no-concurso-ate-2025\/","og_site_name":"Portal Not\u00edcia em Pauta","article_publisher":"https:\/\/www.facebook.com\/Portal-Notcia-Em-Pauta-102292869264820\/","article_published_time":"2024-06-26T15:25:03+00:00","article_modified_time":"2024-06-26T15:25:05+00:00","og_image":[{"width":1000,"height":667,"url":"https:\/\/noticiaempauta.com\/portal\/wp-content\/uploads\/2024\/06\/large_Whats_App_Image_2024_06_26_at_08_34_39_b4fafc70fe.jpeg","type":"image\/jpeg"}],"author":"Reda\u00e7\u00e3o","twitter_card":"summary_large_image","twitter_misc":{"Escrito por":"Reda\u00e7\u00e3o","Est. tempo de leitura":"5 minutos"},"schema":{"@context":"https:\/\/schema.org","@graph":[{"@type":"Article","@id":"https:\/\/noticiaempauta.com\/portal\/no-aniversario-de-189-anos-da-pm-rafael-anuncia-convocacao-de-mil-aprovados-no-concurso-ate-2025\/#article","isPartOf":{"@id":"https:\/\/noticiaempauta.com\/portal\/no-aniversario-de-189-anos-da-pm-rafael-anuncia-convocacao-de-mil-aprovados-no-concurso-ate-2025\/"},"author":{"name":"Reda\u00e7\u00e3o","@id":"https:\/\/noticiaempauta.com\/portal\/#\/schema\/person\/a74af43dd1ab3deca45f988c717d57ac"},"headline":"No anivers\u00e1rio de 189 anos da PM, Rafael anuncia convoca\u00e7\u00e3o de mil aprovados no concurso at\u00e9 2025","datePublished":"2024-06-26T15:25:03+00:00","dateModified":"2024-06-26T15:25:05+00:00","mainEntityOfPage":{"@id":"https:\/\/noticiaempauta.com\/portal\/no-aniversario-de-189-anos-da-pm-rafael-anuncia-convocacao-de-mil-aprovados-no-concurso-ate-2025\/"},"wordCount":549,"commentCount":0,"publisher":{"@id":"https:\/\/noticiaempauta.com\/portal\/#organization"},"image":{"@id":"https:\/\/noticiaempauta.com\/portal\/no-aniversario-de-189-anos-da-pm-rafael-anuncia-convocacao-de-mil-aprovados-no-concurso-ate-2025\/#primaryimage"},"thumbnailUrl":"https:\/\/noticiaempauta.com\/portal\/wp-content\/uploads\/2024\/06\/large_Whats_App_Image_2024_06_26_at_08_34_39_b4fafc70fe.jpeg","keywords":["destaqueprincipal"],"articleSection":["Destaques","Geral","Pol\u00edcia","Todas as Not\u00edcias"],"inLanguage":"pt-BR","potentialAction":[{"@type":"CommentAction","name":"Comment","target":["https:\/\/noticiaempauta.com\/portal\/no-aniversario-de-189-anos-da-pm-rafael-anuncia-convocacao-de-mil-aprovados-no-concurso-ate-2025\/#respond"]}]},{"@type":"WebPage","@id":"https:\/\/noticiaempauta.com\/portal\/no-aniversario-de-189-anos-da-pm-rafael-anuncia-convocacao-de-mil-aprovados-no-concurso-ate-2025\/","url":"https:\/\/noticiaempauta.com\/portal\/no-aniversario-de-189-anos-da-pm-rafael-anuncia-convocacao-de-mil-aprovados-no-concurso-ate-2025\/","name":"No anivers\u00e1rio de 189 anos da PM, Rafael anuncia convoca\u00e7\u00e3o de mil aprovados no concurso at\u00e9 2025 - Portal Not\u00edcia em Pauta","isPartOf":{"@id":"https:\/\/noticiaempauta.com\/portal\/#website"},"primaryImageOfPage":{"@id":"https:\/\/noticiaempauta.com\/portal\/no-aniversario-de-189-anos-da-pm-rafael-anuncia-convocacao-de-mil-aprovados-no-concurso-ate-2025\/#primaryimage"},"image":{"@id":"https:\/\/noticiaempauta.com\/portal\/no-aniversario-de-189-anos-da-pm-rafael-anuncia-convocacao-de-mil-aprovados-no-concurso-ate-2025\/#primaryimage"},"thumbnailUrl":"https:\/\/noticiaempauta.com\/portal\/wp-content\/uploads\/2024\/06\/large_Whats_App_Image_2024_06_26_at_08_34_39_b4fafc70fe.jpeg","datePublished":"2024-06-26T15:25:03+00:00","dateModified":"2024-06-26T15:25:05+00:00","breadcrumb":{"@id":"https:\/\/noticiaempauta.com\/portal\/no-aniversario-de-189-anos-da-pm-rafael-anuncia-convocacao-de-mil-aprovados-no-concurso-ate-2025\/#breadcrumb"},"inLanguage":"pt-BR","potentialAction":[{"@type":"ReadAction","target":["https:\/\/noticiaempauta.com\/portal\/no-aniversario-de-189-anos-da-pm-rafael-anuncia-convocacao-de-mil-aprovados-no-concurso-ate-2025\/"]}]},{"@type":"ImageObject","inLanguage":"pt-BR","@id":"https:\/\/noticiaempauta.com\/portal\/no-aniversario-de-189-anos-da-pm-rafael-anuncia-convocacao-de-mil-aprovados-no-concurso-ate-2025\/#primaryimage","url":"https:\/\/noticiaempauta.com\/portal\/wp-content\/uploads\/2024\/06\/large_Whats_App_Image_2024_06_26_at_08_34_39_b4fafc70fe.jpeg","contentUrl":"https:\/\/noticiaempauta.com\/portal\/wp-content\/uploads\/2024\/06\/large_Whats_App_Image_2024_06_26_at_08_34_39_b4fafc70fe.jpeg","width":1000,"height":667},{"@type":"BreadcrumbList","@id":"https:\/\/noticiaempauta.com\/portal\/no-aniversario-de-189-anos-da-pm-rafael-anuncia-convocacao-de-mil-aprovados-no-concurso-ate-2025\/#breadcrumb","itemListElement":[{"@type":"ListItem","position":1,"name":"P\u00e1gina Inicial","item":"https:\/\/noticiaempauta.com\/portal\/"},{"@type":"ListItem","position":2,"name":"Destaques","item":"https:\/\/noticiaempauta.com\/portal\/destaques-site\/"},{"@type":"ListItem","position":3,"name":"No anivers\u00e1rio de 189 anos da PM, Rafael anuncia convoca\u00e7\u00e3o de mil aprovados no concurso at\u00e9 2025"}]},{"@type":"WebSite","@id":"https:\/\/noticiaempauta.com\/portal\/#website","url":"https:\/\/noticiaempauta.com\/portal\/","name":"Portal Not\u00edcia em Pauta","description":"Voc\u00ea bem informado","publisher":{"@id":"https:\/\/noticiaempauta.com\/portal\/#organization"},"potentialAction":[{"@type":"SearchAction","target":{"@type":"EntryPoint","urlTemplate":"https:\/\/noticiaempauta.com\/portal\/?s={search_term_string}"},"query-input":{"@type":"PropertyValueSpecification","valueRequired":true,"valueName":"search_term_string"}}],"inLanguage":"pt-BR"},{"@type":"Organization","@id":"https:\/\/noticiaempauta.com\/portal\/#organization","name":"Portal Not\u00edcia em Pauta","url":"https:\/\/noticiaempauta.com\/portal\/","logo":{"@type":"ImageObject","inLanguage":"pt-BR","@id":"https:\/\/noticiaempauta.com\/portal\/#\/schema\/logo\/image\/","url":"https:\/\/noticiaempauta.com\/portal\/wp-content\/uploads\/2022\/08\/logomarca_tema.fw_.png","contentUrl":"https:\/\/noticiaempauta.com\/portal\/wp-content\/uploads\/2022\/08\/logomarca_tema.fw_.png","width":400,"height":232,"caption":"Portal Not\u00edcia em Pauta"},"image":{"@id":"https:\/\/noticiaempauta.com\/portal\/#\/schema\/logo\/image\/"},"sameAs":["https:\/\/www.facebook.com\/Portal-Notcia-Em-Pauta-102292869264820\/","https:\/\/www.instagram.com\/portalnoticiaempauta\/"]},{"@type":"Person","@id":"https:\/\/noticiaempauta.com\/portal\/#\/schema\/person\/a74af43dd1ab3deca45f988c717d57ac","name":"Reda\u00e7\u00e3o","image":{"@type":"ImageObject","inLanguage":"pt-BR","@id":"https:\/\/noticiaempauta.com\/portal\/#\/schema\/person\/image\/","url":"https:\/\/secure.gravatar.com\/avatar\/03179346ecce6cdfc13361603e8f54242a90e5cde8618fa23c5c00aa2b0aadf3?s=96&d=mm&r=g","contentUrl":"https:\/\/secure.gravatar.com\/avatar\/03179346ecce6cdfc13361603e8f54242a90e5cde8618fa23c5c00aa2b0aadf3?s=96&d=mm&r=g","caption":"Reda\u00e7\u00e3o"},"sameAs":["https:\/\/noticiaempauta.com\/portal\/"],"url":"https:\/\/noticiaempauta.com\/portal\/author\/fernando\/"}]}},"_links":{"self":[{"href":"https:\/\/noticiaempauta.com\/portal\/wp-json\/wp\/v2\/posts\/259183","targetHints":{"allow":["GET"]}}],"collection":[{"href":"https:\/\/noticiaempauta.com\/portal\/wp-json\/wp\/v2\/posts"}],"about":[{"href":"https:\/\/noticiaempauta.com\/portal\/wp-json\/wp\/v2\/types\/post"}],"author":[{"embeddable":true,"href":"https:\/\/noticiaempauta.com\/portal\/wp-json\/wp\/v2\/users\/2"}],"replies":[{"embeddable":true,"href":"https:\/\/noticiaempauta.com\/portal\/wp-json\/wp\/v2\/comments?post=259183"}],"version-history":[{"count":2,"href":"https:\/\/noticiaempauta.com\/portal\/wp-json\/wp\/v2\/posts\/259183\/revisions"}],"predecessor-version":[{"id":259192,"href":"https:\/\/noticiaempauta.com\/portal\/wp-json\/wp\/v2\/posts\/259183\/revisions\/259192"}],"wp:featuredmedia":[{"embeddable":true,"href":"https:\/\/noticiaempauta.com\/portal\/wp-json\/wp\/v2\/media\/259190"}],"wp:attachment":[{"href":"https:\/\/noticiaempauta.com\/portal\/wp-json\/wp\/v2\/media?parent=259183"}],"wp:term":[{"taxonomy":"category","embeddable":true,"href":"https:\/\/noticiaempauta.com\/portal\/wp-json\/wp\/v2\/categories?post=259183"},{"taxonomy":"post_tag","embeddable":true,"href":"https:\/\/noticiaempauta.com\/portal\/wp-json\/wp\/v2\/tags?post=259183"}],"curies":[{"name":"wp","href":"https:\/\/api.w.org\/{rel}","templated":true}]}}