{"id":259193,"date":"2024-06-26T12:30:31","date_gmt":"2024-06-26T15:30:31","guid":{"rendered":"https:\/\/noticiaempauta.com\/portal\/?p=259193"},"modified":"2024-06-26T12:30:32","modified_gmt":"2024-06-26T15:30:32","slug":"pesquisa-instituto-opinar-pablo-santos-53-e-gil-paraibano-4150","status":"publish","type":"post","link":"https:\/\/noticiaempauta.com\/portal\/pesquisa-instituto-opinar-pablo-santos-53-e-gil-paraibano-4150\/","title":{"rendered":"Pesquisa Instituto Opinar: Pablo Santos 53% e Gil Paraibano 41,50%"},"content":{"rendered":"\n<p>O Instituto de Pesquisa Opinar, divulgou hoje quarta-feira (26), uma pesquisa eleitoral com intens\u00e3o de votos para prefeito de Picos, onde o pr\u00e9-candidato, deputado estadual Pablo Santos (MDB) aparece com 53% e o prefeito Gil Paraibano aparece em segundo lugar com 41,50%, j\u00e1 o pr\u00e9-candidato Cacique, aparece em terceiro lugar com 0,50%.<\/p>\n\n\n\n<p>A pesquisa foi registrada no Tribunal Superior Eleitoral (TSE) sob o n\u00famero PI-06972\/2024. O levantamento da pesquisa ocorreu entre os dias 18 e 19 do m\u00eas de junho, onde ouviu 400 eleitores entre a zona urbana e rural do munic\u00edpio, com n\u00edvel de confian\u00e7a signific\u00e2ncia de 95% e margem de erro de 4,90% para mais ou para menos.<\/p>\n\n\n\n<p>A pesquisa eleitoral foi contratada pelo valor R$ 12.000,00 junto Partido Progressistas e que teve como origem do recurso o fundo partid\u00e1rio, o estat\u00edstico respons\u00e1vel \u00e9 KLEISON DE PAIVA FREITAS.<\/p>\n\n\n\n<p>No primeiro levantamento da pesquisa o sen\u00e1rio \u00e9 o seguinte:<\/p>\n\n\n\n<p><strong>ESPONT\u00c2NIA:<\/strong>&nbsp;Se elei\u00e7\u00e3o para PREFEITO fosse hoje em quem voc\u00ea votaria? Nesse quesito o deputado Pablo Santos aparece com 41,75%, o prefeito Gil Paraibano aparece com 32,75%, N\u00e3o Sabe\/N\u00e3o Respondeu 13,75%, Vacique 0,50%, Ara\u00fajo 0,25%, Pedro da Coca 0,25%, total de leitores 400 no universo de 100%.<\/p>\n\n\n\n<p><strong>NO CEN\u00c1RIO \u2013 1: ESTIMULADO<\/strong>: Se a elei\u00e7\u00e3o fosse hoje e estes fossem os candidatos em qual deles o Sr (a) votaria para prefeito aqui de PICOS? Pablo Santos aparece com 53% dos votos, Gil Paraibano aparece com 41,50%, Branco e Nulos\/Nenhum 3%, n\u00e3o sabe e n\u00e3o respondeu 2,50%.<\/p>\n\n\n\n<p><strong>NO CEN\u00c1RIO \u2013 2: ESTIMULADO:\u00a0<\/strong>Pablo Santos aparece com 52,05%, Gil Paraibano aparece com 39,75%, Cacique 3,75%, n\u00e3o sabe \/ n\u00e3o respondeu 2,50%, nenhum \/ branco ou nulo 1,50%.<\/p>\n\n\n\n<figure class=\"wp-block-image size-large\"><img fetchpriority=\"high\" decoding=\"async\" width=\"745\" height=\"1024\" src=\"https:\/\/noticiaempauta.com\/portal\/wp-content\/uploads\/2024\/06\/IMG_20240626_091105-745x1024.jpg\" alt=\"\" class=\"wp-image-259194\" srcset=\"https:\/\/noticiaempauta.com\/portal\/wp-content\/uploads\/2024\/06\/IMG_20240626_091105-745x1024.jpg 745w, https:\/\/noticiaempauta.com\/portal\/wp-content\/uploads\/2024\/06\/IMG_20240626_091105-218x300.jpg 218w, https:\/\/noticiaempauta.com\/portal\/wp-content\/uploads\/2024\/06\/IMG_20240626_091105-768x1056.jpg 768w, https:\/\/noticiaempauta.com\/portal\/wp-content\/uploads\/2024\/06\/IMG_20240626_091105.jpg 873w\" sizes=\"(max-width: 745px) 100vw, 745px\" \/><\/figure>\n\n\n\n<figure class=\"wp-block-image size-large\"><img decoding=\"async\" width=\"752\" height=\"1024\" src=\"https:\/\/noticiaempauta.com\/portal\/wp-content\/uploads\/2024\/06\/IMG_20240626_091031-752x1024.jpg\" alt=\"\" class=\"wp-image-259195\" srcset=\"https:\/\/noticiaempauta.com\/portal\/wp-content\/uploads\/2024\/06\/IMG_20240626_091031-752x1024.jpg 752w, https:\/\/noticiaempauta.com\/portal\/wp-content\/uploads\/2024\/06\/IMG_20240626_091031-220x300.jpg 220w, https:\/\/noticiaempauta.com\/portal\/wp-content\/uploads\/2024\/06\/IMG_20240626_091031-768x1046.jpg 768w, https:\/\/noticiaempauta.com\/portal\/wp-content\/uploads\/2024\/06\/IMG_20240626_091031.jpg 881w\" sizes=\"(max-width: 752px) 100vw, 752px\" \/><\/figure>\n\n\n\n<p><strong>REJEI\u00c7\u00c3O PARA PREFEITO:<\/strong><\/p>\n\n\n\n<p><strong>CEN\u00c1RIO \u2013 1: (REJEI\u00c7\u00c3O)&nbsp;<\/strong>Se a elei\u00e7\u00e3o fosse hoje e estes fossem os candidatos em qual deles o Sr (a) N\u00c3O votaria para prefeito aqui de PICOS? Gil Paraibano aparece com 44,50%, Pablo Santos 33,50%, N\u00e3o rejeito ningu\u00e9m (espont\u00e2neo) 19,50%, N\u00e3o Sabe\/N\u00e3o Respondeu(espont\u00e2neo) 2,50%.<\/p>\n\n\n\n<p><strong>CEN\u00c1RIO \u2013 1: (REJEI\u00c7\u00c3O)\u00a0<\/strong>Se a elei\u00e7\u00e3o fosse hoje e estes fossem os candidatos em qual deles o Sr (a) N\u00c3O votaria para prefeito aqui de PICOS? Gil Paraibano 34,75%, Pablo Santos 26,00%, Cacique 22,25%, N\u00e3o rejeito ningu\u00e9m (espont\u00e2neo) 15%, N\u00e3o Sabe\/N\u00e3o Respondeu(espont\u00e2neo) 2%.<\/p>\n\n\n\n<figure class=\"wp-block-image size-large\"><img decoding=\"async\" width=\"916\" height=\"1024\" src=\"https:\/\/noticiaempauta.com\/portal\/wp-content\/uploads\/2024\/06\/IMG_20240626_0900261-916x1024.jpg\" alt=\"\" class=\"wp-image-259196\" srcset=\"https:\/\/noticiaempauta.com\/portal\/wp-content\/uploads\/2024\/06\/IMG_20240626_0900261-916x1024.jpg 916w, https:\/\/noticiaempauta.com\/portal\/wp-content\/uploads\/2024\/06\/IMG_20240626_0900261-268x300.jpg 268w, https:\/\/noticiaempauta.com\/portal\/wp-content\/uploads\/2024\/06\/IMG_20240626_0900261-768x859.jpg 768w, https:\/\/noticiaempauta.com\/portal\/wp-content\/uploads\/2024\/06\/IMG_20240626_0900261.jpg 1073w\" sizes=\"(max-width: 916px) 100vw, 916px\" \/><\/figure>\n\n\n\n<p>Amostragem: aleat\u00f3ria probabil\u00edstica por estratos de sexo, escolaridade, renda do chefe da fam\u00edlia e idade. Entrevistas domiciliares e individuais nos seguintes bairros do mun\u00edcipio de PICOS &#8211; Piau\u00ed :&nbsp;<strong>ZONA URBANA&nbsp;<\/strong>(Aerol\u00e2ndia, Aroeiras do Matadouro, Belo Norte, Boa Sorte, Boa Vista, Bomba, Canto da V\u00e1rzea, Catavento, Centro, Conduru, Dner, Ipueiras, Jardim Nata, Junco, Malvinas, Morada do Sol, Paraibinha, Paroquial, Parque de Exposi\u00e7\u00e3o, Pantanal, Passagem das Pedras, Pedrinhas, S\u00e3o Jos\u00e9, Trizidela, COHAB, Morro da AABB, Morro da Macambira, S\u00e3o Vicente, Morada Nova, Ema\u00fas, Cidade de Deus, Malva),&nbsp;<strong>ZONA RURAL&nbsp;<\/strong>(Minol\u00e2ndia, Gameleira dos Rodrigues, Torr\u00f5es, Alto dos Canutos, Val Para\u00edso, Coroat\u00e1, Morrinhos, Samambaia, Lagoa Grande, Malhada Grande, Taboleiro dos Pios, Chapada Mocambo, F\u00e1tima do Piau\u00ed, Bocolor, Capit\u00e3o de Campos, Tabatiga, Lagoa do Barro, Morro do Sim\u00e3o, Saquinho, Cristovinho, UmarI).<\/p>\n\n\n\n<p><strong>Fichas t\u00e9cnicas:<\/strong><\/p>\n\n\n\n<p><strong><a href=\"https:\/\/agoraed.com\/userfiles\/files\/registro%20picos%20-%20junho%2024.pdf\">\/userfiles\/files\/registro%20picos%20-%20junho%2024.pdf<\/a><\/strong><\/p>\n\n\n\n<p><strong><a href=\"https:\/\/agoraed.com\/userfiles\/files\/Relat%C3%B3rio%20-%20ELEI%C3%87%C3%95ES%20MUNICIPAIS%20-PICOS%20-%2018%20e%2019%20de%20junho%20de%202024%20-%20DIVULGA%C3%87%C3%83O.pdf\">\/userfiles\/files\/Relat%C3%B3rio%20-%20ELEI%C3%87%C3%95ES%20MUNICIPAIS%20-PICOS%20-%2018%20e%2019%20de%20junho%20de%202024%20-%20DIVULGA%C3%87%C3%83O.pdf<\/a><\/strong><\/p>\n\n\n\n<p><strong>Fonte: Instituto de Pesquisa Opinar<\/strong><\/p>\n","protected":false},"excerpt":{"rendered":"<p>O Instituto de Pesquisa Opinar, divulgou hoje quarta-feira (26), uma pesquisa eleitoral com intens\u00e3o de votos para prefeito de Picos, onde o pr\u00e9-candidato, deputado estadual Pablo Santos (MDB) aparece com 53% e o prefeito Gil Paraibano aparece em segundo lugar com 41,50%, j\u00e1 o pr\u00e9-candidato Cacique, aparece em terceiro lugar com 0,50%. A pesquisa foi [&hellip;]<\/p>\n","protected":false},"author":2,"featured_media":259197,"comment_status":"open","ping_status":"open","sticky":false,"template":"","format":"standard","meta":{"_mi_skip_tracking":false,"footnotes":""},"categories":[25,1,3,16],"tags":[192],"class_list":["post-259193","post","type-post","status-publish","format-standard","has-post-thumbnail","hentry","category-destaques-site","category-geral","category-politica","category-todas","tag-destaqueprincipal"],"acf":[],"yoast_head":"<!-- This site is optimized with the Yoast SEO Premium plugin v19.2 (Yoast SEO v26.9) - https:\/\/yoast.com\/product\/yoast-seo-premium-wordpress\/ -->\n<title>Pesquisa Instituto Opinar: Pablo Santos 53% e Gil Paraibano 41,50% - Portal Not\u00edcia em Pauta<\/title>\n<meta name=\"robots\" content=\"index, follow, max-snippet:-1, max-image-preview:large, max-video-preview:-1\" \/>\n<link rel=\"canonical\" href=\"https:\/\/noticiaempauta.com\/portal\/pesquisa-instituto-opinar-pablo-santos-53-e-gil-paraibano-4150\/\" \/>\n<meta property=\"og:locale\" content=\"pt_BR\" \/>\n<meta property=\"og:type\" content=\"article\" \/>\n<meta property=\"og:title\" content=\"Pesquisa Instituto Opinar: Pablo Santos 53% e Gil Paraibano 41,50%\" \/>\n<meta property=\"og:description\" content=\"O Instituto de Pesquisa Opinar, divulgou hoje quarta-feira (26), uma pesquisa eleitoral com intens\u00e3o de votos para prefeito de Picos, onde o pr\u00e9-candidato, deputado estadual Pablo Santos (MDB) aparece com 53% e o prefeito Gil Paraibano aparece em segundo lugar com 41,50%, j\u00e1 o pr\u00e9-candidato Cacique, aparece em terceiro lugar com 0,50%. A pesquisa foi [&hellip;]\" \/>\n<meta property=\"og:url\" content=\"https:\/\/noticiaempauta.com\/portal\/pesquisa-instituto-opinar-pablo-santos-53-e-gil-paraibano-4150\/\" \/>\n<meta property=\"og:site_name\" content=\"Portal Not\u00edcia em Pauta\" \/>\n<meta property=\"article:publisher\" content=\"https:\/\/www.facebook.com\/Portal-Notcia-Em-Pauta-102292869264820\/\" \/>\n<meta property=\"article:published_time\" content=\"2024-06-26T15:30:31+00:00\" \/>\n<meta property=\"article:modified_time\" content=\"2024-06-26T15:30:32+00:00\" \/>\n<meta property=\"og:image\" content=\"https:\/\/noticiaempauta.com\/portal\/wp-content\/uploads\/2024\/06\/pablo-santos-e-gil-paraibano.jpg.1200x0_q95_crop.webp\" \/>\n\t<meta property=\"og:image:width\" content=\"1200\" \/>\n\t<meta property=\"og:image:height\" content=\"675\" \/>\n\t<meta property=\"og:image:type\" content=\"image\/webp\" \/>\n<meta name=\"author\" content=\"Reda\u00e7\u00e3o\" \/>\n<meta name=\"twitter:card\" content=\"summary_large_image\" \/>\n<meta name=\"twitter:label1\" content=\"Escrito por\" \/>\n\t<meta name=\"twitter:data1\" content=\"Reda\u00e7\u00e3o\" \/>\n\t<meta name=\"twitter:label2\" content=\"Est. tempo de leitura\" \/>\n\t<meta name=\"twitter:data2\" content=\"4 minutos\" \/>\n<script type=\"application\/ld+json\" class=\"yoast-schema-graph\">{\"@context\":\"https:\/\/schema.org\",\"@graph\":[{\"@type\":\"Article\",\"@id\":\"https:\/\/noticiaempauta.com\/portal\/pesquisa-instituto-opinar-pablo-santos-53-e-gil-paraibano-4150\/#article\",\"isPartOf\":{\"@id\":\"https:\/\/noticiaempauta.com\/portal\/pesquisa-instituto-opinar-pablo-santos-53-e-gil-paraibano-4150\/\"},\"author\":{\"name\":\"Reda\u00e7\u00e3o\",\"@id\":\"https:\/\/noticiaempauta.com\/portal\/#\/schema\/person\/a74af43dd1ab3deca45f988c717d57ac\"},\"headline\":\"Pesquisa Instituto Opinar: Pablo Santos 53% e Gil Paraibano 41,50%\",\"datePublished\":\"2024-06-26T15:30:31+00:00\",\"dateModified\":\"2024-06-26T15:30:32+00:00\",\"mainEntityOfPage\":{\"@id\":\"https:\/\/noticiaempauta.com\/portal\/pesquisa-instituto-opinar-pablo-santos-53-e-gil-paraibano-4150\/\"},\"wordCount\":565,\"commentCount\":0,\"publisher\":{\"@id\":\"https:\/\/noticiaempauta.com\/portal\/#organization\"},\"image\":{\"@id\":\"https:\/\/noticiaempauta.com\/portal\/pesquisa-instituto-opinar-pablo-santos-53-e-gil-paraibano-4150\/#primaryimage\"},\"thumbnailUrl\":\"https:\/\/noticiaempauta.com\/portal\/wp-content\/uploads\/2024\/06\/pablo-santos-e-gil-paraibano.jpg.1200x0_q95_crop.webp\",\"keywords\":[\"destaqueprincipal\"],\"articleSection\":[\"Destaques\",\"Geral\",\"Pol\u00edtica\",\"Todas as Not\u00edcias\"],\"inLanguage\":\"pt-BR\",\"potentialAction\":[{\"@type\":\"CommentAction\",\"name\":\"Comment\",\"target\":[\"https:\/\/noticiaempauta.com\/portal\/pesquisa-instituto-opinar-pablo-santos-53-e-gil-paraibano-4150\/#respond\"]}]},{\"@type\":\"WebPage\",\"@id\":\"https:\/\/noticiaempauta.com\/portal\/pesquisa-instituto-opinar-pablo-santos-53-e-gil-paraibano-4150\/\",\"url\":\"https:\/\/noticiaempauta.com\/portal\/pesquisa-instituto-opinar-pablo-santos-53-e-gil-paraibano-4150\/\",\"name\":\"Pesquisa Instituto Opinar: Pablo Santos 53% e Gil Paraibano 41,50% - Portal Not\u00edcia em Pauta\",\"isPartOf\":{\"@id\":\"https:\/\/noticiaempauta.com\/portal\/#website\"},\"primaryImageOfPage\":{\"@id\":\"https:\/\/noticiaempauta.com\/portal\/pesquisa-instituto-opinar-pablo-santos-53-e-gil-paraibano-4150\/#primaryimage\"},\"image\":{\"@id\":\"https:\/\/noticiaempauta.com\/portal\/pesquisa-instituto-opinar-pablo-santos-53-e-gil-paraibano-4150\/#primaryimage\"},\"thumbnailUrl\":\"https:\/\/noticiaempauta.com\/portal\/wp-content\/uploads\/2024\/06\/pablo-santos-e-gil-paraibano.jpg.1200x0_q95_crop.webp\",\"datePublished\":\"2024-06-26T15:30:31+00:00\",\"dateModified\":\"2024-06-26T15:30:32+00:00\",\"breadcrumb\":{\"@id\":\"https:\/\/noticiaempauta.com\/portal\/pesquisa-instituto-opinar-pablo-santos-53-e-gil-paraibano-4150\/#breadcrumb\"},\"inLanguage\":\"pt-BR\",\"potentialAction\":[{\"@type\":\"ReadAction\",\"target\":[\"https:\/\/noticiaempauta.com\/portal\/pesquisa-instituto-opinar-pablo-santos-53-e-gil-paraibano-4150\/\"]}]},{\"@type\":\"ImageObject\",\"inLanguage\":\"pt-BR\",\"@id\":\"https:\/\/noticiaempauta.com\/portal\/pesquisa-instituto-opinar-pablo-santos-53-e-gil-paraibano-4150\/#primaryimage\",\"url\":\"https:\/\/noticiaempauta.com\/portal\/wp-content\/uploads\/2024\/06\/pablo-santos-e-gil-paraibano.jpg.1200x0_q95_crop.webp\",\"contentUrl\":\"https:\/\/noticiaempauta.com\/portal\/wp-content\/uploads\/2024\/06\/pablo-santos-e-gil-paraibano.jpg.1200x0_q95_crop.webp\",\"width\":1200,\"height\":675,\"caption\":\"Foto: Reprodu\u00e7\u00e3o\"},{\"@type\":\"BreadcrumbList\",\"@id\":\"https:\/\/noticiaempauta.com\/portal\/pesquisa-instituto-opinar-pablo-santos-53-e-gil-paraibano-4150\/#breadcrumb\",\"itemListElement\":[{\"@type\":\"ListItem\",\"position\":1,\"name\":\"P\u00e1gina Inicial\",\"item\":\"https:\/\/noticiaempauta.com\/portal\/\"},{\"@type\":\"ListItem\",\"position\":2,\"name\":\"Destaques\",\"item\":\"https:\/\/noticiaempauta.com\/portal\/destaques-site\/\"},{\"@type\":\"ListItem\",\"position\":3,\"name\":\"Pesquisa Instituto Opinar: Pablo Santos 53% e Gil Paraibano 41,50%\"}]},{\"@type\":\"WebSite\",\"@id\":\"https:\/\/noticiaempauta.com\/portal\/#website\",\"url\":\"https:\/\/noticiaempauta.com\/portal\/\",\"name\":\"Portal Not\u00edcia em Pauta\",\"description\":\"Voc\u00ea bem informado\",\"publisher\":{\"@id\":\"https:\/\/noticiaempauta.com\/portal\/#organization\"},\"potentialAction\":[{\"@type\":\"SearchAction\",\"target\":{\"@type\":\"EntryPoint\",\"urlTemplate\":\"https:\/\/noticiaempauta.com\/portal\/?s={search_term_string}\"},\"query-input\":{\"@type\":\"PropertyValueSpecification\",\"valueRequired\":true,\"valueName\":\"search_term_string\"}}],\"inLanguage\":\"pt-BR\"},{\"@type\":\"Organization\",\"@id\":\"https:\/\/noticiaempauta.com\/portal\/#organization\",\"name\":\"Portal Not\u00edcia em Pauta\",\"url\":\"https:\/\/noticiaempauta.com\/portal\/\",\"logo\":{\"@type\":\"ImageObject\",\"inLanguage\":\"pt-BR\",\"@id\":\"https:\/\/noticiaempauta.com\/portal\/#\/schema\/logo\/image\/\",\"url\":\"https:\/\/noticiaempauta.com\/portal\/wp-content\/uploads\/2022\/08\/logomarca_tema.fw_.png\",\"contentUrl\":\"https:\/\/noticiaempauta.com\/portal\/wp-content\/uploads\/2022\/08\/logomarca_tema.fw_.png\",\"width\":400,\"height\":232,\"caption\":\"Portal Not\u00edcia em Pauta\"},\"image\":{\"@id\":\"https:\/\/noticiaempauta.com\/portal\/#\/schema\/logo\/image\/\"},\"sameAs\":[\"https:\/\/www.facebook.com\/Portal-Notcia-Em-Pauta-102292869264820\/\",\"https:\/\/www.instagram.com\/portalnoticiaempauta\/\"]},{\"@type\":\"Person\",\"@id\":\"https:\/\/noticiaempauta.com\/portal\/#\/schema\/person\/a74af43dd1ab3deca45f988c717d57ac\",\"name\":\"Reda\u00e7\u00e3o\",\"image\":{\"@type\":\"ImageObject\",\"inLanguage\":\"pt-BR\",\"@id\":\"https:\/\/noticiaempauta.com\/portal\/#\/schema\/person\/image\/\",\"url\":\"https:\/\/secure.gravatar.com\/avatar\/03179346ecce6cdfc13361603e8f54242a90e5cde8618fa23c5c00aa2b0aadf3?s=96&d=mm&r=g\",\"contentUrl\":\"https:\/\/secure.gravatar.com\/avatar\/03179346ecce6cdfc13361603e8f54242a90e5cde8618fa23c5c00aa2b0aadf3?s=96&d=mm&r=g\",\"caption\":\"Reda\u00e7\u00e3o\"},\"sameAs\":[\"https:\/\/noticiaempauta.com\/portal\/\"],\"url\":\"https:\/\/noticiaempauta.com\/portal\/author\/fernando\/\"}]}<\/script>\n<!-- \/ Yoast SEO Premium plugin. -->","yoast_head_json":{"title":"Pesquisa Instituto Opinar: Pablo Santos 53% e Gil Paraibano 41,50% - Portal Not\u00edcia em Pauta","robots":{"index":"index","follow":"follow","max-snippet":"max-snippet:-1","max-image-preview":"max-image-preview:large","max-video-preview":"max-video-preview:-1"},"canonical":"https:\/\/noticiaempauta.com\/portal\/pesquisa-instituto-opinar-pablo-santos-53-e-gil-paraibano-4150\/","og_locale":"pt_BR","og_type":"article","og_title":"Pesquisa Instituto Opinar: Pablo Santos 53% e Gil Paraibano 41,50%","og_description":"O Instituto de Pesquisa Opinar, divulgou hoje quarta-feira (26), uma pesquisa eleitoral com intens\u00e3o de votos para prefeito de Picos, onde o pr\u00e9-candidato, deputado estadual Pablo Santos (MDB) aparece com 53% e o prefeito Gil Paraibano aparece em segundo lugar com 41,50%, j\u00e1 o pr\u00e9-candidato Cacique, aparece em terceiro lugar com 0,50%. A pesquisa foi [&hellip;]","og_url":"https:\/\/noticiaempauta.com\/portal\/pesquisa-instituto-opinar-pablo-santos-53-e-gil-paraibano-4150\/","og_site_name":"Portal Not\u00edcia em Pauta","article_publisher":"https:\/\/www.facebook.com\/Portal-Notcia-Em-Pauta-102292869264820\/","article_published_time":"2024-06-26T15:30:31+00:00","article_modified_time":"2024-06-26T15:30:32+00:00","og_image":[{"width":1200,"height":675,"url":"https:\/\/noticiaempauta.com\/portal\/wp-content\/uploads\/2024\/06\/pablo-santos-e-gil-paraibano.jpg.1200x0_q95_crop.webp","type":"image\/webp"}],"author":"Reda\u00e7\u00e3o","twitter_card":"summary_large_image","twitter_misc":{"Escrito por":"Reda\u00e7\u00e3o","Est. tempo de leitura":"4 minutos"},"schema":{"@context":"https:\/\/schema.org","@graph":[{"@type":"Article","@id":"https:\/\/noticiaempauta.com\/portal\/pesquisa-instituto-opinar-pablo-santos-53-e-gil-paraibano-4150\/#article","isPartOf":{"@id":"https:\/\/noticiaempauta.com\/portal\/pesquisa-instituto-opinar-pablo-santos-53-e-gil-paraibano-4150\/"},"author":{"name":"Reda\u00e7\u00e3o","@id":"https:\/\/noticiaempauta.com\/portal\/#\/schema\/person\/a74af43dd1ab3deca45f988c717d57ac"},"headline":"Pesquisa Instituto Opinar: Pablo Santos 53% e Gil Paraibano 41,50%","datePublished":"2024-06-26T15:30:31+00:00","dateModified":"2024-06-26T15:30:32+00:00","mainEntityOfPage":{"@id":"https:\/\/noticiaempauta.com\/portal\/pesquisa-instituto-opinar-pablo-santos-53-e-gil-paraibano-4150\/"},"wordCount":565,"commentCount":0,"publisher":{"@id":"https:\/\/noticiaempauta.com\/portal\/#organization"},"image":{"@id":"https:\/\/noticiaempauta.com\/portal\/pesquisa-instituto-opinar-pablo-santos-53-e-gil-paraibano-4150\/#primaryimage"},"thumbnailUrl":"https:\/\/noticiaempauta.com\/portal\/wp-content\/uploads\/2024\/06\/pablo-santos-e-gil-paraibano.jpg.1200x0_q95_crop.webp","keywords":["destaqueprincipal"],"articleSection":["Destaques","Geral","Pol\u00edtica","Todas as Not\u00edcias"],"inLanguage":"pt-BR","potentialAction":[{"@type":"CommentAction","name":"Comment","target":["https:\/\/noticiaempauta.com\/portal\/pesquisa-instituto-opinar-pablo-santos-53-e-gil-paraibano-4150\/#respond"]}]},{"@type":"WebPage","@id":"https:\/\/noticiaempauta.com\/portal\/pesquisa-instituto-opinar-pablo-santos-53-e-gil-paraibano-4150\/","url":"https:\/\/noticiaempauta.com\/portal\/pesquisa-instituto-opinar-pablo-santos-53-e-gil-paraibano-4150\/","name":"Pesquisa Instituto Opinar: Pablo Santos 53% e Gil Paraibano 41,50% - Portal Not\u00edcia em Pauta","isPartOf":{"@id":"https:\/\/noticiaempauta.com\/portal\/#website"},"primaryImageOfPage":{"@id":"https:\/\/noticiaempauta.com\/portal\/pesquisa-instituto-opinar-pablo-santos-53-e-gil-paraibano-4150\/#primaryimage"},"image":{"@id":"https:\/\/noticiaempauta.com\/portal\/pesquisa-instituto-opinar-pablo-santos-53-e-gil-paraibano-4150\/#primaryimage"},"thumbnailUrl":"https:\/\/noticiaempauta.com\/portal\/wp-content\/uploads\/2024\/06\/pablo-santos-e-gil-paraibano.jpg.1200x0_q95_crop.webp","datePublished":"2024-06-26T15:30:31+00:00","dateModified":"2024-06-26T15:30:32+00:00","breadcrumb":{"@id":"https:\/\/noticiaempauta.com\/portal\/pesquisa-instituto-opinar-pablo-santos-53-e-gil-paraibano-4150\/#breadcrumb"},"inLanguage":"pt-BR","potentialAction":[{"@type":"ReadAction","target":["https:\/\/noticiaempauta.com\/portal\/pesquisa-instituto-opinar-pablo-santos-53-e-gil-paraibano-4150\/"]}]},{"@type":"ImageObject","inLanguage":"pt-BR","@id":"https:\/\/noticiaempauta.com\/portal\/pesquisa-instituto-opinar-pablo-santos-53-e-gil-paraibano-4150\/#primaryimage","url":"https:\/\/noticiaempauta.com\/portal\/wp-content\/uploads\/2024\/06\/pablo-santos-e-gil-paraibano.jpg.1200x0_q95_crop.webp","contentUrl":"https:\/\/noticiaempauta.com\/portal\/wp-content\/uploads\/2024\/06\/pablo-santos-e-gil-paraibano.jpg.1200x0_q95_crop.webp","width":1200,"height":675,"caption":"Foto: Reprodu\u00e7\u00e3o"},{"@type":"BreadcrumbList","@id":"https:\/\/noticiaempauta.com\/portal\/pesquisa-instituto-opinar-pablo-santos-53-e-gil-paraibano-4150\/#breadcrumb","itemListElement":[{"@type":"ListItem","position":1,"name":"P\u00e1gina Inicial","item":"https:\/\/noticiaempauta.com\/portal\/"},{"@type":"ListItem","position":2,"name":"Destaques","item":"https:\/\/noticiaempauta.com\/portal\/destaques-site\/"},{"@type":"ListItem","position":3,"name":"Pesquisa Instituto Opinar: Pablo Santos 53% e Gil Paraibano 41,50%"}]},{"@type":"WebSite","@id":"https:\/\/noticiaempauta.com\/portal\/#website","url":"https:\/\/noticiaempauta.com\/portal\/","name":"Portal Not\u00edcia em Pauta","description":"Voc\u00ea bem informado","publisher":{"@id":"https:\/\/noticiaempauta.com\/portal\/#organization"},"potentialAction":[{"@type":"SearchAction","target":{"@type":"EntryPoint","urlTemplate":"https:\/\/noticiaempauta.com\/portal\/?s={search_term_string}"},"query-input":{"@type":"PropertyValueSpecification","valueRequired":true,"valueName":"search_term_string"}}],"inLanguage":"pt-BR"},{"@type":"Organization","@id":"https:\/\/noticiaempauta.com\/portal\/#organization","name":"Portal Not\u00edcia em Pauta","url":"https:\/\/noticiaempauta.com\/portal\/","logo":{"@type":"ImageObject","inLanguage":"pt-BR","@id":"https:\/\/noticiaempauta.com\/portal\/#\/schema\/logo\/image\/","url":"https:\/\/noticiaempauta.com\/portal\/wp-content\/uploads\/2022\/08\/logomarca_tema.fw_.png","contentUrl":"https:\/\/noticiaempauta.com\/portal\/wp-content\/uploads\/2022\/08\/logomarca_tema.fw_.png","width":400,"height":232,"caption":"Portal Not\u00edcia em Pauta"},"image":{"@id":"https:\/\/noticiaempauta.com\/portal\/#\/schema\/logo\/image\/"},"sameAs":["https:\/\/www.facebook.com\/Portal-Notcia-Em-Pauta-102292869264820\/","https:\/\/www.instagram.com\/portalnoticiaempauta\/"]},{"@type":"Person","@id":"https:\/\/noticiaempauta.com\/portal\/#\/schema\/person\/a74af43dd1ab3deca45f988c717d57ac","name":"Reda\u00e7\u00e3o","image":{"@type":"ImageObject","inLanguage":"pt-BR","@id":"https:\/\/noticiaempauta.com\/portal\/#\/schema\/person\/image\/","url":"https:\/\/secure.gravatar.com\/avatar\/03179346ecce6cdfc13361603e8f54242a90e5cde8618fa23c5c00aa2b0aadf3?s=96&d=mm&r=g","contentUrl":"https:\/\/secure.gravatar.com\/avatar\/03179346ecce6cdfc13361603e8f54242a90e5cde8618fa23c5c00aa2b0aadf3?s=96&d=mm&r=g","caption":"Reda\u00e7\u00e3o"},"sameAs":["https:\/\/noticiaempauta.com\/portal\/"],"url":"https:\/\/noticiaempauta.com\/portal\/author\/fernando\/"}]}},"_links":{"self":[{"href":"https:\/\/noticiaempauta.com\/portal\/wp-json\/wp\/v2\/posts\/259193","targetHints":{"allow":["GET"]}}],"collection":[{"href":"https:\/\/noticiaempauta.com\/portal\/wp-json\/wp\/v2\/posts"}],"about":[{"href":"https:\/\/noticiaempauta.com\/portal\/wp-json\/wp\/v2\/types\/post"}],"author":[{"embeddable":true,"href":"https:\/\/noticiaempauta.com\/portal\/wp-json\/wp\/v2\/users\/2"}],"replies":[{"embeddable":true,"href":"https:\/\/noticiaempauta.com\/portal\/wp-json\/wp\/v2\/comments?post=259193"}],"version-history":[{"count":2,"href":"https:\/\/noticiaempauta.com\/portal\/wp-json\/wp\/v2\/posts\/259193\/revisions"}],"predecessor-version":[{"id":259199,"href":"https:\/\/noticiaempauta.com\/portal\/wp-json\/wp\/v2\/posts\/259193\/revisions\/259199"}],"wp:featuredmedia":[{"embeddable":true,"href":"https:\/\/noticiaempauta.com\/portal\/wp-json\/wp\/v2\/media\/259197"}],"wp:attachment":[{"href":"https:\/\/noticiaempauta.com\/portal\/wp-json\/wp\/v2\/media?parent=259193"}],"wp:term":[{"taxonomy":"category","embeddable":true,"href":"https:\/\/noticiaempauta.com\/portal\/wp-json\/wp\/v2\/categories?post=259193"},{"taxonomy":"post_tag","embeddable":true,"href":"https:\/\/noticiaempauta.com\/portal\/wp-json\/wp\/v2\/tags?post=259193"}],"curies":[{"name":"wp","href":"https:\/\/api.w.org\/{rel}","templated":true}]}}