{"id":259251,"date":"2024-06-26T16:58:13","date_gmt":"2024-06-26T19:58:13","guid":{"rendered":"https:\/\/noticiaempauta.com\/portal\/?p=259251"},"modified":"2024-06-29T16:44:24","modified_gmt":"2024-06-29T19:44:24","slug":"prefeitura-de-monsenhor-hipolito-inaugura-centro-de-convivencia-do-idoso-na-br-020-no-proximo-domingo-30","status":"publish","type":"post","link":"https:\/\/noticiaempauta.com\/portal\/prefeitura-de-monsenhor-hipolito-inaugura-centro-de-convivencia-do-idoso-na-br-020-no-proximo-domingo-30\/","title":{"rendered":"Prefeitura de Monsenhor Hip\u00f3lito inaugura Centro de Conviv\u00eancia do Idoso na BR-020 no pr\u00f3ximo domingo (30)"},"content":{"rendered":"\n<p>A prefeitura de Monsenhor Hip\u00f3lito, na gest\u00e3o do prefeito Djalma Policarpo, entrega mais uma importante obra na zona rural do munic\u00edpio, dessa vez, a comunidade hipolitana da BR-020 ser\u00e1 contemplada com um novo <strong>Centro de Conviv\u00eancia do Idoso &#8211; CCI Luiz Boaventura de Sousa &#8221; Luiz Guedes &#8220;<\/strong>.<\/p>\n\n\n\n<figure class=\"wp-block-image size-large\"><img fetchpriority=\"high\" decoding=\"async\" width=\"1024\" height=\"945\" src=\"https:\/\/noticiaempauta.com\/portal\/wp-content\/uploads\/2024\/06\/WhatsApp-Image-2024-06-26-at-16.43.44-1024x945.jpeg\" alt=\"\" class=\"wp-image-259252\" srcset=\"https:\/\/noticiaempauta.com\/portal\/wp-content\/uploads\/2024\/06\/WhatsApp-Image-2024-06-26-at-16.43.44-1024x945.jpeg 1024w, https:\/\/noticiaempauta.com\/portal\/wp-content\/uploads\/2024\/06\/WhatsApp-Image-2024-06-26-at-16.43.44-300x277.jpeg 300w, https:\/\/noticiaempauta.com\/portal\/wp-content\/uploads\/2024\/06\/WhatsApp-Image-2024-06-26-at-16.43.44-768x709.jpeg 768w, https:\/\/noticiaempauta.com\/portal\/wp-content\/uploads\/2024\/06\/WhatsApp-Image-2024-06-26-at-16.43.44-1536x1418.jpeg 1536w, https:\/\/noticiaempauta.com\/portal\/wp-content\/uploads\/2024\/06\/WhatsApp-Image-2024-06-26-at-16.43.44.jpeg 1600w\" sizes=\"(max-width: 1024px) 100vw, 1024px\" \/><\/figure>\n\n\n\n<p>A solenidade de inaugura\u00e7\u00e3o acontecer\u00e1 no pr\u00f3ximo domingo, 30 de junho, as 17h, durante o evento tamb\u00e9m haver\u00e1 apresenta\u00e7\u00e3o art\u00edstica da dan\u00e7a de S\u00e3o Gon\u00e7alo.<\/p>\n\n\n\n<figure class=\"wp-block-image size-full\"><img decoding=\"async\" width=\"899\" height=\"736\" src=\"https:\/\/noticiaempauta.com\/portal\/wp-content\/uploads\/2024\/06\/6AD45C99-2401-4781-AC88-59AFB1AB3DE3.jpeg\" alt=\"\" class=\"wp-image-259342\" srcset=\"https:\/\/noticiaempauta.com\/portal\/wp-content\/uploads\/2024\/06\/6AD45C99-2401-4781-AC88-59AFB1AB3DE3.jpeg 899w, https:\/\/noticiaempauta.com\/portal\/wp-content\/uploads\/2024\/06\/6AD45C99-2401-4781-AC88-59AFB1AB3DE3-300x246.jpeg 300w, https:\/\/noticiaempauta.com\/portal\/wp-content\/uploads\/2024\/06\/6AD45C99-2401-4781-AC88-59AFB1AB3DE3-768x629.jpeg 768w\" sizes=\"(max-width: 899px) 100vw, 899px\" \/><\/figure>\n\n\n\n<p>O gestor do munic\u00edpio, Djalma Policarpo comemora mais uma realiza\u00e7\u00e3o e convida a popula\u00e7\u00e3o para prestigiar a solenidade de inaugura\u00e7\u00e3o.<\/p>\n\n\n\n<figure class=\"wp-block-image size-full\"><img decoding=\"async\" width=\"736\" height=\"657\" src=\"https:\/\/noticiaempauta.com\/portal\/wp-content\/uploads\/2024\/06\/djalmaa.png\" alt=\"\" class=\"wp-image-258596\" srcset=\"https:\/\/noticiaempauta.com\/portal\/wp-content\/uploads\/2024\/06\/djalmaa.png 736w, https:\/\/noticiaempauta.com\/portal\/wp-content\/uploads\/2024\/06\/djalmaa-300x268.png 300w\" sizes=\"(max-width: 736px) 100vw, 736px\" \/><\/figure>\n\n\n\n<p>&#8220;Convido a todos os hipolitanos a marcarem presen\u00e7a nessa importante realiza\u00e7\u00e3o da nossa gest\u00e3o, entregar essa comunidade um espa\u00e7o moderno, que com certeza ter\u00e1 muita utilidade para a realiza\u00e7\u00e3o de importantes eventos e a\u00e7\u00f5es do nosso munic\u00edpio, ficamos felizes em deixar mais essa marca da nossa gest\u00e3o que tem priorizado avan\u00e7os em toda nossa Monsenhor Hip\u00f3lito, seja na sede, como tamb\u00e9m na zona rural &#8220;, comentou o prefeito Djalma.<\/p>\n","protected":false},"excerpt":{"rendered":"<p>A prefeitura de Monsenhor Hip\u00f3lito, na gest\u00e3o do prefeito Djalma Policarpo, entrega mais uma importante obra na zona rural do munic\u00edpio, dessa vez, a comunidade hipolitana da BR-020 ser\u00e1 contemplada com um novo Centro de Conviv\u00eancia do Idoso &#8211; CCI Luiz Boaventura de Sousa &#8221; Luiz Guedes &#8220;. A solenidade de inaugura\u00e7\u00e3o acontecer\u00e1 no pr\u00f3ximo [&hellip;]<\/p>\n","protected":false},"author":2,"featured_media":259342,"comment_status":"open","ping_status":"open","sticky":false,"template":"","format":"standard","meta":{"_mi_skip_tracking":false,"footnotes":""},"categories":[25,1,9,16],"tags":[192],"class_list":["post-259251","post","type-post","status-publish","format-standard","has-post-thumbnail","hentry","category-destaques-site","category-geral","category-municipios","category-todas","tag-destaqueprincipal"],"acf":[],"yoast_head":"<!-- This site is optimized with the Yoast SEO Premium plugin v19.2 (Yoast SEO v26.9) - https:\/\/yoast.com\/product\/yoast-seo-premium-wordpress\/ -->\n<title>Prefeitura de Monsenhor Hip\u00f3lito inaugura Centro de Conviv\u00eancia do Idoso na BR-020 no pr\u00f3ximo domingo (30) - Portal Not\u00edcia em Pauta<\/title>\n<meta name=\"robots\" content=\"index, follow, max-snippet:-1, max-image-preview:large, max-video-preview:-1\" \/>\n<link rel=\"canonical\" href=\"https:\/\/noticiaempauta.com\/portal\/prefeitura-de-monsenhor-hipolito-inaugura-centro-de-convivencia-do-idoso-na-br-020-no-proximo-domingo-30\/\" \/>\n<meta property=\"og:locale\" content=\"pt_BR\" \/>\n<meta property=\"og:type\" content=\"article\" \/>\n<meta property=\"og:title\" content=\"Prefeitura de Monsenhor Hip\u00f3lito inaugura Centro de Conviv\u00eancia do Idoso na BR-020 no pr\u00f3ximo domingo (30)\" \/>\n<meta property=\"og:description\" content=\"A prefeitura de Monsenhor Hip\u00f3lito, na gest\u00e3o do prefeito Djalma Policarpo, entrega mais uma importante obra na zona rural do munic\u00edpio, dessa vez, a comunidade hipolitana da BR-020 ser\u00e1 contemplada com um novo Centro de Conviv\u00eancia do Idoso &#8211; CCI Luiz Boaventura de Sousa &#8221; Luiz Guedes &#8220;. A solenidade de inaugura\u00e7\u00e3o acontecer\u00e1 no pr\u00f3ximo [&hellip;]\" \/>\n<meta property=\"og:url\" content=\"https:\/\/noticiaempauta.com\/portal\/prefeitura-de-monsenhor-hipolito-inaugura-centro-de-convivencia-do-idoso-na-br-020-no-proximo-domingo-30\/\" \/>\n<meta property=\"og:site_name\" content=\"Portal Not\u00edcia em Pauta\" \/>\n<meta property=\"article:publisher\" content=\"https:\/\/www.facebook.com\/Portal-Notcia-Em-Pauta-102292869264820\/\" \/>\n<meta property=\"article:published_time\" content=\"2024-06-26T19:58:13+00:00\" \/>\n<meta property=\"article:modified_time\" content=\"2024-06-29T19:44:24+00:00\" \/>\n<meta property=\"og:image\" content=\"https:\/\/noticiaempauta.com\/portal\/wp-content\/uploads\/2024\/06\/6AD45C99-2401-4781-AC88-59AFB1AB3DE3.jpeg\" \/>\n\t<meta property=\"og:image:width\" content=\"899\" \/>\n\t<meta property=\"og:image:height\" content=\"736\" \/>\n\t<meta property=\"og:image:type\" content=\"image\/jpeg\" \/>\n<meta name=\"author\" content=\"Reda\u00e7\u00e3o\" \/>\n<meta name=\"twitter:card\" content=\"summary_large_image\" \/>\n<meta name=\"twitter:label1\" content=\"Escrito por\" \/>\n\t<meta name=\"twitter:data1\" content=\"Reda\u00e7\u00e3o\" \/>\n\t<meta name=\"twitter:label2\" content=\"Est. tempo de leitura\" \/>\n\t<meta name=\"twitter:data2\" content=\"2 minutos\" \/>\n<script type=\"application\/ld+json\" class=\"yoast-schema-graph\">{\"@context\":\"https:\/\/schema.org\",\"@graph\":[{\"@type\":\"Article\",\"@id\":\"https:\/\/noticiaempauta.com\/portal\/prefeitura-de-monsenhor-hipolito-inaugura-centro-de-convivencia-do-idoso-na-br-020-no-proximo-domingo-30\/#article\",\"isPartOf\":{\"@id\":\"https:\/\/noticiaempauta.com\/portal\/prefeitura-de-monsenhor-hipolito-inaugura-centro-de-convivencia-do-idoso-na-br-020-no-proximo-domingo-30\/\"},\"author\":{\"name\":\"Reda\u00e7\u00e3o\",\"@id\":\"https:\/\/noticiaempauta.com\/portal\/#\/schema\/person\/a74af43dd1ab3deca45f988c717d57ac\"},\"headline\":\"Prefeitura de Monsenhor Hip\u00f3lito inaugura Centro de Conviv\u00eancia do Idoso na BR-020 no pr\u00f3ximo domingo (30)\",\"datePublished\":\"2024-06-26T19:58:13+00:00\",\"dateModified\":\"2024-06-29T19:44:24+00:00\",\"mainEntityOfPage\":{\"@id\":\"https:\/\/noticiaempauta.com\/portal\/prefeitura-de-monsenhor-hipolito-inaugura-centro-de-convivencia-do-idoso-na-br-020-no-proximo-domingo-30\/\"},\"wordCount\":203,\"commentCount\":0,\"publisher\":{\"@id\":\"https:\/\/noticiaempauta.com\/portal\/#organization\"},\"image\":{\"@id\":\"https:\/\/noticiaempauta.com\/portal\/prefeitura-de-monsenhor-hipolito-inaugura-centro-de-convivencia-do-idoso-na-br-020-no-proximo-domingo-30\/#primaryimage\"},\"thumbnailUrl\":\"https:\/\/noticiaempauta.com\/portal\/wp-content\/uploads\/2024\/06\/6AD45C99-2401-4781-AC88-59AFB1AB3DE3.jpeg\",\"keywords\":[\"destaqueprincipal\"],\"articleSection\":[\"Destaques\",\"Geral\",\"Munic\u00edpios\",\"Todas as Not\u00edcias\"],\"inLanguage\":\"pt-BR\",\"potentialAction\":[{\"@type\":\"CommentAction\",\"name\":\"Comment\",\"target\":[\"https:\/\/noticiaempauta.com\/portal\/prefeitura-de-monsenhor-hipolito-inaugura-centro-de-convivencia-do-idoso-na-br-020-no-proximo-domingo-30\/#respond\"]}]},{\"@type\":\"WebPage\",\"@id\":\"https:\/\/noticiaempauta.com\/portal\/prefeitura-de-monsenhor-hipolito-inaugura-centro-de-convivencia-do-idoso-na-br-020-no-proximo-domingo-30\/\",\"url\":\"https:\/\/noticiaempauta.com\/portal\/prefeitura-de-monsenhor-hipolito-inaugura-centro-de-convivencia-do-idoso-na-br-020-no-proximo-domingo-30\/\",\"name\":\"Prefeitura de Monsenhor Hip\u00f3lito inaugura Centro de Conviv\u00eancia do Idoso na BR-020 no pr\u00f3ximo domingo (30) - Portal Not\u00edcia em Pauta\",\"isPartOf\":{\"@id\":\"https:\/\/noticiaempauta.com\/portal\/#website\"},\"primaryImageOfPage\":{\"@id\":\"https:\/\/noticiaempauta.com\/portal\/prefeitura-de-monsenhor-hipolito-inaugura-centro-de-convivencia-do-idoso-na-br-020-no-proximo-domingo-30\/#primaryimage\"},\"image\":{\"@id\":\"https:\/\/noticiaempauta.com\/portal\/prefeitura-de-monsenhor-hipolito-inaugura-centro-de-convivencia-do-idoso-na-br-020-no-proximo-domingo-30\/#primaryimage\"},\"thumbnailUrl\":\"https:\/\/noticiaempauta.com\/portal\/wp-content\/uploads\/2024\/06\/6AD45C99-2401-4781-AC88-59AFB1AB3DE3.jpeg\",\"datePublished\":\"2024-06-26T19:58:13+00:00\",\"dateModified\":\"2024-06-29T19:44:24+00:00\",\"breadcrumb\":{\"@id\":\"https:\/\/noticiaempauta.com\/portal\/prefeitura-de-monsenhor-hipolito-inaugura-centro-de-convivencia-do-idoso-na-br-020-no-proximo-domingo-30\/#breadcrumb\"},\"inLanguage\":\"pt-BR\",\"potentialAction\":[{\"@type\":\"ReadAction\",\"target\":[\"https:\/\/noticiaempauta.com\/portal\/prefeitura-de-monsenhor-hipolito-inaugura-centro-de-convivencia-do-idoso-na-br-020-no-proximo-domingo-30\/\"]}]},{\"@type\":\"ImageObject\",\"inLanguage\":\"pt-BR\",\"@id\":\"https:\/\/noticiaempauta.com\/portal\/prefeitura-de-monsenhor-hipolito-inaugura-centro-de-convivencia-do-idoso-na-br-020-no-proximo-domingo-30\/#primaryimage\",\"url\":\"https:\/\/noticiaempauta.com\/portal\/wp-content\/uploads\/2024\/06\/6AD45C99-2401-4781-AC88-59AFB1AB3DE3.jpeg\",\"contentUrl\":\"https:\/\/noticiaempauta.com\/portal\/wp-content\/uploads\/2024\/06\/6AD45C99-2401-4781-AC88-59AFB1AB3DE3.jpeg\",\"width\":899,\"height\":736},{\"@type\":\"BreadcrumbList\",\"@id\":\"https:\/\/noticiaempauta.com\/portal\/prefeitura-de-monsenhor-hipolito-inaugura-centro-de-convivencia-do-idoso-na-br-020-no-proximo-domingo-30\/#breadcrumb\",\"itemListElement\":[{\"@type\":\"ListItem\",\"position\":1,\"name\":\"P\u00e1gina Inicial\",\"item\":\"https:\/\/noticiaempauta.com\/portal\/\"},{\"@type\":\"ListItem\",\"position\":2,\"name\":\"Destaques\",\"item\":\"https:\/\/noticiaempauta.com\/portal\/destaques-site\/\"},{\"@type\":\"ListItem\",\"position\":3,\"name\":\"Prefeitura de Monsenhor Hip\u00f3lito inaugura Centro de Conviv\u00eancia do Idoso na BR-020 no pr\u00f3ximo domingo (30)\"}]},{\"@type\":\"WebSite\",\"@id\":\"https:\/\/noticiaempauta.com\/portal\/#website\",\"url\":\"https:\/\/noticiaempauta.com\/portal\/\",\"name\":\"Portal Not\u00edcia em Pauta\",\"description\":\"Voc\u00ea bem informado\",\"publisher\":{\"@id\":\"https:\/\/noticiaempauta.com\/portal\/#organization\"},\"potentialAction\":[{\"@type\":\"SearchAction\",\"target\":{\"@type\":\"EntryPoint\",\"urlTemplate\":\"https:\/\/noticiaempauta.com\/portal\/?s={search_term_string}\"},\"query-input\":{\"@type\":\"PropertyValueSpecification\",\"valueRequired\":true,\"valueName\":\"search_term_string\"}}],\"inLanguage\":\"pt-BR\"},{\"@type\":\"Organization\",\"@id\":\"https:\/\/noticiaempauta.com\/portal\/#organization\",\"name\":\"Portal Not\u00edcia em Pauta\",\"url\":\"https:\/\/noticiaempauta.com\/portal\/\",\"logo\":{\"@type\":\"ImageObject\",\"inLanguage\":\"pt-BR\",\"@id\":\"https:\/\/noticiaempauta.com\/portal\/#\/schema\/logo\/image\/\",\"url\":\"https:\/\/noticiaempauta.com\/portal\/wp-content\/uploads\/2022\/08\/logomarca_tema.fw_.png\",\"contentUrl\":\"https:\/\/noticiaempauta.com\/portal\/wp-content\/uploads\/2022\/08\/logomarca_tema.fw_.png\",\"width\":400,\"height\":232,\"caption\":\"Portal Not\u00edcia em Pauta\"},\"image\":{\"@id\":\"https:\/\/noticiaempauta.com\/portal\/#\/schema\/logo\/image\/\"},\"sameAs\":[\"https:\/\/www.facebook.com\/Portal-Notcia-Em-Pauta-102292869264820\/\",\"https:\/\/www.instagram.com\/portalnoticiaempauta\/\"]},{\"@type\":\"Person\",\"@id\":\"https:\/\/noticiaempauta.com\/portal\/#\/schema\/person\/a74af43dd1ab3deca45f988c717d57ac\",\"name\":\"Reda\u00e7\u00e3o\",\"image\":{\"@type\":\"ImageObject\",\"inLanguage\":\"pt-BR\",\"@id\":\"https:\/\/noticiaempauta.com\/portal\/#\/schema\/person\/image\/\",\"url\":\"https:\/\/secure.gravatar.com\/avatar\/03179346ecce6cdfc13361603e8f54242a90e5cde8618fa23c5c00aa2b0aadf3?s=96&d=mm&r=g\",\"contentUrl\":\"https:\/\/secure.gravatar.com\/avatar\/03179346ecce6cdfc13361603e8f54242a90e5cde8618fa23c5c00aa2b0aadf3?s=96&d=mm&r=g\",\"caption\":\"Reda\u00e7\u00e3o\"},\"sameAs\":[\"https:\/\/noticiaempauta.com\/portal\/\"],\"url\":\"https:\/\/noticiaempauta.com\/portal\/author\/fernando\/\"}]}<\/script>\n<!-- \/ Yoast SEO Premium plugin. -->","yoast_head_json":{"title":"Prefeitura de Monsenhor Hip\u00f3lito inaugura Centro de Conviv\u00eancia do Idoso na BR-020 no pr\u00f3ximo domingo (30) - Portal Not\u00edcia em Pauta","robots":{"index":"index","follow":"follow","max-snippet":"max-snippet:-1","max-image-preview":"max-image-preview:large","max-video-preview":"max-video-preview:-1"},"canonical":"https:\/\/noticiaempauta.com\/portal\/prefeitura-de-monsenhor-hipolito-inaugura-centro-de-convivencia-do-idoso-na-br-020-no-proximo-domingo-30\/","og_locale":"pt_BR","og_type":"article","og_title":"Prefeitura de Monsenhor Hip\u00f3lito inaugura Centro de Conviv\u00eancia do Idoso na BR-020 no pr\u00f3ximo domingo (30)","og_description":"A prefeitura de Monsenhor Hip\u00f3lito, na gest\u00e3o do prefeito Djalma Policarpo, entrega mais uma importante obra na zona rural do munic\u00edpio, dessa vez, a comunidade hipolitana da BR-020 ser\u00e1 contemplada com um novo Centro de Conviv\u00eancia do Idoso &#8211; CCI Luiz Boaventura de Sousa &#8221; Luiz Guedes &#8220;. A solenidade de inaugura\u00e7\u00e3o acontecer\u00e1 no pr\u00f3ximo [&hellip;]","og_url":"https:\/\/noticiaempauta.com\/portal\/prefeitura-de-monsenhor-hipolito-inaugura-centro-de-convivencia-do-idoso-na-br-020-no-proximo-domingo-30\/","og_site_name":"Portal Not\u00edcia em Pauta","article_publisher":"https:\/\/www.facebook.com\/Portal-Notcia-Em-Pauta-102292869264820\/","article_published_time":"2024-06-26T19:58:13+00:00","article_modified_time":"2024-06-29T19:44:24+00:00","og_image":[{"width":899,"height":736,"url":"https:\/\/noticiaempauta.com\/portal\/wp-content\/uploads\/2024\/06\/6AD45C99-2401-4781-AC88-59AFB1AB3DE3.jpeg","type":"image\/jpeg"}],"author":"Reda\u00e7\u00e3o","twitter_card":"summary_large_image","twitter_misc":{"Escrito por":"Reda\u00e7\u00e3o","Est. tempo de leitura":"2 minutos"},"schema":{"@context":"https:\/\/schema.org","@graph":[{"@type":"Article","@id":"https:\/\/noticiaempauta.com\/portal\/prefeitura-de-monsenhor-hipolito-inaugura-centro-de-convivencia-do-idoso-na-br-020-no-proximo-domingo-30\/#article","isPartOf":{"@id":"https:\/\/noticiaempauta.com\/portal\/prefeitura-de-monsenhor-hipolito-inaugura-centro-de-convivencia-do-idoso-na-br-020-no-proximo-domingo-30\/"},"author":{"name":"Reda\u00e7\u00e3o","@id":"https:\/\/noticiaempauta.com\/portal\/#\/schema\/person\/a74af43dd1ab3deca45f988c717d57ac"},"headline":"Prefeitura de Monsenhor Hip\u00f3lito inaugura Centro de Conviv\u00eancia do Idoso na BR-020 no pr\u00f3ximo domingo (30)","datePublished":"2024-06-26T19:58:13+00:00","dateModified":"2024-06-29T19:44:24+00:00","mainEntityOfPage":{"@id":"https:\/\/noticiaempauta.com\/portal\/prefeitura-de-monsenhor-hipolito-inaugura-centro-de-convivencia-do-idoso-na-br-020-no-proximo-domingo-30\/"},"wordCount":203,"commentCount":0,"publisher":{"@id":"https:\/\/noticiaempauta.com\/portal\/#organization"},"image":{"@id":"https:\/\/noticiaempauta.com\/portal\/prefeitura-de-monsenhor-hipolito-inaugura-centro-de-convivencia-do-idoso-na-br-020-no-proximo-domingo-30\/#primaryimage"},"thumbnailUrl":"https:\/\/noticiaempauta.com\/portal\/wp-content\/uploads\/2024\/06\/6AD45C99-2401-4781-AC88-59AFB1AB3DE3.jpeg","keywords":["destaqueprincipal"],"articleSection":["Destaques","Geral","Munic\u00edpios","Todas as Not\u00edcias"],"inLanguage":"pt-BR","potentialAction":[{"@type":"CommentAction","name":"Comment","target":["https:\/\/noticiaempauta.com\/portal\/prefeitura-de-monsenhor-hipolito-inaugura-centro-de-convivencia-do-idoso-na-br-020-no-proximo-domingo-30\/#respond"]}]},{"@type":"WebPage","@id":"https:\/\/noticiaempauta.com\/portal\/prefeitura-de-monsenhor-hipolito-inaugura-centro-de-convivencia-do-idoso-na-br-020-no-proximo-domingo-30\/","url":"https:\/\/noticiaempauta.com\/portal\/prefeitura-de-monsenhor-hipolito-inaugura-centro-de-convivencia-do-idoso-na-br-020-no-proximo-domingo-30\/","name":"Prefeitura de Monsenhor Hip\u00f3lito inaugura Centro de Conviv\u00eancia do Idoso na BR-020 no pr\u00f3ximo domingo (30) - Portal Not\u00edcia em Pauta","isPartOf":{"@id":"https:\/\/noticiaempauta.com\/portal\/#website"},"primaryImageOfPage":{"@id":"https:\/\/noticiaempauta.com\/portal\/prefeitura-de-monsenhor-hipolito-inaugura-centro-de-convivencia-do-idoso-na-br-020-no-proximo-domingo-30\/#primaryimage"},"image":{"@id":"https:\/\/noticiaempauta.com\/portal\/prefeitura-de-monsenhor-hipolito-inaugura-centro-de-convivencia-do-idoso-na-br-020-no-proximo-domingo-30\/#primaryimage"},"thumbnailUrl":"https:\/\/noticiaempauta.com\/portal\/wp-content\/uploads\/2024\/06\/6AD45C99-2401-4781-AC88-59AFB1AB3DE3.jpeg","datePublished":"2024-06-26T19:58:13+00:00","dateModified":"2024-06-29T19:44:24+00:00","breadcrumb":{"@id":"https:\/\/noticiaempauta.com\/portal\/prefeitura-de-monsenhor-hipolito-inaugura-centro-de-convivencia-do-idoso-na-br-020-no-proximo-domingo-30\/#breadcrumb"},"inLanguage":"pt-BR","potentialAction":[{"@type":"ReadAction","target":["https:\/\/noticiaempauta.com\/portal\/prefeitura-de-monsenhor-hipolito-inaugura-centro-de-convivencia-do-idoso-na-br-020-no-proximo-domingo-30\/"]}]},{"@type":"ImageObject","inLanguage":"pt-BR","@id":"https:\/\/noticiaempauta.com\/portal\/prefeitura-de-monsenhor-hipolito-inaugura-centro-de-convivencia-do-idoso-na-br-020-no-proximo-domingo-30\/#primaryimage","url":"https:\/\/noticiaempauta.com\/portal\/wp-content\/uploads\/2024\/06\/6AD45C99-2401-4781-AC88-59AFB1AB3DE3.jpeg","contentUrl":"https:\/\/noticiaempauta.com\/portal\/wp-content\/uploads\/2024\/06\/6AD45C99-2401-4781-AC88-59AFB1AB3DE3.jpeg","width":899,"height":736},{"@type":"BreadcrumbList","@id":"https:\/\/noticiaempauta.com\/portal\/prefeitura-de-monsenhor-hipolito-inaugura-centro-de-convivencia-do-idoso-na-br-020-no-proximo-domingo-30\/#breadcrumb","itemListElement":[{"@type":"ListItem","position":1,"name":"P\u00e1gina Inicial","item":"https:\/\/noticiaempauta.com\/portal\/"},{"@type":"ListItem","position":2,"name":"Destaques","item":"https:\/\/noticiaempauta.com\/portal\/destaques-site\/"},{"@type":"ListItem","position":3,"name":"Prefeitura de Monsenhor Hip\u00f3lito inaugura Centro de Conviv\u00eancia do Idoso na BR-020 no pr\u00f3ximo domingo (30)"}]},{"@type":"WebSite","@id":"https:\/\/noticiaempauta.com\/portal\/#website","url":"https:\/\/noticiaempauta.com\/portal\/","name":"Portal Not\u00edcia em Pauta","description":"Voc\u00ea bem informado","publisher":{"@id":"https:\/\/noticiaempauta.com\/portal\/#organization"},"potentialAction":[{"@type":"SearchAction","target":{"@type":"EntryPoint","urlTemplate":"https:\/\/noticiaempauta.com\/portal\/?s={search_term_string}"},"query-input":{"@type":"PropertyValueSpecification","valueRequired":true,"valueName":"search_term_string"}}],"inLanguage":"pt-BR"},{"@type":"Organization","@id":"https:\/\/noticiaempauta.com\/portal\/#organization","name":"Portal Not\u00edcia em Pauta","url":"https:\/\/noticiaempauta.com\/portal\/","logo":{"@type":"ImageObject","inLanguage":"pt-BR","@id":"https:\/\/noticiaempauta.com\/portal\/#\/schema\/logo\/image\/","url":"https:\/\/noticiaempauta.com\/portal\/wp-content\/uploads\/2022\/08\/logomarca_tema.fw_.png","contentUrl":"https:\/\/noticiaempauta.com\/portal\/wp-content\/uploads\/2022\/08\/logomarca_tema.fw_.png","width":400,"height":232,"caption":"Portal Not\u00edcia em Pauta"},"image":{"@id":"https:\/\/noticiaempauta.com\/portal\/#\/schema\/logo\/image\/"},"sameAs":["https:\/\/www.facebook.com\/Portal-Notcia-Em-Pauta-102292869264820\/","https:\/\/www.instagram.com\/portalnoticiaempauta\/"]},{"@type":"Person","@id":"https:\/\/noticiaempauta.com\/portal\/#\/schema\/person\/a74af43dd1ab3deca45f988c717d57ac","name":"Reda\u00e7\u00e3o","image":{"@type":"ImageObject","inLanguage":"pt-BR","@id":"https:\/\/noticiaempauta.com\/portal\/#\/schema\/person\/image\/","url":"https:\/\/secure.gravatar.com\/avatar\/03179346ecce6cdfc13361603e8f54242a90e5cde8618fa23c5c00aa2b0aadf3?s=96&d=mm&r=g","contentUrl":"https:\/\/secure.gravatar.com\/avatar\/03179346ecce6cdfc13361603e8f54242a90e5cde8618fa23c5c00aa2b0aadf3?s=96&d=mm&r=g","caption":"Reda\u00e7\u00e3o"},"sameAs":["https:\/\/noticiaempauta.com\/portal\/"],"url":"https:\/\/noticiaempauta.com\/portal\/author\/fernando\/"}]}},"_links":{"self":[{"href":"https:\/\/noticiaempauta.com\/portal\/wp-json\/wp\/v2\/posts\/259251","targetHints":{"allow":["GET"]}}],"collection":[{"href":"https:\/\/noticiaempauta.com\/portal\/wp-json\/wp\/v2\/posts"}],"about":[{"href":"https:\/\/noticiaempauta.com\/portal\/wp-json\/wp\/v2\/types\/post"}],"author":[{"embeddable":true,"href":"https:\/\/noticiaempauta.com\/portal\/wp-json\/wp\/v2\/users\/2"}],"replies":[{"embeddable":true,"href":"https:\/\/noticiaempauta.com\/portal\/wp-json\/wp\/v2\/comments?post=259251"}],"version-history":[{"count":3,"href":"https:\/\/noticiaempauta.com\/portal\/wp-json\/wp\/v2\/posts\/259251\/revisions"}],"predecessor-version":[{"id":259343,"href":"https:\/\/noticiaempauta.com\/portal\/wp-json\/wp\/v2\/posts\/259251\/revisions\/259343"}],"wp:featuredmedia":[{"embeddable":true,"href":"https:\/\/noticiaempauta.com\/portal\/wp-json\/wp\/v2\/media\/259342"}],"wp:attachment":[{"href":"https:\/\/noticiaempauta.com\/portal\/wp-json\/wp\/v2\/media?parent=259251"}],"wp:term":[{"taxonomy":"category","embeddable":true,"href":"https:\/\/noticiaempauta.com\/portal\/wp-json\/wp\/v2\/categories?post=259251"},{"taxonomy":"post_tag","embeddable":true,"href":"https:\/\/noticiaempauta.com\/portal\/wp-json\/wp\/v2\/tags?post=259251"}],"curies":[{"name":"wp","href":"https:\/\/api.w.org\/{rel}","templated":true}]}}