{"id":259256,"date":"2024-06-26T17:13:21","date_gmt":"2024-06-26T20:13:21","guid":{"rendered":"https:\/\/noticiaempauta.com\/portal\/?p=259256"},"modified":"2024-06-26T17:13:22","modified_gmt":"2024-06-26T20:13:22","slug":"escola-do-legislativo-camara-de-picos-realizara-cursos-profissionalizantes-para-publico-em-geral-concurso-deve-sair-este-ano","status":"publish","type":"post","link":"https:\/\/noticiaempauta.com\/portal\/escola-do-legislativo-camara-de-picos-realizara-cursos-profissionalizantes-para-publico-em-geral-concurso-deve-sair-este-ano\/","title":{"rendered":"Escola do Legislativo: C\u00e2mara de Picos realizar\u00e1 cursos profissionalizantes para p\u00fablico em geral; concurso deve sair este ano"},"content":{"rendered":"\n<p>A C\u00e2mara de Vereadores de Picos est\u00e1 com um projeto em andamento chamado Escola Legislativa, que visa a capacita\u00e7\u00e3o da popula\u00e7\u00e3o mais carente para a obten\u00e7\u00e3o de empregos. Ser\u00e3o ofertados cursos de inform\u00e1tica b\u00e1sica, manicure, designer de sobrancelha e gar\u00e7om.<\/p>\n\n\n\n<p>Ser\u00e3o 50 vagas para cada uma das modalidades, com inscri\u00e7\u00f5es gratuitas e por ordem de chegada.<\/p>\n\n\n\n<p>De acordo com o presidente da C\u00e2mara, Eriberto Barros, essa \u00e9 uma maneira de fazer com que a popula\u00e7\u00e3o tire sua depend\u00eancia nos vereadores sobre a aquisi\u00e7\u00e3o de empregos.<\/p>\n\n\n\n<figure class=\"wp-block-image size-large\"><img fetchpriority=\"high\" decoding=\"async\" width=\"1024\" height=\"768\" src=\"https:\/\/noticiaempauta.com\/portal\/wp-content\/uploads\/2024\/06\/eriberto-2-1-1024x768.jpeg\" alt=\"\" class=\"wp-image-259258\" srcset=\"https:\/\/noticiaempauta.com\/portal\/wp-content\/uploads\/2024\/06\/eriberto-2-1-1024x768.jpeg 1024w, https:\/\/noticiaempauta.com\/portal\/wp-content\/uploads\/2024\/06\/eriberto-2-1-300x225.jpeg 300w, https:\/\/noticiaempauta.com\/portal\/wp-content\/uploads\/2024\/06\/eriberto-2-1-768x576.jpeg 768w, https:\/\/noticiaempauta.com\/portal\/wp-content\/uploads\/2024\/06\/eriberto-2-1.jpeg 1170w\" sizes=\"(max-width: 1024px) 100vw, 1024px\" \/><\/figure>\n\n\n\n<p>\u201cA gente sabe a dificuldade que h\u00e1 em conseguir um emprego, especialmente quando se tem baixa escolaridade. Nisso, as pessoas veem em n\u00f3s, vereadores, um meio de obterem emprego. Mas n\u00f3s n\u00e3o podemos gerar empregos. Estudando o caso a fundo, percebi que falta capacita\u00e7\u00e3o para essas pessoas. Ent\u00e3o, tendo isso em vista, criamos esse projeto que ofertar\u00e1 cursos de qualifica\u00e7\u00e3o para que essas pessoas tenham um meio independente se gerarem seus pr\u00f3prios recursos. A depend\u00eancia da popula\u00e7\u00e3o com os vereadores para terem emprego prejudica a eles pr\u00f3prios, aos parlamentares e \u00e0 democracia. O emprego tem que ser conquistado atrav\u00e9s da capacidade\u201d, disse o vereador.<\/p>\n\n\n\n<p>Eriberto Barros declarou que est\u00e1 estudando como ser\u00e1 o custeamento do projeto, mas que ele ser\u00e1 totalmente pela C\u00e2mara, sem nenhum preju\u00edzo ao bolso da popula\u00e7\u00e3o, com recursos pr\u00f3prios da Casa Legislativa.<\/p>\n\n\n\n<p>Os interessados devem entrar em contato com a C\u00e2mara atrav\u00e9s de sua rede social no Instagram ou por meio do vereador de cada eleitor.<\/p>\n\n\n\n<p>O presidente da C\u00e2mara declarou, ainda, que est\u00e1 estudando a realiza\u00e7\u00e3o de Concurso para a Casa Legislativa ainda este ano. Caso n\u00e3o consiga realizar, que ele esteja, pelo menos, encaminhado para ser executado no pr\u00f3ximo ano.<\/p>\n\n\n\n<p><em>\u00a0<strong>Jaqueline Rajner<\/strong> <strong>\/ CidadesemFoco<\/strong><\/em><\/p>\n","protected":false},"excerpt":{"rendered":"<p>A C\u00e2mara de Vereadores de Picos est\u00e1 com um projeto em andamento chamado Escola Legislativa, que visa a capacita\u00e7\u00e3o da popula\u00e7\u00e3o mais carente para a obten\u00e7\u00e3o de empregos. Ser\u00e3o ofertados cursos de inform\u00e1tica b\u00e1sica, manicure, designer de sobrancelha e gar\u00e7om. Ser\u00e3o 50 vagas para cada uma das modalidades, com inscri\u00e7\u00f5es gratuitas e por ordem de [&hellip;]<\/p>\n","protected":false},"author":2,"featured_media":259258,"comment_status":"open","ping_status":"open","sticky":false,"template":"","format":"standard","meta":{"_mi_skip_tracking":false,"footnotes":""},"categories":[25,1,16],"tags":[192],"class_list":["post-259256","post","type-post","status-publish","format-standard","has-post-thumbnail","hentry","category-destaques-site","category-geral","category-todas","tag-destaqueprincipal"],"acf":[],"yoast_head":"<!-- This site is optimized with the Yoast SEO Premium plugin v19.2 (Yoast SEO v26.9) - https:\/\/yoast.com\/product\/yoast-seo-premium-wordpress\/ -->\n<title>Escola do Legislativo: C\u00e2mara de Picos realizar\u00e1 cursos profissionalizantes para p\u00fablico em geral; concurso deve sair este ano - Portal Not\u00edcia em Pauta<\/title>\n<meta name=\"robots\" content=\"index, follow, max-snippet:-1, max-image-preview:large, max-video-preview:-1\" \/>\n<link rel=\"canonical\" href=\"https:\/\/noticiaempauta.com\/portal\/escola-do-legislativo-camara-de-picos-realizara-cursos-profissionalizantes-para-publico-em-geral-concurso-deve-sair-este-ano\/\" \/>\n<meta property=\"og:locale\" content=\"pt_BR\" \/>\n<meta property=\"og:type\" content=\"article\" \/>\n<meta property=\"og:title\" content=\"Escola do Legislativo: C\u00e2mara de Picos realizar\u00e1 cursos profissionalizantes para p\u00fablico em geral; concurso deve sair este ano\" \/>\n<meta property=\"og:description\" content=\"A C\u00e2mara de Vereadores de Picos est\u00e1 com um projeto em andamento chamado Escola Legislativa, que visa a capacita\u00e7\u00e3o da popula\u00e7\u00e3o mais carente para a obten\u00e7\u00e3o de empregos. Ser\u00e3o ofertados cursos de inform\u00e1tica b\u00e1sica, manicure, designer de sobrancelha e gar\u00e7om. Ser\u00e3o 50 vagas para cada uma das modalidades, com inscri\u00e7\u00f5es gratuitas e por ordem de [&hellip;]\" \/>\n<meta property=\"og:url\" content=\"https:\/\/noticiaempauta.com\/portal\/escola-do-legislativo-camara-de-picos-realizara-cursos-profissionalizantes-para-publico-em-geral-concurso-deve-sair-este-ano\/\" \/>\n<meta property=\"og:site_name\" content=\"Portal Not\u00edcia em Pauta\" \/>\n<meta property=\"article:publisher\" content=\"https:\/\/www.facebook.com\/Portal-Notcia-Em-Pauta-102292869264820\/\" \/>\n<meta property=\"article:published_time\" content=\"2024-06-26T20:13:21+00:00\" \/>\n<meta property=\"article:modified_time\" content=\"2024-06-26T20:13:22+00:00\" \/>\n<meta property=\"og:image\" content=\"https:\/\/noticiaempauta.com\/portal\/wp-content\/uploads\/2024\/06\/eriberto-2-1.jpeg\" \/>\n\t<meta property=\"og:image:width\" content=\"1170\" \/>\n\t<meta property=\"og:image:height\" content=\"878\" \/>\n\t<meta property=\"og:image:type\" content=\"image\/jpeg\" \/>\n<meta name=\"author\" content=\"Reda\u00e7\u00e3o\" \/>\n<meta name=\"twitter:card\" content=\"summary_large_image\" \/>\n<meta name=\"twitter:label1\" content=\"Escrito por\" \/>\n\t<meta name=\"twitter:data1\" content=\"Reda\u00e7\u00e3o\" \/>\n\t<meta name=\"twitter:label2\" content=\"Est. tempo de leitura\" \/>\n\t<meta name=\"twitter:data2\" content=\"2 minutos\" \/>\n<script type=\"application\/ld+json\" class=\"yoast-schema-graph\">{\"@context\":\"https:\/\/schema.org\",\"@graph\":[{\"@type\":\"Article\",\"@id\":\"https:\/\/noticiaempauta.com\/portal\/escola-do-legislativo-camara-de-picos-realizara-cursos-profissionalizantes-para-publico-em-geral-concurso-deve-sair-este-ano\/#article\",\"isPartOf\":{\"@id\":\"https:\/\/noticiaempauta.com\/portal\/escola-do-legislativo-camara-de-picos-realizara-cursos-profissionalizantes-para-publico-em-geral-concurso-deve-sair-este-ano\/\"},\"author\":{\"name\":\"Reda\u00e7\u00e3o\",\"@id\":\"https:\/\/noticiaempauta.com\/portal\/#\/schema\/person\/a74af43dd1ab3deca45f988c717d57ac\"},\"headline\":\"Escola do Legislativo: C\u00e2mara de Picos realizar\u00e1 cursos profissionalizantes para p\u00fablico em geral; concurso deve sair este ano\",\"datePublished\":\"2024-06-26T20:13:21+00:00\",\"dateModified\":\"2024-06-26T20:13:22+00:00\",\"mainEntityOfPage\":{\"@id\":\"https:\/\/noticiaempauta.com\/portal\/escola-do-legislativo-camara-de-picos-realizara-cursos-profissionalizantes-para-publico-em-geral-concurso-deve-sair-este-ano\/\"},\"wordCount\":336,\"commentCount\":0,\"publisher\":{\"@id\":\"https:\/\/noticiaempauta.com\/portal\/#organization\"},\"image\":{\"@id\":\"https:\/\/noticiaempauta.com\/portal\/escola-do-legislativo-camara-de-picos-realizara-cursos-profissionalizantes-para-publico-em-geral-concurso-deve-sair-este-ano\/#primaryimage\"},\"thumbnailUrl\":\"https:\/\/noticiaempauta.com\/portal\/wp-content\/uploads\/2024\/06\/eriberto-2-1.jpeg\",\"keywords\":[\"destaqueprincipal\"],\"articleSection\":[\"Destaques\",\"Geral\",\"Todas as Not\u00edcias\"],\"inLanguage\":\"pt-BR\",\"potentialAction\":[{\"@type\":\"CommentAction\",\"name\":\"Comment\",\"target\":[\"https:\/\/noticiaempauta.com\/portal\/escola-do-legislativo-camara-de-picos-realizara-cursos-profissionalizantes-para-publico-em-geral-concurso-deve-sair-este-ano\/#respond\"]}]},{\"@type\":\"WebPage\",\"@id\":\"https:\/\/noticiaempauta.com\/portal\/escola-do-legislativo-camara-de-picos-realizara-cursos-profissionalizantes-para-publico-em-geral-concurso-deve-sair-este-ano\/\",\"url\":\"https:\/\/noticiaempauta.com\/portal\/escola-do-legislativo-camara-de-picos-realizara-cursos-profissionalizantes-para-publico-em-geral-concurso-deve-sair-este-ano\/\",\"name\":\"Escola do Legislativo: C\u00e2mara de Picos realizar\u00e1 cursos profissionalizantes para p\u00fablico em geral; concurso deve sair este ano - Portal Not\u00edcia em Pauta\",\"isPartOf\":{\"@id\":\"https:\/\/noticiaempauta.com\/portal\/#website\"},\"primaryImageOfPage\":{\"@id\":\"https:\/\/noticiaempauta.com\/portal\/escola-do-legislativo-camara-de-picos-realizara-cursos-profissionalizantes-para-publico-em-geral-concurso-deve-sair-este-ano\/#primaryimage\"},\"image\":{\"@id\":\"https:\/\/noticiaempauta.com\/portal\/escola-do-legislativo-camara-de-picos-realizara-cursos-profissionalizantes-para-publico-em-geral-concurso-deve-sair-este-ano\/#primaryimage\"},\"thumbnailUrl\":\"https:\/\/noticiaempauta.com\/portal\/wp-content\/uploads\/2024\/06\/eriberto-2-1.jpeg\",\"datePublished\":\"2024-06-26T20:13:21+00:00\",\"dateModified\":\"2024-06-26T20:13:22+00:00\",\"breadcrumb\":{\"@id\":\"https:\/\/noticiaempauta.com\/portal\/escola-do-legislativo-camara-de-picos-realizara-cursos-profissionalizantes-para-publico-em-geral-concurso-deve-sair-este-ano\/#breadcrumb\"},\"inLanguage\":\"pt-BR\",\"potentialAction\":[{\"@type\":\"ReadAction\",\"target\":[\"https:\/\/noticiaempauta.com\/portal\/escola-do-legislativo-camara-de-picos-realizara-cursos-profissionalizantes-para-publico-em-geral-concurso-deve-sair-este-ano\/\"]}]},{\"@type\":\"ImageObject\",\"inLanguage\":\"pt-BR\",\"@id\":\"https:\/\/noticiaempauta.com\/portal\/escola-do-legislativo-camara-de-picos-realizara-cursos-profissionalizantes-para-publico-em-geral-concurso-deve-sair-este-ano\/#primaryimage\",\"url\":\"https:\/\/noticiaempauta.com\/portal\/wp-content\/uploads\/2024\/06\/eriberto-2-1.jpeg\",\"contentUrl\":\"https:\/\/noticiaempauta.com\/portal\/wp-content\/uploads\/2024\/06\/eriberto-2-1.jpeg\",\"width\":1170,\"height\":878},{\"@type\":\"BreadcrumbList\",\"@id\":\"https:\/\/noticiaempauta.com\/portal\/escola-do-legislativo-camara-de-picos-realizara-cursos-profissionalizantes-para-publico-em-geral-concurso-deve-sair-este-ano\/#breadcrumb\",\"itemListElement\":[{\"@type\":\"ListItem\",\"position\":1,\"name\":\"P\u00e1gina Inicial\",\"item\":\"https:\/\/noticiaempauta.com\/portal\/\"},{\"@type\":\"ListItem\",\"position\":2,\"name\":\"Destaques\",\"item\":\"https:\/\/noticiaempauta.com\/portal\/destaques-site\/\"},{\"@type\":\"ListItem\",\"position\":3,\"name\":\"Escola do Legislativo: C\u00e2mara de Picos realizar\u00e1 cursos profissionalizantes para p\u00fablico em geral; concurso deve sair este ano\"}]},{\"@type\":\"WebSite\",\"@id\":\"https:\/\/noticiaempauta.com\/portal\/#website\",\"url\":\"https:\/\/noticiaempauta.com\/portal\/\",\"name\":\"Portal Not\u00edcia em Pauta\",\"description\":\"Voc\u00ea bem informado\",\"publisher\":{\"@id\":\"https:\/\/noticiaempauta.com\/portal\/#organization\"},\"potentialAction\":[{\"@type\":\"SearchAction\",\"target\":{\"@type\":\"EntryPoint\",\"urlTemplate\":\"https:\/\/noticiaempauta.com\/portal\/?s={search_term_string}\"},\"query-input\":{\"@type\":\"PropertyValueSpecification\",\"valueRequired\":true,\"valueName\":\"search_term_string\"}}],\"inLanguage\":\"pt-BR\"},{\"@type\":\"Organization\",\"@id\":\"https:\/\/noticiaempauta.com\/portal\/#organization\",\"name\":\"Portal Not\u00edcia em Pauta\",\"url\":\"https:\/\/noticiaempauta.com\/portal\/\",\"logo\":{\"@type\":\"ImageObject\",\"inLanguage\":\"pt-BR\",\"@id\":\"https:\/\/noticiaempauta.com\/portal\/#\/schema\/logo\/image\/\",\"url\":\"https:\/\/noticiaempauta.com\/portal\/wp-content\/uploads\/2022\/08\/logomarca_tema.fw_.png\",\"contentUrl\":\"https:\/\/noticiaempauta.com\/portal\/wp-content\/uploads\/2022\/08\/logomarca_tema.fw_.png\",\"width\":400,\"height\":232,\"caption\":\"Portal Not\u00edcia em Pauta\"},\"image\":{\"@id\":\"https:\/\/noticiaempauta.com\/portal\/#\/schema\/logo\/image\/\"},\"sameAs\":[\"https:\/\/www.facebook.com\/Portal-Notcia-Em-Pauta-102292869264820\/\",\"https:\/\/www.instagram.com\/portalnoticiaempauta\/\"]},{\"@type\":\"Person\",\"@id\":\"https:\/\/noticiaempauta.com\/portal\/#\/schema\/person\/a74af43dd1ab3deca45f988c717d57ac\",\"name\":\"Reda\u00e7\u00e3o\",\"image\":{\"@type\":\"ImageObject\",\"inLanguage\":\"pt-BR\",\"@id\":\"https:\/\/noticiaempauta.com\/portal\/#\/schema\/person\/image\/\",\"url\":\"https:\/\/secure.gravatar.com\/avatar\/03179346ecce6cdfc13361603e8f54242a90e5cde8618fa23c5c00aa2b0aadf3?s=96&d=mm&r=g\",\"contentUrl\":\"https:\/\/secure.gravatar.com\/avatar\/03179346ecce6cdfc13361603e8f54242a90e5cde8618fa23c5c00aa2b0aadf3?s=96&d=mm&r=g\",\"caption\":\"Reda\u00e7\u00e3o\"},\"sameAs\":[\"https:\/\/noticiaempauta.com\/portal\/\"],\"url\":\"https:\/\/noticiaempauta.com\/portal\/author\/fernando\/\"}]}<\/script>\n<!-- \/ Yoast SEO Premium plugin. -->","yoast_head_json":{"title":"Escola do Legislativo: C\u00e2mara de Picos realizar\u00e1 cursos profissionalizantes para p\u00fablico em geral; concurso deve sair este ano - Portal Not\u00edcia em Pauta","robots":{"index":"index","follow":"follow","max-snippet":"max-snippet:-1","max-image-preview":"max-image-preview:large","max-video-preview":"max-video-preview:-1"},"canonical":"https:\/\/noticiaempauta.com\/portal\/escola-do-legislativo-camara-de-picos-realizara-cursos-profissionalizantes-para-publico-em-geral-concurso-deve-sair-este-ano\/","og_locale":"pt_BR","og_type":"article","og_title":"Escola do Legislativo: C\u00e2mara de Picos realizar\u00e1 cursos profissionalizantes para p\u00fablico em geral; concurso deve sair este ano","og_description":"A C\u00e2mara de Vereadores de Picos est\u00e1 com um projeto em andamento chamado Escola Legislativa, que visa a capacita\u00e7\u00e3o da popula\u00e7\u00e3o mais carente para a obten\u00e7\u00e3o de empregos. Ser\u00e3o ofertados cursos de inform\u00e1tica b\u00e1sica, manicure, designer de sobrancelha e gar\u00e7om. Ser\u00e3o 50 vagas para cada uma das modalidades, com inscri\u00e7\u00f5es gratuitas e por ordem de [&hellip;]","og_url":"https:\/\/noticiaempauta.com\/portal\/escola-do-legislativo-camara-de-picos-realizara-cursos-profissionalizantes-para-publico-em-geral-concurso-deve-sair-este-ano\/","og_site_name":"Portal Not\u00edcia em Pauta","article_publisher":"https:\/\/www.facebook.com\/Portal-Notcia-Em-Pauta-102292869264820\/","article_published_time":"2024-06-26T20:13:21+00:00","article_modified_time":"2024-06-26T20:13:22+00:00","og_image":[{"width":1170,"height":878,"url":"https:\/\/noticiaempauta.com\/portal\/wp-content\/uploads\/2024\/06\/eriberto-2-1.jpeg","type":"image\/jpeg"}],"author":"Reda\u00e7\u00e3o","twitter_card":"summary_large_image","twitter_misc":{"Escrito por":"Reda\u00e7\u00e3o","Est. tempo de leitura":"2 minutos"},"schema":{"@context":"https:\/\/schema.org","@graph":[{"@type":"Article","@id":"https:\/\/noticiaempauta.com\/portal\/escola-do-legislativo-camara-de-picos-realizara-cursos-profissionalizantes-para-publico-em-geral-concurso-deve-sair-este-ano\/#article","isPartOf":{"@id":"https:\/\/noticiaempauta.com\/portal\/escola-do-legislativo-camara-de-picos-realizara-cursos-profissionalizantes-para-publico-em-geral-concurso-deve-sair-este-ano\/"},"author":{"name":"Reda\u00e7\u00e3o","@id":"https:\/\/noticiaempauta.com\/portal\/#\/schema\/person\/a74af43dd1ab3deca45f988c717d57ac"},"headline":"Escola do Legislativo: C\u00e2mara de Picos realizar\u00e1 cursos profissionalizantes para p\u00fablico em geral; concurso deve sair este ano","datePublished":"2024-06-26T20:13:21+00:00","dateModified":"2024-06-26T20:13:22+00:00","mainEntityOfPage":{"@id":"https:\/\/noticiaempauta.com\/portal\/escola-do-legislativo-camara-de-picos-realizara-cursos-profissionalizantes-para-publico-em-geral-concurso-deve-sair-este-ano\/"},"wordCount":336,"commentCount":0,"publisher":{"@id":"https:\/\/noticiaempauta.com\/portal\/#organization"},"image":{"@id":"https:\/\/noticiaempauta.com\/portal\/escola-do-legislativo-camara-de-picos-realizara-cursos-profissionalizantes-para-publico-em-geral-concurso-deve-sair-este-ano\/#primaryimage"},"thumbnailUrl":"https:\/\/noticiaempauta.com\/portal\/wp-content\/uploads\/2024\/06\/eriberto-2-1.jpeg","keywords":["destaqueprincipal"],"articleSection":["Destaques","Geral","Todas as Not\u00edcias"],"inLanguage":"pt-BR","potentialAction":[{"@type":"CommentAction","name":"Comment","target":["https:\/\/noticiaempauta.com\/portal\/escola-do-legislativo-camara-de-picos-realizara-cursos-profissionalizantes-para-publico-em-geral-concurso-deve-sair-este-ano\/#respond"]}]},{"@type":"WebPage","@id":"https:\/\/noticiaempauta.com\/portal\/escola-do-legislativo-camara-de-picos-realizara-cursos-profissionalizantes-para-publico-em-geral-concurso-deve-sair-este-ano\/","url":"https:\/\/noticiaempauta.com\/portal\/escola-do-legislativo-camara-de-picos-realizara-cursos-profissionalizantes-para-publico-em-geral-concurso-deve-sair-este-ano\/","name":"Escola do Legislativo: C\u00e2mara de Picos realizar\u00e1 cursos profissionalizantes para p\u00fablico em geral; concurso deve sair este ano - Portal Not\u00edcia em Pauta","isPartOf":{"@id":"https:\/\/noticiaempauta.com\/portal\/#website"},"primaryImageOfPage":{"@id":"https:\/\/noticiaempauta.com\/portal\/escola-do-legislativo-camara-de-picos-realizara-cursos-profissionalizantes-para-publico-em-geral-concurso-deve-sair-este-ano\/#primaryimage"},"image":{"@id":"https:\/\/noticiaempauta.com\/portal\/escola-do-legislativo-camara-de-picos-realizara-cursos-profissionalizantes-para-publico-em-geral-concurso-deve-sair-este-ano\/#primaryimage"},"thumbnailUrl":"https:\/\/noticiaempauta.com\/portal\/wp-content\/uploads\/2024\/06\/eriberto-2-1.jpeg","datePublished":"2024-06-26T20:13:21+00:00","dateModified":"2024-06-26T20:13:22+00:00","breadcrumb":{"@id":"https:\/\/noticiaempauta.com\/portal\/escola-do-legislativo-camara-de-picos-realizara-cursos-profissionalizantes-para-publico-em-geral-concurso-deve-sair-este-ano\/#breadcrumb"},"inLanguage":"pt-BR","potentialAction":[{"@type":"ReadAction","target":["https:\/\/noticiaempauta.com\/portal\/escola-do-legislativo-camara-de-picos-realizara-cursos-profissionalizantes-para-publico-em-geral-concurso-deve-sair-este-ano\/"]}]},{"@type":"ImageObject","inLanguage":"pt-BR","@id":"https:\/\/noticiaempauta.com\/portal\/escola-do-legislativo-camara-de-picos-realizara-cursos-profissionalizantes-para-publico-em-geral-concurso-deve-sair-este-ano\/#primaryimage","url":"https:\/\/noticiaempauta.com\/portal\/wp-content\/uploads\/2024\/06\/eriberto-2-1.jpeg","contentUrl":"https:\/\/noticiaempauta.com\/portal\/wp-content\/uploads\/2024\/06\/eriberto-2-1.jpeg","width":1170,"height":878},{"@type":"BreadcrumbList","@id":"https:\/\/noticiaempauta.com\/portal\/escola-do-legislativo-camara-de-picos-realizara-cursos-profissionalizantes-para-publico-em-geral-concurso-deve-sair-este-ano\/#breadcrumb","itemListElement":[{"@type":"ListItem","position":1,"name":"P\u00e1gina Inicial","item":"https:\/\/noticiaempauta.com\/portal\/"},{"@type":"ListItem","position":2,"name":"Destaques","item":"https:\/\/noticiaempauta.com\/portal\/destaques-site\/"},{"@type":"ListItem","position":3,"name":"Escola do Legislativo: C\u00e2mara de Picos realizar\u00e1 cursos profissionalizantes para p\u00fablico em geral; concurso deve sair este ano"}]},{"@type":"WebSite","@id":"https:\/\/noticiaempauta.com\/portal\/#website","url":"https:\/\/noticiaempauta.com\/portal\/","name":"Portal Not\u00edcia em Pauta","description":"Voc\u00ea bem informado","publisher":{"@id":"https:\/\/noticiaempauta.com\/portal\/#organization"},"potentialAction":[{"@type":"SearchAction","target":{"@type":"EntryPoint","urlTemplate":"https:\/\/noticiaempauta.com\/portal\/?s={search_term_string}"},"query-input":{"@type":"PropertyValueSpecification","valueRequired":true,"valueName":"search_term_string"}}],"inLanguage":"pt-BR"},{"@type":"Organization","@id":"https:\/\/noticiaempauta.com\/portal\/#organization","name":"Portal Not\u00edcia em Pauta","url":"https:\/\/noticiaempauta.com\/portal\/","logo":{"@type":"ImageObject","inLanguage":"pt-BR","@id":"https:\/\/noticiaempauta.com\/portal\/#\/schema\/logo\/image\/","url":"https:\/\/noticiaempauta.com\/portal\/wp-content\/uploads\/2022\/08\/logomarca_tema.fw_.png","contentUrl":"https:\/\/noticiaempauta.com\/portal\/wp-content\/uploads\/2022\/08\/logomarca_tema.fw_.png","width":400,"height":232,"caption":"Portal Not\u00edcia em Pauta"},"image":{"@id":"https:\/\/noticiaempauta.com\/portal\/#\/schema\/logo\/image\/"},"sameAs":["https:\/\/www.facebook.com\/Portal-Notcia-Em-Pauta-102292869264820\/","https:\/\/www.instagram.com\/portalnoticiaempauta\/"]},{"@type":"Person","@id":"https:\/\/noticiaempauta.com\/portal\/#\/schema\/person\/a74af43dd1ab3deca45f988c717d57ac","name":"Reda\u00e7\u00e3o","image":{"@type":"ImageObject","inLanguage":"pt-BR","@id":"https:\/\/noticiaempauta.com\/portal\/#\/schema\/person\/image\/","url":"https:\/\/secure.gravatar.com\/avatar\/03179346ecce6cdfc13361603e8f54242a90e5cde8618fa23c5c00aa2b0aadf3?s=96&d=mm&r=g","contentUrl":"https:\/\/secure.gravatar.com\/avatar\/03179346ecce6cdfc13361603e8f54242a90e5cde8618fa23c5c00aa2b0aadf3?s=96&d=mm&r=g","caption":"Reda\u00e7\u00e3o"},"sameAs":["https:\/\/noticiaempauta.com\/portal\/"],"url":"https:\/\/noticiaempauta.com\/portal\/author\/fernando\/"}]}},"_links":{"self":[{"href":"https:\/\/noticiaempauta.com\/portal\/wp-json\/wp\/v2\/posts\/259256","targetHints":{"allow":["GET"]}}],"collection":[{"href":"https:\/\/noticiaempauta.com\/portal\/wp-json\/wp\/v2\/posts"}],"about":[{"href":"https:\/\/noticiaempauta.com\/portal\/wp-json\/wp\/v2\/types\/post"}],"author":[{"embeddable":true,"href":"https:\/\/noticiaempauta.com\/portal\/wp-json\/wp\/v2\/users\/2"}],"replies":[{"embeddable":true,"href":"https:\/\/noticiaempauta.com\/portal\/wp-json\/wp\/v2\/comments?post=259256"}],"version-history":[{"count":2,"href":"https:\/\/noticiaempauta.com\/portal\/wp-json\/wp\/v2\/posts\/259256\/revisions"}],"predecessor-version":[{"id":259260,"href":"https:\/\/noticiaempauta.com\/portal\/wp-json\/wp\/v2\/posts\/259256\/revisions\/259260"}],"wp:featuredmedia":[{"embeddable":true,"href":"https:\/\/noticiaempauta.com\/portal\/wp-json\/wp\/v2\/media\/259258"}],"wp:attachment":[{"href":"https:\/\/noticiaempauta.com\/portal\/wp-json\/wp\/v2\/media?parent=259256"}],"wp:term":[{"taxonomy":"category","embeddable":true,"href":"https:\/\/noticiaempauta.com\/portal\/wp-json\/wp\/v2\/categories?post=259256"},{"taxonomy":"post_tag","embeddable":true,"href":"https:\/\/noticiaempauta.com\/portal\/wp-json\/wp\/v2\/tags?post=259256"}],"curies":[{"name":"wp","href":"https:\/\/api.w.org\/{rel}","templated":true}]}}