{"id":259267,"date":"2024-06-27T08:49:29","date_gmt":"2024-06-27T11:49:29","guid":{"rendered":"https:\/\/noticiaempauta.com\/portal\/?p=259267"},"modified":"2024-06-27T08:49:30","modified_gmt":"2024-06-27T11:49:30","slug":"ex-executivos-das-americanas-sao-alvos-de-operacao-contra-fraude-de-r-25-bilhoes","status":"publish","type":"post","link":"https:\/\/noticiaempauta.com\/portal\/ex-executivos-das-americanas-sao-alvos-de-operacao-contra-fraude-de-r-25-bilhoes\/","title":{"rendered":"Ex-executivos das Americanas s\u00e3o alvos de opera\u00e7\u00e3o contra fraude de R$ 25 bilh\u00f5es"},"content":{"rendered":"\n<p>Nesta quinta-feira (27), a\u00a0Pol\u00edcia Federal (PF)\u00a0deu in\u00edcio \u00e0\u00a0Opera\u00e7\u00e3o Disclosure, que investiga\u00a0fraudes nas Lojas Americanas, estimadas em\u00a0R$ 25 bilh\u00f5es. Agentes foram mobilizados para cumprir 2 mandados de pris\u00e3o preventiva e 15 de busca e apreens\u00e3o contra ex-executivos do grupo.<\/p>\n\n\n\n<figure class=\"wp-block-image size-large\"><img fetchpriority=\"high\" decoding=\"async\" width=\"1024\" height=\"683\" src=\"https:\/\/noticiaempauta.com\/portal\/wp-content\/uploads\/2024\/06\/ex-executivos-das-americanas-sao-alvos-de-operacao-contra-fraude-de-r-25-bi-8c9435e5-2d89-4935-8432-4e80fe2dd3ff.jpg-1024x683.webp\" alt=\"\" class=\"wp-image-259268\" srcset=\"https:\/\/noticiaempauta.com\/portal\/wp-content\/uploads\/2024\/06\/ex-executivos-das-americanas-sao-alvos-de-operacao-contra-fraude-de-r-25-bi-8c9435e5-2d89-4935-8432-4e80fe2dd3ff.jpg-1024x683.webp 1024w, https:\/\/noticiaempauta.com\/portal\/wp-content\/uploads\/2024\/06\/ex-executivos-das-americanas-sao-alvos-de-operacao-contra-fraude-de-r-25-bi-8c9435e5-2d89-4935-8432-4e80fe2dd3ff.jpg-300x200.webp 300w, https:\/\/noticiaempauta.com\/portal\/wp-content\/uploads\/2024\/06\/ex-executivos-das-americanas-sao-alvos-de-operacao-contra-fraude-de-r-25-bi-8c9435e5-2d89-4935-8432-4e80fe2dd3ff.jpg-768x512.webp 768w, https:\/\/noticiaempauta.com\/portal\/wp-content\/uploads\/2024\/06\/ex-executivos-das-americanas-sao-alvos-de-operacao-contra-fraude-de-r-25-bi-8c9435e5-2d89-4935-8432-4e80fe2dd3ff.jpg.webp 1200w\" sizes=\"(max-width: 1024px) 100vw, 1024px\" \/><\/figure>\n\n\n\n<p>Segundo apura\u00e7\u00e3o,\u00a0os procurados est\u00e3o no exterior e seus nomes ser\u00e3o adicionados \u00e0 lista de foragidos da Interpol. A 10\u00aa Vara Federal Criminal tamb\u00e9m ordenou o bloqueio de bens dos ex-executivos, totalizando meio bilh\u00e3o de reais.<\/p>\n\n\n\n<h2 class=\"wp-block-heading\">QUAIS CRIMES FORAM IDENTIFICADOS?<\/h2>\n\n\n\n<p>A investiga\u00e7\u00e3o identificou a pr\u00e1tica de diversos crimes, incluindo manipula\u00e7\u00e3o de mercado, uso de informa\u00e7\u00f5es privilegiadas (insider trading), forma\u00e7\u00e3o de quadrilha e lavagem de dinheiro. Se condenados,\u00a0os envolvidos poder\u00e3o enfrentar penas de at\u00e9 26 anos de pris\u00e3o.\u00a0<\/p>\n\n\n\n<h2 class=\"wp-block-heading\">PRIS\u00d5ES E SEQUESTRO DE BENS<\/h2>\n\n\n\n<p>Aproximadamente 80 policiais federais\u00a0cumpriram dois mandados de pris\u00e3o preventiva\u00a0e 15 de busca e apreens\u00e3o nas resid\u00eancias dos ex-diretores das Americanas no Rio de Janeiro. A Justi\u00e7a Federal determinou tamb\u00e9m o\u00a0sequestro de bens e valores dos ex-diretores, totalizando mais de meio bilh\u00e3o de reais.<\/p>\n\n\n\n<h2 class=\"wp-block-heading\">PARTICIPA\u00c7\u00d5ES NA OPERA\u00c7\u00c3O<\/h2>\n\n\n\n<p>A opera\u00e7\u00e3o contou com a participa\u00e7\u00e3o de procuradores do Minist\u00e9rio P\u00fablico Federal (MPF) e representantes da Comiss\u00e3o de Valores Mobili\u00e1rios (CVM). A atual administra\u00e7\u00e3o do Grupo Americanas tamb\u00e9m colaborou, fornecendo informa\u00e7\u00f5es da empresa. &nbsp;<\/p>\n\n\n\n<p>A express\u00e3o \u201cdisclosure\u201d \u00e9 muito utilizada no mercado financeiro e significa o ato de fornecer informa\u00e7\u00f5es para todos os interessados na situa\u00e7\u00e3o de uma companhia, que pode ser traduzido como o ato de dar transpar\u00eancia \u00e0 situa\u00e7\u00e3o econ\u00f4mica da empresa.<\/p>\n\n\n\n<p><strong><em>Fonte: Meio News<\/em><\/strong><\/p>\n","protected":false},"excerpt":{"rendered":"<p>A Justi\u00e7a Federal determinou o sequestro de bens e valores destes ex-diretores que somam mais de meio bilh\u00e3o de reais.<\/p>\n","protected":false},"author":2,"featured_media":259268,"comment_status":"open","ping_status":"open","sticky":false,"template":"","format":"standard","meta":{"_mi_skip_tracking":false,"footnotes":""},"categories":[25,1,137,16],"tags":[192],"class_list":["post-259267","post","type-post","status-publish","format-standard","has-post-thumbnail","hentry","category-destaques-site","category-geral","category-policia","category-todas","tag-destaqueprincipal"],"acf":[],"yoast_head":"<!-- This site is optimized with the Yoast SEO Premium plugin v19.2 (Yoast SEO v26.9) - https:\/\/yoast.com\/product\/yoast-seo-premium-wordpress\/ -->\n<title>Ex-executivos das Americanas s\u00e3o alvos de opera\u00e7\u00e3o contra fraude de R$ 25 bilh\u00f5es - Portal Not\u00edcia em Pauta<\/title>\n<meta name=\"robots\" content=\"index, follow, max-snippet:-1, max-image-preview:large, max-video-preview:-1\" \/>\n<link rel=\"canonical\" href=\"https:\/\/noticiaempauta.com\/portal\/ex-executivos-das-americanas-sao-alvos-de-operacao-contra-fraude-de-r-25-bilhoes\/\" \/>\n<meta property=\"og:locale\" content=\"pt_BR\" \/>\n<meta property=\"og:type\" content=\"article\" \/>\n<meta property=\"og:title\" content=\"Ex-executivos das Americanas s\u00e3o alvos de opera\u00e7\u00e3o contra fraude de R$ 25 bilh\u00f5es\" \/>\n<meta property=\"og:description\" content=\"A Justi\u00e7a Federal determinou o sequestro de bens e valores destes ex-diretores que somam mais de meio bilh\u00e3o de reais.\" \/>\n<meta property=\"og:url\" content=\"https:\/\/noticiaempauta.com\/portal\/ex-executivos-das-americanas-sao-alvos-de-operacao-contra-fraude-de-r-25-bilhoes\/\" \/>\n<meta property=\"og:site_name\" content=\"Portal Not\u00edcia em Pauta\" \/>\n<meta property=\"article:publisher\" content=\"https:\/\/www.facebook.com\/Portal-Notcia-Em-Pauta-102292869264820\/\" \/>\n<meta property=\"article:published_time\" content=\"2024-06-27T11:49:29+00:00\" \/>\n<meta property=\"article:modified_time\" content=\"2024-06-27T11:49:30+00:00\" \/>\n<meta property=\"og:image\" content=\"https:\/\/noticiaempauta.com\/portal\/wp-content\/uploads\/2024\/06\/ex-executivos-das-americanas-sao-alvos-de-operacao-contra-fraude-de-r-25-bi-8c9435e5-2d89-4935-8432-4e80fe2dd3ff.jpg.webp\" \/>\n\t<meta property=\"og:image:width\" content=\"1200\" \/>\n\t<meta property=\"og:image:height\" content=\"800\" \/>\n\t<meta property=\"og:image:type\" content=\"image\/webp\" \/>\n<meta name=\"author\" content=\"Reda\u00e7\u00e3o\" \/>\n<meta name=\"twitter:card\" content=\"summary_large_image\" \/>\n<meta name=\"twitter:label1\" content=\"Escrito por\" \/>\n\t<meta name=\"twitter:data1\" content=\"Reda\u00e7\u00e3o\" \/>\n\t<meta name=\"twitter:label2\" content=\"Est. tempo de leitura\" \/>\n\t<meta name=\"twitter:data2\" content=\"2 minutos\" \/>\n<script type=\"application\/ld+json\" class=\"yoast-schema-graph\">{\"@context\":\"https:\/\/schema.org\",\"@graph\":[{\"@type\":\"Article\",\"@id\":\"https:\/\/noticiaempauta.com\/portal\/ex-executivos-das-americanas-sao-alvos-de-operacao-contra-fraude-de-r-25-bilhoes\/#article\",\"isPartOf\":{\"@id\":\"https:\/\/noticiaempauta.com\/portal\/ex-executivos-das-americanas-sao-alvos-de-operacao-contra-fraude-de-r-25-bilhoes\/\"},\"author\":{\"name\":\"Reda\u00e7\u00e3o\",\"@id\":\"https:\/\/noticiaempauta.com\/portal\/#\/schema\/person\/a74af43dd1ab3deca45f988c717d57ac\"},\"headline\":\"Ex-executivos das Americanas s\u00e3o alvos de opera\u00e7\u00e3o contra fraude de R$ 25 bilh\u00f5es\",\"datePublished\":\"2024-06-27T11:49:29+00:00\",\"dateModified\":\"2024-06-27T11:49:30+00:00\",\"mainEntityOfPage\":{\"@id\":\"https:\/\/noticiaempauta.com\/portal\/ex-executivos-das-americanas-sao-alvos-de-operacao-contra-fraude-de-r-25-bilhoes\/\"},\"wordCount\":297,\"commentCount\":0,\"publisher\":{\"@id\":\"https:\/\/noticiaempauta.com\/portal\/#organization\"},\"image\":{\"@id\":\"https:\/\/noticiaempauta.com\/portal\/ex-executivos-das-americanas-sao-alvos-de-operacao-contra-fraude-de-r-25-bilhoes\/#primaryimage\"},\"thumbnailUrl\":\"https:\/\/noticiaempauta.com\/portal\/wp-content\/uploads\/2024\/06\/ex-executivos-das-americanas-sao-alvos-de-operacao-contra-fraude-de-r-25-bi-8c9435e5-2d89-4935-8432-4e80fe2dd3ff.jpg.webp\",\"keywords\":[\"destaqueprincipal\"],\"articleSection\":[\"Destaques\",\"Geral\",\"Pol\u00edcia\",\"Todas as Not\u00edcias\"],\"inLanguage\":\"pt-BR\",\"potentialAction\":[{\"@type\":\"CommentAction\",\"name\":\"Comment\",\"target\":[\"https:\/\/noticiaempauta.com\/portal\/ex-executivos-das-americanas-sao-alvos-de-operacao-contra-fraude-de-r-25-bilhoes\/#respond\"]}]},{\"@type\":\"WebPage\",\"@id\":\"https:\/\/noticiaempauta.com\/portal\/ex-executivos-das-americanas-sao-alvos-de-operacao-contra-fraude-de-r-25-bilhoes\/\",\"url\":\"https:\/\/noticiaempauta.com\/portal\/ex-executivos-das-americanas-sao-alvos-de-operacao-contra-fraude-de-r-25-bilhoes\/\",\"name\":\"Ex-executivos das Americanas s\u00e3o alvos de opera\u00e7\u00e3o contra fraude de R$ 25 bilh\u00f5es - Portal Not\u00edcia em Pauta\",\"isPartOf\":{\"@id\":\"https:\/\/noticiaempauta.com\/portal\/#website\"},\"primaryImageOfPage\":{\"@id\":\"https:\/\/noticiaempauta.com\/portal\/ex-executivos-das-americanas-sao-alvos-de-operacao-contra-fraude-de-r-25-bilhoes\/#primaryimage\"},\"image\":{\"@id\":\"https:\/\/noticiaempauta.com\/portal\/ex-executivos-das-americanas-sao-alvos-de-operacao-contra-fraude-de-r-25-bilhoes\/#primaryimage\"},\"thumbnailUrl\":\"https:\/\/noticiaempauta.com\/portal\/wp-content\/uploads\/2024\/06\/ex-executivos-das-americanas-sao-alvos-de-operacao-contra-fraude-de-r-25-bi-8c9435e5-2d89-4935-8432-4e80fe2dd3ff.jpg.webp\",\"datePublished\":\"2024-06-27T11:49:29+00:00\",\"dateModified\":\"2024-06-27T11:49:30+00:00\",\"breadcrumb\":{\"@id\":\"https:\/\/noticiaempauta.com\/portal\/ex-executivos-das-americanas-sao-alvos-de-operacao-contra-fraude-de-r-25-bilhoes\/#breadcrumb\"},\"inLanguage\":\"pt-BR\",\"potentialAction\":[{\"@type\":\"ReadAction\",\"target\":[\"https:\/\/noticiaempauta.com\/portal\/ex-executivos-das-americanas-sao-alvos-de-operacao-contra-fraude-de-r-25-bilhoes\/\"]}]},{\"@type\":\"ImageObject\",\"inLanguage\":\"pt-BR\",\"@id\":\"https:\/\/noticiaempauta.com\/portal\/ex-executivos-das-americanas-sao-alvos-de-operacao-contra-fraude-de-r-25-bilhoes\/#primaryimage\",\"url\":\"https:\/\/noticiaempauta.com\/portal\/wp-content\/uploads\/2024\/06\/ex-executivos-das-americanas-sao-alvos-de-operacao-contra-fraude-de-r-25-bi-8c9435e5-2d89-4935-8432-4e80fe2dd3ff.jpg.webp\",\"contentUrl\":\"https:\/\/noticiaempauta.com\/portal\/wp-content\/uploads\/2024\/06\/ex-executivos-das-americanas-sao-alvos-de-operacao-contra-fraude-de-r-25-bi-8c9435e5-2d89-4935-8432-4e80fe2dd3ff.jpg.webp\",\"width\":1200,\"height\":800},{\"@type\":\"BreadcrumbList\",\"@id\":\"https:\/\/noticiaempauta.com\/portal\/ex-executivos-das-americanas-sao-alvos-de-operacao-contra-fraude-de-r-25-bilhoes\/#breadcrumb\",\"itemListElement\":[{\"@type\":\"ListItem\",\"position\":1,\"name\":\"P\u00e1gina Inicial\",\"item\":\"https:\/\/noticiaempauta.com\/portal\/\"},{\"@type\":\"ListItem\",\"position\":2,\"name\":\"Destaques\",\"item\":\"https:\/\/noticiaempauta.com\/portal\/destaques-site\/\"},{\"@type\":\"ListItem\",\"position\":3,\"name\":\"Ex-executivos das Americanas s\u00e3o alvos de opera\u00e7\u00e3o contra fraude de R$ 25 bilh\u00f5es\"}]},{\"@type\":\"WebSite\",\"@id\":\"https:\/\/noticiaempauta.com\/portal\/#website\",\"url\":\"https:\/\/noticiaempauta.com\/portal\/\",\"name\":\"Portal Not\u00edcia em Pauta\",\"description\":\"Voc\u00ea bem informado\",\"publisher\":{\"@id\":\"https:\/\/noticiaempauta.com\/portal\/#organization\"},\"potentialAction\":[{\"@type\":\"SearchAction\",\"target\":{\"@type\":\"EntryPoint\",\"urlTemplate\":\"https:\/\/noticiaempauta.com\/portal\/?s={search_term_string}\"},\"query-input\":{\"@type\":\"PropertyValueSpecification\",\"valueRequired\":true,\"valueName\":\"search_term_string\"}}],\"inLanguage\":\"pt-BR\"},{\"@type\":\"Organization\",\"@id\":\"https:\/\/noticiaempauta.com\/portal\/#organization\",\"name\":\"Portal Not\u00edcia em Pauta\",\"url\":\"https:\/\/noticiaempauta.com\/portal\/\",\"logo\":{\"@type\":\"ImageObject\",\"inLanguage\":\"pt-BR\",\"@id\":\"https:\/\/noticiaempauta.com\/portal\/#\/schema\/logo\/image\/\",\"url\":\"https:\/\/noticiaempauta.com\/portal\/wp-content\/uploads\/2022\/08\/logomarca_tema.fw_.png\",\"contentUrl\":\"https:\/\/noticiaempauta.com\/portal\/wp-content\/uploads\/2022\/08\/logomarca_tema.fw_.png\",\"width\":400,\"height\":232,\"caption\":\"Portal Not\u00edcia em Pauta\"},\"image\":{\"@id\":\"https:\/\/noticiaempauta.com\/portal\/#\/schema\/logo\/image\/\"},\"sameAs\":[\"https:\/\/www.facebook.com\/Portal-Notcia-Em-Pauta-102292869264820\/\",\"https:\/\/www.instagram.com\/portalnoticiaempauta\/\"]},{\"@type\":\"Person\",\"@id\":\"https:\/\/noticiaempauta.com\/portal\/#\/schema\/person\/a74af43dd1ab3deca45f988c717d57ac\",\"name\":\"Reda\u00e7\u00e3o\",\"image\":{\"@type\":\"ImageObject\",\"inLanguage\":\"pt-BR\",\"@id\":\"https:\/\/noticiaempauta.com\/portal\/#\/schema\/person\/image\/\",\"url\":\"https:\/\/secure.gravatar.com\/avatar\/03179346ecce6cdfc13361603e8f54242a90e5cde8618fa23c5c00aa2b0aadf3?s=96&d=mm&r=g\",\"contentUrl\":\"https:\/\/secure.gravatar.com\/avatar\/03179346ecce6cdfc13361603e8f54242a90e5cde8618fa23c5c00aa2b0aadf3?s=96&d=mm&r=g\",\"caption\":\"Reda\u00e7\u00e3o\"},\"sameAs\":[\"https:\/\/noticiaempauta.com\/portal\/\"],\"url\":\"https:\/\/noticiaempauta.com\/portal\/author\/fernando\/\"}]}<\/script>\n<!-- \/ Yoast SEO Premium plugin. -->","yoast_head_json":{"title":"Ex-executivos das Americanas s\u00e3o alvos de opera\u00e7\u00e3o contra fraude de R$ 25 bilh\u00f5es - Portal Not\u00edcia em Pauta","robots":{"index":"index","follow":"follow","max-snippet":"max-snippet:-1","max-image-preview":"max-image-preview:large","max-video-preview":"max-video-preview:-1"},"canonical":"https:\/\/noticiaempauta.com\/portal\/ex-executivos-das-americanas-sao-alvos-de-operacao-contra-fraude-de-r-25-bilhoes\/","og_locale":"pt_BR","og_type":"article","og_title":"Ex-executivos das Americanas s\u00e3o alvos de opera\u00e7\u00e3o contra fraude de R$ 25 bilh\u00f5es","og_description":"A Justi\u00e7a Federal determinou o sequestro de bens e valores destes ex-diretores que somam mais de meio bilh\u00e3o de reais.","og_url":"https:\/\/noticiaempauta.com\/portal\/ex-executivos-das-americanas-sao-alvos-de-operacao-contra-fraude-de-r-25-bilhoes\/","og_site_name":"Portal Not\u00edcia em Pauta","article_publisher":"https:\/\/www.facebook.com\/Portal-Notcia-Em-Pauta-102292869264820\/","article_published_time":"2024-06-27T11:49:29+00:00","article_modified_time":"2024-06-27T11:49:30+00:00","og_image":[{"width":1200,"height":800,"url":"https:\/\/noticiaempauta.com\/portal\/wp-content\/uploads\/2024\/06\/ex-executivos-das-americanas-sao-alvos-de-operacao-contra-fraude-de-r-25-bi-8c9435e5-2d89-4935-8432-4e80fe2dd3ff.jpg.webp","type":"image\/webp"}],"author":"Reda\u00e7\u00e3o","twitter_card":"summary_large_image","twitter_misc":{"Escrito por":"Reda\u00e7\u00e3o","Est. tempo de leitura":"2 minutos"},"schema":{"@context":"https:\/\/schema.org","@graph":[{"@type":"Article","@id":"https:\/\/noticiaempauta.com\/portal\/ex-executivos-das-americanas-sao-alvos-de-operacao-contra-fraude-de-r-25-bilhoes\/#article","isPartOf":{"@id":"https:\/\/noticiaempauta.com\/portal\/ex-executivos-das-americanas-sao-alvos-de-operacao-contra-fraude-de-r-25-bilhoes\/"},"author":{"name":"Reda\u00e7\u00e3o","@id":"https:\/\/noticiaempauta.com\/portal\/#\/schema\/person\/a74af43dd1ab3deca45f988c717d57ac"},"headline":"Ex-executivos das Americanas s\u00e3o alvos de opera\u00e7\u00e3o contra fraude de R$ 25 bilh\u00f5es","datePublished":"2024-06-27T11:49:29+00:00","dateModified":"2024-06-27T11:49:30+00:00","mainEntityOfPage":{"@id":"https:\/\/noticiaempauta.com\/portal\/ex-executivos-das-americanas-sao-alvos-de-operacao-contra-fraude-de-r-25-bilhoes\/"},"wordCount":297,"commentCount":0,"publisher":{"@id":"https:\/\/noticiaempauta.com\/portal\/#organization"},"image":{"@id":"https:\/\/noticiaempauta.com\/portal\/ex-executivos-das-americanas-sao-alvos-de-operacao-contra-fraude-de-r-25-bilhoes\/#primaryimage"},"thumbnailUrl":"https:\/\/noticiaempauta.com\/portal\/wp-content\/uploads\/2024\/06\/ex-executivos-das-americanas-sao-alvos-de-operacao-contra-fraude-de-r-25-bi-8c9435e5-2d89-4935-8432-4e80fe2dd3ff.jpg.webp","keywords":["destaqueprincipal"],"articleSection":["Destaques","Geral","Pol\u00edcia","Todas as Not\u00edcias"],"inLanguage":"pt-BR","potentialAction":[{"@type":"CommentAction","name":"Comment","target":["https:\/\/noticiaempauta.com\/portal\/ex-executivos-das-americanas-sao-alvos-de-operacao-contra-fraude-de-r-25-bilhoes\/#respond"]}]},{"@type":"WebPage","@id":"https:\/\/noticiaempauta.com\/portal\/ex-executivos-das-americanas-sao-alvos-de-operacao-contra-fraude-de-r-25-bilhoes\/","url":"https:\/\/noticiaempauta.com\/portal\/ex-executivos-das-americanas-sao-alvos-de-operacao-contra-fraude-de-r-25-bilhoes\/","name":"Ex-executivos das Americanas s\u00e3o alvos de opera\u00e7\u00e3o contra fraude de R$ 25 bilh\u00f5es - Portal Not\u00edcia em Pauta","isPartOf":{"@id":"https:\/\/noticiaempauta.com\/portal\/#website"},"primaryImageOfPage":{"@id":"https:\/\/noticiaempauta.com\/portal\/ex-executivos-das-americanas-sao-alvos-de-operacao-contra-fraude-de-r-25-bilhoes\/#primaryimage"},"image":{"@id":"https:\/\/noticiaempauta.com\/portal\/ex-executivos-das-americanas-sao-alvos-de-operacao-contra-fraude-de-r-25-bilhoes\/#primaryimage"},"thumbnailUrl":"https:\/\/noticiaempauta.com\/portal\/wp-content\/uploads\/2024\/06\/ex-executivos-das-americanas-sao-alvos-de-operacao-contra-fraude-de-r-25-bi-8c9435e5-2d89-4935-8432-4e80fe2dd3ff.jpg.webp","datePublished":"2024-06-27T11:49:29+00:00","dateModified":"2024-06-27T11:49:30+00:00","breadcrumb":{"@id":"https:\/\/noticiaempauta.com\/portal\/ex-executivos-das-americanas-sao-alvos-de-operacao-contra-fraude-de-r-25-bilhoes\/#breadcrumb"},"inLanguage":"pt-BR","potentialAction":[{"@type":"ReadAction","target":["https:\/\/noticiaempauta.com\/portal\/ex-executivos-das-americanas-sao-alvos-de-operacao-contra-fraude-de-r-25-bilhoes\/"]}]},{"@type":"ImageObject","inLanguage":"pt-BR","@id":"https:\/\/noticiaempauta.com\/portal\/ex-executivos-das-americanas-sao-alvos-de-operacao-contra-fraude-de-r-25-bilhoes\/#primaryimage","url":"https:\/\/noticiaempauta.com\/portal\/wp-content\/uploads\/2024\/06\/ex-executivos-das-americanas-sao-alvos-de-operacao-contra-fraude-de-r-25-bi-8c9435e5-2d89-4935-8432-4e80fe2dd3ff.jpg.webp","contentUrl":"https:\/\/noticiaempauta.com\/portal\/wp-content\/uploads\/2024\/06\/ex-executivos-das-americanas-sao-alvos-de-operacao-contra-fraude-de-r-25-bi-8c9435e5-2d89-4935-8432-4e80fe2dd3ff.jpg.webp","width":1200,"height":800},{"@type":"BreadcrumbList","@id":"https:\/\/noticiaempauta.com\/portal\/ex-executivos-das-americanas-sao-alvos-de-operacao-contra-fraude-de-r-25-bilhoes\/#breadcrumb","itemListElement":[{"@type":"ListItem","position":1,"name":"P\u00e1gina Inicial","item":"https:\/\/noticiaempauta.com\/portal\/"},{"@type":"ListItem","position":2,"name":"Destaques","item":"https:\/\/noticiaempauta.com\/portal\/destaques-site\/"},{"@type":"ListItem","position":3,"name":"Ex-executivos das Americanas s\u00e3o alvos de opera\u00e7\u00e3o contra fraude de R$ 25 bilh\u00f5es"}]},{"@type":"WebSite","@id":"https:\/\/noticiaempauta.com\/portal\/#website","url":"https:\/\/noticiaempauta.com\/portal\/","name":"Portal Not\u00edcia em Pauta","description":"Voc\u00ea bem informado","publisher":{"@id":"https:\/\/noticiaempauta.com\/portal\/#organization"},"potentialAction":[{"@type":"SearchAction","target":{"@type":"EntryPoint","urlTemplate":"https:\/\/noticiaempauta.com\/portal\/?s={search_term_string}"},"query-input":{"@type":"PropertyValueSpecification","valueRequired":true,"valueName":"search_term_string"}}],"inLanguage":"pt-BR"},{"@type":"Organization","@id":"https:\/\/noticiaempauta.com\/portal\/#organization","name":"Portal Not\u00edcia em Pauta","url":"https:\/\/noticiaempauta.com\/portal\/","logo":{"@type":"ImageObject","inLanguage":"pt-BR","@id":"https:\/\/noticiaempauta.com\/portal\/#\/schema\/logo\/image\/","url":"https:\/\/noticiaempauta.com\/portal\/wp-content\/uploads\/2022\/08\/logomarca_tema.fw_.png","contentUrl":"https:\/\/noticiaempauta.com\/portal\/wp-content\/uploads\/2022\/08\/logomarca_tema.fw_.png","width":400,"height":232,"caption":"Portal Not\u00edcia em Pauta"},"image":{"@id":"https:\/\/noticiaempauta.com\/portal\/#\/schema\/logo\/image\/"},"sameAs":["https:\/\/www.facebook.com\/Portal-Notcia-Em-Pauta-102292869264820\/","https:\/\/www.instagram.com\/portalnoticiaempauta\/"]},{"@type":"Person","@id":"https:\/\/noticiaempauta.com\/portal\/#\/schema\/person\/a74af43dd1ab3deca45f988c717d57ac","name":"Reda\u00e7\u00e3o","image":{"@type":"ImageObject","inLanguage":"pt-BR","@id":"https:\/\/noticiaempauta.com\/portal\/#\/schema\/person\/image\/","url":"https:\/\/secure.gravatar.com\/avatar\/03179346ecce6cdfc13361603e8f54242a90e5cde8618fa23c5c00aa2b0aadf3?s=96&d=mm&r=g","contentUrl":"https:\/\/secure.gravatar.com\/avatar\/03179346ecce6cdfc13361603e8f54242a90e5cde8618fa23c5c00aa2b0aadf3?s=96&d=mm&r=g","caption":"Reda\u00e7\u00e3o"},"sameAs":["https:\/\/noticiaempauta.com\/portal\/"],"url":"https:\/\/noticiaempauta.com\/portal\/author\/fernando\/"}]}},"_links":{"self":[{"href":"https:\/\/noticiaempauta.com\/portal\/wp-json\/wp\/v2\/posts\/259267","targetHints":{"allow":["GET"]}}],"collection":[{"href":"https:\/\/noticiaempauta.com\/portal\/wp-json\/wp\/v2\/posts"}],"about":[{"href":"https:\/\/noticiaempauta.com\/portal\/wp-json\/wp\/v2\/types\/post"}],"author":[{"embeddable":true,"href":"https:\/\/noticiaempauta.com\/portal\/wp-json\/wp\/v2\/users\/2"}],"replies":[{"embeddable":true,"href":"https:\/\/noticiaempauta.com\/portal\/wp-json\/wp\/v2\/comments?post=259267"}],"version-history":[{"count":2,"href":"https:\/\/noticiaempauta.com\/portal\/wp-json\/wp\/v2\/posts\/259267\/revisions"}],"predecessor-version":[{"id":259270,"href":"https:\/\/noticiaempauta.com\/portal\/wp-json\/wp\/v2\/posts\/259267\/revisions\/259270"}],"wp:featuredmedia":[{"embeddable":true,"href":"https:\/\/noticiaempauta.com\/portal\/wp-json\/wp\/v2\/media\/259268"}],"wp:attachment":[{"href":"https:\/\/noticiaempauta.com\/portal\/wp-json\/wp\/v2\/media?parent=259267"}],"wp:term":[{"taxonomy":"category","embeddable":true,"href":"https:\/\/noticiaempauta.com\/portal\/wp-json\/wp\/v2\/categories?post=259267"},{"taxonomy":"post_tag","embeddable":true,"href":"https:\/\/noticiaempauta.com\/portal\/wp-json\/wp\/v2\/tags?post=259267"}],"curies":[{"name":"wp","href":"https:\/\/api.w.org\/{rel}","templated":true}]}}