{"id":259321,"date":"2024-06-29T06:24:25","date_gmt":"2024-06-29T09:24:25","guid":{"rendered":"https:\/\/noticiaempauta.com\/portal\/?p=259321"},"modified":"2024-06-29T06:24:27","modified_gmt":"2024-06-29T09:24:27","slug":"exercito-entrega-pericia-do-litigio-entre-o-piaui-e-o-ceara-veja-o-que-diz-o-laudo","status":"publish","type":"post","link":"https:\/\/noticiaempauta.com\/portal\/exercito-entrega-pericia-do-litigio-entre-o-piaui-e-o-ceara-veja-o-que-diz-o-laudo\/","title":{"rendered":"Ex\u00e9rcito entrega per\u00edcia do lit\u00edgio entre o Piau\u00ed e o Cear\u00e1; veja o que diz o laudo"},"content":{"rendered":"\n<p>Nesta sexta-feira (28), o Ex\u00e9rcito brasileiro divulgou um\u00a0laudo pericial sobre a \u00e1rea em disputa na fronteira entre Piau\u00ed e Cear\u00e1, uma contenda de mais de 260 anos que se transformou em batalha judicial em 2011 e agora est\u00e1 prestes a ser decidida pelo STF (Supremo Tribunal Federal).<\/p>\n\n\n\n<figure class=\"wp-block-image size-large\"><img fetchpriority=\"high\" decoding=\"async\" width=\"1024\" height=\"582\" src=\"https:\/\/noticiaempauta.com\/portal\/wp-content\/uploads\/2024\/06\/IMG_2678-1024x582.webp\" alt=\"\" class=\"wp-image-259322\" srcset=\"https:\/\/noticiaempauta.com\/portal\/wp-content\/uploads\/2024\/06\/IMG_2678-1024x582.webp 1024w, https:\/\/noticiaempauta.com\/portal\/wp-content\/uploads\/2024\/06\/IMG_2678-300x170.webp 300w, https:\/\/noticiaempauta.com\/portal\/wp-content\/uploads\/2024\/06\/IMG_2678-768x436.webp 768w, https:\/\/noticiaempauta.com\/portal\/wp-content\/uploads\/2024\/06\/IMG_2678.webp 1056w\" sizes=\"(max-width: 1024px) 100vw, 1024px\" \/><\/figure>\n\n\n\n<p>O laudo que servir\u00e1 de base para a decis\u00e3o da ministra <strong>C\u00e1rmen L\u00facia<\/strong>, relatora do caso no Supremo, examina mapas hist\u00f3ricos, decretos imperiais e inclui visitas \u00e0 regi\u00e3o contestada pelos dois estados.<\/p>\n\n\n\n<p>O relat\u00f3rio apresenta cinco possibilidades de fronteiras, cada uma derivada de diferentes origens hist\u00f3ricas. Segundo o Ex\u00e9rcito, essa abordagem busca abranger o\u00a0m\u00e1ximo de solu\u00e7\u00f5es poss\u00edveis para que o Supremo possa resolver o lit\u00edgio.<\/p>\n\n\n\n<blockquote class=\"wp-block-quote is-layout-flow wp-block-quote-is-layout-flow\">\n<p>&#8220;Cada uma dessas alternativas apresenta vantagens e desvantagens,&#8221; menciona o relat\u00f3rio, destacando que as propostas de fronteira foram analisadas com base nos dados coletados no terreno pela equipe de per\u00edcia do Ex\u00e9rcito e nos dados do Censo 2022.<\/p>\n<\/blockquote>\n\n\n\n<p>Foram estudados 90 documentos cartogr\u00e1ficos, incluindo mapas hist\u00f3ricos e cartas topogr\u00e1ficas,\u00a0produzidos entre 1760 e 2022 por \u00f3rg\u00e3os oficiais de cartografia e particulares.<\/p>\n\n\n\n<p>Conforme explicado pelo Ex\u00e9rcito,&nbsp;<strong>cada documento reflete a tecnologia dispon\u00edvel na \u00e9poca de sua produ\u00e7\u00e3o<\/strong>, exigindo uma interpreta\u00e7\u00e3o detalhada e contextualizada.<\/p>\n\n\n\n<p>A \u00e1rea em&nbsp;<a href=\"http:\/\/www.meionews.com\/tudo-sobre\/noticias\/ceara\"><strong>disputa envolve 13 munic\u00edpios do Cear\u00e1<\/strong><\/a>, 9 do Piau\u00ed e um territ\u00f3rio de 3.000 km\u00b2, o equivalente a duas cidades de S\u00e3o Paulo. Cerca de 25 mil pessoas vivem na regi\u00e3o, valorizada pelo seu potencial econ\u00f4mico em agroneg\u00f3cio, minera\u00e7\u00e3o e energia e\u00f3lica.<\/p>\n\n\n\n<h2 class=\"wp-block-heading\"><strong><u>VIS\u00d5ES DIFERENTES<\/u><\/strong><\/h2>\n\n\n\n<p>Um dos pontos centrais da disputa \u00e9 a&nbsp;<strong>Serra da Ibiapaba<\/strong>. O Piau\u00ed defende que a fronteira entre os estados est\u00e1 no ponto mais alto da cadeia montanhosa, enquanto o Cear\u00e1 argumenta que o limite geogr\u00e1fico \u00e9 o sop\u00e9 do lado oeste, onde come\u00e7ariam as terras do estado vizinho.<\/p>\n\n\n\n<p>O Ex\u00e9rcito informou que, ap\u00f3s analisar mapas e cartas hist\u00f3ricas, n\u00e3o foi poss\u00edvel determinar a\u00a0localiza\u00e7\u00e3o exata da linha de fronteira entre os dois estados.<\/p>\n\n\n\n<p>Por fim, ressaltou a import\u00e2ncia de que a decis\u00e3o do STF considere, al\u00e9m das \u00e1reas em lit\u00edgio, as regi\u00f5es complementares para evitar a\u00a0cria\u00e7\u00e3o de enclaves territoriais de um estado dentro do outro.<\/p>\n\n\n\n<p>Meio News<\/p>\n\n\n\n<p><\/p>\n","protected":false},"excerpt":{"rendered":"<p>Nesta sexta-feira (28), o Ex\u00e9rcito brasileiro divulgou um\u00a0laudo pericial sobre a \u00e1rea em disputa na fronteira entre Piau\u00ed e Cear\u00e1, uma contenda de mais de 260 anos que se transformou em batalha judicial em 2011 e agora est\u00e1 prestes a ser decidida pelo STF (Supremo Tribunal Federal). O laudo que servir\u00e1 de base para a [&hellip;]<\/p>\n","protected":false},"author":2,"featured_media":259322,"comment_status":"open","ping_status":"open","sticky":false,"template":"","format":"standard","meta":{"_mi_skip_tracking":false,"footnotes":""},"categories":[25,1,9,16],"tags":[192],"class_list":["post-259321","post","type-post","status-publish","format-standard","has-post-thumbnail","hentry","category-destaques-site","category-geral","category-municipios","category-todas","tag-destaqueprincipal"],"acf":[],"yoast_head":"<!-- This site is optimized with the Yoast SEO Premium plugin v19.2 (Yoast SEO v26.9) - https:\/\/yoast.com\/product\/yoast-seo-premium-wordpress\/ -->\n<title>Ex\u00e9rcito entrega per\u00edcia do lit\u00edgio entre o Piau\u00ed e o Cear\u00e1; veja o que diz o laudo - Portal Not\u00edcia em Pauta<\/title>\n<meta name=\"robots\" content=\"index, follow, max-snippet:-1, max-image-preview:large, max-video-preview:-1\" \/>\n<link rel=\"canonical\" href=\"https:\/\/noticiaempauta.com\/portal\/exercito-entrega-pericia-do-litigio-entre-o-piaui-e-o-ceara-veja-o-que-diz-o-laudo\/\" \/>\n<meta property=\"og:locale\" content=\"pt_BR\" \/>\n<meta property=\"og:type\" content=\"article\" \/>\n<meta property=\"og:title\" content=\"Ex\u00e9rcito entrega per\u00edcia do lit\u00edgio entre o Piau\u00ed e o Cear\u00e1; veja o que diz o laudo\" \/>\n<meta property=\"og:description\" content=\"Nesta sexta-feira (28), o Ex\u00e9rcito brasileiro divulgou um\u00a0laudo pericial sobre a \u00e1rea em disputa na fronteira entre Piau\u00ed e Cear\u00e1, uma contenda de mais de 260 anos que se transformou em batalha judicial em 2011 e agora est\u00e1 prestes a ser decidida pelo STF (Supremo Tribunal Federal). O laudo que servir\u00e1 de base para a [&hellip;]\" \/>\n<meta property=\"og:url\" content=\"https:\/\/noticiaempauta.com\/portal\/exercito-entrega-pericia-do-litigio-entre-o-piaui-e-o-ceara-veja-o-que-diz-o-laudo\/\" \/>\n<meta property=\"og:site_name\" content=\"Portal Not\u00edcia em Pauta\" \/>\n<meta property=\"article:publisher\" content=\"https:\/\/www.facebook.com\/Portal-Notcia-Em-Pauta-102292869264820\/\" \/>\n<meta property=\"article:published_time\" content=\"2024-06-29T09:24:25+00:00\" \/>\n<meta property=\"article:modified_time\" content=\"2024-06-29T09:24:27+00:00\" \/>\n<meta property=\"og:image\" content=\"https:\/\/noticiaempauta.com\/portal\/wp-content\/uploads\/2024\/06\/IMG_2678.webp\" \/>\n\t<meta property=\"og:image:width\" content=\"1056\" \/>\n\t<meta property=\"og:image:height\" content=\"600\" \/>\n\t<meta property=\"og:image:type\" content=\"image\/webp\" \/>\n<meta name=\"author\" content=\"Reda\u00e7\u00e3o\" \/>\n<meta name=\"twitter:card\" content=\"summary_large_image\" \/>\n<meta name=\"twitter:label1\" content=\"Escrito por\" \/>\n\t<meta name=\"twitter:data1\" content=\"Reda\u00e7\u00e3o\" \/>\n\t<meta name=\"twitter:label2\" content=\"Est. tempo de leitura\" \/>\n\t<meta name=\"twitter:data2\" content=\"3 minutos\" \/>\n<script type=\"application\/ld+json\" class=\"yoast-schema-graph\">{\"@context\":\"https:\/\/schema.org\",\"@graph\":[{\"@type\":\"Article\",\"@id\":\"https:\/\/noticiaempauta.com\/portal\/exercito-entrega-pericia-do-litigio-entre-o-piaui-e-o-ceara-veja-o-que-diz-o-laudo\/#article\",\"isPartOf\":{\"@id\":\"https:\/\/noticiaempauta.com\/portal\/exercito-entrega-pericia-do-litigio-entre-o-piaui-e-o-ceara-veja-o-que-diz-o-laudo\/\"},\"author\":{\"name\":\"Reda\u00e7\u00e3o\",\"@id\":\"https:\/\/noticiaempauta.com\/portal\/#\/schema\/person\/a74af43dd1ab3deca45f988c717d57ac\"},\"headline\":\"Ex\u00e9rcito entrega per\u00edcia do lit\u00edgio entre o Piau\u00ed e o Cear\u00e1; veja o que diz o laudo\",\"datePublished\":\"2024-06-29T09:24:25+00:00\",\"dateModified\":\"2024-06-29T09:24:27+00:00\",\"mainEntityOfPage\":{\"@id\":\"https:\/\/noticiaempauta.com\/portal\/exercito-entrega-pericia-do-litigio-entre-o-piaui-e-o-ceara-veja-o-que-diz-o-laudo\/\"},\"wordCount\":408,\"commentCount\":0,\"publisher\":{\"@id\":\"https:\/\/noticiaempauta.com\/portal\/#organization\"},\"image\":{\"@id\":\"https:\/\/noticiaempauta.com\/portal\/exercito-entrega-pericia-do-litigio-entre-o-piaui-e-o-ceara-veja-o-que-diz-o-laudo\/#primaryimage\"},\"thumbnailUrl\":\"https:\/\/noticiaempauta.com\/portal\/wp-content\/uploads\/2024\/06\/IMG_2678.webp\",\"keywords\":[\"destaqueprincipal\"],\"articleSection\":[\"Destaques\",\"Geral\",\"Munic\u00edpios\",\"Todas as Not\u00edcias\"],\"inLanguage\":\"pt-BR\",\"potentialAction\":[{\"@type\":\"CommentAction\",\"name\":\"Comment\",\"target\":[\"https:\/\/noticiaempauta.com\/portal\/exercito-entrega-pericia-do-litigio-entre-o-piaui-e-o-ceara-veja-o-que-diz-o-laudo\/#respond\"]}]},{\"@type\":\"WebPage\",\"@id\":\"https:\/\/noticiaempauta.com\/portal\/exercito-entrega-pericia-do-litigio-entre-o-piaui-e-o-ceara-veja-o-que-diz-o-laudo\/\",\"url\":\"https:\/\/noticiaempauta.com\/portal\/exercito-entrega-pericia-do-litigio-entre-o-piaui-e-o-ceara-veja-o-que-diz-o-laudo\/\",\"name\":\"Ex\u00e9rcito entrega per\u00edcia do lit\u00edgio entre o Piau\u00ed e o Cear\u00e1; veja o que diz o laudo - Portal Not\u00edcia em Pauta\",\"isPartOf\":{\"@id\":\"https:\/\/noticiaempauta.com\/portal\/#website\"},\"primaryImageOfPage\":{\"@id\":\"https:\/\/noticiaempauta.com\/portal\/exercito-entrega-pericia-do-litigio-entre-o-piaui-e-o-ceara-veja-o-que-diz-o-laudo\/#primaryimage\"},\"image\":{\"@id\":\"https:\/\/noticiaempauta.com\/portal\/exercito-entrega-pericia-do-litigio-entre-o-piaui-e-o-ceara-veja-o-que-diz-o-laudo\/#primaryimage\"},\"thumbnailUrl\":\"https:\/\/noticiaempauta.com\/portal\/wp-content\/uploads\/2024\/06\/IMG_2678.webp\",\"datePublished\":\"2024-06-29T09:24:25+00:00\",\"dateModified\":\"2024-06-29T09:24:27+00:00\",\"breadcrumb\":{\"@id\":\"https:\/\/noticiaempauta.com\/portal\/exercito-entrega-pericia-do-litigio-entre-o-piaui-e-o-ceara-veja-o-que-diz-o-laudo\/#breadcrumb\"},\"inLanguage\":\"pt-BR\",\"potentialAction\":[{\"@type\":\"ReadAction\",\"target\":[\"https:\/\/noticiaempauta.com\/portal\/exercito-entrega-pericia-do-litigio-entre-o-piaui-e-o-ceara-veja-o-que-diz-o-laudo\/\"]}]},{\"@type\":\"ImageObject\",\"inLanguage\":\"pt-BR\",\"@id\":\"https:\/\/noticiaempauta.com\/portal\/exercito-entrega-pericia-do-litigio-entre-o-piaui-e-o-ceara-veja-o-que-diz-o-laudo\/#primaryimage\",\"url\":\"https:\/\/noticiaempauta.com\/portal\/wp-content\/uploads\/2024\/06\/IMG_2678.webp\",\"contentUrl\":\"https:\/\/noticiaempauta.com\/portal\/wp-content\/uploads\/2024\/06\/IMG_2678.webp\",\"width\":1056,\"height\":600},{\"@type\":\"BreadcrumbList\",\"@id\":\"https:\/\/noticiaempauta.com\/portal\/exercito-entrega-pericia-do-litigio-entre-o-piaui-e-o-ceara-veja-o-que-diz-o-laudo\/#breadcrumb\",\"itemListElement\":[{\"@type\":\"ListItem\",\"position\":1,\"name\":\"P\u00e1gina Inicial\",\"item\":\"https:\/\/noticiaempauta.com\/portal\/\"},{\"@type\":\"ListItem\",\"position\":2,\"name\":\"Destaques\",\"item\":\"https:\/\/noticiaempauta.com\/portal\/destaques-site\/\"},{\"@type\":\"ListItem\",\"position\":3,\"name\":\"Ex\u00e9rcito entrega per\u00edcia do lit\u00edgio entre o Piau\u00ed e o Cear\u00e1; veja o que diz o laudo\"}]},{\"@type\":\"WebSite\",\"@id\":\"https:\/\/noticiaempauta.com\/portal\/#website\",\"url\":\"https:\/\/noticiaempauta.com\/portal\/\",\"name\":\"Portal Not\u00edcia em Pauta\",\"description\":\"Voc\u00ea bem informado\",\"publisher\":{\"@id\":\"https:\/\/noticiaempauta.com\/portal\/#organization\"},\"potentialAction\":[{\"@type\":\"SearchAction\",\"target\":{\"@type\":\"EntryPoint\",\"urlTemplate\":\"https:\/\/noticiaempauta.com\/portal\/?s={search_term_string}\"},\"query-input\":{\"@type\":\"PropertyValueSpecification\",\"valueRequired\":true,\"valueName\":\"search_term_string\"}}],\"inLanguage\":\"pt-BR\"},{\"@type\":\"Organization\",\"@id\":\"https:\/\/noticiaempauta.com\/portal\/#organization\",\"name\":\"Portal Not\u00edcia em Pauta\",\"url\":\"https:\/\/noticiaempauta.com\/portal\/\",\"logo\":{\"@type\":\"ImageObject\",\"inLanguage\":\"pt-BR\",\"@id\":\"https:\/\/noticiaempauta.com\/portal\/#\/schema\/logo\/image\/\",\"url\":\"https:\/\/noticiaempauta.com\/portal\/wp-content\/uploads\/2022\/08\/logomarca_tema.fw_.png\",\"contentUrl\":\"https:\/\/noticiaempauta.com\/portal\/wp-content\/uploads\/2022\/08\/logomarca_tema.fw_.png\",\"width\":400,\"height\":232,\"caption\":\"Portal Not\u00edcia em Pauta\"},\"image\":{\"@id\":\"https:\/\/noticiaempauta.com\/portal\/#\/schema\/logo\/image\/\"},\"sameAs\":[\"https:\/\/www.facebook.com\/Portal-Notcia-Em-Pauta-102292869264820\/\",\"https:\/\/www.instagram.com\/portalnoticiaempauta\/\"]},{\"@type\":\"Person\",\"@id\":\"https:\/\/noticiaempauta.com\/portal\/#\/schema\/person\/a74af43dd1ab3deca45f988c717d57ac\",\"name\":\"Reda\u00e7\u00e3o\",\"image\":{\"@type\":\"ImageObject\",\"inLanguage\":\"pt-BR\",\"@id\":\"https:\/\/noticiaempauta.com\/portal\/#\/schema\/person\/image\/\",\"url\":\"https:\/\/secure.gravatar.com\/avatar\/03179346ecce6cdfc13361603e8f54242a90e5cde8618fa23c5c00aa2b0aadf3?s=96&d=mm&r=g\",\"contentUrl\":\"https:\/\/secure.gravatar.com\/avatar\/03179346ecce6cdfc13361603e8f54242a90e5cde8618fa23c5c00aa2b0aadf3?s=96&d=mm&r=g\",\"caption\":\"Reda\u00e7\u00e3o\"},\"sameAs\":[\"https:\/\/noticiaempauta.com\/portal\/\"],\"url\":\"https:\/\/noticiaempauta.com\/portal\/author\/fernando\/\"}]}<\/script>\n<!-- \/ Yoast SEO Premium plugin. -->","yoast_head_json":{"title":"Ex\u00e9rcito entrega per\u00edcia do lit\u00edgio entre o Piau\u00ed e o Cear\u00e1; veja o que diz o laudo - Portal Not\u00edcia em Pauta","robots":{"index":"index","follow":"follow","max-snippet":"max-snippet:-1","max-image-preview":"max-image-preview:large","max-video-preview":"max-video-preview:-1"},"canonical":"https:\/\/noticiaempauta.com\/portal\/exercito-entrega-pericia-do-litigio-entre-o-piaui-e-o-ceara-veja-o-que-diz-o-laudo\/","og_locale":"pt_BR","og_type":"article","og_title":"Ex\u00e9rcito entrega per\u00edcia do lit\u00edgio entre o Piau\u00ed e o Cear\u00e1; veja o que diz o laudo","og_description":"Nesta sexta-feira (28), o Ex\u00e9rcito brasileiro divulgou um\u00a0laudo pericial sobre a \u00e1rea em disputa na fronteira entre Piau\u00ed e Cear\u00e1, uma contenda de mais de 260 anos que se transformou em batalha judicial em 2011 e agora est\u00e1 prestes a ser decidida pelo STF (Supremo Tribunal Federal). O laudo que servir\u00e1 de base para a [&hellip;]","og_url":"https:\/\/noticiaempauta.com\/portal\/exercito-entrega-pericia-do-litigio-entre-o-piaui-e-o-ceara-veja-o-que-diz-o-laudo\/","og_site_name":"Portal Not\u00edcia em Pauta","article_publisher":"https:\/\/www.facebook.com\/Portal-Notcia-Em-Pauta-102292869264820\/","article_published_time":"2024-06-29T09:24:25+00:00","article_modified_time":"2024-06-29T09:24:27+00:00","og_image":[{"width":1056,"height":600,"url":"https:\/\/noticiaempauta.com\/portal\/wp-content\/uploads\/2024\/06\/IMG_2678.webp","type":"image\/webp"}],"author":"Reda\u00e7\u00e3o","twitter_card":"summary_large_image","twitter_misc":{"Escrito por":"Reda\u00e7\u00e3o","Est. tempo de leitura":"3 minutos"},"schema":{"@context":"https:\/\/schema.org","@graph":[{"@type":"Article","@id":"https:\/\/noticiaempauta.com\/portal\/exercito-entrega-pericia-do-litigio-entre-o-piaui-e-o-ceara-veja-o-que-diz-o-laudo\/#article","isPartOf":{"@id":"https:\/\/noticiaempauta.com\/portal\/exercito-entrega-pericia-do-litigio-entre-o-piaui-e-o-ceara-veja-o-que-diz-o-laudo\/"},"author":{"name":"Reda\u00e7\u00e3o","@id":"https:\/\/noticiaempauta.com\/portal\/#\/schema\/person\/a74af43dd1ab3deca45f988c717d57ac"},"headline":"Ex\u00e9rcito entrega per\u00edcia do lit\u00edgio entre o Piau\u00ed e o Cear\u00e1; veja o que diz o laudo","datePublished":"2024-06-29T09:24:25+00:00","dateModified":"2024-06-29T09:24:27+00:00","mainEntityOfPage":{"@id":"https:\/\/noticiaempauta.com\/portal\/exercito-entrega-pericia-do-litigio-entre-o-piaui-e-o-ceara-veja-o-que-diz-o-laudo\/"},"wordCount":408,"commentCount":0,"publisher":{"@id":"https:\/\/noticiaempauta.com\/portal\/#organization"},"image":{"@id":"https:\/\/noticiaempauta.com\/portal\/exercito-entrega-pericia-do-litigio-entre-o-piaui-e-o-ceara-veja-o-que-diz-o-laudo\/#primaryimage"},"thumbnailUrl":"https:\/\/noticiaempauta.com\/portal\/wp-content\/uploads\/2024\/06\/IMG_2678.webp","keywords":["destaqueprincipal"],"articleSection":["Destaques","Geral","Munic\u00edpios","Todas as Not\u00edcias"],"inLanguage":"pt-BR","potentialAction":[{"@type":"CommentAction","name":"Comment","target":["https:\/\/noticiaempauta.com\/portal\/exercito-entrega-pericia-do-litigio-entre-o-piaui-e-o-ceara-veja-o-que-diz-o-laudo\/#respond"]}]},{"@type":"WebPage","@id":"https:\/\/noticiaempauta.com\/portal\/exercito-entrega-pericia-do-litigio-entre-o-piaui-e-o-ceara-veja-o-que-diz-o-laudo\/","url":"https:\/\/noticiaempauta.com\/portal\/exercito-entrega-pericia-do-litigio-entre-o-piaui-e-o-ceara-veja-o-que-diz-o-laudo\/","name":"Ex\u00e9rcito entrega per\u00edcia do lit\u00edgio entre o Piau\u00ed e o Cear\u00e1; veja o que diz o laudo - Portal Not\u00edcia em Pauta","isPartOf":{"@id":"https:\/\/noticiaempauta.com\/portal\/#website"},"primaryImageOfPage":{"@id":"https:\/\/noticiaempauta.com\/portal\/exercito-entrega-pericia-do-litigio-entre-o-piaui-e-o-ceara-veja-o-que-diz-o-laudo\/#primaryimage"},"image":{"@id":"https:\/\/noticiaempauta.com\/portal\/exercito-entrega-pericia-do-litigio-entre-o-piaui-e-o-ceara-veja-o-que-diz-o-laudo\/#primaryimage"},"thumbnailUrl":"https:\/\/noticiaempauta.com\/portal\/wp-content\/uploads\/2024\/06\/IMG_2678.webp","datePublished":"2024-06-29T09:24:25+00:00","dateModified":"2024-06-29T09:24:27+00:00","breadcrumb":{"@id":"https:\/\/noticiaempauta.com\/portal\/exercito-entrega-pericia-do-litigio-entre-o-piaui-e-o-ceara-veja-o-que-diz-o-laudo\/#breadcrumb"},"inLanguage":"pt-BR","potentialAction":[{"@type":"ReadAction","target":["https:\/\/noticiaempauta.com\/portal\/exercito-entrega-pericia-do-litigio-entre-o-piaui-e-o-ceara-veja-o-que-diz-o-laudo\/"]}]},{"@type":"ImageObject","inLanguage":"pt-BR","@id":"https:\/\/noticiaempauta.com\/portal\/exercito-entrega-pericia-do-litigio-entre-o-piaui-e-o-ceara-veja-o-que-diz-o-laudo\/#primaryimage","url":"https:\/\/noticiaempauta.com\/portal\/wp-content\/uploads\/2024\/06\/IMG_2678.webp","contentUrl":"https:\/\/noticiaempauta.com\/portal\/wp-content\/uploads\/2024\/06\/IMG_2678.webp","width":1056,"height":600},{"@type":"BreadcrumbList","@id":"https:\/\/noticiaempauta.com\/portal\/exercito-entrega-pericia-do-litigio-entre-o-piaui-e-o-ceara-veja-o-que-diz-o-laudo\/#breadcrumb","itemListElement":[{"@type":"ListItem","position":1,"name":"P\u00e1gina Inicial","item":"https:\/\/noticiaempauta.com\/portal\/"},{"@type":"ListItem","position":2,"name":"Destaques","item":"https:\/\/noticiaempauta.com\/portal\/destaques-site\/"},{"@type":"ListItem","position":3,"name":"Ex\u00e9rcito entrega per\u00edcia do lit\u00edgio entre o Piau\u00ed e o Cear\u00e1; veja o que diz o laudo"}]},{"@type":"WebSite","@id":"https:\/\/noticiaempauta.com\/portal\/#website","url":"https:\/\/noticiaempauta.com\/portal\/","name":"Portal Not\u00edcia em Pauta","description":"Voc\u00ea bem informado","publisher":{"@id":"https:\/\/noticiaempauta.com\/portal\/#organization"},"potentialAction":[{"@type":"SearchAction","target":{"@type":"EntryPoint","urlTemplate":"https:\/\/noticiaempauta.com\/portal\/?s={search_term_string}"},"query-input":{"@type":"PropertyValueSpecification","valueRequired":true,"valueName":"search_term_string"}}],"inLanguage":"pt-BR"},{"@type":"Organization","@id":"https:\/\/noticiaempauta.com\/portal\/#organization","name":"Portal Not\u00edcia em Pauta","url":"https:\/\/noticiaempauta.com\/portal\/","logo":{"@type":"ImageObject","inLanguage":"pt-BR","@id":"https:\/\/noticiaempauta.com\/portal\/#\/schema\/logo\/image\/","url":"https:\/\/noticiaempauta.com\/portal\/wp-content\/uploads\/2022\/08\/logomarca_tema.fw_.png","contentUrl":"https:\/\/noticiaempauta.com\/portal\/wp-content\/uploads\/2022\/08\/logomarca_tema.fw_.png","width":400,"height":232,"caption":"Portal Not\u00edcia em Pauta"},"image":{"@id":"https:\/\/noticiaempauta.com\/portal\/#\/schema\/logo\/image\/"},"sameAs":["https:\/\/www.facebook.com\/Portal-Notcia-Em-Pauta-102292869264820\/","https:\/\/www.instagram.com\/portalnoticiaempauta\/"]},{"@type":"Person","@id":"https:\/\/noticiaempauta.com\/portal\/#\/schema\/person\/a74af43dd1ab3deca45f988c717d57ac","name":"Reda\u00e7\u00e3o","image":{"@type":"ImageObject","inLanguage":"pt-BR","@id":"https:\/\/noticiaempauta.com\/portal\/#\/schema\/person\/image\/","url":"https:\/\/secure.gravatar.com\/avatar\/03179346ecce6cdfc13361603e8f54242a90e5cde8618fa23c5c00aa2b0aadf3?s=96&d=mm&r=g","contentUrl":"https:\/\/secure.gravatar.com\/avatar\/03179346ecce6cdfc13361603e8f54242a90e5cde8618fa23c5c00aa2b0aadf3?s=96&d=mm&r=g","caption":"Reda\u00e7\u00e3o"},"sameAs":["https:\/\/noticiaempauta.com\/portal\/"],"url":"https:\/\/noticiaempauta.com\/portal\/author\/fernando\/"}]}},"_links":{"self":[{"href":"https:\/\/noticiaempauta.com\/portal\/wp-json\/wp\/v2\/posts\/259321","targetHints":{"allow":["GET"]}}],"collection":[{"href":"https:\/\/noticiaempauta.com\/portal\/wp-json\/wp\/v2\/posts"}],"about":[{"href":"https:\/\/noticiaempauta.com\/portal\/wp-json\/wp\/v2\/types\/post"}],"author":[{"embeddable":true,"href":"https:\/\/noticiaempauta.com\/portal\/wp-json\/wp\/v2\/users\/2"}],"replies":[{"embeddable":true,"href":"https:\/\/noticiaempauta.com\/portal\/wp-json\/wp\/v2\/comments?post=259321"}],"version-history":[{"count":2,"href":"https:\/\/noticiaempauta.com\/portal\/wp-json\/wp\/v2\/posts\/259321\/revisions"}],"predecessor-version":[{"id":259324,"href":"https:\/\/noticiaempauta.com\/portal\/wp-json\/wp\/v2\/posts\/259321\/revisions\/259324"}],"wp:featuredmedia":[{"embeddable":true,"href":"https:\/\/noticiaempauta.com\/portal\/wp-json\/wp\/v2\/media\/259322"}],"wp:attachment":[{"href":"https:\/\/noticiaempauta.com\/portal\/wp-json\/wp\/v2\/media?parent=259321"}],"wp:term":[{"taxonomy":"category","embeddable":true,"href":"https:\/\/noticiaempauta.com\/portal\/wp-json\/wp\/v2\/categories?post=259321"},{"taxonomy":"post_tag","embeddable":true,"href":"https:\/\/noticiaempauta.com\/portal\/wp-json\/wp\/v2\/tags?post=259321"}],"curies":[{"name":"wp","href":"https:\/\/api.w.org\/{rel}","templated":true}]}}