{"id":259333,"date":"2024-06-29T16:38:49","date_gmt":"2024-06-29T19:38:49","guid":{"rendered":"https:\/\/noticiaempauta.com\/portal\/?p=259333"},"modified":"2024-06-29T16:38:50","modified_gmt":"2024-06-29T19:38:50","slug":"centro-de-ensino-de-tempo-integral-araujo-luz-em-picos-recebe-mais-r-16-milhao-em-reforma","status":"publish","type":"post","link":"https:\/\/noticiaempauta.com\/portal\/centro-de-ensino-de-tempo-integral-araujo-luz-em-picos-recebe-mais-r-16-milhao-em-reforma\/","title":{"rendered":"Centro de Ensino de Tempo Integral Ara\u00fajo Luz, em Picos, recebe mais R$ 1,6 milh\u00e3o em reforma"},"content":{"rendered":"\n<p>O Centro de Ensino de Tempo Integral (CETI) Ara\u00fajo Luz, localizada no munic\u00edpio de Picos, passou por reforma e moderniza\u00e7\u00e3o. A obra foi inaugurada nesta sexta-feira (28) pelo governador Rafael Fonteles e o Secret\u00e1rio de Estado da Educa\u00e7\u00e3o, Washington Bandeira.<\/p>\n\n\n\n<p>\u201cEsta escola se tornou de tempo integral este ano e todas as 12 escolas de Picos, at\u00e9 o final do nosso governo, passar\u00e3o a ofertar esta modalidade. O investimento em infraestrutura vem em paralelo a essa mudan\u00e7a da proposta pedag\u00f3gica, ou seja, os estudantes t\u00eam \u00e0 disposi\u00e7\u00e3o uma infraestrutura adequada com laborat\u00f3rio de inform\u00e1tica, climatiza\u00e7\u00e3o&nbsp; para desenvolver os projetos de ensino do Tempo Integral\u201d, disse o governador.<\/p>\n\n\n\n<p>Por meio do programa Moderniza Seduc, foram investidos R$ 1.622.386,60 para a estrutura e aquisi\u00e7\u00e3o de materiais e equipamentos, como splits, kits para laborat\u00f3rios, conjunto aluno com mesa e cadeira, bebedouros, dentre outros.<\/p>\n\n\n\n<figure class=\"wp-block-image size-full\"><img fetchpriority=\"high\" decoding=\"async\" width=\"1000\" height=\"666\" src=\"https:\/\/noticiaempauta.com\/portal\/wp-content\/uploads\/2024\/06\/IMG_2699.png\" alt=\"\" class=\"wp-image-259334\" srcset=\"https:\/\/noticiaempauta.com\/portal\/wp-content\/uploads\/2024\/06\/IMG_2699.png 1000w, https:\/\/noticiaempauta.com\/portal\/wp-content\/uploads\/2024\/06\/IMG_2699-300x200.png 300w, https:\/\/noticiaempauta.com\/portal\/wp-content\/uploads\/2024\/06\/IMG_2699-768x511.png 768w\" sizes=\"(max-width: 1000px) 100vw, 1000px\" \/><\/figure>\n\n\n\n<p>\u201cHoje entregamos um novo Ceti Ara\u00fajo Luz, em Picos, para que os nossos estudantes possam desenvolver os seus talentos e fortalecer as suas aprendizagens. Nossa miss\u00e3o \u00e9 transformar todas as escolas do Piau\u00ed em tempo integral e, para isso, precisamos adequar a infraestrutura dessas escolas para o modelo completo\u201d, declarou Washington Bandeira.<\/p>\n\n\n\n<figure class=\"wp-block-image size-full\"><img decoding=\"async\" width=\"1000\" height=\"666\" src=\"https:\/\/noticiaempauta.com\/portal\/wp-content\/uploads\/2024\/06\/IMG_2700.png\" alt=\"\" class=\"wp-image-259335\" srcset=\"https:\/\/noticiaempauta.com\/portal\/wp-content\/uploads\/2024\/06\/IMG_2700.png 1000w, https:\/\/noticiaempauta.com\/portal\/wp-content\/uploads\/2024\/06\/IMG_2700-300x200.png 300w, https:\/\/noticiaempauta.com\/portal\/wp-content\/uploads\/2024\/06\/IMG_2700-768x511.png 768w\" sizes=\"(max-width: 1000px) 100vw, 1000px\" \/><\/figure>\n\n\n\n<p>A reforma inclui salas de aula modernas, biblioteca, laborat\u00f3rios de inform\u00e1tica e de ci\u00eancias, vesti\u00e1rios e refeit\u00f3rio para atender adequadamente a oferta do Ensino M\u00e9dio na modalidade de Tempo Integral, Ensino Regular e da Educa\u00e7\u00e3o de Jovens e Adultos (EJA) com ensino t\u00e9cnico para os 127 estudantes matriculados.<\/p>\n\n\n\n<figure class=\"wp-block-image size-full\"><img decoding=\"async\" width=\"1000\" height=\"666\" src=\"https:\/\/noticiaempauta.com\/portal\/wp-content\/uploads\/2024\/06\/IMG_2701.png\" alt=\"\" class=\"wp-image-259336\" srcset=\"https:\/\/noticiaempauta.com\/portal\/wp-content\/uploads\/2024\/06\/IMG_2701.png 1000w, https:\/\/noticiaempauta.com\/portal\/wp-content\/uploads\/2024\/06\/IMG_2701-300x200.png 300w, https:\/\/noticiaempauta.com\/portal\/wp-content\/uploads\/2024\/06\/IMG_2701-768x511.png 768w\" sizes=\"(max-width: 1000px) 100vw, 1000px\" \/><\/figure>\n\n\n\n<p>Jurisdicionada \u00e0 9\u00aa Ger\u00eancia Regional de Ensino (GRE), a escola oferta ainda\u00a0 tempo integral\u00a0 integrado com o curso T\u00e9cnico em Desenvolvimento de Sistemas para os estudantes da 1\u00aa s\u00e9rie do Ensino M\u00e9dio.<\/p>\n\n\n\n<figure class=\"wp-block-image size-full\"><img loading=\"lazy\" decoding=\"async\" width=\"1000\" height=\"666\" src=\"https:\/\/noticiaempauta.com\/portal\/wp-content\/uploads\/2024\/06\/IMG_2702.png\" alt=\"\" class=\"wp-image-259337\" srcset=\"https:\/\/noticiaempauta.com\/portal\/wp-content\/uploads\/2024\/06\/IMG_2702.png 1000w, https:\/\/noticiaempauta.com\/portal\/wp-content\/uploads\/2024\/06\/IMG_2702-300x200.png 300w, https:\/\/noticiaempauta.com\/portal\/wp-content\/uploads\/2024\/06\/IMG_2702-768x511.png 768w\" sizes=\"(max-width: 1000px) 100vw, 1000px\" \/><\/figure>\n\n\n\n<p><strong>Entrega de Brinquedocreche<\/strong><\/p>\n\n\n\n<p>Ainda em Picos, foi inaugurada uma brinquedocreche do Pacto pelas Crian\u00e7as do Piau\u00ed na nova ala pedi\u00e1trica do Hospital Regional Justino Luz.<\/p>\n\n\n\n<figure class=\"wp-block-image size-full\"><img loading=\"lazy\" decoding=\"async\" width=\"1000\" height=\"664\" src=\"https:\/\/noticiaempauta.com\/portal\/wp-content\/uploads\/2024\/06\/IMG_2703.png\" alt=\"\" class=\"wp-image-259338\" srcset=\"https:\/\/noticiaempauta.com\/portal\/wp-content\/uploads\/2024\/06\/IMG_2703.png 1000w, https:\/\/noticiaempauta.com\/portal\/wp-content\/uploads\/2024\/06\/IMG_2703-300x199.png 300w, https:\/\/noticiaempauta.com\/portal\/wp-content\/uploads\/2024\/06\/IMG_2703-768x510.png 768w\" sizes=\"(max-width: 1000px) 100vw, 1000px\" \/><\/figure>\n\n\n\n<p>Luz.<br>&nbsp;<\/p>\n\n\n\n<figure class=\"wp-block-image\"><img decoding=\"async\" src=\"https:\/\/admin.pi.gov.br\/uploads\/image_caa6cf732a.png\" alt=\"image.png\"\/><\/figure>\n\n\n\n<p>\u201cA entrega das brinquedocreches fazem parte do Pacto pelas Crian\u00e7as em parceria com a Seduc para o cuidado e atendimento da primeira inf\u00e2ncia. Implantamos uma brinquedocreche na nova Maternidade Dona Evangelina Rosa, em Teresina, a segunda em Picos e em breve teremos outras. Al\u00e9m disso, j\u00e1 entregamos aos munic\u00edpios habilitados os 42 kits-creche previstos para esse ano\u201d, disse o Secret\u00e1rio Washington Bandeira.<\/p>\n\n\n\n<figure class=\"wp-block-image size-full\"><img loading=\"lazy\" decoding=\"async\" width=\"1000\" height=\"667\" src=\"https:\/\/noticiaempauta.com\/portal\/wp-content\/uploads\/2024\/06\/IMG_2704.png\" alt=\"\" class=\"wp-image-259339\" srcset=\"https:\/\/noticiaempauta.com\/portal\/wp-content\/uploads\/2024\/06\/IMG_2704.png 1000w, https:\/\/noticiaempauta.com\/portal\/wp-content\/uploads\/2024\/06\/IMG_2704-300x200.png 300w, https:\/\/noticiaempauta.com\/portal\/wp-content\/uploads\/2024\/06\/IMG_2704-768x512.png 768w\" sizes=\"(max-width: 1000px) 100vw, 1000px\" \/><\/figure>\n\n\n\n<p>A brinquedocreche \u00e9 um espa\u00e7o destinado \u00e0s crian\u00e7as menores de 6 anos que est\u00e3o em atendimento ou acompanham familiares na maternidade. &#8220;\u00c9 um espa\u00e7o para atender a ala pedi\u00e1trica do novo hospital e servir\u00e1 para o acolhimento e aprendizado das crian\u00e7as\u201d, disse a Coordenadora do Pacto, Isabel Fonteles.<br>&nbsp;<\/p>\n\n\n\n<p>CCOM-PI <\/p>\n","protected":false},"excerpt":{"rendered":"<p>O Centro de Ensino de Tempo Integral (CETI) Ara\u00fajo Luz, localizada no munic\u00edpio de Picos, passou por reforma e moderniza\u00e7\u00e3o. A obra foi inaugurada nesta sexta-feira (28) pelo governador Rafael Fonteles e o Secret\u00e1rio de Estado da Educa\u00e7\u00e3o, Washington Bandeira. \u201cEsta escola se tornou de tempo integral este ano e todas as 12 escolas de [&hellip;]<\/p>\n","protected":false},"author":2,"featured_media":259334,"comment_status":"open","ping_status":"open","sticky":false,"template":"","format":"standard","meta":{"_mi_skip_tracking":false,"footnotes":""},"categories":[25,1,16],"tags":[192],"class_list":["post-259333","post","type-post","status-publish","format-standard","has-post-thumbnail","hentry","category-destaques-site","category-geral","category-todas","tag-destaqueprincipal"],"acf":[],"yoast_head":"<!-- This site is optimized with the Yoast SEO Premium plugin v19.2 (Yoast SEO v26.9) - https:\/\/yoast.com\/product\/yoast-seo-premium-wordpress\/ -->\n<title>Centro de Ensino de Tempo Integral Ara\u00fajo Luz, em Picos, recebe mais R$ 1,6 milh\u00e3o em reforma - Portal Not\u00edcia em Pauta<\/title>\n<meta name=\"robots\" content=\"index, follow, max-snippet:-1, max-image-preview:large, max-video-preview:-1\" \/>\n<link rel=\"canonical\" href=\"https:\/\/noticiaempauta.com\/portal\/centro-de-ensino-de-tempo-integral-araujo-luz-em-picos-recebe-mais-r-16-milhao-em-reforma\/\" \/>\n<meta property=\"og:locale\" content=\"pt_BR\" \/>\n<meta property=\"og:type\" content=\"article\" \/>\n<meta property=\"og:title\" content=\"Centro de Ensino de Tempo Integral Ara\u00fajo Luz, em Picos, recebe mais R$ 1,6 milh\u00e3o em reforma\" \/>\n<meta property=\"og:description\" content=\"O Centro de Ensino de Tempo Integral (CETI) Ara\u00fajo Luz, localizada no munic\u00edpio de Picos, passou por reforma e moderniza\u00e7\u00e3o. A obra foi inaugurada nesta sexta-feira (28) pelo governador Rafael Fonteles e o Secret\u00e1rio de Estado da Educa\u00e7\u00e3o, Washington Bandeira. \u201cEsta escola se tornou de tempo integral este ano e todas as 12 escolas de [&hellip;]\" \/>\n<meta property=\"og:url\" content=\"https:\/\/noticiaempauta.com\/portal\/centro-de-ensino-de-tempo-integral-araujo-luz-em-picos-recebe-mais-r-16-milhao-em-reforma\/\" \/>\n<meta property=\"og:site_name\" content=\"Portal Not\u00edcia em Pauta\" \/>\n<meta property=\"article:publisher\" content=\"https:\/\/www.facebook.com\/Portal-Notcia-Em-Pauta-102292869264820\/\" \/>\n<meta property=\"article:published_time\" content=\"2024-06-29T19:38:49+00:00\" \/>\n<meta property=\"article:modified_time\" content=\"2024-06-29T19:38:50+00:00\" \/>\n<meta property=\"og:image\" content=\"https:\/\/noticiaempauta.com\/portal\/wp-content\/uploads\/2024\/06\/IMG_2699.png\" \/>\n\t<meta property=\"og:image:width\" content=\"1000\" \/>\n\t<meta property=\"og:image:height\" content=\"666\" \/>\n\t<meta property=\"og:image:type\" content=\"image\/png\" \/>\n<meta name=\"author\" content=\"Reda\u00e7\u00e3o\" \/>\n<meta name=\"twitter:card\" content=\"summary_large_image\" \/>\n<meta name=\"twitter:label1\" content=\"Escrito por\" \/>\n\t<meta name=\"twitter:data1\" content=\"Reda\u00e7\u00e3o\" \/>\n\t<meta name=\"twitter:label2\" content=\"Est. tempo de leitura\" \/>\n\t<meta name=\"twitter:data2\" content=\"4 minutos\" \/>\n<script type=\"application\/ld+json\" class=\"yoast-schema-graph\">{\"@context\":\"https:\/\/schema.org\",\"@graph\":[{\"@type\":\"Article\",\"@id\":\"https:\/\/noticiaempauta.com\/portal\/centro-de-ensino-de-tempo-integral-araujo-luz-em-picos-recebe-mais-r-16-milhao-em-reforma\/#article\",\"isPartOf\":{\"@id\":\"https:\/\/noticiaempauta.com\/portal\/centro-de-ensino-de-tempo-integral-araujo-luz-em-picos-recebe-mais-r-16-milhao-em-reforma\/\"},\"author\":{\"name\":\"Reda\u00e7\u00e3o\",\"@id\":\"https:\/\/noticiaempauta.com\/portal\/#\/schema\/person\/a74af43dd1ab3deca45f988c717d57ac\"},\"headline\":\"Centro de Ensino de Tempo Integral Ara\u00fajo Luz, em Picos, recebe mais R$ 1,6 milh\u00e3o em reforma\",\"datePublished\":\"2024-06-29T19:38:49+00:00\",\"dateModified\":\"2024-06-29T19:38:50+00:00\",\"mainEntityOfPage\":{\"@id\":\"https:\/\/noticiaempauta.com\/portal\/centro-de-ensino-de-tempo-integral-araujo-luz-em-picos-recebe-mais-r-16-milhao-em-reforma\/\"},\"wordCount\":459,\"commentCount\":0,\"publisher\":{\"@id\":\"https:\/\/noticiaempauta.com\/portal\/#organization\"},\"image\":{\"@id\":\"https:\/\/noticiaempauta.com\/portal\/centro-de-ensino-de-tempo-integral-araujo-luz-em-picos-recebe-mais-r-16-milhao-em-reforma\/#primaryimage\"},\"thumbnailUrl\":\"https:\/\/noticiaempauta.com\/portal\/wp-content\/uploads\/2024\/06\/IMG_2699.png\",\"keywords\":[\"destaqueprincipal\"],\"articleSection\":[\"Destaques\",\"Geral\",\"Todas as Not\u00edcias\"],\"inLanguage\":\"pt-BR\",\"potentialAction\":[{\"@type\":\"CommentAction\",\"name\":\"Comment\",\"target\":[\"https:\/\/noticiaempauta.com\/portal\/centro-de-ensino-de-tempo-integral-araujo-luz-em-picos-recebe-mais-r-16-milhao-em-reforma\/#respond\"]}]},{\"@type\":\"WebPage\",\"@id\":\"https:\/\/noticiaempauta.com\/portal\/centro-de-ensino-de-tempo-integral-araujo-luz-em-picos-recebe-mais-r-16-milhao-em-reforma\/\",\"url\":\"https:\/\/noticiaempauta.com\/portal\/centro-de-ensino-de-tempo-integral-araujo-luz-em-picos-recebe-mais-r-16-milhao-em-reforma\/\",\"name\":\"Centro de Ensino de Tempo Integral Ara\u00fajo Luz, em Picos, recebe mais R$ 1,6 milh\u00e3o em reforma - Portal Not\u00edcia em Pauta\",\"isPartOf\":{\"@id\":\"https:\/\/noticiaempauta.com\/portal\/#website\"},\"primaryImageOfPage\":{\"@id\":\"https:\/\/noticiaempauta.com\/portal\/centro-de-ensino-de-tempo-integral-araujo-luz-em-picos-recebe-mais-r-16-milhao-em-reforma\/#primaryimage\"},\"image\":{\"@id\":\"https:\/\/noticiaempauta.com\/portal\/centro-de-ensino-de-tempo-integral-araujo-luz-em-picos-recebe-mais-r-16-milhao-em-reforma\/#primaryimage\"},\"thumbnailUrl\":\"https:\/\/noticiaempauta.com\/portal\/wp-content\/uploads\/2024\/06\/IMG_2699.png\",\"datePublished\":\"2024-06-29T19:38:49+00:00\",\"dateModified\":\"2024-06-29T19:38:50+00:00\",\"breadcrumb\":{\"@id\":\"https:\/\/noticiaempauta.com\/portal\/centro-de-ensino-de-tempo-integral-araujo-luz-em-picos-recebe-mais-r-16-milhao-em-reforma\/#breadcrumb\"},\"inLanguage\":\"pt-BR\",\"potentialAction\":[{\"@type\":\"ReadAction\",\"target\":[\"https:\/\/noticiaempauta.com\/portal\/centro-de-ensino-de-tempo-integral-araujo-luz-em-picos-recebe-mais-r-16-milhao-em-reforma\/\"]}]},{\"@type\":\"ImageObject\",\"inLanguage\":\"pt-BR\",\"@id\":\"https:\/\/noticiaempauta.com\/portal\/centro-de-ensino-de-tempo-integral-araujo-luz-em-picos-recebe-mais-r-16-milhao-em-reforma\/#primaryimage\",\"url\":\"https:\/\/noticiaempauta.com\/portal\/wp-content\/uploads\/2024\/06\/IMG_2699.png\",\"contentUrl\":\"https:\/\/noticiaempauta.com\/portal\/wp-content\/uploads\/2024\/06\/IMG_2699.png\",\"width\":1000,\"height\":666},{\"@type\":\"BreadcrumbList\",\"@id\":\"https:\/\/noticiaempauta.com\/portal\/centro-de-ensino-de-tempo-integral-araujo-luz-em-picos-recebe-mais-r-16-milhao-em-reforma\/#breadcrumb\",\"itemListElement\":[{\"@type\":\"ListItem\",\"position\":1,\"name\":\"P\u00e1gina Inicial\",\"item\":\"https:\/\/noticiaempauta.com\/portal\/\"},{\"@type\":\"ListItem\",\"position\":2,\"name\":\"Destaques\",\"item\":\"https:\/\/noticiaempauta.com\/portal\/destaques-site\/\"},{\"@type\":\"ListItem\",\"position\":3,\"name\":\"Centro de Ensino de Tempo Integral Ara\u00fajo Luz, em Picos, recebe mais R$ 1,6 milh\u00e3o em reforma\"}]},{\"@type\":\"WebSite\",\"@id\":\"https:\/\/noticiaempauta.com\/portal\/#website\",\"url\":\"https:\/\/noticiaempauta.com\/portal\/\",\"name\":\"Portal Not\u00edcia em Pauta\",\"description\":\"Voc\u00ea bem informado\",\"publisher\":{\"@id\":\"https:\/\/noticiaempauta.com\/portal\/#organization\"},\"potentialAction\":[{\"@type\":\"SearchAction\",\"target\":{\"@type\":\"EntryPoint\",\"urlTemplate\":\"https:\/\/noticiaempauta.com\/portal\/?s={search_term_string}\"},\"query-input\":{\"@type\":\"PropertyValueSpecification\",\"valueRequired\":true,\"valueName\":\"search_term_string\"}}],\"inLanguage\":\"pt-BR\"},{\"@type\":\"Organization\",\"@id\":\"https:\/\/noticiaempauta.com\/portal\/#organization\",\"name\":\"Portal Not\u00edcia em Pauta\",\"url\":\"https:\/\/noticiaempauta.com\/portal\/\",\"logo\":{\"@type\":\"ImageObject\",\"inLanguage\":\"pt-BR\",\"@id\":\"https:\/\/noticiaempauta.com\/portal\/#\/schema\/logo\/image\/\",\"url\":\"https:\/\/noticiaempauta.com\/portal\/wp-content\/uploads\/2022\/08\/logomarca_tema.fw_.png\",\"contentUrl\":\"https:\/\/noticiaempauta.com\/portal\/wp-content\/uploads\/2022\/08\/logomarca_tema.fw_.png\",\"width\":400,\"height\":232,\"caption\":\"Portal Not\u00edcia em Pauta\"},\"image\":{\"@id\":\"https:\/\/noticiaempauta.com\/portal\/#\/schema\/logo\/image\/\"},\"sameAs\":[\"https:\/\/www.facebook.com\/Portal-Notcia-Em-Pauta-102292869264820\/\",\"https:\/\/www.instagram.com\/portalnoticiaempauta\/\"]},{\"@type\":\"Person\",\"@id\":\"https:\/\/noticiaempauta.com\/portal\/#\/schema\/person\/a74af43dd1ab3deca45f988c717d57ac\",\"name\":\"Reda\u00e7\u00e3o\",\"image\":{\"@type\":\"ImageObject\",\"inLanguage\":\"pt-BR\",\"@id\":\"https:\/\/noticiaempauta.com\/portal\/#\/schema\/person\/image\/\",\"url\":\"https:\/\/secure.gravatar.com\/avatar\/03179346ecce6cdfc13361603e8f54242a90e5cde8618fa23c5c00aa2b0aadf3?s=96&d=mm&r=g\",\"contentUrl\":\"https:\/\/secure.gravatar.com\/avatar\/03179346ecce6cdfc13361603e8f54242a90e5cde8618fa23c5c00aa2b0aadf3?s=96&d=mm&r=g\",\"caption\":\"Reda\u00e7\u00e3o\"},\"sameAs\":[\"https:\/\/noticiaempauta.com\/portal\/\"],\"url\":\"https:\/\/noticiaempauta.com\/portal\/author\/fernando\/\"}]}<\/script>\n<!-- \/ Yoast SEO Premium plugin. -->","yoast_head_json":{"title":"Centro de Ensino de Tempo Integral Ara\u00fajo Luz, em Picos, recebe mais R$ 1,6 milh\u00e3o em reforma - Portal Not\u00edcia em Pauta","robots":{"index":"index","follow":"follow","max-snippet":"max-snippet:-1","max-image-preview":"max-image-preview:large","max-video-preview":"max-video-preview:-1"},"canonical":"https:\/\/noticiaempauta.com\/portal\/centro-de-ensino-de-tempo-integral-araujo-luz-em-picos-recebe-mais-r-16-milhao-em-reforma\/","og_locale":"pt_BR","og_type":"article","og_title":"Centro de Ensino de Tempo Integral Ara\u00fajo Luz, em Picos, recebe mais R$ 1,6 milh\u00e3o em reforma","og_description":"O Centro de Ensino de Tempo Integral (CETI) Ara\u00fajo Luz, localizada no munic\u00edpio de Picos, passou por reforma e moderniza\u00e7\u00e3o. A obra foi inaugurada nesta sexta-feira (28) pelo governador Rafael Fonteles e o Secret\u00e1rio de Estado da Educa\u00e7\u00e3o, Washington Bandeira. \u201cEsta escola se tornou de tempo integral este ano e todas as 12 escolas de [&hellip;]","og_url":"https:\/\/noticiaempauta.com\/portal\/centro-de-ensino-de-tempo-integral-araujo-luz-em-picos-recebe-mais-r-16-milhao-em-reforma\/","og_site_name":"Portal Not\u00edcia em Pauta","article_publisher":"https:\/\/www.facebook.com\/Portal-Notcia-Em-Pauta-102292869264820\/","article_published_time":"2024-06-29T19:38:49+00:00","article_modified_time":"2024-06-29T19:38:50+00:00","og_image":[{"width":1000,"height":666,"url":"https:\/\/noticiaempauta.com\/portal\/wp-content\/uploads\/2024\/06\/IMG_2699.png","type":"image\/png"}],"author":"Reda\u00e7\u00e3o","twitter_card":"summary_large_image","twitter_misc":{"Escrito por":"Reda\u00e7\u00e3o","Est. tempo de leitura":"4 minutos"},"schema":{"@context":"https:\/\/schema.org","@graph":[{"@type":"Article","@id":"https:\/\/noticiaempauta.com\/portal\/centro-de-ensino-de-tempo-integral-araujo-luz-em-picos-recebe-mais-r-16-milhao-em-reforma\/#article","isPartOf":{"@id":"https:\/\/noticiaempauta.com\/portal\/centro-de-ensino-de-tempo-integral-araujo-luz-em-picos-recebe-mais-r-16-milhao-em-reforma\/"},"author":{"name":"Reda\u00e7\u00e3o","@id":"https:\/\/noticiaempauta.com\/portal\/#\/schema\/person\/a74af43dd1ab3deca45f988c717d57ac"},"headline":"Centro de Ensino de Tempo Integral Ara\u00fajo Luz, em Picos, recebe mais R$ 1,6 milh\u00e3o em reforma","datePublished":"2024-06-29T19:38:49+00:00","dateModified":"2024-06-29T19:38:50+00:00","mainEntityOfPage":{"@id":"https:\/\/noticiaempauta.com\/portal\/centro-de-ensino-de-tempo-integral-araujo-luz-em-picos-recebe-mais-r-16-milhao-em-reforma\/"},"wordCount":459,"commentCount":0,"publisher":{"@id":"https:\/\/noticiaempauta.com\/portal\/#organization"},"image":{"@id":"https:\/\/noticiaempauta.com\/portal\/centro-de-ensino-de-tempo-integral-araujo-luz-em-picos-recebe-mais-r-16-milhao-em-reforma\/#primaryimage"},"thumbnailUrl":"https:\/\/noticiaempauta.com\/portal\/wp-content\/uploads\/2024\/06\/IMG_2699.png","keywords":["destaqueprincipal"],"articleSection":["Destaques","Geral","Todas as Not\u00edcias"],"inLanguage":"pt-BR","potentialAction":[{"@type":"CommentAction","name":"Comment","target":["https:\/\/noticiaempauta.com\/portal\/centro-de-ensino-de-tempo-integral-araujo-luz-em-picos-recebe-mais-r-16-milhao-em-reforma\/#respond"]}]},{"@type":"WebPage","@id":"https:\/\/noticiaempauta.com\/portal\/centro-de-ensino-de-tempo-integral-araujo-luz-em-picos-recebe-mais-r-16-milhao-em-reforma\/","url":"https:\/\/noticiaempauta.com\/portal\/centro-de-ensino-de-tempo-integral-araujo-luz-em-picos-recebe-mais-r-16-milhao-em-reforma\/","name":"Centro de Ensino de Tempo Integral Ara\u00fajo Luz, em Picos, recebe mais R$ 1,6 milh\u00e3o em reforma - Portal Not\u00edcia em Pauta","isPartOf":{"@id":"https:\/\/noticiaempauta.com\/portal\/#website"},"primaryImageOfPage":{"@id":"https:\/\/noticiaempauta.com\/portal\/centro-de-ensino-de-tempo-integral-araujo-luz-em-picos-recebe-mais-r-16-milhao-em-reforma\/#primaryimage"},"image":{"@id":"https:\/\/noticiaempauta.com\/portal\/centro-de-ensino-de-tempo-integral-araujo-luz-em-picos-recebe-mais-r-16-milhao-em-reforma\/#primaryimage"},"thumbnailUrl":"https:\/\/noticiaempauta.com\/portal\/wp-content\/uploads\/2024\/06\/IMG_2699.png","datePublished":"2024-06-29T19:38:49+00:00","dateModified":"2024-06-29T19:38:50+00:00","breadcrumb":{"@id":"https:\/\/noticiaempauta.com\/portal\/centro-de-ensino-de-tempo-integral-araujo-luz-em-picos-recebe-mais-r-16-milhao-em-reforma\/#breadcrumb"},"inLanguage":"pt-BR","potentialAction":[{"@type":"ReadAction","target":["https:\/\/noticiaempauta.com\/portal\/centro-de-ensino-de-tempo-integral-araujo-luz-em-picos-recebe-mais-r-16-milhao-em-reforma\/"]}]},{"@type":"ImageObject","inLanguage":"pt-BR","@id":"https:\/\/noticiaempauta.com\/portal\/centro-de-ensino-de-tempo-integral-araujo-luz-em-picos-recebe-mais-r-16-milhao-em-reforma\/#primaryimage","url":"https:\/\/noticiaempauta.com\/portal\/wp-content\/uploads\/2024\/06\/IMG_2699.png","contentUrl":"https:\/\/noticiaempauta.com\/portal\/wp-content\/uploads\/2024\/06\/IMG_2699.png","width":1000,"height":666},{"@type":"BreadcrumbList","@id":"https:\/\/noticiaempauta.com\/portal\/centro-de-ensino-de-tempo-integral-araujo-luz-em-picos-recebe-mais-r-16-milhao-em-reforma\/#breadcrumb","itemListElement":[{"@type":"ListItem","position":1,"name":"P\u00e1gina Inicial","item":"https:\/\/noticiaempauta.com\/portal\/"},{"@type":"ListItem","position":2,"name":"Destaques","item":"https:\/\/noticiaempauta.com\/portal\/destaques-site\/"},{"@type":"ListItem","position":3,"name":"Centro de Ensino de Tempo Integral Ara\u00fajo Luz, em Picos, recebe mais R$ 1,6 milh\u00e3o em reforma"}]},{"@type":"WebSite","@id":"https:\/\/noticiaempauta.com\/portal\/#website","url":"https:\/\/noticiaempauta.com\/portal\/","name":"Portal Not\u00edcia em Pauta","description":"Voc\u00ea bem informado","publisher":{"@id":"https:\/\/noticiaempauta.com\/portal\/#organization"},"potentialAction":[{"@type":"SearchAction","target":{"@type":"EntryPoint","urlTemplate":"https:\/\/noticiaempauta.com\/portal\/?s={search_term_string}"},"query-input":{"@type":"PropertyValueSpecification","valueRequired":true,"valueName":"search_term_string"}}],"inLanguage":"pt-BR"},{"@type":"Organization","@id":"https:\/\/noticiaempauta.com\/portal\/#organization","name":"Portal Not\u00edcia em Pauta","url":"https:\/\/noticiaempauta.com\/portal\/","logo":{"@type":"ImageObject","inLanguage":"pt-BR","@id":"https:\/\/noticiaempauta.com\/portal\/#\/schema\/logo\/image\/","url":"https:\/\/noticiaempauta.com\/portal\/wp-content\/uploads\/2022\/08\/logomarca_tema.fw_.png","contentUrl":"https:\/\/noticiaempauta.com\/portal\/wp-content\/uploads\/2022\/08\/logomarca_tema.fw_.png","width":400,"height":232,"caption":"Portal Not\u00edcia em Pauta"},"image":{"@id":"https:\/\/noticiaempauta.com\/portal\/#\/schema\/logo\/image\/"},"sameAs":["https:\/\/www.facebook.com\/Portal-Notcia-Em-Pauta-102292869264820\/","https:\/\/www.instagram.com\/portalnoticiaempauta\/"]},{"@type":"Person","@id":"https:\/\/noticiaempauta.com\/portal\/#\/schema\/person\/a74af43dd1ab3deca45f988c717d57ac","name":"Reda\u00e7\u00e3o","image":{"@type":"ImageObject","inLanguage":"pt-BR","@id":"https:\/\/noticiaempauta.com\/portal\/#\/schema\/person\/image\/","url":"https:\/\/secure.gravatar.com\/avatar\/03179346ecce6cdfc13361603e8f54242a90e5cde8618fa23c5c00aa2b0aadf3?s=96&d=mm&r=g","contentUrl":"https:\/\/secure.gravatar.com\/avatar\/03179346ecce6cdfc13361603e8f54242a90e5cde8618fa23c5c00aa2b0aadf3?s=96&d=mm&r=g","caption":"Reda\u00e7\u00e3o"},"sameAs":["https:\/\/noticiaempauta.com\/portal\/"],"url":"https:\/\/noticiaempauta.com\/portal\/author\/fernando\/"}]}},"_links":{"self":[{"href":"https:\/\/noticiaempauta.com\/portal\/wp-json\/wp\/v2\/posts\/259333","targetHints":{"allow":["GET"]}}],"collection":[{"href":"https:\/\/noticiaempauta.com\/portal\/wp-json\/wp\/v2\/posts"}],"about":[{"href":"https:\/\/noticiaempauta.com\/portal\/wp-json\/wp\/v2\/types\/post"}],"author":[{"embeddable":true,"href":"https:\/\/noticiaempauta.com\/portal\/wp-json\/wp\/v2\/users\/2"}],"replies":[{"embeddable":true,"href":"https:\/\/noticiaempauta.com\/portal\/wp-json\/wp\/v2\/comments?post=259333"}],"version-history":[{"count":2,"href":"https:\/\/noticiaempauta.com\/portal\/wp-json\/wp\/v2\/posts\/259333\/revisions"}],"predecessor-version":[{"id":259341,"href":"https:\/\/noticiaempauta.com\/portal\/wp-json\/wp\/v2\/posts\/259333\/revisions\/259341"}],"wp:featuredmedia":[{"embeddable":true,"href":"https:\/\/noticiaempauta.com\/portal\/wp-json\/wp\/v2\/media\/259334"}],"wp:attachment":[{"href":"https:\/\/noticiaempauta.com\/portal\/wp-json\/wp\/v2\/media?parent=259333"}],"wp:term":[{"taxonomy":"category","embeddable":true,"href":"https:\/\/noticiaempauta.com\/portal\/wp-json\/wp\/v2\/categories?post=259333"},{"taxonomy":"post_tag","embeddable":true,"href":"https:\/\/noticiaempauta.com\/portal\/wp-json\/wp\/v2\/tags?post=259333"}],"curies":[{"name":"wp","href":"https:\/\/api.w.org\/{rel}","templated":true}]}}