{"id":259349,"date":"2024-06-30T18:35:07","date_gmt":"2024-06-30T21:35:07","guid":{"rendered":"https:\/\/noticiaempauta.com\/portal\/?p=259349"},"modified":"2024-06-30T18:35:10","modified_gmt":"2024-06-30T21:35:10","slug":"datamax-8698-dos-piauienses-aprovam-gestao-de-rafael-fonteles-lula-tem-aprovacao-de-7454","status":"publish","type":"post","link":"https:\/\/noticiaempauta.com\/portal\/datamax-8698-dos-piauienses-aprovam-gestao-de-rafael-fonteles-lula-tem-aprovacao-de-7454\/","title":{"rendered":"Datamax: 86,98% dos piauienses aprovam gest\u00e3o de Rafael Fonteles; Lula tem aprova\u00e7\u00e3o de 74,54%"},"content":{"rendered":"\n<p>O\u00a0governador\u00a0Rafael Fonteles\u00a0\u00e9 aprovado por\u00a086,98% dos piauienses, segundo pesquisa realizada pelo Instituto Datamax. O levantamento, divulgado neste domingo (30), aponta que apenas 13,02% n\u00e3o aprovam sua gest\u00e3o.<\/p>\n\n\n\n<figure class=\"wp-block-image size-large\"><img fetchpriority=\"high\" decoding=\"async\" width=\"1024\" height=\"576\" src=\"https:\/\/noticiaempauta.com\/portal\/wp-content\/uploads\/2024\/06\/IMG_2742-1024x576.webp\" alt=\"\" class=\"wp-image-259350\" srcset=\"https:\/\/noticiaempauta.com\/portal\/wp-content\/uploads\/2024\/06\/IMG_2742-1024x576.webp 1024w, https:\/\/noticiaempauta.com\/portal\/wp-content\/uploads\/2024\/06\/IMG_2742-300x169.webp 300w, https:\/\/noticiaempauta.com\/portal\/wp-content\/uploads\/2024\/06\/IMG_2742-768x432.webp 768w, https:\/\/noticiaempauta.com\/portal\/wp-content\/uploads\/2024\/06\/IMG_2742-1536x864.webp 1536w, https:\/\/noticiaempauta.com\/portal\/wp-content\/uploads\/2024\/06\/IMG_2742.webp 1600w\" sizes=\"(max-width: 1024px) 100vw, 1024px\" \/><\/figure>\n\n\n\n<p>A pesquisa mostra tamb\u00e9m que\u00a074,54% dos entrevistados\u00a0aprovam o\u00a0presidente\u00a0Lula no Piau\u00ed, enquanto 25,46% o reprovam.<\/p>\n\n\n\n<h3 class=\"wp-block-heading\">PER\u00cdODO E LOCAIS<\/h3>\n\n\n\n<p>As entrevistas foram realizadas de 21 a 26 de junho de 2024, em\u00a053 munic\u00edpios\u00a0dos 12 Territ\u00f3rios de Desenvolvimento do Piau\u00ed. No total, 1.001 pessoas foram ouvidas pelo Datamax, distribu\u00eddas proporcionalmente na zona urbana dos munic\u00edpios, obedecendo os crit\u00e9rios de idade, sexo, grau de escolaridade e renda.\u00a0<\/p>\n\n\n\n<h3 class=\"wp-block-heading\">APURA\u00c7\u00c3O<\/h3>\n\n\n\n<p>O \u00edndice de aprova\u00e7\u00e3o considera as respostas afirmativas, descontados os entrevistados que n\u00e3o souberam ou n\u00e3o quiseram responder. Os dados foram coletados de maneira aleat\u00f3ria, com entrevistas\u00a0realizadas em domic\u00edlios residenciais. A\u00a0margem de erro \u00e9 de 3,10%; o n\u00edvel de confian\u00e7a, de 95%.<\/p>\n\n\n\n<p>Fonte: Meio News<\/p>\n","protected":false},"excerpt":{"rendered":"<p>O\u00a0governador\u00a0Rafael Fonteles\u00a0\u00e9 aprovado por\u00a086,98% dos piauienses, segundo pesquisa realizada pelo Instituto Datamax. O levantamento, divulgado neste domingo (30), aponta que apenas 13,02% n\u00e3o aprovam sua gest\u00e3o. A pesquisa mostra tamb\u00e9m que\u00a074,54% dos entrevistados\u00a0aprovam o\u00a0presidente\u00a0Lula no Piau\u00ed, enquanto 25,46% o reprovam. PER\u00cdODO E LOCAIS As entrevistas foram realizadas de 21 a 26 de junho de 2024, [&hellip;]<\/p>\n","protected":false},"author":2,"featured_media":259350,"comment_status":"open","ping_status":"open","sticky":false,"template":"","format":"standard","meta":{"_mi_skip_tracking":false,"footnotes":""},"categories":[25,1,16],"tags":[192],"class_list":["post-259349","post","type-post","status-publish","format-standard","has-post-thumbnail","hentry","category-destaques-site","category-geral","category-todas","tag-destaqueprincipal"],"acf":[],"yoast_head":"<!-- This site is optimized with the Yoast SEO Premium plugin v19.2 (Yoast SEO v26.9) - https:\/\/yoast.com\/product\/yoast-seo-premium-wordpress\/ -->\n<title>Datamax: 86,98% dos piauienses aprovam gest\u00e3o de Rafael Fonteles; Lula tem aprova\u00e7\u00e3o de 74,54% - Portal Not\u00edcia em Pauta<\/title>\n<meta name=\"robots\" content=\"index, follow, max-snippet:-1, max-image-preview:large, max-video-preview:-1\" \/>\n<link rel=\"canonical\" href=\"https:\/\/noticiaempauta.com\/portal\/datamax-8698-dos-piauienses-aprovam-gestao-de-rafael-fonteles-lula-tem-aprovacao-de-7454\/\" \/>\n<meta property=\"og:locale\" content=\"pt_BR\" \/>\n<meta property=\"og:type\" content=\"article\" \/>\n<meta property=\"og:title\" content=\"Datamax: 86,98% dos piauienses aprovam gest\u00e3o de Rafael Fonteles; Lula tem aprova\u00e7\u00e3o de 74,54%\" \/>\n<meta property=\"og:description\" content=\"O\u00a0governador\u00a0Rafael Fonteles\u00a0\u00e9 aprovado por\u00a086,98% dos piauienses, segundo pesquisa realizada pelo Instituto Datamax. O levantamento, divulgado neste domingo (30), aponta que apenas 13,02% n\u00e3o aprovam sua gest\u00e3o. A pesquisa mostra tamb\u00e9m que\u00a074,54% dos entrevistados\u00a0aprovam o\u00a0presidente\u00a0Lula no Piau\u00ed, enquanto 25,46% o reprovam. PER\u00cdODO E LOCAIS As entrevistas foram realizadas de 21 a 26 de junho de 2024, [&hellip;]\" \/>\n<meta property=\"og:url\" content=\"https:\/\/noticiaempauta.com\/portal\/datamax-8698-dos-piauienses-aprovam-gestao-de-rafael-fonteles-lula-tem-aprovacao-de-7454\/\" \/>\n<meta property=\"og:site_name\" content=\"Portal Not\u00edcia em Pauta\" \/>\n<meta property=\"article:publisher\" content=\"https:\/\/www.facebook.com\/Portal-Notcia-Em-Pauta-102292869264820\/\" \/>\n<meta property=\"article:published_time\" content=\"2024-06-30T21:35:07+00:00\" \/>\n<meta property=\"article:modified_time\" content=\"2024-06-30T21:35:10+00:00\" \/>\n<meta property=\"og:image\" content=\"https:\/\/noticiaempauta.com\/portal\/wp-content\/uploads\/2024\/06\/IMG_2742.webp\" \/>\n\t<meta property=\"og:image:width\" content=\"1600\" \/>\n\t<meta property=\"og:image:height\" content=\"900\" \/>\n\t<meta property=\"og:image:type\" content=\"image\/webp\" \/>\n<meta name=\"author\" content=\"Reda\u00e7\u00e3o\" \/>\n<meta name=\"twitter:card\" content=\"summary_large_image\" \/>\n<meta name=\"twitter:label1\" content=\"Escrito por\" \/>\n\t<meta name=\"twitter:data1\" content=\"Reda\u00e7\u00e3o\" \/>\n\t<meta name=\"twitter:label2\" content=\"Est. tempo de leitura\" \/>\n\t<meta name=\"twitter:data2\" content=\"2 minutos\" \/>\n<script type=\"application\/ld+json\" class=\"yoast-schema-graph\">{\"@context\":\"https:\/\/schema.org\",\"@graph\":[{\"@type\":\"Article\",\"@id\":\"https:\/\/noticiaempauta.com\/portal\/datamax-8698-dos-piauienses-aprovam-gestao-de-rafael-fonteles-lula-tem-aprovacao-de-7454\/#article\",\"isPartOf\":{\"@id\":\"https:\/\/noticiaempauta.com\/portal\/datamax-8698-dos-piauienses-aprovam-gestao-de-rafael-fonteles-lula-tem-aprovacao-de-7454\/\"},\"author\":{\"name\":\"Reda\u00e7\u00e3o\",\"@id\":\"https:\/\/noticiaempauta.com\/portal\/#\/schema\/person\/a74af43dd1ab3deca45f988c717d57ac\"},\"headline\":\"Datamax: 86,98% dos piauienses aprovam gest\u00e3o de Rafael Fonteles; Lula tem aprova\u00e7\u00e3o de 74,54%\",\"datePublished\":\"2024-06-30T21:35:07+00:00\",\"dateModified\":\"2024-06-30T21:35:10+00:00\",\"mainEntityOfPage\":{\"@id\":\"https:\/\/noticiaempauta.com\/portal\/datamax-8698-dos-piauienses-aprovam-gestao-de-rafael-fonteles-lula-tem-aprovacao-de-7454\/\"},\"wordCount\":163,\"commentCount\":0,\"publisher\":{\"@id\":\"https:\/\/noticiaempauta.com\/portal\/#organization\"},\"image\":{\"@id\":\"https:\/\/noticiaempauta.com\/portal\/datamax-8698-dos-piauienses-aprovam-gestao-de-rafael-fonteles-lula-tem-aprovacao-de-7454\/#primaryimage\"},\"thumbnailUrl\":\"https:\/\/noticiaempauta.com\/portal\/wp-content\/uploads\/2024\/06\/IMG_2742.webp\",\"keywords\":[\"destaqueprincipal\"],\"articleSection\":[\"Destaques\",\"Geral\",\"Todas as Not\u00edcias\"],\"inLanguage\":\"pt-BR\",\"potentialAction\":[{\"@type\":\"CommentAction\",\"name\":\"Comment\",\"target\":[\"https:\/\/noticiaempauta.com\/portal\/datamax-8698-dos-piauienses-aprovam-gestao-de-rafael-fonteles-lula-tem-aprovacao-de-7454\/#respond\"]}]},{\"@type\":\"WebPage\",\"@id\":\"https:\/\/noticiaempauta.com\/portal\/datamax-8698-dos-piauienses-aprovam-gestao-de-rafael-fonteles-lula-tem-aprovacao-de-7454\/\",\"url\":\"https:\/\/noticiaempauta.com\/portal\/datamax-8698-dos-piauienses-aprovam-gestao-de-rafael-fonteles-lula-tem-aprovacao-de-7454\/\",\"name\":\"Datamax: 86,98% dos piauienses aprovam gest\u00e3o de Rafael Fonteles; Lula tem aprova\u00e7\u00e3o de 74,54% - Portal Not\u00edcia em Pauta\",\"isPartOf\":{\"@id\":\"https:\/\/noticiaempauta.com\/portal\/#website\"},\"primaryImageOfPage\":{\"@id\":\"https:\/\/noticiaempauta.com\/portal\/datamax-8698-dos-piauienses-aprovam-gestao-de-rafael-fonteles-lula-tem-aprovacao-de-7454\/#primaryimage\"},\"image\":{\"@id\":\"https:\/\/noticiaempauta.com\/portal\/datamax-8698-dos-piauienses-aprovam-gestao-de-rafael-fonteles-lula-tem-aprovacao-de-7454\/#primaryimage\"},\"thumbnailUrl\":\"https:\/\/noticiaempauta.com\/portal\/wp-content\/uploads\/2024\/06\/IMG_2742.webp\",\"datePublished\":\"2024-06-30T21:35:07+00:00\",\"dateModified\":\"2024-06-30T21:35:10+00:00\",\"breadcrumb\":{\"@id\":\"https:\/\/noticiaempauta.com\/portal\/datamax-8698-dos-piauienses-aprovam-gestao-de-rafael-fonteles-lula-tem-aprovacao-de-7454\/#breadcrumb\"},\"inLanguage\":\"pt-BR\",\"potentialAction\":[{\"@type\":\"ReadAction\",\"target\":[\"https:\/\/noticiaempauta.com\/portal\/datamax-8698-dos-piauienses-aprovam-gestao-de-rafael-fonteles-lula-tem-aprovacao-de-7454\/\"]}]},{\"@type\":\"ImageObject\",\"inLanguage\":\"pt-BR\",\"@id\":\"https:\/\/noticiaempauta.com\/portal\/datamax-8698-dos-piauienses-aprovam-gestao-de-rafael-fonteles-lula-tem-aprovacao-de-7454\/#primaryimage\",\"url\":\"https:\/\/noticiaempauta.com\/portal\/wp-content\/uploads\/2024\/06\/IMG_2742.webp\",\"contentUrl\":\"https:\/\/noticiaempauta.com\/portal\/wp-content\/uploads\/2024\/06\/IMG_2742.webp\",\"width\":1600,\"height\":900},{\"@type\":\"BreadcrumbList\",\"@id\":\"https:\/\/noticiaempauta.com\/portal\/datamax-8698-dos-piauienses-aprovam-gestao-de-rafael-fonteles-lula-tem-aprovacao-de-7454\/#breadcrumb\",\"itemListElement\":[{\"@type\":\"ListItem\",\"position\":1,\"name\":\"P\u00e1gina Inicial\",\"item\":\"https:\/\/noticiaempauta.com\/portal\/\"},{\"@type\":\"ListItem\",\"position\":2,\"name\":\"Destaques\",\"item\":\"https:\/\/noticiaempauta.com\/portal\/destaques-site\/\"},{\"@type\":\"ListItem\",\"position\":3,\"name\":\"Datamax: 86,98% dos piauienses aprovam gest\u00e3o de Rafael Fonteles; Lula tem aprova\u00e7\u00e3o de 74,54%\"}]},{\"@type\":\"WebSite\",\"@id\":\"https:\/\/noticiaempauta.com\/portal\/#website\",\"url\":\"https:\/\/noticiaempauta.com\/portal\/\",\"name\":\"Portal Not\u00edcia em Pauta\",\"description\":\"Voc\u00ea bem informado\",\"publisher\":{\"@id\":\"https:\/\/noticiaempauta.com\/portal\/#organization\"},\"potentialAction\":[{\"@type\":\"SearchAction\",\"target\":{\"@type\":\"EntryPoint\",\"urlTemplate\":\"https:\/\/noticiaempauta.com\/portal\/?s={search_term_string}\"},\"query-input\":{\"@type\":\"PropertyValueSpecification\",\"valueRequired\":true,\"valueName\":\"search_term_string\"}}],\"inLanguage\":\"pt-BR\"},{\"@type\":\"Organization\",\"@id\":\"https:\/\/noticiaempauta.com\/portal\/#organization\",\"name\":\"Portal Not\u00edcia em Pauta\",\"url\":\"https:\/\/noticiaempauta.com\/portal\/\",\"logo\":{\"@type\":\"ImageObject\",\"inLanguage\":\"pt-BR\",\"@id\":\"https:\/\/noticiaempauta.com\/portal\/#\/schema\/logo\/image\/\",\"url\":\"https:\/\/noticiaempauta.com\/portal\/wp-content\/uploads\/2022\/08\/logomarca_tema.fw_.png\",\"contentUrl\":\"https:\/\/noticiaempauta.com\/portal\/wp-content\/uploads\/2022\/08\/logomarca_tema.fw_.png\",\"width\":400,\"height\":232,\"caption\":\"Portal Not\u00edcia em Pauta\"},\"image\":{\"@id\":\"https:\/\/noticiaempauta.com\/portal\/#\/schema\/logo\/image\/\"},\"sameAs\":[\"https:\/\/www.facebook.com\/Portal-Notcia-Em-Pauta-102292869264820\/\",\"https:\/\/www.instagram.com\/portalnoticiaempauta\/\"]},{\"@type\":\"Person\",\"@id\":\"https:\/\/noticiaempauta.com\/portal\/#\/schema\/person\/a74af43dd1ab3deca45f988c717d57ac\",\"name\":\"Reda\u00e7\u00e3o\",\"image\":{\"@type\":\"ImageObject\",\"inLanguage\":\"pt-BR\",\"@id\":\"https:\/\/noticiaempauta.com\/portal\/#\/schema\/person\/image\/\",\"url\":\"https:\/\/secure.gravatar.com\/avatar\/03179346ecce6cdfc13361603e8f54242a90e5cde8618fa23c5c00aa2b0aadf3?s=96&d=mm&r=g\",\"contentUrl\":\"https:\/\/secure.gravatar.com\/avatar\/03179346ecce6cdfc13361603e8f54242a90e5cde8618fa23c5c00aa2b0aadf3?s=96&d=mm&r=g\",\"caption\":\"Reda\u00e7\u00e3o\"},\"sameAs\":[\"https:\/\/noticiaempauta.com\/portal\/\"],\"url\":\"https:\/\/noticiaempauta.com\/portal\/author\/fernando\/\"}]}<\/script>\n<!-- \/ Yoast SEO Premium plugin. -->","yoast_head_json":{"title":"Datamax: 86,98% dos piauienses aprovam gest\u00e3o de Rafael Fonteles; Lula tem aprova\u00e7\u00e3o de 74,54% - Portal Not\u00edcia em Pauta","robots":{"index":"index","follow":"follow","max-snippet":"max-snippet:-1","max-image-preview":"max-image-preview:large","max-video-preview":"max-video-preview:-1"},"canonical":"https:\/\/noticiaempauta.com\/portal\/datamax-8698-dos-piauienses-aprovam-gestao-de-rafael-fonteles-lula-tem-aprovacao-de-7454\/","og_locale":"pt_BR","og_type":"article","og_title":"Datamax: 86,98% dos piauienses aprovam gest\u00e3o de Rafael Fonteles; Lula tem aprova\u00e7\u00e3o de 74,54%","og_description":"O\u00a0governador\u00a0Rafael Fonteles\u00a0\u00e9 aprovado por\u00a086,98% dos piauienses, segundo pesquisa realizada pelo Instituto Datamax. O levantamento, divulgado neste domingo (30), aponta que apenas 13,02% n\u00e3o aprovam sua gest\u00e3o. A pesquisa mostra tamb\u00e9m que\u00a074,54% dos entrevistados\u00a0aprovam o\u00a0presidente\u00a0Lula no Piau\u00ed, enquanto 25,46% o reprovam. PER\u00cdODO E LOCAIS As entrevistas foram realizadas de 21 a 26 de junho de 2024, [&hellip;]","og_url":"https:\/\/noticiaempauta.com\/portal\/datamax-8698-dos-piauienses-aprovam-gestao-de-rafael-fonteles-lula-tem-aprovacao-de-7454\/","og_site_name":"Portal Not\u00edcia em Pauta","article_publisher":"https:\/\/www.facebook.com\/Portal-Notcia-Em-Pauta-102292869264820\/","article_published_time":"2024-06-30T21:35:07+00:00","article_modified_time":"2024-06-30T21:35:10+00:00","og_image":[{"width":1600,"height":900,"url":"https:\/\/noticiaempauta.com\/portal\/wp-content\/uploads\/2024\/06\/IMG_2742.webp","type":"image\/webp"}],"author":"Reda\u00e7\u00e3o","twitter_card":"summary_large_image","twitter_misc":{"Escrito por":"Reda\u00e7\u00e3o","Est. tempo de leitura":"2 minutos"},"schema":{"@context":"https:\/\/schema.org","@graph":[{"@type":"Article","@id":"https:\/\/noticiaempauta.com\/portal\/datamax-8698-dos-piauienses-aprovam-gestao-de-rafael-fonteles-lula-tem-aprovacao-de-7454\/#article","isPartOf":{"@id":"https:\/\/noticiaempauta.com\/portal\/datamax-8698-dos-piauienses-aprovam-gestao-de-rafael-fonteles-lula-tem-aprovacao-de-7454\/"},"author":{"name":"Reda\u00e7\u00e3o","@id":"https:\/\/noticiaempauta.com\/portal\/#\/schema\/person\/a74af43dd1ab3deca45f988c717d57ac"},"headline":"Datamax: 86,98% dos piauienses aprovam gest\u00e3o de Rafael Fonteles; Lula tem aprova\u00e7\u00e3o de 74,54%","datePublished":"2024-06-30T21:35:07+00:00","dateModified":"2024-06-30T21:35:10+00:00","mainEntityOfPage":{"@id":"https:\/\/noticiaempauta.com\/portal\/datamax-8698-dos-piauienses-aprovam-gestao-de-rafael-fonteles-lula-tem-aprovacao-de-7454\/"},"wordCount":163,"commentCount":0,"publisher":{"@id":"https:\/\/noticiaempauta.com\/portal\/#organization"},"image":{"@id":"https:\/\/noticiaempauta.com\/portal\/datamax-8698-dos-piauienses-aprovam-gestao-de-rafael-fonteles-lula-tem-aprovacao-de-7454\/#primaryimage"},"thumbnailUrl":"https:\/\/noticiaempauta.com\/portal\/wp-content\/uploads\/2024\/06\/IMG_2742.webp","keywords":["destaqueprincipal"],"articleSection":["Destaques","Geral","Todas as Not\u00edcias"],"inLanguage":"pt-BR","potentialAction":[{"@type":"CommentAction","name":"Comment","target":["https:\/\/noticiaempauta.com\/portal\/datamax-8698-dos-piauienses-aprovam-gestao-de-rafael-fonteles-lula-tem-aprovacao-de-7454\/#respond"]}]},{"@type":"WebPage","@id":"https:\/\/noticiaempauta.com\/portal\/datamax-8698-dos-piauienses-aprovam-gestao-de-rafael-fonteles-lula-tem-aprovacao-de-7454\/","url":"https:\/\/noticiaempauta.com\/portal\/datamax-8698-dos-piauienses-aprovam-gestao-de-rafael-fonteles-lula-tem-aprovacao-de-7454\/","name":"Datamax: 86,98% dos piauienses aprovam gest\u00e3o de Rafael Fonteles; Lula tem aprova\u00e7\u00e3o de 74,54% - Portal Not\u00edcia em Pauta","isPartOf":{"@id":"https:\/\/noticiaempauta.com\/portal\/#website"},"primaryImageOfPage":{"@id":"https:\/\/noticiaempauta.com\/portal\/datamax-8698-dos-piauienses-aprovam-gestao-de-rafael-fonteles-lula-tem-aprovacao-de-7454\/#primaryimage"},"image":{"@id":"https:\/\/noticiaempauta.com\/portal\/datamax-8698-dos-piauienses-aprovam-gestao-de-rafael-fonteles-lula-tem-aprovacao-de-7454\/#primaryimage"},"thumbnailUrl":"https:\/\/noticiaempauta.com\/portal\/wp-content\/uploads\/2024\/06\/IMG_2742.webp","datePublished":"2024-06-30T21:35:07+00:00","dateModified":"2024-06-30T21:35:10+00:00","breadcrumb":{"@id":"https:\/\/noticiaempauta.com\/portal\/datamax-8698-dos-piauienses-aprovam-gestao-de-rafael-fonteles-lula-tem-aprovacao-de-7454\/#breadcrumb"},"inLanguage":"pt-BR","potentialAction":[{"@type":"ReadAction","target":["https:\/\/noticiaempauta.com\/portal\/datamax-8698-dos-piauienses-aprovam-gestao-de-rafael-fonteles-lula-tem-aprovacao-de-7454\/"]}]},{"@type":"ImageObject","inLanguage":"pt-BR","@id":"https:\/\/noticiaempauta.com\/portal\/datamax-8698-dos-piauienses-aprovam-gestao-de-rafael-fonteles-lula-tem-aprovacao-de-7454\/#primaryimage","url":"https:\/\/noticiaempauta.com\/portal\/wp-content\/uploads\/2024\/06\/IMG_2742.webp","contentUrl":"https:\/\/noticiaempauta.com\/portal\/wp-content\/uploads\/2024\/06\/IMG_2742.webp","width":1600,"height":900},{"@type":"BreadcrumbList","@id":"https:\/\/noticiaempauta.com\/portal\/datamax-8698-dos-piauienses-aprovam-gestao-de-rafael-fonteles-lula-tem-aprovacao-de-7454\/#breadcrumb","itemListElement":[{"@type":"ListItem","position":1,"name":"P\u00e1gina Inicial","item":"https:\/\/noticiaempauta.com\/portal\/"},{"@type":"ListItem","position":2,"name":"Destaques","item":"https:\/\/noticiaempauta.com\/portal\/destaques-site\/"},{"@type":"ListItem","position":3,"name":"Datamax: 86,98% dos piauienses aprovam gest\u00e3o de Rafael Fonteles; Lula tem aprova\u00e7\u00e3o de 74,54%"}]},{"@type":"WebSite","@id":"https:\/\/noticiaempauta.com\/portal\/#website","url":"https:\/\/noticiaempauta.com\/portal\/","name":"Portal Not\u00edcia em Pauta","description":"Voc\u00ea bem informado","publisher":{"@id":"https:\/\/noticiaempauta.com\/portal\/#organization"},"potentialAction":[{"@type":"SearchAction","target":{"@type":"EntryPoint","urlTemplate":"https:\/\/noticiaempauta.com\/portal\/?s={search_term_string}"},"query-input":{"@type":"PropertyValueSpecification","valueRequired":true,"valueName":"search_term_string"}}],"inLanguage":"pt-BR"},{"@type":"Organization","@id":"https:\/\/noticiaempauta.com\/portal\/#organization","name":"Portal Not\u00edcia em Pauta","url":"https:\/\/noticiaempauta.com\/portal\/","logo":{"@type":"ImageObject","inLanguage":"pt-BR","@id":"https:\/\/noticiaempauta.com\/portal\/#\/schema\/logo\/image\/","url":"https:\/\/noticiaempauta.com\/portal\/wp-content\/uploads\/2022\/08\/logomarca_tema.fw_.png","contentUrl":"https:\/\/noticiaempauta.com\/portal\/wp-content\/uploads\/2022\/08\/logomarca_tema.fw_.png","width":400,"height":232,"caption":"Portal Not\u00edcia em Pauta"},"image":{"@id":"https:\/\/noticiaempauta.com\/portal\/#\/schema\/logo\/image\/"},"sameAs":["https:\/\/www.facebook.com\/Portal-Notcia-Em-Pauta-102292869264820\/","https:\/\/www.instagram.com\/portalnoticiaempauta\/"]},{"@type":"Person","@id":"https:\/\/noticiaempauta.com\/portal\/#\/schema\/person\/a74af43dd1ab3deca45f988c717d57ac","name":"Reda\u00e7\u00e3o","image":{"@type":"ImageObject","inLanguage":"pt-BR","@id":"https:\/\/noticiaempauta.com\/portal\/#\/schema\/person\/image\/","url":"https:\/\/secure.gravatar.com\/avatar\/03179346ecce6cdfc13361603e8f54242a90e5cde8618fa23c5c00aa2b0aadf3?s=96&d=mm&r=g","contentUrl":"https:\/\/secure.gravatar.com\/avatar\/03179346ecce6cdfc13361603e8f54242a90e5cde8618fa23c5c00aa2b0aadf3?s=96&d=mm&r=g","caption":"Reda\u00e7\u00e3o"},"sameAs":["https:\/\/noticiaempauta.com\/portal\/"],"url":"https:\/\/noticiaempauta.com\/portal\/author\/fernando\/"}]}},"_links":{"self":[{"href":"https:\/\/noticiaempauta.com\/portal\/wp-json\/wp\/v2\/posts\/259349","targetHints":{"allow":["GET"]}}],"collection":[{"href":"https:\/\/noticiaempauta.com\/portal\/wp-json\/wp\/v2\/posts"}],"about":[{"href":"https:\/\/noticiaempauta.com\/portal\/wp-json\/wp\/v2\/types\/post"}],"author":[{"embeddable":true,"href":"https:\/\/noticiaempauta.com\/portal\/wp-json\/wp\/v2\/users\/2"}],"replies":[{"embeddable":true,"href":"https:\/\/noticiaempauta.com\/portal\/wp-json\/wp\/v2\/comments?post=259349"}],"version-history":[{"count":2,"href":"https:\/\/noticiaempauta.com\/portal\/wp-json\/wp\/v2\/posts\/259349\/revisions"}],"predecessor-version":[{"id":259352,"href":"https:\/\/noticiaempauta.com\/portal\/wp-json\/wp\/v2\/posts\/259349\/revisions\/259352"}],"wp:featuredmedia":[{"embeddable":true,"href":"https:\/\/noticiaempauta.com\/portal\/wp-json\/wp\/v2\/media\/259350"}],"wp:attachment":[{"href":"https:\/\/noticiaempauta.com\/portal\/wp-json\/wp\/v2\/media?parent=259349"}],"wp:term":[{"taxonomy":"category","embeddable":true,"href":"https:\/\/noticiaempauta.com\/portal\/wp-json\/wp\/v2\/categories?post=259349"},{"taxonomy":"post_tag","embeddable":true,"href":"https:\/\/noticiaempauta.com\/portal\/wp-json\/wp\/v2\/tags?post=259349"}],"curies":[{"name":"wp","href":"https:\/\/api.w.org\/{rel}","templated":true}]}}