{"id":259357,"date":"2024-07-01T09:01:21","date_gmt":"2024-07-01T12:01:21","guid":{"rendered":"https:\/\/noticiaempauta.com\/portal\/?p=259357"},"modified":"2024-07-01T09:01:22","modified_gmt":"2024-07-01T12:01:22","slug":"eleicoes-2024-restricoes-previstas-no-calendario-eleitoral-comecam-neste-mes-confira-datas-e-proibicoes","status":"publish","type":"post","link":"https:\/\/noticiaempauta.com\/portal\/eleicoes-2024-restricoes-previstas-no-calendario-eleitoral-comecam-neste-mes-confira-datas-e-proibicoes\/","title":{"rendered":"Elei\u00e7\u00f5es 2024 | Restri\u00e7\u00f5es previstas no calend\u00e1rio eleitoral come\u00e7am neste m\u00eas; confira datas e proibi\u00e7\u00f5es"},"content":{"rendered":"\n<p>A partir deste m\u00eas, come\u00e7am a valer as principais restri\u00e7\u00f5es previstas no calend\u00e1rio eleitoral para impedir o uso da m\u00e1quina p\u00fablica a favor de candidatos \u00e0s elei\u00e7\u00f5es municipais de outubro. As veda\u00e7\u00f5es est\u00e3o previstas na Lei das Elei\u00e7\u00f5es (Lei 9.504\/1997).<\/p>\n\n\n\n<p>A partir de s\u00e1bado (6), tr\u00eas meses antes do pleito, come\u00e7am as restri\u00e7\u00f5es para contrata\u00e7\u00e3o e demiss\u00e3o de servidores p\u00fablicos. E a partir do dia 20, os partidos podem realizar as conven\u00e7\u00f5es internas para a escolha dos candidatos aos cargos de prefeito, vice-prefeito e vereadores.<\/p>\n\n\n\n<h2 class=\"wp-block-heading\">VEJA AS PRINCIPAIS RESTRI\u00c7\u00d5ES<\/h2>\n\n\n\n<h3 class=\"wp-block-heading\">6 DE JULHO&nbsp;<\/h3>\n\n\n\n<p><strong>Nomea\u00e7\u00e3o de servidores<\/strong>&nbsp;&#8211; Tr\u00eas meses antes do pleito, os agentes p\u00fablicos n\u00e3o podem nomear, contratar e demitir por justa causa servidores p\u00fablicos. A lei abre exce\u00e7\u00e3o para nomea\u00e7\u00e3o e exonera\u00e7\u00e3o de pessoas que exercem fun\u00e7\u00e3o comissionada e a contrata\u00e7\u00e3o de natureza emergencial para garantir o funcionamento de servi\u00e7os p\u00fablicos essenciais.<\/p>\n\n\n\n<p><strong>Concursos<\/strong>&nbsp;&#8211; A nomea\u00e7\u00e3o de servidores s\u00f3 pode ocorrer se o resultado do concurso foi homologado at\u00e9 esta data.<\/p>\n\n\n\n<p><strong>Verbas<\/strong>&nbsp;&#8211; Os agentes p\u00fablicos tamb\u00e9m est\u00e3o proibidos de fazer transfer\u00eancia volunt\u00e1ria de recursos do Governo Federal aos estados e munic\u00edpios. O dinheiro s\u00f3 pode ser enviado para obras que j\u00e1 est\u00e3o em andamento ou para atender situa\u00e7\u00f5es de calamidade p\u00fablica.<\/p>\n\n\n\n<p><strong>Publicidade estatal<\/strong>&nbsp;&#8211; A autoriza\u00e7\u00e3o para realiza\u00e7\u00e3o de publicidade institucional de programas de Governo tamb\u00e9m est\u00e1 proibida. Pronunciamentos oficiais em cadeia de r\u00e1dio e televis\u00e3o e a divulga\u00e7\u00e3o de nomes de candidatos em sites oficiais tamb\u00e9m est\u00e3o vedados e s\u00f3 podem ocorrer com autoriza\u00e7\u00e3o da Justi\u00e7a Eleitoral.&nbsp;<\/p>\n\n\n\n<p><strong>Inaugura\u00e7\u00e3o de obras<\/strong>&nbsp;&#8211; Fica proibida a participa\u00e7\u00e3o de candidatos em inaugura\u00e7\u00f5es de obras p\u00fablicas.<\/p>\n\n\n\n<h3 class=\"wp-block-heading\">20 DE JULHO&nbsp;<\/h3>\n\n\n\n<p><strong>Conven\u00e7\u00f5es&nbsp;<\/strong>&#8211; A partir da data, partidos pol\u00edticos e federa\u00e7\u00f5es poder\u00e3o escolher candidatos para os cargos de prefeito, vice-prefeito e vereador. O prazo para realiza\u00e7\u00e3o das conven\u00e7\u00f5es termina em 5 de agosto.<\/p>\n\n\n\n<p><strong>Gastos de campanha<\/strong>&nbsp;&#8211; Na mesma data, o TSE divulgar\u00e1 o limite de gastos de campanha para os cargos que estar\u00e3o em disputa.&nbsp;<\/p>\n\n\n\n<p><strong>Direito de resposta<\/strong>&nbsp;&#8211; Tamb\u00e9m come\u00e7a a valer a possibilidade de candidatos e partidos pedirem direito de resposta contra reportagens, coment\u00e1rios e postagens que considerarem ofensivas na imprensa e nas redes sociais.<\/p>\n\n\n\n<h2 class=\"wp-block-heading\">QUANDO SER\u00c3O AS ELEI\u00c7\u00d5ES DE 2024?<\/h2>\n\n\n\n<p>O\u00a0<strong>primeiro turno das elei\u00e7\u00f5es<\/strong>\u00a0ser\u00e1 no dia 6 de outubro. O\u00a0<strong>segundo turno da disputa<\/strong>\u00a0poder\u00e1 ser realizado em 27 de outubro nos munic\u00edpios com mais de 200 mil eleitores, nos quais nenhum dos candidatos \u00e0 prefeitura atingiu mais da metade dos votos v\u00e1lidos, exclu\u00eddos os brancos e nulos, no primeiro turno.\u00a0<\/p>\n\n\n\n<p><strong>Di\u00e1rio do Nordeste\/Ag\u00eancia Brasil<\/strong><\/p>\n","protected":false},"excerpt":{"rendered":"<p>A partir deste m\u00eas, come\u00e7am a valer as principais restri\u00e7\u00f5es previstas no calend\u00e1rio eleitoral para impedir o uso da m\u00e1quina p\u00fablica a favor de candidatos \u00e0s elei\u00e7\u00f5es municipais de outubro. As veda\u00e7\u00f5es est\u00e3o previstas na Lei das Elei\u00e7\u00f5es (Lei 9.504\/1997). A partir de s\u00e1bado (6), tr\u00eas meses antes do pleito, come\u00e7am as restri\u00e7\u00f5es para contrata\u00e7\u00e3o [&hellip;]<\/p>\n","protected":false},"author":2,"featured_media":259358,"comment_status":"open","ping_status":"open","sticky":false,"template":"","format":"standard","meta":{"_mi_skip_tracking":false,"footnotes":""},"categories":[25,1,16],"tags":[192],"class_list":["post-259357","post","type-post","status-publish","format-standard","has-post-thumbnail","hentry","category-destaques-site","category-geral","category-todas","tag-destaqueprincipal"],"acf":[],"yoast_head":"<!-- This site is optimized with the Yoast SEO Premium plugin v19.2 (Yoast SEO v26.9) - https:\/\/yoast.com\/product\/yoast-seo-premium-wordpress\/ -->\n<title>Elei\u00e7\u00f5es 2024 | Restri\u00e7\u00f5es previstas no calend\u00e1rio eleitoral come\u00e7am neste m\u00eas; confira datas e proibi\u00e7\u00f5es - Portal Not\u00edcia em Pauta<\/title>\n<meta name=\"robots\" content=\"index, follow, max-snippet:-1, max-image-preview:large, max-video-preview:-1\" \/>\n<link rel=\"canonical\" href=\"https:\/\/noticiaempauta.com\/portal\/eleicoes-2024-restricoes-previstas-no-calendario-eleitoral-comecam-neste-mes-confira-datas-e-proibicoes\/\" \/>\n<meta property=\"og:locale\" content=\"pt_BR\" \/>\n<meta property=\"og:type\" content=\"article\" \/>\n<meta property=\"og:title\" content=\"Elei\u00e7\u00f5es 2024 | Restri\u00e7\u00f5es previstas no calend\u00e1rio eleitoral come\u00e7am neste m\u00eas; confira datas e proibi\u00e7\u00f5es\" \/>\n<meta property=\"og:description\" content=\"A partir deste m\u00eas, come\u00e7am a valer as principais restri\u00e7\u00f5es previstas no calend\u00e1rio eleitoral para impedir o uso da m\u00e1quina p\u00fablica a favor de candidatos \u00e0s elei\u00e7\u00f5es municipais de outubro. As veda\u00e7\u00f5es est\u00e3o previstas na Lei das Elei\u00e7\u00f5es (Lei 9.504\/1997). A partir de s\u00e1bado (6), tr\u00eas meses antes do pleito, come\u00e7am as restri\u00e7\u00f5es para contrata\u00e7\u00e3o [&hellip;]\" \/>\n<meta property=\"og:url\" content=\"https:\/\/noticiaempauta.com\/portal\/eleicoes-2024-restricoes-previstas-no-calendario-eleitoral-comecam-neste-mes-confira-datas-e-proibicoes\/\" \/>\n<meta property=\"og:site_name\" content=\"Portal Not\u00edcia em Pauta\" \/>\n<meta property=\"article:publisher\" content=\"https:\/\/www.facebook.com\/Portal-Notcia-Em-Pauta-102292869264820\/\" \/>\n<meta property=\"article:published_time\" content=\"2024-07-01T12:01:21+00:00\" \/>\n<meta property=\"article:modified_time\" content=\"2024-07-01T12:01:22+00:00\" \/>\n<meta property=\"og:image\" content=\"https:\/\/noticiaempauta.com\/portal\/wp-content\/uploads\/2024\/07\/urnas-eletronica-848x477-1.jpeg\" \/>\n\t<meta property=\"og:image:width\" content=\"848\" \/>\n\t<meta property=\"og:image:height\" content=\"477\" \/>\n\t<meta property=\"og:image:type\" content=\"image\/jpeg\" \/>\n<meta name=\"author\" content=\"Reda\u00e7\u00e3o\" \/>\n<meta name=\"twitter:card\" content=\"summary_large_image\" \/>\n<meta name=\"twitter:label1\" content=\"Escrito por\" \/>\n\t<meta name=\"twitter:data1\" content=\"Reda\u00e7\u00e3o\" \/>\n\t<meta name=\"twitter:label2\" content=\"Est. tempo de leitura\" \/>\n\t<meta name=\"twitter:data2\" content=\"3 minutos\" \/>\n<script type=\"application\/ld+json\" class=\"yoast-schema-graph\">{\"@context\":\"https:\/\/schema.org\",\"@graph\":[{\"@type\":\"Article\",\"@id\":\"https:\/\/noticiaempauta.com\/portal\/eleicoes-2024-restricoes-previstas-no-calendario-eleitoral-comecam-neste-mes-confira-datas-e-proibicoes\/#article\",\"isPartOf\":{\"@id\":\"https:\/\/noticiaempauta.com\/portal\/eleicoes-2024-restricoes-previstas-no-calendario-eleitoral-comecam-neste-mes-confira-datas-e-proibicoes\/\"},\"author\":{\"name\":\"Reda\u00e7\u00e3o\",\"@id\":\"https:\/\/noticiaempauta.com\/portal\/#\/schema\/person\/a74af43dd1ab3deca45f988c717d57ac\"},\"headline\":\"Elei\u00e7\u00f5es 2024 | Restri\u00e7\u00f5es previstas no calend\u00e1rio eleitoral come\u00e7am neste m\u00eas; confira datas e proibi\u00e7\u00f5es\",\"datePublished\":\"2024-07-01T12:01:21+00:00\",\"dateModified\":\"2024-07-01T12:01:22+00:00\",\"mainEntityOfPage\":{\"@id\":\"https:\/\/noticiaempauta.com\/portal\/eleicoes-2024-restricoes-previstas-no-calendario-eleitoral-comecam-neste-mes-confira-datas-e-proibicoes\/\"},\"wordCount\":512,\"commentCount\":0,\"publisher\":{\"@id\":\"https:\/\/noticiaempauta.com\/portal\/#organization\"},\"image\":{\"@id\":\"https:\/\/noticiaempauta.com\/portal\/eleicoes-2024-restricoes-previstas-no-calendario-eleitoral-comecam-neste-mes-confira-datas-e-proibicoes\/#primaryimage\"},\"thumbnailUrl\":\"https:\/\/noticiaempauta.com\/portal\/wp-content\/uploads\/2024\/07\/urnas-eletronica-848x477-1.jpeg\",\"keywords\":[\"destaqueprincipal\"],\"articleSection\":[\"Destaques\",\"Geral\",\"Todas as Not\u00edcias\"],\"inLanguage\":\"pt-BR\",\"potentialAction\":[{\"@type\":\"CommentAction\",\"name\":\"Comment\",\"target\":[\"https:\/\/noticiaempauta.com\/portal\/eleicoes-2024-restricoes-previstas-no-calendario-eleitoral-comecam-neste-mes-confira-datas-e-proibicoes\/#respond\"]}]},{\"@type\":\"WebPage\",\"@id\":\"https:\/\/noticiaempauta.com\/portal\/eleicoes-2024-restricoes-previstas-no-calendario-eleitoral-comecam-neste-mes-confira-datas-e-proibicoes\/\",\"url\":\"https:\/\/noticiaempauta.com\/portal\/eleicoes-2024-restricoes-previstas-no-calendario-eleitoral-comecam-neste-mes-confira-datas-e-proibicoes\/\",\"name\":\"Elei\u00e7\u00f5es 2024 | Restri\u00e7\u00f5es previstas no calend\u00e1rio eleitoral come\u00e7am neste m\u00eas; confira datas e proibi\u00e7\u00f5es - Portal Not\u00edcia em Pauta\",\"isPartOf\":{\"@id\":\"https:\/\/noticiaempauta.com\/portal\/#website\"},\"primaryImageOfPage\":{\"@id\":\"https:\/\/noticiaempauta.com\/portal\/eleicoes-2024-restricoes-previstas-no-calendario-eleitoral-comecam-neste-mes-confira-datas-e-proibicoes\/#primaryimage\"},\"image\":{\"@id\":\"https:\/\/noticiaempauta.com\/portal\/eleicoes-2024-restricoes-previstas-no-calendario-eleitoral-comecam-neste-mes-confira-datas-e-proibicoes\/#primaryimage\"},\"thumbnailUrl\":\"https:\/\/noticiaempauta.com\/portal\/wp-content\/uploads\/2024\/07\/urnas-eletronica-848x477-1.jpeg\",\"datePublished\":\"2024-07-01T12:01:21+00:00\",\"dateModified\":\"2024-07-01T12:01:22+00:00\",\"breadcrumb\":{\"@id\":\"https:\/\/noticiaempauta.com\/portal\/eleicoes-2024-restricoes-previstas-no-calendario-eleitoral-comecam-neste-mes-confira-datas-e-proibicoes\/#breadcrumb\"},\"inLanguage\":\"pt-BR\",\"potentialAction\":[{\"@type\":\"ReadAction\",\"target\":[\"https:\/\/noticiaempauta.com\/portal\/eleicoes-2024-restricoes-previstas-no-calendario-eleitoral-comecam-neste-mes-confira-datas-e-proibicoes\/\"]}]},{\"@type\":\"ImageObject\",\"inLanguage\":\"pt-BR\",\"@id\":\"https:\/\/noticiaempauta.com\/portal\/eleicoes-2024-restricoes-previstas-no-calendario-eleitoral-comecam-neste-mes-confira-datas-e-proibicoes\/#primaryimage\",\"url\":\"https:\/\/noticiaempauta.com\/portal\/wp-content\/uploads\/2024\/07\/urnas-eletronica-848x477-1.jpeg\",\"contentUrl\":\"https:\/\/noticiaempauta.com\/portal\/wp-content\/uploads\/2024\/07\/urnas-eletronica-848x477-1.jpeg\",\"width\":848,\"height\":477,\"caption\":\"urna eletr\u00f4nica. Foto: Nelson Jr.\/ ASICS\/TSE\"},{\"@type\":\"BreadcrumbList\",\"@id\":\"https:\/\/noticiaempauta.com\/portal\/eleicoes-2024-restricoes-previstas-no-calendario-eleitoral-comecam-neste-mes-confira-datas-e-proibicoes\/#breadcrumb\",\"itemListElement\":[{\"@type\":\"ListItem\",\"position\":1,\"name\":\"P\u00e1gina Inicial\",\"item\":\"https:\/\/noticiaempauta.com\/portal\/\"},{\"@type\":\"ListItem\",\"position\":2,\"name\":\"Destaques\",\"item\":\"https:\/\/noticiaempauta.com\/portal\/destaques-site\/\"},{\"@type\":\"ListItem\",\"position\":3,\"name\":\"Elei\u00e7\u00f5es 2024 | Restri\u00e7\u00f5es previstas no calend\u00e1rio eleitoral come\u00e7am neste m\u00eas; confira datas e proibi\u00e7\u00f5es\"}]},{\"@type\":\"WebSite\",\"@id\":\"https:\/\/noticiaempauta.com\/portal\/#website\",\"url\":\"https:\/\/noticiaempauta.com\/portal\/\",\"name\":\"Portal Not\u00edcia em Pauta\",\"description\":\"Voc\u00ea bem informado\",\"publisher\":{\"@id\":\"https:\/\/noticiaempauta.com\/portal\/#organization\"},\"potentialAction\":[{\"@type\":\"SearchAction\",\"target\":{\"@type\":\"EntryPoint\",\"urlTemplate\":\"https:\/\/noticiaempauta.com\/portal\/?s={search_term_string}\"},\"query-input\":{\"@type\":\"PropertyValueSpecification\",\"valueRequired\":true,\"valueName\":\"search_term_string\"}}],\"inLanguage\":\"pt-BR\"},{\"@type\":\"Organization\",\"@id\":\"https:\/\/noticiaempauta.com\/portal\/#organization\",\"name\":\"Portal Not\u00edcia em Pauta\",\"url\":\"https:\/\/noticiaempauta.com\/portal\/\",\"logo\":{\"@type\":\"ImageObject\",\"inLanguage\":\"pt-BR\",\"@id\":\"https:\/\/noticiaempauta.com\/portal\/#\/schema\/logo\/image\/\",\"url\":\"https:\/\/noticiaempauta.com\/portal\/wp-content\/uploads\/2022\/08\/logomarca_tema.fw_.png\",\"contentUrl\":\"https:\/\/noticiaempauta.com\/portal\/wp-content\/uploads\/2022\/08\/logomarca_tema.fw_.png\",\"width\":400,\"height\":232,\"caption\":\"Portal Not\u00edcia em Pauta\"},\"image\":{\"@id\":\"https:\/\/noticiaempauta.com\/portal\/#\/schema\/logo\/image\/\"},\"sameAs\":[\"https:\/\/www.facebook.com\/Portal-Notcia-Em-Pauta-102292869264820\/\",\"https:\/\/www.instagram.com\/portalnoticiaempauta\/\"]},{\"@type\":\"Person\",\"@id\":\"https:\/\/noticiaempauta.com\/portal\/#\/schema\/person\/a74af43dd1ab3deca45f988c717d57ac\",\"name\":\"Reda\u00e7\u00e3o\",\"image\":{\"@type\":\"ImageObject\",\"inLanguage\":\"pt-BR\",\"@id\":\"https:\/\/noticiaempauta.com\/portal\/#\/schema\/person\/image\/\",\"url\":\"https:\/\/secure.gravatar.com\/avatar\/03179346ecce6cdfc13361603e8f54242a90e5cde8618fa23c5c00aa2b0aadf3?s=96&d=mm&r=g\",\"contentUrl\":\"https:\/\/secure.gravatar.com\/avatar\/03179346ecce6cdfc13361603e8f54242a90e5cde8618fa23c5c00aa2b0aadf3?s=96&d=mm&r=g\",\"caption\":\"Reda\u00e7\u00e3o\"},\"sameAs\":[\"https:\/\/noticiaempauta.com\/portal\/\"],\"url\":\"https:\/\/noticiaempauta.com\/portal\/author\/fernando\/\"}]}<\/script>\n<!-- \/ Yoast SEO Premium plugin. -->","yoast_head_json":{"title":"Elei\u00e7\u00f5es 2024 | Restri\u00e7\u00f5es previstas no calend\u00e1rio eleitoral come\u00e7am neste m\u00eas; confira datas e proibi\u00e7\u00f5es - Portal Not\u00edcia em Pauta","robots":{"index":"index","follow":"follow","max-snippet":"max-snippet:-1","max-image-preview":"max-image-preview:large","max-video-preview":"max-video-preview:-1"},"canonical":"https:\/\/noticiaempauta.com\/portal\/eleicoes-2024-restricoes-previstas-no-calendario-eleitoral-comecam-neste-mes-confira-datas-e-proibicoes\/","og_locale":"pt_BR","og_type":"article","og_title":"Elei\u00e7\u00f5es 2024 | Restri\u00e7\u00f5es previstas no calend\u00e1rio eleitoral come\u00e7am neste m\u00eas; confira datas e proibi\u00e7\u00f5es","og_description":"A partir deste m\u00eas, come\u00e7am a valer as principais restri\u00e7\u00f5es previstas no calend\u00e1rio eleitoral para impedir o uso da m\u00e1quina p\u00fablica a favor de candidatos \u00e0s elei\u00e7\u00f5es municipais de outubro. As veda\u00e7\u00f5es est\u00e3o previstas na Lei das Elei\u00e7\u00f5es (Lei 9.504\/1997). A partir de s\u00e1bado (6), tr\u00eas meses antes do pleito, come\u00e7am as restri\u00e7\u00f5es para contrata\u00e7\u00e3o [&hellip;]","og_url":"https:\/\/noticiaempauta.com\/portal\/eleicoes-2024-restricoes-previstas-no-calendario-eleitoral-comecam-neste-mes-confira-datas-e-proibicoes\/","og_site_name":"Portal Not\u00edcia em Pauta","article_publisher":"https:\/\/www.facebook.com\/Portal-Notcia-Em-Pauta-102292869264820\/","article_published_time":"2024-07-01T12:01:21+00:00","article_modified_time":"2024-07-01T12:01:22+00:00","og_image":[{"width":848,"height":477,"url":"https:\/\/noticiaempauta.com\/portal\/wp-content\/uploads\/2024\/07\/urnas-eletronica-848x477-1.jpeg","type":"image\/jpeg"}],"author":"Reda\u00e7\u00e3o","twitter_card":"summary_large_image","twitter_misc":{"Escrito por":"Reda\u00e7\u00e3o","Est. tempo de leitura":"3 minutos"},"schema":{"@context":"https:\/\/schema.org","@graph":[{"@type":"Article","@id":"https:\/\/noticiaempauta.com\/portal\/eleicoes-2024-restricoes-previstas-no-calendario-eleitoral-comecam-neste-mes-confira-datas-e-proibicoes\/#article","isPartOf":{"@id":"https:\/\/noticiaempauta.com\/portal\/eleicoes-2024-restricoes-previstas-no-calendario-eleitoral-comecam-neste-mes-confira-datas-e-proibicoes\/"},"author":{"name":"Reda\u00e7\u00e3o","@id":"https:\/\/noticiaempauta.com\/portal\/#\/schema\/person\/a74af43dd1ab3deca45f988c717d57ac"},"headline":"Elei\u00e7\u00f5es 2024 | Restri\u00e7\u00f5es previstas no calend\u00e1rio eleitoral come\u00e7am neste m\u00eas; confira datas e proibi\u00e7\u00f5es","datePublished":"2024-07-01T12:01:21+00:00","dateModified":"2024-07-01T12:01:22+00:00","mainEntityOfPage":{"@id":"https:\/\/noticiaempauta.com\/portal\/eleicoes-2024-restricoes-previstas-no-calendario-eleitoral-comecam-neste-mes-confira-datas-e-proibicoes\/"},"wordCount":512,"commentCount":0,"publisher":{"@id":"https:\/\/noticiaempauta.com\/portal\/#organization"},"image":{"@id":"https:\/\/noticiaempauta.com\/portal\/eleicoes-2024-restricoes-previstas-no-calendario-eleitoral-comecam-neste-mes-confira-datas-e-proibicoes\/#primaryimage"},"thumbnailUrl":"https:\/\/noticiaempauta.com\/portal\/wp-content\/uploads\/2024\/07\/urnas-eletronica-848x477-1.jpeg","keywords":["destaqueprincipal"],"articleSection":["Destaques","Geral","Todas as Not\u00edcias"],"inLanguage":"pt-BR","potentialAction":[{"@type":"CommentAction","name":"Comment","target":["https:\/\/noticiaempauta.com\/portal\/eleicoes-2024-restricoes-previstas-no-calendario-eleitoral-comecam-neste-mes-confira-datas-e-proibicoes\/#respond"]}]},{"@type":"WebPage","@id":"https:\/\/noticiaempauta.com\/portal\/eleicoes-2024-restricoes-previstas-no-calendario-eleitoral-comecam-neste-mes-confira-datas-e-proibicoes\/","url":"https:\/\/noticiaempauta.com\/portal\/eleicoes-2024-restricoes-previstas-no-calendario-eleitoral-comecam-neste-mes-confira-datas-e-proibicoes\/","name":"Elei\u00e7\u00f5es 2024 | Restri\u00e7\u00f5es previstas no calend\u00e1rio eleitoral come\u00e7am neste m\u00eas; confira datas e proibi\u00e7\u00f5es - Portal Not\u00edcia em Pauta","isPartOf":{"@id":"https:\/\/noticiaempauta.com\/portal\/#website"},"primaryImageOfPage":{"@id":"https:\/\/noticiaempauta.com\/portal\/eleicoes-2024-restricoes-previstas-no-calendario-eleitoral-comecam-neste-mes-confira-datas-e-proibicoes\/#primaryimage"},"image":{"@id":"https:\/\/noticiaempauta.com\/portal\/eleicoes-2024-restricoes-previstas-no-calendario-eleitoral-comecam-neste-mes-confira-datas-e-proibicoes\/#primaryimage"},"thumbnailUrl":"https:\/\/noticiaempauta.com\/portal\/wp-content\/uploads\/2024\/07\/urnas-eletronica-848x477-1.jpeg","datePublished":"2024-07-01T12:01:21+00:00","dateModified":"2024-07-01T12:01:22+00:00","breadcrumb":{"@id":"https:\/\/noticiaempauta.com\/portal\/eleicoes-2024-restricoes-previstas-no-calendario-eleitoral-comecam-neste-mes-confira-datas-e-proibicoes\/#breadcrumb"},"inLanguage":"pt-BR","potentialAction":[{"@type":"ReadAction","target":["https:\/\/noticiaempauta.com\/portal\/eleicoes-2024-restricoes-previstas-no-calendario-eleitoral-comecam-neste-mes-confira-datas-e-proibicoes\/"]}]},{"@type":"ImageObject","inLanguage":"pt-BR","@id":"https:\/\/noticiaempauta.com\/portal\/eleicoes-2024-restricoes-previstas-no-calendario-eleitoral-comecam-neste-mes-confira-datas-e-proibicoes\/#primaryimage","url":"https:\/\/noticiaempauta.com\/portal\/wp-content\/uploads\/2024\/07\/urnas-eletronica-848x477-1.jpeg","contentUrl":"https:\/\/noticiaempauta.com\/portal\/wp-content\/uploads\/2024\/07\/urnas-eletronica-848x477-1.jpeg","width":848,"height":477,"caption":"urna eletr\u00f4nica. Foto: Nelson Jr.\/ ASICS\/TSE"},{"@type":"BreadcrumbList","@id":"https:\/\/noticiaempauta.com\/portal\/eleicoes-2024-restricoes-previstas-no-calendario-eleitoral-comecam-neste-mes-confira-datas-e-proibicoes\/#breadcrumb","itemListElement":[{"@type":"ListItem","position":1,"name":"P\u00e1gina Inicial","item":"https:\/\/noticiaempauta.com\/portal\/"},{"@type":"ListItem","position":2,"name":"Destaques","item":"https:\/\/noticiaempauta.com\/portal\/destaques-site\/"},{"@type":"ListItem","position":3,"name":"Elei\u00e7\u00f5es 2024 | Restri\u00e7\u00f5es previstas no calend\u00e1rio eleitoral come\u00e7am neste m\u00eas; confira datas e proibi\u00e7\u00f5es"}]},{"@type":"WebSite","@id":"https:\/\/noticiaempauta.com\/portal\/#website","url":"https:\/\/noticiaempauta.com\/portal\/","name":"Portal Not\u00edcia em Pauta","description":"Voc\u00ea bem informado","publisher":{"@id":"https:\/\/noticiaempauta.com\/portal\/#organization"},"potentialAction":[{"@type":"SearchAction","target":{"@type":"EntryPoint","urlTemplate":"https:\/\/noticiaempauta.com\/portal\/?s={search_term_string}"},"query-input":{"@type":"PropertyValueSpecification","valueRequired":true,"valueName":"search_term_string"}}],"inLanguage":"pt-BR"},{"@type":"Organization","@id":"https:\/\/noticiaempauta.com\/portal\/#organization","name":"Portal Not\u00edcia em Pauta","url":"https:\/\/noticiaempauta.com\/portal\/","logo":{"@type":"ImageObject","inLanguage":"pt-BR","@id":"https:\/\/noticiaempauta.com\/portal\/#\/schema\/logo\/image\/","url":"https:\/\/noticiaempauta.com\/portal\/wp-content\/uploads\/2022\/08\/logomarca_tema.fw_.png","contentUrl":"https:\/\/noticiaempauta.com\/portal\/wp-content\/uploads\/2022\/08\/logomarca_tema.fw_.png","width":400,"height":232,"caption":"Portal Not\u00edcia em Pauta"},"image":{"@id":"https:\/\/noticiaempauta.com\/portal\/#\/schema\/logo\/image\/"},"sameAs":["https:\/\/www.facebook.com\/Portal-Notcia-Em-Pauta-102292869264820\/","https:\/\/www.instagram.com\/portalnoticiaempauta\/"]},{"@type":"Person","@id":"https:\/\/noticiaempauta.com\/portal\/#\/schema\/person\/a74af43dd1ab3deca45f988c717d57ac","name":"Reda\u00e7\u00e3o","image":{"@type":"ImageObject","inLanguage":"pt-BR","@id":"https:\/\/noticiaempauta.com\/portal\/#\/schema\/person\/image\/","url":"https:\/\/secure.gravatar.com\/avatar\/03179346ecce6cdfc13361603e8f54242a90e5cde8618fa23c5c00aa2b0aadf3?s=96&d=mm&r=g","contentUrl":"https:\/\/secure.gravatar.com\/avatar\/03179346ecce6cdfc13361603e8f54242a90e5cde8618fa23c5c00aa2b0aadf3?s=96&d=mm&r=g","caption":"Reda\u00e7\u00e3o"},"sameAs":["https:\/\/noticiaempauta.com\/portal\/"],"url":"https:\/\/noticiaempauta.com\/portal\/author\/fernando\/"}]}},"_links":{"self":[{"href":"https:\/\/noticiaempauta.com\/portal\/wp-json\/wp\/v2\/posts\/259357","targetHints":{"allow":["GET"]}}],"collection":[{"href":"https:\/\/noticiaempauta.com\/portal\/wp-json\/wp\/v2\/posts"}],"about":[{"href":"https:\/\/noticiaempauta.com\/portal\/wp-json\/wp\/v2\/types\/post"}],"author":[{"embeddable":true,"href":"https:\/\/noticiaempauta.com\/portal\/wp-json\/wp\/v2\/users\/2"}],"replies":[{"embeddable":true,"href":"https:\/\/noticiaempauta.com\/portal\/wp-json\/wp\/v2\/comments?post=259357"}],"version-history":[{"count":2,"href":"https:\/\/noticiaempauta.com\/portal\/wp-json\/wp\/v2\/posts\/259357\/revisions"}],"predecessor-version":[{"id":259360,"href":"https:\/\/noticiaempauta.com\/portal\/wp-json\/wp\/v2\/posts\/259357\/revisions\/259360"}],"wp:featuredmedia":[{"embeddable":true,"href":"https:\/\/noticiaempauta.com\/portal\/wp-json\/wp\/v2\/media\/259358"}],"wp:attachment":[{"href":"https:\/\/noticiaempauta.com\/portal\/wp-json\/wp\/v2\/media?parent=259357"}],"wp:term":[{"taxonomy":"category","embeddable":true,"href":"https:\/\/noticiaempauta.com\/portal\/wp-json\/wp\/v2\/categories?post=259357"},{"taxonomy":"post_tag","embeddable":true,"href":"https:\/\/noticiaempauta.com\/portal\/wp-json\/wp\/v2\/tags?post=259357"}],"curies":[{"name":"wp","href":"https:\/\/api.w.org\/{rel}","templated":true}]}}