{"id":259466,"date":"2024-07-03T11:57:05","date_gmt":"2024-07-03T14:57:05","guid":{"rendered":"https:\/\/noticiaempauta.com\/portal\/?p=259466"},"modified":"2024-07-03T11:57:07","modified_gmt":"2024-07-03T14:57:07","slug":"programa-mais-medicos-disponibiliza-vagas-para-a-atencao-basica-em-50-municipios-do-piaui","status":"publish","type":"post","link":"https:\/\/noticiaempauta.com\/portal\/programa-mais-medicos-disponibiliza-vagas-para-a-atencao-basica-em-50-municipios-do-piaui\/","title":{"rendered":"Programa Mais M\u00e9dicos disponibiliza vagas para a aten\u00e7\u00e3o b\u00e1sica em 50 munic\u00edpios do Piau\u00ed"},"content":{"rendered":"\n<p>O Minist\u00e9rio da Sa\u00fade abriu edital com mais 3,1 mil vagas para o Programa Mais M\u00e9dicos, referente ao 38\u00b0 ciclo do programa.&nbsp;Para o Piau\u00ed, a disponibilidade \u00e9 de 68 vagas para 50 munic\u00edpios.&nbsp;(Veja lista ao fim da reportagem).<\/p>\n\n\n\n<p>As inscri\u00e7\u00f5es iniciaram nesta ter\u00e7a-feira (2) e seguem at\u00e9 o pr\u00f3ximo s\u00e1bado (6). Essa \u00e9 a primeira vez que a sele\u00e7\u00e3o do programa vai adotar o regime de cotas.&nbsp;No Piau\u00ed, das 68 vagas, 52 s\u00e3o para ampla concorr\u00eancia, e 16 para cotas.<\/p>\n\n\n\n<p>A coordenadora Estadual do Programa Mais M\u00e9dicos, Idvani Braga, alerta aos profissionais interessados sobre o prazo de inscri\u00e7\u00e3o, uma vez que o mesmo n\u00e3o ser\u00e1 prorrogado pelo Minist\u00e9rio da Sa\u00fade.<\/p>\n\n\n\n<p>\u201cCaso o m\u00e9dico tenha interesse em ingressar no programa \u00e9 essencial que ele procure se inscrever o mais r\u00e1pido poss\u00edvel, apresentando todos os documentos necess\u00e1rios. Ap\u00f3s o prazo de inscri\u00e7\u00e3o, os m\u00e9dicos devem ficar atentos ao cronograma presente no edital para que eles acompanhem o processo e cada etapa at\u00e9 o momento de assumir a vaga\u201d, destaca a coordenadora.<\/p>\n\n\n\n<p>Ser\u00e1 concedida bolsa-forma\u00e7\u00e3o de R$ 14.058 por m\u00eas, que poder\u00e1 ser paga pelo prazo de 48 meses. Os percentuais das vagas v\u00e1lidas no novo edital obedecer\u00e3o \u00e0s exig\u00eancias de cotas para concursos p\u00fablicos o qual prev\u00ea o m\u00ednimo de 20% de cotas \u00e9tnico-raciais, e a lei de cotas para PCD, com o m\u00ednimo de 9%.\u00a0<\/p>\n\n\n\n<ul class=\"wp-block-list\">\n<li><\/li>\n\n\n\n<li><\/li>\n\n\n\n<li><\/li>\n<\/ul>\n\n\n\n<p><a href=\"https:\/\/cidadesnanet.com\/#facebook\" rel=\"noreferrer noopener\" target=\"_blank\">Facebook<\/a><a href=\"https:\/\/cidadesnanet.com\/#twitter\" rel=\"noreferrer noopener\" target=\"_blank\">Twitter<\/a><a href=\"https:\/\/cidadesnanet.com\/#email\" rel=\"noreferrer noopener\" target=\"_blank\">Email<\/a><a href=\"https:\/\/cidadesnanet.com\/#whatsapp\" rel=\"noreferrer noopener\" target=\"_blank\">WhatsApp<\/a><a href=\"https:\/\/www.addtoany.com\/share#url=https%3A%2F%2Fcidadesnanet.com%2Fnews%2Fdestaque-3%2Fprograma-mais-medicos-disponibiliza-vagas-para-a-atencao-basica-em-50-municipios-do-piaui%2F&amp;title=Programa%20Mais%20M%C3%A9dicos%20disponibiliza%20vagas%20para%20a%20aten%C3%A7%C3%A3o%20b%C3%A1sica%20em%2050%20munic%C3%ADpios%20do%20Piau%C3%AD\">Partilhar<\/a><\/p>\n\n\n\n<p>https:\/\/googleads.g.doubleclick.net\/pagead\/ads?client=ca-pub-9578432040288851&#038;output=html&#038;h=280&#038;slotname=3681742340&#038;adk=466260981&#038;adf=2666195586&#038;pi=t.ma~as.3681742340&#038;w=336&#038;abgtt=5&#038;lmt=1720006581&#038;format=336&#215;280&#038;url=https%3A%2F%2Fcidadesnanet.com%2Fnews%2Fdestaque-3%2Fprograma-mais-medicos-disponibiliza-vagas-para-a-atencao-basica-em-50-municipios-do-piaui%2F&#038;wgl=1&#038;uach=WyJXaW5kb3dzIiwiMTUuMC4wIiwieDg2IiwiIiwiMTI2LjAuNjQ3OC4xMjciLG51bGwsMCxudWxsLCI2NCIsW1siTm90L0EpQnJhbmQiLCI4LjAuMC4wIl0sWyJDaHJvbWl1bSIsIjEyNi4wLjY0NzguMTI3Il0sWyJHb29nbGUgQ2hyb21lIiwiMTI2LjAuNjQ3OC4xMjciXV0sMF0.&#038;dt=1720018470131&#038;bpp=3&#038;bdt=748&#038;idt=646&#038;shv=r20240626&#038;mjsv=m202406260101&#038;ptt=9&#038;saldr=aa&#038;abxe=1&#038;cookie=ID%3Dbf42ee2421290076%3AT%3D1705583236%3ART%3D1719925999%3AS%3DALNI_MapTUpIlVSpptK-fTqfU_QjaJ4NEg&#038;gpic=UID%3D00000a082bd9e662%3AT%3D1705583236%3ART%3D1719925999%3AS%3DALNI_MbIM8W3ovWKLOdinNvF7hv4nC16Pg&#038;eo_id_str=ID%3Dd3f4015212688156%3AT%3D1706616846%3ART%3D1719925999%3AS%3DAA-AfjawvUHvPmQs5267vbuDa9Ih&#038;prev_fmts=0x0&#038;nras=1&#038;correlator=5916906470317&#038;frm=20&#038;pv=2&#038;ga_vid=1754155865.1705583226&#038;ga_sid=1720018471&#038;ga_hid=1341708392&#038;ga_fc=1&#038;u_tz=-180&#038;u_his=10&#038;u_h=864&#038;u_w=1536&#038;u_ah=816&#038;u_aw=1536&#038;u_cd=24&#038;u_sd=1.25&#038;dmc=4&#038;adx=240&#038;ady=1495&#038;biw=1519&#038;bih=730&#038;scr_x=0&#038;scr_y=182&#038;eid=44759876%2C44759927%2C44759842%2C44795922%2C95330278%2C95330412%2C95331696%2C95334509%2C95334524%2C95334573%2C95334579%2C31084926%2C95337092%2C31078663%2C31078665%2C31078668%2C31078670&#038;oid=2&#038;pvsid=1965072907779235&#038;tmod=1110114453&#038;uas=0&#038;nvt=1&#038;ref=https%3A%2F%2Fcidadesnanet.com%2Fnews%2F&#038;fc=1920&#038;brdim=0%2C0%2C0%2C0%2C1536%2C0%2C1536%2C816%2C1536%2C730&#038;vis=1&#038;rsz=%7C%7CleEbr%7C&#038;abl=CS&#038;pfx=0&#038;fu=0&#038;bc=31&#038;bz=1&#038;td=1&#038;tdf=2&#038;psd=W251bGwsbnVsbCxudWxsLDNd&#038;nt=1&#038;ifi=2&#038;uci=a!2&#038;btvi=1&#038;fsb=1&#038;dtd=653<\/p>\n\n\n\n<p>O Minist\u00e9rio da Sa\u00fade abriu edital com mais 3,1 mil vagas para o Programa Mais M\u00e9dicos, referente ao 38\u00b0 ciclo do programa.&nbsp;Para o Piau\u00ed, a disponibilidade \u00e9 de 68 vagas para 50 munic\u00edpios.&nbsp;(Veja lista ao fim da reportagem).<\/p>\n\n\n\n<p>As inscri\u00e7\u00f5es iniciaram nesta ter\u00e7a-feira (2) e seguem at\u00e9 o pr\u00f3ximo s\u00e1bado (6). Essa \u00e9 a primeira vez que a sele\u00e7\u00e3o do programa vai adotar o regime de cotas.&nbsp;No Piau\u00ed, das 68 vagas, 52 s\u00e3o para ampla concorr\u00eancia, e 16 para cotas.<\/p>\n\n\n\n<p>A coordenadora Estadual do Programa Mais M\u00e9dicos, Idvani Braga, alerta aos profissionais interessados sobre o prazo de inscri\u00e7\u00e3o, uma vez que o mesmo n\u00e3o ser\u00e1 prorrogado pelo Minist\u00e9rio da Sa\u00fade.<\/p>\n\n\n\n<p>\u201cCaso o m\u00e9dico tenha interesse em ingressar no programa \u00e9 essencial que ele procure se inscrever o mais r\u00e1pido poss\u00edvel, apresentando todos os documentos necess\u00e1rios. Ap\u00f3s o prazo de inscri\u00e7\u00e3o, os m\u00e9dicos devem ficar atentos ao cronograma presente no edital para que eles acompanhem o processo e cada etapa at\u00e9 o momento de assumir a vaga\u201d, destaca a coordenadora.<\/p>\n\n\n\n<p>Ser\u00e1 concedida bolsa-forma\u00e7\u00e3o de R$ 14.058 por m\u00eas, que poder\u00e1 ser paga pelo prazo de 48 meses. Os percentuais das vagas v\u00e1lidas no novo edital obedecer\u00e3o \u00e0s exig\u00eancias de cotas para concursos p\u00fablicos o qual prev\u00ea o m\u00ednimo de 20% de cotas \u00e9tnico-raciais, e a lei de cotas para PCD, com o m\u00ednimo de 9%.&nbsp;<\/p>\n\n\n\n<p>As informa\u00e7\u00f5e sobre vagas e tamb\u00e9m o ato da inscri\u00e7\u00e3o podem ser feitos atrav\u00e9s do site do Minist\u00e9rio da Sa\u00fade, na p\u00e1gina do Programa Mais M\u00e9dicos no link: Editais Abertos \/ Anteriores (<a href=\"http:\/\/maismedicos.gov.br\/\"><strong>maismedicos.gov.br<\/strong><\/a>)<\/p>\n\n\n\n<p><strong>Lista de munic\u00edpios contemplados:<\/strong><\/p>\n\n\n\n<p>Alto Long\u00e1, Altos, Amarante, Avelino Lopes, Barras, Bom Jesus, Campo Maior, Canavieira, Canto do Buriti, Capit\u00e3o de Campos, Cara\u00fabas do Piau\u00ed, Caxing\u00f3, Cocal, Corrente, Cristal\u00e2ndia do Piau\u00ed, Currais, Eliseu Martins, Esperantina, Gilbu\u00e9s, Itain\u00f3polis, Jerumenha, Juazeiro do Piau\u00ed, J\u00falio Borges, Jurema, Lagoa de S\u00e3o Francisco, Landri Sales, Madeiro, Milton Brand\u00e3o, Monsenhor Gil, Monte Alegre do Piau\u00ed, Morro Cabe\u00e7a no Tempo, Nossa Senhroa de Nazar\u00e9, Novo Santo Ant\u00f4nio, Oeiras, Paje\u00fa do Piau\u00ed, Palmeirais, Parnagu\u00e1, Parna\u00edba, Piripiri, Santa Filomena, Santa Luz, Santa Rosa do Piau\u00ed, S\u00e3o Braz do Piau\u00ed, S\u00e3o F\u00e9lix do Piau\u00ed, S\u00e3o Gon\u00e7alo do Gurgueia, S\u00e3o Jo\u00e3o do Arraial, S\u00e3o Jo\u00e3o do Piau\u00ed, S\u00e3o Jos\u00e9 do Divino, S\u00e3o Raimundo Nonato e Sigefredo Pacheco.<\/p>\n\n\n\n<p><em>Fonte: Cidade Verde \/ Com informa\u00e7\u00f5es da Sesapi e do Minist\u00e9rio da Sa\u00fade<\/em><\/p>\n\n\n\n<p><\/p>\n","protected":false},"excerpt":{"rendered":"<p>O Minist\u00e9rio da Sa\u00fade abriu edital com mais 3,1 mil vagas para o Programa Mais M\u00e9dicos, referente ao 38\u00b0 ciclo do programa.&nbsp;Para o Piau\u00ed, a disponibilidade \u00e9 de 68 vagas para 50 munic\u00edpios.&nbsp;(Veja lista ao fim da reportagem). As inscri\u00e7\u00f5es iniciaram nesta ter\u00e7a-feira (2) e seguem at\u00e9 o pr\u00f3ximo s\u00e1bado (6). Essa \u00e9 a primeira [&hellip;]<\/p>\n","protected":false},"author":2,"featured_media":244037,"comment_status":"open","ping_status":"open","sticky":false,"template":"","format":"standard","meta":{"_mi_skip_tracking":false,"footnotes":""},"categories":[25,1,9,5,16],"tags":[192],"class_list":["post-259466","post","type-post","status-publish","format-standard","has-post-thumbnail","hentry","category-destaques-site","category-geral","category-municipios","category-saude","category-todas","tag-destaqueprincipal"],"acf":[],"yoast_head":"<!-- This site is optimized with the Yoast SEO Premium plugin v19.2 (Yoast SEO v26.9) - https:\/\/yoast.com\/product\/yoast-seo-premium-wordpress\/ -->\n<title>Programa Mais M\u00e9dicos disponibiliza vagas para a aten\u00e7\u00e3o b\u00e1sica em 50 munic\u00edpios do Piau\u00ed - Portal Not\u00edcia em Pauta<\/title>\n<meta name=\"robots\" content=\"index, follow, max-snippet:-1, max-image-preview:large, max-video-preview:-1\" \/>\n<link rel=\"canonical\" href=\"https:\/\/noticiaempauta.com\/portal\/programa-mais-medicos-disponibiliza-vagas-para-a-atencao-basica-em-50-municipios-do-piaui\/\" \/>\n<meta property=\"og:locale\" content=\"pt_BR\" \/>\n<meta property=\"og:type\" content=\"article\" \/>\n<meta property=\"og:title\" content=\"Programa Mais M\u00e9dicos disponibiliza vagas para a aten\u00e7\u00e3o b\u00e1sica em 50 munic\u00edpios do Piau\u00ed\" \/>\n<meta property=\"og:description\" content=\"O Minist\u00e9rio da Sa\u00fade abriu edital com mais 3,1 mil vagas para o Programa Mais M\u00e9dicos, referente ao 38\u00b0 ciclo do programa.&nbsp;Para o Piau\u00ed, a disponibilidade \u00e9 de 68 vagas para 50 munic\u00edpios.&nbsp;(Veja lista ao fim da reportagem). As inscri\u00e7\u00f5es iniciaram nesta ter\u00e7a-feira (2) e seguem at\u00e9 o pr\u00f3ximo s\u00e1bado (6). Essa \u00e9 a primeira [&hellip;]\" \/>\n<meta property=\"og:url\" content=\"https:\/\/noticiaempauta.com\/portal\/programa-mais-medicos-disponibiliza-vagas-para-a-atencao-basica-em-50-municipios-do-piaui\/\" \/>\n<meta property=\"og:site_name\" content=\"Portal Not\u00edcia em Pauta\" \/>\n<meta property=\"article:publisher\" content=\"https:\/\/www.facebook.com\/Portal-Notcia-Em-Pauta-102292869264820\/\" \/>\n<meta property=\"article:published_time\" content=\"2024-07-03T14:57:05+00:00\" \/>\n<meta property=\"article:modified_time\" content=\"2024-07-03T14:57:07+00:00\" \/>\n<meta property=\"og:image\" content=\"https:\/\/noticiaempauta.com\/portal\/wp-content\/uploads\/2023\/01\/1_8_grandes_medicos_que_revolucionaram_a_medicina-7221856.webp\" \/>\n\t<meta property=\"og:image:width\" content=\"675\" \/>\n\t<meta property=\"og:image:height\" content=\"450\" \/>\n\t<meta property=\"og:image:type\" content=\"image\/webp\" \/>\n<meta name=\"author\" content=\"Reda\u00e7\u00e3o\" \/>\n<meta name=\"twitter:card\" content=\"summary_large_image\" \/>\n<meta name=\"twitter:label1\" content=\"Escrito por\" \/>\n\t<meta name=\"twitter:data1\" content=\"Reda\u00e7\u00e3o\" \/>\n\t<meta name=\"twitter:label2\" content=\"Est. tempo de leitura\" \/>\n\t<meta name=\"twitter:data2\" content=\"4 minutos\" \/>\n<script type=\"application\/ld+json\" class=\"yoast-schema-graph\">{\"@context\":\"https:\/\/schema.org\",\"@graph\":[{\"@type\":\"Article\",\"@id\":\"https:\/\/noticiaempauta.com\/portal\/programa-mais-medicos-disponibiliza-vagas-para-a-atencao-basica-em-50-municipios-do-piaui\/#article\",\"isPartOf\":{\"@id\":\"https:\/\/noticiaempauta.com\/portal\/programa-mais-medicos-disponibiliza-vagas-para-a-atencao-basica-em-50-municipios-do-piaui\/\"},\"author\":{\"name\":\"Reda\u00e7\u00e3o\",\"@id\":\"https:\/\/noticiaempauta.com\/portal\/#\/schema\/person\/a74af43dd1ab3deca45f988c717d57ac\"},\"headline\":\"Programa Mais M\u00e9dicos disponibiliza vagas para a aten\u00e7\u00e3o b\u00e1sica em 50 munic\u00edpios do Piau\u00ed\",\"datePublished\":\"2024-07-03T14:57:05+00:00\",\"dateModified\":\"2024-07-03T14:57:07+00:00\",\"mainEntityOfPage\":{\"@id\":\"https:\/\/noticiaempauta.com\/portal\/programa-mais-medicos-disponibiliza-vagas-para-a-atencao-basica-em-50-municipios-do-piaui\/\"},\"wordCount\":1010,\"commentCount\":0,\"publisher\":{\"@id\":\"https:\/\/noticiaempauta.com\/portal\/#organization\"},\"image\":{\"@id\":\"https:\/\/noticiaempauta.com\/portal\/programa-mais-medicos-disponibiliza-vagas-para-a-atencao-basica-em-50-municipios-do-piaui\/#primaryimage\"},\"thumbnailUrl\":\"https:\/\/noticiaempauta.com\/portal\/wp-content\/uploads\/2023\/01\/1_8_grandes_medicos_que_revolucionaram_a_medicina-7221856.webp\",\"keywords\":[\"destaqueprincipal\"],\"articleSection\":[\"Destaques\",\"Geral\",\"Munic\u00edpios\",\"Sa\u00fade\",\"Todas as Not\u00edcias\"],\"inLanguage\":\"pt-BR\",\"potentialAction\":[{\"@type\":\"CommentAction\",\"name\":\"Comment\",\"target\":[\"https:\/\/noticiaempauta.com\/portal\/programa-mais-medicos-disponibiliza-vagas-para-a-atencao-basica-em-50-municipios-do-piaui\/#respond\"]}]},{\"@type\":\"WebPage\",\"@id\":\"https:\/\/noticiaempauta.com\/portal\/programa-mais-medicos-disponibiliza-vagas-para-a-atencao-basica-em-50-municipios-do-piaui\/\",\"url\":\"https:\/\/noticiaempauta.com\/portal\/programa-mais-medicos-disponibiliza-vagas-para-a-atencao-basica-em-50-municipios-do-piaui\/\",\"name\":\"Programa Mais M\u00e9dicos disponibiliza vagas para a aten\u00e7\u00e3o b\u00e1sica em 50 munic\u00edpios do Piau\u00ed - Portal Not\u00edcia em Pauta\",\"isPartOf\":{\"@id\":\"https:\/\/noticiaempauta.com\/portal\/#website\"},\"primaryImageOfPage\":{\"@id\":\"https:\/\/noticiaempauta.com\/portal\/programa-mais-medicos-disponibiliza-vagas-para-a-atencao-basica-em-50-municipios-do-piaui\/#primaryimage\"},\"image\":{\"@id\":\"https:\/\/noticiaempauta.com\/portal\/programa-mais-medicos-disponibiliza-vagas-para-a-atencao-basica-em-50-municipios-do-piaui\/#primaryimage\"},\"thumbnailUrl\":\"https:\/\/noticiaempauta.com\/portal\/wp-content\/uploads\/2023\/01\/1_8_grandes_medicos_que_revolucionaram_a_medicina-7221856.webp\",\"datePublished\":\"2024-07-03T14:57:05+00:00\",\"dateModified\":\"2024-07-03T14:57:07+00:00\",\"breadcrumb\":{\"@id\":\"https:\/\/noticiaempauta.com\/portal\/programa-mais-medicos-disponibiliza-vagas-para-a-atencao-basica-em-50-municipios-do-piaui\/#breadcrumb\"},\"inLanguage\":\"pt-BR\",\"potentialAction\":[{\"@type\":\"ReadAction\",\"target\":[\"https:\/\/noticiaempauta.com\/portal\/programa-mais-medicos-disponibiliza-vagas-para-a-atencao-basica-em-50-municipios-do-piaui\/\"]}]},{\"@type\":\"ImageObject\",\"inLanguage\":\"pt-BR\",\"@id\":\"https:\/\/noticiaempauta.com\/portal\/programa-mais-medicos-disponibiliza-vagas-para-a-atencao-basica-em-50-municipios-do-piaui\/#primaryimage\",\"url\":\"https:\/\/noticiaempauta.com\/portal\/wp-content\/uploads\/2023\/01\/1_8_grandes_medicos_que_revolucionaram_a_medicina-7221856.webp\",\"contentUrl\":\"https:\/\/noticiaempauta.com\/portal\/wp-content\/uploads\/2023\/01\/1_8_grandes_medicos_que_revolucionaram_a_medicina-7221856.webp\",\"width\":675,\"height\":450},{\"@type\":\"BreadcrumbList\",\"@id\":\"https:\/\/noticiaempauta.com\/portal\/programa-mais-medicos-disponibiliza-vagas-para-a-atencao-basica-em-50-municipios-do-piaui\/#breadcrumb\",\"itemListElement\":[{\"@type\":\"ListItem\",\"position\":1,\"name\":\"P\u00e1gina Inicial\",\"item\":\"https:\/\/noticiaempauta.com\/portal\/\"},{\"@type\":\"ListItem\",\"position\":2,\"name\":\"Destaques\",\"item\":\"https:\/\/noticiaempauta.com\/portal\/destaques-site\/\"},{\"@type\":\"ListItem\",\"position\":3,\"name\":\"Programa Mais M\u00e9dicos disponibiliza vagas para a aten\u00e7\u00e3o b\u00e1sica em 50 munic\u00edpios do Piau\u00ed\"}]},{\"@type\":\"WebSite\",\"@id\":\"https:\/\/noticiaempauta.com\/portal\/#website\",\"url\":\"https:\/\/noticiaempauta.com\/portal\/\",\"name\":\"Portal Not\u00edcia em Pauta\",\"description\":\"Voc\u00ea bem informado\",\"publisher\":{\"@id\":\"https:\/\/noticiaempauta.com\/portal\/#organization\"},\"potentialAction\":[{\"@type\":\"SearchAction\",\"target\":{\"@type\":\"EntryPoint\",\"urlTemplate\":\"https:\/\/noticiaempauta.com\/portal\/?s={search_term_string}\"},\"query-input\":{\"@type\":\"PropertyValueSpecification\",\"valueRequired\":true,\"valueName\":\"search_term_string\"}}],\"inLanguage\":\"pt-BR\"},{\"@type\":\"Organization\",\"@id\":\"https:\/\/noticiaempauta.com\/portal\/#organization\",\"name\":\"Portal Not\u00edcia em Pauta\",\"url\":\"https:\/\/noticiaempauta.com\/portal\/\",\"logo\":{\"@type\":\"ImageObject\",\"inLanguage\":\"pt-BR\",\"@id\":\"https:\/\/noticiaempauta.com\/portal\/#\/schema\/logo\/image\/\",\"url\":\"https:\/\/noticiaempauta.com\/portal\/wp-content\/uploads\/2022\/08\/logomarca_tema.fw_.png\",\"contentUrl\":\"https:\/\/noticiaempauta.com\/portal\/wp-content\/uploads\/2022\/08\/logomarca_tema.fw_.png\",\"width\":400,\"height\":232,\"caption\":\"Portal Not\u00edcia em Pauta\"},\"image\":{\"@id\":\"https:\/\/noticiaempauta.com\/portal\/#\/schema\/logo\/image\/\"},\"sameAs\":[\"https:\/\/www.facebook.com\/Portal-Notcia-Em-Pauta-102292869264820\/\",\"https:\/\/www.instagram.com\/portalnoticiaempauta\/\"]},{\"@type\":\"Person\",\"@id\":\"https:\/\/noticiaempauta.com\/portal\/#\/schema\/person\/a74af43dd1ab3deca45f988c717d57ac\",\"name\":\"Reda\u00e7\u00e3o\",\"image\":{\"@type\":\"ImageObject\",\"inLanguage\":\"pt-BR\",\"@id\":\"https:\/\/noticiaempauta.com\/portal\/#\/schema\/person\/image\/\",\"url\":\"https:\/\/secure.gravatar.com\/avatar\/03179346ecce6cdfc13361603e8f54242a90e5cde8618fa23c5c00aa2b0aadf3?s=96&d=mm&r=g\",\"contentUrl\":\"https:\/\/secure.gravatar.com\/avatar\/03179346ecce6cdfc13361603e8f54242a90e5cde8618fa23c5c00aa2b0aadf3?s=96&d=mm&r=g\",\"caption\":\"Reda\u00e7\u00e3o\"},\"sameAs\":[\"https:\/\/noticiaempauta.com\/portal\/\"],\"url\":\"https:\/\/noticiaempauta.com\/portal\/author\/fernando\/\"}]}<\/script>\n<!-- \/ Yoast SEO Premium plugin. -->","yoast_head_json":{"title":"Programa Mais M\u00e9dicos disponibiliza vagas para a aten\u00e7\u00e3o b\u00e1sica em 50 munic\u00edpios do Piau\u00ed - Portal Not\u00edcia em Pauta","robots":{"index":"index","follow":"follow","max-snippet":"max-snippet:-1","max-image-preview":"max-image-preview:large","max-video-preview":"max-video-preview:-1"},"canonical":"https:\/\/noticiaempauta.com\/portal\/programa-mais-medicos-disponibiliza-vagas-para-a-atencao-basica-em-50-municipios-do-piaui\/","og_locale":"pt_BR","og_type":"article","og_title":"Programa Mais M\u00e9dicos disponibiliza vagas para a aten\u00e7\u00e3o b\u00e1sica em 50 munic\u00edpios do Piau\u00ed","og_description":"O Minist\u00e9rio da Sa\u00fade abriu edital com mais 3,1 mil vagas para o Programa Mais M\u00e9dicos, referente ao 38\u00b0 ciclo do programa.&nbsp;Para o Piau\u00ed, a disponibilidade \u00e9 de 68 vagas para 50 munic\u00edpios.&nbsp;(Veja lista ao fim da reportagem). As inscri\u00e7\u00f5es iniciaram nesta ter\u00e7a-feira (2) e seguem at\u00e9 o pr\u00f3ximo s\u00e1bado (6). Essa \u00e9 a primeira [&hellip;]","og_url":"https:\/\/noticiaempauta.com\/portal\/programa-mais-medicos-disponibiliza-vagas-para-a-atencao-basica-em-50-municipios-do-piaui\/","og_site_name":"Portal Not\u00edcia em Pauta","article_publisher":"https:\/\/www.facebook.com\/Portal-Notcia-Em-Pauta-102292869264820\/","article_published_time":"2024-07-03T14:57:05+00:00","article_modified_time":"2024-07-03T14:57:07+00:00","og_image":[{"width":675,"height":450,"url":"https:\/\/noticiaempauta.com\/portal\/wp-content\/uploads\/2023\/01\/1_8_grandes_medicos_que_revolucionaram_a_medicina-7221856.webp","type":"image\/webp"}],"author":"Reda\u00e7\u00e3o","twitter_card":"summary_large_image","twitter_misc":{"Escrito por":"Reda\u00e7\u00e3o","Est. tempo de leitura":"4 minutos"},"schema":{"@context":"https:\/\/schema.org","@graph":[{"@type":"Article","@id":"https:\/\/noticiaempauta.com\/portal\/programa-mais-medicos-disponibiliza-vagas-para-a-atencao-basica-em-50-municipios-do-piaui\/#article","isPartOf":{"@id":"https:\/\/noticiaempauta.com\/portal\/programa-mais-medicos-disponibiliza-vagas-para-a-atencao-basica-em-50-municipios-do-piaui\/"},"author":{"name":"Reda\u00e7\u00e3o","@id":"https:\/\/noticiaempauta.com\/portal\/#\/schema\/person\/a74af43dd1ab3deca45f988c717d57ac"},"headline":"Programa Mais M\u00e9dicos disponibiliza vagas para a aten\u00e7\u00e3o b\u00e1sica em 50 munic\u00edpios do Piau\u00ed","datePublished":"2024-07-03T14:57:05+00:00","dateModified":"2024-07-03T14:57:07+00:00","mainEntityOfPage":{"@id":"https:\/\/noticiaempauta.com\/portal\/programa-mais-medicos-disponibiliza-vagas-para-a-atencao-basica-em-50-municipios-do-piaui\/"},"wordCount":1010,"commentCount":0,"publisher":{"@id":"https:\/\/noticiaempauta.com\/portal\/#organization"},"image":{"@id":"https:\/\/noticiaempauta.com\/portal\/programa-mais-medicos-disponibiliza-vagas-para-a-atencao-basica-em-50-municipios-do-piaui\/#primaryimage"},"thumbnailUrl":"https:\/\/noticiaempauta.com\/portal\/wp-content\/uploads\/2023\/01\/1_8_grandes_medicos_que_revolucionaram_a_medicina-7221856.webp","keywords":["destaqueprincipal"],"articleSection":["Destaques","Geral","Munic\u00edpios","Sa\u00fade","Todas as Not\u00edcias"],"inLanguage":"pt-BR","potentialAction":[{"@type":"CommentAction","name":"Comment","target":["https:\/\/noticiaempauta.com\/portal\/programa-mais-medicos-disponibiliza-vagas-para-a-atencao-basica-em-50-municipios-do-piaui\/#respond"]}]},{"@type":"WebPage","@id":"https:\/\/noticiaempauta.com\/portal\/programa-mais-medicos-disponibiliza-vagas-para-a-atencao-basica-em-50-municipios-do-piaui\/","url":"https:\/\/noticiaempauta.com\/portal\/programa-mais-medicos-disponibiliza-vagas-para-a-atencao-basica-em-50-municipios-do-piaui\/","name":"Programa Mais M\u00e9dicos disponibiliza vagas para a aten\u00e7\u00e3o b\u00e1sica em 50 munic\u00edpios do Piau\u00ed - Portal Not\u00edcia em Pauta","isPartOf":{"@id":"https:\/\/noticiaempauta.com\/portal\/#website"},"primaryImageOfPage":{"@id":"https:\/\/noticiaempauta.com\/portal\/programa-mais-medicos-disponibiliza-vagas-para-a-atencao-basica-em-50-municipios-do-piaui\/#primaryimage"},"image":{"@id":"https:\/\/noticiaempauta.com\/portal\/programa-mais-medicos-disponibiliza-vagas-para-a-atencao-basica-em-50-municipios-do-piaui\/#primaryimage"},"thumbnailUrl":"https:\/\/noticiaempauta.com\/portal\/wp-content\/uploads\/2023\/01\/1_8_grandes_medicos_que_revolucionaram_a_medicina-7221856.webp","datePublished":"2024-07-03T14:57:05+00:00","dateModified":"2024-07-03T14:57:07+00:00","breadcrumb":{"@id":"https:\/\/noticiaempauta.com\/portal\/programa-mais-medicos-disponibiliza-vagas-para-a-atencao-basica-em-50-municipios-do-piaui\/#breadcrumb"},"inLanguage":"pt-BR","potentialAction":[{"@type":"ReadAction","target":["https:\/\/noticiaempauta.com\/portal\/programa-mais-medicos-disponibiliza-vagas-para-a-atencao-basica-em-50-municipios-do-piaui\/"]}]},{"@type":"ImageObject","inLanguage":"pt-BR","@id":"https:\/\/noticiaempauta.com\/portal\/programa-mais-medicos-disponibiliza-vagas-para-a-atencao-basica-em-50-municipios-do-piaui\/#primaryimage","url":"https:\/\/noticiaempauta.com\/portal\/wp-content\/uploads\/2023\/01\/1_8_grandes_medicos_que_revolucionaram_a_medicina-7221856.webp","contentUrl":"https:\/\/noticiaempauta.com\/portal\/wp-content\/uploads\/2023\/01\/1_8_grandes_medicos_que_revolucionaram_a_medicina-7221856.webp","width":675,"height":450},{"@type":"BreadcrumbList","@id":"https:\/\/noticiaempauta.com\/portal\/programa-mais-medicos-disponibiliza-vagas-para-a-atencao-basica-em-50-municipios-do-piaui\/#breadcrumb","itemListElement":[{"@type":"ListItem","position":1,"name":"P\u00e1gina Inicial","item":"https:\/\/noticiaempauta.com\/portal\/"},{"@type":"ListItem","position":2,"name":"Destaques","item":"https:\/\/noticiaempauta.com\/portal\/destaques-site\/"},{"@type":"ListItem","position":3,"name":"Programa Mais M\u00e9dicos disponibiliza vagas para a aten\u00e7\u00e3o b\u00e1sica em 50 munic\u00edpios do Piau\u00ed"}]},{"@type":"WebSite","@id":"https:\/\/noticiaempauta.com\/portal\/#website","url":"https:\/\/noticiaempauta.com\/portal\/","name":"Portal Not\u00edcia em Pauta","description":"Voc\u00ea bem informado","publisher":{"@id":"https:\/\/noticiaempauta.com\/portal\/#organization"},"potentialAction":[{"@type":"SearchAction","target":{"@type":"EntryPoint","urlTemplate":"https:\/\/noticiaempauta.com\/portal\/?s={search_term_string}"},"query-input":{"@type":"PropertyValueSpecification","valueRequired":true,"valueName":"search_term_string"}}],"inLanguage":"pt-BR"},{"@type":"Organization","@id":"https:\/\/noticiaempauta.com\/portal\/#organization","name":"Portal Not\u00edcia em Pauta","url":"https:\/\/noticiaempauta.com\/portal\/","logo":{"@type":"ImageObject","inLanguage":"pt-BR","@id":"https:\/\/noticiaempauta.com\/portal\/#\/schema\/logo\/image\/","url":"https:\/\/noticiaempauta.com\/portal\/wp-content\/uploads\/2022\/08\/logomarca_tema.fw_.png","contentUrl":"https:\/\/noticiaempauta.com\/portal\/wp-content\/uploads\/2022\/08\/logomarca_tema.fw_.png","width":400,"height":232,"caption":"Portal Not\u00edcia em Pauta"},"image":{"@id":"https:\/\/noticiaempauta.com\/portal\/#\/schema\/logo\/image\/"},"sameAs":["https:\/\/www.facebook.com\/Portal-Notcia-Em-Pauta-102292869264820\/","https:\/\/www.instagram.com\/portalnoticiaempauta\/"]},{"@type":"Person","@id":"https:\/\/noticiaempauta.com\/portal\/#\/schema\/person\/a74af43dd1ab3deca45f988c717d57ac","name":"Reda\u00e7\u00e3o","image":{"@type":"ImageObject","inLanguage":"pt-BR","@id":"https:\/\/noticiaempauta.com\/portal\/#\/schema\/person\/image\/","url":"https:\/\/secure.gravatar.com\/avatar\/03179346ecce6cdfc13361603e8f54242a90e5cde8618fa23c5c00aa2b0aadf3?s=96&d=mm&r=g","contentUrl":"https:\/\/secure.gravatar.com\/avatar\/03179346ecce6cdfc13361603e8f54242a90e5cde8618fa23c5c00aa2b0aadf3?s=96&d=mm&r=g","caption":"Reda\u00e7\u00e3o"},"sameAs":["https:\/\/noticiaempauta.com\/portal\/"],"url":"https:\/\/noticiaempauta.com\/portal\/author\/fernando\/"}]}},"_links":{"self":[{"href":"https:\/\/noticiaempauta.com\/portal\/wp-json\/wp\/v2\/posts\/259466","targetHints":{"allow":["GET"]}}],"collection":[{"href":"https:\/\/noticiaempauta.com\/portal\/wp-json\/wp\/v2\/posts"}],"about":[{"href":"https:\/\/noticiaempauta.com\/portal\/wp-json\/wp\/v2\/types\/post"}],"author":[{"embeddable":true,"href":"https:\/\/noticiaempauta.com\/portal\/wp-json\/wp\/v2\/users\/2"}],"replies":[{"embeddable":true,"href":"https:\/\/noticiaempauta.com\/portal\/wp-json\/wp\/v2\/comments?post=259466"}],"version-history":[{"count":2,"href":"https:\/\/noticiaempauta.com\/portal\/wp-json\/wp\/v2\/posts\/259466\/revisions"}],"predecessor-version":[{"id":259468,"href":"https:\/\/noticiaempauta.com\/portal\/wp-json\/wp\/v2\/posts\/259466\/revisions\/259468"}],"wp:featuredmedia":[{"embeddable":true,"href":"https:\/\/noticiaempauta.com\/portal\/wp-json\/wp\/v2\/media\/244037"}],"wp:attachment":[{"href":"https:\/\/noticiaempauta.com\/portal\/wp-json\/wp\/v2\/media?parent=259466"}],"wp:term":[{"taxonomy":"category","embeddable":true,"href":"https:\/\/noticiaempauta.com\/portal\/wp-json\/wp\/v2\/categories?post=259466"},{"taxonomy":"post_tag","embeddable":true,"href":"https:\/\/noticiaempauta.com\/portal\/wp-json\/wp\/v2\/tags?post=259466"}],"curies":[{"name":"wp","href":"https:\/\/api.w.org\/{rel}","templated":true}]}}