{"id":259488,"date":"2024-07-04T09:56:26","date_gmt":"2024-07-04T12:56:26","guid":{"rendered":"https:\/\/noticiaempauta.com\/portal\/?p=259488"},"modified":"2024-07-04T09:56:27","modified_gmt":"2024-07-04T12:56:27","slug":"inscricoes-de-concursos-para-110-vagas-na-sead-seplan-e-piauiprev-encerram-nesta-quinta-4","status":"publish","type":"post","link":"https:\/\/noticiaempauta.com\/portal\/inscricoes-de-concursos-para-110-vagas-na-sead-seplan-e-piauiprev-encerram-nesta-quinta-4\/","title":{"rendered":"Inscri\u00e7\u00f5es de concursos para 110 vagas na Sead, Seplan e Piau\u00edPrev encerram nesta quinta (4)"},"content":{"rendered":"\n<p>Esta quinta-feira (4) \u00e9 o \u00faltimo dia para interessados em participarem dos concursos p\u00fablicos com 110 vagas para as Secretarias da Administra\u00e7\u00e3o (Sead) e do Planejamento (Seplan) do Governo do Piau\u00ed e para a Funda\u00e7\u00e3o Piau\u00ed Previd\u00eancia (Piau\u00edPrev). As inscri\u00e7\u00f5es podem ser feitas online no&nbsp;<a href=\"https:\/\/www.concursosfcc.com.br\/concursos\/govpi124\/index.html\"><strong>site da Funda\u00e7\u00e3o Carlos Chagas<\/strong><\/a>, que \u00e9 a organizadora dos certames.&nbsp;<\/p>\n\n\n\n<p>Nos dois concursos, que tiveram as inscri\u00e7\u00f5es iniciadas em 7 de junho, ser\u00e1 exigido curso superior para toda as vagas, com sal\u00e1rio inicial de R$ 11.549,35. A taxa de inscri\u00e7\u00e3o \u00e9 no valor R$ 180. Ser\u00e1 permitida a inscri\u00e7\u00e3o para mais de um cargo, desde que n\u00e3o coincidam os hor\u00e1rios da prova.&nbsp;<\/p>\n\n\n\n<p><strong>A previs\u00e3o \u00e9 que as provas aconte\u00e7am em 8 de setembro.&nbsp;<\/strong><\/p>\n\n\n\n<p><a href=\"https:\/\/cidadeverde.com\/assets\/uploads\/files\/concurso%20seplan_1717452284.pdf\"><strong>Acesse aqui o edital do concurso para SEAD e SEPLAN<\/strong><\/a><\/p>\n\n\n\n<p><a href=\"https:\/\/cidadeverde.com\/assets\/uploads\/files\/concurso%20fundacao%20piaui_1717452313.pdf\"><strong>Acesse aqui o edital do concurso para Piau\u00ed Previd\u00eancia<\/strong><\/a><\/p>\n\n\n\n<p><strong>Vagas<\/strong><\/p>\n\n\n\n<p>S\u00e3o 90 vagas para analista governamental, sendo 45 para a Seplan e 45 para a Sead, e as outras 20 para analista previdenci\u00e1rio da Funda\u00e7\u00e3o Piau\u00ed Previd\u00eancia (Piau\u00edPrev). Todos cargos exigem forma\u00e7\u00e3o em curso superior.<\/p>\n\n\n\n<p>Para analista governamental, ser\u00e3o quatro especialidades: gest\u00e3o p\u00fablica, planejamento e or\u00e7amento, infraestrutura e tecnologia da informa\u00e7\u00e3o. Entre as forma\u00e7\u00f5es atendidas no cargo est\u00e3o arquitetura e urbanismo, engenheira de agrimensura, el\u00e9trica e civil, economia, ci\u00eancias sociais e antropologia.<\/p>\n\n\n\n<p>O concurso para o cargo de analista governamental ter\u00e1 prova objetiva, estudo de caso, prova de t\u00edtulos, e um curso de forma\u00e7\u00e3o, que \u00e9 eliminat\u00f3rio. J\u00e1 para o cargo de analista previdenci\u00e1rio, haver\u00e1 prova objetiva e de t\u00edtulos.<\/p>\n\n\n\n<p>A primeira fase dos concursos est\u00e1 agendada para o dia 8 de setembro. As provas objetivas e discursivas ser\u00e3o realizadas em Teresina, durante dois turnos. No per\u00edodo da manh\u00e3 para os cargos do quadro da Secretaria da Administra\u00e7\u00e3o e para os cargos da Funda\u00e7\u00e3o Piau\u00ed Previd\u00eancia e no per\u00edodo da tarde para os cargos do quadro da Secretaria do Planejamento.<\/p>\n\n\n\n<p>O prazo de validade do concurso ser\u00e1 de um ano sendo prorrog\u00e1vel uma vez, por igual per\u00edodo a crit\u00e9rio da administra\u00e7\u00e3o.\u00a0<\/p>\n\n\n\n<p>Cidade Verde<\/p>\n","protected":false},"excerpt":{"rendered":"<p>Esta quinta-feira (4) \u00e9 o \u00faltimo dia para interessados em participarem dos concursos p\u00fablicos com 110 vagas para as Secretarias da Administra\u00e7\u00e3o (Sead) e do Planejamento (Seplan) do Governo do Piau\u00ed e para a Funda\u00e7\u00e3o Piau\u00ed Previd\u00eancia (Piau\u00edPrev). As inscri\u00e7\u00f5es podem ser feitas online no&nbsp;site da Funda\u00e7\u00e3o Carlos Chagas, que \u00e9 a organizadora dos certames.&nbsp; [&hellip;]<\/p>\n","protected":false},"author":2,"featured_media":251077,"comment_status":"open","ping_status":"open","sticky":false,"template":"","format":"standard","meta":{"_mi_skip_tracking":false,"footnotes":""},"categories":[25,1,16],"tags":[192],"class_list":["post-259488","post","type-post","status-publish","format-standard","has-post-thumbnail","hentry","category-destaques-site","category-geral","category-todas","tag-destaqueprincipal"],"acf":[],"yoast_head":"<!-- This site is optimized with the Yoast SEO Premium plugin v19.2 (Yoast SEO v26.9) - https:\/\/yoast.com\/product\/yoast-seo-premium-wordpress\/ -->\n<title>Inscri\u00e7\u00f5es de concursos para 110 vagas na Sead, Seplan e Piau\u00edPrev encerram nesta quinta (4) - Portal Not\u00edcia em Pauta<\/title>\n<meta name=\"robots\" content=\"index, follow, max-snippet:-1, max-image-preview:large, max-video-preview:-1\" \/>\n<link rel=\"canonical\" href=\"https:\/\/noticiaempauta.com\/portal\/inscricoes-de-concursos-para-110-vagas-na-sead-seplan-e-piauiprev-encerram-nesta-quinta-4\/\" \/>\n<meta property=\"og:locale\" content=\"pt_BR\" \/>\n<meta property=\"og:type\" content=\"article\" \/>\n<meta property=\"og:title\" content=\"Inscri\u00e7\u00f5es de concursos para 110 vagas na Sead, Seplan e Piau\u00edPrev encerram nesta quinta (4)\" \/>\n<meta property=\"og:description\" content=\"Esta quinta-feira (4) \u00e9 o \u00faltimo dia para interessados em participarem dos concursos p\u00fablicos com 110 vagas para as Secretarias da Administra\u00e7\u00e3o (Sead) e do Planejamento (Seplan) do Governo do Piau\u00ed e para a Funda\u00e7\u00e3o Piau\u00ed Previd\u00eancia (Piau\u00edPrev). As inscri\u00e7\u00f5es podem ser feitas online no&nbsp;site da Funda\u00e7\u00e3o Carlos Chagas, que \u00e9 a organizadora dos certames.&nbsp; [&hellip;]\" \/>\n<meta property=\"og:url\" content=\"https:\/\/noticiaempauta.com\/portal\/inscricoes-de-concursos-para-110-vagas-na-sead-seplan-e-piauiprev-encerram-nesta-quinta-4\/\" \/>\n<meta property=\"og:site_name\" content=\"Portal Not\u00edcia em Pauta\" \/>\n<meta property=\"article:publisher\" content=\"https:\/\/www.facebook.com\/Portal-Notcia-Em-Pauta-102292869264820\/\" \/>\n<meta property=\"article:published_time\" content=\"2024-07-04T12:56:26+00:00\" \/>\n<meta property=\"article:modified_time\" content=\"2024-07-04T12:56:27+00:00\" \/>\n<meta property=\"og:image\" content=\"https:\/\/noticiaempauta.com\/portal\/wp-content\/uploads\/2023\/11\/concurso-publico-2.jpg\" \/>\n\t<meta property=\"og:image:width\" content=\"1200\" \/>\n\t<meta property=\"og:image:height\" content=\"750\" \/>\n\t<meta property=\"og:image:type\" content=\"image\/jpeg\" \/>\n<meta name=\"author\" content=\"Reda\u00e7\u00e3o\" \/>\n<meta name=\"twitter:card\" content=\"summary_large_image\" \/>\n<meta name=\"twitter:label1\" content=\"Escrito por\" \/>\n\t<meta name=\"twitter:data1\" content=\"Reda\u00e7\u00e3o\" \/>\n\t<meta name=\"twitter:label2\" content=\"Est. tempo de leitura\" \/>\n\t<meta name=\"twitter:data2\" content=\"3 minutos\" \/>\n<script type=\"application\/ld+json\" class=\"yoast-schema-graph\">{\"@context\":\"https:\/\/schema.org\",\"@graph\":[{\"@type\":\"Article\",\"@id\":\"https:\/\/noticiaempauta.com\/portal\/inscricoes-de-concursos-para-110-vagas-na-sead-seplan-e-piauiprev-encerram-nesta-quinta-4\/#article\",\"isPartOf\":{\"@id\":\"https:\/\/noticiaempauta.com\/portal\/inscricoes-de-concursos-para-110-vagas-na-sead-seplan-e-piauiprev-encerram-nesta-quinta-4\/\"},\"author\":{\"name\":\"Reda\u00e7\u00e3o\",\"@id\":\"https:\/\/noticiaempauta.com\/portal\/#\/schema\/person\/a74af43dd1ab3deca45f988c717d57ac\"},\"headline\":\"Inscri\u00e7\u00f5es de concursos para 110 vagas na Sead, Seplan e Piau\u00edPrev encerram nesta quinta (4)\",\"datePublished\":\"2024-07-04T12:56:26+00:00\",\"dateModified\":\"2024-07-04T12:56:27+00:00\",\"mainEntityOfPage\":{\"@id\":\"https:\/\/noticiaempauta.com\/portal\/inscricoes-de-concursos-para-110-vagas-na-sead-seplan-e-piauiprev-encerram-nesta-quinta-4\/\"},\"wordCount\":381,\"commentCount\":0,\"publisher\":{\"@id\":\"https:\/\/noticiaempauta.com\/portal\/#organization\"},\"image\":{\"@id\":\"https:\/\/noticiaempauta.com\/portal\/inscricoes-de-concursos-para-110-vagas-na-sead-seplan-e-piauiprev-encerram-nesta-quinta-4\/#primaryimage\"},\"thumbnailUrl\":\"https:\/\/noticiaempauta.com\/portal\/wp-content\/uploads\/2023\/11\/concurso-publico-2.jpg\",\"keywords\":[\"destaqueprincipal\"],\"articleSection\":[\"Destaques\",\"Geral\",\"Todas as Not\u00edcias\"],\"inLanguage\":\"pt-BR\",\"potentialAction\":[{\"@type\":\"CommentAction\",\"name\":\"Comment\",\"target\":[\"https:\/\/noticiaempauta.com\/portal\/inscricoes-de-concursos-para-110-vagas-na-sead-seplan-e-piauiprev-encerram-nesta-quinta-4\/#respond\"]}]},{\"@type\":\"WebPage\",\"@id\":\"https:\/\/noticiaempauta.com\/portal\/inscricoes-de-concursos-para-110-vagas-na-sead-seplan-e-piauiprev-encerram-nesta-quinta-4\/\",\"url\":\"https:\/\/noticiaempauta.com\/portal\/inscricoes-de-concursos-para-110-vagas-na-sead-seplan-e-piauiprev-encerram-nesta-quinta-4\/\",\"name\":\"Inscri\u00e7\u00f5es de concursos para 110 vagas na Sead, Seplan e Piau\u00edPrev encerram nesta quinta (4) - Portal Not\u00edcia em Pauta\",\"isPartOf\":{\"@id\":\"https:\/\/noticiaempauta.com\/portal\/#website\"},\"primaryImageOfPage\":{\"@id\":\"https:\/\/noticiaempauta.com\/portal\/inscricoes-de-concursos-para-110-vagas-na-sead-seplan-e-piauiprev-encerram-nesta-quinta-4\/#primaryimage\"},\"image\":{\"@id\":\"https:\/\/noticiaempauta.com\/portal\/inscricoes-de-concursos-para-110-vagas-na-sead-seplan-e-piauiprev-encerram-nesta-quinta-4\/#primaryimage\"},\"thumbnailUrl\":\"https:\/\/noticiaempauta.com\/portal\/wp-content\/uploads\/2023\/11\/concurso-publico-2.jpg\",\"datePublished\":\"2024-07-04T12:56:26+00:00\",\"dateModified\":\"2024-07-04T12:56:27+00:00\",\"breadcrumb\":{\"@id\":\"https:\/\/noticiaempauta.com\/portal\/inscricoes-de-concursos-para-110-vagas-na-sead-seplan-e-piauiprev-encerram-nesta-quinta-4\/#breadcrumb\"},\"inLanguage\":\"pt-BR\",\"potentialAction\":[{\"@type\":\"ReadAction\",\"target\":[\"https:\/\/noticiaempauta.com\/portal\/inscricoes-de-concursos-para-110-vagas-na-sead-seplan-e-piauiprev-encerram-nesta-quinta-4\/\"]}]},{\"@type\":\"ImageObject\",\"inLanguage\":\"pt-BR\",\"@id\":\"https:\/\/noticiaempauta.com\/portal\/inscricoes-de-concursos-para-110-vagas-na-sead-seplan-e-piauiprev-encerram-nesta-quinta-4\/#primaryimage\",\"url\":\"https:\/\/noticiaempauta.com\/portal\/wp-content\/uploads\/2023\/11\/concurso-publico-2.jpg\",\"contentUrl\":\"https:\/\/noticiaempauta.com\/portal\/wp-content\/uploads\/2023\/11\/concurso-publico-2.jpg\",\"width\":1200,\"height\":750},{\"@type\":\"BreadcrumbList\",\"@id\":\"https:\/\/noticiaempauta.com\/portal\/inscricoes-de-concursos-para-110-vagas-na-sead-seplan-e-piauiprev-encerram-nesta-quinta-4\/#breadcrumb\",\"itemListElement\":[{\"@type\":\"ListItem\",\"position\":1,\"name\":\"P\u00e1gina Inicial\",\"item\":\"https:\/\/noticiaempauta.com\/portal\/\"},{\"@type\":\"ListItem\",\"position\":2,\"name\":\"Destaques\",\"item\":\"https:\/\/noticiaempauta.com\/portal\/destaques-site\/\"},{\"@type\":\"ListItem\",\"position\":3,\"name\":\"Inscri\u00e7\u00f5es de concursos para 110 vagas na Sead, Seplan e Piau\u00edPrev encerram nesta quinta (4)\"}]},{\"@type\":\"WebSite\",\"@id\":\"https:\/\/noticiaempauta.com\/portal\/#website\",\"url\":\"https:\/\/noticiaempauta.com\/portal\/\",\"name\":\"Portal Not\u00edcia em Pauta\",\"description\":\"Voc\u00ea bem informado\",\"publisher\":{\"@id\":\"https:\/\/noticiaempauta.com\/portal\/#organization\"},\"potentialAction\":[{\"@type\":\"SearchAction\",\"target\":{\"@type\":\"EntryPoint\",\"urlTemplate\":\"https:\/\/noticiaempauta.com\/portal\/?s={search_term_string}\"},\"query-input\":{\"@type\":\"PropertyValueSpecification\",\"valueRequired\":true,\"valueName\":\"search_term_string\"}}],\"inLanguage\":\"pt-BR\"},{\"@type\":\"Organization\",\"@id\":\"https:\/\/noticiaempauta.com\/portal\/#organization\",\"name\":\"Portal Not\u00edcia em Pauta\",\"url\":\"https:\/\/noticiaempauta.com\/portal\/\",\"logo\":{\"@type\":\"ImageObject\",\"inLanguage\":\"pt-BR\",\"@id\":\"https:\/\/noticiaempauta.com\/portal\/#\/schema\/logo\/image\/\",\"url\":\"https:\/\/noticiaempauta.com\/portal\/wp-content\/uploads\/2022\/08\/logomarca_tema.fw_.png\",\"contentUrl\":\"https:\/\/noticiaempauta.com\/portal\/wp-content\/uploads\/2022\/08\/logomarca_tema.fw_.png\",\"width\":400,\"height\":232,\"caption\":\"Portal Not\u00edcia em Pauta\"},\"image\":{\"@id\":\"https:\/\/noticiaempauta.com\/portal\/#\/schema\/logo\/image\/\"},\"sameAs\":[\"https:\/\/www.facebook.com\/Portal-Notcia-Em-Pauta-102292869264820\/\",\"https:\/\/www.instagram.com\/portalnoticiaempauta\/\"]},{\"@type\":\"Person\",\"@id\":\"https:\/\/noticiaempauta.com\/portal\/#\/schema\/person\/a74af43dd1ab3deca45f988c717d57ac\",\"name\":\"Reda\u00e7\u00e3o\",\"image\":{\"@type\":\"ImageObject\",\"inLanguage\":\"pt-BR\",\"@id\":\"https:\/\/noticiaempauta.com\/portal\/#\/schema\/person\/image\/\",\"url\":\"https:\/\/secure.gravatar.com\/avatar\/03179346ecce6cdfc13361603e8f54242a90e5cde8618fa23c5c00aa2b0aadf3?s=96&d=mm&r=g\",\"contentUrl\":\"https:\/\/secure.gravatar.com\/avatar\/03179346ecce6cdfc13361603e8f54242a90e5cde8618fa23c5c00aa2b0aadf3?s=96&d=mm&r=g\",\"caption\":\"Reda\u00e7\u00e3o\"},\"sameAs\":[\"https:\/\/noticiaempauta.com\/portal\/\"],\"url\":\"https:\/\/noticiaempauta.com\/portal\/author\/fernando\/\"}]}<\/script>\n<!-- \/ Yoast SEO Premium plugin. -->","yoast_head_json":{"title":"Inscri\u00e7\u00f5es de concursos para 110 vagas na Sead, Seplan e Piau\u00edPrev encerram nesta quinta (4) - Portal Not\u00edcia em Pauta","robots":{"index":"index","follow":"follow","max-snippet":"max-snippet:-1","max-image-preview":"max-image-preview:large","max-video-preview":"max-video-preview:-1"},"canonical":"https:\/\/noticiaempauta.com\/portal\/inscricoes-de-concursos-para-110-vagas-na-sead-seplan-e-piauiprev-encerram-nesta-quinta-4\/","og_locale":"pt_BR","og_type":"article","og_title":"Inscri\u00e7\u00f5es de concursos para 110 vagas na Sead, Seplan e Piau\u00edPrev encerram nesta quinta (4)","og_description":"Esta quinta-feira (4) \u00e9 o \u00faltimo dia para interessados em participarem dos concursos p\u00fablicos com 110 vagas para as Secretarias da Administra\u00e7\u00e3o (Sead) e do Planejamento (Seplan) do Governo do Piau\u00ed e para a Funda\u00e7\u00e3o Piau\u00ed Previd\u00eancia (Piau\u00edPrev). As inscri\u00e7\u00f5es podem ser feitas online no&nbsp;site da Funda\u00e7\u00e3o Carlos Chagas, que \u00e9 a organizadora dos certames.&nbsp; [&hellip;]","og_url":"https:\/\/noticiaempauta.com\/portal\/inscricoes-de-concursos-para-110-vagas-na-sead-seplan-e-piauiprev-encerram-nesta-quinta-4\/","og_site_name":"Portal Not\u00edcia em Pauta","article_publisher":"https:\/\/www.facebook.com\/Portal-Notcia-Em-Pauta-102292869264820\/","article_published_time":"2024-07-04T12:56:26+00:00","article_modified_time":"2024-07-04T12:56:27+00:00","og_image":[{"width":1200,"height":750,"url":"https:\/\/noticiaempauta.com\/portal\/wp-content\/uploads\/2023\/11\/concurso-publico-2.jpg","type":"image\/jpeg"}],"author":"Reda\u00e7\u00e3o","twitter_card":"summary_large_image","twitter_misc":{"Escrito por":"Reda\u00e7\u00e3o","Est. tempo de leitura":"3 minutos"},"schema":{"@context":"https:\/\/schema.org","@graph":[{"@type":"Article","@id":"https:\/\/noticiaempauta.com\/portal\/inscricoes-de-concursos-para-110-vagas-na-sead-seplan-e-piauiprev-encerram-nesta-quinta-4\/#article","isPartOf":{"@id":"https:\/\/noticiaempauta.com\/portal\/inscricoes-de-concursos-para-110-vagas-na-sead-seplan-e-piauiprev-encerram-nesta-quinta-4\/"},"author":{"name":"Reda\u00e7\u00e3o","@id":"https:\/\/noticiaempauta.com\/portal\/#\/schema\/person\/a74af43dd1ab3deca45f988c717d57ac"},"headline":"Inscri\u00e7\u00f5es de concursos para 110 vagas na Sead, Seplan e Piau\u00edPrev encerram nesta quinta (4)","datePublished":"2024-07-04T12:56:26+00:00","dateModified":"2024-07-04T12:56:27+00:00","mainEntityOfPage":{"@id":"https:\/\/noticiaempauta.com\/portal\/inscricoes-de-concursos-para-110-vagas-na-sead-seplan-e-piauiprev-encerram-nesta-quinta-4\/"},"wordCount":381,"commentCount":0,"publisher":{"@id":"https:\/\/noticiaempauta.com\/portal\/#organization"},"image":{"@id":"https:\/\/noticiaempauta.com\/portal\/inscricoes-de-concursos-para-110-vagas-na-sead-seplan-e-piauiprev-encerram-nesta-quinta-4\/#primaryimage"},"thumbnailUrl":"https:\/\/noticiaempauta.com\/portal\/wp-content\/uploads\/2023\/11\/concurso-publico-2.jpg","keywords":["destaqueprincipal"],"articleSection":["Destaques","Geral","Todas as Not\u00edcias"],"inLanguage":"pt-BR","potentialAction":[{"@type":"CommentAction","name":"Comment","target":["https:\/\/noticiaempauta.com\/portal\/inscricoes-de-concursos-para-110-vagas-na-sead-seplan-e-piauiprev-encerram-nesta-quinta-4\/#respond"]}]},{"@type":"WebPage","@id":"https:\/\/noticiaempauta.com\/portal\/inscricoes-de-concursos-para-110-vagas-na-sead-seplan-e-piauiprev-encerram-nesta-quinta-4\/","url":"https:\/\/noticiaempauta.com\/portal\/inscricoes-de-concursos-para-110-vagas-na-sead-seplan-e-piauiprev-encerram-nesta-quinta-4\/","name":"Inscri\u00e7\u00f5es de concursos para 110 vagas na Sead, Seplan e Piau\u00edPrev encerram nesta quinta (4) - Portal Not\u00edcia em Pauta","isPartOf":{"@id":"https:\/\/noticiaempauta.com\/portal\/#website"},"primaryImageOfPage":{"@id":"https:\/\/noticiaempauta.com\/portal\/inscricoes-de-concursos-para-110-vagas-na-sead-seplan-e-piauiprev-encerram-nesta-quinta-4\/#primaryimage"},"image":{"@id":"https:\/\/noticiaempauta.com\/portal\/inscricoes-de-concursos-para-110-vagas-na-sead-seplan-e-piauiprev-encerram-nesta-quinta-4\/#primaryimage"},"thumbnailUrl":"https:\/\/noticiaempauta.com\/portal\/wp-content\/uploads\/2023\/11\/concurso-publico-2.jpg","datePublished":"2024-07-04T12:56:26+00:00","dateModified":"2024-07-04T12:56:27+00:00","breadcrumb":{"@id":"https:\/\/noticiaempauta.com\/portal\/inscricoes-de-concursos-para-110-vagas-na-sead-seplan-e-piauiprev-encerram-nesta-quinta-4\/#breadcrumb"},"inLanguage":"pt-BR","potentialAction":[{"@type":"ReadAction","target":["https:\/\/noticiaempauta.com\/portal\/inscricoes-de-concursos-para-110-vagas-na-sead-seplan-e-piauiprev-encerram-nesta-quinta-4\/"]}]},{"@type":"ImageObject","inLanguage":"pt-BR","@id":"https:\/\/noticiaempauta.com\/portal\/inscricoes-de-concursos-para-110-vagas-na-sead-seplan-e-piauiprev-encerram-nesta-quinta-4\/#primaryimage","url":"https:\/\/noticiaempauta.com\/portal\/wp-content\/uploads\/2023\/11\/concurso-publico-2.jpg","contentUrl":"https:\/\/noticiaempauta.com\/portal\/wp-content\/uploads\/2023\/11\/concurso-publico-2.jpg","width":1200,"height":750},{"@type":"BreadcrumbList","@id":"https:\/\/noticiaempauta.com\/portal\/inscricoes-de-concursos-para-110-vagas-na-sead-seplan-e-piauiprev-encerram-nesta-quinta-4\/#breadcrumb","itemListElement":[{"@type":"ListItem","position":1,"name":"P\u00e1gina Inicial","item":"https:\/\/noticiaempauta.com\/portal\/"},{"@type":"ListItem","position":2,"name":"Destaques","item":"https:\/\/noticiaempauta.com\/portal\/destaques-site\/"},{"@type":"ListItem","position":3,"name":"Inscri\u00e7\u00f5es de concursos para 110 vagas na Sead, Seplan e Piau\u00edPrev encerram nesta quinta (4)"}]},{"@type":"WebSite","@id":"https:\/\/noticiaempauta.com\/portal\/#website","url":"https:\/\/noticiaempauta.com\/portal\/","name":"Portal Not\u00edcia em Pauta","description":"Voc\u00ea bem informado","publisher":{"@id":"https:\/\/noticiaempauta.com\/portal\/#organization"},"potentialAction":[{"@type":"SearchAction","target":{"@type":"EntryPoint","urlTemplate":"https:\/\/noticiaempauta.com\/portal\/?s={search_term_string}"},"query-input":{"@type":"PropertyValueSpecification","valueRequired":true,"valueName":"search_term_string"}}],"inLanguage":"pt-BR"},{"@type":"Organization","@id":"https:\/\/noticiaempauta.com\/portal\/#organization","name":"Portal Not\u00edcia em Pauta","url":"https:\/\/noticiaempauta.com\/portal\/","logo":{"@type":"ImageObject","inLanguage":"pt-BR","@id":"https:\/\/noticiaempauta.com\/portal\/#\/schema\/logo\/image\/","url":"https:\/\/noticiaempauta.com\/portal\/wp-content\/uploads\/2022\/08\/logomarca_tema.fw_.png","contentUrl":"https:\/\/noticiaempauta.com\/portal\/wp-content\/uploads\/2022\/08\/logomarca_tema.fw_.png","width":400,"height":232,"caption":"Portal Not\u00edcia em Pauta"},"image":{"@id":"https:\/\/noticiaempauta.com\/portal\/#\/schema\/logo\/image\/"},"sameAs":["https:\/\/www.facebook.com\/Portal-Notcia-Em-Pauta-102292869264820\/","https:\/\/www.instagram.com\/portalnoticiaempauta\/"]},{"@type":"Person","@id":"https:\/\/noticiaempauta.com\/portal\/#\/schema\/person\/a74af43dd1ab3deca45f988c717d57ac","name":"Reda\u00e7\u00e3o","image":{"@type":"ImageObject","inLanguage":"pt-BR","@id":"https:\/\/noticiaempauta.com\/portal\/#\/schema\/person\/image\/","url":"https:\/\/secure.gravatar.com\/avatar\/03179346ecce6cdfc13361603e8f54242a90e5cde8618fa23c5c00aa2b0aadf3?s=96&d=mm&r=g","contentUrl":"https:\/\/secure.gravatar.com\/avatar\/03179346ecce6cdfc13361603e8f54242a90e5cde8618fa23c5c00aa2b0aadf3?s=96&d=mm&r=g","caption":"Reda\u00e7\u00e3o"},"sameAs":["https:\/\/noticiaempauta.com\/portal\/"],"url":"https:\/\/noticiaempauta.com\/portal\/author\/fernando\/"}]}},"_links":{"self":[{"href":"https:\/\/noticiaempauta.com\/portal\/wp-json\/wp\/v2\/posts\/259488","targetHints":{"allow":["GET"]}}],"collection":[{"href":"https:\/\/noticiaempauta.com\/portal\/wp-json\/wp\/v2\/posts"}],"about":[{"href":"https:\/\/noticiaempauta.com\/portal\/wp-json\/wp\/v2\/types\/post"}],"author":[{"embeddable":true,"href":"https:\/\/noticiaempauta.com\/portal\/wp-json\/wp\/v2\/users\/2"}],"replies":[{"embeddable":true,"href":"https:\/\/noticiaempauta.com\/portal\/wp-json\/wp\/v2\/comments?post=259488"}],"version-history":[{"count":2,"href":"https:\/\/noticiaempauta.com\/portal\/wp-json\/wp\/v2\/posts\/259488\/revisions"}],"predecessor-version":[{"id":259490,"href":"https:\/\/noticiaempauta.com\/portal\/wp-json\/wp\/v2\/posts\/259488\/revisions\/259490"}],"wp:featuredmedia":[{"embeddable":true,"href":"https:\/\/noticiaempauta.com\/portal\/wp-json\/wp\/v2\/media\/251077"}],"wp:attachment":[{"href":"https:\/\/noticiaempauta.com\/portal\/wp-json\/wp\/v2\/media?parent=259488"}],"wp:term":[{"taxonomy":"category","embeddable":true,"href":"https:\/\/noticiaempauta.com\/portal\/wp-json\/wp\/v2\/categories?post=259488"},{"taxonomy":"post_tag","embeddable":true,"href":"https:\/\/noticiaempauta.com\/portal\/wp-json\/wp\/v2\/tags?post=259488"}],"curies":[{"name":"wp","href":"https:\/\/api.w.org\/{rel}","templated":true}]}}