{"id":259509,"date":"2024-07-04T11:24:40","date_gmt":"2024-07-04T14:24:40","guid":{"rendered":"https:\/\/noticiaempauta.com\/portal\/?p=259509"},"modified":"2024-07-04T11:39:17","modified_gmt":"2024-07-04T14:39:17","slug":"grupo-de-oposicao-liderado-por-dr-wilton-comemora-inicio-da-pavimentacao-asfaltica-em-massape-do-piaui","status":"publish","type":"post","link":"https:\/\/noticiaempauta.com\/portal\/grupo-de-oposicao-liderado-por-dr-wilton-comemora-inicio-da-pavimentacao-asfaltica-em-massape-do-piaui\/","title":{"rendered":"Grupo de oposi\u00e7\u00e3o liderado por Dr. Wilton comemora inicio da pavimenta\u00e7\u00e3o asf\u00e1ltica em Massap\u00ea do Piau\u00ed"},"content":{"rendered":"\n<p>O Governo do Estado do Piau\u00ed deu in\u00edcio \u00e0 pavimenta\u00e7\u00e3o asf\u00e1ltica em ruas de Massap\u00ea do Piau\u00ed, atendendo a uma solicita\u00e7\u00e3o do grupo de oposi\u00e7\u00e3o local liderado pelo Dr. Wilton Coutinho. A obra, que compreende a pavimenta\u00e7\u00e3o de 10 mil metros quadrados de vias, \u00e9 realizada pelo Instituto de Desenvolvimento do Piau\u00ed (IDEPI) com o suporte do Governador Rafael Fonteles.<\/p>\n\n\n\n<figure class=\"wp-block-image size-full\"><img fetchpriority=\"high\" decoding=\"async\" width=\"900\" height=\"506\" src=\"https:\/\/noticiaempauta.com\/portal\/wp-content\/uploads\/2024\/07\/Governo-inicia-pavimentacao-asfaltica-em-Massape-por-solicitacao-de-grupo-de-oposicao-liderado-por-Dr.-Wilton-f130b24f-47b0-40b7-a53c-f3bec41cc5b9.jpeg\" alt=\"\" class=\"wp-image-259511\" srcset=\"https:\/\/noticiaempauta.com\/portal\/wp-content\/uploads\/2024\/07\/Governo-inicia-pavimentacao-asfaltica-em-Massape-por-solicitacao-de-grupo-de-oposicao-liderado-por-Dr.-Wilton-f130b24f-47b0-40b7-a53c-f3bec41cc5b9.jpeg 900w, https:\/\/noticiaempauta.com\/portal\/wp-content\/uploads\/2024\/07\/Governo-inicia-pavimentacao-asfaltica-em-Massape-por-solicitacao-de-grupo-de-oposicao-liderado-por-Dr.-Wilton-f130b24f-47b0-40b7-a53c-f3bec41cc5b9-300x169.jpeg 300w, https:\/\/noticiaempauta.com\/portal\/wp-content\/uploads\/2024\/07\/Governo-inicia-pavimentacao-asfaltica-em-Massape-por-solicitacao-de-grupo-de-oposicao-liderado-por-Dr.-Wilton-f130b24f-47b0-40b7-a53c-f3bec41cc5b9-768x432.jpeg 768w\" sizes=\"(max-width: 900px) 100vw, 900px\" \/><\/figure>\n\n\n\n<p>A iniciativa que beneficiar\u00e1 5 Ruas, incluindo a Avenida Principal do munic\u00edpio, conta tamb\u00e9m com o apoio do deputado federal Castro Neto, do senador Marcelo Castro e do deputado estadual Severo Eul\u00e1lio, refor\u00e7ando o compromisso conjunto com o desenvolvimento municipal.<\/p>\n\n\n\n<figure class=\"wp-block-image size-full\"><img decoding=\"async\" width=\"900\" height=\"600\" src=\"https:\/\/noticiaempauta.com\/portal\/wp-content\/uploads\/2024\/07\/Governo-inicia-pavimentacao-asfaltica-em-Massape-por-solicitacao-de-grupo-de-oposicao-liderado-por-Dr.-Wilton-IMG_8923.jpg\" alt=\"\" class=\"wp-image-259512\" srcset=\"https:\/\/noticiaempauta.com\/portal\/wp-content\/uploads\/2024\/07\/Governo-inicia-pavimentacao-asfaltica-em-Massape-por-solicitacao-de-grupo-de-oposicao-liderado-por-Dr.-Wilton-IMG_8923.jpg 900w, https:\/\/noticiaempauta.com\/portal\/wp-content\/uploads\/2024\/07\/Governo-inicia-pavimentacao-asfaltica-em-Massape-por-solicitacao-de-grupo-de-oposicao-liderado-por-Dr.-Wilton-IMG_8923-300x200.jpg 300w, https:\/\/noticiaempauta.com\/portal\/wp-content\/uploads\/2024\/07\/Governo-inicia-pavimentacao-asfaltica-em-Massape-por-solicitacao-de-grupo-de-oposicao-liderado-por-Dr.-Wilton-IMG_8923-768x512.jpg 768w\" sizes=\"(max-width: 900px) 100vw, 900px\" \/><\/figure>\n\n\n\n<p>Na manh\u00e3 desta segunda-feira, 1\u00ba de julho, Dr. Wilton Coutinho, acompanhado da vice-prefeita Bruna Leal, do presidente da C\u00e2mara Marilson e dos vereadores Fil\u00f4 e Gracias, al\u00e9m de l\u00edderes pol\u00edticos e membros da comunidade, acompanhou o in\u00edcio das obras.<\/p>\n\n\n\n<figure class=\"wp-block-image size-full\"><img decoding=\"async\" width=\"900\" height=\"600\" src=\"https:\/\/noticiaempauta.com\/portal\/wp-content\/uploads\/2024\/07\/Governo-inicia-pavimentacao-asfaltica-em-Massape-por-solicitacao-de-grupo-de-oposicao-liderado-por-Dr.-Wilton-IMG_8969.jpg\" alt=\"\" class=\"wp-image-259513\" srcset=\"https:\/\/noticiaempauta.com\/portal\/wp-content\/uploads\/2024\/07\/Governo-inicia-pavimentacao-asfaltica-em-Massape-por-solicitacao-de-grupo-de-oposicao-liderado-por-Dr.-Wilton-IMG_8969.jpg 900w, https:\/\/noticiaempauta.com\/portal\/wp-content\/uploads\/2024\/07\/Governo-inicia-pavimentacao-asfaltica-em-Massape-por-solicitacao-de-grupo-de-oposicao-liderado-por-Dr.-Wilton-IMG_8969-300x200.jpg 300w, https:\/\/noticiaempauta.com\/portal\/wp-content\/uploads\/2024\/07\/Governo-inicia-pavimentacao-asfaltica-em-Massape-por-solicitacao-de-grupo-de-oposicao-liderado-por-Dr.-Wilton-IMG_8969-768x512.jpg 768w\" sizes=\"(max-width: 900px) 100vw, 900px\" \/><\/figure>\n\n\n\n<p>Em entrevista, Dr. Wilton destacou a relev\u00e2ncia da pavimenta\u00e7\u00e3o para a popula\u00e7\u00e3o local, ressaltando os benef\u00edcios em termos de infraestrutura e qualidade de vida. \u201cEstamos aqui, junto com toda a nossa equipe de oposi\u00e7\u00e3o, testemunhando a realiza\u00e7\u00e3o de um sonho, o in\u00edcio do asfaltamento urbano que beneficiar\u00e1 v\u00e1rias ruas de nosso munic\u00edpio. Queremos expressar nossa gratid\u00e3o ao governador Rafael Fonteles, que tem sido um grande apoio para Massap\u00ea, ao deputado federal Castro Neto, e ao deputado estadual Severo Eul\u00e1lio. Estamos extremamente felizes, satisfeitos e confiantes de que estamos no caminho certo.\u201d Disse.<\/p>\n\n\n\n<figure class=\"wp-block-image size-full\"><img loading=\"lazy\" decoding=\"async\" width=\"900\" height=\"600\" src=\"https:\/\/noticiaempauta.com\/portal\/wp-content\/uploads\/2024\/07\/Governo-inicia-pavimentacao-asfaltica-em-Massape-por-solicitacao-de-grupo-de-oposicao-liderado-por-Dr.-Wilton-IMG_8952.jpg\" alt=\"\" class=\"wp-image-259514\" srcset=\"https:\/\/noticiaempauta.com\/portal\/wp-content\/uploads\/2024\/07\/Governo-inicia-pavimentacao-asfaltica-em-Massape-por-solicitacao-de-grupo-de-oposicao-liderado-por-Dr.-Wilton-IMG_8952.jpg 900w, https:\/\/noticiaempauta.com\/portal\/wp-content\/uploads\/2024\/07\/Governo-inicia-pavimentacao-asfaltica-em-Massape-por-solicitacao-de-grupo-de-oposicao-liderado-por-Dr.-Wilton-IMG_8952-300x200.jpg 300w, https:\/\/noticiaempauta.com\/portal\/wp-content\/uploads\/2024\/07\/Governo-inicia-pavimentacao-asfaltica-em-Massape-por-solicitacao-de-grupo-de-oposicao-liderado-por-Dr.-Wilton-IMG_8952-768x512.jpg 768w\" sizes=\"(max-width: 900px) 100vw, 900px\" \/><\/figure>\n\n\n\n<p>O vereador Fil\u00f4 tamb\u00e9m expressou sua satisfa\u00e7\u00e3o com a realiza\u00e7\u00e3o da obra, destacando seu impacto positivo para os moradores de Massap\u00ea do Piau\u00ed. \u201cEsta obra de grande import\u00e2ncia foi viabilizada pelo governo do estado, e gostaria de expressar meu agradecimento ao governador Rafael Fonteles, ao presidente Lula, ao deputado federal Castro Neto, e ao deputado estadual Severo Eul\u00e1lio. Mais benfeitorias vir\u00e3o, gra\u00e7as a essa oposi\u00e7\u00e3o forte que est\u00e1 sempre ao lado do povo.\u201d Enfatizou.<\/p>\n\n\n\n<figure class=\"wp-block-image size-full\"><img loading=\"lazy\" decoding=\"async\" width=\"900\" height=\"600\" src=\"https:\/\/noticiaempauta.com\/portal\/wp-content\/uploads\/2024\/07\/Governo-inicia-pavimentacao-asfaltica-em-Massape-por-solicitacao-de-grupo-de-oposicao-liderado-por-Dr.-Wilton-IMG_8906.jpg\" alt=\"\" class=\"wp-image-259518\" srcset=\"https:\/\/noticiaempauta.com\/portal\/wp-content\/uploads\/2024\/07\/Governo-inicia-pavimentacao-asfaltica-em-Massape-por-solicitacao-de-grupo-de-oposicao-liderado-por-Dr.-Wilton-IMG_8906.jpg 900w, https:\/\/noticiaempauta.com\/portal\/wp-content\/uploads\/2024\/07\/Governo-inicia-pavimentacao-asfaltica-em-Massape-por-solicitacao-de-grupo-de-oposicao-liderado-por-Dr.-Wilton-IMG_8906-300x200.jpg 300w, https:\/\/noticiaempauta.com\/portal\/wp-content\/uploads\/2024\/07\/Governo-inicia-pavimentacao-asfaltica-em-Massape-por-solicitacao-de-grupo-de-oposicao-liderado-por-Dr.-Wilton-IMG_8906-768x512.jpg 768w\" sizes=\"(max-width: 900px) 100vw, 900px\" \/><\/figure>\n\n\n\n<figure class=\"wp-block-image size-full\"><img loading=\"lazy\" decoding=\"async\" width=\"900\" height=\"506\" src=\"https:\/\/noticiaempauta.com\/portal\/wp-content\/uploads\/2024\/07\/Governo-inicia-pavimentacao-asfaltica-em-Massape-por-solicitacao-de-grupo-de-oposicao-liderado-por-Dr.-Wilton-852ffe24-ffce-45f9-8660-2943c14435e4.jpeg\" alt=\"\" class=\"wp-image-259515\" srcset=\"https:\/\/noticiaempauta.com\/portal\/wp-content\/uploads\/2024\/07\/Governo-inicia-pavimentacao-asfaltica-em-Massape-por-solicitacao-de-grupo-de-oposicao-liderado-por-Dr.-Wilton-852ffe24-ffce-45f9-8660-2943c14435e4.jpeg 900w, https:\/\/noticiaempauta.com\/portal\/wp-content\/uploads\/2024\/07\/Governo-inicia-pavimentacao-asfaltica-em-Massape-por-solicitacao-de-grupo-de-oposicao-liderado-por-Dr.-Wilton-852ffe24-ffce-45f9-8660-2943c14435e4-300x169.jpeg 300w, https:\/\/noticiaempauta.com\/portal\/wp-content\/uploads\/2024\/07\/Governo-inicia-pavimentacao-asfaltica-em-Massape-por-solicitacao-de-grupo-de-oposicao-liderado-por-Dr.-Wilton-852ffe24-ffce-45f9-8660-2943c14435e4-768x432.jpeg 768w\" sizes=\"(max-width: 900px) 100vw, 900px\" \/><\/figure>\n\n\n\n<figure class=\"wp-block-image size-full\"><img loading=\"lazy\" decoding=\"async\" width=\"900\" height=\"600\" src=\"https:\/\/noticiaempauta.com\/portal\/wp-content\/uploads\/2024\/07\/Governo-inicia-pavimentacao-asfaltica-em-Massape-por-solicitacao-de-grupo-de-oposicao-liderado-por-Dr.-Wilton-IMG_8926.jpg\" alt=\"\" class=\"wp-image-259516\" srcset=\"https:\/\/noticiaempauta.com\/portal\/wp-content\/uploads\/2024\/07\/Governo-inicia-pavimentacao-asfaltica-em-Massape-por-solicitacao-de-grupo-de-oposicao-liderado-por-Dr.-Wilton-IMG_8926.jpg 900w, https:\/\/noticiaempauta.com\/portal\/wp-content\/uploads\/2024\/07\/Governo-inicia-pavimentacao-asfaltica-em-Massape-por-solicitacao-de-grupo-de-oposicao-liderado-por-Dr.-Wilton-IMG_8926-300x200.jpg 300w, https:\/\/noticiaempauta.com\/portal\/wp-content\/uploads\/2024\/07\/Governo-inicia-pavimentacao-asfaltica-em-Massape-por-solicitacao-de-grupo-de-oposicao-liderado-por-Dr.-Wilton-IMG_8926-768x512.jpg 768w\" sizes=\"(max-width: 900px) 100vw, 900px\" \/><\/figure>\n\n\n\n<figure class=\"wp-block-image size-full\"><img loading=\"lazy\" decoding=\"async\" width=\"900\" height=\"600\" src=\"https:\/\/noticiaempauta.com\/portal\/wp-content\/uploads\/2024\/07\/Governo-inicia-pavimentacao-asfaltica-em-Massape-por-solicitacao-de-grupo-de-oposicao-liderado-por-Dr.-Wilton-IMG_8943.jpg\" alt=\"\" class=\"wp-image-259517\" srcset=\"https:\/\/noticiaempauta.com\/portal\/wp-content\/uploads\/2024\/07\/Governo-inicia-pavimentacao-asfaltica-em-Massape-por-solicitacao-de-grupo-de-oposicao-liderado-por-Dr.-Wilton-IMG_8943.jpg 900w, https:\/\/noticiaempauta.com\/portal\/wp-content\/uploads\/2024\/07\/Governo-inicia-pavimentacao-asfaltica-em-Massape-por-solicitacao-de-grupo-de-oposicao-liderado-por-Dr.-Wilton-IMG_8943-300x200.jpg 300w, https:\/\/noticiaempauta.com\/portal\/wp-content\/uploads\/2024\/07\/Governo-inicia-pavimentacao-asfaltica-em-Massape-por-solicitacao-de-grupo-de-oposicao-liderado-por-Dr.-Wilton-IMG_8943-768x512.jpg 768w\" sizes=\"(max-width: 900px) 100vw, 900px\" \/><\/figure>\n\n\n\n<p><strong><em>Fonte: Infonews<\/em><\/strong><\/p>\n","protected":false},"excerpt":{"rendered":"<p>Solicita\u00e7\u00e3o atendida junto ao Governo do Estado.<\/p>\n","protected":false},"author":2,"featured_media":259510,"comment_status":"open","ping_status":"open","sticky":false,"template":"","format":"standard","meta":{"_mi_skip_tracking":false,"footnotes":""},"categories":[25,1,9,16],"tags":[192],"class_list":["post-259509","post","type-post","status-publish","format-standard","has-post-thumbnail","hentry","category-destaques-site","category-geral","category-municipios","category-todas","tag-destaqueprincipal"],"acf":[],"yoast_head":"<!-- This site is optimized with the Yoast SEO Premium plugin v19.2 (Yoast SEO v26.9) - https:\/\/yoast.com\/product\/yoast-seo-premium-wordpress\/ -->\n<title>Grupo de oposi\u00e7\u00e3o liderado por Dr. Wilton comemora inicio da pavimenta\u00e7\u00e3o asf\u00e1ltica em Massap\u00ea do Piau\u00ed - Portal Not\u00edcia em Pauta<\/title>\n<meta name=\"robots\" content=\"index, follow, max-snippet:-1, max-image-preview:large, max-video-preview:-1\" \/>\n<link rel=\"canonical\" href=\"https:\/\/noticiaempauta.com\/portal\/grupo-de-oposicao-liderado-por-dr-wilton-comemora-inicio-da-pavimentacao-asfaltica-em-massape-do-piaui\/\" \/>\n<meta property=\"og:locale\" content=\"pt_BR\" \/>\n<meta property=\"og:type\" content=\"article\" \/>\n<meta property=\"og:title\" content=\"Grupo de oposi\u00e7\u00e3o liderado por Dr. Wilton comemora inicio da pavimenta\u00e7\u00e3o asf\u00e1ltica em Massap\u00ea do Piau\u00ed\" \/>\n<meta property=\"og:description\" content=\"Solicita\u00e7\u00e3o atendida junto ao Governo do Estado.\" \/>\n<meta property=\"og:url\" content=\"https:\/\/noticiaempauta.com\/portal\/grupo-de-oposicao-liderado-por-dr-wilton-comemora-inicio-da-pavimentacao-asfaltica-em-massape-do-piaui\/\" \/>\n<meta property=\"og:site_name\" content=\"Portal Not\u00edcia em Pauta\" \/>\n<meta property=\"article:publisher\" content=\"https:\/\/www.facebook.com\/Portal-Notcia-Em-Pauta-102292869264820\/\" \/>\n<meta property=\"article:published_time\" content=\"2024-07-04T14:24:40+00:00\" \/>\n<meta property=\"article:modified_time\" content=\"2024-07-04T14:39:17+00:00\" \/>\n<meta property=\"og:image\" content=\"https:\/\/noticiaempauta.com\/portal\/wp-content\/uploads\/2024\/07\/Governo-inicia-pavimentacao-asfaltica-em-Massape-por-solicitacao-de-grupo-de-oposicao-liderado-por-Dr.-Wilton-ea687514-fb4a-4242-b717-1d0ac8645104.jpeg\" \/>\n\t<meta property=\"og:image:width\" content=\"646\" \/>\n\t<meta property=\"og:image:height\" content=\"453\" \/>\n\t<meta property=\"og:image:type\" content=\"image\/jpeg\" \/>\n<meta name=\"author\" content=\"Reda\u00e7\u00e3o\" \/>\n<meta name=\"twitter:card\" content=\"summary_large_image\" \/>\n<meta name=\"twitter:label1\" content=\"Escrito por\" \/>\n\t<meta name=\"twitter:data1\" content=\"Reda\u00e7\u00e3o\" \/>\n\t<meta name=\"twitter:label2\" content=\"Est. tempo de leitura\" \/>\n\t<meta name=\"twitter:data2\" content=\"4 minutos\" \/>\n<script type=\"application\/ld+json\" class=\"yoast-schema-graph\">{\"@context\":\"https:\/\/schema.org\",\"@graph\":[{\"@type\":\"Article\",\"@id\":\"https:\/\/noticiaempauta.com\/portal\/grupo-de-oposicao-liderado-por-dr-wilton-comemora-inicio-da-pavimentacao-asfaltica-em-massape-do-piaui\/#article\",\"isPartOf\":{\"@id\":\"https:\/\/noticiaempauta.com\/portal\/grupo-de-oposicao-liderado-por-dr-wilton-comemora-inicio-da-pavimentacao-asfaltica-em-massape-do-piaui\/\"},\"author\":{\"name\":\"Reda\u00e7\u00e3o\",\"@id\":\"https:\/\/noticiaempauta.com\/portal\/#\/schema\/person\/a74af43dd1ab3deca45f988c717d57ac\"},\"headline\":\"Grupo de oposi\u00e7\u00e3o liderado por Dr. Wilton comemora inicio da pavimenta\u00e7\u00e3o asf\u00e1ltica em Massap\u00ea do Piau\u00ed\",\"datePublished\":\"2024-07-04T14:24:40+00:00\",\"dateModified\":\"2024-07-04T14:39:17+00:00\",\"mainEntityOfPage\":{\"@id\":\"https:\/\/noticiaempauta.com\/portal\/grupo-de-oposicao-liderado-por-dr-wilton-comemora-inicio-da-pavimentacao-asfaltica-em-massape-do-piaui\/\"},\"wordCount\":355,\"commentCount\":0,\"publisher\":{\"@id\":\"https:\/\/noticiaempauta.com\/portal\/#organization\"},\"image\":{\"@id\":\"https:\/\/noticiaempauta.com\/portal\/grupo-de-oposicao-liderado-por-dr-wilton-comemora-inicio-da-pavimentacao-asfaltica-em-massape-do-piaui\/#primaryimage\"},\"thumbnailUrl\":\"https:\/\/noticiaempauta.com\/portal\/wp-content\/uploads\/2024\/07\/Governo-inicia-pavimentacao-asfaltica-em-Massape-por-solicitacao-de-grupo-de-oposicao-liderado-por-Dr.-Wilton-ea687514-fb4a-4242-b717-1d0ac8645104.jpeg\",\"keywords\":[\"destaqueprincipal\"],\"articleSection\":[\"Destaques\",\"Geral\",\"Munic\u00edpios\",\"Todas as Not\u00edcias\"],\"inLanguage\":\"pt-BR\",\"potentialAction\":[{\"@type\":\"CommentAction\",\"name\":\"Comment\",\"target\":[\"https:\/\/noticiaempauta.com\/portal\/grupo-de-oposicao-liderado-por-dr-wilton-comemora-inicio-da-pavimentacao-asfaltica-em-massape-do-piaui\/#respond\"]}]},{\"@type\":\"WebPage\",\"@id\":\"https:\/\/noticiaempauta.com\/portal\/grupo-de-oposicao-liderado-por-dr-wilton-comemora-inicio-da-pavimentacao-asfaltica-em-massape-do-piaui\/\",\"url\":\"https:\/\/noticiaempauta.com\/portal\/grupo-de-oposicao-liderado-por-dr-wilton-comemora-inicio-da-pavimentacao-asfaltica-em-massape-do-piaui\/\",\"name\":\"Grupo de oposi\u00e7\u00e3o liderado por Dr. Wilton comemora inicio da pavimenta\u00e7\u00e3o asf\u00e1ltica em Massap\u00ea do Piau\u00ed - Portal Not\u00edcia em Pauta\",\"isPartOf\":{\"@id\":\"https:\/\/noticiaempauta.com\/portal\/#website\"},\"primaryImageOfPage\":{\"@id\":\"https:\/\/noticiaempauta.com\/portal\/grupo-de-oposicao-liderado-por-dr-wilton-comemora-inicio-da-pavimentacao-asfaltica-em-massape-do-piaui\/#primaryimage\"},\"image\":{\"@id\":\"https:\/\/noticiaempauta.com\/portal\/grupo-de-oposicao-liderado-por-dr-wilton-comemora-inicio-da-pavimentacao-asfaltica-em-massape-do-piaui\/#primaryimage\"},\"thumbnailUrl\":\"https:\/\/noticiaempauta.com\/portal\/wp-content\/uploads\/2024\/07\/Governo-inicia-pavimentacao-asfaltica-em-Massape-por-solicitacao-de-grupo-de-oposicao-liderado-por-Dr.-Wilton-ea687514-fb4a-4242-b717-1d0ac8645104.jpeg\",\"datePublished\":\"2024-07-04T14:24:40+00:00\",\"dateModified\":\"2024-07-04T14:39:17+00:00\",\"breadcrumb\":{\"@id\":\"https:\/\/noticiaempauta.com\/portal\/grupo-de-oposicao-liderado-por-dr-wilton-comemora-inicio-da-pavimentacao-asfaltica-em-massape-do-piaui\/#breadcrumb\"},\"inLanguage\":\"pt-BR\",\"potentialAction\":[{\"@type\":\"ReadAction\",\"target\":[\"https:\/\/noticiaempauta.com\/portal\/grupo-de-oposicao-liderado-por-dr-wilton-comemora-inicio-da-pavimentacao-asfaltica-em-massape-do-piaui\/\"]}]},{\"@type\":\"ImageObject\",\"inLanguage\":\"pt-BR\",\"@id\":\"https:\/\/noticiaempauta.com\/portal\/grupo-de-oposicao-liderado-por-dr-wilton-comemora-inicio-da-pavimentacao-asfaltica-em-massape-do-piaui\/#primaryimage\",\"url\":\"https:\/\/noticiaempauta.com\/portal\/wp-content\/uploads\/2024\/07\/Governo-inicia-pavimentacao-asfaltica-em-Massape-por-solicitacao-de-grupo-de-oposicao-liderado-por-Dr.-Wilton-ea687514-fb4a-4242-b717-1d0ac8645104.jpeg\",\"contentUrl\":\"https:\/\/noticiaempauta.com\/portal\/wp-content\/uploads\/2024\/07\/Governo-inicia-pavimentacao-asfaltica-em-Massape-por-solicitacao-de-grupo-de-oposicao-liderado-por-Dr.-Wilton-ea687514-fb4a-4242-b717-1d0ac8645104.jpeg\",\"width\":646,\"height\":453,\"caption\":\"(Foto: Reprodu\u00e7\u00e3o\/InfoNews)\"},{\"@type\":\"BreadcrumbList\",\"@id\":\"https:\/\/noticiaempauta.com\/portal\/grupo-de-oposicao-liderado-por-dr-wilton-comemora-inicio-da-pavimentacao-asfaltica-em-massape-do-piaui\/#breadcrumb\",\"itemListElement\":[{\"@type\":\"ListItem\",\"position\":1,\"name\":\"P\u00e1gina Inicial\",\"item\":\"https:\/\/noticiaempauta.com\/portal\/\"},{\"@type\":\"ListItem\",\"position\":2,\"name\":\"Destaques\",\"item\":\"https:\/\/noticiaempauta.com\/portal\/destaques-site\/\"},{\"@type\":\"ListItem\",\"position\":3,\"name\":\"Grupo de oposi\u00e7\u00e3o liderado por Dr. Wilton comemora inicio da pavimenta\u00e7\u00e3o asf\u00e1ltica em Massap\u00ea do Piau\u00ed\"}]},{\"@type\":\"WebSite\",\"@id\":\"https:\/\/noticiaempauta.com\/portal\/#website\",\"url\":\"https:\/\/noticiaempauta.com\/portal\/\",\"name\":\"Portal Not\u00edcia em Pauta\",\"description\":\"Voc\u00ea bem informado\",\"publisher\":{\"@id\":\"https:\/\/noticiaempauta.com\/portal\/#organization\"},\"potentialAction\":[{\"@type\":\"SearchAction\",\"target\":{\"@type\":\"EntryPoint\",\"urlTemplate\":\"https:\/\/noticiaempauta.com\/portal\/?s={search_term_string}\"},\"query-input\":{\"@type\":\"PropertyValueSpecification\",\"valueRequired\":true,\"valueName\":\"search_term_string\"}}],\"inLanguage\":\"pt-BR\"},{\"@type\":\"Organization\",\"@id\":\"https:\/\/noticiaempauta.com\/portal\/#organization\",\"name\":\"Portal Not\u00edcia em Pauta\",\"url\":\"https:\/\/noticiaempauta.com\/portal\/\",\"logo\":{\"@type\":\"ImageObject\",\"inLanguage\":\"pt-BR\",\"@id\":\"https:\/\/noticiaempauta.com\/portal\/#\/schema\/logo\/image\/\",\"url\":\"https:\/\/noticiaempauta.com\/portal\/wp-content\/uploads\/2022\/08\/logomarca_tema.fw_.png\",\"contentUrl\":\"https:\/\/noticiaempauta.com\/portal\/wp-content\/uploads\/2022\/08\/logomarca_tema.fw_.png\",\"width\":400,\"height\":232,\"caption\":\"Portal Not\u00edcia em Pauta\"},\"image\":{\"@id\":\"https:\/\/noticiaempauta.com\/portal\/#\/schema\/logo\/image\/\"},\"sameAs\":[\"https:\/\/www.facebook.com\/Portal-Notcia-Em-Pauta-102292869264820\/\",\"https:\/\/www.instagram.com\/portalnoticiaempauta\/\"]},{\"@type\":\"Person\",\"@id\":\"https:\/\/noticiaempauta.com\/portal\/#\/schema\/person\/a74af43dd1ab3deca45f988c717d57ac\",\"name\":\"Reda\u00e7\u00e3o\",\"image\":{\"@type\":\"ImageObject\",\"inLanguage\":\"pt-BR\",\"@id\":\"https:\/\/noticiaempauta.com\/portal\/#\/schema\/person\/image\/\",\"url\":\"https:\/\/secure.gravatar.com\/avatar\/03179346ecce6cdfc13361603e8f54242a90e5cde8618fa23c5c00aa2b0aadf3?s=96&d=mm&r=g\",\"contentUrl\":\"https:\/\/secure.gravatar.com\/avatar\/03179346ecce6cdfc13361603e8f54242a90e5cde8618fa23c5c00aa2b0aadf3?s=96&d=mm&r=g\",\"caption\":\"Reda\u00e7\u00e3o\"},\"sameAs\":[\"https:\/\/noticiaempauta.com\/portal\/\"],\"url\":\"https:\/\/noticiaempauta.com\/portal\/author\/fernando\/\"}]}<\/script>\n<!-- \/ Yoast SEO Premium plugin. -->","yoast_head_json":{"title":"Grupo de oposi\u00e7\u00e3o liderado por Dr. Wilton comemora inicio da pavimenta\u00e7\u00e3o asf\u00e1ltica em Massap\u00ea do Piau\u00ed - Portal Not\u00edcia em Pauta","robots":{"index":"index","follow":"follow","max-snippet":"max-snippet:-1","max-image-preview":"max-image-preview:large","max-video-preview":"max-video-preview:-1"},"canonical":"https:\/\/noticiaempauta.com\/portal\/grupo-de-oposicao-liderado-por-dr-wilton-comemora-inicio-da-pavimentacao-asfaltica-em-massape-do-piaui\/","og_locale":"pt_BR","og_type":"article","og_title":"Grupo de oposi\u00e7\u00e3o liderado por Dr. Wilton comemora inicio da pavimenta\u00e7\u00e3o asf\u00e1ltica em Massap\u00ea do Piau\u00ed","og_description":"Solicita\u00e7\u00e3o atendida junto ao Governo do Estado.","og_url":"https:\/\/noticiaempauta.com\/portal\/grupo-de-oposicao-liderado-por-dr-wilton-comemora-inicio-da-pavimentacao-asfaltica-em-massape-do-piaui\/","og_site_name":"Portal Not\u00edcia em Pauta","article_publisher":"https:\/\/www.facebook.com\/Portal-Notcia-Em-Pauta-102292869264820\/","article_published_time":"2024-07-04T14:24:40+00:00","article_modified_time":"2024-07-04T14:39:17+00:00","og_image":[{"width":646,"height":453,"url":"https:\/\/noticiaempauta.com\/portal\/wp-content\/uploads\/2024\/07\/Governo-inicia-pavimentacao-asfaltica-em-Massape-por-solicitacao-de-grupo-de-oposicao-liderado-por-Dr.-Wilton-ea687514-fb4a-4242-b717-1d0ac8645104.jpeg","type":"image\/jpeg"}],"author":"Reda\u00e7\u00e3o","twitter_card":"summary_large_image","twitter_misc":{"Escrito por":"Reda\u00e7\u00e3o","Est. tempo de leitura":"4 minutos"},"schema":{"@context":"https:\/\/schema.org","@graph":[{"@type":"Article","@id":"https:\/\/noticiaempauta.com\/portal\/grupo-de-oposicao-liderado-por-dr-wilton-comemora-inicio-da-pavimentacao-asfaltica-em-massape-do-piaui\/#article","isPartOf":{"@id":"https:\/\/noticiaempauta.com\/portal\/grupo-de-oposicao-liderado-por-dr-wilton-comemora-inicio-da-pavimentacao-asfaltica-em-massape-do-piaui\/"},"author":{"name":"Reda\u00e7\u00e3o","@id":"https:\/\/noticiaempauta.com\/portal\/#\/schema\/person\/a74af43dd1ab3deca45f988c717d57ac"},"headline":"Grupo de oposi\u00e7\u00e3o liderado por Dr. Wilton comemora inicio da pavimenta\u00e7\u00e3o asf\u00e1ltica em Massap\u00ea do Piau\u00ed","datePublished":"2024-07-04T14:24:40+00:00","dateModified":"2024-07-04T14:39:17+00:00","mainEntityOfPage":{"@id":"https:\/\/noticiaempauta.com\/portal\/grupo-de-oposicao-liderado-por-dr-wilton-comemora-inicio-da-pavimentacao-asfaltica-em-massape-do-piaui\/"},"wordCount":355,"commentCount":0,"publisher":{"@id":"https:\/\/noticiaempauta.com\/portal\/#organization"},"image":{"@id":"https:\/\/noticiaempauta.com\/portal\/grupo-de-oposicao-liderado-por-dr-wilton-comemora-inicio-da-pavimentacao-asfaltica-em-massape-do-piaui\/#primaryimage"},"thumbnailUrl":"https:\/\/noticiaempauta.com\/portal\/wp-content\/uploads\/2024\/07\/Governo-inicia-pavimentacao-asfaltica-em-Massape-por-solicitacao-de-grupo-de-oposicao-liderado-por-Dr.-Wilton-ea687514-fb4a-4242-b717-1d0ac8645104.jpeg","keywords":["destaqueprincipal"],"articleSection":["Destaques","Geral","Munic\u00edpios","Todas as Not\u00edcias"],"inLanguage":"pt-BR","potentialAction":[{"@type":"CommentAction","name":"Comment","target":["https:\/\/noticiaempauta.com\/portal\/grupo-de-oposicao-liderado-por-dr-wilton-comemora-inicio-da-pavimentacao-asfaltica-em-massape-do-piaui\/#respond"]}]},{"@type":"WebPage","@id":"https:\/\/noticiaempauta.com\/portal\/grupo-de-oposicao-liderado-por-dr-wilton-comemora-inicio-da-pavimentacao-asfaltica-em-massape-do-piaui\/","url":"https:\/\/noticiaempauta.com\/portal\/grupo-de-oposicao-liderado-por-dr-wilton-comemora-inicio-da-pavimentacao-asfaltica-em-massape-do-piaui\/","name":"Grupo de oposi\u00e7\u00e3o liderado por Dr. Wilton comemora inicio da pavimenta\u00e7\u00e3o asf\u00e1ltica em Massap\u00ea do Piau\u00ed - Portal Not\u00edcia em Pauta","isPartOf":{"@id":"https:\/\/noticiaempauta.com\/portal\/#website"},"primaryImageOfPage":{"@id":"https:\/\/noticiaempauta.com\/portal\/grupo-de-oposicao-liderado-por-dr-wilton-comemora-inicio-da-pavimentacao-asfaltica-em-massape-do-piaui\/#primaryimage"},"image":{"@id":"https:\/\/noticiaempauta.com\/portal\/grupo-de-oposicao-liderado-por-dr-wilton-comemora-inicio-da-pavimentacao-asfaltica-em-massape-do-piaui\/#primaryimage"},"thumbnailUrl":"https:\/\/noticiaempauta.com\/portal\/wp-content\/uploads\/2024\/07\/Governo-inicia-pavimentacao-asfaltica-em-Massape-por-solicitacao-de-grupo-de-oposicao-liderado-por-Dr.-Wilton-ea687514-fb4a-4242-b717-1d0ac8645104.jpeg","datePublished":"2024-07-04T14:24:40+00:00","dateModified":"2024-07-04T14:39:17+00:00","breadcrumb":{"@id":"https:\/\/noticiaempauta.com\/portal\/grupo-de-oposicao-liderado-por-dr-wilton-comemora-inicio-da-pavimentacao-asfaltica-em-massape-do-piaui\/#breadcrumb"},"inLanguage":"pt-BR","potentialAction":[{"@type":"ReadAction","target":["https:\/\/noticiaempauta.com\/portal\/grupo-de-oposicao-liderado-por-dr-wilton-comemora-inicio-da-pavimentacao-asfaltica-em-massape-do-piaui\/"]}]},{"@type":"ImageObject","inLanguage":"pt-BR","@id":"https:\/\/noticiaempauta.com\/portal\/grupo-de-oposicao-liderado-por-dr-wilton-comemora-inicio-da-pavimentacao-asfaltica-em-massape-do-piaui\/#primaryimage","url":"https:\/\/noticiaempauta.com\/portal\/wp-content\/uploads\/2024\/07\/Governo-inicia-pavimentacao-asfaltica-em-Massape-por-solicitacao-de-grupo-de-oposicao-liderado-por-Dr.-Wilton-ea687514-fb4a-4242-b717-1d0ac8645104.jpeg","contentUrl":"https:\/\/noticiaempauta.com\/portal\/wp-content\/uploads\/2024\/07\/Governo-inicia-pavimentacao-asfaltica-em-Massape-por-solicitacao-de-grupo-de-oposicao-liderado-por-Dr.-Wilton-ea687514-fb4a-4242-b717-1d0ac8645104.jpeg","width":646,"height":453,"caption":"(Foto: Reprodu\u00e7\u00e3o\/InfoNews)"},{"@type":"BreadcrumbList","@id":"https:\/\/noticiaempauta.com\/portal\/grupo-de-oposicao-liderado-por-dr-wilton-comemora-inicio-da-pavimentacao-asfaltica-em-massape-do-piaui\/#breadcrumb","itemListElement":[{"@type":"ListItem","position":1,"name":"P\u00e1gina Inicial","item":"https:\/\/noticiaempauta.com\/portal\/"},{"@type":"ListItem","position":2,"name":"Destaques","item":"https:\/\/noticiaempauta.com\/portal\/destaques-site\/"},{"@type":"ListItem","position":3,"name":"Grupo de oposi\u00e7\u00e3o liderado por Dr. Wilton comemora inicio da pavimenta\u00e7\u00e3o asf\u00e1ltica em Massap\u00ea do Piau\u00ed"}]},{"@type":"WebSite","@id":"https:\/\/noticiaempauta.com\/portal\/#website","url":"https:\/\/noticiaempauta.com\/portal\/","name":"Portal Not\u00edcia em Pauta","description":"Voc\u00ea bem informado","publisher":{"@id":"https:\/\/noticiaempauta.com\/portal\/#organization"},"potentialAction":[{"@type":"SearchAction","target":{"@type":"EntryPoint","urlTemplate":"https:\/\/noticiaempauta.com\/portal\/?s={search_term_string}"},"query-input":{"@type":"PropertyValueSpecification","valueRequired":true,"valueName":"search_term_string"}}],"inLanguage":"pt-BR"},{"@type":"Organization","@id":"https:\/\/noticiaempauta.com\/portal\/#organization","name":"Portal Not\u00edcia em Pauta","url":"https:\/\/noticiaempauta.com\/portal\/","logo":{"@type":"ImageObject","inLanguage":"pt-BR","@id":"https:\/\/noticiaempauta.com\/portal\/#\/schema\/logo\/image\/","url":"https:\/\/noticiaempauta.com\/portal\/wp-content\/uploads\/2022\/08\/logomarca_tema.fw_.png","contentUrl":"https:\/\/noticiaempauta.com\/portal\/wp-content\/uploads\/2022\/08\/logomarca_tema.fw_.png","width":400,"height":232,"caption":"Portal Not\u00edcia em Pauta"},"image":{"@id":"https:\/\/noticiaempauta.com\/portal\/#\/schema\/logo\/image\/"},"sameAs":["https:\/\/www.facebook.com\/Portal-Notcia-Em-Pauta-102292869264820\/","https:\/\/www.instagram.com\/portalnoticiaempauta\/"]},{"@type":"Person","@id":"https:\/\/noticiaempauta.com\/portal\/#\/schema\/person\/a74af43dd1ab3deca45f988c717d57ac","name":"Reda\u00e7\u00e3o","image":{"@type":"ImageObject","inLanguage":"pt-BR","@id":"https:\/\/noticiaempauta.com\/portal\/#\/schema\/person\/image\/","url":"https:\/\/secure.gravatar.com\/avatar\/03179346ecce6cdfc13361603e8f54242a90e5cde8618fa23c5c00aa2b0aadf3?s=96&d=mm&r=g","contentUrl":"https:\/\/secure.gravatar.com\/avatar\/03179346ecce6cdfc13361603e8f54242a90e5cde8618fa23c5c00aa2b0aadf3?s=96&d=mm&r=g","caption":"Reda\u00e7\u00e3o"},"sameAs":["https:\/\/noticiaempauta.com\/portal\/"],"url":"https:\/\/noticiaempauta.com\/portal\/author\/fernando\/"}]}},"_links":{"self":[{"href":"https:\/\/noticiaempauta.com\/portal\/wp-json\/wp\/v2\/posts\/259509","targetHints":{"allow":["GET"]}}],"collection":[{"href":"https:\/\/noticiaempauta.com\/portal\/wp-json\/wp\/v2\/posts"}],"about":[{"href":"https:\/\/noticiaempauta.com\/portal\/wp-json\/wp\/v2\/types\/post"}],"author":[{"embeddable":true,"href":"https:\/\/noticiaempauta.com\/portal\/wp-json\/wp\/v2\/users\/2"}],"replies":[{"embeddable":true,"href":"https:\/\/noticiaempauta.com\/portal\/wp-json\/wp\/v2\/comments?post=259509"}],"version-history":[{"count":3,"href":"https:\/\/noticiaempauta.com\/portal\/wp-json\/wp\/v2\/posts\/259509\/revisions"}],"predecessor-version":[{"id":259521,"href":"https:\/\/noticiaempauta.com\/portal\/wp-json\/wp\/v2\/posts\/259509\/revisions\/259521"}],"wp:featuredmedia":[{"embeddable":true,"href":"https:\/\/noticiaempauta.com\/portal\/wp-json\/wp\/v2\/media\/259510"}],"wp:attachment":[{"href":"https:\/\/noticiaempauta.com\/portal\/wp-json\/wp\/v2\/media?parent=259509"}],"wp:term":[{"taxonomy":"category","embeddable":true,"href":"https:\/\/noticiaempauta.com\/portal\/wp-json\/wp\/v2\/categories?post=259509"},{"taxonomy":"post_tag","embeddable":true,"href":"https:\/\/noticiaempauta.com\/portal\/wp-json\/wp\/v2\/tags?post=259509"}],"curies":[{"name":"wp","href":"https:\/\/api.w.org\/{rel}","templated":true}]}}