{"id":259527,"date":"2024-07-04T17:43:34","date_gmt":"2024-07-04T20:43:34","guid":{"rendered":"https:\/\/noticiaempauta.com\/portal\/?p=259527"},"modified":"2024-07-04T17:43:34","modified_gmt":"2024-07-04T20:43:34","slug":"motociclista-morre-apos-desviar-de-cachorro-e-colidir-contra-arvore-na-avenida-severo-eulalio-em-picos","status":"publish","type":"post","link":"https:\/\/noticiaempauta.com\/portal\/motociclista-morre-apos-desviar-de-cachorro-e-colidir-contra-arvore-na-avenida-severo-eulalio-em-picos\/","title":{"rendered":"Motociclista morre ap\u00f3s desviar de cachorro e colidir contra \u00e1rvore na Avenida Severo Eul\u00e1lio em Picos"},"content":{"rendered":"\n<p>Um acidente com v\u00edtima faltam foi registrado por volta das 13h30 desta quinta-feira, 04 de julho, na avenida Severo Eul\u00e1lio, em Picos. Um motociclista identificado como Carlos Ant\u00f4nio de Sousa, que seguia em uma das pistas da avenida em dire\u00e7\u00e3o \u00e0 BR 316, nas imedia\u00e7\u00f5es de um restaurante, colidiu com uma das \u00e1rvore do canteiro central.<\/p>\n\n\n\n<figure class=\"wp-block-image size-full\"><img fetchpriority=\"high\" decoding=\"async\" width=\"480\" height=\"320\" src=\"https:\/\/noticiaempauta.com\/portal\/wp-content\/uploads\/2024\/07\/IMG_2803.jpeg\" alt=\"\" class=\"wp-image-259528\" srcset=\"https:\/\/noticiaempauta.com\/portal\/wp-content\/uploads\/2024\/07\/IMG_2803.jpeg 480w, https:\/\/noticiaempauta.com\/portal\/wp-content\/uploads\/2024\/07\/IMG_2803-300x200.jpeg 300w\" sizes=\"(max-width: 480px) 100vw, 480px\" \/><\/figure>\n\n\n\n<p>Devido a gravidade do impacto da colis\u00e3o, Carlos Ant\u00f4nio veio a \u00f3bito no local. O Servi\u00e7o de Atendimento M\u00f3vel de Urg\u00eancia (SAMU) ainda foi acionado, mas quando chegou no local a v\u00edtima j\u00e1 havia falecido.<\/p>\n\n\n\n<figure class=\"wp-block-image size-full\"><img decoding=\"async\" width=\"1024\" height=\"655\" src=\"https:\/\/noticiaempauta.com\/portal\/wp-content\/uploads\/2024\/07\/IMG_2805.jpeg\" alt=\"\" class=\"wp-image-259529\" srcset=\"https:\/\/noticiaempauta.com\/portal\/wp-content\/uploads\/2024\/07\/IMG_2805.jpeg 1024w, https:\/\/noticiaempauta.com\/portal\/wp-content\/uploads\/2024\/07\/IMG_2805-300x192.jpeg 300w, https:\/\/noticiaempauta.com\/portal\/wp-content\/uploads\/2024\/07\/IMG_2805-768x491.jpeg 768w\" sizes=\"(max-width: 1024px) 100vw, 1024px\" \/><\/figure>\n\n\n\n<p>Populares que presenciaram o acidente informaram  que Carlos tentou desviar de um cachorro e perdeu o controle da motocicleta, chegando a colidir com a \u00e1rvore. A motocicleta da v\u00edtima, que pilotava sem passageiro, ficou parcialmente destru\u00edda e foi parar a mais de dez metros do local do impacto.<\/p>\n\n\n\n<figure class=\"wp-block-image size-full\"><img decoding=\"async\" width=\"1024\" height=\"635\" src=\"https:\/\/noticiaempauta.com\/portal\/wp-content\/uploads\/2024\/07\/IMG_2806.jpeg\" alt=\"\" class=\"wp-image-259530\" srcset=\"https:\/\/noticiaempauta.com\/portal\/wp-content\/uploads\/2024\/07\/IMG_2806.jpeg 1024w, https:\/\/noticiaempauta.com\/portal\/wp-content\/uploads\/2024\/07\/IMG_2806-300x186.jpeg 300w, https:\/\/noticiaempauta.com\/portal\/wp-content\/uploads\/2024\/07\/IMG_2806-768x476.jpeg 768w\" sizes=\"(max-width: 1024px) 100vw, 1024px\" \/><\/figure>\n\n\n\n<p>Com informa\u00e7\u00f5es do Picos 40 Graus<\/p>\n","protected":false},"excerpt":{"rendered":"<p>Um acidente com v\u00edtima faltam foi registrado por volta das 13h30 desta quinta-feira, 04 de julho, na avenida Severo Eul\u00e1lio, em Picos. Um motociclista identificado como Carlos Ant\u00f4nio de Sousa, que seguia em uma das pistas da avenida em dire\u00e7\u00e3o \u00e0 BR 316, nas imedia\u00e7\u00f5es de um restaurante, colidiu com uma das \u00e1rvore do canteiro [&hellip;]<\/p>\n","protected":false},"author":2,"featured_media":259528,"comment_status":"open","ping_status":"open","sticky":false,"template":"","format":"standard","meta":{"_mi_skip_tracking":false,"footnotes":""},"categories":[25,1,16],"tags":[192],"class_list":["post-259527","post","type-post","status-publish","format-standard","has-post-thumbnail","hentry","category-destaques-site","category-geral","category-todas","tag-destaqueprincipal"],"acf":[],"yoast_head":"<!-- This site is optimized with the Yoast SEO Premium plugin v19.2 (Yoast SEO v26.9) - https:\/\/yoast.com\/product\/yoast-seo-premium-wordpress\/ -->\n<title>Motociclista morre ap\u00f3s desviar de cachorro e colidir contra \u00e1rvore na Avenida Severo Eul\u00e1lio em Picos - Portal Not\u00edcia em Pauta<\/title>\n<meta name=\"robots\" content=\"index, follow, max-snippet:-1, max-image-preview:large, max-video-preview:-1\" \/>\n<link rel=\"canonical\" href=\"https:\/\/noticiaempauta.com\/portal\/motociclista-morre-apos-desviar-de-cachorro-e-colidir-contra-arvore-na-avenida-severo-eulalio-em-picos\/\" \/>\n<meta property=\"og:locale\" content=\"pt_BR\" \/>\n<meta property=\"og:type\" content=\"article\" \/>\n<meta property=\"og:title\" content=\"Motociclista morre ap\u00f3s desviar de cachorro e colidir contra \u00e1rvore na Avenida Severo Eul\u00e1lio em Picos\" \/>\n<meta property=\"og:description\" content=\"Um acidente com v\u00edtima faltam foi registrado por volta das 13h30 desta quinta-feira, 04 de julho, na avenida Severo Eul\u00e1lio, em Picos. Um motociclista identificado como Carlos Ant\u00f4nio de Sousa, que seguia em uma das pistas da avenida em dire\u00e7\u00e3o \u00e0 BR 316, nas imedia\u00e7\u00f5es de um restaurante, colidiu com uma das \u00e1rvore do canteiro [&hellip;]\" \/>\n<meta property=\"og:url\" content=\"https:\/\/noticiaempauta.com\/portal\/motociclista-morre-apos-desviar-de-cachorro-e-colidir-contra-arvore-na-avenida-severo-eulalio-em-picos\/\" \/>\n<meta property=\"og:site_name\" content=\"Portal Not\u00edcia em Pauta\" \/>\n<meta property=\"article:publisher\" content=\"https:\/\/www.facebook.com\/Portal-Notcia-Em-Pauta-102292869264820\/\" \/>\n<meta property=\"article:published_time\" content=\"2024-07-04T20:43:34+00:00\" \/>\n<meta property=\"og:image\" content=\"https:\/\/noticiaempauta.com\/portal\/wp-content\/uploads\/2024\/07\/IMG_2803.jpeg\" \/>\n\t<meta property=\"og:image:width\" content=\"480\" \/>\n\t<meta property=\"og:image:height\" content=\"320\" \/>\n\t<meta property=\"og:image:type\" content=\"image\/jpeg\" \/>\n<meta name=\"author\" content=\"Reda\u00e7\u00e3o\" \/>\n<meta name=\"twitter:card\" content=\"summary_large_image\" \/>\n<meta name=\"twitter:label1\" content=\"Escrito por\" \/>\n\t<meta name=\"twitter:data1\" content=\"Reda\u00e7\u00e3o\" \/>\n\t<meta name=\"twitter:label2\" content=\"Est. tempo de leitura\" \/>\n\t<meta name=\"twitter:data2\" content=\"2 minutos\" \/>\n<script type=\"application\/ld+json\" class=\"yoast-schema-graph\">{\"@context\":\"https:\/\/schema.org\",\"@graph\":[{\"@type\":\"Article\",\"@id\":\"https:\/\/noticiaempauta.com\/portal\/motociclista-morre-apos-desviar-de-cachorro-e-colidir-contra-arvore-na-avenida-severo-eulalio-em-picos\/#article\",\"isPartOf\":{\"@id\":\"https:\/\/noticiaempauta.com\/portal\/motociclista-morre-apos-desviar-de-cachorro-e-colidir-contra-arvore-na-avenida-severo-eulalio-em-picos\/\"},\"author\":{\"name\":\"Reda\u00e7\u00e3o\",\"@id\":\"https:\/\/noticiaempauta.com\/portal\/#\/schema\/person\/a74af43dd1ab3deca45f988c717d57ac\"},\"headline\":\"Motociclista morre ap\u00f3s desviar de cachorro e colidir contra \u00e1rvore na Avenida Severo Eul\u00e1lio em Picos\",\"datePublished\":\"2024-07-04T20:43:34+00:00\",\"mainEntityOfPage\":{\"@id\":\"https:\/\/noticiaempauta.com\/portal\/motociclista-morre-apos-desviar-de-cachorro-e-colidir-contra-arvore-na-avenida-severo-eulalio-em-picos\/\"},\"wordCount\":173,\"commentCount\":0,\"publisher\":{\"@id\":\"https:\/\/noticiaempauta.com\/portal\/#organization\"},\"image\":{\"@id\":\"https:\/\/noticiaempauta.com\/portal\/motociclista-morre-apos-desviar-de-cachorro-e-colidir-contra-arvore-na-avenida-severo-eulalio-em-picos\/#primaryimage\"},\"thumbnailUrl\":\"https:\/\/noticiaempauta.com\/portal\/wp-content\/uploads\/2024\/07\/IMG_2803.jpeg\",\"keywords\":[\"destaqueprincipal\"],\"articleSection\":[\"Destaques\",\"Geral\",\"Todas as Not\u00edcias\"],\"inLanguage\":\"pt-BR\",\"potentialAction\":[{\"@type\":\"CommentAction\",\"name\":\"Comment\",\"target\":[\"https:\/\/noticiaempauta.com\/portal\/motociclista-morre-apos-desviar-de-cachorro-e-colidir-contra-arvore-na-avenida-severo-eulalio-em-picos\/#respond\"]}]},{\"@type\":\"WebPage\",\"@id\":\"https:\/\/noticiaempauta.com\/portal\/motociclista-morre-apos-desviar-de-cachorro-e-colidir-contra-arvore-na-avenida-severo-eulalio-em-picos\/\",\"url\":\"https:\/\/noticiaempauta.com\/portal\/motociclista-morre-apos-desviar-de-cachorro-e-colidir-contra-arvore-na-avenida-severo-eulalio-em-picos\/\",\"name\":\"Motociclista morre ap\u00f3s desviar de cachorro e colidir contra \u00e1rvore na Avenida Severo Eul\u00e1lio em Picos - Portal Not\u00edcia em Pauta\",\"isPartOf\":{\"@id\":\"https:\/\/noticiaempauta.com\/portal\/#website\"},\"primaryImageOfPage\":{\"@id\":\"https:\/\/noticiaempauta.com\/portal\/motociclista-morre-apos-desviar-de-cachorro-e-colidir-contra-arvore-na-avenida-severo-eulalio-em-picos\/#primaryimage\"},\"image\":{\"@id\":\"https:\/\/noticiaempauta.com\/portal\/motociclista-morre-apos-desviar-de-cachorro-e-colidir-contra-arvore-na-avenida-severo-eulalio-em-picos\/#primaryimage\"},\"thumbnailUrl\":\"https:\/\/noticiaempauta.com\/portal\/wp-content\/uploads\/2024\/07\/IMG_2803.jpeg\",\"datePublished\":\"2024-07-04T20:43:34+00:00\",\"breadcrumb\":{\"@id\":\"https:\/\/noticiaempauta.com\/portal\/motociclista-morre-apos-desviar-de-cachorro-e-colidir-contra-arvore-na-avenida-severo-eulalio-em-picos\/#breadcrumb\"},\"inLanguage\":\"pt-BR\",\"potentialAction\":[{\"@type\":\"ReadAction\",\"target\":[\"https:\/\/noticiaempauta.com\/portal\/motociclista-morre-apos-desviar-de-cachorro-e-colidir-contra-arvore-na-avenida-severo-eulalio-em-picos\/\"]}]},{\"@type\":\"ImageObject\",\"inLanguage\":\"pt-BR\",\"@id\":\"https:\/\/noticiaempauta.com\/portal\/motociclista-morre-apos-desviar-de-cachorro-e-colidir-contra-arvore-na-avenida-severo-eulalio-em-picos\/#primaryimage\",\"url\":\"https:\/\/noticiaempauta.com\/portal\/wp-content\/uploads\/2024\/07\/IMG_2803.jpeg\",\"contentUrl\":\"https:\/\/noticiaempauta.com\/portal\/wp-content\/uploads\/2024\/07\/IMG_2803.jpeg\",\"width\":480,\"height\":320},{\"@type\":\"BreadcrumbList\",\"@id\":\"https:\/\/noticiaempauta.com\/portal\/motociclista-morre-apos-desviar-de-cachorro-e-colidir-contra-arvore-na-avenida-severo-eulalio-em-picos\/#breadcrumb\",\"itemListElement\":[{\"@type\":\"ListItem\",\"position\":1,\"name\":\"P\u00e1gina Inicial\",\"item\":\"https:\/\/noticiaempauta.com\/portal\/\"},{\"@type\":\"ListItem\",\"position\":2,\"name\":\"Destaques\",\"item\":\"https:\/\/noticiaempauta.com\/portal\/destaques-site\/\"},{\"@type\":\"ListItem\",\"position\":3,\"name\":\"Motociclista morre ap\u00f3s desviar de cachorro e colidir contra \u00e1rvore na Avenida Severo Eul\u00e1lio em Picos\"}]},{\"@type\":\"WebSite\",\"@id\":\"https:\/\/noticiaempauta.com\/portal\/#website\",\"url\":\"https:\/\/noticiaempauta.com\/portal\/\",\"name\":\"Portal Not\u00edcia em Pauta\",\"description\":\"Voc\u00ea bem informado\",\"publisher\":{\"@id\":\"https:\/\/noticiaempauta.com\/portal\/#organization\"},\"potentialAction\":[{\"@type\":\"SearchAction\",\"target\":{\"@type\":\"EntryPoint\",\"urlTemplate\":\"https:\/\/noticiaempauta.com\/portal\/?s={search_term_string}\"},\"query-input\":{\"@type\":\"PropertyValueSpecification\",\"valueRequired\":true,\"valueName\":\"search_term_string\"}}],\"inLanguage\":\"pt-BR\"},{\"@type\":\"Organization\",\"@id\":\"https:\/\/noticiaempauta.com\/portal\/#organization\",\"name\":\"Portal Not\u00edcia em Pauta\",\"url\":\"https:\/\/noticiaempauta.com\/portal\/\",\"logo\":{\"@type\":\"ImageObject\",\"inLanguage\":\"pt-BR\",\"@id\":\"https:\/\/noticiaempauta.com\/portal\/#\/schema\/logo\/image\/\",\"url\":\"https:\/\/noticiaempauta.com\/portal\/wp-content\/uploads\/2022\/08\/logomarca_tema.fw_.png\",\"contentUrl\":\"https:\/\/noticiaempauta.com\/portal\/wp-content\/uploads\/2022\/08\/logomarca_tema.fw_.png\",\"width\":400,\"height\":232,\"caption\":\"Portal Not\u00edcia em Pauta\"},\"image\":{\"@id\":\"https:\/\/noticiaempauta.com\/portal\/#\/schema\/logo\/image\/\"},\"sameAs\":[\"https:\/\/www.facebook.com\/Portal-Notcia-Em-Pauta-102292869264820\/\",\"https:\/\/www.instagram.com\/portalnoticiaempauta\/\"]},{\"@type\":\"Person\",\"@id\":\"https:\/\/noticiaempauta.com\/portal\/#\/schema\/person\/a74af43dd1ab3deca45f988c717d57ac\",\"name\":\"Reda\u00e7\u00e3o\",\"image\":{\"@type\":\"ImageObject\",\"inLanguage\":\"pt-BR\",\"@id\":\"https:\/\/noticiaempauta.com\/portal\/#\/schema\/person\/image\/\",\"url\":\"https:\/\/secure.gravatar.com\/avatar\/03179346ecce6cdfc13361603e8f54242a90e5cde8618fa23c5c00aa2b0aadf3?s=96&d=mm&r=g\",\"contentUrl\":\"https:\/\/secure.gravatar.com\/avatar\/03179346ecce6cdfc13361603e8f54242a90e5cde8618fa23c5c00aa2b0aadf3?s=96&d=mm&r=g\",\"caption\":\"Reda\u00e7\u00e3o\"},\"sameAs\":[\"https:\/\/noticiaempauta.com\/portal\/\"],\"url\":\"https:\/\/noticiaempauta.com\/portal\/author\/fernando\/\"}]}<\/script>\n<!-- \/ Yoast SEO Premium plugin. -->","yoast_head_json":{"title":"Motociclista morre ap\u00f3s desviar de cachorro e colidir contra \u00e1rvore na Avenida Severo Eul\u00e1lio em Picos - Portal Not\u00edcia em Pauta","robots":{"index":"index","follow":"follow","max-snippet":"max-snippet:-1","max-image-preview":"max-image-preview:large","max-video-preview":"max-video-preview:-1"},"canonical":"https:\/\/noticiaempauta.com\/portal\/motociclista-morre-apos-desviar-de-cachorro-e-colidir-contra-arvore-na-avenida-severo-eulalio-em-picos\/","og_locale":"pt_BR","og_type":"article","og_title":"Motociclista morre ap\u00f3s desviar de cachorro e colidir contra \u00e1rvore na Avenida Severo Eul\u00e1lio em Picos","og_description":"Um acidente com v\u00edtima faltam foi registrado por volta das 13h30 desta quinta-feira, 04 de julho, na avenida Severo Eul\u00e1lio, em Picos. Um motociclista identificado como Carlos Ant\u00f4nio de Sousa, que seguia em uma das pistas da avenida em dire\u00e7\u00e3o \u00e0 BR 316, nas imedia\u00e7\u00f5es de um restaurante, colidiu com uma das \u00e1rvore do canteiro [&hellip;]","og_url":"https:\/\/noticiaempauta.com\/portal\/motociclista-morre-apos-desviar-de-cachorro-e-colidir-contra-arvore-na-avenida-severo-eulalio-em-picos\/","og_site_name":"Portal Not\u00edcia em Pauta","article_publisher":"https:\/\/www.facebook.com\/Portal-Notcia-Em-Pauta-102292869264820\/","article_published_time":"2024-07-04T20:43:34+00:00","og_image":[{"width":480,"height":320,"url":"https:\/\/noticiaempauta.com\/portal\/wp-content\/uploads\/2024\/07\/IMG_2803.jpeg","type":"image\/jpeg"}],"author":"Reda\u00e7\u00e3o","twitter_card":"summary_large_image","twitter_misc":{"Escrito por":"Reda\u00e7\u00e3o","Est. tempo de leitura":"2 minutos"},"schema":{"@context":"https:\/\/schema.org","@graph":[{"@type":"Article","@id":"https:\/\/noticiaempauta.com\/portal\/motociclista-morre-apos-desviar-de-cachorro-e-colidir-contra-arvore-na-avenida-severo-eulalio-em-picos\/#article","isPartOf":{"@id":"https:\/\/noticiaempauta.com\/portal\/motociclista-morre-apos-desviar-de-cachorro-e-colidir-contra-arvore-na-avenida-severo-eulalio-em-picos\/"},"author":{"name":"Reda\u00e7\u00e3o","@id":"https:\/\/noticiaempauta.com\/portal\/#\/schema\/person\/a74af43dd1ab3deca45f988c717d57ac"},"headline":"Motociclista morre ap\u00f3s desviar de cachorro e colidir contra \u00e1rvore na Avenida Severo Eul\u00e1lio em Picos","datePublished":"2024-07-04T20:43:34+00:00","mainEntityOfPage":{"@id":"https:\/\/noticiaempauta.com\/portal\/motociclista-morre-apos-desviar-de-cachorro-e-colidir-contra-arvore-na-avenida-severo-eulalio-em-picos\/"},"wordCount":173,"commentCount":0,"publisher":{"@id":"https:\/\/noticiaempauta.com\/portal\/#organization"},"image":{"@id":"https:\/\/noticiaempauta.com\/portal\/motociclista-morre-apos-desviar-de-cachorro-e-colidir-contra-arvore-na-avenida-severo-eulalio-em-picos\/#primaryimage"},"thumbnailUrl":"https:\/\/noticiaempauta.com\/portal\/wp-content\/uploads\/2024\/07\/IMG_2803.jpeg","keywords":["destaqueprincipal"],"articleSection":["Destaques","Geral","Todas as Not\u00edcias"],"inLanguage":"pt-BR","potentialAction":[{"@type":"CommentAction","name":"Comment","target":["https:\/\/noticiaempauta.com\/portal\/motociclista-morre-apos-desviar-de-cachorro-e-colidir-contra-arvore-na-avenida-severo-eulalio-em-picos\/#respond"]}]},{"@type":"WebPage","@id":"https:\/\/noticiaempauta.com\/portal\/motociclista-morre-apos-desviar-de-cachorro-e-colidir-contra-arvore-na-avenida-severo-eulalio-em-picos\/","url":"https:\/\/noticiaempauta.com\/portal\/motociclista-morre-apos-desviar-de-cachorro-e-colidir-contra-arvore-na-avenida-severo-eulalio-em-picos\/","name":"Motociclista morre ap\u00f3s desviar de cachorro e colidir contra \u00e1rvore na Avenida Severo Eul\u00e1lio em Picos - Portal Not\u00edcia em Pauta","isPartOf":{"@id":"https:\/\/noticiaempauta.com\/portal\/#website"},"primaryImageOfPage":{"@id":"https:\/\/noticiaempauta.com\/portal\/motociclista-morre-apos-desviar-de-cachorro-e-colidir-contra-arvore-na-avenida-severo-eulalio-em-picos\/#primaryimage"},"image":{"@id":"https:\/\/noticiaempauta.com\/portal\/motociclista-morre-apos-desviar-de-cachorro-e-colidir-contra-arvore-na-avenida-severo-eulalio-em-picos\/#primaryimage"},"thumbnailUrl":"https:\/\/noticiaempauta.com\/portal\/wp-content\/uploads\/2024\/07\/IMG_2803.jpeg","datePublished":"2024-07-04T20:43:34+00:00","breadcrumb":{"@id":"https:\/\/noticiaempauta.com\/portal\/motociclista-morre-apos-desviar-de-cachorro-e-colidir-contra-arvore-na-avenida-severo-eulalio-em-picos\/#breadcrumb"},"inLanguage":"pt-BR","potentialAction":[{"@type":"ReadAction","target":["https:\/\/noticiaempauta.com\/portal\/motociclista-morre-apos-desviar-de-cachorro-e-colidir-contra-arvore-na-avenida-severo-eulalio-em-picos\/"]}]},{"@type":"ImageObject","inLanguage":"pt-BR","@id":"https:\/\/noticiaempauta.com\/portal\/motociclista-morre-apos-desviar-de-cachorro-e-colidir-contra-arvore-na-avenida-severo-eulalio-em-picos\/#primaryimage","url":"https:\/\/noticiaempauta.com\/portal\/wp-content\/uploads\/2024\/07\/IMG_2803.jpeg","contentUrl":"https:\/\/noticiaempauta.com\/portal\/wp-content\/uploads\/2024\/07\/IMG_2803.jpeg","width":480,"height":320},{"@type":"BreadcrumbList","@id":"https:\/\/noticiaempauta.com\/portal\/motociclista-morre-apos-desviar-de-cachorro-e-colidir-contra-arvore-na-avenida-severo-eulalio-em-picos\/#breadcrumb","itemListElement":[{"@type":"ListItem","position":1,"name":"P\u00e1gina Inicial","item":"https:\/\/noticiaempauta.com\/portal\/"},{"@type":"ListItem","position":2,"name":"Destaques","item":"https:\/\/noticiaempauta.com\/portal\/destaques-site\/"},{"@type":"ListItem","position":3,"name":"Motociclista morre ap\u00f3s desviar de cachorro e colidir contra \u00e1rvore na Avenida Severo Eul\u00e1lio em Picos"}]},{"@type":"WebSite","@id":"https:\/\/noticiaempauta.com\/portal\/#website","url":"https:\/\/noticiaempauta.com\/portal\/","name":"Portal Not\u00edcia em Pauta","description":"Voc\u00ea bem informado","publisher":{"@id":"https:\/\/noticiaempauta.com\/portal\/#organization"},"potentialAction":[{"@type":"SearchAction","target":{"@type":"EntryPoint","urlTemplate":"https:\/\/noticiaempauta.com\/portal\/?s={search_term_string}"},"query-input":{"@type":"PropertyValueSpecification","valueRequired":true,"valueName":"search_term_string"}}],"inLanguage":"pt-BR"},{"@type":"Organization","@id":"https:\/\/noticiaempauta.com\/portal\/#organization","name":"Portal Not\u00edcia em Pauta","url":"https:\/\/noticiaempauta.com\/portal\/","logo":{"@type":"ImageObject","inLanguage":"pt-BR","@id":"https:\/\/noticiaempauta.com\/portal\/#\/schema\/logo\/image\/","url":"https:\/\/noticiaempauta.com\/portal\/wp-content\/uploads\/2022\/08\/logomarca_tema.fw_.png","contentUrl":"https:\/\/noticiaempauta.com\/portal\/wp-content\/uploads\/2022\/08\/logomarca_tema.fw_.png","width":400,"height":232,"caption":"Portal Not\u00edcia em Pauta"},"image":{"@id":"https:\/\/noticiaempauta.com\/portal\/#\/schema\/logo\/image\/"},"sameAs":["https:\/\/www.facebook.com\/Portal-Notcia-Em-Pauta-102292869264820\/","https:\/\/www.instagram.com\/portalnoticiaempauta\/"]},{"@type":"Person","@id":"https:\/\/noticiaempauta.com\/portal\/#\/schema\/person\/a74af43dd1ab3deca45f988c717d57ac","name":"Reda\u00e7\u00e3o","image":{"@type":"ImageObject","inLanguage":"pt-BR","@id":"https:\/\/noticiaempauta.com\/portal\/#\/schema\/person\/image\/","url":"https:\/\/secure.gravatar.com\/avatar\/03179346ecce6cdfc13361603e8f54242a90e5cde8618fa23c5c00aa2b0aadf3?s=96&d=mm&r=g","contentUrl":"https:\/\/secure.gravatar.com\/avatar\/03179346ecce6cdfc13361603e8f54242a90e5cde8618fa23c5c00aa2b0aadf3?s=96&d=mm&r=g","caption":"Reda\u00e7\u00e3o"},"sameAs":["https:\/\/noticiaempauta.com\/portal\/"],"url":"https:\/\/noticiaempauta.com\/portal\/author\/fernando\/"}]}},"_links":{"self":[{"href":"https:\/\/noticiaempauta.com\/portal\/wp-json\/wp\/v2\/posts\/259527","targetHints":{"allow":["GET"]}}],"collection":[{"href":"https:\/\/noticiaempauta.com\/portal\/wp-json\/wp\/v2\/posts"}],"about":[{"href":"https:\/\/noticiaempauta.com\/portal\/wp-json\/wp\/v2\/types\/post"}],"author":[{"embeddable":true,"href":"https:\/\/noticiaempauta.com\/portal\/wp-json\/wp\/v2\/users\/2"}],"replies":[{"embeddable":true,"href":"https:\/\/noticiaempauta.com\/portal\/wp-json\/wp\/v2\/comments?post=259527"}],"version-history":[{"count":2,"href":"https:\/\/noticiaempauta.com\/portal\/wp-json\/wp\/v2\/posts\/259527\/revisions"}],"predecessor-version":[{"id":259532,"href":"https:\/\/noticiaempauta.com\/portal\/wp-json\/wp\/v2\/posts\/259527\/revisions\/259532"}],"wp:featuredmedia":[{"embeddable":true,"href":"https:\/\/noticiaempauta.com\/portal\/wp-json\/wp\/v2\/media\/259528"}],"wp:attachment":[{"href":"https:\/\/noticiaempauta.com\/portal\/wp-json\/wp\/v2\/media?parent=259527"}],"wp:term":[{"taxonomy":"category","embeddable":true,"href":"https:\/\/noticiaempauta.com\/portal\/wp-json\/wp\/v2\/categories?post=259527"},{"taxonomy":"post_tag","embeddable":true,"href":"https:\/\/noticiaempauta.com\/portal\/wp-json\/wp\/v2\/tags?post=259527"}],"curies":[{"name":"wp","href":"https:\/\/api.w.org\/{rel}","templated":true}]}}