{"id":259534,"date":"2024-07-05T08:24:46","date_gmt":"2024-07-05T11:24:46","guid":{"rendered":"https:\/\/noticiaempauta.com\/portal\/?p=259534"},"modified":"2024-07-05T08:24:47","modified_gmt":"2024-07-05T11:24:47","slug":"eleicoes-2024-pre-candidatos-nao-podem-participar-de-inauguracoes-de-obras-a-partir-de-6-de-julho","status":"publish","type":"post","link":"https:\/\/noticiaempauta.com\/portal\/eleicoes-2024-pre-candidatos-nao-podem-participar-de-inauguracoes-de-obras-a-partir-de-6-de-julho\/","title":{"rendered":"Elei\u00e7\u00f5es 2024 | Pr\u00e9-candidatos n\u00e3o podem participar de inaugura\u00e7\u00f5es de obras a partir de 6 de julho"},"content":{"rendered":"\n<p>A partir do pr\u00f3ximo s\u00e1bado, dia 6 de julho, pr\u00e9-candidatos a vereador, prefeito e vice-prefeito est\u00e3o proibidos de comparecem a inaugura\u00e7\u00f5es de obras p\u00fablicas. A medida faz parte do calend\u00e1rio eleitoral divulgado pelo Tribunal Superior Eleitoral (TSE).<\/p>\n\n\n\n<p>A data marca os tr\u00eas meses que antecedem o 1\u00b0 turno das elei\u00e7\u00f5es de 2024. Havendo o descumprimento das medidas, o pr\u00e9-candidato pode ter o registro de candidatura cassado ou, no caso de configurado abuso de autoridade, perda do diploma do eleito.<\/p>\n\n\n\n<p>Tamb\u00e9m \u00e9 vedada a realiza\u00e7\u00e3o de inaugura\u00e7\u00f5es de obras p\u00fablicas ou divulga\u00e7\u00e3o de presta\u00e7\u00e3o de servi\u00e7os p\u00fablicos e a contrata\u00e7\u00e3o de shows art\u00edsticos pagos com recursos p\u00fablicos.<\/p>\n\n\n\n<p>A partir do dia 6 de julho os agentes p\u00fablicos tamb\u00e9m devem adotar provid\u00eancias necess\u00e1rias para que o conte\u00fado dos sites, canais e outros meios de informa\u00e7\u00e3o oficial exclua nomes, slogans, s\u00edmbolos, express\u00f5es, imagens ou outros elementos que permitam identificar autoridades, governos ou administra\u00e7\u00f5es, cujos cargos estejam em disputa na campanha eleitoral.<\/p>\n\n\n\n<p>Fonte: Portal Clube News<\/p>\n\n\n\n<p><\/p>\n","protected":false},"excerpt":{"rendered":"<p>A partir do pr\u00f3ximo s\u00e1bado, dia 6 de julho, pr\u00e9-candidatos a vereador, prefeito e vice-prefeito est\u00e3o proibidos de comparecem a inaugura\u00e7\u00f5es de obras p\u00fablicas. A medida faz parte do calend\u00e1rio eleitoral divulgado pelo Tribunal Superior Eleitoral (TSE). A data marca os tr\u00eas meses que antecedem o 1\u00b0 turno das elei\u00e7\u00f5es de 2024. Havendo o descumprimento [&hellip;]<\/p>\n","protected":false},"author":2,"featured_media":259535,"comment_status":"open","ping_status":"open","sticky":false,"template":"","format":"standard","meta":{"_mi_skip_tracking":false,"footnotes":""},"categories":[25,1,16],"tags":[192],"class_list":["post-259534","post","type-post","status-publish","format-standard","has-post-thumbnail","hentry","category-destaques-site","category-geral","category-todas","tag-destaqueprincipal"],"acf":[],"yoast_head":"<!-- This site is optimized with the Yoast SEO Premium plugin v19.2 (Yoast SEO v26.9) - https:\/\/yoast.com\/product\/yoast-seo-premium-wordpress\/ -->\n<title>Elei\u00e7\u00f5es 2024 | Pr\u00e9-candidatos n\u00e3o podem participar de inaugura\u00e7\u00f5es de obras a partir de 6 de julho - Portal Not\u00edcia em Pauta<\/title>\n<meta name=\"robots\" content=\"index, follow, max-snippet:-1, max-image-preview:large, max-video-preview:-1\" \/>\n<link rel=\"canonical\" href=\"https:\/\/noticiaempauta.com\/portal\/eleicoes-2024-pre-candidatos-nao-podem-participar-de-inauguracoes-de-obras-a-partir-de-6-de-julho\/\" \/>\n<meta property=\"og:locale\" content=\"pt_BR\" \/>\n<meta property=\"og:type\" content=\"article\" \/>\n<meta property=\"og:title\" content=\"Elei\u00e7\u00f5es 2024 | Pr\u00e9-candidatos n\u00e3o podem participar de inaugura\u00e7\u00f5es de obras a partir de 6 de julho\" \/>\n<meta property=\"og:description\" content=\"A partir do pr\u00f3ximo s\u00e1bado, dia 6 de julho, pr\u00e9-candidatos a vereador, prefeito e vice-prefeito est\u00e3o proibidos de comparecem a inaugura\u00e7\u00f5es de obras p\u00fablicas. A medida faz parte do calend\u00e1rio eleitoral divulgado pelo Tribunal Superior Eleitoral (TSE). A data marca os tr\u00eas meses que antecedem o 1\u00b0 turno das elei\u00e7\u00f5es de 2024. Havendo o descumprimento [&hellip;]\" \/>\n<meta property=\"og:url\" content=\"https:\/\/noticiaempauta.com\/portal\/eleicoes-2024-pre-candidatos-nao-podem-participar-de-inauguracoes-de-obras-a-partir-de-6-de-julho\/\" \/>\n<meta property=\"og:site_name\" content=\"Portal Not\u00edcia em Pauta\" \/>\n<meta property=\"article:publisher\" content=\"https:\/\/www.facebook.com\/Portal-Notcia-Em-Pauta-102292869264820\/\" \/>\n<meta property=\"article:published_time\" content=\"2024-07-05T11:24:46+00:00\" \/>\n<meta property=\"article:modified_time\" content=\"2024-07-05T11:24:47+00:00\" \/>\n<meta property=\"og:image\" content=\"https:\/\/noticiaempauta.com\/portal\/wp-content\/uploads\/2024\/07\/IMG_2813.jpeg\" \/>\n\t<meta property=\"og:image:width\" content=\"1536\" \/>\n\t<meta property=\"og:image:height\" content=\"1024\" \/>\n\t<meta property=\"og:image:type\" content=\"image\/jpeg\" \/>\n<meta name=\"author\" content=\"Reda\u00e7\u00e3o\" \/>\n<meta name=\"twitter:card\" content=\"summary_large_image\" \/>\n<meta name=\"twitter:label1\" content=\"Escrito por\" \/>\n\t<meta name=\"twitter:data1\" content=\"Reda\u00e7\u00e3o\" \/>\n\t<meta name=\"twitter:label2\" content=\"Est. tempo de leitura\" \/>\n\t<meta name=\"twitter:data2\" content=\"2 minutos\" \/>\n<script type=\"application\/ld+json\" class=\"yoast-schema-graph\">{\"@context\":\"https:\/\/schema.org\",\"@graph\":[{\"@type\":\"Article\",\"@id\":\"https:\/\/noticiaempauta.com\/portal\/eleicoes-2024-pre-candidatos-nao-podem-participar-de-inauguracoes-de-obras-a-partir-de-6-de-julho\/#article\",\"isPartOf\":{\"@id\":\"https:\/\/noticiaempauta.com\/portal\/eleicoes-2024-pre-candidatos-nao-podem-participar-de-inauguracoes-de-obras-a-partir-de-6-de-julho\/\"},\"author\":{\"name\":\"Reda\u00e7\u00e3o\",\"@id\":\"https:\/\/noticiaempauta.com\/portal\/#\/schema\/person\/a74af43dd1ab3deca45f988c717d57ac\"},\"headline\":\"Elei\u00e7\u00f5es 2024 | Pr\u00e9-candidatos n\u00e3o podem participar de inaugura\u00e7\u00f5es de obras a partir de 6 de julho\",\"datePublished\":\"2024-07-05T11:24:46+00:00\",\"dateModified\":\"2024-07-05T11:24:47+00:00\",\"mainEntityOfPage\":{\"@id\":\"https:\/\/noticiaempauta.com\/portal\/eleicoes-2024-pre-candidatos-nao-podem-participar-de-inauguracoes-de-obras-a-partir-de-6-de-julho\/\"},\"wordCount\":205,\"commentCount\":0,\"publisher\":{\"@id\":\"https:\/\/noticiaempauta.com\/portal\/#organization\"},\"image\":{\"@id\":\"https:\/\/noticiaempauta.com\/portal\/eleicoes-2024-pre-candidatos-nao-podem-participar-de-inauguracoes-de-obras-a-partir-de-6-de-julho\/#primaryimage\"},\"thumbnailUrl\":\"https:\/\/noticiaempauta.com\/portal\/wp-content\/uploads\/2024\/07\/IMG_2813.jpeg\",\"keywords\":[\"destaqueprincipal\"],\"articleSection\":[\"Destaques\",\"Geral\",\"Todas as Not\u00edcias\"],\"inLanguage\":\"pt-BR\",\"potentialAction\":[{\"@type\":\"CommentAction\",\"name\":\"Comment\",\"target\":[\"https:\/\/noticiaempauta.com\/portal\/eleicoes-2024-pre-candidatos-nao-podem-participar-de-inauguracoes-de-obras-a-partir-de-6-de-julho\/#respond\"]}]},{\"@type\":\"WebPage\",\"@id\":\"https:\/\/noticiaempauta.com\/portal\/eleicoes-2024-pre-candidatos-nao-podem-participar-de-inauguracoes-de-obras-a-partir-de-6-de-julho\/\",\"url\":\"https:\/\/noticiaempauta.com\/portal\/eleicoes-2024-pre-candidatos-nao-podem-participar-de-inauguracoes-de-obras-a-partir-de-6-de-julho\/\",\"name\":\"Elei\u00e7\u00f5es 2024 | Pr\u00e9-candidatos n\u00e3o podem participar de inaugura\u00e7\u00f5es de obras a partir de 6 de julho - Portal Not\u00edcia em Pauta\",\"isPartOf\":{\"@id\":\"https:\/\/noticiaempauta.com\/portal\/#website\"},\"primaryImageOfPage\":{\"@id\":\"https:\/\/noticiaempauta.com\/portal\/eleicoes-2024-pre-candidatos-nao-podem-participar-de-inauguracoes-de-obras-a-partir-de-6-de-julho\/#primaryimage\"},\"image\":{\"@id\":\"https:\/\/noticiaempauta.com\/portal\/eleicoes-2024-pre-candidatos-nao-podem-participar-de-inauguracoes-de-obras-a-partir-de-6-de-julho\/#primaryimage\"},\"thumbnailUrl\":\"https:\/\/noticiaempauta.com\/portal\/wp-content\/uploads\/2024\/07\/IMG_2813.jpeg\",\"datePublished\":\"2024-07-05T11:24:46+00:00\",\"dateModified\":\"2024-07-05T11:24:47+00:00\",\"breadcrumb\":{\"@id\":\"https:\/\/noticiaempauta.com\/portal\/eleicoes-2024-pre-candidatos-nao-podem-participar-de-inauguracoes-de-obras-a-partir-de-6-de-julho\/#breadcrumb\"},\"inLanguage\":\"pt-BR\",\"potentialAction\":[{\"@type\":\"ReadAction\",\"target\":[\"https:\/\/noticiaempauta.com\/portal\/eleicoes-2024-pre-candidatos-nao-podem-participar-de-inauguracoes-de-obras-a-partir-de-6-de-julho\/\"]}]},{\"@type\":\"ImageObject\",\"inLanguage\":\"pt-BR\",\"@id\":\"https:\/\/noticiaempauta.com\/portal\/eleicoes-2024-pre-candidatos-nao-podem-participar-de-inauguracoes-de-obras-a-partir-de-6-de-julho\/#primaryimage\",\"url\":\"https:\/\/noticiaempauta.com\/portal\/wp-content\/uploads\/2024\/07\/IMG_2813.jpeg\",\"contentUrl\":\"https:\/\/noticiaempauta.com\/portal\/wp-content\/uploads\/2024\/07\/IMG_2813.jpeg\",\"width\":1536,\"height\":1024},{\"@type\":\"BreadcrumbList\",\"@id\":\"https:\/\/noticiaempauta.com\/portal\/eleicoes-2024-pre-candidatos-nao-podem-participar-de-inauguracoes-de-obras-a-partir-de-6-de-julho\/#breadcrumb\",\"itemListElement\":[{\"@type\":\"ListItem\",\"position\":1,\"name\":\"P\u00e1gina Inicial\",\"item\":\"https:\/\/noticiaempauta.com\/portal\/\"},{\"@type\":\"ListItem\",\"position\":2,\"name\":\"Destaques\",\"item\":\"https:\/\/noticiaempauta.com\/portal\/destaques-site\/\"},{\"@type\":\"ListItem\",\"position\":3,\"name\":\"Elei\u00e7\u00f5es 2024 | Pr\u00e9-candidatos n\u00e3o podem participar de inaugura\u00e7\u00f5es de obras a partir de 6 de julho\"}]},{\"@type\":\"WebSite\",\"@id\":\"https:\/\/noticiaempauta.com\/portal\/#website\",\"url\":\"https:\/\/noticiaempauta.com\/portal\/\",\"name\":\"Portal Not\u00edcia em Pauta\",\"description\":\"Voc\u00ea bem informado\",\"publisher\":{\"@id\":\"https:\/\/noticiaempauta.com\/portal\/#organization\"},\"potentialAction\":[{\"@type\":\"SearchAction\",\"target\":{\"@type\":\"EntryPoint\",\"urlTemplate\":\"https:\/\/noticiaempauta.com\/portal\/?s={search_term_string}\"},\"query-input\":{\"@type\":\"PropertyValueSpecification\",\"valueRequired\":true,\"valueName\":\"search_term_string\"}}],\"inLanguage\":\"pt-BR\"},{\"@type\":\"Organization\",\"@id\":\"https:\/\/noticiaempauta.com\/portal\/#organization\",\"name\":\"Portal Not\u00edcia em Pauta\",\"url\":\"https:\/\/noticiaempauta.com\/portal\/\",\"logo\":{\"@type\":\"ImageObject\",\"inLanguage\":\"pt-BR\",\"@id\":\"https:\/\/noticiaempauta.com\/portal\/#\/schema\/logo\/image\/\",\"url\":\"https:\/\/noticiaempauta.com\/portal\/wp-content\/uploads\/2022\/08\/logomarca_tema.fw_.png\",\"contentUrl\":\"https:\/\/noticiaempauta.com\/portal\/wp-content\/uploads\/2022\/08\/logomarca_tema.fw_.png\",\"width\":400,\"height\":232,\"caption\":\"Portal Not\u00edcia em Pauta\"},\"image\":{\"@id\":\"https:\/\/noticiaempauta.com\/portal\/#\/schema\/logo\/image\/\"},\"sameAs\":[\"https:\/\/www.facebook.com\/Portal-Notcia-Em-Pauta-102292869264820\/\",\"https:\/\/www.instagram.com\/portalnoticiaempauta\/\"]},{\"@type\":\"Person\",\"@id\":\"https:\/\/noticiaempauta.com\/portal\/#\/schema\/person\/a74af43dd1ab3deca45f988c717d57ac\",\"name\":\"Reda\u00e7\u00e3o\",\"image\":{\"@type\":\"ImageObject\",\"inLanguage\":\"pt-BR\",\"@id\":\"https:\/\/noticiaempauta.com\/portal\/#\/schema\/person\/image\/\",\"url\":\"https:\/\/secure.gravatar.com\/avatar\/03179346ecce6cdfc13361603e8f54242a90e5cde8618fa23c5c00aa2b0aadf3?s=96&d=mm&r=g\",\"contentUrl\":\"https:\/\/secure.gravatar.com\/avatar\/03179346ecce6cdfc13361603e8f54242a90e5cde8618fa23c5c00aa2b0aadf3?s=96&d=mm&r=g\",\"caption\":\"Reda\u00e7\u00e3o\"},\"sameAs\":[\"https:\/\/noticiaempauta.com\/portal\/\"],\"url\":\"https:\/\/noticiaempauta.com\/portal\/author\/fernando\/\"}]}<\/script>\n<!-- \/ Yoast SEO Premium plugin. -->","yoast_head_json":{"title":"Elei\u00e7\u00f5es 2024 | Pr\u00e9-candidatos n\u00e3o podem participar de inaugura\u00e7\u00f5es de obras a partir de 6 de julho - Portal Not\u00edcia em Pauta","robots":{"index":"index","follow":"follow","max-snippet":"max-snippet:-1","max-image-preview":"max-image-preview:large","max-video-preview":"max-video-preview:-1"},"canonical":"https:\/\/noticiaempauta.com\/portal\/eleicoes-2024-pre-candidatos-nao-podem-participar-de-inauguracoes-de-obras-a-partir-de-6-de-julho\/","og_locale":"pt_BR","og_type":"article","og_title":"Elei\u00e7\u00f5es 2024 | Pr\u00e9-candidatos n\u00e3o podem participar de inaugura\u00e7\u00f5es de obras a partir de 6 de julho","og_description":"A partir do pr\u00f3ximo s\u00e1bado, dia 6 de julho, pr\u00e9-candidatos a vereador, prefeito e vice-prefeito est\u00e3o proibidos de comparecem a inaugura\u00e7\u00f5es de obras p\u00fablicas. A medida faz parte do calend\u00e1rio eleitoral divulgado pelo Tribunal Superior Eleitoral (TSE). A data marca os tr\u00eas meses que antecedem o 1\u00b0 turno das elei\u00e7\u00f5es de 2024. Havendo o descumprimento [&hellip;]","og_url":"https:\/\/noticiaempauta.com\/portal\/eleicoes-2024-pre-candidatos-nao-podem-participar-de-inauguracoes-de-obras-a-partir-de-6-de-julho\/","og_site_name":"Portal Not\u00edcia em Pauta","article_publisher":"https:\/\/www.facebook.com\/Portal-Notcia-Em-Pauta-102292869264820\/","article_published_time":"2024-07-05T11:24:46+00:00","article_modified_time":"2024-07-05T11:24:47+00:00","og_image":[{"width":1536,"height":1024,"url":"https:\/\/noticiaempauta.com\/portal\/wp-content\/uploads\/2024\/07\/IMG_2813.jpeg","type":"image\/jpeg"}],"author":"Reda\u00e7\u00e3o","twitter_card":"summary_large_image","twitter_misc":{"Escrito por":"Reda\u00e7\u00e3o","Est. tempo de leitura":"2 minutos"},"schema":{"@context":"https:\/\/schema.org","@graph":[{"@type":"Article","@id":"https:\/\/noticiaempauta.com\/portal\/eleicoes-2024-pre-candidatos-nao-podem-participar-de-inauguracoes-de-obras-a-partir-de-6-de-julho\/#article","isPartOf":{"@id":"https:\/\/noticiaempauta.com\/portal\/eleicoes-2024-pre-candidatos-nao-podem-participar-de-inauguracoes-de-obras-a-partir-de-6-de-julho\/"},"author":{"name":"Reda\u00e7\u00e3o","@id":"https:\/\/noticiaempauta.com\/portal\/#\/schema\/person\/a74af43dd1ab3deca45f988c717d57ac"},"headline":"Elei\u00e7\u00f5es 2024 | Pr\u00e9-candidatos n\u00e3o podem participar de inaugura\u00e7\u00f5es de obras a partir de 6 de julho","datePublished":"2024-07-05T11:24:46+00:00","dateModified":"2024-07-05T11:24:47+00:00","mainEntityOfPage":{"@id":"https:\/\/noticiaempauta.com\/portal\/eleicoes-2024-pre-candidatos-nao-podem-participar-de-inauguracoes-de-obras-a-partir-de-6-de-julho\/"},"wordCount":205,"commentCount":0,"publisher":{"@id":"https:\/\/noticiaempauta.com\/portal\/#organization"},"image":{"@id":"https:\/\/noticiaempauta.com\/portal\/eleicoes-2024-pre-candidatos-nao-podem-participar-de-inauguracoes-de-obras-a-partir-de-6-de-julho\/#primaryimage"},"thumbnailUrl":"https:\/\/noticiaempauta.com\/portal\/wp-content\/uploads\/2024\/07\/IMG_2813.jpeg","keywords":["destaqueprincipal"],"articleSection":["Destaques","Geral","Todas as Not\u00edcias"],"inLanguage":"pt-BR","potentialAction":[{"@type":"CommentAction","name":"Comment","target":["https:\/\/noticiaempauta.com\/portal\/eleicoes-2024-pre-candidatos-nao-podem-participar-de-inauguracoes-de-obras-a-partir-de-6-de-julho\/#respond"]}]},{"@type":"WebPage","@id":"https:\/\/noticiaempauta.com\/portal\/eleicoes-2024-pre-candidatos-nao-podem-participar-de-inauguracoes-de-obras-a-partir-de-6-de-julho\/","url":"https:\/\/noticiaempauta.com\/portal\/eleicoes-2024-pre-candidatos-nao-podem-participar-de-inauguracoes-de-obras-a-partir-de-6-de-julho\/","name":"Elei\u00e7\u00f5es 2024 | Pr\u00e9-candidatos n\u00e3o podem participar de inaugura\u00e7\u00f5es de obras a partir de 6 de julho - Portal Not\u00edcia em Pauta","isPartOf":{"@id":"https:\/\/noticiaempauta.com\/portal\/#website"},"primaryImageOfPage":{"@id":"https:\/\/noticiaempauta.com\/portal\/eleicoes-2024-pre-candidatos-nao-podem-participar-de-inauguracoes-de-obras-a-partir-de-6-de-julho\/#primaryimage"},"image":{"@id":"https:\/\/noticiaempauta.com\/portal\/eleicoes-2024-pre-candidatos-nao-podem-participar-de-inauguracoes-de-obras-a-partir-de-6-de-julho\/#primaryimage"},"thumbnailUrl":"https:\/\/noticiaempauta.com\/portal\/wp-content\/uploads\/2024\/07\/IMG_2813.jpeg","datePublished":"2024-07-05T11:24:46+00:00","dateModified":"2024-07-05T11:24:47+00:00","breadcrumb":{"@id":"https:\/\/noticiaempauta.com\/portal\/eleicoes-2024-pre-candidatos-nao-podem-participar-de-inauguracoes-de-obras-a-partir-de-6-de-julho\/#breadcrumb"},"inLanguage":"pt-BR","potentialAction":[{"@type":"ReadAction","target":["https:\/\/noticiaempauta.com\/portal\/eleicoes-2024-pre-candidatos-nao-podem-participar-de-inauguracoes-de-obras-a-partir-de-6-de-julho\/"]}]},{"@type":"ImageObject","inLanguage":"pt-BR","@id":"https:\/\/noticiaempauta.com\/portal\/eleicoes-2024-pre-candidatos-nao-podem-participar-de-inauguracoes-de-obras-a-partir-de-6-de-julho\/#primaryimage","url":"https:\/\/noticiaempauta.com\/portal\/wp-content\/uploads\/2024\/07\/IMG_2813.jpeg","contentUrl":"https:\/\/noticiaempauta.com\/portal\/wp-content\/uploads\/2024\/07\/IMG_2813.jpeg","width":1536,"height":1024},{"@type":"BreadcrumbList","@id":"https:\/\/noticiaempauta.com\/portal\/eleicoes-2024-pre-candidatos-nao-podem-participar-de-inauguracoes-de-obras-a-partir-de-6-de-julho\/#breadcrumb","itemListElement":[{"@type":"ListItem","position":1,"name":"P\u00e1gina Inicial","item":"https:\/\/noticiaempauta.com\/portal\/"},{"@type":"ListItem","position":2,"name":"Destaques","item":"https:\/\/noticiaempauta.com\/portal\/destaques-site\/"},{"@type":"ListItem","position":3,"name":"Elei\u00e7\u00f5es 2024 | Pr\u00e9-candidatos n\u00e3o podem participar de inaugura\u00e7\u00f5es de obras a partir de 6 de julho"}]},{"@type":"WebSite","@id":"https:\/\/noticiaempauta.com\/portal\/#website","url":"https:\/\/noticiaempauta.com\/portal\/","name":"Portal Not\u00edcia em Pauta","description":"Voc\u00ea bem informado","publisher":{"@id":"https:\/\/noticiaempauta.com\/portal\/#organization"},"potentialAction":[{"@type":"SearchAction","target":{"@type":"EntryPoint","urlTemplate":"https:\/\/noticiaempauta.com\/portal\/?s={search_term_string}"},"query-input":{"@type":"PropertyValueSpecification","valueRequired":true,"valueName":"search_term_string"}}],"inLanguage":"pt-BR"},{"@type":"Organization","@id":"https:\/\/noticiaempauta.com\/portal\/#organization","name":"Portal Not\u00edcia em Pauta","url":"https:\/\/noticiaempauta.com\/portal\/","logo":{"@type":"ImageObject","inLanguage":"pt-BR","@id":"https:\/\/noticiaempauta.com\/portal\/#\/schema\/logo\/image\/","url":"https:\/\/noticiaempauta.com\/portal\/wp-content\/uploads\/2022\/08\/logomarca_tema.fw_.png","contentUrl":"https:\/\/noticiaempauta.com\/portal\/wp-content\/uploads\/2022\/08\/logomarca_tema.fw_.png","width":400,"height":232,"caption":"Portal Not\u00edcia em Pauta"},"image":{"@id":"https:\/\/noticiaempauta.com\/portal\/#\/schema\/logo\/image\/"},"sameAs":["https:\/\/www.facebook.com\/Portal-Notcia-Em-Pauta-102292869264820\/","https:\/\/www.instagram.com\/portalnoticiaempauta\/"]},{"@type":"Person","@id":"https:\/\/noticiaempauta.com\/portal\/#\/schema\/person\/a74af43dd1ab3deca45f988c717d57ac","name":"Reda\u00e7\u00e3o","image":{"@type":"ImageObject","inLanguage":"pt-BR","@id":"https:\/\/noticiaempauta.com\/portal\/#\/schema\/person\/image\/","url":"https:\/\/secure.gravatar.com\/avatar\/03179346ecce6cdfc13361603e8f54242a90e5cde8618fa23c5c00aa2b0aadf3?s=96&d=mm&r=g","contentUrl":"https:\/\/secure.gravatar.com\/avatar\/03179346ecce6cdfc13361603e8f54242a90e5cde8618fa23c5c00aa2b0aadf3?s=96&d=mm&r=g","caption":"Reda\u00e7\u00e3o"},"sameAs":["https:\/\/noticiaempauta.com\/portal\/"],"url":"https:\/\/noticiaempauta.com\/portal\/author\/fernando\/"}]}},"_links":{"self":[{"href":"https:\/\/noticiaempauta.com\/portal\/wp-json\/wp\/v2\/posts\/259534","targetHints":{"allow":["GET"]}}],"collection":[{"href":"https:\/\/noticiaempauta.com\/portal\/wp-json\/wp\/v2\/posts"}],"about":[{"href":"https:\/\/noticiaempauta.com\/portal\/wp-json\/wp\/v2\/types\/post"}],"author":[{"embeddable":true,"href":"https:\/\/noticiaempauta.com\/portal\/wp-json\/wp\/v2\/users\/2"}],"replies":[{"embeddable":true,"href":"https:\/\/noticiaempauta.com\/portal\/wp-json\/wp\/v2\/comments?post=259534"}],"version-history":[{"count":2,"href":"https:\/\/noticiaempauta.com\/portal\/wp-json\/wp\/v2\/posts\/259534\/revisions"}],"predecessor-version":[{"id":259537,"href":"https:\/\/noticiaempauta.com\/portal\/wp-json\/wp\/v2\/posts\/259534\/revisions\/259537"}],"wp:featuredmedia":[{"embeddable":true,"href":"https:\/\/noticiaempauta.com\/portal\/wp-json\/wp\/v2\/media\/259535"}],"wp:attachment":[{"href":"https:\/\/noticiaempauta.com\/portal\/wp-json\/wp\/v2\/media?parent=259534"}],"wp:term":[{"taxonomy":"category","embeddable":true,"href":"https:\/\/noticiaempauta.com\/portal\/wp-json\/wp\/v2\/categories?post=259534"},{"taxonomy":"post_tag","embeddable":true,"href":"https:\/\/noticiaempauta.com\/portal\/wp-json\/wp\/v2\/tags?post=259534"}],"curies":[{"name":"wp","href":"https:\/\/api.w.org\/{rel}","templated":true}]}}