{"id":259539,"date":"2024-07-05T10:44:40","date_gmt":"2024-07-05T13:44:40","guid":{"rendered":"https:\/\/noticiaempauta.com\/portal\/?p=259539"},"modified":"2024-07-05T10:49:26","modified_gmt":"2024-07-05T13:49:26","slug":"governador-decreta-estado-de-emergencia-em-106-municipios-por-conta-da-seca","status":"publish","type":"post","link":"https:\/\/noticiaempauta.com\/portal\/governador-decreta-estado-de-emergencia-em-106-municipios-por-conta-da-seca\/","title":{"rendered":"Governador decreta estado de emerg\u00eancia em 106 munic\u00edpios por conta da seca"},"content":{"rendered":"\n<p>O<strong>\u00a0<\/strong>governador Rafael Fonteles\u00a0decretou\u00a0estado de emerg\u00eancia devido \u00e0 seca\u00a0em\u00a0106 munic\u00edpios\u00a0piauienses. O decreto foi assinado no dia 3 de julho e publicado na edi\u00e7\u00e3o do dia 4 de julho do Di\u00e1rio Oficial.\u00a0A vig\u00eancia \u00e9 de 180 dias.<\/p>\n\n\n\n<p>O governador considerou que o Monitor de Secas vem indicando uma evolu\u00e7\u00e3o consider\u00e1vel nas secas do estado do Piau\u00ed. Tamb\u00e9m, a bacia hidrogr\u00e1fica do Parna\u00edba e seus afluentes vem apresentando\u00a0trechos der estiagem desde o dia 1\u00ba de junho de 2024.<\/p>\n\n\n\n<p>Foi considerado tamb\u00e9m que as chuvas observadas, n\u00edvel dos corpos h\u00eddricos superficiais, climatologia e dados observados em 2024, umidade e demais dados hidrometeorol\u00f3gicos analisados,\u00a0indicam reconhecer os 106 munic\u00edpios piauienses em condi\u00e7\u00f5es de seca\u00a0em seus respectivos territ\u00f3rios.<\/p>\n\n\n\n<p>Com o decreto, ficam acionados os \u00f3rg\u00e3os e entidades da Administra\u00e7\u00e3o P\u00fablica, dentro dos respectivos campos de compet\u00eancias e os vinculados ao Sistema de Prote\u00e7\u00e3o e Defesa Civil do estado, para&nbsp;ado\u00e7\u00e3o das medidas necess\u00e1rias \u00e0 restaura\u00e7\u00e3o da normalidade.<\/p>\n\n\n\n<h2 class=\"wp-block-heading\">VEJA AS CIDADES INCLU\u00cdDAS NO DECRETO DE EMERG\u00caNCIA<\/h2>\n\n\n\n<p>1. Acau\u00e3<\/p>\n\n\n\n<p>2. Alagoinha do Piau\u00ed<\/p>\n\n\n\n<p>3. Alegrete do Piau\u00ed<\/p>\n\n\n\n<p>4. Alvorada do Gurgu\u00e9ia<\/p>\n\n\n\n<p>5. An\u00edsio de Abreu<\/p>\n\n\n\n<p>6. Aroeiras do Itaim<\/p>\n\n\n\n<p>7. Avelino Lopes<\/p>\n\n\n\n<p>8. Baixa Grande do Ribeiro<\/p>\n\n\n\n<p>9. Barreiras do Piau\u00ed<\/p>\n\n\n\n<p>10. Bela Vista do Piau\u00ed<\/p>\n\n\n\n<p>11. Bel\u00e9m do Piau\u00ed<\/p>\n\n\n\n<p>12. Bertol\u00ednia<\/p>\n\n\n\n<p>13. Bet\u00e2nia do Piau\u00ed<\/p>\n\n\n\n<p>14. Bocaina<\/p>\n\n\n\n<p>15. Bom Jesus<\/p>\n\n\n\n<p>16. Bonfim do Piau\u00ed<\/p>\n\n\n\n<p>17. Brejo do Piau\u00ed<\/p>\n\n\n\n<p>18. Caldeir\u00e3o Grande do Piau\u00ed<\/p>\n\n\n\n<p>19. Campinas do Piau\u00ed<\/p>\n\n\n\n<p>20. Campo Alegre do Fidalgo<\/p>\n\n\n\n<p>21. Campo Grande do Piau\u00ed<\/p>\n\n\n\n<p>22. Canto do Buriti<\/p>\n\n\n\n<p>23. Capit\u00e3o Gerv\u00e1sio Oliveira<\/p>\n\n\n\n<p>24. Caracol, 25. Caridade do Piau\u00ed<\/p>\n\n\n\n<p>26. Col\u00f4nia do Gurgu\u00e9ia<\/p>\n\n\n\n<p>27. Concei\u00e7\u00e3o do Canind\u00e9<\/p>\n\n\n\n<p>28. Coronel Jos\u00e9 Dias<\/p>\n\n\n\n<p>29. Corrente<\/p>\n\n\n\n<p>30. Cristal\u00e2ndia do Piau\u00ed<\/p>\n\n\n\n<p>31. Cristino Castro<\/p>\n\n\n\n<p>32. Curimat\u00e1<\/p>\n\n\n\n<p>33. Currais<\/p>\n\n\n\n<p>34. Curral Novo do Piau\u00ed<\/p>\n\n\n\n<p>35. Dirceu Arcoverde<\/p>\n\n\n\n<p>36. Dom Inoc\u00eancio<\/p>\n\n\n\n<p>37. Eliseu Martins<\/p>\n\n\n\n<p>38. Fartura do Piau\u00ed<\/p>\n\n\n\n<p>39. Floresta do Piau\u00ed<\/p>\n\n\n\n<p>40. Francisco Macedo<\/p>\n\n\n\n<p>41. Francisco Santos<\/p>\n\n\n\n<p>42. Fronteiras<\/p>\n\n\n\n<p>43. Geminiano<\/p>\n\n\n\n<p>44. Gilbu\u00e9s<\/p>\n\n\n\n<p>45. Guaribas<\/p>\n\n\n\n<p>46. Isa\u00edas Coelho<\/p>\n\n\n\n<p>47. Itain\u00f3polis<\/p>\n\n\n\n<p>48. Jacobina do Piau\u00ed<\/p>\n\n\n\n<p>49. Jaic\u00f3s<\/p>\n\n\n\n<p>50. Jo\u00e3o Costa<\/p>\n\n\n\n<p>51. J\u00falio Borges<\/p>\n\n\n\n<p>52. Jurema<\/p>\n\n\n\n<p>53. Lagoa do Barro do Piau\u00ed<\/p>\n\n\n\n<p>54. Manoel Em\u00eddio<\/p>\n\n\n\n<p>55. Marcol\u00e2ndia<\/p>\n\n\n\n<p>56. Massap\u00ea do Piau\u00ed<\/p>\n\n\n\n<p>57. Monsenhor Hip\u00f3lito<\/p>\n\n\n\n<p>58. Monte Alegre do Piau\u00ed<\/p>\n\n\n\n<p>59. Morro Cabe\u00e7a do Tempo<\/p>\n\n\n\n<p>60. Nova Santa Rita<\/p>\n\n\n\n<p>61. Padre Marcos<\/p>\n\n\n\n<p>62. Paes Landim<\/p>\n\n\n\n<p>63. Palmeira do Piau\u00ed<\/p>\n\n\n\n<p>64. Paquet\u00e1<\/p>\n\n\n\n<p>65. Parnagu\u00e1<\/p>\n\n\n\n<p>66. Patos do Piau\u00ed<\/p>\n\n\n\n<p>67. Paulistana<\/p>\n\n\n\n<p>68. Pavussu<\/p>\n\n\n\n<p>69. Pedro Laurentino<\/p>\n\n\n\n<p>70. Picos<\/p>\n\n\n\n<p>71. Pimenteiras<\/p>\n\n\n\n<p>72. Pio IX<\/p>\n\n\n\n<p>73. Queimada Nova<\/p>\n\n\n\n<p>74. Reden\u00e7\u00e3o do Gurgu\u00e9ia<\/p>\n\n\n\n<p>75. Riacho Frio<\/p>\n\n\n\n<p>76. Ribeira do Piau\u00ed<\/p>\n\n\n\n<p>77. Ribeiro Gon\u00e7alves<\/p>\n\n\n\n<p>78. Santa Cruz do Piau\u00ed<\/p>\n\n\n\n<p>79. Santa Filomena<\/p>\n\n\n\n<p>80. Santa Luz<\/p>\n\n\n\n<p>81. Santana do Piau\u00ed<\/p>\n\n\n\n<p>82. Santo Ant\u00f4nio de Lisboa<\/p>\n\n\n\n<p>83. Santo In\u00e1cio do Piau\u00ed<\/p>\n\n\n\n<p>84. S\u00e3o Braz do Piau\u00ed<\/p>\n\n\n\n<p>85. S\u00e3o Francisco de Assis do Piau\u00ed<\/p>\n\n\n\n<p>86. S\u00e3o Gon\u00e7alo do Gurgu\u00e9ia<\/p>\n\n\n\n<p>87. S\u00e3o Jo\u00e3o da Canabrava<\/p>\n\n\n\n<p>88. S\u00e3o Jo\u00e3o do Piau\u00ed<\/p>\n\n\n\n<p>89. S\u00e3o Jos\u00e9 do Piau\u00ed<\/p>\n\n\n\n<p>90. S\u00e3o Juli\u00e3o<\/p>\n\n\n\n<p>91. S\u00e3o Louren\u00e7o do Piau\u00ed<\/p>\n\n\n\n<p>92. S\u00e3o Lu\u00eds do Piau\u00ed<\/p>\n\n\n\n<p>93. S\u00e3o Miguel do Fidalgo<\/p>\n\n\n\n<p>94. S\u00e3o Raimundo Nonato<\/p>\n\n\n\n<p>95. Sebasti\u00e3o Barros<\/p>\n\n\n\n<p>96. Sebasti\u00e3o Leal<\/p>\n\n\n\n<p>97. Sim\u00f5es<\/p>\n\n\n\n<p>98. Simpl\u00edcio Mendes<\/p>\n\n\n\n<p>99. Socorro do Piau\u00ed<\/p>\n\n\n\n<p>100. Sussuapara<\/p>\n\n\n\n<p>101. Tamboril do Piau\u00ed<\/p>\n\n\n\n<p>102. Uru\u00e7u\u00ed<\/p>\n\n\n\n<p>103. V\u00e1rzea Branca<\/p>\n\n\n\n<p>104. Vera Mendes<\/p>\n\n\n\n<p>105. Vila Nova do Piau\u00ed<\/p>\n\n\n\n<p>106. Wall Ferraz<\/p>\n\n\n\n<p><\/p>\n\n\n\n<p><strong><em>Fonte: Meio News<\/em><\/strong><\/p>\n","protected":false},"excerpt":{"rendered":"<p>O decreto foi assinado no dia 3 de julho e publicado na edi\u00e7\u00e3o do dia 4 de julho do Di\u00e1rio Oficial. A vig\u00eancia \u00e9 de 180 dias.<\/p>\n","protected":false},"author":2,"featured_media":259540,"comment_status":"open","ping_status":"open","sticky":false,"template":"","format":"standard","meta":{"_mi_skip_tracking":false,"footnotes":""},"categories":[25,1,9,16],"tags":[192],"class_list":["post-259539","post","type-post","status-publish","format-standard","has-post-thumbnail","hentry","category-destaques-site","category-geral","category-municipios","category-todas","tag-destaqueprincipal"],"acf":[],"yoast_head":"<!-- This site is optimized with the Yoast SEO Premium plugin v19.2 (Yoast SEO v26.9) - https:\/\/yoast.com\/product\/yoast-seo-premium-wordpress\/ -->\n<title>Governador decreta estado de emerg\u00eancia em 106 munic\u00edpios por conta da seca - Portal Not\u00edcia em Pauta<\/title>\n<meta name=\"robots\" content=\"index, follow, max-snippet:-1, max-image-preview:large, max-video-preview:-1\" \/>\n<link rel=\"canonical\" href=\"https:\/\/noticiaempauta.com\/portal\/governador-decreta-estado-de-emergencia-em-106-municipios-por-conta-da-seca\/\" \/>\n<meta property=\"og:locale\" content=\"pt_BR\" \/>\n<meta property=\"og:type\" content=\"article\" \/>\n<meta property=\"og:title\" content=\"Governador decreta estado de emerg\u00eancia em 106 munic\u00edpios por conta da seca\" \/>\n<meta property=\"og:description\" content=\"O decreto foi assinado no dia 3 de julho e publicado na edi\u00e7\u00e3o do dia 4 de julho do Di\u00e1rio Oficial. A vig\u00eancia \u00e9 de 180 dias.\" \/>\n<meta property=\"og:url\" content=\"https:\/\/noticiaempauta.com\/portal\/governador-decreta-estado-de-emergencia-em-106-municipios-por-conta-da-seca\/\" \/>\n<meta property=\"og:site_name\" content=\"Portal Not\u00edcia em Pauta\" \/>\n<meta property=\"article:publisher\" content=\"https:\/\/www.facebook.com\/Portal-Notcia-Em-Pauta-102292869264820\/\" \/>\n<meta property=\"article:published_time\" content=\"2024-07-05T13:44:40+00:00\" \/>\n<meta property=\"article:modified_time\" content=\"2024-07-05T13:49:26+00:00\" \/>\n<meta property=\"og:image\" content=\"https:\/\/noticiaempauta.com\/portal\/wp-content\/uploads\/2024\/07\/governador-decreta-estado-de-emergencia-em-106-municipios-por-conta-da-seca-226ae4cf-360c-4105-9ce4-2e00ceba6baf.jpg.webp\" \/>\n\t<meta property=\"og:image:width\" content=\"1200\" \/>\n\t<meta property=\"og:image:height\" content=\"800\" \/>\n\t<meta property=\"og:image:type\" content=\"image\/webp\" \/>\n<meta name=\"author\" content=\"Reda\u00e7\u00e3o\" \/>\n<meta name=\"twitter:card\" content=\"summary_large_image\" \/>\n<meta name=\"twitter:label1\" content=\"Escrito por\" \/>\n\t<meta name=\"twitter:data1\" content=\"Reda\u00e7\u00e3o\" \/>\n\t<meta name=\"twitter:label2\" content=\"Est. tempo de leitura\" \/>\n\t<meta name=\"twitter:data2\" content=\"4 minutos\" \/>\n<script type=\"application\/ld+json\" class=\"yoast-schema-graph\">{\"@context\":\"https:\/\/schema.org\",\"@graph\":[{\"@type\":\"Article\",\"@id\":\"https:\/\/noticiaempauta.com\/portal\/governador-decreta-estado-de-emergencia-em-106-municipios-por-conta-da-seca\/#article\",\"isPartOf\":{\"@id\":\"https:\/\/noticiaempauta.com\/portal\/governador-decreta-estado-de-emergencia-em-106-municipios-por-conta-da-seca\/\"},\"author\":{\"name\":\"Reda\u00e7\u00e3o\",\"@id\":\"https:\/\/noticiaempauta.com\/portal\/#\/schema\/person\/a74af43dd1ab3deca45f988c717d57ac\"},\"headline\":\"Governador decreta estado de emerg\u00eancia em 106 munic\u00edpios por conta da seca\",\"datePublished\":\"2024-07-05T13:44:40+00:00\",\"dateModified\":\"2024-07-05T13:49:26+00:00\",\"mainEntityOfPage\":{\"@id\":\"https:\/\/noticiaempauta.com\/portal\/governador-decreta-estado-de-emergencia-em-106-municipios-por-conta-da-seca\/\"},\"wordCount\":519,\"commentCount\":0,\"publisher\":{\"@id\":\"https:\/\/noticiaempauta.com\/portal\/#organization\"},\"image\":{\"@id\":\"https:\/\/noticiaempauta.com\/portal\/governador-decreta-estado-de-emergencia-em-106-municipios-por-conta-da-seca\/#primaryimage\"},\"thumbnailUrl\":\"https:\/\/noticiaempauta.com\/portal\/wp-content\/uploads\/2024\/07\/governador-decreta-estado-de-emergencia-em-106-municipios-por-conta-da-seca-226ae4cf-360c-4105-9ce4-2e00ceba6baf.jpg.webp\",\"keywords\":[\"destaqueprincipal\"],\"articleSection\":[\"Destaques\",\"Geral\",\"Munic\u00edpios\",\"Todas as Not\u00edcias\"],\"inLanguage\":\"pt-BR\",\"potentialAction\":[{\"@type\":\"CommentAction\",\"name\":\"Comment\",\"target\":[\"https:\/\/noticiaempauta.com\/portal\/governador-decreta-estado-de-emergencia-em-106-municipios-por-conta-da-seca\/#respond\"]}]},{\"@type\":\"WebPage\",\"@id\":\"https:\/\/noticiaempauta.com\/portal\/governador-decreta-estado-de-emergencia-em-106-municipios-por-conta-da-seca\/\",\"url\":\"https:\/\/noticiaempauta.com\/portal\/governador-decreta-estado-de-emergencia-em-106-municipios-por-conta-da-seca\/\",\"name\":\"Governador decreta estado de emerg\u00eancia em 106 munic\u00edpios por conta da seca - Portal Not\u00edcia em Pauta\",\"isPartOf\":{\"@id\":\"https:\/\/noticiaempauta.com\/portal\/#website\"},\"primaryImageOfPage\":{\"@id\":\"https:\/\/noticiaempauta.com\/portal\/governador-decreta-estado-de-emergencia-em-106-municipios-por-conta-da-seca\/#primaryimage\"},\"image\":{\"@id\":\"https:\/\/noticiaempauta.com\/portal\/governador-decreta-estado-de-emergencia-em-106-municipios-por-conta-da-seca\/#primaryimage\"},\"thumbnailUrl\":\"https:\/\/noticiaempauta.com\/portal\/wp-content\/uploads\/2024\/07\/governador-decreta-estado-de-emergencia-em-106-municipios-por-conta-da-seca-226ae4cf-360c-4105-9ce4-2e00ceba6baf.jpg.webp\",\"datePublished\":\"2024-07-05T13:44:40+00:00\",\"dateModified\":\"2024-07-05T13:49:26+00:00\",\"breadcrumb\":{\"@id\":\"https:\/\/noticiaempauta.com\/portal\/governador-decreta-estado-de-emergencia-em-106-municipios-por-conta-da-seca\/#breadcrumb\"},\"inLanguage\":\"pt-BR\",\"potentialAction\":[{\"@type\":\"ReadAction\",\"target\":[\"https:\/\/noticiaempauta.com\/portal\/governador-decreta-estado-de-emergencia-em-106-municipios-por-conta-da-seca\/\"]}]},{\"@type\":\"ImageObject\",\"inLanguage\":\"pt-BR\",\"@id\":\"https:\/\/noticiaempauta.com\/portal\/governador-decreta-estado-de-emergencia-em-106-municipios-por-conta-da-seca\/#primaryimage\",\"url\":\"https:\/\/noticiaempauta.com\/portal\/wp-content\/uploads\/2024\/07\/governador-decreta-estado-de-emergencia-em-106-municipios-por-conta-da-seca-226ae4cf-360c-4105-9ce4-2e00ceba6baf.jpg.webp\",\"contentUrl\":\"https:\/\/noticiaempauta.com\/portal\/wp-content\/uploads\/2024\/07\/governador-decreta-estado-de-emergencia-em-106-municipios-por-conta-da-seca-226ae4cf-360c-4105-9ce4-2e00ceba6baf.jpg.webp\",\"width\":1200,\"height\":800},{\"@type\":\"BreadcrumbList\",\"@id\":\"https:\/\/noticiaempauta.com\/portal\/governador-decreta-estado-de-emergencia-em-106-municipios-por-conta-da-seca\/#breadcrumb\",\"itemListElement\":[{\"@type\":\"ListItem\",\"position\":1,\"name\":\"P\u00e1gina Inicial\",\"item\":\"https:\/\/noticiaempauta.com\/portal\/\"},{\"@type\":\"ListItem\",\"position\":2,\"name\":\"Destaques\",\"item\":\"https:\/\/noticiaempauta.com\/portal\/destaques-site\/\"},{\"@type\":\"ListItem\",\"position\":3,\"name\":\"Governador decreta estado de emerg\u00eancia em 106 munic\u00edpios por conta da seca\"}]},{\"@type\":\"WebSite\",\"@id\":\"https:\/\/noticiaempauta.com\/portal\/#website\",\"url\":\"https:\/\/noticiaempauta.com\/portal\/\",\"name\":\"Portal Not\u00edcia em Pauta\",\"description\":\"Voc\u00ea bem informado\",\"publisher\":{\"@id\":\"https:\/\/noticiaempauta.com\/portal\/#organization\"},\"potentialAction\":[{\"@type\":\"SearchAction\",\"target\":{\"@type\":\"EntryPoint\",\"urlTemplate\":\"https:\/\/noticiaempauta.com\/portal\/?s={search_term_string}\"},\"query-input\":{\"@type\":\"PropertyValueSpecification\",\"valueRequired\":true,\"valueName\":\"search_term_string\"}}],\"inLanguage\":\"pt-BR\"},{\"@type\":\"Organization\",\"@id\":\"https:\/\/noticiaempauta.com\/portal\/#organization\",\"name\":\"Portal Not\u00edcia em Pauta\",\"url\":\"https:\/\/noticiaempauta.com\/portal\/\",\"logo\":{\"@type\":\"ImageObject\",\"inLanguage\":\"pt-BR\",\"@id\":\"https:\/\/noticiaempauta.com\/portal\/#\/schema\/logo\/image\/\",\"url\":\"https:\/\/noticiaempauta.com\/portal\/wp-content\/uploads\/2022\/08\/logomarca_tema.fw_.png\",\"contentUrl\":\"https:\/\/noticiaempauta.com\/portal\/wp-content\/uploads\/2022\/08\/logomarca_tema.fw_.png\",\"width\":400,\"height\":232,\"caption\":\"Portal Not\u00edcia em Pauta\"},\"image\":{\"@id\":\"https:\/\/noticiaempauta.com\/portal\/#\/schema\/logo\/image\/\"},\"sameAs\":[\"https:\/\/www.facebook.com\/Portal-Notcia-Em-Pauta-102292869264820\/\",\"https:\/\/www.instagram.com\/portalnoticiaempauta\/\"]},{\"@type\":\"Person\",\"@id\":\"https:\/\/noticiaempauta.com\/portal\/#\/schema\/person\/a74af43dd1ab3deca45f988c717d57ac\",\"name\":\"Reda\u00e7\u00e3o\",\"image\":{\"@type\":\"ImageObject\",\"inLanguage\":\"pt-BR\",\"@id\":\"https:\/\/noticiaempauta.com\/portal\/#\/schema\/person\/image\/\",\"url\":\"https:\/\/secure.gravatar.com\/avatar\/03179346ecce6cdfc13361603e8f54242a90e5cde8618fa23c5c00aa2b0aadf3?s=96&d=mm&r=g\",\"contentUrl\":\"https:\/\/secure.gravatar.com\/avatar\/03179346ecce6cdfc13361603e8f54242a90e5cde8618fa23c5c00aa2b0aadf3?s=96&d=mm&r=g\",\"caption\":\"Reda\u00e7\u00e3o\"},\"sameAs\":[\"https:\/\/noticiaempauta.com\/portal\/\"],\"url\":\"https:\/\/noticiaempauta.com\/portal\/author\/fernando\/\"}]}<\/script>\n<!-- \/ Yoast SEO Premium plugin. -->","yoast_head_json":{"title":"Governador decreta estado de emerg\u00eancia em 106 munic\u00edpios por conta da seca - Portal Not\u00edcia em Pauta","robots":{"index":"index","follow":"follow","max-snippet":"max-snippet:-1","max-image-preview":"max-image-preview:large","max-video-preview":"max-video-preview:-1"},"canonical":"https:\/\/noticiaempauta.com\/portal\/governador-decreta-estado-de-emergencia-em-106-municipios-por-conta-da-seca\/","og_locale":"pt_BR","og_type":"article","og_title":"Governador decreta estado de emerg\u00eancia em 106 munic\u00edpios por conta da seca","og_description":"O decreto foi assinado no dia 3 de julho e publicado na edi\u00e7\u00e3o do dia 4 de julho do Di\u00e1rio Oficial. A vig\u00eancia \u00e9 de 180 dias.","og_url":"https:\/\/noticiaempauta.com\/portal\/governador-decreta-estado-de-emergencia-em-106-municipios-por-conta-da-seca\/","og_site_name":"Portal Not\u00edcia em Pauta","article_publisher":"https:\/\/www.facebook.com\/Portal-Notcia-Em-Pauta-102292869264820\/","article_published_time":"2024-07-05T13:44:40+00:00","article_modified_time":"2024-07-05T13:49:26+00:00","og_image":[{"width":1200,"height":800,"url":"https:\/\/noticiaempauta.com\/portal\/wp-content\/uploads\/2024\/07\/governador-decreta-estado-de-emergencia-em-106-municipios-por-conta-da-seca-226ae4cf-360c-4105-9ce4-2e00ceba6baf.jpg.webp","type":"image\/webp"}],"author":"Reda\u00e7\u00e3o","twitter_card":"summary_large_image","twitter_misc":{"Escrito por":"Reda\u00e7\u00e3o","Est. tempo de leitura":"4 minutos"},"schema":{"@context":"https:\/\/schema.org","@graph":[{"@type":"Article","@id":"https:\/\/noticiaempauta.com\/portal\/governador-decreta-estado-de-emergencia-em-106-municipios-por-conta-da-seca\/#article","isPartOf":{"@id":"https:\/\/noticiaempauta.com\/portal\/governador-decreta-estado-de-emergencia-em-106-municipios-por-conta-da-seca\/"},"author":{"name":"Reda\u00e7\u00e3o","@id":"https:\/\/noticiaempauta.com\/portal\/#\/schema\/person\/a74af43dd1ab3deca45f988c717d57ac"},"headline":"Governador decreta estado de emerg\u00eancia em 106 munic\u00edpios por conta da seca","datePublished":"2024-07-05T13:44:40+00:00","dateModified":"2024-07-05T13:49:26+00:00","mainEntityOfPage":{"@id":"https:\/\/noticiaempauta.com\/portal\/governador-decreta-estado-de-emergencia-em-106-municipios-por-conta-da-seca\/"},"wordCount":519,"commentCount":0,"publisher":{"@id":"https:\/\/noticiaempauta.com\/portal\/#organization"},"image":{"@id":"https:\/\/noticiaempauta.com\/portal\/governador-decreta-estado-de-emergencia-em-106-municipios-por-conta-da-seca\/#primaryimage"},"thumbnailUrl":"https:\/\/noticiaempauta.com\/portal\/wp-content\/uploads\/2024\/07\/governador-decreta-estado-de-emergencia-em-106-municipios-por-conta-da-seca-226ae4cf-360c-4105-9ce4-2e00ceba6baf.jpg.webp","keywords":["destaqueprincipal"],"articleSection":["Destaques","Geral","Munic\u00edpios","Todas as Not\u00edcias"],"inLanguage":"pt-BR","potentialAction":[{"@type":"CommentAction","name":"Comment","target":["https:\/\/noticiaempauta.com\/portal\/governador-decreta-estado-de-emergencia-em-106-municipios-por-conta-da-seca\/#respond"]}]},{"@type":"WebPage","@id":"https:\/\/noticiaempauta.com\/portal\/governador-decreta-estado-de-emergencia-em-106-municipios-por-conta-da-seca\/","url":"https:\/\/noticiaempauta.com\/portal\/governador-decreta-estado-de-emergencia-em-106-municipios-por-conta-da-seca\/","name":"Governador decreta estado de emerg\u00eancia em 106 munic\u00edpios por conta da seca - Portal Not\u00edcia em Pauta","isPartOf":{"@id":"https:\/\/noticiaempauta.com\/portal\/#website"},"primaryImageOfPage":{"@id":"https:\/\/noticiaempauta.com\/portal\/governador-decreta-estado-de-emergencia-em-106-municipios-por-conta-da-seca\/#primaryimage"},"image":{"@id":"https:\/\/noticiaempauta.com\/portal\/governador-decreta-estado-de-emergencia-em-106-municipios-por-conta-da-seca\/#primaryimage"},"thumbnailUrl":"https:\/\/noticiaempauta.com\/portal\/wp-content\/uploads\/2024\/07\/governador-decreta-estado-de-emergencia-em-106-municipios-por-conta-da-seca-226ae4cf-360c-4105-9ce4-2e00ceba6baf.jpg.webp","datePublished":"2024-07-05T13:44:40+00:00","dateModified":"2024-07-05T13:49:26+00:00","breadcrumb":{"@id":"https:\/\/noticiaempauta.com\/portal\/governador-decreta-estado-de-emergencia-em-106-municipios-por-conta-da-seca\/#breadcrumb"},"inLanguage":"pt-BR","potentialAction":[{"@type":"ReadAction","target":["https:\/\/noticiaempauta.com\/portal\/governador-decreta-estado-de-emergencia-em-106-municipios-por-conta-da-seca\/"]}]},{"@type":"ImageObject","inLanguage":"pt-BR","@id":"https:\/\/noticiaempauta.com\/portal\/governador-decreta-estado-de-emergencia-em-106-municipios-por-conta-da-seca\/#primaryimage","url":"https:\/\/noticiaempauta.com\/portal\/wp-content\/uploads\/2024\/07\/governador-decreta-estado-de-emergencia-em-106-municipios-por-conta-da-seca-226ae4cf-360c-4105-9ce4-2e00ceba6baf.jpg.webp","contentUrl":"https:\/\/noticiaempauta.com\/portal\/wp-content\/uploads\/2024\/07\/governador-decreta-estado-de-emergencia-em-106-municipios-por-conta-da-seca-226ae4cf-360c-4105-9ce4-2e00ceba6baf.jpg.webp","width":1200,"height":800},{"@type":"BreadcrumbList","@id":"https:\/\/noticiaempauta.com\/portal\/governador-decreta-estado-de-emergencia-em-106-municipios-por-conta-da-seca\/#breadcrumb","itemListElement":[{"@type":"ListItem","position":1,"name":"P\u00e1gina Inicial","item":"https:\/\/noticiaempauta.com\/portal\/"},{"@type":"ListItem","position":2,"name":"Destaques","item":"https:\/\/noticiaempauta.com\/portal\/destaques-site\/"},{"@type":"ListItem","position":3,"name":"Governador decreta estado de emerg\u00eancia em 106 munic\u00edpios por conta da seca"}]},{"@type":"WebSite","@id":"https:\/\/noticiaempauta.com\/portal\/#website","url":"https:\/\/noticiaempauta.com\/portal\/","name":"Portal Not\u00edcia em Pauta","description":"Voc\u00ea bem informado","publisher":{"@id":"https:\/\/noticiaempauta.com\/portal\/#organization"},"potentialAction":[{"@type":"SearchAction","target":{"@type":"EntryPoint","urlTemplate":"https:\/\/noticiaempauta.com\/portal\/?s={search_term_string}"},"query-input":{"@type":"PropertyValueSpecification","valueRequired":true,"valueName":"search_term_string"}}],"inLanguage":"pt-BR"},{"@type":"Organization","@id":"https:\/\/noticiaempauta.com\/portal\/#organization","name":"Portal Not\u00edcia em Pauta","url":"https:\/\/noticiaempauta.com\/portal\/","logo":{"@type":"ImageObject","inLanguage":"pt-BR","@id":"https:\/\/noticiaempauta.com\/portal\/#\/schema\/logo\/image\/","url":"https:\/\/noticiaempauta.com\/portal\/wp-content\/uploads\/2022\/08\/logomarca_tema.fw_.png","contentUrl":"https:\/\/noticiaempauta.com\/portal\/wp-content\/uploads\/2022\/08\/logomarca_tema.fw_.png","width":400,"height":232,"caption":"Portal Not\u00edcia em Pauta"},"image":{"@id":"https:\/\/noticiaempauta.com\/portal\/#\/schema\/logo\/image\/"},"sameAs":["https:\/\/www.facebook.com\/Portal-Notcia-Em-Pauta-102292869264820\/","https:\/\/www.instagram.com\/portalnoticiaempauta\/"]},{"@type":"Person","@id":"https:\/\/noticiaempauta.com\/portal\/#\/schema\/person\/a74af43dd1ab3deca45f988c717d57ac","name":"Reda\u00e7\u00e3o","image":{"@type":"ImageObject","inLanguage":"pt-BR","@id":"https:\/\/noticiaempauta.com\/portal\/#\/schema\/person\/image\/","url":"https:\/\/secure.gravatar.com\/avatar\/03179346ecce6cdfc13361603e8f54242a90e5cde8618fa23c5c00aa2b0aadf3?s=96&d=mm&r=g","contentUrl":"https:\/\/secure.gravatar.com\/avatar\/03179346ecce6cdfc13361603e8f54242a90e5cde8618fa23c5c00aa2b0aadf3?s=96&d=mm&r=g","caption":"Reda\u00e7\u00e3o"},"sameAs":["https:\/\/noticiaempauta.com\/portal\/"],"url":"https:\/\/noticiaempauta.com\/portal\/author\/fernando\/"}]}},"_links":{"self":[{"href":"https:\/\/noticiaempauta.com\/portal\/wp-json\/wp\/v2\/posts\/259539","targetHints":{"allow":["GET"]}}],"collection":[{"href":"https:\/\/noticiaempauta.com\/portal\/wp-json\/wp\/v2\/posts"}],"about":[{"href":"https:\/\/noticiaempauta.com\/portal\/wp-json\/wp\/v2\/types\/post"}],"author":[{"embeddable":true,"href":"https:\/\/noticiaempauta.com\/portal\/wp-json\/wp\/v2\/users\/2"}],"replies":[{"embeddable":true,"href":"https:\/\/noticiaempauta.com\/portal\/wp-json\/wp\/v2\/comments?post=259539"}],"version-history":[{"count":3,"href":"https:\/\/noticiaempauta.com\/portal\/wp-json\/wp\/v2\/posts\/259539\/revisions"}],"predecessor-version":[{"id":259544,"href":"https:\/\/noticiaempauta.com\/portal\/wp-json\/wp\/v2\/posts\/259539\/revisions\/259544"}],"wp:featuredmedia":[{"embeddable":true,"href":"https:\/\/noticiaempauta.com\/portal\/wp-json\/wp\/v2\/media\/259540"}],"wp:attachment":[{"href":"https:\/\/noticiaempauta.com\/portal\/wp-json\/wp\/v2\/media?parent=259539"}],"wp:term":[{"taxonomy":"category","embeddable":true,"href":"https:\/\/noticiaempauta.com\/portal\/wp-json\/wp\/v2\/categories?post=259539"},{"taxonomy":"post_tag","embeddable":true,"href":"https:\/\/noticiaempauta.com\/portal\/wp-json\/wp\/v2\/tags?post=259539"}],"curies":[{"name":"wp","href":"https:\/\/api.w.org\/{rel}","templated":true}]}}