{"id":259558,"date":"2024-07-06T06:56:06","date_gmt":"2024-07-06T09:56:06","guid":{"rendered":"https:\/\/noticiaempauta.com\/portal\/?p=259558"},"modified":"2024-07-06T06:56:07","modified_gmt":"2024-07-06T09:56:07","slug":"operacao-rastreados-acao-sera-deflagrada-em-todo-o-piaui","status":"publish","type":"post","link":"https:\/\/noticiaempauta.com\/portal\/operacao-rastreados-acao-sera-deflagrada-em-todo-o-piaui\/","title":{"rendered":"Opera\u00e7\u00e3o Rastreados: a\u00e7\u00e3o ser\u00e1 deflagrada em todo o Piau\u00ed"},"content":{"rendered":"\n<p>Nesta semana, a Secretaria de Seguran\u00e7a P\u00fablica do Piau\u00ed, por meio da Superintend\u00eancia de Opera\u00e7\u00f5es Integradas (SOI), lan\u00e7ou a\u00a0<strong>&#8220;Opera\u00e7\u00e3o Rastreados&#8221;.<\/strong>\u00a0A iniciativa visa combater o com\u00e9rcio ilegal de ve\u00edculos e pe\u00e7as roubadas em todo o estado. Na primeira fase da opera\u00e7\u00e3o,\u00a035 pessoas foram presas e quase 50 ve\u00edculos foram apreendidos, al\u00e9m de quatro armas de fogo, R$ 13 mil em dinheiro, muni\u00e7\u00f5es e drogas.<\/p>\n\n\n\n<figure class=\"wp-block-image size-full\"><img fetchpriority=\"high\" decoding=\"async\" width=\"500\" height=\"391\" src=\"https:\/\/noticiaempauta.com\/portal\/wp-content\/uploads\/2024\/07\/IMG_2871.jpeg\" alt=\"\" class=\"wp-image-259559\" srcset=\"https:\/\/noticiaempauta.com\/portal\/wp-content\/uploads\/2024\/07\/IMG_2871.jpeg 500w, https:\/\/noticiaempauta.com\/portal\/wp-content\/uploads\/2024\/07\/IMG_2871-300x235.jpeg 300w\" sizes=\"(max-width: 500px) 100vw, 500px\" \/><\/figure>\n\n\n\n<p>A opera\u00e7\u00e3o tamb\u00e9m resultou na execu\u00e7\u00e3o de 13 mandados judiciais, com cinco lojas sendo fechadas por suspeita de envolvimento em crimes relacionados a carros e motocicletas. As a\u00e7\u00f5es se concentraram em cidades da regi\u00e3o sul do Piau\u00ed, mas devem se estender para todo o estado.<\/p>\n\n\n\n<p>\u201cA ideia \u00e9 percorrer todos os munic\u00edpios do estado para devolver esses ve\u00edculos aos seus leg\u00edtimos propriet\u00e1rios como estamos fazendo com o projeto dos celulares. Futuramente devemos fazer as restitui\u00e7\u00f5es em massa de ve\u00edculos &#8220;, afirma o Superintendente de Opera\u00e7\u00f5es Integradas, delegado Matheus Zanatta.<\/p>\n\n\n\n<p>Bruno Carvalho, auditor-fiscal da Sefaz, sublinhou a import\u00e2ncia da opera\u00e7\u00e3o para combater preju\u00edzos fiscais. &#8220;Combatemos pr\u00e1ticas desleais como a sonega\u00e7\u00e3o fiscal e a comercializa\u00e7\u00e3o de mercadorias irregulares, contribuindo para um ambiente econ\u00f4mico mais justo, beneficiando tanto os contribuintes que cumprem suas obriga\u00e7\u00f5es quanto os consumidores que merecem transa\u00e7\u00f5es seguras e transparentes\u201d, explicou o auditor.<\/p>\n\n\n\n<p>A opera\u00e7\u00e3o contou com a colabora\u00e7\u00e3o da Pol\u00edcia Civil, Pol\u00edcia Militar, Pol\u00edcia Rodovi\u00e1ria Federal (PRF), For\u00e7a Estadual Integrada de Seguran\u00e7a P\u00fablica (FEISP), Diretoria de Opera\u00e7\u00f5es de Tr\u00e2nsito (DOT), Diretoria de Intelig\u00eancia Estrat\u00e9gica da SSP e Secretaria Estadual da Fazenda (SEFAZ).<\/p>\n\n\n\n<p>Fonte: Portal O Dia<\/p>\n\n\n\n<p><\/p>\n","protected":false},"excerpt":{"rendered":"<p>Nesta semana, a Secretaria de Seguran\u00e7a P\u00fablica do Piau\u00ed, por meio da Superintend\u00eancia de Opera\u00e7\u00f5es Integradas (SOI), lan\u00e7ou a\u00a0&#8220;Opera\u00e7\u00e3o Rastreados&#8221;.\u00a0A iniciativa visa combater o com\u00e9rcio ilegal de ve\u00edculos e pe\u00e7as roubadas em todo o estado. Na primeira fase da opera\u00e7\u00e3o,\u00a035 pessoas foram presas e quase 50 ve\u00edculos foram apreendidos, al\u00e9m de quatro armas de fogo, [&hellip;]<\/p>\n","protected":false},"author":2,"featured_media":259559,"comment_status":"open","ping_status":"open","sticky":false,"template":"","format":"standard","meta":{"_mi_skip_tracking":false,"footnotes":""},"categories":[25,1,16],"tags":[192],"class_list":["post-259558","post","type-post","status-publish","format-standard","has-post-thumbnail","hentry","category-destaques-site","category-geral","category-todas","tag-destaqueprincipal"],"acf":[],"yoast_head":"<!-- This site is optimized with the Yoast SEO Premium plugin v19.2 (Yoast SEO v26.9) - https:\/\/yoast.com\/product\/yoast-seo-premium-wordpress\/ -->\n<title>Opera\u00e7\u00e3o Rastreados: a\u00e7\u00e3o ser\u00e1 deflagrada em todo o Piau\u00ed - Portal Not\u00edcia em Pauta<\/title>\n<meta name=\"robots\" content=\"index, follow, max-snippet:-1, max-image-preview:large, max-video-preview:-1\" \/>\n<link rel=\"canonical\" href=\"https:\/\/noticiaempauta.com\/portal\/operacao-rastreados-acao-sera-deflagrada-em-todo-o-piaui\/\" \/>\n<meta property=\"og:locale\" content=\"pt_BR\" \/>\n<meta property=\"og:type\" content=\"article\" \/>\n<meta property=\"og:title\" content=\"Opera\u00e7\u00e3o Rastreados: a\u00e7\u00e3o ser\u00e1 deflagrada em todo o Piau\u00ed\" \/>\n<meta property=\"og:description\" content=\"Nesta semana, a Secretaria de Seguran\u00e7a P\u00fablica do Piau\u00ed, por meio da Superintend\u00eancia de Opera\u00e7\u00f5es Integradas (SOI), lan\u00e7ou a\u00a0&#8220;Opera\u00e7\u00e3o Rastreados&#8221;.\u00a0A iniciativa visa combater o com\u00e9rcio ilegal de ve\u00edculos e pe\u00e7as roubadas em todo o estado. Na primeira fase da opera\u00e7\u00e3o,\u00a035 pessoas foram presas e quase 50 ve\u00edculos foram apreendidos, al\u00e9m de quatro armas de fogo, [&hellip;]\" \/>\n<meta property=\"og:url\" content=\"https:\/\/noticiaempauta.com\/portal\/operacao-rastreados-acao-sera-deflagrada-em-todo-o-piaui\/\" \/>\n<meta property=\"og:site_name\" content=\"Portal Not\u00edcia em Pauta\" \/>\n<meta property=\"article:publisher\" content=\"https:\/\/www.facebook.com\/Portal-Notcia-Em-Pauta-102292869264820\/\" \/>\n<meta property=\"article:published_time\" content=\"2024-07-06T09:56:06+00:00\" \/>\n<meta property=\"article:modified_time\" content=\"2024-07-06T09:56:07+00:00\" \/>\n<meta property=\"og:image\" content=\"https:\/\/noticiaempauta.com\/portal\/wp-content\/uploads\/2024\/07\/IMG_2871.jpeg\" \/>\n\t<meta property=\"og:image:width\" content=\"500\" \/>\n\t<meta property=\"og:image:height\" content=\"391\" \/>\n\t<meta property=\"og:image:type\" content=\"image\/jpeg\" \/>\n<meta name=\"author\" content=\"Reda\u00e7\u00e3o\" \/>\n<meta name=\"twitter:card\" content=\"summary_large_image\" \/>\n<meta name=\"twitter:label1\" content=\"Escrito por\" \/>\n\t<meta name=\"twitter:data1\" content=\"Reda\u00e7\u00e3o\" \/>\n\t<meta name=\"twitter:label2\" content=\"Est. tempo de leitura\" \/>\n\t<meta name=\"twitter:data2\" content=\"2 minutos\" \/>\n<script type=\"application\/ld+json\" class=\"yoast-schema-graph\">{\"@context\":\"https:\/\/schema.org\",\"@graph\":[{\"@type\":\"Article\",\"@id\":\"https:\/\/noticiaempauta.com\/portal\/operacao-rastreados-acao-sera-deflagrada-em-todo-o-piaui\/#article\",\"isPartOf\":{\"@id\":\"https:\/\/noticiaempauta.com\/portal\/operacao-rastreados-acao-sera-deflagrada-em-todo-o-piaui\/\"},\"author\":{\"name\":\"Reda\u00e7\u00e3o\",\"@id\":\"https:\/\/noticiaempauta.com\/portal\/#\/schema\/person\/a74af43dd1ab3deca45f988c717d57ac\"},\"headline\":\"Opera\u00e7\u00e3o Rastreados: a\u00e7\u00e3o ser\u00e1 deflagrada em todo o Piau\u00ed\",\"datePublished\":\"2024-07-06T09:56:06+00:00\",\"dateModified\":\"2024-07-06T09:56:07+00:00\",\"mainEntityOfPage\":{\"@id\":\"https:\/\/noticiaempauta.com\/portal\/operacao-rastreados-acao-sera-deflagrada-em-todo-o-piaui\/\"},\"wordCount\":305,\"commentCount\":0,\"publisher\":{\"@id\":\"https:\/\/noticiaempauta.com\/portal\/#organization\"},\"image\":{\"@id\":\"https:\/\/noticiaempauta.com\/portal\/operacao-rastreados-acao-sera-deflagrada-em-todo-o-piaui\/#primaryimage\"},\"thumbnailUrl\":\"https:\/\/noticiaempauta.com\/portal\/wp-content\/uploads\/2024\/07\/IMG_2871.jpeg\",\"keywords\":[\"destaqueprincipal\"],\"articleSection\":[\"Destaques\",\"Geral\",\"Todas as Not\u00edcias\"],\"inLanguage\":\"pt-BR\",\"potentialAction\":[{\"@type\":\"CommentAction\",\"name\":\"Comment\",\"target\":[\"https:\/\/noticiaempauta.com\/portal\/operacao-rastreados-acao-sera-deflagrada-em-todo-o-piaui\/#respond\"]}]},{\"@type\":\"WebPage\",\"@id\":\"https:\/\/noticiaempauta.com\/portal\/operacao-rastreados-acao-sera-deflagrada-em-todo-o-piaui\/\",\"url\":\"https:\/\/noticiaempauta.com\/portal\/operacao-rastreados-acao-sera-deflagrada-em-todo-o-piaui\/\",\"name\":\"Opera\u00e7\u00e3o Rastreados: a\u00e7\u00e3o ser\u00e1 deflagrada em todo o Piau\u00ed - Portal Not\u00edcia em Pauta\",\"isPartOf\":{\"@id\":\"https:\/\/noticiaempauta.com\/portal\/#website\"},\"primaryImageOfPage\":{\"@id\":\"https:\/\/noticiaempauta.com\/portal\/operacao-rastreados-acao-sera-deflagrada-em-todo-o-piaui\/#primaryimage\"},\"image\":{\"@id\":\"https:\/\/noticiaempauta.com\/portal\/operacao-rastreados-acao-sera-deflagrada-em-todo-o-piaui\/#primaryimage\"},\"thumbnailUrl\":\"https:\/\/noticiaempauta.com\/portal\/wp-content\/uploads\/2024\/07\/IMG_2871.jpeg\",\"datePublished\":\"2024-07-06T09:56:06+00:00\",\"dateModified\":\"2024-07-06T09:56:07+00:00\",\"breadcrumb\":{\"@id\":\"https:\/\/noticiaempauta.com\/portal\/operacao-rastreados-acao-sera-deflagrada-em-todo-o-piaui\/#breadcrumb\"},\"inLanguage\":\"pt-BR\",\"potentialAction\":[{\"@type\":\"ReadAction\",\"target\":[\"https:\/\/noticiaempauta.com\/portal\/operacao-rastreados-acao-sera-deflagrada-em-todo-o-piaui\/\"]}]},{\"@type\":\"ImageObject\",\"inLanguage\":\"pt-BR\",\"@id\":\"https:\/\/noticiaempauta.com\/portal\/operacao-rastreados-acao-sera-deflagrada-em-todo-o-piaui\/#primaryimage\",\"url\":\"https:\/\/noticiaempauta.com\/portal\/wp-content\/uploads\/2024\/07\/IMG_2871.jpeg\",\"contentUrl\":\"https:\/\/noticiaempauta.com\/portal\/wp-content\/uploads\/2024\/07\/IMG_2871.jpeg\",\"width\":500,\"height\":391},{\"@type\":\"BreadcrumbList\",\"@id\":\"https:\/\/noticiaempauta.com\/portal\/operacao-rastreados-acao-sera-deflagrada-em-todo-o-piaui\/#breadcrumb\",\"itemListElement\":[{\"@type\":\"ListItem\",\"position\":1,\"name\":\"P\u00e1gina Inicial\",\"item\":\"https:\/\/noticiaempauta.com\/portal\/\"},{\"@type\":\"ListItem\",\"position\":2,\"name\":\"Destaques\",\"item\":\"https:\/\/noticiaempauta.com\/portal\/destaques-site\/\"},{\"@type\":\"ListItem\",\"position\":3,\"name\":\"Opera\u00e7\u00e3o Rastreados: a\u00e7\u00e3o ser\u00e1 deflagrada em todo o Piau\u00ed\"}]},{\"@type\":\"WebSite\",\"@id\":\"https:\/\/noticiaempauta.com\/portal\/#website\",\"url\":\"https:\/\/noticiaempauta.com\/portal\/\",\"name\":\"Portal Not\u00edcia em Pauta\",\"description\":\"Voc\u00ea bem informado\",\"publisher\":{\"@id\":\"https:\/\/noticiaempauta.com\/portal\/#organization\"},\"potentialAction\":[{\"@type\":\"SearchAction\",\"target\":{\"@type\":\"EntryPoint\",\"urlTemplate\":\"https:\/\/noticiaempauta.com\/portal\/?s={search_term_string}\"},\"query-input\":{\"@type\":\"PropertyValueSpecification\",\"valueRequired\":true,\"valueName\":\"search_term_string\"}}],\"inLanguage\":\"pt-BR\"},{\"@type\":\"Organization\",\"@id\":\"https:\/\/noticiaempauta.com\/portal\/#organization\",\"name\":\"Portal Not\u00edcia em Pauta\",\"url\":\"https:\/\/noticiaempauta.com\/portal\/\",\"logo\":{\"@type\":\"ImageObject\",\"inLanguage\":\"pt-BR\",\"@id\":\"https:\/\/noticiaempauta.com\/portal\/#\/schema\/logo\/image\/\",\"url\":\"https:\/\/noticiaempauta.com\/portal\/wp-content\/uploads\/2022\/08\/logomarca_tema.fw_.png\",\"contentUrl\":\"https:\/\/noticiaempauta.com\/portal\/wp-content\/uploads\/2022\/08\/logomarca_tema.fw_.png\",\"width\":400,\"height\":232,\"caption\":\"Portal Not\u00edcia em Pauta\"},\"image\":{\"@id\":\"https:\/\/noticiaempauta.com\/portal\/#\/schema\/logo\/image\/\"},\"sameAs\":[\"https:\/\/www.facebook.com\/Portal-Notcia-Em-Pauta-102292869264820\/\",\"https:\/\/www.instagram.com\/portalnoticiaempauta\/\"]},{\"@type\":\"Person\",\"@id\":\"https:\/\/noticiaempauta.com\/portal\/#\/schema\/person\/a74af43dd1ab3deca45f988c717d57ac\",\"name\":\"Reda\u00e7\u00e3o\",\"image\":{\"@type\":\"ImageObject\",\"inLanguage\":\"pt-BR\",\"@id\":\"https:\/\/noticiaempauta.com\/portal\/#\/schema\/person\/image\/\",\"url\":\"https:\/\/secure.gravatar.com\/avatar\/03179346ecce6cdfc13361603e8f54242a90e5cde8618fa23c5c00aa2b0aadf3?s=96&d=mm&r=g\",\"contentUrl\":\"https:\/\/secure.gravatar.com\/avatar\/03179346ecce6cdfc13361603e8f54242a90e5cde8618fa23c5c00aa2b0aadf3?s=96&d=mm&r=g\",\"caption\":\"Reda\u00e7\u00e3o\"},\"sameAs\":[\"https:\/\/noticiaempauta.com\/portal\/\"],\"url\":\"https:\/\/noticiaempauta.com\/portal\/author\/fernando\/\"}]}<\/script>\n<!-- \/ Yoast SEO Premium plugin. -->","yoast_head_json":{"title":"Opera\u00e7\u00e3o Rastreados: a\u00e7\u00e3o ser\u00e1 deflagrada em todo o Piau\u00ed - Portal Not\u00edcia em Pauta","robots":{"index":"index","follow":"follow","max-snippet":"max-snippet:-1","max-image-preview":"max-image-preview:large","max-video-preview":"max-video-preview:-1"},"canonical":"https:\/\/noticiaempauta.com\/portal\/operacao-rastreados-acao-sera-deflagrada-em-todo-o-piaui\/","og_locale":"pt_BR","og_type":"article","og_title":"Opera\u00e7\u00e3o Rastreados: a\u00e7\u00e3o ser\u00e1 deflagrada em todo o Piau\u00ed","og_description":"Nesta semana, a Secretaria de Seguran\u00e7a P\u00fablica do Piau\u00ed, por meio da Superintend\u00eancia de Opera\u00e7\u00f5es Integradas (SOI), lan\u00e7ou a\u00a0&#8220;Opera\u00e7\u00e3o Rastreados&#8221;.\u00a0A iniciativa visa combater o com\u00e9rcio ilegal de ve\u00edculos e pe\u00e7as roubadas em todo o estado. Na primeira fase da opera\u00e7\u00e3o,\u00a035 pessoas foram presas e quase 50 ve\u00edculos foram apreendidos, al\u00e9m de quatro armas de fogo, [&hellip;]","og_url":"https:\/\/noticiaempauta.com\/portal\/operacao-rastreados-acao-sera-deflagrada-em-todo-o-piaui\/","og_site_name":"Portal Not\u00edcia em Pauta","article_publisher":"https:\/\/www.facebook.com\/Portal-Notcia-Em-Pauta-102292869264820\/","article_published_time":"2024-07-06T09:56:06+00:00","article_modified_time":"2024-07-06T09:56:07+00:00","og_image":[{"width":500,"height":391,"url":"https:\/\/noticiaempauta.com\/portal\/wp-content\/uploads\/2024\/07\/IMG_2871.jpeg","type":"image\/jpeg"}],"author":"Reda\u00e7\u00e3o","twitter_card":"summary_large_image","twitter_misc":{"Escrito por":"Reda\u00e7\u00e3o","Est. tempo de leitura":"2 minutos"},"schema":{"@context":"https:\/\/schema.org","@graph":[{"@type":"Article","@id":"https:\/\/noticiaempauta.com\/portal\/operacao-rastreados-acao-sera-deflagrada-em-todo-o-piaui\/#article","isPartOf":{"@id":"https:\/\/noticiaempauta.com\/portal\/operacao-rastreados-acao-sera-deflagrada-em-todo-o-piaui\/"},"author":{"name":"Reda\u00e7\u00e3o","@id":"https:\/\/noticiaempauta.com\/portal\/#\/schema\/person\/a74af43dd1ab3deca45f988c717d57ac"},"headline":"Opera\u00e7\u00e3o Rastreados: a\u00e7\u00e3o ser\u00e1 deflagrada em todo o Piau\u00ed","datePublished":"2024-07-06T09:56:06+00:00","dateModified":"2024-07-06T09:56:07+00:00","mainEntityOfPage":{"@id":"https:\/\/noticiaempauta.com\/portal\/operacao-rastreados-acao-sera-deflagrada-em-todo-o-piaui\/"},"wordCount":305,"commentCount":0,"publisher":{"@id":"https:\/\/noticiaempauta.com\/portal\/#organization"},"image":{"@id":"https:\/\/noticiaempauta.com\/portal\/operacao-rastreados-acao-sera-deflagrada-em-todo-o-piaui\/#primaryimage"},"thumbnailUrl":"https:\/\/noticiaempauta.com\/portal\/wp-content\/uploads\/2024\/07\/IMG_2871.jpeg","keywords":["destaqueprincipal"],"articleSection":["Destaques","Geral","Todas as Not\u00edcias"],"inLanguage":"pt-BR","potentialAction":[{"@type":"CommentAction","name":"Comment","target":["https:\/\/noticiaempauta.com\/portal\/operacao-rastreados-acao-sera-deflagrada-em-todo-o-piaui\/#respond"]}]},{"@type":"WebPage","@id":"https:\/\/noticiaempauta.com\/portal\/operacao-rastreados-acao-sera-deflagrada-em-todo-o-piaui\/","url":"https:\/\/noticiaempauta.com\/portal\/operacao-rastreados-acao-sera-deflagrada-em-todo-o-piaui\/","name":"Opera\u00e7\u00e3o Rastreados: a\u00e7\u00e3o ser\u00e1 deflagrada em todo o Piau\u00ed - Portal Not\u00edcia em Pauta","isPartOf":{"@id":"https:\/\/noticiaempauta.com\/portal\/#website"},"primaryImageOfPage":{"@id":"https:\/\/noticiaempauta.com\/portal\/operacao-rastreados-acao-sera-deflagrada-em-todo-o-piaui\/#primaryimage"},"image":{"@id":"https:\/\/noticiaempauta.com\/portal\/operacao-rastreados-acao-sera-deflagrada-em-todo-o-piaui\/#primaryimage"},"thumbnailUrl":"https:\/\/noticiaempauta.com\/portal\/wp-content\/uploads\/2024\/07\/IMG_2871.jpeg","datePublished":"2024-07-06T09:56:06+00:00","dateModified":"2024-07-06T09:56:07+00:00","breadcrumb":{"@id":"https:\/\/noticiaempauta.com\/portal\/operacao-rastreados-acao-sera-deflagrada-em-todo-o-piaui\/#breadcrumb"},"inLanguage":"pt-BR","potentialAction":[{"@type":"ReadAction","target":["https:\/\/noticiaempauta.com\/portal\/operacao-rastreados-acao-sera-deflagrada-em-todo-o-piaui\/"]}]},{"@type":"ImageObject","inLanguage":"pt-BR","@id":"https:\/\/noticiaempauta.com\/portal\/operacao-rastreados-acao-sera-deflagrada-em-todo-o-piaui\/#primaryimage","url":"https:\/\/noticiaempauta.com\/portal\/wp-content\/uploads\/2024\/07\/IMG_2871.jpeg","contentUrl":"https:\/\/noticiaempauta.com\/portal\/wp-content\/uploads\/2024\/07\/IMG_2871.jpeg","width":500,"height":391},{"@type":"BreadcrumbList","@id":"https:\/\/noticiaempauta.com\/portal\/operacao-rastreados-acao-sera-deflagrada-em-todo-o-piaui\/#breadcrumb","itemListElement":[{"@type":"ListItem","position":1,"name":"P\u00e1gina Inicial","item":"https:\/\/noticiaempauta.com\/portal\/"},{"@type":"ListItem","position":2,"name":"Destaques","item":"https:\/\/noticiaempauta.com\/portal\/destaques-site\/"},{"@type":"ListItem","position":3,"name":"Opera\u00e7\u00e3o Rastreados: a\u00e7\u00e3o ser\u00e1 deflagrada em todo o Piau\u00ed"}]},{"@type":"WebSite","@id":"https:\/\/noticiaempauta.com\/portal\/#website","url":"https:\/\/noticiaempauta.com\/portal\/","name":"Portal Not\u00edcia em Pauta","description":"Voc\u00ea bem informado","publisher":{"@id":"https:\/\/noticiaempauta.com\/portal\/#organization"},"potentialAction":[{"@type":"SearchAction","target":{"@type":"EntryPoint","urlTemplate":"https:\/\/noticiaempauta.com\/portal\/?s={search_term_string}"},"query-input":{"@type":"PropertyValueSpecification","valueRequired":true,"valueName":"search_term_string"}}],"inLanguage":"pt-BR"},{"@type":"Organization","@id":"https:\/\/noticiaempauta.com\/portal\/#organization","name":"Portal Not\u00edcia em Pauta","url":"https:\/\/noticiaempauta.com\/portal\/","logo":{"@type":"ImageObject","inLanguage":"pt-BR","@id":"https:\/\/noticiaempauta.com\/portal\/#\/schema\/logo\/image\/","url":"https:\/\/noticiaempauta.com\/portal\/wp-content\/uploads\/2022\/08\/logomarca_tema.fw_.png","contentUrl":"https:\/\/noticiaempauta.com\/portal\/wp-content\/uploads\/2022\/08\/logomarca_tema.fw_.png","width":400,"height":232,"caption":"Portal Not\u00edcia em Pauta"},"image":{"@id":"https:\/\/noticiaempauta.com\/portal\/#\/schema\/logo\/image\/"},"sameAs":["https:\/\/www.facebook.com\/Portal-Notcia-Em-Pauta-102292869264820\/","https:\/\/www.instagram.com\/portalnoticiaempauta\/"]},{"@type":"Person","@id":"https:\/\/noticiaempauta.com\/portal\/#\/schema\/person\/a74af43dd1ab3deca45f988c717d57ac","name":"Reda\u00e7\u00e3o","image":{"@type":"ImageObject","inLanguage":"pt-BR","@id":"https:\/\/noticiaempauta.com\/portal\/#\/schema\/person\/image\/","url":"https:\/\/secure.gravatar.com\/avatar\/03179346ecce6cdfc13361603e8f54242a90e5cde8618fa23c5c00aa2b0aadf3?s=96&d=mm&r=g","contentUrl":"https:\/\/secure.gravatar.com\/avatar\/03179346ecce6cdfc13361603e8f54242a90e5cde8618fa23c5c00aa2b0aadf3?s=96&d=mm&r=g","caption":"Reda\u00e7\u00e3o"},"sameAs":["https:\/\/noticiaempauta.com\/portal\/"],"url":"https:\/\/noticiaempauta.com\/portal\/author\/fernando\/"}]}},"_links":{"self":[{"href":"https:\/\/noticiaempauta.com\/portal\/wp-json\/wp\/v2\/posts\/259558","targetHints":{"allow":["GET"]}}],"collection":[{"href":"https:\/\/noticiaempauta.com\/portal\/wp-json\/wp\/v2\/posts"}],"about":[{"href":"https:\/\/noticiaempauta.com\/portal\/wp-json\/wp\/v2\/types\/post"}],"author":[{"embeddable":true,"href":"https:\/\/noticiaempauta.com\/portal\/wp-json\/wp\/v2\/users\/2"}],"replies":[{"embeddable":true,"href":"https:\/\/noticiaempauta.com\/portal\/wp-json\/wp\/v2\/comments?post=259558"}],"version-history":[{"count":2,"href":"https:\/\/noticiaempauta.com\/portal\/wp-json\/wp\/v2\/posts\/259558\/revisions"}],"predecessor-version":[{"id":259561,"href":"https:\/\/noticiaempauta.com\/portal\/wp-json\/wp\/v2\/posts\/259558\/revisions\/259561"}],"wp:featuredmedia":[{"embeddable":true,"href":"https:\/\/noticiaempauta.com\/portal\/wp-json\/wp\/v2\/media\/259559"}],"wp:attachment":[{"href":"https:\/\/noticiaempauta.com\/portal\/wp-json\/wp\/v2\/media?parent=259558"}],"wp:term":[{"taxonomy":"category","embeddable":true,"href":"https:\/\/noticiaempauta.com\/portal\/wp-json\/wp\/v2\/categories?post=259558"},{"taxonomy":"post_tag","embeddable":true,"href":"https:\/\/noticiaempauta.com\/portal\/wp-json\/wp\/v2\/tags?post=259558"}],"curies":[{"name":"wp","href":"https:\/\/api.w.org\/{rel}","templated":true}]}}