{"id":259578,"date":"2024-07-07T19:03:30","date_gmt":"2024-07-07T22:03:30","guid":{"rendered":"https:\/\/noticiaempauta.com\/portal\/?p=259578"},"modified":"2024-07-07T19:03:31","modified_gmt":"2024-07-07T22:03:31","slug":"governo-do-piaui-lanca-processo-seletivo-simplificado-com-128-vagas-para-a-sasc","status":"publish","type":"post","link":"https:\/\/noticiaempauta.com\/portal\/governo-do-piaui-lanca-processo-seletivo-simplificado-com-128-vagas-para-a-sasc\/","title":{"rendered":"Governo do Piau\u00ed lan\u00e7a processo seletivo simplificado com 128 vagas para a Sasc"},"content":{"rendered":"\n<p>O Governo do Estado do Piau\u00ed, por meio da Secretaria da Administra\u00e7\u00e3o (Sead), lan\u00e7ou edital para processo seletivo simplificado destinado a contrata\u00e7\u00f5es para os cargos de n\u00edvel m\u00e9dio e superior, para atuarem na Secretaria da Assist\u00eancia Social, Trabalho e Direitos Humanos do Estado do Piau\u00ed (Sasc), nos munic\u00edpios de Teresina, Picos e Parna\u00edba.<\/p>\n\n\n\n<p>S\u00e3o 128 vagas e as inscri\u00e7\u00f5es t\u00eam in\u00edcio nesta segunda-feira (8) e seguem at\u00e9 o dia 17 de julho. O valor da taxa de inscri\u00e7\u00e3o \u00e9 de R$ 80,00 para cargos de n\u00edvel m\u00e9dio e R$ 100 para cargos de n\u00edvel superior e s\u00e3o realizadas no seguinte endere\u00e7o eletr\u00f4nico: https:\/\/concursos.sead.pi.gov.br.<\/p>\n\n\n\n<p>O processo seletivo simplificado ser\u00e1 constitu\u00eddo de Prova de T\u00edtulos para todos os cargos e o envio dos documentos \u00e9 junto com a inscri\u00e7\u00e3o. A lota\u00e7\u00e3o dos contratados ser\u00e1 definida pela Sasc, conforme a necessidade dos servi\u00e7os.&nbsp;<\/p>\n\n\n\n<p>Ser\u00e3o contratados profissionais de n\u00edvel m\u00e9dio e superior nas especialidades de enfermeiros, t\u00e9cnicos em enfermagem, fisioterapeutas, psic\u00f3logos, terapeutas ocupacionais, nutricionistas, fonoaudi\u00f3logos, dentistas, m\u00e9dicos psiquiatras ambulatoriais, farmac\u00eauticos, assistentes sociais, engenheiros civis, arquitetos, cuidadores sociais, t\u00e9cnicos em direito e administra\u00e7\u00e3o, profissionais de educa\u00e7\u00e3o f\u00edsica e motoristas. Os contratos ter\u00e3o vig\u00eancia de 12 meses, contados da data de assinatura, e poder\u00e3o ser prorrogados.<\/p>\n\n\n\n<p>De acordo com o edital do processo seletivo, a convoca\u00e7\u00e3o dos candidatos ser\u00e1 realizada conforme a necessidade da Sasc e o surgimento de vagas, obedecendo rigorosamente \u00e0 ordem de classifica\u00e7\u00e3o.<\/p>\n\n\n\n<p>O edital est\u00e1 dispon\u00edvel&nbsp;<a target=\"_blank\" rel=\"noreferrer noopener\" href=\"https:\/\/concursos.sead.pi.gov.br\/\">aqui.<\/a><\/p>\n\n\n\n<p><strong>Quantidade de profissionais<\/strong><\/p>\n\n\n\n<p>8 enfermeiros<\/p>\n\n\n\n<p>36 t\u00e9cnicos em enfermagem<\/p>\n\n\n\n<p>4 fisioterapeutas<\/p>\n\n\n\n<p>5 psic\u00f3logos<\/p>\n\n\n\n<p>4 terapeutas ocupacionais<\/p>\n\n\n\n<p>2 nutricionistas<\/p>\n\n\n\n<p>2 fonoaudi\u00f3logos<\/p>\n\n\n\n<p>1 dentista<\/p>\n\n\n\n<p>1 m\u00e9dico psiquiatra ambulatorial<\/p>\n\n\n\n<p>1 farmac\u00eautico<\/p>\n\n\n\n<p>13 assistentes sociais<\/p>\n\n\n\n<p>2 engenheiros civis<\/p>\n\n\n\n<p>1 arquiteto<\/p>\n\n\n\n<p>27 cuidadores sociais (masculino)<\/p>\n\n\n\n<p>3 t\u00e9cnicos &#8211; n\u00edvel superior com habilita\u00e7\u00e3o em Direito<\/p>\n\n\n\n<p>1 t\u00e9cnico &#8211; n\u00edvel superior com habilita\u00e7\u00e3o em Administra\u00e7\u00e3o<\/p>\n\n\n\n<p>6 &nbsp;educadores f\u00edsicos<\/p>\n\n\n\n<p>11 motoristas \u2013 Categoria \u201cD\u201d.<\/p>\n\n\n\n<p>CCOM-PI<\/p>\n\n\n\n<p><\/p>\n","protected":false},"excerpt":{"rendered":"<p>O Governo do Estado do Piau\u00ed, por meio da Secretaria da Administra\u00e7\u00e3o (Sead), lan\u00e7ou edital para processo seletivo simplificado destinado a contrata\u00e7\u00f5es para os cargos de n\u00edvel m\u00e9dio e superior, para atuarem na Secretaria da Assist\u00eancia Social, Trabalho e Direitos Humanos do Estado do Piau\u00ed (Sasc), nos munic\u00edpios de Teresina, Picos e Parna\u00edba. S\u00e3o 128 [&hellip;]<\/p>\n","protected":false},"author":2,"featured_media":241860,"comment_status":"open","ping_status":"open","sticky":false,"template":"","format":"standard","meta":{"_mi_skip_tracking":false,"footnotes":""},"categories":[25,1,16],"tags":[192],"class_list":["post-259578","post","type-post","status-publish","format-standard","has-post-thumbnail","hentry","category-destaques-site","category-geral","category-todas","tag-destaqueprincipal"],"acf":[],"yoast_head":"<!-- This site is optimized with the Yoast SEO Premium plugin v19.2 (Yoast SEO v26.9) - https:\/\/yoast.com\/product\/yoast-seo-premium-wordpress\/ -->\n<title>Governo do Piau\u00ed lan\u00e7a processo seletivo simplificado com 128 vagas para a Sasc - Portal Not\u00edcia em Pauta<\/title>\n<meta name=\"robots\" content=\"index, follow, max-snippet:-1, max-image-preview:large, max-video-preview:-1\" \/>\n<link rel=\"canonical\" href=\"https:\/\/noticiaempauta.com\/portal\/governo-do-piaui-lanca-processo-seletivo-simplificado-com-128-vagas-para-a-sasc\/\" \/>\n<meta property=\"og:locale\" content=\"pt_BR\" \/>\n<meta property=\"og:type\" content=\"article\" \/>\n<meta property=\"og:title\" content=\"Governo do Piau\u00ed lan\u00e7a processo seletivo simplificado com 128 vagas para a Sasc\" \/>\n<meta property=\"og:description\" content=\"O Governo do Estado do Piau\u00ed, por meio da Secretaria da Administra\u00e7\u00e3o (Sead), lan\u00e7ou edital para processo seletivo simplificado destinado a contrata\u00e7\u00f5es para os cargos de n\u00edvel m\u00e9dio e superior, para atuarem na Secretaria da Assist\u00eancia Social, Trabalho e Direitos Humanos do Estado do Piau\u00ed (Sasc), nos munic\u00edpios de Teresina, Picos e Parna\u00edba. S\u00e3o 128 [&hellip;]\" \/>\n<meta property=\"og:url\" content=\"https:\/\/noticiaempauta.com\/portal\/governo-do-piaui-lanca-processo-seletivo-simplificado-com-128-vagas-para-a-sasc\/\" \/>\n<meta property=\"og:site_name\" content=\"Portal Not\u00edcia em Pauta\" \/>\n<meta property=\"article:publisher\" content=\"https:\/\/www.facebook.com\/Portal-Notcia-Em-Pauta-102292869264820\/\" \/>\n<meta property=\"article:published_time\" content=\"2024-07-07T22:03:30+00:00\" \/>\n<meta property=\"article:modified_time\" content=\"2024-07-07T22:03:31+00:00\" \/>\n<meta property=\"og:image\" content=\"https:\/\/noticiaempauta.com\/portal\/wp-content\/uploads\/2022\/10\/karnak.jpg\" \/>\n\t<meta property=\"og:image:width\" content=\"790\" \/>\n\t<meta property=\"og:image:height\" content=\"541\" \/>\n\t<meta property=\"og:image:type\" content=\"image\/jpeg\" \/>\n<meta name=\"author\" content=\"Reda\u00e7\u00e3o\" \/>\n<meta name=\"twitter:card\" content=\"summary_large_image\" \/>\n<meta name=\"twitter:label1\" content=\"Escrito por\" \/>\n\t<meta name=\"twitter:data1\" content=\"Reda\u00e7\u00e3o\" \/>\n\t<meta name=\"twitter:label2\" content=\"Est. tempo de leitura\" \/>\n\t<meta name=\"twitter:data2\" content=\"2 minutos\" \/>\n<script type=\"application\/ld+json\" class=\"yoast-schema-graph\">{\"@context\":\"https:\/\/schema.org\",\"@graph\":[{\"@type\":\"Article\",\"@id\":\"https:\/\/noticiaempauta.com\/portal\/governo-do-piaui-lanca-processo-seletivo-simplificado-com-128-vagas-para-a-sasc\/#article\",\"isPartOf\":{\"@id\":\"https:\/\/noticiaempauta.com\/portal\/governo-do-piaui-lanca-processo-seletivo-simplificado-com-128-vagas-para-a-sasc\/\"},\"author\":{\"name\":\"Reda\u00e7\u00e3o\",\"@id\":\"https:\/\/noticiaempauta.com\/portal\/#\/schema\/person\/a74af43dd1ab3deca45f988c717d57ac\"},\"headline\":\"Governo do Piau\u00ed lan\u00e7a processo seletivo simplificado com 128 vagas para a Sasc\",\"datePublished\":\"2024-07-07T22:03:30+00:00\",\"dateModified\":\"2024-07-07T22:03:31+00:00\",\"mainEntityOfPage\":{\"@id\":\"https:\/\/noticiaempauta.com\/portal\/governo-do-piaui-lanca-processo-seletivo-simplificado-com-128-vagas-para-a-sasc\/\"},\"wordCount\":350,\"commentCount\":0,\"publisher\":{\"@id\":\"https:\/\/noticiaempauta.com\/portal\/#organization\"},\"image\":{\"@id\":\"https:\/\/noticiaempauta.com\/portal\/governo-do-piaui-lanca-processo-seletivo-simplificado-com-128-vagas-para-a-sasc\/#primaryimage\"},\"thumbnailUrl\":\"https:\/\/noticiaempauta.com\/portal\/wp-content\/uploads\/2022\/10\/karnak.jpg\",\"keywords\":[\"destaqueprincipal\"],\"articleSection\":[\"Destaques\",\"Geral\",\"Todas as Not\u00edcias\"],\"inLanguage\":\"pt-BR\",\"potentialAction\":[{\"@type\":\"CommentAction\",\"name\":\"Comment\",\"target\":[\"https:\/\/noticiaempauta.com\/portal\/governo-do-piaui-lanca-processo-seletivo-simplificado-com-128-vagas-para-a-sasc\/#respond\"]}]},{\"@type\":\"WebPage\",\"@id\":\"https:\/\/noticiaempauta.com\/portal\/governo-do-piaui-lanca-processo-seletivo-simplificado-com-128-vagas-para-a-sasc\/\",\"url\":\"https:\/\/noticiaempauta.com\/portal\/governo-do-piaui-lanca-processo-seletivo-simplificado-com-128-vagas-para-a-sasc\/\",\"name\":\"Governo do Piau\u00ed lan\u00e7a processo seletivo simplificado com 128 vagas para a Sasc - Portal Not\u00edcia em Pauta\",\"isPartOf\":{\"@id\":\"https:\/\/noticiaempauta.com\/portal\/#website\"},\"primaryImageOfPage\":{\"@id\":\"https:\/\/noticiaempauta.com\/portal\/governo-do-piaui-lanca-processo-seletivo-simplificado-com-128-vagas-para-a-sasc\/#primaryimage\"},\"image\":{\"@id\":\"https:\/\/noticiaempauta.com\/portal\/governo-do-piaui-lanca-processo-seletivo-simplificado-com-128-vagas-para-a-sasc\/#primaryimage\"},\"thumbnailUrl\":\"https:\/\/noticiaempauta.com\/portal\/wp-content\/uploads\/2022\/10\/karnak.jpg\",\"datePublished\":\"2024-07-07T22:03:30+00:00\",\"dateModified\":\"2024-07-07T22:03:31+00:00\",\"breadcrumb\":{\"@id\":\"https:\/\/noticiaempauta.com\/portal\/governo-do-piaui-lanca-processo-seletivo-simplificado-com-128-vagas-para-a-sasc\/#breadcrumb\"},\"inLanguage\":\"pt-BR\",\"potentialAction\":[{\"@type\":\"ReadAction\",\"target\":[\"https:\/\/noticiaempauta.com\/portal\/governo-do-piaui-lanca-processo-seletivo-simplificado-com-128-vagas-para-a-sasc\/\"]}]},{\"@type\":\"ImageObject\",\"inLanguage\":\"pt-BR\",\"@id\":\"https:\/\/noticiaempauta.com\/portal\/governo-do-piaui-lanca-processo-seletivo-simplificado-com-128-vagas-para-a-sasc\/#primaryimage\",\"url\":\"https:\/\/noticiaempauta.com\/portal\/wp-content\/uploads\/2022\/10\/karnak.jpg\",\"contentUrl\":\"https:\/\/noticiaempauta.com\/portal\/wp-content\/uploads\/2022\/10\/karnak.jpg\",\"width\":790,\"height\":541,\"caption\":\"Foto: Arquivo\/ Cidadeverde.com\"},{\"@type\":\"BreadcrumbList\",\"@id\":\"https:\/\/noticiaempauta.com\/portal\/governo-do-piaui-lanca-processo-seletivo-simplificado-com-128-vagas-para-a-sasc\/#breadcrumb\",\"itemListElement\":[{\"@type\":\"ListItem\",\"position\":1,\"name\":\"P\u00e1gina Inicial\",\"item\":\"https:\/\/noticiaempauta.com\/portal\/\"},{\"@type\":\"ListItem\",\"position\":2,\"name\":\"Destaques\",\"item\":\"https:\/\/noticiaempauta.com\/portal\/destaques-site\/\"},{\"@type\":\"ListItem\",\"position\":3,\"name\":\"Governo do Piau\u00ed lan\u00e7a processo seletivo simplificado com 128 vagas para a Sasc\"}]},{\"@type\":\"WebSite\",\"@id\":\"https:\/\/noticiaempauta.com\/portal\/#website\",\"url\":\"https:\/\/noticiaempauta.com\/portal\/\",\"name\":\"Portal Not\u00edcia em Pauta\",\"description\":\"Voc\u00ea bem informado\",\"publisher\":{\"@id\":\"https:\/\/noticiaempauta.com\/portal\/#organization\"},\"potentialAction\":[{\"@type\":\"SearchAction\",\"target\":{\"@type\":\"EntryPoint\",\"urlTemplate\":\"https:\/\/noticiaempauta.com\/portal\/?s={search_term_string}\"},\"query-input\":{\"@type\":\"PropertyValueSpecification\",\"valueRequired\":true,\"valueName\":\"search_term_string\"}}],\"inLanguage\":\"pt-BR\"},{\"@type\":\"Organization\",\"@id\":\"https:\/\/noticiaempauta.com\/portal\/#organization\",\"name\":\"Portal Not\u00edcia em Pauta\",\"url\":\"https:\/\/noticiaempauta.com\/portal\/\",\"logo\":{\"@type\":\"ImageObject\",\"inLanguage\":\"pt-BR\",\"@id\":\"https:\/\/noticiaempauta.com\/portal\/#\/schema\/logo\/image\/\",\"url\":\"https:\/\/noticiaempauta.com\/portal\/wp-content\/uploads\/2022\/08\/logomarca_tema.fw_.png\",\"contentUrl\":\"https:\/\/noticiaempauta.com\/portal\/wp-content\/uploads\/2022\/08\/logomarca_tema.fw_.png\",\"width\":400,\"height\":232,\"caption\":\"Portal Not\u00edcia em Pauta\"},\"image\":{\"@id\":\"https:\/\/noticiaempauta.com\/portal\/#\/schema\/logo\/image\/\"},\"sameAs\":[\"https:\/\/www.facebook.com\/Portal-Notcia-Em-Pauta-102292869264820\/\",\"https:\/\/www.instagram.com\/portalnoticiaempauta\/\"]},{\"@type\":\"Person\",\"@id\":\"https:\/\/noticiaempauta.com\/portal\/#\/schema\/person\/a74af43dd1ab3deca45f988c717d57ac\",\"name\":\"Reda\u00e7\u00e3o\",\"image\":{\"@type\":\"ImageObject\",\"inLanguage\":\"pt-BR\",\"@id\":\"https:\/\/noticiaempauta.com\/portal\/#\/schema\/person\/image\/\",\"url\":\"https:\/\/secure.gravatar.com\/avatar\/03179346ecce6cdfc13361603e8f54242a90e5cde8618fa23c5c00aa2b0aadf3?s=96&d=mm&r=g\",\"contentUrl\":\"https:\/\/secure.gravatar.com\/avatar\/03179346ecce6cdfc13361603e8f54242a90e5cde8618fa23c5c00aa2b0aadf3?s=96&d=mm&r=g\",\"caption\":\"Reda\u00e7\u00e3o\"},\"sameAs\":[\"https:\/\/noticiaempauta.com\/portal\/\"],\"url\":\"https:\/\/noticiaempauta.com\/portal\/author\/fernando\/\"}]}<\/script>\n<!-- \/ Yoast SEO Premium plugin. -->","yoast_head_json":{"title":"Governo do Piau\u00ed lan\u00e7a processo seletivo simplificado com 128 vagas para a Sasc - Portal Not\u00edcia em Pauta","robots":{"index":"index","follow":"follow","max-snippet":"max-snippet:-1","max-image-preview":"max-image-preview:large","max-video-preview":"max-video-preview:-1"},"canonical":"https:\/\/noticiaempauta.com\/portal\/governo-do-piaui-lanca-processo-seletivo-simplificado-com-128-vagas-para-a-sasc\/","og_locale":"pt_BR","og_type":"article","og_title":"Governo do Piau\u00ed lan\u00e7a processo seletivo simplificado com 128 vagas para a Sasc","og_description":"O Governo do Estado do Piau\u00ed, por meio da Secretaria da Administra\u00e7\u00e3o (Sead), lan\u00e7ou edital para processo seletivo simplificado destinado a contrata\u00e7\u00f5es para os cargos de n\u00edvel m\u00e9dio e superior, para atuarem na Secretaria da Assist\u00eancia Social, Trabalho e Direitos Humanos do Estado do Piau\u00ed (Sasc), nos munic\u00edpios de Teresina, Picos e Parna\u00edba. S\u00e3o 128 [&hellip;]","og_url":"https:\/\/noticiaempauta.com\/portal\/governo-do-piaui-lanca-processo-seletivo-simplificado-com-128-vagas-para-a-sasc\/","og_site_name":"Portal Not\u00edcia em Pauta","article_publisher":"https:\/\/www.facebook.com\/Portal-Notcia-Em-Pauta-102292869264820\/","article_published_time":"2024-07-07T22:03:30+00:00","article_modified_time":"2024-07-07T22:03:31+00:00","og_image":[{"width":790,"height":541,"url":"https:\/\/noticiaempauta.com\/portal\/wp-content\/uploads\/2022\/10\/karnak.jpg","type":"image\/jpeg"}],"author":"Reda\u00e7\u00e3o","twitter_card":"summary_large_image","twitter_misc":{"Escrito por":"Reda\u00e7\u00e3o","Est. tempo de leitura":"2 minutos"},"schema":{"@context":"https:\/\/schema.org","@graph":[{"@type":"Article","@id":"https:\/\/noticiaempauta.com\/portal\/governo-do-piaui-lanca-processo-seletivo-simplificado-com-128-vagas-para-a-sasc\/#article","isPartOf":{"@id":"https:\/\/noticiaempauta.com\/portal\/governo-do-piaui-lanca-processo-seletivo-simplificado-com-128-vagas-para-a-sasc\/"},"author":{"name":"Reda\u00e7\u00e3o","@id":"https:\/\/noticiaempauta.com\/portal\/#\/schema\/person\/a74af43dd1ab3deca45f988c717d57ac"},"headline":"Governo do Piau\u00ed lan\u00e7a processo seletivo simplificado com 128 vagas para a Sasc","datePublished":"2024-07-07T22:03:30+00:00","dateModified":"2024-07-07T22:03:31+00:00","mainEntityOfPage":{"@id":"https:\/\/noticiaempauta.com\/portal\/governo-do-piaui-lanca-processo-seletivo-simplificado-com-128-vagas-para-a-sasc\/"},"wordCount":350,"commentCount":0,"publisher":{"@id":"https:\/\/noticiaempauta.com\/portal\/#organization"},"image":{"@id":"https:\/\/noticiaempauta.com\/portal\/governo-do-piaui-lanca-processo-seletivo-simplificado-com-128-vagas-para-a-sasc\/#primaryimage"},"thumbnailUrl":"https:\/\/noticiaempauta.com\/portal\/wp-content\/uploads\/2022\/10\/karnak.jpg","keywords":["destaqueprincipal"],"articleSection":["Destaques","Geral","Todas as Not\u00edcias"],"inLanguage":"pt-BR","potentialAction":[{"@type":"CommentAction","name":"Comment","target":["https:\/\/noticiaempauta.com\/portal\/governo-do-piaui-lanca-processo-seletivo-simplificado-com-128-vagas-para-a-sasc\/#respond"]}]},{"@type":"WebPage","@id":"https:\/\/noticiaempauta.com\/portal\/governo-do-piaui-lanca-processo-seletivo-simplificado-com-128-vagas-para-a-sasc\/","url":"https:\/\/noticiaempauta.com\/portal\/governo-do-piaui-lanca-processo-seletivo-simplificado-com-128-vagas-para-a-sasc\/","name":"Governo do Piau\u00ed lan\u00e7a processo seletivo simplificado com 128 vagas para a Sasc - Portal Not\u00edcia em Pauta","isPartOf":{"@id":"https:\/\/noticiaempauta.com\/portal\/#website"},"primaryImageOfPage":{"@id":"https:\/\/noticiaempauta.com\/portal\/governo-do-piaui-lanca-processo-seletivo-simplificado-com-128-vagas-para-a-sasc\/#primaryimage"},"image":{"@id":"https:\/\/noticiaempauta.com\/portal\/governo-do-piaui-lanca-processo-seletivo-simplificado-com-128-vagas-para-a-sasc\/#primaryimage"},"thumbnailUrl":"https:\/\/noticiaempauta.com\/portal\/wp-content\/uploads\/2022\/10\/karnak.jpg","datePublished":"2024-07-07T22:03:30+00:00","dateModified":"2024-07-07T22:03:31+00:00","breadcrumb":{"@id":"https:\/\/noticiaempauta.com\/portal\/governo-do-piaui-lanca-processo-seletivo-simplificado-com-128-vagas-para-a-sasc\/#breadcrumb"},"inLanguage":"pt-BR","potentialAction":[{"@type":"ReadAction","target":["https:\/\/noticiaempauta.com\/portal\/governo-do-piaui-lanca-processo-seletivo-simplificado-com-128-vagas-para-a-sasc\/"]}]},{"@type":"ImageObject","inLanguage":"pt-BR","@id":"https:\/\/noticiaempauta.com\/portal\/governo-do-piaui-lanca-processo-seletivo-simplificado-com-128-vagas-para-a-sasc\/#primaryimage","url":"https:\/\/noticiaempauta.com\/portal\/wp-content\/uploads\/2022\/10\/karnak.jpg","contentUrl":"https:\/\/noticiaempauta.com\/portal\/wp-content\/uploads\/2022\/10\/karnak.jpg","width":790,"height":541,"caption":"Foto: Arquivo\/ Cidadeverde.com"},{"@type":"BreadcrumbList","@id":"https:\/\/noticiaempauta.com\/portal\/governo-do-piaui-lanca-processo-seletivo-simplificado-com-128-vagas-para-a-sasc\/#breadcrumb","itemListElement":[{"@type":"ListItem","position":1,"name":"P\u00e1gina Inicial","item":"https:\/\/noticiaempauta.com\/portal\/"},{"@type":"ListItem","position":2,"name":"Destaques","item":"https:\/\/noticiaempauta.com\/portal\/destaques-site\/"},{"@type":"ListItem","position":3,"name":"Governo do Piau\u00ed lan\u00e7a processo seletivo simplificado com 128 vagas para a Sasc"}]},{"@type":"WebSite","@id":"https:\/\/noticiaempauta.com\/portal\/#website","url":"https:\/\/noticiaempauta.com\/portal\/","name":"Portal Not\u00edcia em Pauta","description":"Voc\u00ea bem informado","publisher":{"@id":"https:\/\/noticiaempauta.com\/portal\/#organization"},"potentialAction":[{"@type":"SearchAction","target":{"@type":"EntryPoint","urlTemplate":"https:\/\/noticiaempauta.com\/portal\/?s={search_term_string}"},"query-input":{"@type":"PropertyValueSpecification","valueRequired":true,"valueName":"search_term_string"}}],"inLanguage":"pt-BR"},{"@type":"Organization","@id":"https:\/\/noticiaempauta.com\/portal\/#organization","name":"Portal Not\u00edcia em Pauta","url":"https:\/\/noticiaempauta.com\/portal\/","logo":{"@type":"ImageObject","inLanguage":"pt-BR","@id":"https:\/\/noticiaempauta.com\/portal\/#\/schema\/logo\/image\/","url":"https:\/\/noticiaempauta.com\/portal\/wp-content\/uploads\/2022\/08\/logomarca_tema.fw_.png","contentUrl":"https:\/\/noticiaempauta.com\/portal\/wp-content\/uploads\/2022\/08\/logomarca_tema.fw_.png","width":400,"height":232,"caption":"Portal Not\u00edcia em Pauta"},"image":{"@id":"https:\/\/noticiaempauta.com\/portal\/#\/schema\/logo\/image\/"},"sameAs":["https:\/\/www.facebook.com\/Portal-Notcia-Em-Pauta-102292869264820\/","https:\/\/www.instagram.com\/portalnoticiaempauta\/"]},{"@type":"Person","@id":"https:\/\/noticiaempauta.com\/portal\/#\/schema\/person\/a74af43dd1ab3deca45f988c717d57ac","name":"Reda\u00e7\u00e3o","image":{"@type":"ImageObject","inLanguage":"pt-BR","@id":"https:\/\/noticiaempauta.com\/portal\/#\/schema\/person\/image\/","url":"https:\/\/secure.gravatar.com\/avatar\/03179346ecce6cdfc13361603e8f54242a90e5cde8618fa23c5c00aa2b0aadf3?s=96&d=mm&r=g","contentUrl":"https:\/\/secure.gravatar.com\/avatar\/03179346ecce6cdfc13361603e8f54242a90e5cde8618fa23c5c00aa2b0aadf3?s=96&d=mm&r=g","caption":"Reda\u00e7\u00e3o"},"sameAs":["https:\/\/noticiaempauta.com\/portal\/"],"url":"https:\/\/noticiaempauta.com\/portal\/author\/fernando\/"}]}},"_links":{"self":[{"href":"https:\/\/noticiaempauta.com\/portal\/wp-json\/wp\/v2\/posts\/259578","targetHints":{"allow":["GET"]}}],"collection":[{"href":"https:\/\/noticiaempauta.com\/portal\/wp-json\/wp\/v2\/posts"}],"about":[{"href":"https:\/\/noticiaempauta.com\/portal\/wp-json\/wp\/v2\/types\/post"}],"author":[{"embeddable":true,"href":"https:\/\/noticiaempauta.com\/portal\/wp-json\/wp\/v2\/users\/2"}],"replies":[{"embeddable":true,"href":"https:\/\/noticiaempauta.com\/portal\/wp-json\/wp\/v2\/comments?post=259578"}],"version-history":[{"count":2,"href":"https:\/\/noticiaempauta.com\/portal\/wp-json\/wp\/v2\/posts\/259578\/revisions"}],"predecessor-version":[{"id":259580,"href":"https:\/\/noticiaempauta.com\/portal\/wp-json\/wp\/v2\/posts\/259578\/revisions\/259580"}],"wp:featuredmedia":[{"embeddable":true,"href":"https:\/\/noticiaempauta.com\/portal\/wp-json\/wp\/v2\/media\/241860"}],"wp:attachment":[{"href":"https:\/\/noticiaempauta.com\/portal\/wp-json\/wp\/v2\/media?parent=259578"}],"wp:term":[{"taxonomy":"category","embeddable":true,"href":"https:\/\/noticiaempauta.com\/portal\/wp-json\/wp\/v2\/categories?post=259578"},{"taxonomy":"post_tag","embeddable":true,"href":"https:\/\/noticiaempauta.com\/portal\/wp-json\/wp\/v2\/tags?post=259578"}],"curies":[{"name":"wp","href":"https:\/\/api.w.org\/{rel}","templated":true}]}}