{"id":259633,"date":"2024-07-09T11:02:51","date_gmt":"2024-07-09T14:02:51","guid":{"rendered":"https:\/\/noticiaempauta.com\/portal\/?p=259633"},"modified":"2024-07-09T11:02:52","modified_gmt":"2024-07-09T14:02:52","slug":"fe-e-tradicao-paroquia-de-monsenhor-hipolito-divulga-programacao-completa-do-117o-festejo-de-santa-ana","status":"publish","type":"post","link":"https:\/\/noticiaempauta.com\/portal\/fe-e-tradicao-paroquia-de-monsenhor-hipolito-divulga-programacao-completa-do-117o-festejo-de-santa-ana\/","title":{"rendered":"F\u00e9 e Tradi\u00e7\u00e3o | Par\u00f3quia de Monsenhor Hip\u00f3lito divulga programa\u00e7\u00e3o completa do 117\u00ba Festejo de Santa Ana"},"content":{"rendered":"\n<p>A partir do pr\u00f3ximo dia 17 de julho, a comunidade cat\u00f3lica de Monsenhor Hip\u00f3lito ir\u00e1 vivenciar momentos de f\u00e9 e devo\u00e7\u00e3o com a realiza\u00e7\u00e3o do cent\u00e9simo d\u00e9cimo s\u00e9timo Festejo de Santa Ana, padroeira do munic\u00edpio.<\/p>\n\n\n\n<p>Ao longo dos anos, o festejo se tornou uma tradi\u00e7\u00e3o, reunindo os fi\u00e9is cat\u00f3licos, devotos e visitantes que com muito fervor celebram a festividade.<\/p>\n\n\n\n<p>No dia 17, uma quarta-feira, a programa\u00e7\u00e3o inicia \u00e0s 04h com a alvorada festiva, seguido do hasteamento da bandeira. \u00c0s 18h30 acontece a medita\u00e7\u00e3o do ter\u00e7o e \u00e0s 19h a missa\/novena. Neste ano, os fi\u00e9is v\u00e3o refletir sobre o tema: \u201cPerseverar na f\u00e9 e viver na ora\u00e7\u00e3o\u201d.<\/p>\n\n\n\n<p>A Par\u00f3quia Santa Ana \u00e9 dirigida pelo p\u00e1roco padre Ant\u00f4nio Mendes Neto. Ele falou a expectativa para o festejo e tamb\u00e9m convida a popula\u00e7\u00e3o para participar da programa\u00e7\u00e3o.<\/p>\n\n\n\n<p>\u201cQue esse festejo seja um momento de gra\u00e7a e uma oportunidade para reavivarmos a nossa f\u00e9 em Deus, de propagarmos o esp\u00edrito de ora\u00e7\u00e3o, e comunh\u00e3o fraterna. Que este momento jubilar vivenciado em nossa Par\u00f3quia seja um momento de gra\u00e7as alcan\u00e7adas na vida de todos os fi\u00e9is devotos. Queremos tamb\u00e9m convidar toda popula\u00e7\u00e3o para celebrar conosco esse momento especial\u201d, frisou.<\/p>\n\n\n\n<p><strong>Veja a programa\u00e7\u00e3o completa:<\/strong><\/p>\n\n\n\n<p><strong>TODOS OS DIAS HAVER\u00c1<\/strong><\/p>\n\n\n\n<p>05 \u2013 Of\u00edcio da Imaculada Concei\u00e7\u00e3o<\/p>\n\n\n\n<p>(Respons\u00e1veis: Noit\u00e1rios)<\/p>\n\n\n\n<p>18h30 \u2013 Medita\u00e7\u00e3o do ter\u00e7o<\/p>\n\n\n\n<p>19h \u2013 Missa\/Novena<\/p>\n\n\n\n<p><strong>DIA 17\/07 \u2013 QUARTA-FEIRA<\/strong><\/p>\n\n\n\n<p>04h \u2013 Alvorada festiva<\/p>\n\n\n\n<p>06h- Hasteamento da bandeira<\/p>\n\n\n\n<p>Pregador: Padre Francisco Moura (Santo Ant\u00f4nio de Lisboa<\/p>\n\n\n\n<p>Noit\u00e1rios: Apostolado da ora\u00e7\u00e3o, oficial da Imaculada Concei\u00e7\u00e3o<\/p>\n\n\n\n<p>Convidados: Os membros do Apostolado da Ora\u00e7\u00e3o da sede e das comunidades rurais e a comunidade em geral<\/p>\n\n\n\n<p>Quermesse: Noit\u00e1rios<\/p>\n\n\n\n<p><strong>DIA 18\/07 \u2013 QUINTA-FEIRA<\/strong><\/p>\n\n\n\n<p>Pregador: Padre Francisco de Assis (Itain\u00f3polis)<\/p>\n\n\n\n<p>Noit\u00e1rios: Grupo M\u00e3e Rainha, Catequese, RCC e Pastoral da Crian\u00e7a<\/p>\n\n\n\n<p>Convidados: Rede Estadual de Ensino UEJAB e CETJAB, paroquianos e a comunidade em geral<\/p>\n\n\n\n<p>Quermesse: Noit\u00e1rios<\/p>\n\n\n\n<p><strong>DIA 19\/07 \u2013 SEXTA-FEIRA<\/strong><\/p>\n\n\n\n<p>Pregador: Padre Sebasti\u00e3o Santos (Francisco Santos)<\/p>\n\n\n\n<p>Noit\u00e1rios: Ter\u00e7o dos Homens<\/p>\n\n\n\n<p>Convidados: Secretaria de Sa\u00fade, Hospital Em\u00edlia de S\u00e1 Bezerra e a comunidade em geral<\/p>\n\n\n\n<p><strong>DIA 20\/07 \u2013 S\u00c1BADO<\/strong><\/p>\n\n\n\n<p>10h \u2013 Batizados<\/p>\n\n\n\n<p>Pregador: Padre Cl\u00e1udio Carvalho (Dom Expedito Lopes)<\/p>\n\n\n\n<p>Noit\u00e1rios: Ter\u00e7o das Mulheres<\/p>\n\n\n\n<p>Convidados: Ter\u00e7o das Mulheres das comunidades e a comunidade em geral<\/p>\n\n\n\n<p>Quermesse: Noit\u00e1rios<\/p>\n\n\n\n<p><strong>DIA 21\/07 \u2013 DOMINGO<\/strong><\/p>\n\n\n\n<p>Pregador: Padre Erm\u00ednio Aquino (Picos)<\/p>\n\n\n\n<p>Noit\u00e1rios: Pastoral da Juventude, Pastoral do D\u00edzimo e Grupos de Crisma<\/p>\n\n\n\n<p>Convidados: Pastoral da Juventude, Grupos de Crisma da sede e das comunidades e todos os dizimistas e a comunidade em geral<\/p>\n\n\n\n<p>Quermesse: Noit\u00e1rios<\/p>\n\n\n\n<p><strong>DIA 22\/07 \u2013 SEGUNDA-FEIRA<\/strong><\/p>\n\n\n\n<p>Pregador: Padre S\u00e9rgio Moura (S\u00e3o Jo\u00e3o da Canabrava)<\/p>\n\n\n\n<p>Noit\u00e1rios: M\u00e3os ensanguentadas de Jesus<\/p>\n\n\n\n<p>Convidados: Secretaria Municipal de Educa\u00e7\u00e3o, Educadores, Conselhos Municipais, Sindicato dos Trabalhadores em Educa\u00e7\u00e3o e a comunidade em geral<\/p>\n\n\n\n<p>Quermesse: Noit\u00e1rios<\/p>\n\n\n\n<p><strong>DIA 23\/07 \u2013 TER\u00c7A-FEIRA<\/strong><\/p>\n\n\n\n<p>Pregador: Padre Feliciano Dias (Picos)<\/p>\n\n\n\n<p>Noit\u00e1rios: Os III Poderes P\u00fablicos (Executivo, Legislativo e Judici\u00e1rio)<\/p>\n\n\n\n<p>Convidados: Servidores p\u00fablicos, Secretaria Municipal de Cultura, vereadores, seguran\u00e7a e chefe do cart\u00f3rio<\/p>\n\n\n\n<p>Quermesse: Noit\u00e1rios<\/p>\n\n\n\n<p><strong>DIA 24\/07 \u2013 QUARTA-FEIRA<\/strong><\/p>\n\n\n\n<p>09h \u2013 Missa dos idosos\/enfermos<\/p>\n\n\n\n<p>Respons\u00e1veis: (PPI, setores, Secretaria de Assist\u00eancia Social e MESCE)<\/p>\n\n\n\n<p>Pregador: Padre Edivaldo Silva (Sim\u00f5es)<\/p>\n\n\n\n<p>Noit\u00e1rios: Alagoinha do Piau\u00ed e Campo Grande do P\u00ecau\u00ed<\/p>\n\n\n\n<p>Convidados: Todos os paroquianos, Assist\u00eancia Social, comunidade em geral e os setores: I, II, III, IV<\/p>\n\n\n\n<p>Quermesse: Setores: I, II, III, IV e Secretaria Municipal de Assist\u00eancia Social<\/p>\n\n\n\n<p><strong>DIA 25\/07 \u2013 QUINTA-FEIRA<\/strong><\/p>\n\n\n\n<p>Confiss\u00f5es: 09h \u00e0s 11h30<\/p>\n\n\n\n<p>Pregador: Dom Edilson Nobre (Oeiras)<\/p>\n\n\n\n<p>Noit\u00e1rios: Comunidades rurais, Sindicato dos Trabalhadores e visitantes<\/p>\n\n\n\n<p>Convidados: Secretaria de Agricultura, Sindicatos dos Trabalhadores Rurais, visitantes e a comunidade em geral<\/p>\n\n\n\n<p>Quermesse: Noit\u00e1rios<\/p>\n\n\n\n<p>Grande leil\u00e3o da padroeira Santa Ana<\/p>\n\n\n\n<p><strong>DIA 26\/07 \u2013 SEXTA-FEIRA<\/strong><\/p>\n\n\n\n<p>09h \u2013 Missa da festa de Santa Ana e S\u00e3o Joaquim<\/p>\n\n\n\n<p>Pregador: Dom Pl\u00ednio<\/p>\n\n\n\n<p>Equipe liturgia: Conselho econ\u00f4mico, Conselho de Pastoral e setores: I, II, III, IV<\/p>\n\n\n\n<p><strong>Liturgia do dia<\/strong><\/p>\n\n\n\n<p>15h \u2013 A\u00e7\u00e3o de Gra\u00e7as pelos 67 anos de emancipa\u00e7\u00e3o pol\u00edtica do munic\u00edpio de Monsenhor Hip\u00f3lito. Ap\u00f3s a missa, a prociss\u00e3o com as imagens (Santa Ana e S\u00e3o Joaquim) pelas ruas da cidade, ben\u00e7\u00e3o do sant\u00edssimo sacramento e arreamento da bandeira<\/p>\n\n\n\n<p>17h \u2013 Sorteio da rifa da padroeira<\/p>\n\n\n\n<p>As missas\/novenas ser\u00e3o transmitidas pelo Facebook Padroeira Santa Ana<\/p>\n\n\n\n<p><strong><em>Fonte: CidadesnaNet<\/em><\/strong><\/p>\n","protected":false},"excerpt":{"rendered":"<p>A partir do pr\u00f3ximo dia 17 de julho, a comunidade cat\u00f3lica de Monsenhor Hip\u00f3lito ir\u00e1 vivenciar momentos de f\u00e9 e devo\u00e7\u00e3o com a realiza\u00e7\u00e3o do cent\u00e9simo d\u00e9cimo s\u00e9timo Festejo de Santa Ana, padroeira do munic\u00edpio. Ao longo dos anos, o festejo se tornou uma tradi\u00e7\u00e3o, reunindo os fi\u00e9is cat\u00f3licos, devotos e visitantes que com muito [&hellip;]<\/p>\n","protected":false},"author":2,"featured_media":259634,"comment_status":"open","ping_status":"open","sticky":false,"template":"","format":"standard","meta":{"_mi_skip_tracking":false,"footnotes":""},"categories":[25,1,9,16],"tags":[192],"class_list":["post-259633","post","type-post","status-publish","format-standard","has-post-thumbnail","hentry","category-destaques-site","category-geral","category-municipios","category-todas","tag-destaqueprincipal"],"acf":[],"yoast_head":"<!-- This site is optimized with the Yoast SEO Premium plugin v19.2 (Yoast SEO v26.9) - https:\/\/yoast.com\/product\/yoast-seo-premium-wordpress\/ -->\n<title>F\u00e9 e Tradi\u00e7\u00e3o | Par\u00f3quia de Monsenhor Hip\u00f3lito divulga programa\u00e7\u00e3o completa do 117\u00ba Festejo de Santa Ana - Portal Not\u00edcia em Pauta<\/title>\n<meta name=\"robots\" content=\"index, follow, max-snippet:-1, max-image-preview:large, max-video-preview:-1\" \/>\n<link rel=\"canonical\" href=\"https:\/\/noticiaempauta.com\/portal\/fe-e-tradicao-paroquia-de-monsenhor-hipolito-divulga-programacao-completa-do-117o-festejo-de-santa-ana\/\" \/>\n<meta property=\"og:locale\" content=\"pt_BR\" \/>\n<meta property=\"og:type\" content=\"article\" \/>\n<meta property=\"og:title\" content=\"F\u00e9 e Tradi\u00e7\u00e3o | Par\u00f3quia de Monsenhor Hip\u00f3lito divulga programa\u00e7\u00e3o completa do 117\u00ba Festejo de Santa Ana\" \/>\n<meta property=\"og:description\" content=\"A partir do pr\u00f3ximo dia 17 de julho, a comunidade cat\u00f3lica de Monsenhor Hip\u00f3lito ir\u00e1 vivenciar momentos de f\u00e9 e devo\u00e7\u00e3o com a realiza\u00e7\u00e3o do cent\u00e9simo d\u00e9cimo s\u00e9timo Festejo de Santa Ana, padroeira do munic\u00edpio. Ao longo dos anos, o festejo se tornou uma tradi\u00e7\u00e3o, reunindo os fi\u00e9is cat\u00f3licos, devotos e visitantes que com muito [&hellip;]\" \/>\n<meta property=\"og:url\" content=\"https:\/\/noticiaempauta.com\/portal\/fe-e-tradicao-paroquia-de-monsenhor-hipolito-divulga-programacao-completa-do-117o-festejo-de-santa-ana\/\" \/>\n<meta property=\"og:site_name\" content=\"Portal Not\u00edcia em Pauta\" \/>\n<meta property=\"article:publisher\" content=\"https:\/\/www.facebook.com\/Portal-Notcia-Em-Pauta-102292869264820\/\" \/>\n<meta property=\"article:published_time\" content=\"2024-07-09T14:02:51+00:00\" \/>\n<meta property=\"article:modified_time\" content=\"2024-07-09T14:02:52+00:00\" \/>\n<meta property=\"og:image\" content=\"https:\/\/noticiaempauta.com\/portal\/wp-content\/uploads\/2024\/07\/img_6851.jpg\" \/>\n\t<meta property=\"og:image:width\" content=\"678\" \/>\n\t<meta property=\"og:image:height\" content=\"452\" \/>\n\t<meta property=\"og:image:type\" content=\"image\/jpeg\" \/>\n<meta name=\"author\" content=\"Reda\u00e7\u00e3o\" \/>\n<meta name=\"twitter:card\" content=\"summary_large_image\" \/>\n<meta name=\"twitter:label1\" content=\"Escrito por\" \/>\n\t<meta name=\"twitter:data1\" content=\"Reda\u00e7\u00e3o\" \/>\n\t<meta name=\"twitter:label2\" content=\"Est. tempo de leitura\" \/>\n\t<meta name=\"twitter:data2\" content=\"4 minutos\" \/>\n<script type=\"application\/ld+json\" class=\"yoast-schema-graph\">{\"@context\":\"https:\/\/schema.org\",\"@graph\":[{\"@type\":\"Article\",\"@id\":\"https:\/\/noticiaempauta.com\/portal\/fe-e-tradicao-paroquia-de-monsenhor-hipolito-divulga-programacao-completa-do-117o-festejo-de-santa-ana\/#article\",\"isPartOf\":{\"@id\":\"https:\/\/noticiaempauta.com\/portal\/fe-e-tradicao-paroquia-de-monsenhor-hipolito-divulga-programacao-completa-do-117o-festejo-de-santa-ana\/\"},\"author\":{\"name\":\"Reda\u00e7\u00e3o\",\"@id\":\"https:\/\/noticiaempauta.com\/portal\/#\/schema\/person\/a74af43dd1ab3deca45f988c717d57ac\"},\"headline\":\"F\u00e9 e Tradi\u00e7\u00e3o | Par\u00f3quia de Monsenhor Hip\u00f3lito divulga programa\u00e7\u00e3o completa do 117\u00ba Festejo de Santa Ana\",\"datePublished\":\"2024-07-09T14:02:51+00:00\",\"dateModified\":\"2024-07-09T14:02:52+00:00\",\"mainEntityOfPage\":{\"@id\":\"https:\/\/noticiaempauta.com\/portal\/fe-e-tradicao-paroquia-de-monsenhor-hipolito-divulga-programacao-completa-do-117o-festejo-de-santa-ana\/\"},\"wordCount\":768,\"commentCount\":0,\"publisher\":{\"@id\":\"https:\/\/noticiaempauta.com\/portal\/#organization\"},\"image\":{\"@id\":\"https:\/\/noticiaempauta.com\/portal\/fe-e-tradicao-paroquia-de-monsenhor-hipolito-divulga-programacao-completa-do-117o-festejo-de-santa-ana\/#primaryimage\"},\"thumbnailUrl\":\"https:\/\/noticiaempauta.com\/portal\/wp-content\/uploads\/2024\/07\/img_6851.jpg\",\"keywords\":[\"destaqueprincipal\"],\"articleSection\":[\"Destaques\",\"Geral\",\"Munic\u00edpios\",\"Todas as Not\u00edcias\"],\"inLanguage\":\"pt-BR\",\"potentialAction\":[{\"@type\":\"CommentAction\",\"name\":\"Comment\",\"target\":[\"https:\/\/noticiaempauta.com\/portal\/fe-e-tradicao-paroquia-de-monsenhor-hipolito-divulga-programacao-completa-do-117o-festejo-de-santa-ana\/#respond\"]}]},{\"@type\":\"WebPage\",\"@id\":\"https:\/\/noticiaempauta.com\/portal\/fe-e-tradicao-paroquia-de-monsenhor-hipolito-divulga-programacao-completa-do-117o-festejo-de-santa-ana\/\",\"url\":\"https:\/\/noticiaempauta.com\/portal\/fe-e-tradicao-paroquia-de-monsenhor-hipolito-divulga-programacao-completa-do-117o-festejo-de-santa-ana\/\",\"name\":\"F\u00e9 e Tradi\u00e7\u00e3o | Par\u00f3quia de Monsenhor Hip\u00f3lito divulga programa\u00e7\u00e3o completa do 117\u00ba Festejo de Santa Ana - Portal Not\u00edcia em Pauta\",\"isPartOf\":{\"@id\":\"https:\/\/noticiaempauta.com\/portal\/#website\"},\"primaryImageOfPage\":{\"@id\":\"https:\/\/noticiaempauta.com\/portal\/fe-e-tradicao-paroquia-de-monsenhor-hipolito-divulga-programacao-completa-do-117o-festejo-de-santa-ana\/#primaryimage\"},\"image\":{\"@id\":\"https:\/\/noticiaempauta.com\/portal\/fe-e-tradicao-paroquia-de-monsenhor-hipolito-divulga-programacao-completa-do-117o-festejo-de-santa-ana\/#primaryimage\"},\"thumbnailUrl\":\"https:\/\/noticiaempauta.com\/portal\/wp-content\/uploads\/2024\/07\/img_6851.jpg\",\"datePublished\":\"2024-07-09T14:02:51+00:00\",\"dateModified\":\"2024-07-09T14:02:52+00:00\",\"breadcrumb\":{\"@id\":\"https:\/\/noticiaempauta.com\/portal\/fe-e-tradicao-paroquia-de-monsenhor-hipolito-divulga-programacao-completa-do-117o-festejo-de-santa-ana\/#breadcrumb\"},\"inLanguage\":\"pt-BR\",\"potentialAction\":[{\"@type\":\"ReadAction\",\"target\":[\"https:\/\/noticiaempauta.com\/portal\/fe-e-tradicao-paroquia-de-monsenhor-hipolito-divulga-programacao-completa-do-117o-festejo-de-santa-ana\/\"]}]},{\"@type\":\"ImageObject\",\"inLanguage\":\"pt-BR\",\"@id\":\"https:\/\/noticiaempauta.com\/portal\/fe-e-tradicao-paroquia-de-monsenhor-hipolito-divulga-programacao-completa-do-117o-festejo-de-santa-ana\/#primaryimage\",\"url\":\"https:\/\/noticiaempauta.com\/portal\/wp-content\/uploads\/2024\/07\/img_6851.jpg\",\"contentUrl\":\"https:\/\/noticiaempauta.com\/portal\/wp-content\/uploads\/2024\/07\/img_6851.jpg\",\"width\":678,\"height\":452,\"caption\":\"(Foto: Reprodu\u00e7\u00e3o)\"},{\"@type\":\"BreadcrumbList\",\"@id\":\"https:\/\/noticiaempauta.com\/portal\/fe-e-tradicao-paroquia-de-monsenhor-hipolito-divulga-programacao-completa-do-117o-festejo-de-santa-ana\/#breadcrumb\",\"itemListElement\":[{\"@type\":\"ListItem\",\"position\":1,\"name\":\"P\u00e1gina Inicial\",\"item\":\"https:\/\/noticiaempauta.com\/portal\/\"},{\"@type\":\"ListItem\",\"position\":2,\"name\":\"Destaques\",\"item\":\"https:\/\/noticiaempauta.com\/portal\/destaques-site\/\"},{\"@type\":\"ListItem\",\"position\":3,\"name\":\"F\u00e9 e Tradi\u00e7\u00e3o | Par\u00f3quia de Monsenhor Hip\u00f3lito divulga programa\u00e7\u00e3o completa do 117\u00ba Festejo de Santa Ana\"}]},{\"@type\":\"WebSite\",\"@id\":\"https:\/\/noticiaempauta.com\/portal\/#website\",\"url\":\"https:\/\/noticiaempauta.com\/portal\/\",\"name\":\"Portal Not\u00edcia em Pauta\",\"description\":\"Voc\u00ea bem informado\",\"publisher\":{\"@id\":\"https:\/\/noticiaempauta.com\/portal\/#organization\"},\"potentialAction\":[{\"@type\":\"SearchAction\",\"target\":{\"@type\":\"EntryPoint\",\"urlTemplate\":\"https:\/\/noticiaempauta.com\/portal\/?s={search_term_string}\"},\"query-input\":{\"@type\":\"PropertyValueSpecification\",\"valueRequired\":true,\"valueName\":\"search_term_string\"}}],\"inLanguage\":\"pt-BR\"},{\"@type\":\"Organization\",\"@id\":\"https:\/\/noticiaempauta.com\/portal\/#organization\",\"name\":\"Portal Not\u00edcia em Pauta\",\"url\":\"https:\/\/noticiaempauta.com\/portal\/\",\"logo\":{\"@type\":\"ImageObject\",\"inLanguage\":\"pt-BR\",\"@id\":\"https:\/\/noticiaempauta.com\/portal\/#\/schema\/logo\/image\/\",\"url\":\"https:\/\/noticiaempauta.com\/portal\/wp-content\/uploads\/2022\/08\/logomarca_tema.fw_.png\",\"contentUrl\":\"https:\/\/noticiaempauta.com\/portal\/wp-content\/uploads\/2022\/08\/logomarca_tema.fw_.png\",\"width\":400,\"height\":232,\"caption\":\"Portal Not\u00edcia em Pauta\"},\"image\":{\"@id\":\"https:\/\/noticiaempauta.com\/portal\/#\/schema\/logo\/image\/\"},\"sameAs\":[\"https:\/\/www.facebook.com\/Portal-Notcia-Em-Pauta-102292869264820\/\",\"https:\/\/www.instagram.com\/portalnoticiaempauta\/\"]},{\"@type\":\"Person\",\"@id\":\"https:\/\/noticiaempauta.com\/portal\/#\/schema\/person\/a74af43dd1ab3deca45f988c717d57ac\",\"name\":\"Reda\u00e7\u00e3o\",\"image\":{\"@type\":\"ImageObject\",\"inLanguage\":\"pt-BR\",\"@id\":\"https:\/\/noticiaempauta.com\/portal\/#\/schema\/person\/image\/\",\"url\":\"https:\/\/secure.gravatar.com\/avatar\/03179346ecce6cdfc13361603e8f54242a90e5cde8618fa23c5c00aa2b0aadf3?s=96&d=mm&r=g\",\"contentUrl\":\"https:\/\/secure.gravatar.com\/avatar\/03179346ecce6cdfc13361603e8f54242a90e5cde8618fa23c5c00aa2b0aadf3?s=96&d=mm&r=g\",\"caption\":\"Reda\u00e7\u00e3o\"},\"sameAs\":[\"https:\/\/noticiaempauta.com\/portal\/\"],\"url\":\"https:\/\/noticiaempauta.com\/portal\/author\/fernando\/\"}]}<\/script>\n<!-- \/ Yoast SEO Premium plugin. -->","yoast_head_json":{"title":"F\u00e9 e Tradi\u00e7\u00e3o | Par\u00f3quia de Monsenhor Hip\u00f3lito divulga programa\u00e7\u00e3o completa do 117\u00ba Festejo de Santa Ana - Portal Not\u00edcia em Pauta","robots":{"index":"index","follow":"follow","max-snippet":"max-snippet:-1","max-image-preview":"max-image-preview:large","max-video-preview":"max-video-preview:-1"},"canonical":"https:\/\/noticiaempauta.com\/portal\/fe-e-tradicao-paroquia-de-monsenhor-hipolito-divulga-programacao-completa-do-117o-festejo-de-santa-ana\/","og_locale":"pt_BR","og_type":"article","og_title":"F\u00e9 e Tradi\u00e7\u00e3o | Par\u00f3quia de Monsenhor Hip\u00f3lito divulga programa\u00e7\u00e3o completa do 117\u00ba Festejo de Santa Ana","og_description":"A partir do pr\u00f3ximo dia 17 de julho, a comunidade cat\u00f3lica de Monsenhor Hip\u00f3lito ir\u00e1 vivenciar momentos de f\u00e9 e devo\u00e7\u00e3o com a realiza\u00e7\u00e3o do cent\u00e9simo d\u00e9cimo s\u00e9timo Festejo de Santa Ana, padroeira do munic\u00edpio. Ao longo dos anos, o festejo se tornou uma tradi\u00e7\u00e3o, reunindo os fi\u00e9is cat\u00f3licos, devotos e visitantes que com muito [&hellip;]","og_url":"https:\/\/noticiaempauta.com\/portal\/fe-e-tradicao-paroquia-de-monsenhor-hipolito-divulga-programacao-completa-do-117o-festejo-de-santa-ana\/","og_site_name":"Portal Not\u00edcia em Pauta","article_publisher":"https:\/\/www.facebook.com\/Portal-Notcia-Em-Pauta-102292869264820\/","article_published_time":"2024-07-09T14:02:51+00:00","article_modified_time":"2024-07-09T14:02:52+00:00","og_image":[{"width":678,"height":452,"url":"https:\/\/noticiaempauta.com\/portal\/wp-content\/uploads\/2024\/07\/img_6851.jpg","type":"image\/jpeg"}],"author":"Reda\u00e7\u00e3o","twitter_card":"summary_large_image","twitter_misc":{"Escrito por":"Reda\u00e7\u00e3o","Est. tempo de leitura":"4 minutos"},"schema":{"@context":"https:\/\/schema.org","@graph":[{"@type":"Article","@id":"https:\/\/noticiaempauta.com\/portal\/fe-e-tradicao-paroquia-de-monsenhor-hipolito-divulga-programacao-completa-do-117o-festejo-de-santa-ana\/#article","isPartOf":{"@id":"https:\/\/noticiaempauta.com\/portal\/fe-e-tradicao-paroquia-de-monsenhor-hipolito-divulga-programacao-completa-do-117o-festejo-de-santa-ana\/"},"author":{"name":"Reda\u00e7\u00e3o","@id":"https:\/\/noticiaempauta.com\/portal\/#\/schema\/person\/a74af43dd1ab3deca45f988c717d57ac"},"headline":"F\u00e9 e Tradi\u00e7\u00e3o | Par\u00f3quia de Monsenhor Hip\u00f3lito divulga programa\u00e7\u00e3o completa do 117\u00ba Festejo de Santa Ana","datePublished":"2024-07-09T14:02:51+00:00","dateModified":"2024-07-09T14:02:52+00:00","mainEntityOfPage":{"@id":"https:\/\/noticiaempauta.com\/portal\/fe-e-tradicao-paroquia-de-monsenhor-hipolito-divulga-programacao-completa-do-117o-festejo-de-santa-ana\/"},"wordCount":768,"commentCount":0,"publisher":{"@id":"https:\/\/noticiaempauta.com\/portal\/#organization"},"image":{"@id":"https:\/\/noticiaempauta.com\/portal\/fe-e-tradicao-paroquia-de-monsenhor-hipolito-divulga-programacao-completa-do-117o-festejo-de-santa-ana\/#primaryimage"},"thumbnailUrl":"https:\/\/noticiaempauta.com\/portal\/wp-content\/uploads\/2024\/07\/img_6851.jpg","keywords":["destaqueprincipal"],"articleSection":["Destaques","Geral","Munic\u00edpios","Todas as Not\u00edcias"],"inLanguage":"pt-BR","potentialAction":[{"@type":"CommentAction","name":"Comment","target":["https:\/\/noticiaempauta.com\/portal\/fe-e-tradicao-paroquia-de-monsenhor-hipolito-divulga-programacao-completa-do-117o-festejo-de-santa-ana\/#respond"]}]},{"@type":"WebPage","@id":"https:\/\/noticiaempauta.com\/portal\/fe-e-tradicao-paroquia-de-monsenhor-hipolito-divulga-programacao-completa-do-117o-festejo-de-santa-ana\/","url":"https:\/\/noticiaempauta.com\/portal\/fe-e-tradicao-paroquia-de-monsenhor-hipolito-divulga-programacao-completa-do-117o-festejo-de-santa-ana\/","name":"F\u00e9 e Tradi\u00e7\u00e3o | Par\u00f3quia de Monsenhor Hip\u00f3lito divulga programa\u00e7\u00e3o completa do 117\u00ba Festejo de Santa Ana - Portal Not\u00edcia em Pauta","isPartOf":{"@id":"https:\/\/noticiaempauta.com\/portal\/#website"},"primaryImageOfPage":{"@id":"https:\/\/noticiaempauta.com\/portal\/fe-e-tradicao-paroquia-de-monsenhor-hipolito-divulga-programacao-completa-do-117o-festejo-de-santa-ana\/#primaryimage"},"image":{"@id":"https:\/\/noticiaempauta.com\/portal\/fe-e-tradicao-paroquia-de-monsenhor-hipolito-divulga-programacao-completa-do-117o-festejo-de-santa-ana\/#primaryimage"},"thumbnailUrl":"https:\/\/noticiaempauta.com\/portal\/wp-content\/uploads\/2024\/07\/img_6851.jpg","datePublished":"2024-07-09T14:02:51+00:00","dateModified":"2024-07-09T14:02:52+00:00","breadcrumb":{"@id":"https:\/\/noticiaempauta.com\/portal\/fe-e-tradicao-paroquia-de-monsenhor-hipolito-divulga-programacao-completa-do-117o-festejo-de-santa-ana\/#breadcrumb"},"inLanguage":"pt-BR","potentialAction":[{"@type":"ReadAction","target":["https:\/\/noticiaempauta.com\/portal\/fe-e-tradicao-paroquia-de-monsenhor-hipolito-divulga-programacao-completa-do-117o-festejo-de-santa-ana\/"]}]},{"@type":"ImageObject","inLanguage":"pt-BR","@id":"https:\/\/noticiaempauta.com\/portal\/fe-e-tradicao-paroquia-de-monsenhor-hipolito-divulga-programacao-completa-do-117o-festejo-de-santa-ana\/#primaryimage","url":"https:\/\/noticiaempauta.com\/portal\/wp-content\/uploads\/2024\/07\/img_6851.jpg","contentUrl":"https:\/\/noticiaempauta.com\/portal\/wp-content\/uploads\/2024\/07\/img_6851.jpg","width":678,"height":452,"caption":"(Foto: Reprodu\u00e7\u00e3o)"},{"@type":"BreadcrumbList","@id":"https:\/\/noticiaempauta.com\/portal\/fe-e-tradicao-paroquia-de-monsenhor-hipolito-divulga-programacao-completa-do-117o-festejo-de-santa-ana\/#breadcrumb","itemListElement":[{"@type":"ListItem","position":1,"name":"P\u00e1gina Inicial","item":"https:\/\/noticiaempauta.com\/portal\/"},{"@type":"ListItem","position":2,"name":"Destaques","item":"https:\/\/noticiaempauta.com\/portal\/destaques-site\/"},{"@type":"ListItem","position":3,"name":"F\u00e9 e Tradi\u00e7\u00e3o | Par\u00f3quia de Monsenhor Hip\u00f3lito divulga programa\u00e7\u00e3o completa do 117\u00ba Festejo de Santa Ana"}]},{"@type":"WebSite","@id":"https:\/\/noticiaempauta.com\/portal\/#website","url":"https:\/\/noticiaempauta.com\/portal\/","name":"Portal Not\u00edcia em Pauta","description":"Voc\u00ea bem informado","publisher":{"@id":"https:\/\/noticiaempauta.com\/portal\/#organization"},"potentialAction":[{"@type":"SearchAction","target":{"@type":"EntryPoint","urlTemplate":"https:\/\/noticiaempauta.com\/portal\/?s={search_term_string}"},"query-input":{"@type":"PropertyValueSpecification","valueRequired":true,"valueName":"search_term_string"}}],"inLanguage":"pt-BR"},{"@type":"Organization","@id":"https:\/\/noticiaempauta.com\/portal\/#organization","name":"Portal Not\u00edcia em Pauta","url":"https:\/\/noticiaempauta.com\/portal\/","logo":{"@type":"ImageObject","inLanguage":"pt-BR","@id":"https:\/\/noticiaempauta.com\/portal\/#\/schema\/logo\/image\/","url":"https:\/\/noticiaempauta.com\/portal\/wp-content\/uploads\/2022\/08\/logomarca_tema.fw_.png","contentUrl":"https:\/\/noticiaempauta.com\/portal\/wp-content\/uploads\/2022\/08\/logomarca_tema.fw_.png","width":400,"height":232,"caption":"Portal Not\u00edcia em Pauta"},"image":{"@id":"https:\/\/noticiaempauta.com\/portal\/#\/schema\/logo\/image\/"},"sameAs":["https:\/\/www.facebook.com\/Portal-Notcia-Em-Pauta-102292869264820\/","https:\/\/www.instagram.com\/portalnoticiaempauta\/"]},{"@type":"Person","@id":"https:\/\/noticiaempauta.com\/portal\/#\/schema\/person\/a74af43dd1ab3deca45f988c717d57ac","name":"Reda\u00e7\u00e3o","image":{"@type":"ImageObject","inLanguage":"pt-BR","@id":"https:\/\/noticiaempauta.com\/portal\/#\/schema\/person\/image\/","url":"https:\/\/secure.gravatar.com\/avatar\/03179346ecce6cdfc13361603e8f54242a90e5cde8618fa23c5c00aa2b0aadf3?s=96&d=mm&r=g","contentUrl":"https:\/\/secure.gravatar.com\/avatar\/03179346ecce6cdfc13361603e8f54242a90e5cde8618fa23c5c00aa2b0aadf3?s=96&d=mm&r=g","caption":"Reda\u00e7\u00e3o"},"sameAs":["https:\/\/noticiaempauta.com\/portal\/"],"url":"https:\/\/noticiaempauta.com\/portal\/author\/fernando\/"}]}},"_links":{"self":[{"href":"https:\/\/noticiaempauta.com\/portal\/wp-json\/wp\/v2\/posts\/259633","targetHints":{"allow":["GET"]}}],"collection":[{"href":"https:\/\/noticiaempauta.com\/portal\/wp-json\/wp\/v2\/posts"}],"about":[{"href":"https:\/\/noticiaempauta.com\/portal\/wp-json\/wp\/v2\/types\/post"}],"author":[{"embeddable":true,"href":"https:\/\/noticiaempauta.com\/portal\/wp-json\/wp\/v2\/users\/2"}],"replies":[{"embeddable":true,"href":"https:\/\/noticiaempauta.com\/portal\/wp-json\/wp\/v2\/comments?post=259633"}],"version-history":[{"count":2,"href":"https:\/\/noticiaempauta.com\/portal\/wp-json\/wp\/v2\/posts\/259633\/revisions"}],"predecessor-version":[{"id":259636,"href":"https:\/\/noticiaempauta.com\/portal\/wp-json\/wp\/v2\/posts\/259633\/revisions\/259636"}],"wp:featuredmedia":[{"embeddable":true,"href":"https:\/\/noticiaempauta.com\/portal\/wp-json\/wp\/v2\/media\/259634"}],"wp:attachment":[{"href":"https:\/\/noticiaempauta.com\/portal\/wp-json\/wp\/v2\/media?parent=259633"}],"wp:term":[{"taxonomy":"category","embeddable":true,"href":"https:\/\/noticiaempauta.com\/portal\/wp-json\/wp\/v2\/categories?post=259633"},{"taxonomy":"post_tag","embeddable":true,"href":"https:\/\/noticiaempauta.com\/portal\/wp-json\/wp\/v2\/tags?post=259633"}],"curies":[{"name":"wp","href":"https:\/\/api.w.org\/{rel}","templated":true}]}}