{"id":259652,"date":"2024-07-10T10:43:22","date_gmt":"2024-07-10T13:43:22","guid":{"rendered":"https:\/\/noticiaempauta.com\/portal\/?p=259652"},"modified":"2024-07-10T10:43:23","modified_gmt":"2024-07-10T13:43:23","slug":"mototaxista-e-assassinado-a-golpes-de-faca-por-passageiro","status":"publish","type":"post","link":"https:\/\/noticiaempauta.com\/portal\/mototaxista-e-assassinado-a-golpes-de-faca-por-passageiro\/","title":{"rendered":"Mototaxista \u00e9 assassinado a golpes de faca por passageiro"},"content":{"rendered":"\n<p>Um mototaxista identificado como\u00a0<strong>Raimundo Farias da Concei\u00e7\u00e3o<\/strong>, de 60 anos, foi morto durante um assalto, nessa segunda-feira (08),\u00a0na \u00e1rea dos tabuleiros litor\u00e2neos, em Parna\u00edba, no litoral do Piau\u00ed.<\/p>\n\n\n\n<figure class=\"wp-block-image size-full\"><img fetchpriority=\"high\" decoding=\"async\" width=\"950\" height=\"665\" src=\"https:\/\/noticiaempauta.com\/portal\/wp-content\/uploads\/2024\/07\/FA-IMG-307739e7bf75754e4e9f.jpg\" alt=\"\" class=\"wp-image-259654\" srcset=\"https:\/\/noticiaempauta.com\/portal\/wp-content\/uploads\/2024\/07\/FA-IMG-307739e7bf75754e4e9f.jpg 950w, https:\/\/noticiaempauta.com\/portal\/wp-content\/uploads\/2024\/07\/FA-IMG-307739e7bf75754e4e9f-300x210.jpg 300w, https:\/\/noticiaempauta.com\/portal\/wp-content\/uploads\/2024\/07\/FA-IMG-307739e7bf75754e4e9f-768x538.jpg 768w\" sizes=\"(max-width: 950px) 100vw, 950px\" \/><\/figure>\n\n\n\n<p>As informa\u00e7\u00f5es iniciais s\u00e3o de que ele teria sido ferido a golpes de faca por um assaltante, que havia se passado por passageiro.&nbsp;O homem foi encontrado ca\u00eddo ao ch\u00e3o em uma estrada deserta.<\/p>\n\n\n\n<p>O suspeito conseguiu fugir, mas imagens de c\u00e2mera de seguran\u00e7a o registraram trafegando, inclusive, na motocicleta da v\u00edtima.\u00a0<\/p>\n\n\n\n<figure class=\"wp-block-image size-full\"><img decoding=\"async\" width=\"984\" height=\"808\" src=\"https:\/\/noticiaempauta.com\/portal\/wp-content\/uploads\/2024\/07\/whatsapp-image-2024-07-08-at-19.04.42.avif\" alt=\"\" class=\"wp-image-259653\"\/><\/figure>\n\n\n\n<p>A Pol\u00edcia Militar divulgou a foto para que a popula\u00e7\u00e3o possa colaborar com a identifica\u00e7\u00e3o e pris\u00e3o dele.&nbsp;<\/p>\n\n\n\n<p>O corpo do mototaxista foi recolhido pelo Instituto de Medicina Legal (IML) para os devidos procedimentos. Uma equipe da Per\u00edcia Criminal esteve na \u00e1rea e realizou os primeiros levantamentos sobre o caso.<\/p>\n\n\n\n<p>O caso seguir\u00e1 sob investiga\u00e7\u00e3o da Pol\u00edcia Civil do Piau\u00ed.<\/p>\n\n\n\n<figure class=\"wp-block-embed is-type-video is-provider-youtube wp-block-embed-youtube wp-embed-aspect-16-9 wp-has-aspect-ratio\"><div class=\"wp-block-embed__wrapper\">\n<iframe title=\"Mototaxista \u00e9 morto com golpes de faca em Parna\u00edba\" width=\"800\" height=\"450\" src=\"https:\/\/www.youtube.com\/embed\/8zAxLvQs5Gc?feature=oembed\" frameborder=\"0\" allow=\"accelerometer; autoplay; clipboard-write; encrypted-media; gyroscope; picture-in-picture; web-share\" referrerpolicy=\"strict-origin-when-cross-origin\" allowfullscreen><\/iframe>\n<\/div><\/figure>\n\n\n\n<p><strong>Com informa\u00e7\u00f5es do Portal A10+&nbsp;<\/strong><\/p>\n","protected":false},"excerpt":{"rendered":"<p>Um mototaxista identificado como\u00a0Raimundo Farias da Concei\u00e7\u00e3o, de 60 anos, foi morto durante um assalto, nessa segunda-feira (08),\u00a0na \u00e1rea dos tabuleiros litor\u00e2neos, em Parna\u00edba, no litoral do Piau\u00ed. As informa\u00e7\u00f5es iniciais s\u00e3o de que ele teria sido ferido a golpes de faca por um assaltante, que havia se passado por passageiro.&nbsp;O homem foi encontrado ca\u00eddo [&hellip;]<\/p>\n","protected":false},"author":2,"featured_media":259654,"comment_status":"open","ping_status":"open","sticky":false,"template":"","format":"standard","meta":{"_mi_skip_tracking":false,"footnotes":""},"categories":[25,1,137,16],"tags":[192],"class_list":["post-259652","post","type-post","status-publish","format-standard","has-post-thumbnail","hentry","category-destaques-site","category-geral","category-policia","category-todas","tag-destaqueprincipal"],"acf":[],"yoast_head":"<!-- This site is optimized with the Yoast SEO Premium plugin v19.2 (Yoast SEO v26.9) - https:\/\/yoast.com\/product\/yoast-seo-premium-wordpress\/ -->\n<title>Mototaxista \u00e9 assassinado a golpes de faca por passageiro - Portal Not\u00edcia em Pauta<\/title>\n<meta name=\"robots\" content=\"index, follow, max-snippet:-1, max-image-preview:large, max-video-preview:-1\" \/>\n<link rel=\"canonical\" href=\"https:\/\/noticiaempauta.com\/portal\/mototaxista-e-assassinado-a-golpes-de-faca-por-passageiro\/\" \/>\n<meta property=\"og:locale\" content=\"pt_BR\" \/>\n<meta property=\"og:type\" content=\"article\" \/>\n<meta property=\"og:title\" content=\"Mototaxista \u00e9 assassinado a golpes de faca por passageiro\" \/>\n<meta property=\"og:description\" content=\"Um mototaxista identificado como\u00a0Raimundo Farias da Concei\u00e7\u00e3o, de 60 anos, foi morto durante um assalto, nessa segunda-feira (08),\u00a0na \u00e1rea dos tabuleiros litor\u00e2neos, em Parna\u00edba, no litoral do Piau\u00ed. As informa\u00e7\u00f5es iniciais s\u00e3o de que ele teria sido ferido a golpes de faca por um assaltante, que havia se passado por passageiro.&nbsp;O homem foi encontrado ca\u00eddo [&hellip;]\" \/>\n<meta property=\"og:url\" content=\"https:\/\/noticiaempauta.com\/portal\/mototaxista-e-assassinado-a-golpes-de-faca-por-passageiro\/\" \/>\n<meta property=\"og:site_name\" content=\"Portal Not\u00edcia em Pauta\" \/>\n<meta property=\"article:publisher\" content=\"https:\/\/www.facebook.com\/Portal-Notcia-Em-Pauta-102292869264820\/\" \/>\n<meta property=\"article:published_time\" content=\"2024-07-10T13:43:22+00:00\" \/>\n<meta property=\"article:modified_time\" content=\"2024-07-10T13:43:23+00:00\" \/>\n<meta property=\"og:image\" content=\"https:\/\/noticiaempauta.com\/portal\/wp-content\/uploads\/2024\/07\/FA-IMG-307739e7bf75754e4e9f.jpg\" \/>\n\t<meta property=\"og:image:width\" content=\"950\" \/>\n\t<meta property=\"og:image:height\" content=\"665\" \/>\n\t<meta property=\"og:image:type\" content=\"image\/jpeg\" \/>\n<meta name=\"author\" content=\"Reda\u00e7\u00e3o\" \/>\n<meta name=\"twitter:card\" content=\"summary_large_image\" \/>\n<meta name=\"twitter:label1\" content=\"Escrito por\" \/>\n\t<meta name=\"twitter:data1\" content=\"Reda\u00e7\u00e3o\" \/>\n\t<meta name=\"twitter:label2\" content=\"Est. tempo de leitura\" \/>\n\t<meta name=\"twitter:data2\" content=\"2 minutos\" \/>\n<script type=\"application\/ld+json\" class=\"yoast-schema-graph\">{\"@context\":\"https:\/\/schema.org\",\"@graph\":[{\"@type\":\"Article\",\"@id\":\"https:\/\/noticiaempauta.com\/portal\/mototaxista-e-assassinado-a-golpes-de-faca-por-passageiro\/#article\",\"isPartOf\":{\"@id\":\"https:\/\/noticiaempauta.com\/portal\/mototaxista-e-assassinado-a-golpes-de-faca-por-passageiro\/\"},\"author\":{\"name\":\"Reda\u00e7\u00e3o\",\"@id\":\"https:\/\/noticiaempauta.com\/portal\/#\/schema\/person\/a74af43dd1ab3deca45f988c717d57ac\"},\"headline\":\"Mototaxista \u00e9 assassinado a golpes de faca por passageiro\",\"datePublished\":\"2024-07-10T13:43:22+00:00\",\"dateModified\":\"2024-07-10T13:43:23+00:00\",\"mainEntityOfPage\":{\"@id\":\"https:\/\/noticiaempauta.com\/portal\/mototaxista-e-assassinado-a-golpes-de-faca-por-passageiro\/\"},\"wordCount\":182,\"commentCount\":0,\"publisher\":{\"@id\":\"https:\/\/noticiaempauta.com\/portal\/#organization\"},\"image\":{\"@id\":\"https:\/\/noticiaempauta.com\/portal\/mototaxista-e-assassinado-a-golpes-de-faca-por-passageiro\/#primaryimage\"},\"thumbnailUrl\":\"https:\/\/noticiaempauta.com\/portal\/wp-content\/uploads\/2024\/07\/FA-IMG-307739e7bf75754e4e9f.jpg\",\"keywords\":[\"destaqueprincipal\"],\"articleSection\":[\"Destaques\",\"Geral\",\"Pol\u00edcia\",\"Todas as Not\u00edcias\"],\"inLanguage\":\"pt-BR\",\"potentialAction\":[{\"@type\":\"CommentAction\",\"name\":\"Comment\",\"target\":[\"https:\/\/noticiaempauta.com\/portal\/mototaxista-e-assassinado-a-golpes-de-faca-por-passageiro\/#respond\"]}]},{\"@type\":\"WebPage\",\"@id\":\"https:\/\/noticiaempauta.com\/portal\/mototaxista-e-assassinado-a-golpes-de-faca-por-passageiro\/\",\"url\":\"https:\/\/noticiaempauta.com\/portal\/mototaxista-e-assassinado-a-golpes-de-faca-por-passageiro\/\",\"name\":\"Mototaxista \u00e9 assassinado a golpes de faca por passageiro - Portal Not\u00edcia em Pauta\",\"isPartOf\":{\"@id\":\"https:\/\/noticiaempauta.com\/portal\/#website\"},\"primaryImageOfPage\":{\"@id\":\"https:\/\/noticiaempauta.com\/portal\/mototaxista-e-assassinado-a-golpes-de-faca-por-passageiro\/#primaryimage\"},\"image\":{\"@id\":\"https:\/\/noticiaempauta.com\/portal\/mototaxista-e-assassinado-a-golpes-de-faca-por-passageiro\/#primaryimage\"},\"thumbnailUrl\":\"https:\/\/noticiaempauta.com\/portal\/wp-content\/uploads\/2024\/07\/FA-IMG-307739e7bf75754e4e9f.jpg\",\"datePublished\":\"2024-07-10T13:43:22+00:00\",\"dateModified\":\"2024-07-10T13:43:23+00:00\",\"breadcrumb\":{\"@id\":\"https:\/\/noticiaempauta.com\/portal\/mototaxista-e-assassinado-a-golpes-de-faca-por-passageiro\/#breadcrumb\"},\"inLanguage\":\"pt-BR\",\"potentialAction\":[{\"@type\":\"ReadAction\",\"target\":[\"https:\/\/noticiaempauta.com\/portal\/mototaxista-e-assassinado-a-golpes-de-faca-por-passageiro\/\"]}]},{\"@type\":\"ImageObject\",\"inLanguage\":\"pt-BR\",\"@id\":\"https:\/\/noticiaempauta.com\/portal\/mototaxista-e-assassinado-a-golpes-de-faca-por-passageiro\/#primaryimage\",\"url\":\"https:\/\/noticiaempauta.com\/portal\/wp-content\/uploads\/2024\/07\/FA-IMG-307739e7bf75754e4e9f.jpg\",\"contentUrl\":\"https:\/\/noticiaempauta.com\/portal\/wp-content\/uploads\/2024\/07\/FA-IMG-307739e7bf75754e4e9f.jpg\",\"width\":950,\"height\":665},{\"@type\":\"BreadcrumbList\",\"@id\":\"https:\/\/noticiaempauta.com\/portal\/mototaxista-e-assassinado-a-golpes-de-faca-por-passageiro\/#breadcrumb\",\"itemListElement\":[{\"@type\":\"ListItem\",\"position\":1,\"name\":\"P\u00e1gina Inicial\",\"item\":\"https:\/\/noticiaempauta.com\/portal\/\"},{\"@type\":\"ListItem\",\"position\":2,\"name\":\"Destaques\",\"item\":\"https:\/\/noticiaempauta.com\/portal\/destaques-site\/\"},{\"@type\":\"ListItem\",\"position\":3,\"name\":\"Mototaxista \u00e9 assassinado a golpes de faca por passageiro\"}]},{\"@type\":\"WebSite\",\"@id\":\"https:\/\/noticiaempauta.com\/portal\/#website\",\"url\":\"https:\/\/noticiaempauta.com\/portal\/\",\"name\":\"Portal Not\u00edcia em Pauta\",\"description\":\"Voc\u00ea bem informado\",\"publisher\":{\"@id\":\"https:\/\/noticiaempauta.com\/portal\/#organization\"},\"potentialAction\":[{\"@type\":\"SearchAction\",\"target\":{\"@type\":\"EntryPoint\",\"urlTemplate\":\"https:\/\/noticiaempauta.com\/portal\/?s={search_term_string}\"},\"query-input\":{\"@type\":\"PropertyValueSpecification\",\"valueRequired\":true,\"valueName\":\"search_term_string\"}}],\"inLanguage\":\"pt-BR\"},{\"@type\":\"Organization\",\"@id\":\"https:\/\/noticiaempauta.com\/portal\/#organization\",\"name\":\"Portal Not\u00edcia em Pauta\",\"url\":\"https:\/\/noticiaempauta.com\/portal\/\",\"logo\":{\"@type\":\"ImageObject\",\"inLanguage\":\"pt-BR\",\"@id\":\"https:\/\/noticiaempauta.com\/portal\/#\/schema\/logo\/image\/\",\"url\":\"https:\/\/noticiaempauta.com\/portal\/wp-content\/uploads\/2022\/08\/logomarca_tema.fw_.png\",\"contentUrl\":\"https:\/\/noticiaempauta.com\/portal\/wp-content\/uploads\/2022\/08\/logomarca_tema.fw_.png\",\"width\":400,\"height\":232,\"caption\":\"Portal Not\u00edcia em Pauta\"},\"image\":{\"@id\":\"https:\/\/noticiaempauta.com\/portal\/#\/schema\/logo\/image\/\"},\"sameAs\":[\"https:\/\/www.facebook.com\/Portal-Notcia-Em-Pauta-102292869264820\/\",\"https:\/\/www.instagram.com\/portalnoticiaempauta\/\"]},{\"@type\":\"Person\",\"@id\":\"https:\/\/noticiaempauta.com\/portal\/#\/schema\/person\/a74af43dd1ab3deca45f988c717d57ac\",\"name\":\"Reda\u00e7\u00e3o\",\"image\":{\"@type\":\"ImageObject\",\"inLanguage\":\"pt-BR\",\"@id\":\"https:\/\/noticiaempauta.com\/portal\/#\/schema\/person\/image\/\",\"url\":\"https:\/\/secure.gravatar.com\/avatar\/03179346ecce6cdfc13361603e8f54242a90e5cde8618fa23c5c00aa2b0aadf3?s=96&d=mm&r=g\",\"contentUrl\":\"https:\/\/secure.gravatar.com\/avatar\/03179346ecce6cdfc13361603e8f54242a90e5cde8618fa23c5c00aa2b0aadf3?s=96&d=mm&r=g\",\"caption\":\"Reda\u00e7\u00e3o\"},\"sameAs\":[\"https:\/\/noticiaempauta.com\/portal\/\"],\"url\":\"https:\/\/noticiaempauta.com\/portal\/author\/fernando\/\"}]}<\/script>\n<!-- \/ Yoast SEO Premium plugin. -->","yoast_head_json":{"title":"Mototaxista \u00e9 assassinado a golpes de faca por passageiro - Portal Not\u00edcia em Pauta","robots":{"index":"index","follow":"follow","max-snippet":"max-snippet:-1","max-image-preview":"max-image-preview:large","max-video-preview":"max-video-preview:-1"},"canonical":"https:\/\/noticiaempauta.com\/portal\/mototaxista-e-assassinado-a-golpes-de-faca-por-passageiro\/","og_locale":"pt_BR","og_type":"article","og_title":"Mototaxista \u00e9 assassinado a golpes de faca por passageiro","og_description":"Um mototaxista identificado como\u00a0Raimundo Farias da Concei\u00e7\u00e3o, de 60 anos, foi morto durante um assalto, nessa segunda-feira (08),\u00a0na \u00e1rea dos tabuleiros litor\u00e2neos, em Parna\u00edba, no litoral do Piau\u00ed. As informa\u00e7\u00f5es iniciais s\u00e3o de que ele teria sido ferido a golpes de faca por um assaltante, que havia se passado por passageiro.&nbsp;O homem foi encontrado ca\u00eddo [&hellip;]","og_url":"https:\/\/noticiaempauta.com\/portal\/mototaxista-e-assassinado-a-golpes-de-faca-por-passageiro\/","og_site_name":"Portal Not\u00edcia em Pauta","article_publisher":"https:\/\/www.facebook.com\/Portal-Notcia-Em-Pauta-102292869264820\/","article_published_time":"2024-07-10T13:43:22+00:00","article_modified_time":"2024-07-10T13:43:23+00:00","og_image":[{"width":950,"height":665,"url":"https:\/\/noticiaempauta.com\/portal\/wp-content\/uploads\/2024\/07\/FA-IMG-307739e7bf75754e4e9f.jpg","type":"image\/jpeg"}],"author":"Reda\u00e7\u00e3o","twitter_card":"summary_large_image","twitter_misc":{"Escrito por":"Reda\u00e7\u00e3o","Est. tempo de leitura":"2 minutos"},"schema":{"@context":"https:\/\/schema.org","@graph":[{"@type":"Article","@id":"https:\/\/noticiaempauta.com\/portal\/mototaxista-e-assassinado-a-golpes-de-faca-por-passageiro\/#article","isPartOf":{"@id":"https:\/\/noticiaempauta.com\/portal\/mototaxista-e-assassinado-a-golpes-de-faca-por-passageiro\/"},"author":{"name":"Reda\u00e7\u00e3o","@id":"https:\/\/noticiaempauta.com\/portal\/#\/schema\/person\/a74af43dd1ab3deca45f988c717d57ac"},"headline":"Mototaxista \u00e9 assassinado a golpes de faca por passageiro","datePublished":"2024-07-10T13:43:22+00:00","dateModified":"2024-07-10T13:43:23+00:00","mainEntityOfPage":{"@id":"https:\/\/noticiaempauta.com\/portal\/mototaxista-e-assassinado-a-golpes-de-faca-por-passageiro\/"},"wordCount":182,"commentCount":0,"publisher":{"@id":"https:\/\/noticiaempauta.com\/portal\/#organization"},"image":{"@id":"https:\/\/noticiaempauta.com\/portal\/mototaxista-e-assassinado-a-golpes-de-faca-por-passageiro\/#primaryimage"},"thumbnailUrl":"https:\/\/noticiaempauta.com\/portal\/wp-content\/uploads\/2024\/07\/FA-IMG-307739e7bf75754e4e9f.jpg","keywords":["destaqueprincipal"],"articleSection":["Destaques","Geral","Pol\u00edcia","Todas as Not\u00edcias"],"inLanguage":"pt-BR","potentialAction":[{"@type":"CommentAction","name":"Comment","target":["https:\/\/noticiaempauta.com\/portal\/mototaxista-e-assassinado-a-golpes-de-faca-por-passageiro\/#respond"]}]},{"@type":"WebPage","@id":"https:\/\/noticiaempauta.com\/portal\/mototaxista-e-assassinado-a-golpes-de-faca-por-passageiro\/","url":"https:\/\/noticiaempauta.com\/portal\/mototaxista-e-assassinado-a-golpes-de-faca-por-passageiro\/","name":"Mototaxista \u00e9 assassinado a golpes de faca por passageiro - Portal Not\u00edcia em Pauta","isPartOf":{"@id":"https:\/\/noticiaempauta.com\/portal\/#website"},"primaryImageOfPage":{"@id":"https:\/\/noticiaempauta.com\/portal\/mototaxista-e-assassinado-a-golpes-de-faca-por-passageiro\/#primaryimage"},"image":{"@id":"https:\/\/noticiaempauta.com\/portal\/mototaxista-e-assassinado-a-golpes-de-faca-por-passageiro\/#primaryimage"},"thumbnailUrl":"https:\/\/noticiaempauta.com\/portal\/wp-content\/uploads\/2024\/07\/FA-IMG-307739e7bf75754e4e9f.jpg","datePublished":"2024-07-10T13:43:22+00:00","dateModified":"2024-07-10T13:43:23+00:00","breadcrumb":{"@id":"https:\/\/noticiaempauta.com\/portal\/mototaxista-e-assassinado-a-golpes-de-faca-por-passageiro\/#breadcrumb"},"inLanguage":"pt-BR","potentialAction":[{"@type":"ReadAction","target":["https:\/\/noticiaempauta.com\/portal\/mototaxista-e-assassinado-a-golpes-de-faca-por-passageiro\/"]}]},{"@type":"ImageObject","inLanguage":"pt-BR","@id":"https:\/\/noticiaempauta.com\/portal\/mototaxista-e-assassinado-a-golpes-de-faca-por-passageiro\/#primaryimage","url":"https:\/\/noticiaempauta.com\/portal\/wp-content\/uploads\/2024\/07\/FA-IMG-307739e7bf75754e4e9f.jpg","contentUrl":"https:\/\/noticiaempauta.com\/portal\/wp-content\/uploads\/2024\/07\/FA-IMG-307739e7bf75754e4e9f.jpg","width":950,"height":665},{"@type":"BreadcrumbList","@id":"https:\/\/noticiaempauta.com\/portal\/mototaxista-e-assassinado-a-golpes-de-faca-por-passageiro\/#breadcrumb","itemListElement":[{"@type":"ListItem","position":1,"name":"P\u00e1gina Inicial","item":"https:\/\/noticiaempauta.com\/portal\/"},{"@type":"ListItem","position":2,"name":"Destaques","item":"https:\/\/noticiaempauta.com\/portal\/destaques-site\/"},{"@type":"ListItem","position":3,"name":"Mototaxista \u00e9 assassinado a golpes de faca por passageiro"}]},{"@type":"WebSite","@id":"https:\/\/noticiaempauta.com\/portal\/#website","url":"https:\/\/noticiaempauta.com\/portal\/","name":"Portal Not\u00edcia em Pauta","description":"Voc\u00ea bem informado","publisher":{"@id":"https:\/\/noticiaempauta.com\/portal\/#organization"},"potentialAction":[{"@type":"SearchAction","target":{"@type":"EntryPoint","urlTemplate":"https:\/\/noticiaempauta.com\/portal\/?s={search_term_string}"},"query-input":{"@type":"PropertyValueSpecification","valueRequired":true,"valueName":"search_term_string"}}],"inLanguage":"pt-BR"},{"@type":"Organization","@id":"https:\/\/noticiaempauta.com\/portal\/#organization","name":"Portal Not\u00edcia em Pauta","url":"https:\/\/noticiaempauta.com\/portal\/","logo":{"@type":"ImageObject","inLanguage":"pt-BR","@id":"https:\/\/noticiaempauta.com\/portal\/#\/schema\/logo\/image\/","url":"https:\/\/noticiaempauta.com\/portal\/wp-content\/uploads\/2022\/08\/logomarca_tema.fw_.png","contentUrl":"https:\/\/noticiaempauta.com\/portal\/wp-content\/uploads\/2022\/08\/logomarca_tema.fw_.png","width":400,"height":232,"caption":"Portal Not\u00edcia em Pauta"},"image":{"@id":"https:\/\/noticiaempauta.com\/portal\/#\/schema\/logo\/image\/"},"sameAs":["https:\/\/www.facebook.com\/Portal-Notcia-Em-Pauta-102292869264820\/","https:\/\/www.instagram.com\/portalnoticiaempauta\/"]},{"@type":"Person","@id":"https:\/\/noticiaempauta.com\/portal\/#\/schema\/person\/a74af43dd1ab3deca45f988c717d57ac","name":"Reda\u00e7\u00e3o","image":{"@type":"ImageObject","inLanguage":"pt-BR","@id":"https:\/\/noticiaempauta.com\/portal\/#\/schema\/person\/image\/","url":"https:\/\/secure.gravatar.com\/avatar\/03179346ecce6cdfc13361603e8f54242a90e5cde8618fa23c5c00aa2b0aadf3?s=96&d=mm&r=g","contentUrl":"https:\/\/secure.gravatar.com\/avatar\/03179346ecce6cdfc13361603e8f54242a90e5cde8618fa23c5c00aa2b0aadf3?s=96&d=mm&r=g","caption":"Reda\u00e7\u00e3o"},"sameAs":["https:\/\/noticiaempauta.com\/portal\/"],"url":"https:\/\/noticiaempauta.com\/portal\/author\/fernando\/"}]}},"_links":{"self":[{"href":"https:\/\/noticiaempauta.com\/portal\/wp-json\/wp\/v2\/posts\/259652","targetHints":{"allow":["GET"]}}],"collection":[{"href":"https:\/\/noticiaempauta.com\/portal\/wp-json\/wp\/v2\/posts"}],"about":[{"href":"https:\/\/noticiaempauta.com\/portal\/wp-json\/wp\/v2\/types\/post"}],"author":[{"embeddable":true,"href":"https:\/\/noticiaempauta.com\/portal\/wp-json\/wp\/v2\/users\/2"}],"replies":[{"embeddable":true,"href":"https:\/\/noticiaempauta.com\/portal\/wp-json\/wp\/v2\/comments?post=259652"}],"version-history":[{"count":2,"href":"https:\/\/noticiaempauta.com\/portal\/wp-json\/wp\/v2\/posts\/259652\/revisions"}],"predecessor-version":[{"id":259656,"href":"https:\/\/noticiaempauta.com\/portal\/wp-json\/wp\/v2\/posts\/259652\/revisions\/259656"}],"wp:featuredmedia":[{"embeddable":true,"href":"https:\/\/noticiaempauta.com\/portal\/wp-json\/wp\/v2\/media\/259654"}],"wp:attachment":[{"href":"https:\/\/noticiaempauta.com\/portal\/wp-json\/wp\/v2\/media?parent=259652"}],"wp:term":[{"taxonomy":"category","embeddable":true,"href":"https:\/\/noticiaempauta.com\/portal\/wp-json\/wp\/v2\/categories?post=259652"},{"taxonomy":"post_tag","embeddable":true,"href":"https:\/\/noticiaempauta.com\/portal\/wp-json\/wp\/v2\/tags?post=259652"}],"curies":[{"name":"wp","href":"https:\/\/api.w.org\/{rel}","templated":true}]}}