{"id":259662,"date":"2024-07-10T10:55:16","date_gmt":"2024-07-10T13:55:16","guid":{"rendered":"https:\/\/noticiaempauta.com\/portal\/?p=259662"},"modified":"2024-07-10T10:57:30","modified_gmt":"2024-07-10T13:57:30","slug":"divulgada-programacao-completa-da-viii-ovinocaprishow-em-jacobina-veja","status":"publish","type":"post","link":"https:\/\/noticiaempauta.com\/portal\/divulgada-programacao-completa-da-viii-ovinocaprishow-em-jacobina-veja\/","title":{"rendered":"Divulgada programa\u00e7\u00e3o completa da VIII Ovinocaprishow em Jacobina; veja"},"content":{"rendered":"\n<p>A cidade de Jacobina do Piau\u00ed se prepara para sediar a <strong>8\u00aa edi\u00e7\u00e3o do Ovinocaprishow<\/strong>, e na manh\u00e3 desta ter\u00e7a-feira, 9 de julho, a Prefeitura Municipal, sob a gest\u00e3o do prefeito Gederl\u00e2nio Rodrigues, o GD, divulgou a programa\u00e7\u00e3o oficial do evento. A VIII Ovinocaprishow acontecer\u00e1 nos dias 12, 13, 14, 15 e 16 de julho no Parque de Exposi\u00e7\u00e3o do munic\u00edpio.<\/p>\n\n\n\n<figure class=\"wp-block-image size-large\"><img fetchpriority=\"high\" decoding=\"async\" width=\"1024\" height=\"690\" src=\"https:\/\/noticiaempauta.com\/portal\/wp-content\/uploads\/2024\/07\/WhatsApp-Image-2024-07-09-at-15.51.23-1024x690.jpeg\" alt=\"\" class=\"wp-image-259666\" srcset=\"https:\/\/noticiaempauta.com\/portal\/wp-content\/uploads\/2024\/07\/WhatsApp-Image-2024-07-09-at-15.51.23-1024x690.jpeg 1024w, https:\/\/noticiaempauta.com\/portal\/wp-content\/uploads\/2024\/07\/WhatsApp-Image-2024-07-09-at-15.51.23-300x202.jpeg 300w, https:\/\/noticiaempauta.com\/portal\/wp-content\/uploads\/2024\/07\/WhatsApp-Image-2024-07-09-at-15.51.23-768x517.jpeg 768w, https:\/\/noticiaempauta.com\/portal\/wp-content\/uploads\/2024\/07\/WhatsApp-Image-2024-07-09-at-15.51.23.jpeg 1170w\" sizes=\"(max-width: 1024px) 100vw, 1024px\" \/><\/figure>\n\n\n\n<p>A tradicional Ovinocaprishow promete ser um encontro de grande relev\u00e2ncia para a comunidade local, al\u00e9m de atrair visitantes de toda a regi\u00e3o. Com uma vasta programa\u00e7\u00e3o, o evento oferecer\u00e1 atividades relacionadas \u00e0 exposi\u00e7\u00e3o de animais, al\u00e9m de apresenta\u00e7\u00f5es musicais de artistas locais e nacionais. Este ano, a Ovinocaprishow contar\u00e1 com a realiza\u00e7\u00e3o da I Corrida de Prado.<\/p>\n\n\n\n<figure class=\"wp-block-image size-large\"><img decoding=\"async\" width=\"1022\" height=\"1024\" src=\"https:\/\/noticiaempauta.com\/portal\/wp-content\/uploads\/2024\/07\/WhatsApp-Image-2024-07-09-at-15.50.49-1022x1024.jpeg\" alt=\"\" class=\"wp-image-259665\" srcset=\"https:\/\/noticiaempauta.com\/portal\/wp-content\/uploads\/2024\/07\/WhatsApp-Image-2024-07-09-at-15.50.49-1022x1024.jpeg 1022w, https:\/\/noticiaempauta.com\/portal\/wp-content\/uploads\/2024\/07\/WhatsApp-Image-2024-07-09-at-15.50.49-300x300.jpeg 300w, https:\/\/noticiaempauta.com\/portal\/wp-content\/uploads\/2024\/07\/WhatsApp-Image-2024-07-09-at-15.50.49-150x150.jpeg 150w, https:\/\/noticiaempauta.com\/portal\/wp-content\/uploads\/2024\/07\/WhatsApp-Image-2024-07-09-at-15.50.49-768x769.jpeg 768w, https:\/\/noticiaempauta.com\/portal\/wp-content\/uploads\/2024\/07\/WhatsApp-Image-2024-07-09-at-15.50.49.jpeg 1170w\" sizes=\"(max-width: 1022px) 100vw, 1022px\" \/><\/figure>\n\n\n\n<p>O evento inclui exposi\u00e7\u00e3o de animais, concurso, desfile de pista, oficinas, feira da agricultura familiar, cavalgada, corrida de prado, shows, entre outras atividades.<\/p>\n\n\n\n<p>A programa\u00e7\u00e3o ter\u00e1 in\u00edcio na sexta-feira, 12 de julho, com a inspe\u00e7\u00e3o dos animais participantes. Ap\u00f3s o processo de inscri\u00e7\u00e3o, a abertura oficial ser\u00e1 realizada durante a noite.<\/p>\n\n\n\n<figure class=\"wp-block-image size-full\"><img decoding=\"async\" width=\"819\" height=\"1024\" src=\"https:\/\/noticiaempauta.com\/portal\/wp-content\/uploads\/2024\/07\/Ovinocaprishow.jpg1_-819x1024-1.png\" alt=\"\" class=\"wp-image-259663\" srcset=\"https:\/\/noticiaempauta.com\/portal\/wp-content\/uploads\/2024\/07\/Ovinocaprishow.jpg1_-819x1024-1.png 819w, https:\/\/noticiaempauta.com\/portal\/wp-content\/uploads\/2024\/07\/Ovinocaprishow.jpg1_-819x1024-1-240x300.png 240w, https:\/\/noticiaempauta.com\/portal\/wp-content\/uploads\/2024\/07\/Ovinocaprishow.jpg1_-819x1024-1-768x960.png 768w\" sizes=\"(max-width: 819px) 100vw, 819px\" \/><\/figure>\n\n\n\n<p>No s\u00e1bado, 13 de julho, diversas atividades estar\u00e3o voltadas para os produtores e criadores da regi\u00e3o, com a 1\u00aa ordenha de cabras leiteiras, concursos de animais de pista e leite regional, a feira da agricultura familiar e demonstra\u00e7\u00f5es em stands. Para fechar a noite, haver\u00e1 shows com artistas locais e nacionais.<\/p>\n\n\n\n<figure class=\"wp-block-image size-full\"><img loading=\"lazy\" decoding=\"async\" width=\"819\" height=\"1024\" src=\"https:\/\/noticiaempauta.com\/portal\/wp-content\/uploads\/2024\/07\/Ovinocaprishow4-819x1024-1.jpg\" alt=\"\" class=\"wp-image-259664\" srcset=\"https:\/\/noticiaempauta.com\/portal\/wp-content\/uploads\/2024\/07\/Ovinocaprishow4-819x1024-1.jpg 819w, https:\/\/noticiaempauta.com\/portal\/wp-content\/uploads\/2024\/07\/Ovinocaprishow4-819x1024-1-240x300.jpg 240w, https:\/\/noticiaempauta.com\/portal\/wp-content\/uploads\/2024\/07\/Ovinocaprishow4-819x1024-1-768x960.jpg 768w\" sizes=\"(max-width: 819px) 100vw, 819px\" \/><\/figure>\n\n\n\n<p>O \u00faltimo dia do evento, ter\u00e7a-feira, 16 de julho, ser\u00e1 marcado pelos shows mais aguardados. O cantor Leonardo, um dos maiores nomes da m\u00fasica sertaneja, subir\u00e1 ao palco da Ovinocaprishow, apresentando-se na regi\u00e3o pela primeira vez. Al\u00e9m dele, outros artistas de renome como Mari Fernandez e Toca do Vale tamb\u00e9m se apresentar\u00e3o, encerrando a VIII Ovinocaprishow com chave de ouro.<\/p>\n\n\n\n<p><strong><em>Fonte: Portal Info Newss<\/em><\/strong><\/p>\n","protected":false},"excerpt":{"rendered":"<p>A cidade de Jacobina do Piau\u00ed se prepara para sediar a 8\u00aa edi\u00e7\u00e3o do Ovinocaprishow, e na manh\u00e3 desta ter\u00e7a-feira, 9 de julho, a Prefeitura Municipal, sob a gest\u00e3o do prefeito Gederl\u00e2nio Rodrigues, o GD, divulgou a programa\u00e7\u00e3o oficial do evento. A VIII Ovinocaprishow acontecer\u00e1 nos dias 12, 13, 14, 15 e 16 de julho [&hellip;]<\/p>\n","protected":false},"author":2,"featured_media":259666,"comment_status":"open","ping_status":"open","sticky":false,"template":"","format":"standard","meta":{"_mi_skip_tracking":false,"footnotes":""},"categories":[25,1,9,16],"tags":[192],"class_list":["post-259662","post","type-post","status-publish","format-standard","has-post-thumbnail","hentry","category-destaques-site","category-geral","category-municipios","category-todas","tag-destaqueprincipal"],"acf":[],"yoast_head":"<!-- This site is optimized with the Yoast SEO Premium plugin v19.2 (Yoast SEO v26.9) - https:\/\/yoast.com\/product\/yoast-seo-premium-wordpress\/ -->\n<title>Divulgada programa\u00e7\u00e3o completa da VIII Ovinocaprishow em Jacobina; veja - Portal Not\u00edcia em Pauta<\/title>\n<meta name=\"robots\" content=\"index, follow, max-snippet:-1, max-image-preview:large, max-video-preview:-1\" \/>\n<link rel=\"canonical\" href=\"https:\/\/noticiaempauta.com\/portal\/divulgada-programacao-completa-da-viii-ovinocaprishow-em-jacobina-veja\/\" \/>\n<meta property=\"og:locale\" content=\"pt_BR\" \/>\n<meta property=\"og:type\" content=\"article\" \/>\n<meta property=\"og:title\" content=\"Divulgada programa\u00e7\u00e3o completa da VIII Ovinocaprishow em Jacobina; veja\" \/>\n<meta property=\"og:description\" content=\"A cidade de Jacobina do Piau\u00ed se prepara para sediar a 8\u00aa edi\u00e7\u00e3o do Ovinocaprishow, e na manh\u00e3 desta ter\u00e7a-feira, 9 de julho, a Prefeitura Municipal, sob a gest\u00e3o do prefeito Gederl\u00e2nio Rodrigues, o GD, divulgou a programa\u00e7\u00e3o oficial do evento. A VIII Ovinocaprishow acontecer\u00e1 nos dias 12, 13, 14, 15 e 16 de julho [&hellip;]\" \/>\n<meta property=\"og:url\" content=\"https:\/\/noticiaempauta.com\/portal\/divulgada-programacao-completa-da-viii-ovinocaprishow-em-jacobina-veja\/\" \/>\n<meta property=\"og:site_name\" content=\"Portal Not\u00edcia em Pauta\" \/>\n<meta property=\"article:publisher\" content=\"https:\/\/www.facebook.com\/Portal-Notcia-Em-Pauta-102292869264820\/\" \/>\n<meta property=\"article:published_time\" content=\"2024-07-10T13:55:16+00:00\" \/>\n<meta property=\"article:modified_time\" content=\"2024-07-10T13:57:30+00:00\" \/>\n<meta property=\"og:image\" content=\"https:\/\/noticiaempauta.com\/portal\/wp-content\/uploads\/2024\/07\/WhatsApp-Image-2024-07-09-at-15.51.23.jpeg\" \/>\n\t<meta property=\"og:image:width\" content=\"1170\" \/>\n\t<meta property=\"og:image:height\" content=\"788\" \/>\n\t<meta property=\"og:image:type\" content=\"image\/jpeg\" \/>\n<meta name=\"author\" content=\"Reda\u00e7\u00e3o\" \/>\n<meta name=\"twitter:card\" content=\"summary_large_image\" \/>\n<meta name=\"twitter:label1\" content=\"Escrito por\" \/>\n\t<meta name=\"twitter:data1\" content=\"Reda\u00e7\u00e3o\" \/>\n\t<meta name=\"twitter:label2\" content=\"Est. tempo de leitura\" \/>\n\t<meta name=\"twitter:data2\" content=\"3 minutos\" \/>\n<script type=\"application\/ld+json\" class=\"yoast-schema-graph\">{\"@context\":\"https:\/\/schema.org\",\"@graph\":[{\"@type\":\"Article\",\"@id\":\"https:\/\/noticiaempauta.com\/portal\/divulgada-programacao-completa-da-viii-ovinocaprishow-em-jacobina-veja\/#article\",\"isPartOf\":{\"@id\":\"https:\/\/noticiaempauta.com\/portal\/divulgada-programacao-completa-da-viii-ovinocaprishow-em-jacobina-veja\/\"},\"author\":{\"name\":\"Reda\u00e7\u00e3o\",\"@id\":\"https:\/\/noticiaempauta.com\/portal\/#\/schema\/person\/a74af43dd1ab3deca45f988c717d57ac\"},\"headline\":\"Divulgada programa\u00e7\u00e3o completa da VIII Ovinocaprishow em Jacobina; veja\",\"datePublished\":\"2024-07-10T13:55:16+00:00\",\"dateModified\":\"2024-07-10T13:57:30+00:00\",\"mainEntityOfPage\":{\"@id\":\"https:\/\/noticiaempauta.com\/portal\/divulgada-programacao-completa-da-viii-ovinocaprishow-em-jacobina-veja\/\"},\"wordCount\":313,\"commentCount\":0,\"publisher\":{\"@id\":\"https:\/\/noticiaempauta.com\/portal\/#organization\"},\"image\":{\"@id\":\"https:\/\/noticiaempauta.com\/portal\/divulgada-programacao-completa-da-viii-ovinocaprishow-em-jacobina-veja\/#primaryimage\"},\"thumbnailUrl\":\"https:\/\/noticiaempauta.com\/portal\/wp-content\/uploads\/2024\/07\/WhatsApp-Image-2024-07-09-at-15.51.23.jpeg\",\"keywords\":[\"destaqueprincipal\"],\"articleSection\":[\"Destaques\",\"Geral\",\"Munic\u00edpios\",\"Todas as Not\u00edcias\"],\"inLanguage\":\"pt-BR\",\"potentialAction\":[{\"@type\":\"CommentAction\",\"name\":\"Comment\",\"target\":[\"https:\/\/noticiaempauta.com\/portal\/divulgada-programacao-completa-da-viii-ovinocaprishow-em-jacobina-veja\/#respond\"]}]},{\"@type\":\"WebPage\",\"@id\":\"https:\/\/noticiaempauta.com\/portal\/divulgada-programacao-completa-da-viii-ovinocaprishow-em-jacobina-veja\/\",\"url\":\"https:\/\/noticiaempauta.com\/portal\/divulgada-programacao-completa-da-viii-ovinocaprishow-em-jacobina-veja\/\",\"name\":\"Divulgada programa\u00e7\u00e3o completa da VIII Ovinocaprishow em Jacobina; veja - Portal Not\u00edcia em Pauta\",\"isPartOf\":{\"@id\":\"https:\/\/noticiaempauta.com\/portal\/#website\"},\"primaryImageOfPage\":{\"@id\":\"https:\/\/noticiaempauta.com\/portal\/divulgada-programacao-completa-da-viii-ovinocaprishow-em-jacobina-veja\/#primaryimage\"},\"image\":{\"@id\":\"https:\/\/noticiaempauta.com\/portal\/divulgada-programacao-completa-da-viii-ovinocaprishow-em-jacobina-veja\/#primaryimage\"},\"thumbnailUrl\":\"https:\/\/noticiaempauta.com\/portal\/wp-content\/uploads\/2024\/07\/WhatsApp-Image-2024-07-09-at-15.51.23.jpeg\",\"datePublished\":\"2024-07-10T13:55:16+00:00\",\"dateModified\":\"2024-07-10T13:57:30+00:00\",\"breadcrumb\":{\"@id\":\"https:\/\/noticiaempauta.com\/portal\/divulgada-programacao-completa-da-viii-ovinocaprishow-em-jacobina-veja\/#breadcrumb\"},\"inLanguage\":\"pt-BR\",\"potentialAction\":[{\"@type\":\"ReadAction\",\"target\":[\"https:\/\/noticiaempauta.com\/portal\/divulgada-programacao-completa-da-viii-ovinocaprishow-em-jacobina-veja\/\"]}]},{\"@type\":\"ImageObject\",\"inLanguage\":\"pt-BR\",\"@id\":\"https:\/\/noticiaempauta.com\/portal\/divulgada-programacao-completa-da-viii-ovinocaprishow-em-jacobina-veja\/#primaryimage\",\"url\":\"https:\/\/noticiaempauta.com\/portal\/wp-content\/uploads\/2024\/07\/WhatsApp-Image-2024-07-09-at-15.51.23.jpeg\",\"contentUrl\":\"https:\/\/noticiaempauta.com\/portal\/wp-content\/uploads\/2024\/07\/WhatsApp-Image-2024-07-09-at-15.51.23.jpeg\",\"width\":1170,\"height\":788},{\"@type\":\"BreadcrumbList\",\"@id\":\"https:\/\/noticiaempauta.com\/portal\/divulgada-programacao-completa-da-viii-ovinocaprishow-em-jacobina-veja\/#breadcrumb\",\"itemListElement\":[{\"@type\":\"ListItem\",\"position\":1,\"name\":\"P\u00e1gina Inicial\",\"item\":\"https:\/\/noticiaempauta.com\/portal\/\"},{\"@type\":\"ListItem\",\"position\":2,\"name\":\"Destaques\",\"item\":\"https:\/\/noticiaempauta.com\/portal\/destaques-site\/\"},{\"@type\":\"ListItem\",\"position\":3,\"name\":\"Divulgada programa\u00e7\u00e3o completa da VIII Ovinocaprishow em Jacobina; veja\"}]},{\"@type\":\"WebSite\",\"@id\":\"https:\/\/noticiaempauta.com\/portal\/#website\",\"url\":\"https:\/\/noticiaempauta.com\/portal\/\",\"name\":\"Portal Not\u00edcia em Pauta\",\"description\":\"Voc\u00ea bem informado\",\"publisher\":{\"@id\":\"https:\/\/noticiaempauta.com\/portal\/#organization\"},\"potentialAction\":[{\"@type\":\"SearchAction\",\"target\":{\"@type\":\"EntryPoint\",\"urlTemplate\":\"https:\/\/noticiaempauta.com\/portal\/?s={search_term_string}\"},\"query-input\":{\"@type\":\"PropertyValueSpecification\",\"valueRequired\":true,\"valueName\":\"search_term_string\"}}],\"inLanguage\":\"pt-BR\"},{\"@type\":\"Organization\",\"@id\":\"https:\/\/noticiaempauta.com\/portal\/#organization\",\"name\":\"Portal Not\u00edcia em Pauta\",\"url\":\"https:\/\/noticiaempauta.com\/portal\/\",\"logo\":{\"@type\":\"ImageObject\",\"inLanguage\":\"pt-BR\",\"@id\":\"https:\/\/noticiaempauta.com\/portal\/#\/schema\/logo\/image\/\",\"url\":\"https:\/\/noticiaempauta.com\/portal\/wp-content\/uploads\/2022\/08\/logomarca_tema.fw_.png\",\"contentUrl\":\"https:\/\/noticiaempauta.com\/portal\/wp-content\/uploads\/2022\/08\/logomarca_tema.fw_.png\",\"width\":400,\"height\":232,\"caption\":\"Portal Not\u00edcia em Pauta\"},\"image\":{\"@id\":\"https:\/\/noticiaempauta.com\/portal\/#\/schema\/logo\/image\/\"},\"sameAs\":[\"https:\/\/www.facebook.com\/Portal-Notcia-Em-Pauta-102292869264820\/\",\"https:\/\/www.instagram.com\/portalnoticiaempauta\/\"]},{\"@type\":\"Person\",\"@id\":\"https:\/\/noticiaempauta.com\/portal\/#\/schema\/person\/a74af43dd1ab3deca45f988c717d57ac\",\"name\":\"Reda\u00e7\u00e3o\",\"image\":{\"@type\":\"ImageObject\",\"inLanguage\":\"pt-BR\",\"@id\":\"https:\/\/noticiaempauta.com\/portal\/#\/schema\/person\/image\/\",\"url\":\"https:\/\/secure.gravatar.com\/avatar\/03179346ecce6cdfc13361603e8f54242a90e5cde8618fa23c5c00aa2b0aadf3?s=96&d=mm&r=g\",\"contentUrl\":\"https:\/\/secure.gravatar.com\/avatar\/03179346ecce6cdfc13361603e8f54242a90e5cde8618fa23c5c00aa2b0aadf3?s=96&d=mm&r=g\",\"caption\":\"Reda\u00e7\u00e3o\"},\"sameAs\":[\"https:\/\/noticiaempauta.com\/portal\/\"],\"url\":\"https:\/\/noticiaempauta.com\/portal\/author\/fernando\/\"}]}<\/script>\n<!-- \/ Yoast SEO Premium plugin. -->","yoast_head_json":{"title":"Divulgada programa\u00e7\u00e3o completa da VIII Ovinocaprishow em Jacobina; veja - Portal Not\u00edcia em Pauta","robots":{"index":"index","follow":"follow","max-snippet":"max-snippet:-1","max-image-preview":"max-image-preview:large","max-video-preview":"max-video-preview:-1"},"canonical":"https:\/\/noticiaempauta.com\/portal\/divulgada-programacao-completa-da-viii-ovinocaprishow-em-jacobina-veja\/","og_locale":"pt_BR","og_type":"article","og_title":"Divulgada programa\u00e7\u00e3o completa da VIII Ovinocaprishow em Jacobina; veja","og_description":"A cidade de Jacobina do Piau\u00ed se prepara para sediar a 8\u00aa edi\u00e7\u00e3o do Ovinocaprishow, e na manh\u00e3 desta ter\u00e7a-feira, 9 de julho, a Prefeitura Municipal, sob a gest\u00e3o do prefeito Gederl\u00e2nio Rodrigues, o GD, divulgou a programa\u00e7\u00e3o oficial do evento. A VIII Ovinocaprishow acontecer\u00e1 nos dias 12, 13, 14, 15 e 16 de julho [&hellip;]","og_url":"https:\/\/noticiaempauta.com\/portal\/divulgada-programacao-completa-da-viii-ovinocaprishow-em-jacobina-veja\/","og_site_name":"Portal Not\u00edcia em Pauta","article_publisher":"https:\/\/www.facebook.com\/Portal-Notcia-Em-Pauta-102292869264820\/","article_published_time":"2024-07-10T13:55:16+00:00","article_modified_time":"2024-07-10T13:57:30+00:00","og_image":[{"width":1170,"height":788,"url":"https:\/\/noticiaempauta.com\/portal\/wp-content\/uploads\/2024\/07\/WhatsApp-Image-2024-07-09-at-15.51.23.jpeg","type":"image\/jpeg"}],"author":"Reda\u00e7\u00e3o","twitter_card":"summary_large_image","twitter_misc":{"Escrito por":"Reda\u00e7\u00e3o","Est. tempo de leitura":"3 minutos"},"schema":{"@context":"https:\/\/schema.org","@graph":[{"@type":"Article","@id":"https:\/\/noticiaempauta.com\/portal\/divulgada-programacao-completa-da-viii-ovinocaprishow-em-jacobina-veja\/#article","isPartOf":{"@id":"https:\/\/noticiaempauta.com\/portal\/divulgada-programacao-completa-da-viii-ovinocaprishow-em-jacobina-veja\/"},"author":{"name":"Reda\u00e7\u00e3o","@id":"https:\/\/noticiaempauta.com\/portal\/#\/schema\/person\/a74af43dd1ab3deca45f988c717d57ac"},"headline":"Divulgada programa\u00e7\u00e3o completa da VIII Ovinocaprishow em Jacobina; veja","datePublished":"2024-07-10T13:55:16+00:00","dateModified":"2024-07-10T13:57:30+00:00","mainEntityOfPage":{"@id":"https:\/\/noticiaempauta.com\/portal\/divulgada-programacao-completa-da-viii-ovinocaprishow-em-jacobina-veja\/"},"wordCount":313,"commentCount":0,"publisher":{"@id":"https:\/\/noticiaempauta.com\/portal\/#organization"},"image":{"@id":"https:\/\/noticiaempauta.com\/portal\/divulgada-programacao-completa-da-viii-ovinocaprishow-em-jacobina-veja\/#primaryimage"},"thumbnailUrl":"https:\/\/noticiaempauta.com\/portal\/wp-content\/uploads\/2024\/07\/WhatsApp-Image-2024-07-09-at-15.51.23.jpeg","keywords":["destaqueprincipal"],"articleSection":["Destaques","Geral","Munic\u00edpios","Todas as Not\u00edcias"],"inLanguage":"pt-BR","potentialAction":[{"@type":"CommentAction","name":"Comment","target":["https:\/\/noticiaempauta.com\/portal\/divulgada-programacao-completa-da-viii-ovinocaprishow-em-jacobina-veja\/#respond"]}]},{"@type":"WebPage","@id":"https:\/\/noticiaempauta.com\/portal\/divulgada-programacao-completa-da-viii-ovinocaprishow-em-jacobina-veja\/","url":"https:\/\/noticiaempauta.com\/portal\/divulgada-programacao-completa-da-viii-ovinocaprishow-em-jacobina-veja\/","name":"Divulgada programa\u00e7\u00e3o completa da VIII Ovinocaprishow em Jacobina; veja - Portal Not\u00edcia em Pauta","isPartOf":{"@id":"https:\/\/noticiaempauta.com\/portal\/#website"},"primaryImageOfPage":{"@id":"https:\/\/noticiaempauta.com\/portal\/divulgada-programacao-completa-da-viii-ovinocaprishow-em-jacobina-veja\/#primaryimage"},"image":{"@id":"https:\/\/noticiaempauta.com\/portal\/divulgada-programacao-completa-da-viii-ovinocaprishow-em-jacobina-veja\/#primaryimage"},"thumbnailUrl":"https:\/\/noticiaempauta.com\/portal\/wp-content\/uploads\/2024\/07\/WhatsApp-Image-2024-07-09-at-15.51.23.jpeg","datePublished":"2024-07-10T13:55:16+00:00","dateModified":"2024-07-10T13:57:30+00:00","breadcrumb":{"@id":"https:\/\/noticiaempauta.com\/portal\/divulgada-programacao-completa-da-viii-ovinocaprishow-em-jacobina-veja\/#breadcrumb"},"inLanguage":"pt-BR","potentialAction":[{"@type":"ReadAction","target":["https:\/\/noticiaempauta.com\/portal\/divulgada-programacao-completa-da-viii-ovinocaprishow-em-jacobina-veja\/"]}]},{"@type":"ImageObject","inLanguage":"pt-BR","@id":"https:\/\/noticiaempauta.com\/portal\/divulgada-programacao-completa-da-viii-ovinocaprishow-em-jacobina-veja\/#primaryimage","url":"https:\/\/noticiaempauta.com\/portal\/wp-content\/uploads\/2024\/07\/WhatsApp-Image-2024-07-09-at-15.51.23.jpeg","contentUrl":"https:\/\/noticiaempauta.com\/portal\/wp-content\/uploads\/2024\/07\/WhatsApp-Image-2024-07-09-at-15.51.23.jpeg","width":1170,"height":788},{"@type":"BreadcrumbList","@id":"https:\/\/noticiaempauta.com\/portal\/divulgada-programacao-completa-da-viii-ovinocaprishow-em-jacobina-veja\/#breadcrumb","itemListElement":[{"@type":"ListItem","position":1,"name":"P\u00e1gina Inicial","item":"https:\/\/noticiaempauta.com\/portal\/"},{"@type":"ListItem","position":2,"name":"Destaques","item":"https:\/\/noticiaempauta.com\/portal\/destaques-site\/"},{"@type":"ListItem","position":3,"name":"Divulgada programa\u00e7\u00e3o completa da VIII Ovinocaprishow em Jacobina; veja"}]},{"@type":"WebSite","@id":"https:\/\/noticiaempauta.com\/portal\/#website","url":"https:\/\/noticiaempauta.com\/portal\/","name":"Portal Not\u00edcia em Pauta","description":"Voc\u00ea bem informado","publisher":{"@id":"https:\/\/noticiaempauta.com\/portal\/#organization"},"potentialAction":[{"@type":"SearchAction","target":{"@type":"EntryPoint","urlTemplate":"https:\/\/noticiaempauta.com\/portal\/?s={search_term_string}"},"query-input":{"@type":"PropertyValueSpecification","valueRequired":true,"valueName":"search_term_string"}}],"inLanguage":"pt-BR"},{"@type":"Organization","@id":"https:\/\/noticiaempauta.com\/portal\/#organization","name":"Portal Not\u00edcia em Pauta","url":"https:\/\/noticiaempauta.com\/portal\/","logo":{"@type":"ImageObject","inLanguage":"pt-BR","@id":"https:\/\/noticiaempauta.com\/portal\/#\/schema\/logo\/image\/","url":"https:\/\/noticiaempauta.com\/portal\/wp-content\/uploads\/2022\/08\/logomarca_tema.fw_.png","contentUrl":"https:\/\/noticiaempauta.com\/portal\/wp-content\/uploads\/2022\/08\/logomarca_tema.fw_.png","width":400,"height":232,"caption":"Portal Not\u00edcia em Pauta"},"image":{"@id":"https:\/\/noticiaempauta.com\/portal\/#\/schema\/logo\/image\/"},"sameAs":["https:\/\/www.facebook.com\/Portal-Notcia-Em-Pauta-102292869264820\/","https:\/\/www.instagram.com\/portalnoticiaempauta\/"]},{"@type":"Person","@id":"https:\/\/noticiaempauta.com\/portal\/#\/schema\/person\/a74af43dd1ab3deca45f988c717d57ac","name":"Reda\u00e7\u00e3o","image":{"@type":"ImageObject","inLanguage":"pt-BR","@id":"https:\/\/noticiaempauta.com\/portal\/#\/schema\/person\/image\/","url":"https:\/\/secure.gravatar.com\/avatar\/03179346ecce6cdfc13361603e8f54242a90e5cde8618fa23c5c00aa2b0aadf3?s=96&d=mm&r=g","contentUrl":"https:\/\/secure.gravatar.com\/avatar\/03179346ecce6cdfc13361603e8f54242a90e5cde8618fa23c5c00aa2b0aadf3?s=96&d=mm&r=g","caption":"Reda\u00e7\u00e3o"},"sameAs":["https:\/\/noticiaempauta.com\/portal\/"],"url":"https:\/\/noticiaempauta.com\/portal\/author\/fernando\/"}]}},"_links":{"self":[{"href":"https:\/\/noticiaempauta.com\/portal\/wp-json\/wp\/v2\/posts\/259662","targetHints":{"allow":["GET"]}}],"collection":[{"href":"https:\/\/noticiaempauta.com\/portal\/wp-json\/wp\/v2\/posts"}],"about":[{"href":"https:\/\/noticiaempauta.com\/portal\/wp-json\/wp\/v2\/types\/post"}],"author":[{"embeddable":true,"href":"https:\/\/noticiaempauta.com\/portal\/wp-json\/wp\/v2\/users\/2"}],"replies":[{"embeddable":true,"href":"https:\/\/noticiaempauta.com\/portal\/wp-json\/wp\/v2\/comments?post=259662"}],"version-history":[{"count":2,"href":"https:\/\/noticiaempauta.com\/portal\/wp-json\/wp\/v2\/posts\/259662\/revisions"}],"predecessor-version":[{"id":259668,"href":"https:\/\/noticiaempauta.com\/portal\/wp-json\/wp\/v2\/posts\/259662\/revisions\/259668"}],"wp:featuredmedia":[{"embeddable":true,"href":"https:\/\/noticiaempauta.com\/portal\/wp-json\/wp\/v2\/media\/259666"}],"wp:attachment":[{"href":"https:\/\/noticiaempauta.com\/portal\/wp-json\/wp\/v2\/media?parent=259662"}],"wp:term":[{"taxonomy":"category","embeddable":true,"href":"https:\/\/noticiaempauta.com\/portal\/wp-json\/wp\/v2\/categories?post=259662"},{"taxonomy":"post_tag","embeddable":true,"href":"https:\/\/noticiaempauta.com\/portal\/wp-json\/wp\/v2\/tags?post=259662"}],"curies":[{"name":"wp","href":"https:\/\/api.w.org\/{rel}","templated":true}]}}