{"id":259669,"date":"2024-07-10T11:02:27","date_gmt":"2024-07-10T14:02:27","guid":{"rendered":"https:\/\/noticiaempauta.com\/portal\/?p=259669"},"modified":"2024-07-10T11:02:28","modified_gmt":"2024-07-10T14:02:28","slug":"carga-horaria-disciplinas-obrigatorias-e-mais-o-que-muda-no-novo-ensino-medio","status":"publish","type":"post","link":"https:\/\/noticiaempauta.com\/portal\/carga-horaria-disciplinas-obrigatorias-e-mais-o-que-muda-no-novo-ensino-medio\/","title":{"rendered":"Carga hor\u00e1ria, disciplinas obrigat\u00f3rias e mais: o que muda no novo ensino m\u00e9dio"},"content":{"rendered":"\n<p>A C\u00e2mara dos Deputados finalizou na ter\u00e7a-feira (9) a vota\u00e7\u00e3o da\u00a0lei que cria o Novo Ensino M\u00e9dio.\u00a0O texto, que j\u00e1 havia sido aprovado pela C\u00e2mara em mar\u00e7o, sofreu altera\u00e7\u00f5es no Senado, o que exigiu uma nova an\u00e1lise pelos deputados. Agora, o projeto segue para a san\u00e7\u00e3o do presidente Lula (PT), que pode aprov\u00e1-lo integralmente, vetar trechos ou vetar o texto na \u00edntegra.<\/p>\n\n\n\n<figure class=\"wp-block-image size-full\"><img fetchpriority=\"high\" decoding=\"async\" width=\"1024\" height=\"768\" src=\"https:\/\/noticiaempauta.com\/portal\/wp-content\/uploads\/2024\/07\/carga-horaria-disciplinas-obrigatorias-e-mais-veja-o-que-muda-no-novo-ensino-medio-2be97715-0f51-4376-9007-9a7a52641bf1.jpg.webp\" alt=\"\" class=\"wp-image-259670\" srcset=\"https:\/\/noticiaempauta.com\/portal\/wp-content\/uploads\/2024\/07\/carga-horaria-disciplinas-obrigatorias-e-mais-veja-o-que-muda-no-novo-ensino-medio-2be97715-0f51-4376-9007-9a7a52641bf1.jpg.webp 1024w, https:\/\/noticiaempauta.com\/portal\/wp-content\/uploads\/2024\/07\/carga-horaria-disciplinas-obrigatorias-e-mais-veja-o-que-muda-no-novo-ensino-medio-2be97715-0f51-4376-9007-9a7a52641bf1.jpg-300x225.webp 300w, https:\/\/noticiaempauta.com\/portal\/wp-content\/uploads\/2024\/07\/carga-horaria-disciplinas-obrigatorias-e-mais-veja-o-que-muda-no-novo-ensino-medio-2be97715-0f51-4376-9007-9a7a52641bf1.jpg-768x576.webp 768w\" sizes=\"(max-width: 1024px) 100vw, 1024px\" \/><figcaption class=\"wp-element-caption\">Presidentes Lula (Rep\u00fablica), Arthur Lira (C\u00e2mara) e Rodrigo Pacheco (Senado) &#8211; Foto: Reprodu\u00e7\u00e3o<\/figcaption><\/figure>\n\n\n\n<h2 class=\"wp-block-heading\">MUDAN\u00c7A NA CARGA HOR\u00c1RIA<\/h2>\n\n\n\n<p>A proposta aprovada traz mudan\u00e7as significativas no curr\u00edculo do ensino m\u00e9dio.&nbsp;<strong>A carga hor\u00e1ria obrigat\u00f3ria aumentar\u00e1 de 1.800 para 2.400 horas, enquanto as disciplinas opcionais ter\u00e3o a carga hor\u00e1ria reduzida de 1.200 para 600 horas<\/strong>. Especialistas das entidades Todos Pela Educa\u00e7\u00e3o e ci\u00eancias estudantis veem aumentando a carga hor\u00e1ria obrigat\u00f3ria, argumentando que ela cobre conte\u00fados essenciais para vestibulares e processos seletivos. J\u00e1 o Consed, que re\u00fane secret\u00e1rios estaduais de educa\u00e7\u00e3o, expressa preocupa\u00e7\u00e3o com a qualidade do ensino devido \u00e0 nova divis\u00e3o da carga hor\u00e1ria.<\/p>\n\n\n\n<h2 class=\"wp-block-heading\">MAIS DISCIPLINAS OBRIGAT\u00d3RIAS<\/h2>\n\n\n\n<p>O novo ensino m\u00e9dio tamb\u00e9m&nbsp;<a href=\"https:\/\/www.meionews.com\/politica\/novo-ensino-medio-comissao-do-senado-aprova-projeto-veja-principais-pontos-500384\">amplia a lista de disciplinas obrigat\u00f3rias<\/a>.&nbsp;<strong>Al\u00e9m de portugu\u00eas e matem\u00e1tica, passam a ser obrigat\u00f3rias em todos os anos: ingl\u00eas, artes, educa\u00e7\u00e3o f\u00edsica, ci\u00eancias da natureza (biologia, f\u00edsica, qu\u00edmica) e ci\u00eancias humanas (filosofia, geografia, hist\u00f3ria, sociologia)<\/strong>. O espanhol ser\u00e1 facultativo. A medida \u00e9 vista como um avan\u00e7o para promover maior interdisciplinaridade, embora entidades estudantis defendam a obrigatoriedade do estudante de fomentar a integra\u00e7\u00e3o latino-americana.<\/p>\n\n\n\n<h2 class=\"wp-block-heading\">ITINER\u00c1RIOS FORMATIVOS<\/h2>\n\n\n\n<p>Outra mudan\u00e7a importante refere-se aos itiner\u00e1rios formativos, que permitem aos alunos obter conhecimentos em \u00e1reas espec\u00edficas de interesse.\u00a0<strong>A nova lei obriga cada escola a oferecer no m\u00ednimo dois itiner\u00e1rios, o que \u00e9 bem recebido por entidades estudantis, que acreditam que isso ir\u00e1 melhorar a organiza\u00e7\u00e3o das disciplinas<\/strong>. Para o ensino t\u00e9cnico, a carga hor\u00e1ria das disciplinas obrigat\u00f3rias ser\u00e1 de 2.100 horas, com 300 horas destinadas a conte\u00fados da Base Nacional Comum Curricular relativos \u00e0 forma\u00e7\u00e3o t\u00e9cnica, al\u00e9m das 1.200 horas para o curso t\u00e9cnico.<\/p>\n\n\n\n<p><strong><em>Fonte: Meio News<\/em><\/strong><\/p>\n","protected":false},"excerpt":{"rendered":"<p>O projeto segue para a san\u00e7\u00e3o do presidente Lula (PT), que pode aprov\u00e1-lo integralmente, vetar trechos ou vetar o texto na \u00edntegra.<\/p>\n","protected":false},"author":2,"featured_media":259670,"comment_status":"open","ping_status":"open","sticky":false,"template":"","format":"standard","meta":{"_mi_skip_tracking":false,"footnotes":""},"categories":[25,1,16],"tags":[192],"class_list":["post-259669","post","type-post","status-publish","format-standard","has-post-thumbnail","hentry","category-destaques-site","category-geral","category-todas","tag-destaqueprincipal"],"acf":[],"yoast_head":"<!-- This site is optimized with the Yoast SEO Premium plugin v19.2 (Yoast SEO v26.9) - https:\/\/yoast.com\/product\/yoast-seo-premium-wordpress\/ -->\n<title>Carga hor\u00e1ria, disciplinas obrigat\u00f3rias e mais: o que muda no novo ensino m\u00e9dio - Portal Not\u00edcia em Pauta<\/title>\n<meta name=\"robots\" content=\"index, follow, max-snippet:-1, max-image-preview:large, max-video-preview:-1\" \/>\n<link rel=\"canonical\" href=\"https:\/\/noticiaempauta.com\/portal\/carga-horaria-disciplinas-obrigatorias-e-mais-o-que-muda-no-novo-ensino-medio\/\" \/>\n<meta property=\"og:locale\" content=\"pt_BR\" \/>\n<meta property=\"og:type\" content=\"article\" \/>\n<meta property=\"og:title\" content=\"Carga hor\u00e1ria, disciplinas obrigat\u00f3rias e mais: o que muda no novo ensino m\u00e9dio\" \/>\n<meta property=\"og:description\" content=\"O projeto segue para a san\u00e7\u00e3o do presidente Lula (PT), que pode aprov\u00e1-lo integralmente, vetar trechos ou vetar o texto na \u00edntegra.\" \/>\n<meta property=\"og:url\" content=\"https:\/\/noticiaempauta.com\/portal\/carga-horaria-disciplinas-obrigatorias-e-mais-o-que-muda-no-novo-ensino-medio\/\" \/>\n<meta property=\"og:site_name\" content=\"Portal Not\u00edcia em Pauta\" \/>\n<meta property=\"article:publisher\" content=\"https:\/\/www.facebook.com\/Portal-Notcia-Em-Pauta-102292869264820\/\" \/>\n<meta property=\"article:published_time\" content=\"2024-07-10T14:02:27+00:00\" \/>\n<meta property=\"article:modified_time\" content=\"2024-07-10T14:02:28+00:00\" \/>\n<meta property=\"og:image\" content=\"https:\/\/noticiaempauta.com\/portal\/wp-content\/uploads\/2024\/07\/carga-horaria-disciplinas-obrigatorias-e-mais-veja-o-que-muda-no-novo-ensino-medio-2be97715-0f51-4376-9007-9a7a52641bf1.jpg.webp\" \/>\n\t<meta property=\"og:image:width\" content=\"1024\" \/>\n\t<meta property=\"og:image:height\" content=\"768\" \/>\n\t<meta property=\"og:image:type\" content=\"image\/webp\" \/>\n<meta name=\"author\" content=\"Reda\u00e7\u00e3o\" \/>\n<meta name=\"twitter:card\" content=\"summary_large_image\" \/>\n<meta name=\"twitter:label1\" content=\"Escrito por\" \/>\n\t<meta name=\"twitter:data1\" content=\"Reda\u00e7\u00e3o\" \/>\n\t<meta name=\"twitter:label2\" content=\"Est. tempo de leitura\" \/>\n\t<meta name=\"twitter:data2\" content=\"3 minutos\" \/>\n<script type=\"application\/ld+json\" class=\"yoast-schema-graph\">{\"@context\":\"https:\/\/schema.org\",\"@graph\":[{\"@type\":\"Article\",\"@id\":\"https:\/\/noticiaempauta.com\/portal\/carga-horaria-disciplinas-obrigatorias-e-mais-o-que-muda-no-novo-ensino-medio\/#article\",\"isPartOf\":{\"@id\":\"https:\/\/noticiaempauta.com\/portal\/carga-horaria-disciplinas-obrigatorias-e-mais-o-que-muda-no-novo-ensino-medio\/\"},\"author\":{\"name\":\"Reda\u00e7\u00e3o\",\"@id\":\"https:\/\/noticiaempauta.com\/portal\/#\/schema\/person\/a74af43dd1ab3deca45f988c717d57ac\"},\"headline\":\"Carga hor\u00e1ria, disciplinas obrigat\u00f3rias e mais: o que muda no novo ensino m\u00e9dio\",\"datePublished\":\"2024-07-10T14:02:27+00:00\",\"dateModified\":\"2024-07-10T14:02:28+00:00\",\"mainEntityOfPage\":{\"@id\":\"https:\/\/noticiaempauta.com\/portal\/carga-horaria-disciplinas-obrigatorias-e-mais-o-que-muda-no-novo-ensino-medio\/\"},\"wordCount\":400,\"commentCount\":0,\"publisher\":{\"@id\":\"https:\/\/noticiaempauta.com\/portal\/#organization\"},\"image\":{\"@id\":\"https:\/\/noticiaempauta.com\/portal\/carga-horaria-disciplinas-obrigatorias-e-mais-o-que-muda-no-novo-ensino-medio\/#primaryimage\"},\"thumbnailUrl\":\"https:\/\/noticiaempauta.com\/portal\/wp-content\/uploads\/2024\/07\/carga-horaria-disciplinas-obrigatorias-e-mais-veja-o-que-muda-no-novo-ensino-medio-2be97715-0f51-4376-9007-9a7a52641bf1.jpg.webp\",\"keywords\":[\"destaqueprincipal\"],\"articleSection\":[\"Destaques\",\"Geral\",\"Todas as Not\u00edcias\"],\"inLanguage\":\"pt-BR\",\"potentialAction\":[{\"@type\":\"CommentAction\",\"name\":\"Comment\",\"target\":[\"https:\/\/noticiaempauta.com\/portal\/carga-horaria-disciplinas-obrigatorias-e-mais-o-que-muda-no-novo-ensino-medio\/#respond\"]}]},{\"@type\":\"WebPage\",\"@id\":\"https:\/\/noticiaempauta.com\/portal\/carga-horaria-disciplinas-obrigatorias-e-mais-o-que-muda-no-novo-ensino-medio\/\",\"url\":\"https:\/\/noticiaempauta.com\/portal\/carga-horaria-disciplinas-obrigatorias-e-mais-o-que-muda-no-novo-ensino-medio\/\",\"name\":\"Carga hor\u00e1ria, disciplinas obrigat\u00f3rias e mais: o que muda no novo ensino m\u00e9dio - Portal Not\u00edcia em Pauta\",\"isPartOf\":{\"@id\":\"https:\/\/noticiaempauta.com\/portal\/#website\"},\"primaryImageOfPage\":{\"@id\":\"https:\/\/noticiaempauta.com\/portal\/carga-horaria-disciplinas-obrigatorias-e-mais-o-que-muda-no-novo-ensino-medio\/#primaryimage\"},\"image\":{\"@id\":\"https:\/\/noticiaempauta.com\/portal\/carga-horaria-disciplinas-obrigatorias-e-mais-o-que-muda-no-novo-ensino-medio\/#primaryimage\"},\"thumbnailUrl\":\"https:\/\/noticiaempauta.com\/portal\/wp-content\/uploads\/2024\/07\/carga-horaria-disciplinas-obrigatorias-e-mais-veja-o-que-muda-no-novo-ensino-medio-2be97715-0f51-4376-9007-9a7a52641bf1.jpg.webp\",\"datePublished\":\"2024-07-10T14:02:27+00:00\",\"dateModified\":\"2024-07-10T14:02:28+00:00\",\"breadcrumb\":{\"@id\":\"https:\/\/noticiaempauta.com\/portal\/carga-horaria-disciplinas-obrigatorias-e-mais-o-que-muda-no-novo-ensino-medio\/#breadcrumb\"},\"inLanguage\":\"pt-BR\",\"potentialAction\":[{\"@type\":\"ReadAction\",\"target\":[\"https:\/\/noticiaempauta.com\/portal\/carga-horaria-disciplinas-obrigatorias-e-mais-o-que-muda-no-novo-ensino-medio\/\"]}]},{\"@type\":\"ImageObject\",\"inLanguage\":\"pt-BR\",\"@id\":\"https:\/\/noticiaempauta.com\/portal\/carga-horaria-disciplinas-obrigatorias-e-mais-o-que-muda-no-novo-ensino-medio\/#primaryimage\",\"url\":\"https:\/\/noticiaempauta.com\/portal\/wp-content\/uploads\/2024\/07\/carga-horaria-disciplinas-obrigatorias-e-mais-veja-o-que-muda-no-novo-ensino-medio-2be97715-0f51-4376-9007-9a7a52641bf1.jpg.webp\",\"contentUrl\":\"https:\/\/noticiaempauta.com\/portal\/wp-content\/uploads\/2024\/07\/carga-horaria-disciplinas-obrigatorias-e-mais-veja-o-que-muda-no-novo-ensino-medio-2be97715-0f51-4376-9007-9a7a52641bf1.jpg.webp\",\"width\":1024,\"height\":768},{\"@type\":\"BreadcrumbList\",\"@id\":\"https:\/\/noticiaempauta.com\/portal\/carga-horaria-disciplinas-obrigatorias-e-mais-o-que-muda-no-novo-ensino-medio\/#breadcrumb\",\"itemListElement\":[{\"@type\":\"ListItem\",\"position\":1,\"name\":\"P\u00e1gina Inicial\",\"item\":\"https:\/\/noticiaempauta.com\/portal\/\"},{\"@type\":\"ListItem\",\"position\":2,\"name\":\"Destaques\",\"item\":\"https:\/\/noticiaempauta.com\/portal\/destaques-site\/\"},{\"@type\":\"ListItem\",\"position\":3,\"name\":\"Carga hor\u00e1ria, disciplinas obrigat\u00f3rias e mais: o que muda no novo ensino m\u00e9dio\"}]},{\"@type\":\"WebSite\",\"@id\":\"https:\/\/noticiaempauta.com\/portal\/#website\",\"url\":\"https:\/\/noticiaempauta.com\/portal\/\",\"name\":\"Portal Not\u00edcia em Pauta\",\"description\":\"Voc\u00ea bem informado\",\"publisher\":{\"@id\":\"https:\/\/noticiaempauta.com\/portal\/#organization\"},\"potentialAction\":[{\"@type\":\"SearchAction\",\"target\":{\"@type\":\"EntryPoint\",\"urlTemplate\":\"https:\/\/noticiaempauta.com\/portal\/?s={search_term_string}\"},\"query-input\":{\"@type\":\"PropertyValueSpecification\",\"valueRequired\":true,\"valueName\":\"search_term_string\"}}],\"inLanguage\":\"pt-BR\"},{\"@type\":\"Organization\",\"@id\":\"https:\/\/noticiaempauta.com\/portal\/#organization\",\"name\":\"Portal Not\u00edcia em Pauta\",\"url\":\"https:\/\/noticiaempauta.com\/portal\/\",\"logo\":{\"@type\":\"ImageObject\",\"inLanguage\":\"pt-BR\",\"@id\":\"https:\/\/noticiaempauta.com\/portal\/#\/schema\/logo\/image\/\",\"url\":\"https:\/\/noticiaempauta.com\/portal\/wp-content\/uploads\/2022\/08\/logomarca_tema.fw_.png\",\"contentUrl\":\"https:\/\/noticiaempauta.com\/portal\/wp-content\/uploads\/2022\/08\/logomarca_tema.fw_.png\",\"width\":400,\"height\":232,\"caption\":\"Portal Not\u00edcia em Pauta\"},\"image\":{\"@id\":\"https:\/\/noticiaempauta.com\/portal\/#\/schema\/logo\/image\/\"},\"sameAs\":[\"https:\/\/www.facebook.com\/Portal-Notcia-Em-Pauta-102292869264820\/\",\"https:\/\/www.instagram.com\/portalnoticiaempauta\/\"]},{\"@type\":\"Person\",\"@id\":\"https:\/\/noticiaempauta.com\/portal\/#\/schema\/person\/a74af43dd1ab3deca45f988c717d57ac\",\"name\":\"Reda\u00e7\u00e3o\",\"image\":{\"@type\":\"ImageObject\",\"inLanguage\":\"pt-BR\",\"@id\":\"https:\/\/noticiaempauta.com\/portal\/#\/schema\/person\/image\/\",\"url\":\"https:\/\/secure.gravatar.com\/avatar\/03179346ecce6cdfc13361603e8f54242a90e5cde8618fa23c5c00aa2b0aadf3?s=96&d=mm&r=g\",\"contentUrl\":\"https:\/\/secure.gravatar.com\/avatar\/03179346ecce6cdfc13361603e8f54242a90e5cde8618fa23c5c00aa2b0aadf3?s=96&d=mm&r=g\",\"caption\":\"Reda\u00e7\u00e3o\"},\"sameAs\":[\"https:\/\/noticiaempauta.com\/portal\/\"],\"url\":\"https:\/\/noticiaempauta.com\/portal\/author\/fernando\/\"}]}<\/script>\n<!-- \/ Yoast SEO Premium plugin. -->","yoast_head_json":{"title":"Carga hor\u00e1ria, disciplinas obrigat\u00f3rias e mais: o que muda no novo ensino m\u00e9dio - Portal Not\u00edcia em Pauta","robots":{"index":"index","follow":"follow","max-snippet":"max-snippet:-1","max-image-preview":"max-image-preview:large","max-video-preview":"max-video-preview:-1"},"canonical":"https:\/\/noticiaempauta.com\/portal\/carga-horaria-disciplinas-obrigatorias-e-mais-o-que-muda-no-novo-ensino-medio\/","og_locale":"pt_BR","og_type":"article","og_title":"Carga hor\u00e1ria, disciplinas obrigat\u00f3rias e mais: o que muda no novo ensino m\u00e9dio","og_description":"O projeto segue para a san\u00e7\u00e3o do presidente Lula (PT), que pode aprov\u00e1-lo integralmente, vetar trechos ou vetar o texto na \u00edntegra.","og_url":"https:\/\/noticiaempauta.com\/portal\/carga-horaria-disciplinas-obrigatorias-e-mais-o-que-muda-no-novo-ensino-medio\/","og_site_name":"Portal Not\u00edcia em Pauta","article_publisher":"https:\/\/www.facebook.com\/Portal-Notcia-Em-Pauta-102292869264820\/","article_published_time":"2024-07-10T14:02:27+00:00","article_modified_time":"2024-07-10T14:02:28+00:00","og_image":[{"width":1024,"height":768,"url":"https:\/\/noticiaempauta.com\/portal\/wp-content\/uploads\/2024\/07\/carga-horaria-disciplinas-obrigatorias-e-mais-veja-o-que-muda-no-novo-ensino-medio-2be97715-0f51-4376-9007-9a7a52641bf1.jpg.webp","type":"image\/webp"}],"author":"Reda\u00e7\u00e3o","twitter_card":"summary_large_image","twitter_misc":{"Escrito por":"Reda\u00e7\u00e3o","Est. tempo de leitura":"3 minutos"},"schema":{"@context":"https:\/\/schema.org","@graph":[{"@type":"Article","@id":"https:\/\/noticiaempauta.com\/portal\/carga-horaria-disciplinas-obrigatorias-e-mais-o-que-muda-no-novo-ensino-medio\/#article","isPartOf":{"@id":"https:\/\/noticiaempauta.com\/portal\/carga-horaria-disciplinas-obrigatorias-e-mais-o-que-muda-no-novo-ensino-medio\/"},"author":{"name":"Reda\u00e7\u00e3o","@id":"https:\/\/noticiaempauta.com\/portal\/#\/schema\/person\/a74af43dd1ab3deca45f988c717d57ac"},"headline":"Carga hor\u00e1ria, disciplinas obrigat\u00f3rias e mais: o que muda no novo ensino m\u00e9dio","datePublished":"2024-07-10T14:02:27+00:00","dateModified":"2024-07-10T14:02:28+00:00","mainEntityOfPage":{"@id":"https:\/\/noticiaempauta.com\/portal\/carga-horaria-disciplinas-obrigatorias-e-mais-o-que-muda-no-novo-ensino-medio\/"},"wordCount":400,"commentCount":0,"publisher":{"@id":"https:\/\/noticiaempauta.com\/portal\/#organization"},"image":{"@id":"https:\/\/noticiaempauta.com\/portal\/carga-horaria-disciplinas-obrigatorias-e-mais-o-que-muda-no-novo-ensino-medio\/#primaryimage"},"thumbnailUrl":"https:\/\/noticiaempauta.com\/portal\/wp-content\/uploads\/2024\/07\/carga-horaria-disciplinas-obrigatorias-e-mais-veja-o-que-muda-no-novo-ensino-medio-2be97715-0f51-4376-9007-9a7a52641bf1.jpg.webp","keywords":["destaqueprincipal"],"articleSection":["Destaques","Geral","Todas as Not\u00edcias"],"inLanguage":"pt-BR","potentialAction":[{"@type":"CommentAction","name":"Comment","target":["https:\/\/noticiaempauta.com\/portal\/carga-horaria-disciplinas-obrigatorias-e-mais-o-que-muda-no-novo-ensino-medio\/#respond"]}]},{"@type":"WebPage","@id":"https:\/\/noticiaempauta.com\/portal\/carga-horaria-disciplinas-obrigatorias-e-mais-o-que-muda-no-novo-ensino-medio\/","url":"https:\/\/noticiaempauta.com\/portal\/carga-horaria-disciplinas-obrigatorias-e-mais-o-que-muda-no-novo-ensino-medio\/","name":"Carga hor\u00e1ria, disciplinas obrigat\u00f3rias e mais: o que muda no novo ensino m\u00e9dio - Portal Not\u00edcia em Pauta","isPartOf":{"@id":"https:\/\/noticiaempauta.com\/portal\/#website"},"primaryImageOfPage":{"@id":"https:\/\/noticiaempauta.com\/portal\/carga-horaria-disciplinas-obrigatorias-e-mais-o-que-muda-no-novo-ensino-medio\/#primaryimage"},"image":{"@id":"https:\/\/noticiaempauta.com\/portal\/carga-horaria-disciplinas-obrigatorias-e-mais-o-que-muda-no-novo-ensino-medio\/#primaryimage"},"thumbnailUrl":"https:\/\/noticiaempauta.com\/portal\/wp-content\/uploads\/2024\/07\/carga-horaria-disciplinas-obrigatorias-e-mais-veja-o-que-muda-no-novo-ensino-medio-2be97715-0f51-4376-9007-9a7a52641bf1.jpg.webp","datePublished":"2024-07-10T14:02:27+00:00","dateModified":"2024-07-10T14:02:28+00:00","breadcrumb":{"@id":"https:\/\/noticiaempauta.com\/portal\/carga-horaria-disciplinas-obrigatorias-e-mais-o-que-muda-no-novo-ensino-medio\/#breadcrumb"},"inLanguage":"pt-BR","potentialAction":[{"@type":"ReadAction","target":["https:\/\/noticiaempauta.com\/portal\/carga-horaria-disciplinas-obrigatorias-e-mais-o-que-muda-no-novo-ensino-medio\/"]}]},{"@type":"ImageObject","inLanguage":"pt-BR","@id":"https:\/\/noticiaempauta.com\/portal\/carga-horaria-disciplinas-obrigatorias-e-mais-o-que-muda-no-novo-ensino-medio\/#primaryimage","url":"https:\/\/noticiaempauta.com\/portal\/wp-content\/uploads\/2024\/07\/carga-horaria-disciplinas-obrigatorias-e-mais-veja-o-que-muda-no-novo-ensino-medio-2be97715-0f51-4376-9007-9a7a52641bf1.jpg.webp","contentUrl":"https:\/\/noticiaempauta.com\/portal\/wp-content\/uploads\/2024\/07\/carga-horaria-disciplinas-obrigatorias-e-mais-veja-o-que-muda-no-novo-ensino-medio-2be97715-0f51-4376-9007-9a7a52641bf1.jpg.webp","width":1024,"height":768},{"@type":"BreadcrumbList","@id":"https:\/\/noticiaempauta.com\/portal\/carga-horaria-disciplinas-obrigatorias-e-mais-o-que-muda-no-novo-ensino-medio\/#breadcrumb","itemListElement":[{"@type":"ListItem","position":1,"name":"P\u00e1gina Inicial","item":"https:\/\/noticiaempauta.com\/portal\/"},{"@type":"ListItem","position":2,"name":"Destaques","item":"https:\/\/noticiaempauta.com\/portal\/destaques-site\/"},{"@type":"ListItem","position":3,"name":"Carga hor\u00e1ria, disciplinas obrigat\u00f3rias e mais: o que muda no novo ensino m\u00e9dio"}]},{"@type":"WebSite","@id":"https:\/\/noticiaempauta.com\/portal\/#website","url":"https:\/\/noticiaempauta.com\/portal\/","name":"Portal Not\u00edcia em Pauta","description":"Voc\u00ea bem informado","publisher":{"@id":"https:\/\/noticiaempauta.com\/portal\/#organization"},"potentialAction":[{"@type":"SearchAction","target":{"@type":"EntryPoint","urlTemplate":"https:\/\/noticiaempauta.com\/portal\/?s={search_term_string}"},"query-input":{"@type":"PropertyValueSpecification","valueRequired":true,"valueName":"search_term_string"}}],"inLanguage":"pt-BR"},{"@type":"Organization","@id":"https:\/\/noticiaempauta.com\/portal\/#organization","name":"Portal Not\u00edcia em Pauta","url":"https:\/\/noticiaempauta.com\/portal\/","logo":{"@type":"ImageObject","inLanguage":"pt-BR","@id":"https:\/\/noticiaempauta.com\/portal\/#\/schema\/logo\/image\/","url":"https:\/\/noticiaempauta.com\/portal\/wp-content\/uploads\/2022\/08\/logomarca_tema.fw_.png","contentUrl":"https:\/\/noticiaempauta.com\/portal\/wp-content\/uploads\/2022\/08\/logomarca_tema.fw_.png","width":400,"height":232,"caption":"Portal Not\u00edcia em Pauta"},"image":{"@id":"https:\/\/noticiaempauta.com\/portal\/#\/schema\/logo\/image\/"},"sameAs":["https:\/\/www.facebook.com\/Portal-Notcia-Em-Pauta-102292869264820\/","https:\/\/www.instagram.com\/portalnoticiaempauta\/"]},{"@type":"Person","@id":"https:\/\/noticiaempauta.com\/portal\/#\/schema\/person\/a74af43dd1ab3deca45f988c717d57ac","name":"Reda\u00e7\u00e3o","image":{"@type":"ImageObject","inLanguage":"pt-BR","@id":"https:\/\/noticiaempauta.com\/portal\/#\/schema\/person\/image\/","url":"https:\/\/secure.gravatar.com\/avatar\/03179346ecce6cdfc13361603e8f54242a90e5cde8618fa23c5c00aa2b0aadf3?s=96&d=mm&r=g","contentUrl":"https:\/\/secure.gravatar.com\/avatar\/03179346ecce6cdfc13361603e8f54242a90e5cde8618fa23c5c00aa2b0aadf3?s=96&d=mm&r=g","caption":"Reda\u00e7\u00e3o"},"sameAs":["https:\/\/noticiaempauta.com\/portal\/"],"url":"https:\/\/noticiaempauta.com\/portal\/author\/fernando\/"}]}},"_links":{"self":[{"href":"https:\/\/noticiaempauta.com\/portal\/wp-json\/wp\/v2\/posts\/259669","targetHints":{"allow":["GET"]}}],"collection":[{"href":"https:\/\/noticiaempauta.com\/portal\/wp-json\/wp\/v2\/posts"}],"about":[{"href":"https:\/\/noticiaempauta.com\/portal\/wp-json\/wp\/v2\/types\/post"}],"author":[{"embeddable":true,"href":"https:\/\/noticiaempauta.com\/portal\/wp-json\/wp\/v2\/users\/2"}],"replies":[{"embeddable":true,"href":"https:\/\/noticiaempauta.com\/portal\/wp-json\/wp\/v2\/comments?post=259669"}],"version-history":[{"count":2,"href":"https:\/\/noticiaempauta.com\/portal\/wp-json\/wp\/v2\/posts\/259669\/revisions"}],"predecessor-version":[{"id":259672,"href":"https:\/\/noticiaempauta.com\/portal\/wp-json\/wp\/v2\/posts\/259669\/revisions\/259672"}],"wp:featuredmedia":[{"embeddable":true,"href":"https:\/\/noticiaempauta.com\/portal\/wp-json\/wp\/v2\/media\/259670"}],"wp:attachment":[{"href":"https:\/\/noticiaempauta.com\/portal\/wp-json\/wp\/v2\/media?parent=259669"}],"wp:term":[{"taxonomy":"category","embeddable":true,"href":"https:\/\/noticiaempauta.com\/portal\/wp-json\/wp\/v2\/categories?post=259669"},{"taxonomy":"post_tag","embeddable":true,"href":"https:\/\/noticiaempauta.com\/portal\/wp-json\/wp\/v2\/tags?post=259669"}],"curies":[{"name":"wp","href":"https:\/\/api.w.org\/{rel}","templated":true}]}}