{"id":259676,"date":"2024-07-10T19:29:36","date_gmt":"2024-07-10T22:29:36","guid":{"rendered":"https:\/\/noticiaempauta.com\/portal\/?p=259676"},"modified":"2024-07-10T19:29:37","modified_gmt":"2024-07-10T22:29:37","slug":"aroeiras-do-itaim-convencao-do-psd-vai-homologar-candidaturas-de-marciano-macedo-e-zenio-neves","status":"publish","type":"post","link":"https:\/\/noticiaempauta.com\/portal\/aroeiras-do-itaim-convencao-do-psd-vai-homologar-candidaturas-de-marciano-macedo-e-zenio-neves\/","title":{"rendered":"Aroeiras do Itaim | Conven\u00e7\u00e3o do PSD vai homologar candidaturas de Marciano Macedo e Z\u00eanio Neves"},"content":{"rendered":"\n<p>A conven\u00e7\u00e3o do Partido Social Democr\u00e1tico em Aroeiras do Itaim, ser\u00e1 realizada no pr\u00f3ximo dia 28 do corrente m\u00eas. O partido deve homologar as candidaturas de Marciano Macedo e de Z\u00eanio Neves.  O evento est\u00e1 marcado para 18h. Os dois representam a chapa majorit\u00e1ria e v\u00e3o disputar os cargos de prefeito e vice-prefeito, respectivamente.<\/p>\n\n\n\n<figure class=\"wp-block-image size-large\"><img fetchpriority=\"high\" decoding=\"async\" width=\"1024\" height=\"583\" src=\"https:\/\/noticiaempauta.com\/portal\/wp-content\/uploads\/2024\/07\/IMG_2980-1024x583.jpeg\" alt=\"\" class=\"wp-image-259677\" srcset=\"https:\/\/noticiaempauta.com\/portal\/wp-content\/uploads\/2024\/07\/IMG_2980-1024x583.jpeg 1024w, https:\/\/noticiaempauta.com\/portal\/wp-content\/uploads\/2024\/07\/IMG_2980-300x171.jpeg 300w, https:\/\/noticiaempauta.com\/portal\/wp-content\/uploads\/2024\/07\/IMG_2980-768x437.jpeg 768w, https:\/\/noticiaempauta.com\/portal\/wp-content\/uploads\/2024\/07\/IMG_2980.jpeg 1110w\" sizes=\"(max-width: 1024px) 100vw, 1024px\" \/><\/figure>\n\n\n\n<p>De acordo com o Tribunal Superior Eleitoral (TSE) as conven\u00e7\u00f5es partid\u00e1rias s\u00e3o reuni\u00f5es de filiados a um partido pol\u00edtico para julgamento de assuntos de interesse do grupo ou para escolha de candidatos e forma\u00e7\u00e3o de coliga\u00e7\u00f5es (uni\u00e3o de dois ou mais partidos a fim de disputarem elei\u00e7\u00f5es).&nbsp;<\/p>\n\n\n\n<p>Conforme estabelece a Lei n\u00b0 13.165\/2015, Lei da Reforma Pol\u00edtica, as conven\u00e7\u00f5es devem ocorrer no per\u00edodo de 20 de julho a 5 de agosto do ano eleitoral. As elei\u00e7\u00f5es municipais deste ano acontecem no dia 06 de outubro.<\/p>\n\n\n\n<p>Al\u00e9m da chapa majorit\u00e1ria, em Aroeiras do Itaim pelo grupo de Marciano e Z\u00eanio, dever\u00e3o ser escolhidos e anunciados os candidatos \u00e0 vereador e tamb\u00e9m os n\u00fameros de cada postulante.<\/p>\n\n\n\n<p>A partir do dia 05 de agosto, prazo final para as conven\u00e7\u00f5es, os partidos t\u00eam at\u00e9 dez dias para registrar os pedidos de candidaturas junto \u00e0 Justi\u00e7a Eleitoral. Neste caso, os partidos devem enviar uma c\u00f3pia do documento das conven\u00e7\u00f5es at\u00e9 o dia 15 de agosto.<\/p>\n\n\n\n<p>Nessa etapa, do p\u00f3s-conven\u00e7\u00f5es, \u00e9 necess\u00e1rio que as defini\u00e7\u00f5es dos candidatos sejam registradas pelas legendas em atas oficiais e apresentadas declara\u00e7\u00f5es de bens, c\u00f3pia do t\u00edtulo eleitoral, certid\u00e3o de quita\u00e7\u00e3o eleitoral, certid\u00f5es criminais da Justi\u00e7a (Eleitoral, Federal e Estadual), fotografia do candidato. Os candidatos ao Poder Executivo devem enviar as propostas defendidas.<\/p>\n\n\n\n<p>Com informa\u00e7\u00f5es do CidadesnaNet<\/p>\n\n\n\n<p><\/p>\n\n\n\n<p><\/p>\n\n\n\n<p><\/p>\n","protected":false},"excerpt":{"rendered":"<p>A conven\u00e7\u00e3o do Partido Social Democr\u00e1tico em Aroeiras do Itaim, ser\u00e1 realizada no pr\u00f3ximo dia 28 do corrente m\u00eas. O partido deve homologar as candidaturas de Marciano Macedo e de Z\u00eanio Neves. O evento est\u00e1 marcado para 18h. Os dois representam a chapa majorit\u00e1ria e v\u00e3o disputar os cargos de prefeito e vice-prefeito, respectivamente. De [&hellip;]<\/p>\n","protected":false},"author":2,"featured_media":259677,"comment_status":"open","ping_status":"open","sticky":false,"template":"","format":"standard","meta":{"_mi_skip_tracking":false,"footnotes":""},"categories":[25,1,9,3,16],"tags":[192],"class_list":["post-259676","post","type-post","status-publish","format-standard","has-post-thumbnail","hentry","category-destaques-site","category-geral","category-municipios","category-politica","category-todas","tag-destaqueprincipal"],"acf":[],"yoast_head":"<!-- This site is optimized with the Yoast SEO Premium plugin v19.2 (Yoast SEO v26.9) - https:\/\/yoast.com\/product\/yoast-seo-premium-wordpress\/ -->\n<title>Aroeiras do Itaim | Conven\u00e7\u00e3o do PSD vai homologar candidaturas de Marciano Macedo e Z\u00eanio Neves - Portal Not\u00edcia em Pauta<\/title>\n<meta name=\"robots\" content=\"index, follow, max-snippet:-1, max-image-preview:large, max-video-preview:-1\" \/>\n<link rel=\"canonical\" href=\"https:\/\/noticiaempauta.com\/portal\/aroeiras-do-itaim-convencao-do-psd-vai-homologar-candidaturas-de-marciano-macedo-e-zenio-neves\/\" \/>\n<meta property=\"og:locale\" content=\"pt_BR\" \/>\n<meta property=\"og:type\" content=\"article\" \/>\n<meta property=\"og:title\" content=\"Aroeiras do Itaim | Conven\u00e7\u00e3o do PSD vai homologar candidaturas de Marciano Macedo e Z\u00eanio Neves\" \/>\n<meta property=\"og:description\" content=\"A conven\u00e7\u00e3o do Partido Social Democr\u00e1tico em Aroeiras do Itaim, ser\u00e1 realizada no pr\u00f3ximo dia 28 do corrente m\u00eas. O partido deve homologar as candidaturas de Marciano Macedo e de Z\u00eanio Neves. O evento est\u00e1 marcado para 18h. Os dois representam a chapa majorit\u00e1ria e v\u00e3o disputar os cargos de prefeito e vice-prefeito, respectivamente. De [&hellip;]\" \/>\n<meta property=\"og:url\" content=\"https:\/\/noticiaempauta.com\/portal\/aroeiras-do-itaim-convencao-do-psd-vai-homologar-candidaturas-de-marciano-macedo-e-zenio-neves\/\" \/>\n<meta property=\"og:site_name\" content=\"Portal Not\u00edcia em Pauta\" \/>\n<meta property=\"article:publisher\" content=\"https:\/\/www.facebook.com\/Portal-Notcia-Em-Pauta-102292869264820\/\" \/>\n<meta property=\"article:published_time\" content=\"2024-07-10T22:29:36+00:00\" \/>\n<meta property=\"article:modified_time\" content=\"2024-07-10T22:29:37+00:00\" \/>\n<meta property=\"og:image\" content=\"https:\/\/noticiaempauta.com\/portal\/wp-content\/uploads\/2024\/07\/IMG_2980.jpeg\" \/>\n\t<meta property=\"og:image:width\" content=\"1110\" \/>\n\t<meta property=\"og:image:height\" content=\"632\" \/>\n\t<meta property=\"og:image:type\" content=\"image\/jpeg\" \/>\n<meta name=\"author\" content=\"Reda\u00e7\u00e3o\" \/>\n<meta name=\"twitter:card\" content=\"summary_large_image\" \/>\n<meta name=\"twitter:label1\" content=\"Escrito por\" \/>\n\t<meta name=\"twitter:data1\" content=\"Reda\u00e7\u00e3o\" \/>\n\t<meta name=\"twitter:label2\" content=\"Est. tempo de leitura\" \/>\n\t<meta name=\"twitter:data2\" content=\"2 minutos\" \/>\n<script type=\"application\/ld+json\" class=\"yoast-schema-graph\">{\"@context\":\"https:\/\/schema.org\",\"@graph\":[{\"@type\":\"Article\",\"@id\":\"https:\/\/noticiaempauta.com\/portal\/aroeiras-do-itaim-convencao-do-psd-vai-homologar-candidaturas-de-marciano-macedo-e-zenio-neves\/#article\",\"isPartOf\":{\"@id\":\"https:\/\/noticiaempauta.com\/portal\/aroeiras-do-itaim-convencao-do-psd-vai-homologar-candidaturas-de-marciano-macedo-e-zenio-neves\/\"},\"author\":{\"name\":\"Reda\u00e7\u00e3o\",\"@id\":\"https:\/\/noticiaempauta.com\/portal\/#\/schema\/person\/a74af43dd1ab3deca45f988c717d57ac\"},\"headline\":\"Aroeiras do Itaim | Conven\u00e7\u00e3o do PSD vai homologar candidaturas de Marciano Macedo e Z\u00eanio Neves\",\"datePublished\":\"2024-07-10T22:29:36+00:00\",\"dateModified\":\"2024-07-10T22:29:37+00:00\",\"mainEntityOfPage\":{\"@id\":\"https:\/\/noticiaempauta.com\/portal\/aroeiras-do-itaim-convencao-do-psd-vai-homologar-candidaturas-de-marciano-macedo-e-zenio-neves\/\"},\"wordCount\":322,\"commentCount\":0,\"publisher\":{\"@id\":\"https:\/\/noticiaempauta.com\/portal\/#organization\"},\"image\":{\"@id\":\"https:\/\/noticiaempauta.com\/portal\/aroeiras-do-itaim-convencao-do-psd-vai-homologar-candidaturas-de-marciano-macedo-e-zenio-neves\/#primaryimage\"},\"thumbnailUrl\":\"https:\/\/noticiaempauta.com\/portal\/wp-content\/uploads\/2024\/07\/IMG_2980.jpeg\",\"keywords\":[\"destaqueprincipal\"],\"articleSection\":[\"Destaques\",\"Geral\",\"Munic\u00edpios\",\"Pol\u00edtica\",\"Todas as Not\u00edcias\"],\"inLanguage\":\"pt-BR\",\"potentialAction\":[{\"@type\":\"CommentAction\",\"name\":\"Comment\",\"target\":[\"https:\/\/noticiaempauta.com\/portal\/aroeiras-do-itaim-convencao-do-psd-vai-homologar-candidaturas-de-marciano-macedo-e-zenio-neves\/#respond\"]}]},{\"@type\":\"WebPage\",\"@id\":\"https:\/\/noticiaempauta.com\/portal\/aroeiras-do-itaim-convencao-do-psd-vai-homologar-candidaturas-de-marciano-macedo-e-zenio-neves\/\",\"url\":\"https:\/\/noticiaempauta.com\/portal\/aroeiras-do-itaim-convencao-do-psd-vai-homologar-candidaturas-de-marciano-macedo-e-zenio-neves\/\",\"name\":\"Aroeiras do Itaim | Conven\u00e7\u00e3o do PSD vai homologar candidaturas de Marciano Macedo e Z\u00eanio Neves - Portal Not\u00edcia em Pauta\",\"isPartOf\":{\"@id\":\"https:\/\/noticiaempauta.com\/portal\/#website\"},\"primaryImageOfPage\":{\"@id\":\"https:\/\/noticiaempauta.com\/portal\/aroeiras-do-itaim-convencao-do-psd-vai-homologar-candidaturas-de-marciano-macedo-e-zenio-neves\/#primaryimage\"},\"image\":{\"@id\":\"https:\/\/noticiaempauta.com\/portal\/aroeiras-do-itaim-convencao-do-psd-vai-homologar-candidaturas-de-marciano-macedo-e-zenio-neves\/#primaryimage\"},\"thumbnailUrl\":\"https:\/\/noticiaempauta.com\/portal\/wp-content\/uploads\/2024\/07\/IMG_2980.jpeg\",\"datePublished\":\"2024-07-10T22:29:36+00:00\",\"dateModified\":\"2024-07-10T22:29:37+00:00\",\"breadcrumb\":{\"@id\":\"https:\/\/noticiaempauta.com\/portal\/aroeiras-do-itaim-convencao-do-psd-vai-homologar-candidaturas-de-marciano-macedo-e-zenio-neves\/#breadcrumb\"},\"inLanguage\":\"pt-BR\",\"potentialAction\":[{\"@type\":\"ReadAction\",\"target\":[\"https:\/\/noticiaempauta.com\/portal\/aroeiras-do-itaim-convencao-do-psd-vai-homologar-candidaturas-de-marciano-macedo-e-zenio-neves\/\"]}]},{\"@type\":\"ImageObject\",\"inLanguage\":\"pt-BR\",\"@id\":\"https:\/\/noticiaempauta.com\/portal\/aroeiras-do-itaim-convencao-do-psd-vai-homologar-candidaturas-de-marciano-macedo-e-zenio-neves\/#primaryimage\",\"url\":\"https:\/\/noticiaempauta.com\/portal\/wp-content\/uploads\/2024\/07\/IMG_2980.jpeg\",\"contentUrl\":\"https:\/\/noticiaempauta.com\/portal\/wp-content\/uploads\/2024\/07\/IMG_2980.jpeg\",\"width\":1110,\"height\":632,\"caption\":\"Screenshot\"},{\"@type\":\"BreadcrumbList\",\"@id\":\"https:\/\/noticiaempauta.com\/portal\/aroeiras-do-itaim-convencao-do-psd-vai-homologar-candidaturas-de-marciano-macedo-e-zenio-neves\/#breadcrumb\",\"itemListElement\":[{\"@type\":\"ListItem\",\"position\":1,\"name\":\"P\u00e1gina Inicial\",\"item\":\"https:\/\/noticiaempauta.com\/portal\/\"},{\"@type\":\"ListItem\",\"position\":2,\"name\":\"Destaques\",\"item\":\"https:\/\/noticiaempauta.com\/portal\/destaques-site\/\"},{\"@type\":\"ListItem\",\"position\":3,\"name\":\"Aroeiras do Itaim | Conven\u00e7\u00e3o do PSD vai homologar candidaturas de Marciano Macedo e Z\u00eanio Neves\"}]},{\"@type\":\"WebSite\",\"@id\":\"https:\/\/noticiaempauta.com\/portal\/#website\",\"url\":\"https:\/\/noticiaempauta.com\/portal\/\",\"name\":\"Portal Not\u00edcia em Pauta\",\"description\":\"Voc\u00ea bem informado\",\"publisher\":{\"@id\":\"https:\/\/noticiaempauta.com\/portal\/#organization\"},\"potentialAction\":[{\"@type\":\"SearchAction\",\"target\":{\"@type\":\"EntryPoint\",\"urlTemplate\":\"https:\/\/noticiaempauta.com\/portal\/?s={search_term_string}\"},\"query-input\":{\"@type\":\"PropertyValueSpecification\",\"valueRequired\":true,\"valueName\":\"search_term_string\"}}],\"inLanguage\":\"pt-BR\"},{\"@type\":\"Organization\",\"@id\":\"https:\/\/noticiaempauta.com\/portal\/#organization\",\"name\":\"Portal Not\u00edcia em Pauta\",\"url\":\"https:\/\/noticiaempauta.com\/portal\/\",\"logo\":{\"@type\":\"ImageObject\",\"inLanguage\":\"pt-BR\",\"@id\":\"https:\/\/noticiaempauta.com\/portal\/#\/schema\/logo\/image\/\",\"url\":\"https:\/\/noticiaempauta.com\/portal\/wp-content\/uploads\/2022\/08\/logomarca_tema.fw_.png\",\"contentUrl\":\"https:\/\/noticiaempauta.com\/portal\/wp-content\/uploads\/2022\/08\/logomarca_tema.fw_.png\",\"width\":400,\"height\":232,\"caption\":\"Portal Not\u00edcia em Pauta\"},\"image\":{\"@id\":\"https:\/\/noticiaempauta.com\/portal\/#\/schema\/logo\/image\/\"},\"sameAs\":[\"https:\/\/www.facebook.com\/Portal-Notcia-Em-Pauta-102292869264820\/\",\"https:\/\/www.instagram.com\/portalnoticiaempauta\/\"]},{\"@type\":\"Person\",\"@id\":\"https:\/\/noticiaempauta.com\/portal\/#\/schema\/person\/a74af43dd1ab3deca45f988c717d57ac\",\"name\":\"Reda\u00e7\u00e3o\",\"image\":{\"@type\":\"ImageObject\",\"inLanguage\":\"pt-BR\",\"@id\":\"https:\/\/noticiaempauta.com\/portal\/#\/schema\/person\/image\/\",\"url\":\"https:\/\/secure.gravatar.com\/avatar\/03179346ecce6cdfc13361603e8f54242a90e5cde8618fa23c5c00aa2b0aadf3?s=96&d=mm&r=g\",\"contentUrl\":\"https:\/\/secure.gravatar.com\/avatar\/03179346ecce6cdfc13361603e8f54242a90e5cde8618fa23c5c00aa2b0aadf3?s=96&d=mm&r=g\",\"caption\":\"Reda\u00e7\u00e3o\"},\"sameAs\":[\"https:\/\/noticiaempauta.com\/portal\/\"],\"url\":\"https:\/\/noticiaempauta.com\/portal\/author\/fernando\/\"}]}<\/script>\n<!-- \/ Yoast SEO Premium plugin. -->","yoast_head_json":{"title":"Aroeiras do Itaim | Conven\u00e7\u00e3o do PSD vai homologar candidaturas de Marciano Macedo e Z\u00eanio Neves - Portal Not\u00edcia em Pauta","robots":{"index":"index","follow":"follow","max-snippet":"max-snippet:-1","max-image-preview":"max-image-preview:large","max-video-preview":"max-video-preview:-1"},"canonical":"https:\/\/noticiaempauta.com\/portal\/aroeiras-do-itaim-convencao-do-psd-vai-homologar-candidaturas-de-marciano-macedo-e-zenio-neves\/","og_locale":"pt_BR","og_type":"article","og_title":"Aroeiras do Itaim | Conven\u00e7\u00e3o do PSD vai homologar candidaturas de Marciano Macedo e Z\u00eanio Neves","og_description":"A conven\u00e7\u00e3o do Partido Social Democr\u00e1tico em Aroeiras do Itaim, ser\u00e1 realizada no pr\u00f3ximo dia 28 do corrente m\u00eas. O partido deve homologar as candidaturas de Marciano Macedo e de Z\u00eanio Neves. O evento est\u00e1 marcado para 18h. Os dois representam a chapa majorit\u00e1ria e v\u00e3o disputar os cargos de prefeito e vice-prefeito, respectivamente. De [&hellip;]","og_url":"https:\/\/noticiaempauta.com\/portal\/aroeiras-do-itaim-convencao-do-psd-vai-homologar-candidaturas-de-marciano-macedo-e-zenio-neves\/","og_site_name":"Portal Not\u00edcia em Pauta","article_publisher":"https:\/\/www.facebook.com\/Portal-Notcia-Em-Pauta-102292869264820\/","article_published_time":"2024-07-10T22:29:36+00:00","article_modified_time":"2024-07-10T22:29:37+00:00","og_image":[{"width":1110,"height":632,"url":"https:\/\/noticiaempauta.com\/portal\/wp-content\/uploads\/2024\/07\/IMG_2980.jpeg","type":"image\/jpeg"}],"author":"Reda\u00e7\u00e3o","twitter_card":"summary_large_image","twitter_misc":{"Escrito por":"Reda\u00e7\u00e3o","Est. tempo de leitura":"2 minutos"},"schema":{"@context":"https:\/\/schema.org","@graph":[{"@type":"Article","@id":"https:\/\/noticiaempauta.com\/portal\/aroeiras-do-itaim-convencao-do-psd-vai-homologar-candidaturas-de-marciano-macedo-e-zenio-neves\/#article","isPartOf":{"@id":"https:\/\/noticiaempauta.com\/portal\/aroeiras-do-itaim-convencao-do-psd-vai-homologar-candidaturas-de-marciano-macedo-e-zenio-neves\/"},"author":{"name":"Reda\u00e7\u00e3o","@id":"https:\/\/noticiaempauta.com\/portal\/#\/schema\/person\/a74af43dd1ab3deca45f988c717d57ac"},"headline":"Aroeiras do Itaim | Conven\u00e7\u00e3o do PSD vai homologar candidaturas de Marciano Macedo e Z\u00eanio Neves","datePublished":"2024-07-10T22:29:36+00:00","dateModified":"2024-07-10T22:29:37+00:00","mainEntityOfPage":{"@id":"https:\/\/noticiaempauta.com\/portal\/aroeiras-do-itaim-convencao-do-psd-vai-homologar-candidaturas-de-marciano-macedo-e-zenio-neves\/"},"wordCount":322,"commentCount":0,"publisher":{"@id":"https:\/\/noticiaempauta.com\/portal\/#organization"},"image":{"@id":"https:\/\/noticiaempauta.com\/portal\/aroeiras-do-itaim-convencao-do-psd-vai-homologar-candidaturas-de-marciano-macedo-e-zenio-neves\/#primaryimage"},"thumbnailUrl":"https:\/\/noticiaempauta.com\/portal\/wp-content\/uploads\/2024\/07\/IMG_2980.jpeg","keywords":["destaqueprincipal"],"articleSection":["Destaques","Geral","Munic\u00edpios","Pol\u00edtica","Todas as Not\u00edcias"],"inLanguage":"pt-BR","potentialAction":[{"@type":"CommentAction","name":"Comment","target":["https:\/\/noticiaempauta.com\/portal\/aroeiras-do-itaim-convencao-do-psd-vai-homologar-candidaturas-de-marciano-macedo-e-zenio-neves\/#respond"]}]},{"@type":"WebPage","@id":"https:\/\/noticiaempauta.com\/portal\/aroeiras-do-itaim-convencao-do-psd-vai-homologar-candidaturas-de-marciano-macedo-e-zenio-neves\/","url":"https:\/\/noticiaempauta.com\/portal\/aroeiras-do-itaim-convencao-do-psd-vai-homologar-candidaturas-de-marciano-macedo-e-zenio-neves\/","name":"Aroeiras do Itaim | Conven\u00e7\u00e3o do PSD vai homologar candidaturas de Marciano Macedo e Z\u00eanio Neves - Portal Not\u00edcia em Pauta","isPartOf":{"@id":"https:\/\/noticiaempauta.com\/portal\/#website"},"primaryImageOfPage":{"@id":"https:\/\/noticiaempauta.com\/portal\/aroeiras-do-itaim-convencao-do-psd-vai-homologar-candidaturas-de-marciano-macedo-e-zenio-neves\/#primaryimage"},"image":{"@id":"https:\/\/noticiaempauta.com\/portal\/aroeiras-do-itaim-convencao-do-psd-vai-homologar-candidaturas-de-marciano-macedo-e-zenio-neves\/#primaryimage"},"thumbnailUrl":"https:\/\/noticiaempauta.com\/portal\/wp-content\/uploads\/2024\/07\/IMG_2980.jpeg","datePublished":"2024-07-10T22:29:36+00:00","dateModified":"2024-07-10T22:29:37+00:00","breadcrumb":{"@id":"https:\/\/noticiaempauta.com\/portal\/aroeiras-do-itaim-convencao-do-psd-vai-homologar-candidaturas-de-marciano-macedo-e-zenio-neves\/#breadcrumb"},"inLanguage":"pt-BR","potentialAction":[{"@type":"ReadAction","target":["https:\/\/noticiaempauta.com\/portal\/aroeiras-do-itaim-convencao-do-psd-vai-homologar-candidaturas-de-marciano-macedo-e-zenio-neves\/"]}]},{"@type":"ImageObject","inLanguage":"pt-BR","@id":"https:\/\/noticiaempauta.com\/portal\/aroeiras-do-itaim-convencao-do-psd-vai-homologar-candidaturas-de-marciano-macedo-e-zenio-neves\/#primaryimage","url":"https:\/\/noticiaempauta.com\/portal\/wp-content\/uploads\/2024\/07\/IMG_2980.jpeg","contentUrl":"https:\/\/noticiaempauta.com\/portal\/wp-content\/uploads\/2024\/07\/IMG_2980.jpeg","width":1110,"height":632,"caption":"Screenshot"},{"@type":"BreadcrumbList","@id":"https:\/\/noticiaempauta.com\/portal\/aroeiras-do-itaim-convencao-do-psd-vai-homologar-candidaturas-de-marciano-macedo-e-zenio-neves\/#breadcrumb","itemListElement":[{"@type":"ListItem","position":1,"name":"P\u00e1gina Inicial","item":"https:\/\/noticiaempauta.com\/portal\/"},{"@type":"ListItem","position":2,"name":"Destaques","item":"https:\/\/noticiaempauta.com\/portal\/destaques-site\/"},{"@type":"ListItem","position":3,"name":"Aroeiras do Itaim | Conven\u00e7\u00e3o do PSD vai homologar candidaturas de Marciano Macedo e Z\u00eanio Neves"}]},{"@type":"WebSite","@id":"https:\/\/noticiaempauta.com\/portal\/#website","url":"https:\/\/noticiaempauta.com\/portal\/","name":"Portal Not\u00edcia em Pauta","description":"Voc\u00ea bem informado","publisher":{"@id":"https:\/\/noticiaempauta.com\/portal\/#organization"},"potentialAction":[{"@type":"SearchAction","target":{"@type":"EntryPoint","urlTemplate":"https:\/\/noticiaempauta.com\/portal\/?s={search_term_string}"},"query-input":{"@type":"PropertyValueSpecification","valueRequired":true,"valueName":"search_term_string"}}],"inLanguage":"pt-BR"},{"@type":"Organization","@id":"https:\/\/noticiaempauta.com\/portal\/#organization","name":"Portal Not\u00edcia em Pauta","url":"https:\/\/noticiaempauta.com\/portal\/","logo":{"@type":"ImageObject","inLanguage":"pt-BR","@id":"https:\/\/noticiaempauta.com\/portal\/#\/schema\/logo\/image\/","url":"https:\/\/noticiaempauta.com\/portal\/wp-content\/uploads\/2022\/08\/logomarca_tema.fw_.png","contentUrl":"https:\/\/noticiaempauta.com\/portal\/wp-content\/uploads\/2022\/08\/logomarca_tema.fw_.png","width":400,"height":232,"caption":"Portal Not\u00edcia em Pauta"},"image":{"@id":"https:\/\/noticiaempauta.com\/portal\/#\/schema\/logo\/image\/"},"sameAs":["https:\/\/www.facebook.com\/Portal-Notcia-Em-Pauta-102292869264820\/","https:\/\/www.instagram.com\/portalnoticiaempauta\/"]},{"@type":"Person","@id":"https:\/\/noticiaempauta.com\/portal\/#\/schema\/person\/a74af43dd1ab3deca45f988c717d57ac","name":"Reda\u00e7\u00e3o","image":{"@type":"ImageObject","inLanguage":"pt-BR","@id":"https:\/\/noticiaempauta.com\/portal\/#\/schema\/person\/image\/","url":"https:\/\/secure.gravatar.com\/avatar\/03179346ecce6cdfc13361603e8f54242a90e5cde8618fa23c5c00aa2b0aadf3?s=96&d=mm&r=g","contentUrl":"https:\/\/secure.gravatar.com\/avatar\/03179346ecce6cdfc13361603e8f54242a90e5cde8618fa23c5c00aa2b0aadf3?s=96&d=mm&r=g","caption":"Reda\u00e7\u00e3o"},"sameAs":["https:\/\/noticiaempauta.com\/portal\/"],"url":"https:\/\/noticiaempauta.com\/portal\/author\/fernando\/"}]}},"_links":{"self":[{"href":"https:\/\/noticiaempauta.com\/portal\/wp-json\/wp\/v2\/posts\/259676","targetHints":{"allow":["GET"]}}],"collection":[{"href":"https:\/\/noticiaempauta.com\/portal\/wp-json\/wp\/v2\/posts"}],"about":[{"href":"https:\/\/noticiaempauta.com\/portal\/wp-json\/wp\/v2\/types\/post"}],"author":[{"embeddable":true,"href":"https:\/\/noticiaempauta.com\/portal\/wp-json\/wp\/v2\/users\/2"}],"replies":[{"embeddable":true,"href":"https:\/\/noticiaempauta.com\/portal\/wp-json\/wp\/v2\/comments?post=259676"}],"version-history":[{"count":2,"href":"https:\/\/noticiaempauta.com\/portal\/wp-json\/wp\/v2\/posts\/259676\/revisions"}],"predecessor-version":[{"id":259679,"href":"https:\/\/noticiaempauta.com\/portal\/wp-json\/wp\/v2\/posts\/259676\/revisions\/259679"}],"wp:featuredmedia":[{"embeddable":true,"href":"https:\/\/noticiaempauta.com\/portal\/wp-json\/wp\/v2\/media\/259677"}],"wp:attachment":[{"href":"https:\/\/noticiaempauta.com\/portal\/wp-json\/wp\/v2\/media?parent=259676"}],"wp:term":[{"taxonomy":"category","embeddable":true,"href":"https:\/\/noticiaempauta.com\/portal\/wp-json\/wp\/v2\/categories?post=259676"},{"taxonomy":"post_tag","embeddable":true,"href":"https:\/\/noticiaempauta.com\/portal\/wp-json\/wp\/v2\/tags?post=259676"}],"curies":[{"name":"wp","href":"https:\/\/api.w.org\/{rel}","templated":true}]}}