{"id":259686,"date":"2024-07-11T08:46:04","date_gmt":"2024-07-11T11:46:04","guid":{"rendered":"https:\/\/noticiaempauta.com\/portal\/?p=259686"},"modified":"2024-07-11T08:46:05","modified_gmt":"2024-07-11T11:46:05","slug":"reforma-tributaria-camara-inclui-carne-peixe-queijo-e-sal-na-cesta-basica-isenta","status":"publish","type":"post","link":"https:\/\/noticiaempauta.com\/portal\/reforma-tributaria-camara-inclui-carne-peixe-queijo-e-sal-na-cesta-basica-isenta\/","title":{"rendered":"Reforma tribut\u00e1ria: C\u00e2mara inclui carne, peixe, queijo e sal na cesta b\u00e1sica isenta"},"content":{"rendered":"\n<p>A C\u00e2mara dos Deputados decidiu na noite desta quarta-feira (10) incluir prote\u00ednas animais na cesta b\u00e1sica do projeto de\u00a0regulamenta\u00e7\u00e3o da reforma tribut\u00e1ria, com al\u00edquota zerada.\u00a0A mudan\u00e7a foi uma decis\u00e3o de \u00faltima hora, uma vez que esses produtos n\u00e3o constavam do texto-base da proposta, que havia sido aprovado com 336 votos a favor, 142 contr\u00e1rios\u00a0e duas absten\u00e7\u00f5es.<\/p>\n\n\n\n<figure class=\"wp-block-image size-full\"><img fetchpriority=\"high\" decoding=\"async\" width=\"900\" height=\"506\" src=\"https:\/\/noticiaempauta.com\/portal\/wp-content\/uploads\/2024\/07\/reforma-tributaria-camara-inclui-carne-peixe-queijo-e-sal-na-cesta-basica-isenta-94ea3c24-23e4-4c41-9571-5e8e01e2c377.jpg.webp\" alt=\"\" class=\"wp-image-259687\" srcset=\"https:\/\/noticiaempauta.com\/portal\/wp-content\/uploads\/2024\/07\/reforma-tributaria-camara-inclui-carne-peixe-queijo-e-sal-na-cesta-basica-isenta-94ea3c24-23e4-4c41-9571-5e8e01e2c377.jpg.webp 900w, https:\/\/noticiaempauta.com\/portal\/wp-content\/uploads\/2024\/07\/reforma-tributaria-camara-inclui-carne-peixe-queijo-e-sal-na-cesta-basica-isenta-94ea3c24-23e4-4c41-9571-5e8e01e2c377.jpg-300x169.webp 300w, https:\/\/noticiaempauta.com\/portal\/wp-content\/uploads\/2024\/07\/reforma-tributaria-camara-inclui-carne-peixe-queijo-e-sal-na-cesta-basica-isenta-94ea3c24-23e4-4c41-9571-5e8e01e2c377.jpg-768x432.webp 768w\" sizes=\"(max-width: 900px) 100vw, 900px\" \/><figcaption class=\"wp-element-caption\">Placar de votos sobre o novo sistema tribut\u00e1rio &#8211; Foto: Reprodu\u00e7\u00e3o<\/figcaption><\/figure>\n\n\n\n<p>Durante a vota\u00e7\u00e3o dos destaques, o relator no plen\u00e1rio,\u00a0Reginaldo Lopes (PT-MG), anunciou a inclus\u00e3o de carnes, peixes, queijos e sal na lista de produtos isentos. &#8220;Em nome de todos os l\u00edderes, estamos acolhendo no relat\u00f3rio da reforma todas as prote\u00ednas. Carnes, peixes, queijos e, logicamente, o sal, que tamb\u00e9m \u00e9 um ingrediente da culin\u00e1ria brasileira&#8221;, disse o deputado.<\/p>\n\n\n\n<h2 class=\"wp-block-heading\">ARMAS DE FOGO E MUNI\u00c7\u00d5ES COM IMPOSTO-EXTRA?<\/h2>\n\n\n\n<p>No entanto, os deputados rejeitaram um destaque que tentava incluir armas de fogo e muni\u00e7\u00f5es na lista do Imposto Seletivo, que teria uma tributa\u00e7\u00e3o superior \u00e0 al\u00edquota de refer\u00eancia. At\u00e9 a noite desta quarta-feira, a previs\u00e3o era de que as prote\u00ednas bovinas e de frango teriam uma tributa\u00e7\u00e3o parcial, equivalente a 40% da al\u00edquota de refer\u00eancia. Na ter\u00e7a-feira (9), o ministro da Fazenda, Fernando Haddad (PT),\u00a0havia sugerido\u00a0aumentar o cashback para pessoas de baixa renda\u00a0que n\u00e3o conseguem pagar o \u201cvalor cheio\u201d dos produtos.<\/p>\n\n\n\n<h2 class=\"wp-block-heading\">CASHBACK PARA FAM\u00cdLIAS DE BAIXA RENDA<\/h2>\n\n\n\n<p>O cashback \u00e9 um mecanismo da reforma tribut\u00e1ria em que o Estado devolver\u00e1 parte do imposto pago por fam\u00edlias de baixa renda, com base no consumo de bens e servi\u00e7os. A devolu\u00e7\u00e3o ser\u00e1 destinada \u00e0s fam\u00edlias com renda per capita de at\u00e9 meio sal\u00e1rio m\u00ednimo. Com a decis\u00e3o desta quarta-feira, a isen\u00e7\u00e3o total dos impostos sobre prote\u00ednas animais, como carnes bovinas e de aves, foi garantida, refletindo a preocupa\u00e7\u00e3o do parlamento em colocar carne no prato dos brasileiros.<\/p>\n\n\n\n<p><strong><em>Fonte: Meio News<\/em><\/strong><\/p>\n","protected":false},"excerpt":{"rendered":"<p>A mudan\u00e7a foi uma decis\u00e3o de \u00faltima hora, uma vez que esses produtos n\u00e3o constavam do texto-base da proposta.<\/p>\n","protected":false},"author":2,"featured_media":242262,"comment_status":"open","ping_status":"open","sticky":false,"template":"","format":"standard","meta":{"_mi_skip_tracking":false,"footnotes":""},"categories":[25,6,1,16],"tags":[192],"class_list":["post-259686","post","type-post","status-publish","format-standard","has-post-thumbnail","hentry","category-destaques-site","category-economia","category-geral","category-todas","tag-destaqueprincipal"],"acf":[],"yoast_head":"<!-- This site is optimized with the Yoast SEO Premium plugin v19.2 (Yoast SEO v26.9) - https:\/\/yoast.com\/product\/yoast-seo-premium-wordpress\/ -->\n<title>Reforma tribut\u00e1ria: C\u00e2mara inclui carne, peixe, queijo e sal na cesta b\u00e1sica isenta - Portal Not\u00edcia em Pauta<\/title>\n<meta name=\"robots\" content=\"index, follow, max-snippet:-1, max-image-preview:large, max-video-preview:-1\" \/>\n<link rel=\"canonical\" href=\"https:\/\/noticiaempauta.com\/portal\/reforma-tributaria-camara-inclui-carne-peixe-queijo-e-sal-na-cesta-basica-isenta\/\" \/>\n<meta property=\"og:locale\" content=\"pt_BR\" \/>\n<meta property=\"og:type\" content=\"article\" \/>\n<meta property=\"og:title\" content=\"Reforma tribut\u00e1ria: C\u00e2mara inclui carne, peixe, queijo e sal na cesta b\u00e1sica isenta\" \/>\n<meta property=\"og:description\" content=\"A mudan\u00e7a foi uma decis\u00e3o de \u00faltima hora, uma vez que esses produtos n\u00e3o constavam do texto-base da proposta.\" \/>\n<meta property=\"og:url\" content=\"https:\/\/noticiaempauta.com\/portal\/reforma-tributaria-camara-inclui-carne-peixe-queijo-e-sal-na-cesta-basica-isenta\/\" \/>\n<meta property=\"og:site_name\" content=\"Portal Not\u00edcia em Pauta\" \/>\n<meta property=\"article:publisher\" content=\"https:\/\/www.facebook.com\/Portal-Notcia-Em-Pauta-102292869264820\/\" \/>\n<meta property=\"article:published_time\" content=\"2024-07-11T11:46:04+00:00\" \/>\n<meta property=\"article:modified_time\" content=\"2024-07-11T11:46:05+00:00\" \/>\n<meta property=\"og:image\" content=\"https:\/\/noticiaempauta.com\/portal\/wp-content\/uploads\/2022\/11\/camaradosdeputados.jpg\" \/>\n\t<meta property=\"og:image:width\" content=\"790\" \/>\n\t<meta property=\"og:image:height\" content=\"517\" \/>\n\t<meta property=\"og:image:type\" content=\"image\/jpeg\" \/>\n<meta name=\"author\" content=\"Reda\u00e7\u00e3o\" \/>\n<meta name=\"twitter:card\" content=\"summary_large_image\" \/>\n<meta name=\"twitter:label1\" content=\"Escrito por\" \/>\n\t<meta name=\"twitter:data1\" content=\"Reda\u00e7\u00e3o\" \/>\n\t<meta name=\"twitter:label2\" content=\"Est. tempo de leitura\" \/>\n\t<meta name=\"twitter:data2\" content=\"3 minutos\" \/>\n<script type=\"application\/ld+json\" class=\"yoast-schema-graph\">{\"@context\":\"https:\/\/schema.org\",\"@graph\":[{\"@type\":\"Article\",\"@id\":\"https:\/\/noticiaempauta.com\/portal\/reforma-tributaria-camara-inclui-carne-peixe-queijo-e-sal-na-cesta-basica-isenta\/#article\",\"isPartOf\":{\"@id\":\"https:\/\/noticiaempauta.com\/portal\/reforma-tributaria-camara-inclui-carne-peixe-queijo-e-sal-na-cesta-basica-isenta\/\"},\"author\":{\"name\":\"Reda\u00e7\u00e3o\",\"@id\":\"https:\/\/noticiaempauta.com\/portal\/#\/schema\/person\/a74af43dd1ab3deca45f988c717d57ac\"},\"headline\":\"Reforma tribut\u00e1ria: C\u00e2mara inclui carne, peixe, queijo e sal na cesta b\u00e1sica isenta\",\"datePublished\":\"2024-07-11T11:46:04+00:00\",\"dateModified\":\"2024-07-11T11:46:05+00:00\",\"mainEntityOfPage\":{\"@id\":\"https:\/\/noticiaempauta.com\/portal\/reforma-tributaria-camara-inclui-carne-peixe-queijo-e-sal-na-cesta-basica-isenta\/\"},\"wordCount\":361,\"commentCount\":0,\"publisher\":{\"@id\":\"https:\/\/noticiaempauta.com\/portal\/#organization\"},\"image\":{\"@id\":\"https:\/\/noticiaempauta.com\/portal\/reforma-tributaria-camara-inclui-carne-peixe-queijo-e-sal-na-cesta-basica-isenta\/#primaryimage\"},\"thumbnailUrl\":\"https:\/\/noticiaempauta.com\/portal\/wp-content\/uploads\/2022\/11\/camaradosdeputados.jpg\",\"keywords\":[\"destaqueprincipal\"],\"articleSection\":[\"Destaques\",\"Economia\",\"Geral\",\"Todas as Not\u00edcias\"],\"inLanguage\":\"pt-BR\",\"potentialAction\":[{\"@type\":\"CommentAction\",\"name\":\"Comment\",\"target\":[\"https:\/\/noticiaempauta.com\/portal\/reforma-tributaria-camara-inclui-carne-peixe-queijo-e-sal-na-cesta-basica-isenta\/#respond\"]}]},{\"@type\":\"WebPage\",\"@id\":\"https:\/\/noticiaempauta.com\/portal\/reforma-tributaria-camara-inclui-carne-peixe-queijo-e-sal-na-cesta-basica-isenta\/\",\"url\":\"https:\/\/noticiaempauta.com\/portal\/reforma-tributaria-camara-inclui-carne-peixe-queijo-e-sal-na-cesta-basica-isenta\/\",\"name\":\"Reforma tribut\u00e1ria: C\u00e2mara inclui carne, peixe, queijo e sal na cesta b\u00e1sica isenta - Portal Not\u00edcia em Pauta\",\"isPartOf\":{\"@id\":\"https:\/\/noticiaempauta.com\/portal\/#website\"},\"primaryImageOfPage\":{\"@id\":\"https:\/\/noticiaempauta.com\/portal\/reforma-tributaria-camara-inclui-carne-peixe-queijo-e-sal-na-cesta-basica-isenta\/#primaryimage\"},\"image\":{\"@id\":\"https:\/\/noticiaempauta.com\/portal\/reforma-tributaria-camara-inclui-carne-peixe-queijo-e-sal-na-cesta-basica-isenta\/#primaryimage\"},\"thumbnailUrl\":\"https:\/\/noticiaempauta.com\/portal\/wp-content\/uploads\/2022\/11\/camaradosdeputados.jpg\",\"datePublished\":\"2024-07-11T11:46:04+00:00\",\"dateModified\":\"2024-07-11T11:46:05+00:00\",\"breadcrumb\":{\"@id\":\"https:\/\/noticiaempauta.com\/portal\/reforma-tributaria-camara-inclui-carne-peixe-queijo-e-sal-na-cesta-basica-isenta\/#breadcrumb\"},\"inLanguage\":\"pt-BR\",\"potentialAction\":[{\"@type\":\"ReadAction\",\"target\":[\"https:\/\/noticiaempauta.com\/portal\/reforma-tributaria-camara-inclui-carne-peixe-queijo-e-sal-na-cesta-basica-isenta\/\"]}]},{\"@type\":\"ImageObject\",\"inLanguage\":\"pt-BR\",\"@id\":\"https:\/\/noticiaempauta.com\/portal\/reforma-tributaria-camara-inclui-carne-peixe-queijo-e-sal-na-cesta-basica-isenta\/#primaryimage\",\"url\":\"https:\/\/noticiaempauta.com\/portal\/wp-content\/uploads\/2022\/11\/camaradosdeputados.jpg\",\"contentUrl\":\"https:\/\/noticiaempauta.com\/portal\/wp-content\/uploads\/2022\/11\/camaradosdeputados.jpg\",\"width\":790,\"height\":517,\"caption\":\"Foto: Reprodu\u00e7\u00e3o\"},{\"@type\":\"BreadcrumbList\",\"@id\":\"https:\/\/noticiaempauta.com\/portal\/reforma-tributaria-camara-inclui-carne-peixe-queijo-e-sal-na-cesta-basica-isenta\/#breadcrumb\",\"itemListElement\":[{\"@type\":\"ListItem\",\"position\":1,\"name\":\"P\u00e1gina Inicial\",\"item\":\"https:\/\/noticiaempauta.com\/portal\/\"},{\"@type\":\"ListItem\",\"position\":2,\"name\":\"Destaques\",\"item\":\"https:\/\/noticiaempauta.com\/portal\/destaques-site\/\"},{\"@type\":\"ListItem\",\"position\":3,\"name\":\"Reforma tribut\u00e1ria: C\u00e2mara inclui carne, peixe, queijo e sal na cesta b\u00e1sica isenta\"}]},{\"@type\":\"WebSite\",\"@id\":\"https:\/\/noticiaempauta.com\/portal\/#website\",\"url\":\"https:\/\/noticiaempauta.com\/portal\/\",\"name\":\"Portal Not\u00edcia em Pauta\",\"description\":\"Voc\u00ea bem informado\",\"publisher\":{\"@id\":\"https:\/\/noticiaempauta.com\/portal\/#organization\"},\"potentialAction\":[{\"@type\":\"SearchAction\",\"target\":{\"@type\":\"EntryPoint\",\"urlTemplate\":\"https:\/\/noticiaempauta.com\/portal\/?s={search_term_string}\"},\"query-input\":{\"@type\":\"PropertyValueSpecification\",\"valueRequired\":true,\"valueName\":\"search_term_string\"}}],\"inLanguage\":\"pt-BR\"},{\"@type\":\"Organization\",\"@id\":\"https:\/\/noticiaempauta.com\/portal\/#organization\",\"name\":\"Portal Not\u00edcia em Pauta\",\"url\":\"https:\/\/noticiaempauta.com\/portal\/\",\"logo\":{\"@type\":\"ImageObject\",\"inLanguage\":\"pt-BR\",\"@id\":\"https:\/\/noticiaempauta.com\/portal\/#\/schema\/logo\/image\/\",\"url\":\"https:\/\/noticiaempauta.com\/portal\/wp-content\/uploads\/2022\/08\/logomarca_tema.fw_.png\",\"contentUrl\":\"https:\/\/noticiaempauta.com\/portal\/wp-content\/uploads\/2022\/08\/logomarca_tema.fw_.png\",\"width\":400,\"height\":232,\"caption\":\"Portal Not\u00edcia em Pauta\"},\"image\":{\"@id\":\"https:\/\/noticiaempauta.com\/portal\/#\/schema\/logo\/image\/\"},\"sameAs\":[\"https:\/\/www.facebook.com\/Portal-Notcia-Em-Pauta-102292869264820\/\",\"https:\/\/www.instagram.com\/portalnoticiaempauta\/\"]},{\"@type\":\"Person\",\"@id\":\"https:\/\/noticiaempauta.com\/portal\/#\/schema\/person\/a74af43dd1ab3deca45f988c717d57ac\",\"name\":\"Reda\u00e7\u00e3o\",\"image\":{\"@type\":\"ImageObject\",\"inLanguage\":\"pt-BR\",\"@id\":\"https:\/\/noticiaempauta.com\/portal\/#\/schema\/person\/image\/\",\"url\":\"https:\/\/secure.gravatar.com\/avatar\/03179346ecce6cdfc13361603e8f54242a90e5cde8618fa23c5c00aa2b0aadf3?s=96&d=mm&r=g\",\"contentUrl\":\"https:\/\/secure.gravatar.com\/avatar\/03179346ecce6cdfc13361603e8f54242a90e5cde8618fa23c5c00aa2b0aadf3?s=96&d=mm&r=g\",\"caption\":\"Reda\u00e7\u00e3o\"},\"sameAs\":[\"https:\/\/noticiaempauta.com\/portal\/\"],\"url\":\"https:\/\/noticiaempauta.com\/portal\/author\/fernando\/\"}]}<\/script>\n<!-- \/ Yoast SEO Premium plugin. -->","yoast_head_json":{"title":"Reforma tribut\u00e1ria: C\u00e2mara inclui carne, peixe, queijo e sal na cesta b\u00e1sica isenta - Portal Not\u00edcia em Pauta","robots":{"index":"index","follow":"follow","max-snippet":"max-snippet:-1","max-image-preview":"max-image-preview:large","max-video-preview":"max-video-preview:-1"},"canonical":"https:\/\/noticiaempauta.com\/portal\/reforma-tributaria-camara-inclui-carne-peixe-queijo-e-sal-na-cesta-basica-isenta\/","og_locale":"pt_BR","og_type":"article","og_title":"Reforma tribut\u00e1ria: C\u00e2mara inclui carne, peixe, queijo e sal na cesta b\u00e1sica isenta","og_description":"A mudan\u00e7a foi uma decis\u00e3o de \u00faltima hora, uma vez que esses produtos n\u00e3o constavam do texto-base da proposta.","og_url":"https:\/\/noticiaempauta.com\/portal\/reforma-tributaria-camara-inclui-carne-peixe-queijo-e-sal-na-cesta-basica-isenta\/","og_site_name":"Portal Not\u00edcia em Pauta","article_publisher":"https:\/\/www.facebook.com\/Portal-Notcia-Em-Pauta-102292869264820\/","article_published_time":"2024-07-11T11:46:04+00:00","article_modified_time":"2024-07-11T11:46:05+00:00","og_image":[{"width":790,"height":517,"url":"https:\/\/noticiaempauta.com\/portal\/wp-content\/uploads\/2022\/11\/camaradosdeputados.jpg","type":"image\/jpeg"}],"author":"Reda\u00e7\u00e3o","twitter_card":"summary_large_image","twitter_misc":{"Escrito por":"Reda\u00e7\u00e3o","Est. tempo de leitura":"3 minutos"},"schema":{"@context":"https:\/\/schema.org","@graph":[{"@type":"Article","@id":"https:\/\/noticiaempauta.com\/portal\/reforma-tributaria-camara-inclui-carne-peixe-queijo-e-sal-na-cesta-basica-isenta\/#article","isPartOf":{"@id":"https:\/\/noticiaempauta.com\/portal\/reforma-tributaria-camara-inclui-carne-peixe-queijo-e-sal-na-cesta-basica-isenta\/"},"author":{"name":"Reda\u00e7\u00e3o","@id":"https:\/\/noticiaempauta.com\/portal\/#\/schema\/person\/a74af43dd1ab3deca45f988c717d57ac"},"headline":"Reforma tribut\u00e1ria: C\u00e2mara inclui carne, peixe, queijo e sal na cesta b\u00e1sica isenta","datePublished":"2024-07-11T11:46:04+00:00","dateModified":"2024-07-11T11:46:05+00:00","mainEntityOfPage":{"@id":"https:\/\/noticiaempauta.com\/portal\/reforma-tributaria-camara-inclui-carne-peixe-queijo-e-sal-na-cesta-basica-isenta\/"},"wordCount":361,"commentCount":0,"publisher":{"@id":"https:\/\/noticiaempauta.com\/portal\/#organization"},"image":{"@id":"https:\/\/noticiaempauta.com\/portal\/reforma-tributaria-camara-inclui-carne-peixe-queijo-e-sal-na-cesta-basica-isenta\/#primaryimage"},"thumbnailUrl":"https:\/\/noticiaempauta.com\/portal\/wp-content\/uploads\/2022\/11\/camaradosdeputados.jpg","keywords":["destaqueprincipal"],"articleSection":["Destaques","Economia","Geral","Todas as Not\u00edcias"],"inLanguage":"pt-BR","potentialAction":[{"@type":"CommentAction","name":"Comment","target":["https:\/\/noticiaempauta.com\/portal\/reforma-tributaria-camara-inclui-carne-peixe-queijo-e-sal-na-cesta-basica-isenta\/#respond"]}]},{"@type":"WebPage","@id":"https:\/\/noticiaempauta.com\/portal\/reforma-tributaria-camara-inclui-carne-peixe-queijo-e-sal-na-cesta-basica-isenta\/","url":"https:\/\/noticiaempauta.com\/portal\/reforma-tributaria-camara-inclui-carne-peixe-queijo-e-sal-na-cesta-basica-isenta\/","name":"Reforma tribut\u00e1ria: C\u00e2mara inclui carne, peixe, queijo e sal na cesta b\u00e1sica isenta - Portal Not\u00edcia em Pauta","isPartOf":{"@id":"https:\/\/noticiaempauta.com\/portal\/#website"},"primaryImageOfPage":{"@id":"https:\/\/noticiaempauta.com\/portal\/reforma-tributaria-camara-inclui-carne-peixe-queijo-e-sal-na-cesta-basica-isenta\/#primaryimage"},"image":{"@id":"https:\/\/noticiaempauta.com\/portal\/reforma-tributaria-camara-inclui-carne-peixe-queijo-e-sal-na-cesta-basica-isenta\/#primaryimage"},"thumbnailUrl":"https:\/\/noticiaempauta.com\/portal\/wp-content\/uploads\/2022\/11\/camaradosdeputados.jpg","datePublished":"2024-07-11T11:46:04+00:00","dateModified":"2024-07-11T11:46:05+00:00","breadcrumb":{"@id":"https:\/\/noticiaempauta.com\/portal\/reforma-tributaria-camara-inclui-carne-peixe-queijo-e-sal-na-cesta-basica-isenta\/#breadcrumb"},"inLanguage":"pt-BR","potentialAction":[{"@type":"ReadAction","target":["https:\/\/noticiaempauta.com\/portal\/reforma-tributaria-camara-inclui-carne-peixe-queijo-e-sal-na-cesta-basica-isenta\/"]}]},{"@type":"ImageObject","inLanguage":"pt-BR","@id":"https:\/\/noticiaempauta.com\/portal\/reforma-tributaria-camara-inclui-carne-peixe-queijo-e-sal-na-cesta-basica-isenta\/#primaryimage","url":"https:\/\/noticiaempauta.com\/portal\/wp-content\/uploads\/2022\/11\/camaradosdeputados.jpg","contentUrl":"https:\/\/noticiaempauta.com\/portal\/wp-content\/uploads\/2022\/11\/camaradosdeputados.jpg","width":790,"height":517,"caption":"Foto: Reprodu\u00e7\u00e3o"},{"@type":"BreadcrumbList","@id":"https:\/\/noticiaempauta.com\/portal\/reforma-tributaria-camara-inclui-carne-peixe-queijo-e-sal-na-cesta-basica-isenta\/#breadcrumb","itemListElement":[{"@type":"ListItem","position":1,"name":"P\u00e1gina Inicial","item":"https:\/\/noticiaempauta.com\/portal\/"},{"@type":"ListItem","position":2,"name":"Destaques","item":"https:\/\/noticiaempauta.com\/portal\/destaques-site\/"},{"@type":"ListItem","position":3,"name":"Reforma tribut\u00e1ria: C\u00e2mara inclui carne, peixe, queijo e sal na cesta b\u00e1sica isenta"}]},{"@type":"WebSite","@id":"https:\/\/noticiaempauta.com\/portal\/#website","url":"https:\/\/noticiaempauta.com\/portal\/","name":"Portal Not\u00edcia em Pauta","description":"Voc\u00ea bem informado","publisher":{"@id":"https:\/\/noticiaempauta.com\/portal\/#organization"},"potentialAction":[{"@type":"SearchAction","target":{"@type":"EntryPoint","urlTemplate":"https:\/\/noticiaempauta.com\/portal\/?s={search_term_string}"},"query-input":{"@type":"PropertyValueSpecification","valueRequired":true,"valueName":"search_term_string"}}],"inLanguage":"pt-BR"},{"@type":"Organization","@id":"https:\/\/noticiaempauta.com\/portal\/#organization","name":"Portal Not\u00edcia em Pauta","url":"https:\/\/noticiaempauta.com\/portal\/","logo":{"@type":"ImageObject","inLanguage":"pt-BR","@id":"https:\/\/noticiaempauta.com\/portal\/#\/schema\/logo\/image\/","url":"https:\/\/noticiaempauta.com\/portal\/wp-content\/uploads\/2022\/08\/logomarca_tema.fw_.png","contentUrl":"https:\/\/noticiaempauta.com\/portal\/wp-content\/uploads\/2022\/08\/logomarca_tema.fw_.png","width":400,"height":232,"caption":"Portal Not\u00edcia em Pauta"},"image":{"@id":"https:\/\/noticiaempauta.com\/portal\/#\/schema\/logo\/image\/"},"sameAs":["https:\/\/www.facebook.com\/Portal-Notcia-Em-Pauta-102292869264820\/","https:\/\/www.instagram.com\/portalnoticiaempauta\/"]},{"@type":"Person","@id":"https:\/\/noticiaempauta.com\/portal\/#\/schema\/person\/a74af43dd1ab3deca45f988c717d57ac","name":"Reda\u00e7\u00e3o","image":{"@type":"ImageObject","inLanguage":"pt-BR","@id":"https:\/\/noticiaempauta.com\/portal\/#\/schema\/person\/image\/","url":"https:\/\/secure.gravatar.com\/avatar\/03179346ecce6cdfc13361603e8f54242a90e5cde8618fa23c5c00aa2b0aadf3?s=96&d=mm&r=g","contentUrl":"https:\/\/secure.gravatar.com\/avatar\/03179346ecce6cdfc13361603e8f54242a90e5cde8618fa23c5c00aa2b0aadf3?s=96&d=mm&r=g","caption":"Reda\u00e7\u00e3o"},"sameAs":["https:\/\/noticiaempauta.com\/portal\/"],"url":"https:\/\/noticiaempauta.com\/portal\/author\/fernando\/"}]}},"_links":{"self":[{"href":"https:\/\/noticiaempauta.com\/portal\/wp-json\/wp\/v2\/posts\/259686","targetHints":{"allow":["GET"]}}],"collection":[{"href":"https:\/\/noticiaempauta.com\/portal\/wp-json\/wp\/v2\/posts"}],"about":[{"href":"https:\/\/noticiaempauta.com\/portal\/wp-json\/wp\/v2\/types\/post"}],"author":[{"embeddable":true,"href":"https:\/\/noticiaempauta.com\/portal\/wp-json\/wp\/v2\/users\/2"}],"replies":[{"embeddable":true,"href":"https:\/\/noticiaempauta.com\/portal\/wp-json\/wp\/v2\/comments?post=259686"}],"version-history":[{"count":2,"href":"https:\/\/noticiaempauta.com\/portal\/wp-json\/wp\/v2\/posts\/259686\/revisions"}],"predecessor-version":[{"id":259689,"href":"https:\/\/noticiaempauta.com\/portal\/wp-json\/wp\/v2\/posts\/259686\/revisions\/259689"}],"wp:featuredmedia":[{"embeddable":true,"href":"https:\/\/noticiaempauta.com\/portal\/wp-json\/wp\/v2\/media\/242262"}],"wp:attachment":[{"href":"https:\/\/noticiaempauta.com\/portal\/wp-json\/wp\/v2\/media?parent=259686"}],"wp:term":[{"taxonomy":"category","embeddable":true,"href":"https:\/\/noticiaempauta.com\/portal\/wp-json\/wp\/v2\/categories?post=259686"},{"taxonomy":"post_tag","embeddable":true,"href":"https:\/\/noticiaempauta.com\/portal\/wp-json\/wp\/v2\/tags?post=259686"}],"curies":[{"name":"wp","href":"https:\/\/api.w.org\/{rel}","templated":true}]}}