{"id":259690,"date":"2024-07-11T08:56:56","date_gmt":"2024-07-11T11:56:56","guid":{"rendered":"https:\/\/noticiaempauta.com\/portal\/?p=259690"},"modified":"2024-07-11T08:56:57","modified_gmt":"2024-07-11T11:56:57","slug":"cartao-social-pode-beneficiar-32-mil-familias-com-ate-r-1-200-no-piaui","status":"publish","type":"post","link":"https:\/\/noticiaempauta.com\/portal\/cartao-social-pode-beneficiar-32-mil-familias-com-ate-r-1-200-no-piaui\/","title":{"rendered":"Cart\u00e3o Social pode beneficiar 32 mil fam\u00edlias com at\u00e9 R$ 1.200 no Piau\u00ed"},"content":{"rendered":"\n<p>A Secretaria da Assist\u00eancia Social, Trabalho e Direitos Humanos (Sasc) inicia, no pr\u00f3ximo m\u00eas de agosto, o cadastro das fam\u00edlias que ser\u00e3o contempladas pelo Programa Cart\u00e3o Social.<\/p>\n\n\n\n<p>A previs\u00e3o \u00e9 que o benef\u00edcio de at\u00e9 R$ 1.200, destinado a pessoas em situa\u00e7\u00e3o de vulnerabilidade, alcance cerca de 32 mil fam\u00edlias em um per\u00edodo de cinco anos.&nbsp;<\/p>\n\n\n\n<p>\u201cSer\u00e1 de continuidade, ent\u00e3o em seis meses algumas fam\u00edlias podem sair, mas se elas n\u00e3o demonstram evolu\u00e7\u00e3o nenhuma de renda a gente tem que ver como manter. No final a previs\u00e3o \u00e9 que a gente atenda 32 mil fam\u00edlias em cinco anos com esse recurso, que s\u00e3o R$ 36 milh\u00f5es de um programa com o Banco Mundial\u201d, informou a secret\u00e1rio Regina Sousa.<\/p>\n\n\n\n<p>Coordenado, gerido, operacionalizado e monitorado pela Sasc, o programa tamb\u00e9m contar\u00e1 com o apoio das prefeituras. Ser\u00e3o beneficiadas as fam\u00edlias inscritas no Cadastro \u00danico do governo federal que sejam identificadas em situa\u00e7\u00f5es de desnutri\u00e7\u00e3o infantil, monoparentais chefiadas por mulheres, com crian\u00e7as de at\u00e9 11 meses e adolescentes com idade de at\u00e9 17 anos, com pessoas com defici\u00eancia e idosos, sem benef\u00edcio, e popula\u00e7\u00e3o em situa\u00e7\u00e3o de rua que esteja em acompanhamento regular por equipe da rede de prote\u00e7\u00e3o social.<\/p>\n\n\n\n<p>Segundo a lei, os benefici\u00e1rios do Bolsa Fam\u00edlia podem receber o complemento, desde que tenham fam\u00edlia numerosa ou com crian\u00e7as de zero a seis anos identificadas em situa\u00e7\u00e3o de desnutri\u00e7\u00e3o infantil.<\/p>\n\n\n\n<p>O Cart\u00e3o Social tamb\u00e9m prev\u00ea o pagamento de Aux\u00edlio-Alimenta\u00e7\u00e3o de R$ 400,00 para fam\u00edlias atingidas ou afetadas diretamente por situa\u00e7\u00f5es de desastres naturais, calamidades p\u00fablicas ou per\u00edodos prolongados de estiagem.<\/p>\n\n\n\n<p>Fonte: Cidade Verde<\/p>\n","protected":false},"excerpt":{"rendered":"<p>A Secretaria da Assist\u00eancia Social, Trabalho e Direitos Humanos (Sasc) inicia, no pr\u00f3ximo m\u00eas de agosto, o cadastro das fam\u00edlias que ser\u00e3o contempladas pelo Programa Cart\u00e3o Social. A previs\u00e3o \u00e9 que o benef\u00edcio de at\u00e9 R$ 1.200, destinado a pessoas em situa\u00e7\u00e3o de vulnerabilidade, alcance cerca de 32 mil fam\u00edlias em um per\u00edodo de cinco [&hellip;]<\/p>\n","protected":false},"author":2,"featured_media":259691,"comment_status":"open","ping_status":"open","sticky":false,"template":"","format":"standard","meta":{"_mi_skip_tracking":false,"footnotes":""},"categories":[25,1,16],"tags":[192],"class_list":["post-259690","post","type-post","status-publish","format-standard","has-post-thumbnail","hentry","category-destaques-site","category-geral","category-todas","tag-destaqueprincipal"],"acf":[],"yoast_head":"<!-- This site is optimized with the Yoast SEO Premium plugin v19.2 (Yoast SEO v26.9) - https:\/\/yoast.com\/product\/yoast-seo-premium-wordpress\/ -->\n<title>Cart\u00e3o Social pode beneficiar 32 mil fam\u00edlias com at\u00e9 R$ 1.200 no Piau\u00ed - Portal Not\u00edcia em Pauta<\/title>\n<meta name=\"robots\" content=\"index, follow, max-snippet:-1, max-image-preview:large, max-video-preview:-1\" \/>\n<link rel=\"canonical\" href=\"https:\/\/noticiaempauta.com\/portal\/cartao-social-pode-beneficiar-32-mil-familias-com-ate-r-1-200-no-piaui\/\" \/>\n<meta property=\"og:locale\" content=\"pt_BR\" \/>\n<meta property=\"og:type\" content=\"article\" \/>\n<meta property=\"og:title\" content=\"Cart\u00e3o Social pode beneficiar 32 mil fam\u00edlias com at\u00e9 R$ 1.200 no Piau\u00ed\" \/>\n<meta property=\"og:description\" content=\"A Secretaria da Assist\u00eancia Social, Trabalho e Direitos Humanos (Sasc) inicia, no pr\u00f3ximo m\u00eas de agosto, o cadastro das fam\u00edlias que ser\u00e3o contempladas pelo Programa Cart\u00e3o Social. A previs\u00e3o \u00e9 que o benef\u00edcio de at\u00e9 R$ 1.200, destinado a pessoas em situa\u00e7\u00e3o de vulnerabilidade, alcance cerca de 32 mil fam\u00edlias em um per\u00edodo de cinco [&hellip;]\" \/>\n<meta property=\"og:url\" content=\"https:\/\/noticiaempauta.com\/portal\/cartao-social-pode-beneficiar-32-mil-familias-com-ate-r-1-200-no-piaui\/\" \/>\n<meta property=\"og:site_name\" content=\"Portal Not\u00edcia em Pauta\" \/>\n<meta property=\"article:publisher\" content=\"https:\/\/www.facebook.com\/Portal-Notcia-Em-Pauta-102292869264820\/\" \/>\n<meta property=\"article:published_time\" content=\"2024-07-11T11:56:56+00:00\" \/>\n<meta property=\"article:modified_time\" content=\"2024-07-11T11:56:57+00:00\" \/>\n<meta property=\"og:image\" content=\"https:\/\/noticiaempauta.com\/portal\/wp-content\/uploads\/2024\/07\/P40G-IMG-9f6805cf779afed551.jpg\" \/>\n\t<meta property=\"og:image:width\" content=\"1200\" \/>\n\t<meta property=\"og:image:height\" content=\"717\" \/>\n\t<meta property=\"og:image:type\" content=\"image\/jpeg\" \/>\n<meta name=\"author\" content=\"Reda\u00e7\u00e3o\" \/>\n<meta name=\"twitter:card\" content=\"summary_large_image\" \/>\n<meta name=\"twitter:label1\" content=\"Escrito por\" \/>\n\t<meta name=\"twitter:data1\" content=\"Reda\u00e7\u00e3o\" \/>\n\t<meta name=\"twitter:label2\" content=\"Est. tempo de leitura\" \/>\n\t<meta name=\"twitter:data2\" content=\"2 minutos\" \/>\n<script type=\"application\/ld+json\" class=\"yoast-schema-graph\">{\"@context\":\"https:\/\/schema.org\",\"@graph\":[{\"@type\":\"Article\",\"@id\":\"https:\/\/noticiaempauta.com\/portal\/cartao-social-pode-beneficiar-32-mil-familias-com-ate-r-1-200-no-piaui\/#article\",\"isPartOf\":{\"@id\":\"https:\/\/noticiaempauta.com\/portal\/cartao-social-pode-beneficiar-32-mil-familias-com-ate-r-1-200-no-piaui\/\"},\"author\":{\"name\":\"Reda\u00e7\u00e3o\",\"@id\":\"https:\/\/noticiaempauta.com\/portal\/#\/schema\/person\/a74af43dd1ab3deca45f988c717d57ac\"},\"headline\":\"Cart\u00e3o Social pode beneficiar 32 mil fam\u00edlias com at\u00e9 R$ 1.200 no Piau\u00ed\",\"datePublished\":\"2024-07-11T11:56:56+00:00\",\"dateModified\":\"2024-07-11T11:56:57+00:00\",\"mainEntityOfPage\":{\"@id\":\"https:\/\/noticiaempauta.com\/portal\/cartao-social-pode-beneficiar-32-mil-familias-com-ate-r-1-200-no-piaui\/\"},\"wordCount\":311,\"commentCount\":0,\"publisher\":{\"@id\":\"https:\/\/noticiaempauta.com\/portal\/#organization\"},\"image\":{\"@id\":\"https:\/\/noticiaempauta.com\/portal\/cartao-social-pode-beneficiar-32-mil-familias-com-ate-r-1-200-no-piaui\/#primaryimage\"},\"thumbnailUrl\":\"https:\/\/noticiaempauta.com\/portal\/wp-content\/uploads\/2024\/07\/P40G-IMG-9f6805cf779afed551.jpg\",\"keywords\":[\"destaqueprincipal\"],\"articleSection\":[\"Destaques\",\"Geral\",\"Todas as Not\u00edcias\"],\"inLanguage\":\"pt-BR\",\"potentialAction\":[{\"@type\":\"CommentAction\",\"name\":\"Comment\",\"target\":[\"https:\/\/noticiaempauta.com\/portal\/cartao-social-pode-beneficiar-32-mil-familias-com-ate-r-1-200-no-piaui\/#respond\"]}]},{\"@type\":\"WebPage\",\"@id\":\"https:\/\/noticiaempauta.com\/portal\/cartao-social-pode-beneficiar-32-mil-familias-com-ate-r-1-200-no-piaui\/\",\"url\":\"https:\/\/noticiaempauta.com\/portal\/cartao-social-pode-beneficiar-32-mil-familias-com-ate-r-1-200-no-piaui\/\",\"name\":\"Cart\u00e3o Social pode beneficiar 32 mil fam\u00edlias com at\u00e9 R$ 1.200 no Piau\u00ed - Portal Not\u00edcia em Pauta\",\"isPartOf\":{\"@id\":\"https:\/\/noticiaempauta.com\/portal\/#website\"},\"primaryImageOfPage\":{\"@id\":\"https:\/\/noticiaempauta.com\/portal\/cartao-social-pode-beneficiar-32-mil-familias-com-ate-r-1-200-no-piaui\/#primaryimage\"},\"image\":{\"@id\":\"https:\/\/noticiaempauta.com\/portal\/cartao-social-pode-beneficiar-32-mil-familias-com-ate-r-1-200-no-piaui\/#primaryimage\"},\"thumbnailUrl\":\"https:\/\/noticiaempauta.com\/portal\/wp-content\/uploads\/2024\/07\/P40G-IMG-9f6805cf779afed551.jpg\",\"datePublished\":\"2024-07-11T11:56:56+00:00\",\"dateModified\":\"2024-07-11T11:56:57+00:00\",\"breadcrumb\":{\"@id\":\"https:\/\/noticiaempauta.com\/portal\/cartao-social-pode-beneficiar-32-mil-familias-com-ate-r-1-200-no-piaui\/#breadcrumb\"},\"inLanguage\":\"pt-BR\",\"potentialAction\":[{\"@type\":\"ReadAction\",\"target\":[\"https:\/\/noticiaempauta.com\/portal\/cartao-social-pode-beneficiar-32-mil-familias-com-ate-r-1-200-no-piaui\/\"]}]},{\"@type\":\"ImageObject\",\"inLanguage\":\"pt-BR\",\"@id\":\"https:\/\/noticiaempauta.com\/portal\/cartao-social-pode-beneficiar-32-mil-familias-com-ate-r-1-200-no-piaui\/#primaryimage\",\"url\":\"https:\/\/noticiaempauta.com\/portal\/wp-content\/uploads\/2024\/07\/P40G-IMG-9f6805cf779afed551.jpg\",\"contentUrl\":\"https:\/\/noticiaempauta.com\/portal\/wp-content\/uploads\/2024\/07\/P40G-IMG-9f6805cf779afed551.jpg\",\"width\":1200,\"height\":717},{\"@type\":\"BreadcrumbList\",\"@id\":\"https:\/\/noticiaempauta.com\/portal\/cartao-social-pode-beneficiar-32-mil-familias-com-ate-r-1-200-no-piaui\/#breadcrumb\",\"itemListElement\":[{\"@type\":\"ListItem\",\"position\":1,\"name\":\"P\u00e1gina Inicial\",\"item\":\"https:\/\/noticiaempauta.com\/portal\/\"},{\"@type\":\"ListItem\",\"position\":2,\"name\":\"Destaques\",\"item\":\"https:\/\/noticiaempauta.com\/portal\/destaques-site\/\"},{\"@type\":\"ListItem\",\"position\":3,\"name\":\"Cart\u00e3o Social pode beneficiar 32 mil fam\u00edlias com at\u00e9 R$ 1.200 no Piau\u00ed\"}]},{\"@type\":\"WebSite\",\"@id\":\"https:\/\/noticiaempauta.com\/portal\/#website\",\"url\":\"https:\/\/noticiaempauta.com\/portal\/\",\"name\":\"Portal Not\u00edcia em Pauta\",\"description\":\"Voc\u00ea bem informado\",\"publisher\":{\"@id\":\"https:\/\/noticiaempauta.com\/portal\/#organization\"},\"potentialAction\":[{\"@type\":\"SearchAction\",\"target\":{\"@type\":\"EntryPoint\",\"urlTemplate\":\"https:\/\/noticiaempauta.com\/portal\/?s={search_term_string}\"},\"query-input\":{\"@type\":\"PropertyValueSpecification\",\"valueRequired\":true,\"valueName\":\"search_term_string\"}}],\"inLanguage\":\"pt-BR\"},{\"@type\":\"Organization\",\"@id\":\"https:\/\/noticiaempauta.com\/portal\/#organization\",\"name\":\"Portal Not\u00edcia em Pauta\",\"url\":\"https:\/\/noticiaempauta.com\/portal\/\",\"logo\":{\"@type\":\"ImageObject\",\"inLanguage\":\"pt-BR\",\"@id\":\"https:\/\/noticiaempauta.com\/portal\/#\/schema\/logo\/image\/\",\"url\":\"https:\/\/noticiaempauta.com\/portal\/wp-content\/uploads\/2022\/08\/logomarca_tema.fw_.png\",\"contentUrl\":\"https:\/\/noticiaempauta.com\/portal\/wp-content\/uploads\/2022\/08\/logomarca_tema.fw_.png\",\"width\":400,\"height\":232,\"caption\":\"Portal Not\u00edcia em Pauta\"},\"image\":{\"@id\":\"https:\/\/noticiaempauta.com\/portal\/#\/schema\/logo\/image\/\"},\"sameAs\":[\"https:\/\/www.facebook.com\/Portal-Notcia-Em-Pauta-102292869264820\/\",\"https:\/\/www.instagram.com\/portalnoticiaempauta\/\"]},{\"@type\":\"Person\",\"@id\":\"https:\/\/noticiaempauta.com\/portal\/#\/schema\/person\/a74af43dd1ab3deca45f988c717d57ac\",\"name\":\"Reda\u00e7\u00e3o\",\"image\":{\"@type\":\"ImageObject\",\"inLanguage\":\"pt-BR\",\"@id\":\"https:\/\/noticiaempauta.com\/portal\/#\/schema\/person\/image\/\",\"url\":\"https:\/\/secure.gravatar.com\/avatar\/03179346ecce6cdfc13361603e8f54242a90e5cde8618fa23c5c00aa2b0aadf3?s=96&d=mm&r=g\",\"contentUrl\":\"https:\/\/secure.gravatar.com\/avatar\/03179346ecce6cdfc13361603e8f54242a90e5cde8618fa23c5c00aa2b0aadf3?s=96&d=mm&r=g\",\"caption\":\"Reda\u00e7\u00e3o\"},\"sameAs\":[\"https:\/\/noticiaempauta.com\/portal\/\"],\"url\":\"https:\/\/noticiaempauta.com\/portal\/author\/fernando\/\"}]}<\/script>\n<!-- \/ Yoast SEO Premium plugin. -->","yoast_head_json":{"title":"Cart\u00e3o Social pode beneficiar 32 mil fam\u00edlias com at\u00e9 R$ 1.200 no Piau\u00ed - Portal Not\u00edcia em Pauta","robots":{"index":"index","follow":"follow","max-snippet":"max-snippet:-1","max-image-preview":"max-image-preview:large","max-video-preview":"max-video-preview:-1"},"canonical":"https:\/\/noticiaempauta.com\/portal\/cartao-social-pode-beneficiar-32-mil-familias-com-ate-r-1-200-no-piaui\/","og_locale":"pt_BR","og_type":"article","og_title":"Cart\u00e3o Social pode beneficiar 32 mil fam\u00edlias com at\u00e9 R$ 1.200 no Piau\u00ed","og_description":"A Secretaria da Assist\u00eancia Social, Trabalho e Direitos Humanos (Sasc) inicia, no pr\u00f3ximo m\u00eas de agosto, o cadastro das fam\u00edlias que ser\u00e3o contempladas pelo Programa Cart\u00e3o Social. A previs\u00e3o \u00e9 que o benef\u00edcio de at\u00e9 R$ 1.200, destinado a pessoas em situa\u00e7\u00e3o de vulnerabilidade, alcance cerca de 32 mil fam\u00edlias em um per\u00edodo de cinco [&hellip;]","og_url":"https:\/\/noticiaempauta.com\/portal\/cartao-social-pode-beneficiar-32-mil-familias-com-ate-r-1-200-no-piaui\/","og_site_name":"Portal Not\u00edcia em Pauta","article_publisher":"https:\/\/www.facebook.com\/Portal-Notcia-Em-Pauta-102292869264820\/","article_published_time":"2024-07-11T11:56:56+00:00","article_modified_time":"2024-07-11T11:56:57+00:00","og_image":[{"width":1200,"height":717,"url":"https:\/\/noticiaempauta.com\/portal\/wp-content\/uploads\/2024\/07\/P40G-IMG-9f6805cf779afed551.jpg","type":"image\/jpeg"}],"author":"Reda\u00e7\u00e3o","twitter_card":"summary_large_image","twitter_misc":{"Escrito por":"Reda\u00e7\u00e3o","Est. tempo de leitura":"2 minutos"},"schema":{"@context":"https:\/\/schema.org","@graph":[{"@type":"Article","@id":"https:\/\/noticiaempauta.com\/portal\/cartao-social-pode-beneficiar-32-mil-familias-com-ate-r-1-200-no-piaui\/#article","isPartOf":{"@id":"https:\/\/noticiaempauta.com\/portal\/cartao-social-pode-beneficiar-32-mil-familias-com-ate-r-1-200-no-piaui\/"},"author":{"name":"Reda\u00e7\u00e3o","@id":"https:\/\/noticiaempauta.com\/portal\/#\/schema\/person\/a74af43dd1ab3deca45f988c717d57ac"},"headline":"Cart\u00e3o Social pode beneficiar 32 mil fam\u00edlias com at\u00e9 R$ 1.200 no Piau\u00ed","datePublished":"2024-07-11T11:56:56+00:00","dateModified":"2024-07-11T11:56:57+00:00","mainEntityOfPage":{"@id":"https:\/\/noticiaempauta.com\/portal\/cartao-social-pode-beneficiar-32-mil-familias-com-ate-r-1-200-no-piaui\/"},"wordCount":311,"commentCount":0,"publisher":{"@id":"https:\/\/noticiaempauta.com\/portal\/#organization"},"image":{"@id":"https:\/\/noticiaempauta.com\/portal\/cartao-social-pode-beneficiar-32-mil-familias-com-ate-r-1-200-no-piaui\/#primaryimage"},"thumbnailUrl":"https:\/\/noticiaempauta.com\/portal\/wp-content\/uploads\/2024\/07\/P40G-IMG-9f6805cf779afed551.jpg","keywords":["destaqueprincipal"],"articleSection":["Destaques","Geral","Todas as Not\u00edcias"],"inLanguage":"pt-BR","potentialAction":[{"@type":"CommentAction","name":"Comment","target":["https:\/\/noticiaempauta.com\/portal\/cartao-social-pode-beneficiar-32-mil-familias-com-ate-r-1-200-no-piaui\/#respond"]}]},{"@type":"WebPage","@id":"https:\/\/noticiaempauta.com\/portal\/cartao-social-pode-beneficiar-32-mil-familias-com-ate-r-1-200-no-piaui\/","url":"https:\/\/noticiaempauta.com\/portal\/cartao-social-pode-beneficiar-32-mil-familias-com-ate-r-1-200-no-piaui\/","name":"Cart\u00e3o Social pode beneficiar 32 mil fam\u00edlias com at\u00e9 R$ 1.200 no Piau\u00ed - Portal Not\u00edcia em Pauta","isPartOf":{"@id":"https:\/\/noticiaempauta.com\/portal\/#website"},"primaryImageOfPage":{"@id":"https:\/\/noticiaempauta.com\/portal\/cartao-social-pode-beneficiar-32-mil-familias-com-ate-r-1-200-no-piaui\/#primaryimage"},"image":{"@id":"https:\/\/noticiaempauta.com\/portal\/cartao-social-pode-beneficiar-32-mil-familias-com-ate-r-1-200-no-piaui\/#primaryimage"},"thumbnailUrl":"https:\/\/noticiaempauta.com\/portal\/wp-content\/uploads\/2024\/07\/P40G-IMG-9f6805cf779afed551.jpg","datePublished":"2024-07-11T11:56:56+00:00","dateModified":"2024-07-11T11:56:57+00:00","breadcrumb":{"@id":"https:\/\/noticiaempauta.com\/portal\/cartao-social-pode-beneficiar-32-mil-familias-com-ate-r-1-200-no-piaui\/#breadcrumb"},"inLanguage":"pt-BR","potentialAction":[{"@type":"ReadAction","target":["https:\/\/noticiaempauta.com\/portal\/cartao-social-pode-beneficiar-32-mil-familias-com-ate-r-1-200-no-piaui\/"]}]},{"@type":"ImageObject","inLanguage":"pt-BR","@id":"https:\/\/noticiaempauta.com\/portal\/cartao-social-pode-beneficiar-32-mil-familias-com-ate-r-1-200-no-piaui\/#primaryimage","url":"https:\/\/noticiaempauta.com\/portal\/wp-content\/uploads\/2024\/07\/P40G-IMG-9f6805cf779afed551.jpg","contentUrl":"https:\/\/noticiaempauta.com\/portal\/wp-content\/uploads\/2024\/07\/P40G-IMG-9f6805cf779afed551.jpg","width":1200,"height":717},{"@type":"BreadcrumbList","@id":"https:\/\/noticiaempauta.com\/portal\/cartao-social-pode-beneficiar-32-mil-familias-com-ate-r-1-200-no-piaui\/#breadcrumb","itemListElement":[{"@type":"ListItem","position":1,"name":"P\u00e1gina Inicial","item":"https:\/\/noticiaempauta.com\/portal\/"},{"@type":"ListItem","position":2,"name":"Destaques","item":"https:\/\/noticiaempauta.com\/portal\/destaques-site\/"},{"@type":"ListItem","position":3,"name":"Cart\u00e3o Social pode beneficiar 32 mil fam\u00edlias com at\u00e9 R$ 1.200 no Piau\u00ed"}]},{"@type":"WebSite","@id":"https:\/\/noticiaempauta.com\/portal\/#website","url":"https:\/\/noticiaempauta.com\/portal\/","name":"Portal Not\u00edcia em Pauta","description":"Voc\u00ea bem informado","publisher":{"@id":"https:\/\/noticiaempauta.com\/portal\/#organization"},"potentialAction":[{"@type":"SearchAction","target":{"@type":"EntryPoint","urlTemplate":"https:\/\/noticiaempauta.com\/portal\/?s={search_term_string}"},"query-input":{"@type":"PropertyValueSpecification","valueRequired":true,"valueName":"search_term_string"}}],"inLanguage":"pt-BR"},{"@type":"Organization","@id":"https:\/\/noticiaempauta.com\/portal\/#organization","name":"Portal Not\u00edcia em Pauta","url":"https:\/\/noticiaempauta.com\/portal\/","logo":{"@type":"ImageObject","inLanguage":"pt-BR","@id":"https:\/\/noticiaempauta.com\/portal\/#\/schema\/logo\/image\/","url":"https:\/\/noticiaempauta.com\/portal\/wp-content\/uploads\/2022\/08\/logomarca_tema.fw_.png","contentUrl":"https:\/\/noticiaempauta.com\/portal\/wp-content\/uploads\/2022\/08\/logomarca_tema.fw_.png","width":400,"height":232,"caption":"Portal Not\u00edcia em Pauta"},"image":{"@id":"https:\/\/noticiaempauta.com\/portal\/#\/schema\/logo\/image\/"},"sameAs":["https:\/\/www.facebook.com\/Portal-Notcia-Em-Pauta-102292869264820\/","https:\/\/www.instagram.com\/portalnoticiaempauta\/"]},{"@type":"Person","@id":"https:\/\/noticiaempauta.com\/portal\/#\/schema\/person\/a74af43dd1ab3deca45f988c717d57ac","name":"Reda\u00e7\u00e3o","image":{"@type":"ImageObject","inLanguage":"pt-BR","@id":"https:\/\/noticiaempauta.com\/portal\/#\/schema\/person\/image\/","url":"https:\/\/secure.gravatar.com\/avatar\/03179346ecce6cdfc13361603e8f54242a90e5cde8618fa23c5c00aa2b0aadf3?s=96&d=mm&r=g","contentUrl":"https:\/\/secure.gravatar.com\/avatar\/03179346ecce6cdfc13361603e8f54242a90e5cde8618fa23c5c00aa2b0aadf3?s=96&d=mm&r=g","caption":"Reda\u00e7\u00e3o"},"sameAs":["https:\/\/noticiaempauta.com\/portal\/"],"url":"https:\/\/noticiaempauta.com\/portal\/author\/fernando\/"}]}},"_links":{"self":[{"href":"https:\/\/noticiaempauta.com\/portal\/wp-json\/wp\/v2\/posts\/259690","targetHints":{"allow":["GET"]}}],"collection":[{"href":"https:\/\/noticiaempauta.com\/portal\/wp-json\/wp\/v2\/posts"}],"about":[{"href":"https:\/\/noticiaempauta.com\/portal\/wp-json\/wp\/v2\/types\/post"}],"author":[{"embeddable":true,"href":"https:\/\/noticiaempauta.com\/portal\/wp-json\/wp\/v2\/users\/2"}],"replies":[{"embeddable":true,"href":"https:\/\/noticiaempauta.com\/portal\/wp-json\/wp\/v2\/comments?post=259690"}],"version-history":[{"count":2,"href":"https:\/\/noticiaempauta.com\/portal\/wp-json\/wp\/v2\/posts\/259690\/revisions"}],"predecessor-version":[{"id":259693,"href":"https:\/\/noticiaempauta.com\/portal\/wp-json\/wp\/v2\/posts\/259690\/revisions\/259693"}],"wp:featuredmedia":[{"embeddable":true,"href":"https:\/\/noticiaempauta.com\/portal\/wp-json\/wp\/v2\/media\/259691"}],"wp:attachment":[{"href":"https:\/\/noticiaempauta.com\/portal\/wp-json\/wp\/v2\/media?parent=259690"}],"wp:term":[{"taxonomy":"category","embeddable":true,"href":"https:\/\/noticiaempauta.com\/portal\/wp-json\/wp\/v2\/categories?post=259690"},{"taxonomy":"post_tag","embeddable":true,"href":"https:\/\/noticiaempauta.com\/portal\/wp-json\/wp\/v2\/tags?post=259690"}],"curies":[{"name":"wp","href":"https:\/\/api.w.org\/{rel}","templated":true}]}}