{"id":259694,"date":"2024-07-11T08:59:47","date_gmt":"2024-07-11T11:59:47","guid":{"rendered":"https:\/\/noticiaempauta.com\/portal\/?p=259694"},"modified":"2024-07-11T08:59:48","modified_gmt":"2024-07-11T11:59:48","slug":"rafael-defende-que-reducao-da-divida-dos-estados-seja-igual-ao-valor-da-compensacao-as-demais-unidades-da-federacao","status":"publish","type":"post","link":"https:\/\/noticiaempauta.com\/portal\/rafael-defende-que-reducao-da-divida-dos-estados-seja-igual-ao-valor-da-compensacao-as-demais-unidades-da-federacao\/","title":{"rendered":"Rafael defende que redu\u00e7\u00e3o da d\u00edvida dos estados seja igual ao valor da compensa\u00e7\u00e3o \u00e0s demais unidades da federa\u00e7\u00e3o"},"content":{"rendered":"\n<p>O governador Rafael Fonteles se manifestou novamente sobre o projeto de lei 121\/2024, que trata sobre as d\u00edvidas dos estados junto \u00e0 Uni\u00e3o. Em postagem nas redes sociais, publicada nessa quarta-feira (10), o gestor defende uma altera\u00e7\u00e3o na proposta que tramita no Congresso Nacional, ajustando a redu\u00e7\u00e3o de encargos dos estados devedores, ao valor da compensa\u00e7\u00e3o direcionada a 22 estados brasileiros, entre eles o Piau\u00ed.<\/p>\n\n\n\n<figure class=\"wp-block-image size-full\"><img fetchpriority=\"high\" decoding=\"async\" width=\"1000\" height=\"667\" src=\"https:\/\/noticiaempauta.com\/portal\/wp-content\/uploads\/2024\/07\/large_Caravana_Rafael_Fonteles_Gabriel_paulino2_27974441d9.jpeg\" alt=\"\" class=\"wp-image-259695\" srcset=\"https:\/\/noticiaempauta.com\/portal\/wp-content\/uploads\/2024\/07\/large_Caravana_Rafael_Fonteles_Gabriel_paulino2_27974441d9.jpeg 1000w, https:\/\/noticiaempauta.com\/portal\/wp-content\/uploads\/2024\/07\/large_Caravana_Rafael_Fonteles_Gabriel_paulino2_27974441d9-300x200.jpeg 300w, https:\/\/noticiaempauta.com\/portal\/wp-content\/uploads\/2024\/07\/large_Caravana_Rafael_Fonteles_Gabriel_paulino2_27974441d9-768x512.jpeg 768w\" sizes=\"(max-width: 1000px) 100vw, 1000px\" \/><\/figure>\n\n\n\n<p>De acordo com o governador do Piau\u00ed, uma vez aprovada da forma inicialmente proposta, a medida provocar\u00e1 uma redu\u00e7\u00e3o superior a R$ 25 bilh\u00f5es por ano nos encargos da d\u00edvida de cinco estados da federa\u00e7\u00e3o. Os outros 22 estados ir\u00e3o receber menos de R$ 6 bi, por meio do Fundo de Equaliza\u00e7\u00e3o Federativa.<\/p>\n\n\n\n<p>\u201cContinuamos defendendo que \u00e9 mais justo que o valor anual da redu\u00e7\u00e3o dos encargos de d\u00edvida dos cinco estados seja igual ao valor anual disponibilizado para os demais 22 estados, por meio do Fundo de Equaliza\u00e7\u00e3o Federativa\u201d, pontua o governador.<\/p>\n\n\n\n<p>Rafael tamb\u00e9m sugere que a lei estabele\u00e7a novos crit\u00e9rios de renegocia\u00e7\u00e3o das d\u00edvidas dos estados com os bancos p\u00fablicos. \u201cDefendemos que a mesma lei possa garantir que as d\u00edvidas dos estados junto aos bancos p\u00fablicos tenham o mesmo tratamento das d\u00edvidas dos estados junto \u00e0 Uni\u00e3o. Ou seja, tamb\u00e9m possam ser renegociadas com os mesmos encargos (IPCA) e com o mesmo prazo (30 anos)\u201d, complementa Fonteles.<\/p>\n\n\n\n<p>As d\u00edvidas dos estados junto \u00e0 Uni\u00e3o \u00e9 estimada em R$ 764,9 bilh\u00f5es. Do valor total, &nbsp;mais de R$ 680 bilh\u00f5es s\u00e3o relativos a apenas cinco estados da federa\u00e7\u00e3o, representando 92% do estoque total da d\u00edvida. O Piau\u00ed e o Tocantins n\u00e3o t\u00eam d\u00edvida junto ao Tesouro Nacional, enquanto a grande maioria dos estados possui d\u00edvidas inferiores a 1% do estoque total da d\u00edvida junto \u00e0 Uni\u00e3o.<\/p>\n\n\n\n<p>A expectativa \u00e9 de que um projeto de lei complementar\u00a0seja apresentado antes do recesso parlamentar de julho. Caso a medida seja aprovada, vai\u00a0permitir ao governo federal repactuar d\u00edvidas com estados e munic\u00edpios.<\/p>\n\n\n\n<p><strong><em>CCOM-PI<\/em><\/strong><\/p>\n","protected":false},"excerpt":{"rendered":"<p>O governador Rafael Fonteles se manifestou novamente sobre o projeto de lei 121\/2024, que trata sobre as d\u00edvidas dos estados junto \u00e0 Uni\u00e3o. Em postagem nas redes sociais, publicada nessa quarta-feira (10), o gestor defende uma altera\u00e7\u00e3o na proposta que tramita no Congresso Nacional, ajustando a redu\u00e7\u00e3o de encargos dos estados devedores, ao valor da [&hellip;]<\/p>\n","protected":false},"author":2,"featured_media":259695,"comment_status":"open","ping_status":"open","sticky":false,"template":"","format":"standard","meta":{"_mi_skip_tracking":false,"footnotes":""},"categories":[25,6,1,16],"tags":[192],"class_list":["post-259694","post","type-post","status-publish","format-standard","has-post-thumbnail","hentry","category-destaques-site","category-economia","category-geral","category-todas","tag-destaqueprincipal"],"acf":[],"yoast_head":"<!-- This site is optimized with the Yoast SEO Premium plugin v19.2 (Yoast SEO v26.9) - https:\/\/yoast.com\/product\/yoast-seo-premium-wordpress\/ -->\n<title>Rafael defende que redu\u00e7\u00e3o da d\u00edvida dos estados seja igual ao valor da compensa\u00e7\u00e3o \u00e0s demais unidades da federa\u00e7\u00e3o - Portal Not\u00edcia em Pauta<\/title>\n<meta name=\"robots\" content=\"index, follow, max-snippet:-1, max-image-preview:large, max-video-preview:-1\" \/>\n<link rel=\"canonical\" href=\"https:\/\/noticiaempauta.com\/portal\/rafael-defende-que-reducao-da-divida-dos-estados-seja-igual-ao-valor-da-compensacao-as-demais-unidades-da-federacao\/\" \/>\n<meta property=\"og:locale\" content=\"pt_BR\" \/>\n<meta property=\"og:type\" content=\"article\" \/>\n<meta property=\"og:title\" content=\"Rafael defende que redu\u00e7\u00e3o da d\u00edvida dos estados seja igual ao valor da compensa\u00e7\u00e3o \u00e0s demais unidades da federa\u00e7\u00e3o\" \/>\n<meta property=\"og:description\" content=\"O governador Rafael Fonteles se manifestou novamente sobre o projeto de lei 121\/2024, que trata sobre as d\u00edvidas dos estados junto \u00e0 Uni\u00e3o. Em postagem nas redes sociais, publicada nessa quarta-feira (10), o gestor defende uma altera\u00e7\u00e3o na proposta que tramita no Congresso Nacional, ajustando a redu\u00e7\u00e3o de encargos dos estados devedores, ao valor da [&hellip;]\" \/>\n<meta property=\"og:url\" content=\"https:\/\/noticiaempauta.com\/portal\/rafael-defende-que-reducao-da-divida-dos-estados-seja-igual-ao-valor-da-compensacao-as-demais-unidades-da-federacao\/\" \/>\n<meta property=\"og:site_name\" content=\"Portal Not\u00edcia em Pauta\" \/>\n<meta property=\"article:publisher\" content=\"https:\/\/www.facebook.com\/Portal-Notcia-Em-Pauta-102292869264820\/\" \/>\n<meta property=\"article:published_time\" content=\"2024-07-11T11:59:47+00:00\" \/>\n<meta property=\"article:modified_time\" content=\"2024-07-11T11:59:48+00:00\" \/>\n<meta property=\"og:image\" content=\"https:\/\/noticiaempauta.com\/portal\/wp-content\/uploads\/2024\/07\/large_Caravana_Rafael_Fonteles_Gabriel_paulino2_27974441d9.jpeg\" \/>\n\t<meta property=\"og:image:width\" content=\"1000\" \/>\n\t<meta property=\"og:image:height\" content=\"667\" \/>\n\t<meta property=\"og:image:type\" content=\"image\/jpeg\" \/>\n<meta name=\"author\" content=\"Reda\u00e7\u00e3o\" \/>\n<meta name=\"twitter:card\" content=\"summary_large_image\" \/>\n<meta name=\"twitter:label1\" content=\"Escrito por\" \/>\n\t<meta name=\"twitter:data1\" content=\"Reda\u00e7\u00e3o\" \/>\n\t<meta name=\"twitter:label2\" content=\"Est. tempo de leitura\" \/>\n\t<meta name=\"twitter:data2\" content=\"3 minutos\" \/>\n<script type=\"application\/ld+json\" class=\"yoast-schema-graph\">{\"@context\":\"https:\/\/schema.org\",\"@graph\":[{\"@type\":\"Article\",\"@id\":\"https:\/\/noticiaempauta.com\/portal\/rafael-defende-que-reducao-da-divida-dos-estados-seja-igual-ao-valor-da-compensacao-as-demais-unidades-da-federacao\/#article\",\"isPartOf\":{\"@id\":\"https:\/\/noticiaempauta.com\/portal\/rafael-defende-que-reducao-da-divida-dos-estados-seja-igual-ao-valor-da-compensacao-as-demais-unidades-da-federacao\/\"},\"author\":{\"name\":\"Reda\u00e7\u00e3o\",\"@id\":\"https:\/\/noticiaempauta.com\/portal\/#\/schema\/person\/a74af43dd1ab3deca45f988c717d57ac\"},\"headline\":\"Rafael defende que redu\u00e7\u00e3o da d\u00edvida dos estados seja igual ao valor da compensa\u00e7\u00e3o \u00e0s demais unidades da federa\u00e7\u00e3o\",\"datePublished\":\"2024-07-11T11:59:47+00:00\",\"dateModified\":\"2024-07-11T11:59:48+00:00\",\"mainEntityOfPage\":{\"@id\":\"https:\/\/noticiaempauta.com\/portal\/rafael-defende-que-reducao-da-divida-dos-estados-seja-igual-ao-valor-da-compensacao-as-demais-unidades-da-federacao\/\"},\"wordCount\":371,\"commentCount\":0,\"publisher\":{\"@id\":\"https:\/\/noticiaempauta.com\/portal\/#organization\"},\"image\":{\"@id\":\"https:\/\/noticiaempauta.com\/portal\/rafael-defende-que-reducao-da-divida-dos-estados-seja-igual-ao-valor-da-compensacao-as-demais-unidades-da-federacao\/#primaryimage\"},\"thumbnailUrl\":\"https:\/\/noticiaempauta.com\/portal\/wp-content\/uploads\/2024\/07\/large_Caravana_Rafael_Fonteles_Gabriel_paulino2_27974441d9.jpeg\",\"keywords\":[\"destaqueprincipal\"],\"articleSection\":[\"Destaques\",\"Economia\",\"Geral\",\"Todas as Not\u00edcias\"],\"inLanguage\":\"pt-BR\",\"potentialAction\":[{\"@type\":\"CommentAction\",\"name\":\"Comment\",\"target\":[\"https:\/\/noticiaempauta.com\/portal\/rafael-defende-que-reducao-da-divida-dos-estados-seja-igual-ao-valor-da-compensacao-as-demais-unidades-da-federacao\/#respond\"]}]},{\"@type\":\"WebPage\",\"@id\":\"https:\/\/noticiaempauta.com\/portal\/rafael-defende-que-reducao-da-divida-dos-estados-seja-igual-ao-valor-da-compensacao-as-demais-unidades-da-federacao\/\",\"url\":\"https:\/\/noticiaempauta.com\/portal\/rafael-defende-que-reducao-da-divida-dos-estados-seja-igual-ao-valor-da-compensacao-as-demais-unidades-da-federacao\/\",\"name\":\"Rafael defende que redu\u00e7\u00e3o da d\u00edvida dos estados seja igual ao valor da compensa\u00e7\u00e3o \u00e0s demais unidades da federa\u00e7\u00e3o - Portal Not\u00edcia em Pauta\",\"isPartOf\":{\"@id\":\"https:\/\/noticiaempauta.com\/portal\/#website\"},\"primaryImageOfPage\":{\"@id\":\"https:\/\/noticiaempauta.com\/portal\/rafael-defende-que-reducao-da-divida-dos-estados-seja-igual-ao-valor-da-compensacao-as-demais-unidades-da-federacao\/#primaryimage\"},\"image\":{\"@id\":\"https:\/\/noticiaempauta.com\/portal\/rafael-defende-que-reducao-da-divida-dos-estados-seja-igual-ao-valor-da-compensacao-as-demais-unidades-da-federacao\/#primaryimage\"},\"thumbnailUrl\":\"https:\/\/noticiaempauta.com\/portal\/wp-content\/uploads\/2024\/07\/large_Caravana_Rafael_Fonteles_Gabriel_paulino2_27974441d9.jpeg\",\"datePublished\":\"2024-07-11T11:59:47+00:00\",\"dateModified\":\"2024-07-11T11:59:48+00:00\",\"breadcrumb\":{\"@id\":\"https:\/\/noticiaempauta.com\/portal\/rafael-defende-que-reducao-da-divida-dos-estados-seja-igual-ao-valor-da-compensacao-as-demais-unidades-da-federacao\/#breadcrumb\"},\"inLanguage\":\"pt-BR\",\"potentialAction\":[{\"@type\":\"ReadAction\",\"target\":[\"https:\/\/noticiaempauta.com\/portal\/rafael-defende-que-reducao-da-divida-dos-estados-seja-igual-ao-valor-da-compensacao-as-demais-unidades-da-federacao\/\"]}]},{\"@type\":\"ImageObject\",\"inLanguage\":\"pt-BR\",\"@id\":\"https:\/\/noticiaempauta.com\/portal\/rafael-defende-que-reducao-da-divida-dos-estados-seja-igual-ao-valor-da-compensacao-as-demais-unidades-da-federacao\/#primaryimage\",\"url\":\"https:\/\/noticiaempauta.com\/portal\/wp-content\/uploads\/2024\/07\/large_Caravana_Rafael_Fonteles_Gabriel_paulino2_27974441d9.jpeg\",\"contentUrl\":\"https:\/\/noticiaempauta.com\/portal\/wp-content\/uploads\/2024\/07\/large_Caravana_Rafael_Fonteles_Gabriel_paulino2_27974441d9.jpeg\",\"width\":1000,\"height\":667},{\"@type\":\"BreadcrumbList\",\"@id\":\"https:\/\/noticiaempauta.com\/portal\/rafael-defende-que-reducao-da-divida-dos-estados-seja-igual-ao-valor-da-compensacao-as-demais-unidades-da-federacao\/#breadcrumb\",\"itemListElement\":[{\"@type\":\"ListItem\",\"position\":1,\"name\":\"P\u00e1gina Inicial\",\"item\":\"https:\/\/noticiaempauta.com\/portal\/\"},{\"@type\":\"ListItem\",\"position\":2,\"name\":\"Destaques\",\"item\":\"https:\/\/noticiaempauta.com\/portal\/destaques-site\/\"},{\"@type\":\"ListItem\",\"position\":3,\"name\":\"Rafael defende que redu\u00e7\u00e3o da d\u00edvida dos estados seja igual ao valor da compensa\u00e7\u00e3o \u00e0s demais unidades da federa\u00e7\u00e3o\"}]},{\"@type\":\"WebSite\",\"@id\":\"https:\/\/noticiaempauta.com\/portal\/#website\",\"url\":\"https:\/\/noticiaempauta.com\/portal\/\",\"name\":\"Portal Not\u00edcia em Pauta\",\"description\":\"Voc\u00ea bem informado\",\"publisher\":{\"@id\":\"https:\/\/noticiaempauta.com\/portal\/#organization\"},\"potentialAction\":[{\"@type\":\"SearchAction\",\"target\":{\"@type\":\"EntryPoint\",\"urlTemplate\":\"https:\/\/noticiaempauta.com\/portal\/?s={search_term_string}\"},\"query-input\":{\"@type\":\"PropertyValueSpecification\",\"valueRequired\":true,\"valueName\":\"search_term_string\"}}],\"inLanguage\":\"pt-BR\"},{\"@type\":\"Organization\",\"@id\":\"https:\/\/noticiaempauta.com\/portal\/#organization\",\"name\":\"Portal Not\u00edcia em Pauta\",\"url\":\"https:\/\/noticiaempauta.com\/portal\/\",\"logo\":{\"@type\":\"ImageObject\",\"inLanguage\":\"pt-BR\",\"@id\":\"https:\/\/noticiaempauta.com\/portal\/#\/schema\/logo\/image\/\",\"url\":\"https:\/\/noticiaempauta.com\/portal\/wp-content\/uploads\/2022\/08\/logomarca_tema.fw_.png\",\"contentUrl\":\"https:\/\/noticiaempauta.com\/portal\/wp-content\/uploads\/2022\/08\/logomarca_tema.fw_.png\",\"width\":400,\"height\":232,\"caption\":\"Portal Not\u00edcia em Pauta\"},\"image\":{\"@id\":\"https:\/\/noticiaempauta.com\/portal\/#\/schema\/logo\/image\/\"},\"sameAs\":[\"https:\/\/www.facebook.com\/Portal-Notcia-Em-Pauta-102292869264820\/\",\"https:\/\/www.instagram.com\/portalnoticiaempauta\/\"]},{\"@type\":\"Person\",\"@id\":\"https:\/\/noticiaempauta.com\/portal\/#\/schema\/person\/a74af43dd1ab3deca45f988c717d57ac\",\"name\":\"Reda\u00e7\u00e3o\",\"image\":{\"@type\":\"ImageObject\",\"inLanguage\":\"pt-BR\",\"@id\":\"https:\/\/noticiaempauta.com\/portal\/#\/schema\/person\/image\/\",\"url\":\"https:\/\/secure.gravatar.com\/avatar\/03179346ecce6cdfc13361603e8f54242a90e5cde8618fa23c5c00aa2b0aadf3?s=96&d=mm&r=g\",\"contentUrl\":\"https:\/\/secure.gravatar.com\/avatar\/03179346ecce6cdfc13361603e8f54242a90e5cde8618fa23c5c00aa2b0aadf3?s=96&d=mm&r=g\",\"caption\":\"Reda\u00e7\u00e3o\"},\"sameAs\":[\"https:\/\/noticiaempauta.com\/portal\/\"],\"url\":\"https:\/\/noticiaempauta.com\/portal\/author\/fernando\/\"}]}<\/script>\n<!-- \/ Yoast SEO Premium plugin. -->","yoast_head_json":{"title":"Rafael defende que redu\u00e7\u00e3o da d\u00edvida dos estados seja igual ao valor da compensa\u00e7\u00e3o \u00e0s demais unidades da federa\u00e7\u00e3o - Portal Not\u00edcia em Pauta","robots":{"index":"index","follow":"follow","max-snippet":"max-snippet:-1","max-image-preview":"max-image-preview:large","max-video-preview":"max-video-preview:-1"},"canonical":"https:\/\/noticiaempauta.com\/portal\/rafael-defende-que-reducao-da-divida-dos-estados-seja-igual-ao-valor-da-compensacao-as-demais-unidades-da-federacao\/","og_locale":"pt_BR","og_type":"article","og_title":"Rafael defende que redu\u00e7\u00e3o da d\u00edvida dos estados seja igual ao valor da compensa\u00e7\u00e3o \u00e0s demais unidades da federa\u00e7\u00e3o","og_description":"O governador Rafael Fonteles se manifestou novamente sobre o projeto de lei 121\/2024, que trata sobre as d\u00edvidas dos estados junto \u00e0 Uni\u00e3o. Em postagem nas redes sociais, publicada nessa quarta-feira (10), o gestor defende uma altera\u00e7\u00e3o na proposta que tramita no Congresso Nacional, ajustando a redu\u00e7\u00e3o de encargos dos estados devedores, ao valor da [&hellip;]","og_url":"https:\/\/noticiaempauta.com\/portal\/rafael-defende-que-reducao-da-divida-dos-estados-seja-igual-ao-valor-da-compensacao-as-demais-unidades-da-federacao\/","og_site_name":"Portal Not\u00edcia em Pauta","article_publisher":"https:\/\/www.facebook.com\/Portal-Notcia-Em-Pauta-102292869264820\/","article_published_time":"2024-07-11T11:59:47+00:00","article_modified_time":"2024-07-11T11:59:48+00:00","og_image":[{"width":1000,"height":667,"url":"https:\/\/noticiaempauta.com\/portal\/wp-content\/uploads\/2024\/07\/large_Caravana_Rafael_Fonteles_Gabriel_paulino2_27974441d9.jpeg","type":"image\/jpeg"}],"author":"Reda\u00e7\u00e3o","twitter_card":"summary_large_image","twitter_misc":{"Escrito por":"Reda\u00e7\u00e3o","Est. tempo de leitura":"3 minutos"},"schema":{"@context":"https:\/\/schema.org","@graph":[{"@type":"Article","@id":"https:\/\/noticiaempauta.com\/portal\/rafael-defende-que-reducao-da-divida-dos-estados-seja-igual-ao-valor-da-compensacao-as-demais-unidades-da-federacao\/#article","isPartOf":{"@id":"https:\/\/noticiaempauta.com\/portal\/rafael-defende-que-reducao-da-divida-dos-estados-seja-igual-ao-valor-da-compensacao-as-demais-unidades-da-federacao\/"},"author":{"name":"Reda\u00e7\u00e3o","@id":"https:\/\/noticiaempauta.com\/portal\/#\/schema\/person\/a74af43dd1ab3deca45f988c717d57ac"},"headline":"Rafael defende que redu\u00e7\u00e3o da d\u00edvida dos estados seja igual ao valor da compensa\u00e7\u00e3o \u00e0s demais unidades da federa\u00e7\u00e3o","datePublished":"2024-07-11T11:59:47+00:00","dateModified":"2024-07-11T11:59:48+00:00","mainEntityOfPage":{"@id":"https:\/\/noticiaempauta.com\/portal\/rafael-defende-que-reducao-da-divida-dos-estados-seja-igual-ao-valor-da-compensacao-as-demais-unidades-da-federacao\/"},"wordCount":371,"commentCount":0,"publisher":{"@id":"https:\/\/noticiaempauta.com\/portal\/#organization"},"image":{"@id":"https:\/\/noticiaempauta.com\/portal\/rafael-defende-que-reducao-da-divida-dos-estados-seja-igual-ao-valor-da-compensacao-as-demais-unidades-da-federacao\/#primaryimage"},"thumbnailUrl":"https:\/\/noticiaempauta.com\/portal\/wp-content\/uploads\/2024\/07\/large_Caravana_Rafael_Fonteles_Gabriel_paulino2_27974441d9.jpeg","keywords":["destaqueprincipal"],"articleSection":["Destaques","Economia","Geral","Todas as Not\u00edcias"],"inLanguage":"pt-BR","potentialAction":[{"@type":"CommentAction","name":"Comment","target":["https:\/\/noticiaempauta.com\/portal\/rafael-defende-que-reducao-da-divida-dos-estados-seja-igual-ao-valor-da-compensacao-as-demais-unidades-da-federacao\/#respond"]}]},{"@type":"WebPage","@id":"https:\/\/noticiaempauta.com\/portal\/rafael-defende-que-reducao-da-divida-dos-estados-seja-igual-ao-valor-da-compensacao-as-demais-unidades-da-federacao\/","url":"https:\/\/noticiaempauta.com\/portal\/rafael-defende-que-reducao-da-divida-dos-estados-seja-igual-ao-valor-da-compensacao-as-demais-unidades-da-federacao\/","name":"Rafael defende que redu\u00e7\u00e3o da d\u00edvida dos estados seja igual ao valor da compensa\u00e7\u00e3o \u00e0s demais unidades da federa\u00e7\u00e3o - Portal Not\u00edcia em Pauta","isPartOf":{"@id":"https:\/\/noticiaempauta.com\/portal\/#website"},"primaryImageOfPage":{"@id":"https:\/\/noticiaempauta.com\/portal\/rafael-defende-que-reducao-da-divida-dos-estados-seja-igual-ao-valor-da-compensacao-as-demais-unidades-da-federacao\/#primaryimage"},"image":{"@id":"https:\/\/noticiaempauta.com\/portal\/rafael-defende-que-reducao-da-divida-dos-estados-seja-igual-ao-valor-da-compensacao-as-demais-unidades-da-federacao\/#primaryimage"},"thumbnailUrl":"https:\/\/noticiaempauta.com\/portal\/wp-content\/uploads\/2024\/07\/large_Caravana_Rafael_Fonteles_Gabriel_paulino2_27974441d9.jpeg","datePublished":"2024-07-11T11:59:47+00:00","dateModified":"2024-07-11T11:59:48+00:00","breadcrumb":{"@id":"https:\/\/noticiaempauta.com\/portal\/rafael-defende-que-reducao-da-divida-dos-estados-seja-igual-ao-valor-da-compensacao-as-demais-unidades-da-federacao\/#breadcrumb"},"inLanguage":"pt-BR","potentialAction":[{"@type":"ReadAction","target":["https:\/\/noticiaempauta.com\/portal\/rafael-defende-que-reducao-da-divida-dos-estados-seja-igual-ao-valor-da-compensacao-as-demais-unidades-da-federacao\/"]}]},{"@type":"ImageObject","inLanguage":"pt-BR","@id":"https:\/\/noticiaempauta.com\/portal\/rafael-defende-que-reducao-da-divida-dos-estados-seja-igual-ao-valor-da-compensacao-as-demais-unidades-da-federacao\/#primaryimage","url":"https:\/\/noticiaempauta.com\/portal\/wp-content\/uploads\/2024\/07\/large_Caravana_Rafael_Fonteles_Gabriel_paulino2_27974441d9.jpeg","contentUrl":"https:\/\/noticiaempauta.com\/portal\/wp-content\/uploads\/2024\/07\/large_Caravana_Rafael_Fonteles_Gabriel_paulino2_27974441d9.jpeg","width":1000,"height":667},{"@type":"BreadcrumbList","@id":"https:\/\/noticiaempauta.com\/portal\/rafael-defende-que-reducao-da-divida-dos-estados-seja-igual-ao-valor-da-compensacao-as-demais-unidades-da-federacao\/#breadcrumb","itemListElement":[{"@type":"ListItem","position":1,"name":"P\u00e1gina Inicial","item":"https:\/\/noticiaempauta.com\/portal\/"},{"@type":"ListItem","position":2,"name":"Destaques","item":"https:\/\/noticiaempauta.com\/portal\/destaques-site\/"},{"@type":"ListItem","position":3,"name":"Rafael defende que redu\u00e7\u00e3o da d\u00edvida dos estados seja igual ao valor da compensa\u00e7\u00e3o \u00e0s demais unidades da federa\u00e7\u00e3o"}]},{"@type":"WebSite","@id":"https:\/\/noticiaempauta.com\/portal\/#website","url":"https:\/\/noticiaempauta.com\/portal\/","name":"Portal Not\u00edcia em Pauta","description":"Voc\u00ea bem informado","publisher":{"@id":"https:\/\/noticiaempauta.com\/portal\/#organization"},"potentialAction":[{"@type":"SearchAction","target":{"@type":"EntryPoint","urlTemplate":"https:\/\/noticiaempauta.com\/portal\/?s={search_term_string}"},"query-input":{"@type":"PropertyValueSpecification","valueRequired":true,"valueName":"search_term_string"}}],"inLanguage":"pt-BR"},{"@type":"Organization","@id":"https:\/\/noticiaempauta.com\/portal\/#organization","name":"Portal Not\u00edcia em Pauta","url":"https:\/\/noticiaempauta.com\/portal\/","logo":{"@type":"ImageObject","inLanguage":"pt-BR","@id":"https:\/\/noticiaempauta.com\/portal\/#\/schema\/logo\/image\/","url":"https:\/\/noticiaempauta.com\/portal\/wp-content\/uploads\/2022\/08\/logomarca_tema.fw_.png","contentUrl":"https:\/\/noticiaempauta.com\/portal\/wp-content\/uploads\/2022\/08\/logomarca_tema.fw_.png","width":400,"height":232,"caption":"Portal Not\u00edcia em Pauta"},"image":{"@id":"https:\/\/noticiaempauta.com\/portal\/#\/schema\/logo\/image\/"},"sameAs":["https:\/\/www.facebook.com\/Portal-Notcia-Em-Pauta-102292869264820\/","https:\/\/www.instagram.com\/portalnoticiaempauta\/"]},{"@type":"Person","@id":"https:\/\/noticiaempauta.com\/portal\/#\/schema\/person\/a74af43dd1ab3deca45f988c717d57ac","name":"Reda\u00e7\u00e3o","image":{"@type":"ImageObject","inLanguage":"pt-BR","@id":"https:\/\/noticiaempauta.com\/portal\/#\/schema\/person\/image\/","url":"https:\/\/secure.gravatar.com\/avatar\/03179346ecce6cdfc13361603e8f54242a90e5cde8618fa23c5c00aa2b0aadf3?s=96&d=mm&r=g","contentUrl":"https:\/\/secure.gravatar.com\/avatar\/03179346ecce6cdfc13361603e8f54242a90e5cde8618fa23c5c00aa2b0aadf3?s=96&d=mm&r=g","caption":"Reda\u00e7\u00e3o"},"sameAs":["https:\/\/noticiaempauta.com\/portal\/"],"url":"https:\/\/noticiaempauta.com\/portal\/author\/fernando\/"}]}},"_links":{"self":[{"href":"https:\/\/noticiaempauta.com\/portal\/wp-json\/wp\/v2\/posts\/259694","targetHints":{"allow":["GET"]}}],"collection":[{"href":"https:\/\/noticiaempauta.com\/portal\/wp-json\/wp\/v2\/posts"}],"about":[{"href":"https:\/\/noticiaempauta.com\/portal\/wp-json\/wp\/v2\/types\/post"}],"author":[{"embeddable":true,"href":"https:\/\/noticiaempauta.com\/portal\/wp-json\/wp\/v2\/users\/2"}],"replies":[{"embeddable":true,"href":"https:\/\/noticiaempauta.com\/portal\/wp-json\/wp\/v2\/comments?post=259694"}],"version-history":[{"count":2,"href":"https:\/\/noticiaempauta.com\/portal\/wp-json\/wp\/v2\/posts\/259694\/revisions"}],"predecessor-version":[{"id":259697,"href":"https:\/\/noticiaempauta.com\/portal\/wp-json\/wp\/v2\/posts\/259694\/revisions\/259697"}],"wp:featuredmedia":[{"embeddable":true,"href":"https:\/\/noticiaempauta.com\/portal\/wp-json\/wp\/v2\/media\/259695"}],"wp:attachment":[{"href":"https:\/\/noticiaempauta.com\/portal\/wp-json\/wp\/v2\/media?parent=259694"}],"wp:term":[{"taxonomy":"category","embeddable":true,"href":"https:\/\/noticiaempauta.com\/portal\/wp-json\/wp\/v2\/categories?post=259694"},{"taxonomy":"post_tag","embeddable":true,"href":"https:\/\/noticiaempauta.com\/portal\/wp-json\/wp\/v2\/tags?post=259694"}],"curies":[{"name":"wp","href":"https:\/\/api.w.org\/{rel}","templated":true}]}}