{"id":259719,"date":"2024-07-13T09:15:21","date_gmt":"2024-07-13T12:15:21","guid":{"rendered":"https:\/\/noticiaempauta.com\/portal\/?p=259719"},"modified":"2024-07-13T09:15:22","modified_gmt":"2024-07-13T12:15:22","slug":"pt-e-mdb-fazem-convite-para-convencao-partidaria-em-massape-do-piaui","status":"publish","type":"post","link":"https:\/\/noticiaempauta.com\/portal\/pt-e-mdb-fazem-convite-para-convencao-partidaria-em-massape-do-piaui\/","title":{"rendered":"PT e MDB fazem convite para Conven\u00e7\u00e3o Partid\u00e1ria em Massap\u00ea do Piau\u00ed"},"content":{"rendered":"\n<p>O diret\u00f3rio do partido dos trabalhadores (PT ) de Massap\u00ea do Piau\u00ed e da FE- Brasil da Esperan\u00e7a representado pelo Presidente do Diret\u00f3rio Municipal, Gustavo Alves Marreiros, e o Movimento Democr\u00e1tico Brasileiro (MDB), representado pela Presidente do Diret\u00f3rio Municipal Simone Neusa Teles Costa, convocam todos os filiados e filiadas para a Conven\u00e7\u00e3o Municipal em Massap\u00ea do Piau\u00ed.<\/p>\n\n\n\n<figure class=\"wp-block-image size-full\"><img fetchpriority=\"high\" decoding=\"async\" width=\"739\" height=\"415\" src=\"https:\/\/noticiaempauta.com\/portal\/wp-content\/uploads\/2024\/07\/IMG_3052.jpeg\" alt=\"\" class=\"wp-image-259724\" srcset=\"https:\/\/noticiaempauta.com\/portal\/wp-content\/uploads\/2024\/07\/IMG_3052.jpeg 739w, https:\/\/noticiaempauta.com\/portal\/wp-content\/uploads\/2024\/07\/IMG_3052-300x168.jpeg 300w\" sizes=\"(max-width: 739px) 100vw, 739px\" \/><\/figure>\n\n\n\n<p>A Conven\u00e7\u00e3o ser\u00e1 realizada no dia 28 de julho de 2024, das 18h00min horas \u00e0s 22h00min horas no Clube Recanto do Guerreiro, oportunidade em que dever\u00e1 ser escolhido os nomes de Dr. Wilton e Fil\u00f4 para chapa majorit\u00e1ria.<\/p>\n\n\n\n<figure class=\"wp-block-image size-full\"><img decoding=\"async\" width=\"770\" height=\"398\" src=\"https:\/\/noticiaempauta.com\/portal\/wp-content\/uploads\/2024\/07\/IMG_3047.jpeg\" alt=\"\" class=\"wp-image-259723\" srcset=\"https:\/\/noticiaempauta.com\/portal\/wp-content\/uploads\/2024\/07\/IMG_3047.jpeg 770w, https:\/\/noticiaempauta.com\/portal\/wp-content\/uploads\/2024\/07\/IMG_3047-300x155.jpeg 300w, https:\/\/noticiaempauta.com\/portal\/wp-content\/uploads\/2024\/07\/IMG_3047-768x397.jpeg 768w\" sizes=\"(max-width: 770px) 100vw, 770px\" \/><\/figure>\n\n\n\n<p>As delibera\u00e7\u00f5es de ordem do dia ser\u00e3o:<\/p>\n\n\n\n<p>I \u2013 Elei\u00e7\u00e3o da chapa contendo os candidatos que disputar\u00e3o as elei\u00e7\u00f5es 2024 no Munic\u00edpio de Massap\u00ea do Piau\u00ed;<\/p>\n\n\n\n<p>II \u2013 Delibera\u00e7\u00f5es sobre coliga\u00e7\u00f5es a serem realizadas pelo partido nas elei\u00e7\u00f5es 2024;<\/p>\n\n\n\n<p>III \u2013 Outras delibera\u00e7\u00f5es que possam surgir no decorrer da conven\u00e7\u00e3o<\/p>\n\n\n\n<p>Confira editais de convoca\u00e7\u00e3o:<\/p>\n\n\n\n<div data-wp-interactive=\"core\/file\" class=\"wp-block-file\"><object data-wp-bind--hidden=\"!state.hasPdfPreview\" hidden class=\"wp-block-file__embed\" data=\"https:\/\/noticiaempauta.com\/portal\/wp-content\/uploads\/2024\/07\/1001053666.pdf\" type=\"application\/pdf\" style=\"width:100%;height:600px\" aria-label=\"Incorporado de 1001053666.\"><\/object><a id=\"wp-block-file--media-56401103-0fd1-43ee-bd91-3301912fb663\" href=\"https:\/\/noticiaempauta.com\/portal\/wp-content\/uploads\/2024\/07\/1001053666.pdf\">1001053666<\/a><a href=\"https:\/\/noticiaempauta.com\/portal\/wp-content\/uploads\/2024\/07\/1001053666.pdf\" class=\"wp-block-file__button wp-element-button\" download aria-describedby=\"wp-block-file--media-56401103-0fd1-43ee-bd91-3301912fb663\">Baixar<\/a><\/div>\n\n\n\n<div data-wp-interactive=\"core\/file\" class=\"wp-block-file\"><object data-wp-bind--hidden=\"!state.hasPdfPreview\" hidden class=\"wp-block-file__embed\" data=\"https:\/\/noticiaempauta.com\/portal\/wp-content\/uploads\/2024\/07\/1001036557.pdf\" type=\"application\/pdf\" style=\"width:100%;height:600px\" aria-label=\"Incorporado de 1001036557.\"><\/object><a id=\"wp-block-file--media-4e530793-fc2e-4690-bb0a-d7654a22b4d1\" href=\"https:\/\/noticiaempauta.com\/portal\/wp-content\/uploads\/2024\/07\/1001036557.pdf\">1001036557<\/a><a href=\"https:\/\/noticiaempauta.com\/portal\/wp-content\/uploads\/2024\/07\/1001036557.pdf\" class=\"wp-block-file__button wp-element-button\" download aria-describedby=\"wp-block-file--media-4e530793-fc2e-4690-bb0a-d7654a22b4d1\">Baixar<\/a><\/div>\n\n\n\n<div data-wp-interactive=\"core\/file\" class=\"wp-block-file\"><object data-wp-bind--hidden=\"!state.hasPdfPreview\" hidden class=\"wp-block-file__embed\" data=\"https:\/\/noticiaempauta.com\/portal\/wp-content\/uploads\/2024\/07\/1001036557-1.pdf\" type=\"application\/pdf\" style=\"width:100%;height:600px\" aria-label=\"Incorporado de 1001036557-1.\"><\/object><a id=\"wp-block-file--media-1c419f87-490b-47c6-a954-05bc48a45cef\" href=\"https:\/\/noticiaempauta.com\/portal\/wp-content\/uploads\/2024\/07\/1001036557-1.pdf\">1001036557-1<\/a><a href=\"https:\/\/noticiaempauta.com\/portal\/wp-content\/uploads\/2024\/07\/1001036557-1.pdf\" class=\"wp-block-file__button wp-element-button\" download aria-describedby=\"wp-block-file--media-1c419f87-490b-47c6-a954-05bc48a45cef\">Baixar<\/a><\/div>\n\n\n\n<p><\/p>\n","protected":false},"excerpt":{"rendered":"<p>O diret\u00f3rio do partido dos trabalhadores (PT ) de Massap\u00ea do Piau\u00ed e da FE- Brasil da Esperan\u00e7a representado pelo Presidente do Diret\u00f3rio Municipal, Gustavo Alves Marreiros, e o Movimento Democr\u00e1tico Brasileiro (MDB), representado pela Presidente do Diret\u00f3rio Municipal Simone Neusa Teles Costa, convocam todos os filiados e filiadas para a Conven\u00e7\u00e3o Municipal em Massap\u00ea [&hellip;]<\/p>\n","protected":false},"author":2,"featured_media":259723,"comment_status":"open","ping_status":"open","sticky":false,"template":"","format":"standard","meta":{"_mi_skip_tracking":false,"footnotes":""},"categories":[25,3],"tags":[192],"class_list":["post-259719","post","type-post","status-publish","format-standard","has-post-thumbnail","hentry","category-destaques-site","category-politica","tag-destaqueprincipal"],"acf":[],"yoast_head":"<!-- This site is optimized with the Yoast SEO Premium plugin v19.2 (Yoast SEO v26.9) - https:\/\/yoast.com\/product\/yoast-seo-premium-wordpress\/ -->\n<title>PT e MDB fazem convite para Conven\u00e7\u00e3o Partid\u00e1ria em Massap\u00ea do Piau\u00ed - Portal Not\u00edcia em Pauta<\/title>\n<meta name=\"robots\" content=\"index, follow, max-snippet:-1, max-image-preview:large, max-video-preview:-1\" \/>\n<link rel=\"canonical\" href=\"https:\/\/noticiaempauta.com\/portal\/pt-e-mdb-fazem-convite-para-convencao-partidaria-em-massape-do-piaui\/\" \/>\n<meta property=\"og:locale\" content=\"pt_BR\" \/>\n<meta property=\"og:type\" content=\"article\" \/>\n<meta property=\"og:title\" content=\"PT e MDB fazem convite para Conven\u00e7\u00e3o Partid\u00e1ria em Massap\u00ea do Piau\u00ed\" \/>\n<meta property=\"og:description\" content=\"O diret\u00f3rio do partido dos trabalhadores (PT ) de Massap\u00ea do Piau\u00ed e da FE- Brasil da Esperan\u00e7a representado pelo Presidente do Diret\u00f3rio Municipal, Gustavo Alves Marreiros, e o Movimento Democr\u00e1tico Brasileiro (MDB), representado pela Presidente do Diret\u00f3rio Municipal Simone Neusa Teles Costa, convocam todos os filiados e filiadas para a Conven\u00e7\u00e3o Municipal em Massap\u00ea [&hellip;]\" \/>\n<meta property=\"og:url\" content=\"https:\/\/noticiaempauta.com\/portal\/pt-e-mdb-fazem-convite-para-convencao-partidaria-em-massape-do-piaui\/\" \/>\n<meta property=\"og:site_name\" content=\"Portal Not\u00edcia em Pauta\" \/>\n<meta property=\"article:publisher\" content=\"https:\/\/www.facebook.com\/Portal-Notcia-Em-Pauta-102292869264820\/\" \/>\n<meta property=\"article:published_time\" content=\"2024-07-13T12:15:21+00:00\" \/>\n<meta property=\"article:modified_time\" content=\"2024-07-13T12:15:22+00:00\" \/>\n<meta property=\"og:image\" content=\"https:\/\/noticiaempauta.com\/portal\/wp-content\/uploads\/2024\/07\/IMG_3047.jpeg\" \/>\n\t<meta property=\"og:image:width\" content=\"770\" \/>\n\t<meta property=\"og:image:height\" content=\"398\" \/>\n\t<meta property=\"og:image:type\" content=\"image\/jpeg\" \/>\n<meta name=\"author\" content=\"Reda\u00e7\u00e3o\" \/>\n<meta name=\"twitter:card\" content=\"summary_large_image\" \/>\n<meta name=\"twitter:label1\" content=\"Escrito por\" \/>\n\t<meta name=\"twitter:data1\" content=\"Reda\u00e7\u00e3o\" \/>\n\t<meta name=\"twitter:label2\" content=\"Est. tempo de leitura\" \/>\n\t<meta name=\"twitter:data2\" content=\"2 minutos\" \/>\n<script type=\"application\/ld+json\" class=\"yoast-schema-graph\">{\"@context\":\"https:\/\/schema.org\",\"@graph\":[{\"@type\":\"Article\",\"@id\":\"https:\/\/noticiaempauta.com\/portal\/pt-e-mdb-fazem-convite-para-convencao-partidaria-em-massape-do-piaui\/#article\",\"isPartOf\":{\"@id\":\"https:\/\/noticiaempauta.com\/portal\/pt-e-mdb-fazem-convite-para-convencao-partidaria-em-massape-do-piaui\/\"},\"author\":{\"name\":\"Reda\u00e7\u00e3o\",\"@id\":\"https:\/\/noticiaempauta.com\/portal\/#\/schema\/person\/a74af43dd1ab3deca45f988c717d57ac\"},\"headline\":\"PT e MDB fazem convite para Conven\u00e7\u00e3o Partid\u00e1ria em Massap\u00ea do Piau\u00ed\",\"datePublished\":\"2024-07-13T12:15:21+00:00\",\"dateModified\":\"2024-07-13T12:15:22+00:00\",\"mainEntityOfPage\":{\"@id\":\"https:\/\/noticiaempauta.com\/portal\/pt-e-mdb-fazem-convite-para-convencao-partidaria-em-massape-do-piaui\/\"},\"wordCount\":181,\"commentCount\":0,\"publisher\":{\"@id\":\"https:\/\/noticiaempauta.com\/portal\/#organization\"},\"image\":{\"@id\":\"https:\/\/noticiaempauta.com\/portal\/pt-e-mdb-fazem-convite-para-convencao-partidaria-em-massape-do-piaui\/#primaryimage\"},\"thumbnailUrl\":\"https:\/\/noticiaempauta.com\/portal\/wp-content\/uploads\/2024\/07\/IMG_3047.jpeg\",\"keywords\":[\"destaqueprincipal\"],\"articleSection\":[\"Destaques\",\"Pol\u00edtica\"],\"inLanguage\":\"pt-BR\",\"potentialAction\":[{\"@type\":\"CommentAction\",\"name\":\"Comment\",\"target\":[\"https:\/\/noticiaempauta.com\/portal\/pt-e-mdb-fazem-convite-para-convencao-partidaria-em-massape-do-piaui\/#respond\"]}]},{\"@type\":\"WebPage\",\"@id\":\"https:\/\/noticiaempauta.com\/portal\/pt-e-mdb-fazem-convite-para-convencao-partidaria-em-massape-do-piaui\/\",\"url\":\"https:\/\/noticiaempauta.com\/portal\/pt-e-mdb-fazem-convite-para-convencao-partidaria-em-massape-do-piaui\/\",\"name\":\"PT e MDB fazem convite para Conven\u00e7\u00e3o Partid\u00e1ria em Massap\u00ea do Piau\u00ed - Portal Not\u00edcia em Pauta\",\"isPartOf\":{\"@id\":\"https:\/\/noticiaempauta.com\/portal\/#website\"},\"primaryImageOfPage\":{\"@id\":\"https:\/\/noticiaempauta.com\/portal\/pt-e-mdb-fazem-convite-para-convencao-partidaria-em-massape-do-piaui\/#primaryimage\"},\"image\":{\"@id\":\"https:\/\/noticiaempauta.com\/portal\/pt-e-mdb-fazem-convite-para-convencao-partidaria-em-massape-do-piaui\/#primaryimage\"},\"thumbnailUrl\":\"https:\/\/noticiaempauta.com\/portal\/wp-content\/uploads\/2024\/07\/IMG_3047.jpeg\",\"datePublished\":\"2024-07-13T12:15:21+00:00\",\"dateModified\":\"2024-07-13T12:15:22+00:00\",\"breadcrumb\":{\"@id\":\"https:\/\/noticiaempauta.com\/portal\/pt-e-mdb-fazem-convite-para-convencao-partidaria-em-massape-do-piaui\/#breadcrumb\"},\"inLanguage\":\"pt-BR\",\"potentialAction\":[{\"@type\":\"ReadAction\",\"target\":[\"https:\/\/noticiaempauta.com\/portal\/pt-e-mdb-fazem-convite-para-convencao-partidaria-em-massape-do-piaui\/\"]}]},{\"@type\":\"ImageObject\",\"inLanguage\":\"pt-BR\",\"@id\":\"https:\/\/noticiaempauta.com\/portal\/pt-e-mdb-fazem-convite-para-convencao-partidaria-em-massape-do-piaui\/#primaryimage\",\"url\":\"https:\/\/noticiaempauta.com\/portal\/wp-content\/uploads\/2024\/07\/IMG_3047.jpeg\",\"contentUrl\":\"https:\/\/noticiaempauta.com\/portal\/wp-content\/uploads\/2024\/07\/IMG_3047.jpeg\",\"width\":770,\"height\":398},{\"@type\":\"BreadcrumbList\",\"@id\":\"https:\/\/noticiaempauta.com\/portal\/pt-e-mdb-fazem-convite-para-convencao-partidaria-em-massape-do-piaui\/#breadcrumb\",\"itemListElement\":[{\"@type\":\"ListItem\",\"position\":1,\"name\":\"P\u00e1gina Inicial\",\"item\":\"https:\/\/noticiaempauta.com\/portal\/\"},{\"@type\":\"ListItem\",\"position\":2,\"name\":\"Destaques\",\"item\":\"https:\/\/noticiaempauta.com\/portal\/destaques-site\/\"},{\"@type\":\"ListItem\",\"position\":3,\"name\":\"PT e MDB fazem convite para Conven\u00e7\u00e3o Partid\u00e1ria em Massap\u00ea do Piau\u00ed\"}]},{\"@type\":\"WebSite\",\"@id\":\"https:\/\/noticiaempauta.com\/portal\/#website\",\"url\":\"https:\/\/noticiaempauta.com\/portal\/\",\"name\":\"Portal Not\u00edcia em Pauta\",\"description\":\"Voc\u00ea bem informado\",\"publisher\":{\"@id\":\"https:\/\/noticiaempauta.com\/portal\/#organization\"},\"potentialAction\":[{\"@type\":\"SearchAction\",\"target\":{\"@type\":\"EntryPoint\",\"urlTemplate\":\"https:\/\/noticiaempauta.com\/portal\/?s={search_term_string}\"},\"query-input\":{\"@type\":\"PropertyValueSpecification\",\"valueRequired\":true,\"valueName\":\"search_term_string\"}}],\"inLanguage\":\"pt-BR\"},{\"@type\":\"Organization\",\"@id\":\"https:\/\/noticiaempauta.com\/portal\/#organization\",\"name\":\"Portal Not\u00edcia em Pauta\",\"url\":\"https:\/\/noticiaempauta.com\/portal\/\",\"logo\":{\"@type\":\"ImageObject\",\"inLanguage\":\"pt-BR\",\"@id\":\"https:\/\/noticiaempauta.com\/portal\/#\/schema\/logo\/image\/\",\"url\":\"https:\/\/noticiaempauta.com\/portal\/wp-content\/uploads\/2022\/08\/logomarca_tema.fw_.png\",\"contentUrl\":\"https:\/\/noticiaempauta.com\/portal\/wp-content\/uploads\/2022\/08\/logomarca_tema.fw_.png\",\"width\":400,\"height\":232,\"caption\":\"Portal Not\u00edcia em Pauta\"},\"image\":{\"@id\":\"https:\/\/noticiaempauta.com\/portal\/#\/schema\/logo\/image\/\"},\"sameAs\":[\"https:\/\/www.facebook.com\/Portal-Notcia-Em-Pauta-102292869264820\/\",\"https:\/\/www.instagram.com\/portalnoticiaempauta\/\"]},{\"@type\":\"Person\",\"@id\":\"https:\/\/noticiaempauta.com\/portal\/#\/schema\/person\/a74af43dd1ab3deca45f988c717d57ac\",\"name\":\"Reda\u00e7\u00e3o\",\"image\":{\"@type\":\"ImageObject\",\"inLanguage\":\"pt-BR\",\"@id\":\"https:\/\/noticiaempauta.com\/portal\/#\/schema\/person\/image\/\",\"url\":\"https:\/\/secure.gravatar.com\/avatar\/03179346ecce6cdfc13361603e8f54242a90e5cde8618fa23c5c00aa2b0aadf3?s=96&d=mm&r=g\",\"contentUrl\":\"https:\/\/secure.gravatar.com\/avatar\/03179346ecce6cdfc13361603e8f54242a90e5cde8618fa23c5c00aa2b0aadf3?s=96&d=mm&r=g\",\"caption\":\"Reda\u00e7\u00e3o\"},\"sameAs\":[\"https:\/\/noticiaempauta.com\/portal\/\"],\"url\":\"https:\/\/noticiaempauta.com\/portal\/author\/fernando\/\"}]}<\/script>\n<!-- \/ Yoast SEO Premium plugin. -->","yoast_head_json":{"title":"PT e MDB fazem convite para Conven\u00e7\u00e3o Partid\u00e1ria em Massap\u00ea do Piau\u00ed - Portal Not\u00edcia em Pauta","robots":{"index":"index","follow":"follow","max-snippet":"max-snippet:-1","max-image-preview":"max-image-preview:large","max-video-preview":"max-video-preview:-1"},"canonical":"https:\/\/noticiaempauta.com\/portal\/pt-e-mdb-fazem-convite-para-convencao-partidaria-em-massape-do-piaui\/","og_locale":"pt_BR","og_type":"article","og_title":"PT e MDB fazem convite para Conven\u00e7\u00e3o Partid\u00e1ria em Massap\u00ea do Piau\u00ed","og_description":"O diret\u00f3rio do partido dos trabalhadores (PT ) de Massap\u00ea do Piau\u00ed e da FE- Brasil da Esperan\u00e7a representado pelo Presidente do Diret\u00f3rio Municipal, Gustavo Alves Marreiros, e o Movimento Democr\u00e1tico Brasileiro (MDB), representado pela Presidente do Diret\u00f3rio Municipal Simone Neusa Teles Costa, convocam todos os filiados e filiadas para a Conven\u00e7\u00e3o Municipal em Massap\u00ea [&hellip;]","og_url":"https:\/\/noticiaempauta.com\/portal\/pt-e-mdb-fazem-convite-para-convencao-partidaria-em-massape-do-piaui\/","og_site_name":"Portal Not\u00edcia em Pauta","article_publisher":"https:\/\/www.facebook.com\/Portal-Notcia-Em-Pauta-102292869264820\/","article_published_time":"2024-07-13T12:15:21+00:00","article_modified_time":"2024-07-13T12:15:22+00:00","og_image":[{"width":770,"height":398,"url":"https:\/\/noticiaempauta.com\/portal\/wp-content\/uploads\/2024\/07\/IMG_3047.jpeg","type":"image\/jpeg"}],"author":"Reda\u00e7\u00e3o","twitter_card":"summary_large_image","twitter_misc":{"Escrito por":"Reda\u00e7\u00e3o","Est. tempo de leitura":"2 minutos"},"schema":{"@context":"https:\/\/schema.org","@graph":[{"@type":"Article","@id":"https:\/\/noticiaempauta.com\/portal\/pt-e-mdb-fazem-convite-para-convencao-partidaria-em-massape-do-piaui\/#article","isPartOf":{"@id":"https:\/\/noticiaempauta.com\/portal\/pt-e-mdb-fazem-convite-para-convencao-partidaria-em-massape-do-piaui\/"},"author":{"name":"Reda\u00e7\u00e3o","@id":"https:\/\/noticiaempauta.com\/portal\/#\/schema\/person\/a74af43dd1ab3deca45f988c717d57ac"},"headline":"PT e MDB fazem convite para Conven\u00e7\u00e3o Partid\u00e1ria em Massap\u00ea do Piau\u00ed","datePublished":"2024-07-13T12:15:21+00:00","dateModified":"2024-07-13T12:15:22+00:00","mainEntityOfPage":{"@id":"https:\/\/noticiaempauta.com\/portal\/pt-e-mdb-fazem-convite-para-convencao-partidaria-em-massape-do-piaui\/"},"wordCount":181,"commentCount":0,"publisher":{"@id":"https:\/\/noticiaempauta.com\/portal\/#organization"},"image":{"@id":"https:\/\/noticiaempauta.com\/portal\/pt-e-mdb-fazem-convite-para-convencao-partidaria-em-massape-do-piaui\/#primaryimage"},"thumbnailUrl":"https:\/\/noticiaempauta.com\/portal\/wp-content\/uploads\/2024\/07\/IMG_3047.jpeg","keywords":["destaqueprincipal"],"articleSection":["Destaques","Pol\u00edtica"],"inLanguage":"pt-BR","potentialAction":[{"@type":"CommentAction","name":"Comment","target":["https:\/\/noticiaempauta.com\/portal\/pt-e-mdb-fazem-convite-para-convencao-partidaria-em-massape-do-piaui\/#respond"]}]},{"@type":"WebPage","@id":"https:\/\/noticiaempauta.com\/portal\/pt-e-mdb-fazem-convite-para-convencao-partidaria-em-massape-do-piaui\/","url":"https:\/\/noticiaempauta.com\/portal\/pt-e-mdb-fazem-convite-para-convencao-partidaria-em-massape-do-piaui\/","name":"PT e MDB fazem convite para Conven\u00e7\u00e3o Partid\u00e1ria em Massap\u00ea do Piau\u00ed - Portal Not\u00edcia em Pauta","isPartOf":{"@id":"https:\/\/noticiaempauta.com\/portal\/#website"},"primaryImageOfPage":{"@id":"https:\/\/noticiaempauta.com\/portal\/pt-e-mdb-fazem-convite-para-convencao-partidaria-em-massape-do-piaui\/#primaryimage"},"image":{"@id":"https:\/\/noticiaempauta.com\/portal\/pt-e-mdb-fazem-convite-para-convencao-partidaria-em-massape-do-piaui\/#primaryimage"},"thumbnailUrl":"https:\/\/noticiaempauta.com\/portal\/wp-content\/uploads\/2024\/07\/IMG_3047.jpeg","datePublished":"2024-07-13T12:15:21+00:00","dateModified":"2024-07-13T12:15:22+00:00","breadcrumb":{"@id":"https:\/\/noticiaempauta.com\/portal\/pt-e-mdb-fazem-convite-para-convencao-partidaria-em-massape-do-piaui\/#breadcrumb"},"inLanguage":"pt-BR","potentialAction":[{"@type":"ReadAction","target":["https:\/\/noticiaempauta.com\/portal\/pt-e-mdb-fazem-convite-para-convencao-partidaria-em-massape-do-piaui\/"]}]},{"@type":"ImageObject","inLanguage":"pt-BR","@id":"https:\/\/noticiaempauta.com\/portal\/pt-e-mdb-fazem-convite-para-convencao-partidaria-em-massape-do-piaui\/#primaryimage","url":"https:\/\/noticiaempauta.com\/portal\/wp-content\/uploads\/2024\/07\/IMG_3047.jpeg","contentUrl":"https:\/\/noticiaempauta.com\/portal\/wp-content\/uploads\/2024\/07\/IMG_3047.jpeg","width":770,"height":398},{"@type":"BreadcrumbList","@id":"https:\/\/noticiaempauta.com\/portal\/pt-e-mdb-fazem-convite-para-convencao-partidaria-em-massape-do-piaui\/#breadcrumb","itemListElement":[{"@type":"ListItem","position":1,"name":"P\u00e1gina Inicial","item":"https:\/\/noticiaempauta.com\/portal\/"},{"@type":"ListItem","position":2,"name":"Destaques","item":"https:\/\/noticiaempauta.com\/portal\/destaques-site\/"},{"@type":"ListItem","position":3,"name":"PT e MDB fazem convite para Conven\u00e7\u00e3o Partid\u00e1ria em Massap\u00ea do Piau\u00ed"}]},{"@type":"WebSite","@id":"https:\/\/noticiaempauta.com\/portal\/#website","url":"https:\/\/noticiaempauta.com\/portal\/","name":"Portal Not\u00edcia em Pauta","description":"Voc\u00ea bem informado","publisher":{"@id":"https:\/\/noticiaempauta.com\/portal\/#organization"},"potentialAction":[{"@type":"SearchAction","target":{"@type":"EntryPoint","urlTemplate":"https:\/\/noticiaempauta.com\/portal\/?s={search_term_string}"},"query-input":{"@type":"PropertyValueSpecification","valueRequired":true,"valueName":"search_term_string"}}],"inLanguage":"pt-BR"},{"@type":"Organization","@id":"https:\/\/noticiaempauta.com\/portal\/#organization","name":"Portal Not\u00edcia em Pauta","url":"https:\/\/noticiaempauta.com\/portal\/","logo":{"@type":"ImageObject","inLanguage":"pt-BR","@id":"https:\/\/noticiaempauta.com\/portal\/#\/schema\/logo\/image\/","url":"https:\/\/noticiaempauta.com\/portal\/wp-content\/uploads\/2022\/08\/logomarca_tema.fw_.png","contentUrl":"https:\/\/noticiaempauta.com\/portal\/wp-content\/uploads\/2022\/08\/logomarca_tema.fw_.png","width":400,"height":232,"caption":"Portal Not\u00edcia em Pauta"},"image":{"@id":"https:\/\/noticiaempauta.com\/portal\/#\/schema\/logo\/image\/"},"sameAs":["https:\/\/www.facebook.com\/Portal-Notcia-Em-Pauta-102292869264820\/","https:\/\/www.instagram.com\/portalnoticiaempauta\/"]},{"@type":"Person","@id":"https:\/\/noticiaempauta.com\/portal\/#\/schema\/person\/a74af43dd1ab3deca45f988c717d57ac","name":"Reda\u00e7\u00e3o","image":{"@type":"ImageObject","inLanguage":"pt-BR","@id":"https:\/\/noticiaempauta.com\/portal\/#\/schema\/person\/image\/","url":"https:\/\/secure.gravatar.com\/avatar\/03179346ecce6cdfc13361603e8f54242a90e5cde8618fa23c5c00aa2b0aadf3?s=96&d=mm&r=g","contentUrl":"https:\/\/secure.gravatar.com\/avatar\/03179346ecce6cdfc13361603e8f54242a90e5cde8618fa23c5c00aa2b0aadf3?s=96&d=mm&r=g","caption":"Reda\u00e7\u00e3o"},"sameAs":["https:\/\/noticiaempauta.com\/portal\/"],"url":"https:\/\/noticiaempauta.com\/portal\/author\/fernando\/"}]}},"_links":{"self":[{"href":"https:\/\/noticiaempauta.com\/portal\/wp-json\/wp\/v2\/posts\/259719","targetHints":{"allow":["GET"]}}],"collection":[{"href":"https:\/\/noticiaempauta.com\/portal\/wp-json\/wp\/v2\/posts"}],"about":[{"href":"https:\/\/noticiaempauta.com\/portal\/wp-json\/wp\/v2\/types\/post"}],"author":[{"embeddable":true,"href":"https:\/\/noticiaempauta.com\/portal\/wp-json\/wp\/v2\/users\/2"}],"replies":[{"embeddable":true,"href":"https:\/\/noticiaempauta.com\/portal\/wp-json\/wp\/v2\/comments?post=259719"}],"version-history":[{"count":2,"href":"https:\/\/noticiaempauta.com\/portal\/wp-json\/wp\/v2\/posts\/259719\/revisions"}],"predecessor-version":[{"id":259726,"href":"https:\/\/noticiaempauta.com\/portal\/wp-json\/wp\/v2\/posts\/259719\/revisions\/259726"}],"wp:featuredmedia":[{"embeddable":true,"href":"https:\/\/noticiaempauta.com\/portal\/wp-json\/wp\/v2\/media\/259723"}],"wp:attachment":[{"href":"https:\/\/noticiaempauta.com\/portal\/wp-json\/wp\/v2\/media?parent=259719"}],"wp:term":[{"taxonomy":"category","embeddable":true,"href":"https:\/\/noticiaempauta.com\/portal\/wp-json\/wp\/v2\/categories?post=259719"},{"taxonomy":"post_tag","embeddable":true,"href":"https:\/\/noticiaempauta.com\/portal\/wp-json\/wp\/v2\/tags?post=259719"}],"curies":[{"name":"wp","href":"https:\/\/api.w.org\/{rel}","templated":true}]}}