{"id":259727,"date":"2024-07-13T09:37:29","date_gmt":"2024-07-13T12:37:29","guid":{"rendered":"https:\/\/noticiaempauta.com\/portal\/?p=259727"},"modified":"2024-07-13T11:00:15","modified_gmt":"2024-07-13T14:00:15","slug":"santana-do-piaui-camara-municipal-realiza-sessao-ordinaria-e-entra-em-recesso-legislativo","status":"publish","type":"post","link":"https:\/\/noticiaempauta.com\/portal\/santana-do-piaui-camara-municipal-realiza-sessao-ordinaria-e-entra-em-recesso-legislativo\/","title":{"rendered":"Santana do Piau\u00ed | C\u00e2mara Municipal realiza sess\u00e3o ordin\u00e1ria e entra em recesso legislativo"},"content":{"rendered":"\n<p>A c\u00e2mara municipal de Santana do Piau\u00ed realizou na noite desta sexta-feira (12) sess\u00e3o ordin\u00e1ria, encerrando os trabalhos do primeiro semestre legislativo, que foi presidida pela presidente da casa, vereadora Clarete Rab\u00ealo, onde tinha como pauta assuntos administrativos do Poder Legislativo santanense, fechamento das pautas e an\u00fancio do recesso legislativo que segue at\u00e9 05 de agosto.<\/p>\n\n\n\n<figure class=\"wp-block-image size-large\"><img fetchpriority=\"high\" decoding=\"async\" width=\"1024\" height=\"768\" src=\"https:\/\/noticiaempauta.com\/portal\/wp-content\/uploads\/2024\/07\/IMG_3017-1024x768.jpeg\" alt=\"\" class=\"wp-image-259729\" srcset=\"https:\/\/noticiaempauta.com\/portal\/wp-content\/uploads\/2024\/07\/IMG_3017-1024x768.jpeg 1024w, https:\/\/noticiaempauta.com\/portal\/wp-content\/uploads\/2024\/07\/IMG_3017-300x225.jpeg 300w, https:\/\/noticiaempauta.com\/portal\/wp-content\/uploads\/2024\/07\/IMG_3017-768x576.jpeg 768w, https:\/\/noticiaempauta.com\/portal\/wp-content\/uploads\/2024\/07\/IMG_3017-1536x1152.jpeg 1536w, https:\/\/noticiaempauta.com\/portal\/wp-content\/uploads\/2024\/07\/IMG_3017-2048x1536.jpeg 2048w\" sizes=\"(max-width: 1024px) 100vw, 1024px\" \/><\/figure>\n\n\n\n<p>Em um breve pronunciamento na tribuna da C\u00e2mara, a vereadora Clarete Rab\u00ealo apresentou aos demais colegas de bancadas a sua presta\u00e7\u00e3o de contas do primeiro semestre, onde destacou as conquistas do legislativo.<\/p>\n\n\n\n<figure class=\"wp-block-image size-large\"><img decoding=\"async\" width=\"1024\" height=\"768\" src=\"https:\/\/noticiaempauta.com\/portal\/wp-content\/uploads\/2024\/07\/IMG_3028-1024x768.jpeg\" alt=\"\" class=\"wp-image-259728\" srcset=\"https:\/\/noticiaempauta.com\/portal\/wp-content\/uploads\/2024\/07\/IMG_3028-1024x768.jpeg 1024w, https:\/\/noticiaempauta.com\/portal\/wp-content\/uploads\/2024\/07\/IMG_3028-300x225.jpeg 300w, https:\/\/noticiaempauta.com\/portal\/wp-content\/uploads\/2024\/07\/IMG_3028-768x576.jpeg 768w, https:\/\/noticiaempauta.com\/portal\/wp-content\/uploads\/2024\/07\/IMG_3028-1536x1152.jpeg 1536w, https:\/\/noticiaempauta.com\/portal\/wp-content\/uploads\/2024\/07\/IMG_3028-2048x1536.jpeg 2048w\" sizes=\"(max-width: 1024px) 100vw, 1024px\" \/><\/figure>\n\n\n\n<p>\u201cQuando assumi a presid\u00eancia da C\u00e2mara em janeiro desse ano, percebi que no recinto, tanto a parte estrutural como alguns objetos e utens\u00edlios precisavam de manuten\u00e7\u00f5es, e para dar um certo conforto no nosso ambiente de trabalho e durante as sess\u00f5es, fizemos algumas melhorias aqui na casa do povo\u201d, disse ela.<\/p>\n\n\n\n<p>Dentre as melhorias a parlamentar destacou a revitaliza\u00e7\u00e3o da faixada da frente da C\u00e2mara, colocando a placa luminosa e pel\u00edculas nas portar, essa para tentar amenizar o aquecimento no interior do recinto, foi feito tamb\u00e9m a pintura interna e externa do Poder Legislativo, foi colocando um novo piso e tamb\u00e9m novos aparelhos, al\u00e9m de adquirir material para a instala\u00e7\u00e3o de uma cozinha.<\/p>\n\n\n\n<figure class=\"wp-block-image size-large\"><img decoding=\"async\" width=\"1024\" height=\"768\" src=\"https:\/\/noticiaempauta.com\/portal\/wp-content\/uploads\/2024\/07\/IMG_3023-1024x768.jpeg\" alt=\"\" class=\"wp-image-259730\" srcset=\"https:\/\/noticiaempauta.com\/portal\/wp-content\/uploads\/2024\/07\/IMG_3023-1024x768.jpeg 1024w, https:\/\/noticiaempauta.com\/portal\/wp-content\/uploads\/2024\/07\/IMG_3023-300x225.jpeg 300w, https:\/\/noticiaempauta.com\/portal\/wp-content\/uploads\/2024\/07\/IMG_3023-768x576.jpeg 768w, https:\/\/noticiaempauta.com\/portal\/wp-content\/uploads\/2024\/07\/IMG_3023-1536x1152.jpeg 1536w, https:\/\/noticiaempauta.com\/portal\/wp-content\/uploads\/2024\/07\/IMG_3023-2048x1536.jpeg 2048w\" sizes=\"(max-width: 1024px) 100vw, 1024px\" \/><\/figure>\n\n\n\n<p>Ainda segundo Clarete Rab\u00ealo, foi feita tamb\u00e9m a revitaliza\u00e7\u00e3o das cadeiras dos parlamentares, a manuten\u00e7\u00f5es nas centrais de ar e reparos na motocicleta da C\u00e2mara, bem como a aquisi\u00e7\u00e3o de um notebook.<\/p>\n\n\n\n<p><\/p>\n\n\n\n<p><\/p>\n","protected":false},"excerpt":{"rendered":"<p>A c\u00e2mara municipal de Santana do Piau\u00ed realizou na noite desta sexta-feira (12) sess\u00e3o ordin\u00e1ria, encerrando os trabalhos do primeiro semestre legislativo, que foi presidida pela presidente da casa, vereadora Clarete Rab\u00ealo, onde tinha como pauta assuntos administrativos do Poder Legislativo santanense, fechamento das pautas e an\u00fancio do recesso legislativo que segue at\u00e9 05 de [&hellip;]<\/p>\n","protected":false},"author":2,"featured_media":259729,"comment_status":"open","ping_status":"open","sticky":false,"template":"","format":"standard","meta":{"_mi_skip_tracking":false,"footnotes":""},"categories":[25,1,9,16],"tags":[192],"class_list":["post-259727","post","type-post","status-publish","format-standard","has-post-thumbnail","hentry","category-destaques-site","category-geral","category-municipios","category-todas","tag-destaqueprincipal"],"acf":[],"yoast_head":"<!-- This site is optimized with the Yoast SEO Premium plugin v19.2 (Yoast SEO v26.9) - https:\/\/yoast.com\/product\/yoast-seo-premium-wordpress\/ -->\n<title>Santana do Piau\u00ed | C\u00e2mara Municipal realiza sess\u00e3o ordin\u00e1ria e entra em recesso legislativo - Portal Not\u00edcia em Pauta<\/title>\n<meta name=\"robots\" content=\"index, follow, max-snippet:-1, max-image-preview:large, max-video-preview:-1\" \/>\n<link rel=\"canonical\" href=\"https:\/\/noticiaempauta.com\/portal\/santana-do-piaui-camara-municipal-realiza-sessao-ordinaria-e-entra-em-recesso-legislativo\/\" \/>\n<meta property=\"og:locale\" content=\"pt_BR\" \/>\n<meta property=\"og:type\" content=\"article\" \/>\n<meta property=\"og:title\" content=\"Santana do Piau\u00ed | C\u00e2mara Municipal realiza sess\u00e3o ordin\u00e1ria e entra em recesso legislativo\" \/>\n<meta property=\"og:description\" content=\"A c\u00e2mara municipal de Santana do Piau\u00ed realizou na noite desta sexta-feira (12) sess\u00e3o ordin\u00e1ria, encerrando os trabalhos do primeiro semestre legislativo, que foi presidida pela presidente da casa, vereadora Clarete Rab\u00ealo, onde tinha como pauta assuntos administrativos do Poder Legislativo santanense, fechamento das pautas e an\u00fancio do recesso legislativo que segue at\u00e9 05 de [&hellip;]\" \/>\n<meta property=\"og:url\" content=\"https:\/\/noticiaempauta.com\/portal\/santana-do-piaui-camara-municipal-realiza-sessao-ordinaria-e-entra-em-recesso-legislativo\/\" \/>\n<meta property=\"og:site_name\" content=\"Portal Not\u00edcia em Pauta\" \/>\n<meta property=\"article:publisher\" content=\"https:\/\/www.facebook.com\/Portal-Notcia-Em-Pauta-102292869264820\/\" \/>\n<meta property=\"article:published_time\" content=\"2024-07-13T12:37:29+00:00\" \/>\n<meta property=\"article:modified_time\" content=\"2024-07-13T14:00:15+00:00\" \/>\n<meta property=\"og:image\" content=\"https:\/\/noticiaempauta.com\/portal\/wp-content\/uploads\/2024\/07\/IMG_3017-scaled.jpeg\" \/>\n\t<meta property=\"og:image:width\" content=\"2560\" \/>\n\t<meta property=\"og:image:height\" content=\"1920\" \/>\n\t<meta property=\"og:image:type\" content=\"image\/jpeg\" \/>\n<meta name=\"author\" content=\"Reda\u00e7\u00e3o\" \/>\n<meta name=\"twitter:card\" content=\"summary_large_image\" \/>\n<meta name=\"twitter:label1\" content=\"Escrito por\" \/>\n\t<meta name=\"twitter:data1\" content=\"Reda\u00e7\u00e3o\" \/>\n\t<meta name=\"twitter:label2\" content=\"Est. tempo de leitura\" \/>\n\t<meta name=\"twitter:data2\" content=\"3 minutos\" \/>\n<script type=\"application\/ld+json\" class=\"yoast-schema-graph\">{\"@context\":\"https:\/\/schema.org\",\"@graph\":[{\"@type\":\"Article\",\"@id\":\"https:\/\/noticiaempauta.com\/portal\/santana-do-piaui-camara-municipal-realiza-sessao-ordinaria-e-entra-em-recesso-legislativo\/#article\",\"isPartOf\":{\"@id\":\"https:\/\/noticiaempauta.com\/portal\/santana-do-piaui-camara-municipal-realiza-sessao-ordinaria-e-entra-em-recesso-legislativo\/\"},\"author\":{\"name\":\"Reda\u00e7\u00e3o\",\"@id\":\"https:\/\/noticiaempauta.com\/portal\/#\/schema\/person\/a74af43dd1ab3deca45f988c717d57ac\"},\"headline\":\"Santana do Piau\u00ed | C\u00e2mara Municipal realiza sess\u00e3o ordin\u00e1ria e entra em recesso legislativo\",\"datePublished\":\"2024-07-13T12:37:29+00:00\",\"dateModified\":\"2024-07-13T14:00:15+00:00\",\"mainEntityOfPage\":{\"@id\":\"https:\/\/noticiaempauta.com\/portal\/santana-do-piaui-camara-municipal-realiza-sessao-ordinaria-e-entra-em-recesso-legislativo\/\"},\"wordCount\":273,\"commentCount\":0,\"publisher\":{\"@id\":\"https:\/\/noticiaempauta.com\/portal\/#organization\"},\"image\":{\"@id\":\"https:\/\/noticiaempauta.com\/portal\/santana-do-piaui-camara-municipal-realiza-sessao-ordinaria-e-entra-em-recesso-legislativo\/#primaryimage\"},\"thumbnailUrl\":\"https:\/\/noticiaempauta.com\/portal\/wp-content\/uploads\/2024\/07\/IMG_3017-scaled.jpeg\",\"keywords\":[\"destaqueprincipal\"],\"articleSection\":[\"Destaques\",\"Geral\",\"Munic\u00edpios\",\"Todas as Not\u00edcias\"],\"inLanguage\":\"pt-BR\",\"potentialAction\":[{\"@type\":\"CommentAction\",\"name\":\"Comment\",\"target\":[\"https:\/\/noticiaempauta.com\/portal\/santana-do-piaui-camara-municipal-realiza-sessao-ordinaria-e-entra-em-recesso-legislativo\/#respond\"]}]},{\"@type\":\"WebPage\",\"@id\":\"https:\/\/noticiaempauta.com\/portal\/santana-do-piaui-camara-municipal-realiza-sessao-ordinaria-e-entra-em-recesso-legislativo\/\",\"url\":\"https:\/\/noticiaempauta.com\/portal\/santana-do-piaui-camara-municipal-realiza-sessao-ordinaria-e-entra-em-recesso-legislativo\/\",\"name\":\"Santana do Piau\u00ed | C\u00e2mara Municipal realiza sess\u00e3o ordin\u00e1ria e entra em recesso legislativo - Portal Not\u00edcia em Pauta\",\"isPartOf\":{\"@id\":\"https:\/\/noticiaempauta.com\/portal\/#website\"},\"primaryImageOfPage\":{\"@id\":\"https:\/\/noticiaempauta.com\/portal\/santana-do-piaui-camara-municipal-realiza-sessao-ordinaria-e-entra-em-recesso-legislativo\/#primaryimage\"},\"image\":{\"@id\":\"https:\/\/noticiaempauta.com\/portal\/santana-do-piaui-camara-municipal-realiza-sessao-ordinaria-e-entra-em-recesso-legislativo\/#primaryimage\"},\"thumbnailUrl\":\"https:\/\/noticiaempauta.com\/portal\/wp-content\/uploads\/2024\/07\/IMG_3017-scaled.jpeg\",\"datePublished\":\"2024-07-13T12:37:29+00:00\",\"dateModified\":\"2024-07-13T14:00:15+00:00\",\"breadcrumb\":{\"@id\":\"https:\/\/noticiaempauta.com\/portal\/santana-do-piaui-camara-municipal-realiza-sessao-ordinaria-e-entra-em-recesso-legislativo\/#breadcrumb\"},\"inLanguage\":\"pt-BR\",\"potentialAction\":[{\"@type\":\"ReadAction\",\"target\":[\"https:\/\/noticiaempauta.com\/portal\/santana-do-piaui-camara-municipal-realiza-sessao-ordinaria-e-entra-em-recesso-legislativo\/\"]}]},{\"@type\":\"ImageObject\",\"inLanguage\":\"pt-BR\",\"@id\":\"https:\/\/noticiaempauta.com\/portal\/santana-do-piaui-camara-municipal-realiza-sessao-ordinaria-e-entra-em-recesso-legislativo\/#primaryimage\",\"url\":\"https:\/\/noticiaempauta.com\/portal\/wp-content\/uploads\/2024\/07\/IMG_3017-scaled.jpeg\",\"contentUrl\":\"https:\/\/noticiaempauta.com\/portal\/wp-content\/uploads\/2024\/07\/IMG_3017-scaled.jpeg\",\"width\":2560,\"height\":1920},{\"@type\":\"BreadcrumbList\",\"@id\":\"https:\/\/noticiaempauta.com\/portal\/santana-do-piaui-camara-municipal-realiza-sessao-ordinaria-e-entra-em-recesso-legislativo\/#breadcrumb\",\"itemListElement\":[{\"@type\":\"ListItem\",\"position\":1,\"name\":\"P\u00e1gina Inicial\",\"item\":\"https:\/\/noticiaempauta.com\/portal\/\"},{\"@type\":\"ListItem\",\"position\":2,\"name\":\"Destaques\",\"item\":\"https:\/\/noticiaempauta.com\/portal\/destaques-site\/\"},{\"@type\":\"ListItem\",\"position\":3,\"name\":\"Santana do Piau\u00ed | C\u00e2mara Municipal realiza sess\u00e3o ordin\u00e1ria e entra em recesso legislativo\"}]},{\"@type\":\"WebSite\",\"@id\":\"https:\/\/noticiaempauta.com\/portal\/#website\",\"url\":\"https:\/\/noticiaempauta.com\/portal\/\",\"name\":\"Portal Not\u00edcia em Pauta\",\"description\":\"Voc\u00ea bem informado\",\"publisher\":{\"@id\":\"https:\/\/noticiaempauta.com\/portal\/#organization\"},\"potentialAction\":[{\"@type\":\"SearchAction\",\"target\":{\"@type\":\"EntryPoint\",\"urlTemplate\":\"https:\/\/noticiaempauta.com\/portal\/?s={search_term_string}\"},\"query-input\":{\"@type\":\"PropertyValueSpecification\",\"valueRequired\":true,\"valueName\":\"search_term_string\"}}],\"inLanguage\":\"pt-BR\"},{\"@type\":\"Organization\",\"@id\":\"https:\/\/noticiaempauta.com\/portal\/#organization\",\"name\":\"Portal Not\u00edcia em Pauta\",\"url\":\"https:\/\/noticiaempauta.com\/portal\/\",\"logo\":{\"@type\":\"ImageObject\",\"inLanguage\":\"pt-BR\",\"@id\":\"https:\/\/noticiaempauta.com\/portal\/#\/schema\/logo\/image\/\",\"url\":\"https:\/\/noticiaempauta.com\/portal\/wp-content\/uploads\/2022\/08\/logomarca_tema.fw_.png\",\"contentUrl\":\"https:\/\/noticiaempauta.com\/portal\/wp-content\/uploads\/2022\/08\/logomarca_tema.fw_.png\",\"width\":400,\"height\":232,\"caption\":\"Portal Not\u00edcia em Pauta\"},\"image\":{\"@id\":\"https:\/\/noticiaempauta.com\/portal\/#\/schema\/logo\/image\/\"},\"sameAs\":[\"https:\/\/www.facebook.com\/Portal-Notcia-Em-Pauta-102292869264820\/\",\"https:\/\/www.instagram.com\/portalnoticiaempauta\/\"]},{\"@type\":\"Person\",\"@id\":\"https:\/\/noticiaempauta.com\/portal\/#\/schema\/person\/a74af43dd1ab3deca45f988c717d57ac\",\"name\":\"Reda\u00e7\u00e3o\",\"image\":{\"@type\":\"ImageObject\",\"inLanguage\":\"pt-BR\",\"@id\":\"https:\/\/noticiaempauta.com\/portal\/#\/schema\/person\/image\/\",\"url\":\"https:\/\/secure.gravatar.com\/avatar\/03179346ecce6cdfc13361603e8f54242a90e5cde8618fa23c5c00aa2b0aadf3?s=96&d=mm&r=g\",\"contentUrl\":\"https:\/\/secure.gravatar.com\/avatar\/03179346ecce6cdfc13361603e8f54242a90e5cde8618fa23c5c00aa2b0aadf3?s=96&d=mm&r=g\",\"caption\":\"Reda\u00e7\u00e3o\"},\"sameAs\":[\"https:\/\/noticiaempauta.com\/portal\/\"],\"url\":\"https:\/\/noticiaempauta.com\/portal\/author\/fernando\/\"}]}<\/script>\n<!-- \/ Yoast SEO Premium plugin. -->","yoast_head_json":{"title":"Santana do Piau\u00ed | C\u00e2mara Municipal realiza sess\u00e3o ordin\u00e1ria e entra em recesso legislativo - Portal Not\u00edcia em Pauta","robots":{"index":"index","follow":"follow","max-snippet":"max-snippet:-1","max-image-preview":"max-image-preview:large","max-video-preview":"max-video-preview:-1"},"canonical":"https:\/\/noticiaempauta.com\/portal\/santana-do-piaui-camara-municipal-realiza-sessao-ordinaria-e-entra-em-recesso-legislativo\/","og_locale":"pt_BR","og_type":"article","og_title":"Santana do Piau\u00ed | C\u00e2mara Municipal realiza sess\u00e3o ordin\u00e1ria e entra em recesso legislativo","og_description":"A c\u00e2mara municipal de Santana do Piau\u00ed realizou na noite desta sexta-feira (12) sess\u00e3o ordin\u00e1ria, encerrando os trabalhos do primeiro semestre legislativo, que foi presidida pela presidente da casa, vereadora Clarete Rab\u00ealo, onde tinha como pauta assuntos administrativos do Poder Legislativo santanense, fechamento das pautas e an\u00fancio do recesso legislativo que segue at\u00e9 05 de [&hellip;]","og_url":"https:\/\/noticiaempauta.com\/portal\/santana-do-piaui-camara-municipal-realiza-sessao-ordinaria-e-entra-em-recesso-legislativo\/","og_site_name":"Portal Not\u00edcia em Pauta","article_publisher":"https:\/\/www.facebook.com\/Portal-Notcia-Em-Pauta-102292869264820\/","article_published_time":"2024-07-13T12:37:29+00:00","article_modified_time":"2024-07-13T14:00:15+00:00","og_image":[{"width":2560,"height":1920,"url":"https:\/\/noticiaempauta.com\/portal\/wp-content\/uploads\/2024\/07\/IMG_3017-scaled.jpeg","type":"image\/jpeg"}],"author":"Reda\u00e7\u00e3o","twitter_card":"summary_large_image","twitter_misc":{"Escrito por":"Reda\u00e7\u00e3o","Est. tempo de leitura":"3 minutos"},"schema":{"@context":"https:\/\/schema.org","@graph":[{"@type":"Article","@id":"https:\/\/noticiaempauta.com\/portal\/santana-do-piaui-camara-municipal-realiza-sessao-ordinaria-e-entra-em-recesso-legislativo\/#article","isPartOf":{"@id":"https:\/\/noticiaempauta.com\/portal\/santana-do-piaui-camara-municipal-realiza-sessao-ordinaria-e-entra-em-recesso-legislativo\/"},"author":{"name":"Reda\u00e7\u00e3o","@id":"https:\/\/noticiaempauta.com\/portal\/#\/schema\/person\/a74af43dd1ab3deca45f988c717d57ac"},"headline":"Santana do Piau\u00ed | C\u00e2mara Municipal realiza sess\u00e3o ordin\u00e1ria e entra em recesso legislativo","datePublished":"2024-07-13T12:37:29+00:00","dateModified":"2024-07-13T14:00:15+00:00","mainEntityOfPage":{"@id":"https:\/\/noticiaempauta.com\/portal\/santana-do-piaui-camara-municipal-realiza-sessao-ordinaria-e-entra-em-recesso-legislativo\/"},"wordCount":273,"commentCount":0,"publisher":{"@id":"https:\/\/noticiaempauta.com\/portal\/#organization"},"image":{"@id":"https:\/\/noticiaempauta.com\/portal\/santana-do-piaui-camara-municipal-realiza-sessao-ordinaria-e-entra-em-recesso-legislativo\/#primaryimage"},"thumbnailUrl":"https:\/\/noticiaempauta.com\/portal\/wp-content\/uploads\/2024\/07\/IMG_3017-scaled.jpeg","keywords":["destaqueprincipal"],"articleSection":["Destaques","Geral","Munic\u00edpios","Todas as Not\u00edcias"],"inLanguage":"pt-BR","potentialAction":[{"@type":"CommentAction","name":"Comment","target":["https:\/\/noticiaempauta.com\/portal\/santana-do-piaui-camara-municipal-realiza-sessao-ordinaria-e-entra-em-recesso-legislativo\/#respond"]}]},{"@type":"WebPage","@id":"https:\/\/noticiaempauta.com\/portal\/santana-do-piaui-camara-municipal-realiza-sessao-ordinaria-e-entra-em-recesso-legislativo\/","url":"https:\/\/noticiaempauta.com\/portal\/santana-do-piaui-camara-municipal-realiza-sessao-ordinaria-e-entra-em-recesso-legislativo\/","name":"Santana do Piau\u00ed | C\u00e2mara Municipal realiza sess\u00e3o ordin\u00e1ria e entra em recesso legislativo - Portal Not\u00edcia em Pauta","isPartOf":{"@id":"https:\/\/noticiaempauta.com\/portal\/#website"},"primaryImageOfPage":{"@id":"https:\/\/noticiaempauta.com\/portal\/santana-do-piaui-camara-municipal-realiza-sessao-ordinaria-e-entra-em-recesso-legislativo\/#primaryimage"},"image":{"@id":"https:\/\/noticiaempauta.com\/portal\/santana-do-piaui-camara-municipal-realiza-sessao-ordinaria-e-entra-em-recesso-legislativo\/#primaryimage"},"thumbnailUrl":"https:\/\/noticiaempauta.com\/portal\/wp-content\/uploads\/2024\/07\/IMG_3017-scaled.jpeg","datePublished":"2024-07-13T12:37:29+00:00","dateModified":"2024-07-13T14:00:15+00:00","breadcrumb":{"@id":"https:\/\/noticiaempauta.com\/portal\/santana-do-piaui-camara-municipal-realiza-sessao-ordinaria-e-entra-em-recesso-legislativo\/#breadcrumb"},"inLanguage":"pt-BR","potentialAction":[{"@type":"ReadAction","target":["https:\/\/noticiaempauta.com\/portal\/santana-do-piaui-camara-municipal-realiza-sessao-ordinaria-e-entra-em-recesso-legislativo\/"]}]},{"@type":"ImageObject","inLanguage":"pt-BR","@id":"https:\/\/noticiaempauta.com\/portal\/santana-do-piaui-camara-municipal-realiza-sessao-ordinaria-e-entra-em-recesso-legislativo\/#primaryimage","url":"https:\/\/noticiaempauta.com\/portal\/wp-content\/uploads\/2024\/07\/IMG_3017-scaled.jpeg","contentUrl":"https:\/\/noticiaempauta.com\/portal\/wp-content\/uploads\/2024\/07\/IMG_3017-scaled.jpeg","width":2560,"height":1920},{"@type":"BreadcrumbList","@id":"https:\/\/noticiaempauta.com\/portal\/santana-do-piaui-camara-municipal-realiza-sessao-ordinaria-e-entra-em-recesso-legislativo\/#breadcrumb","itemListElement":[{"@type":"ListItem","position":1,"name":"P\u00e1gina Inicial","item":"https:\/\/noticiaempauta.com\/portal\/"},{"@type":"ListItem","position":2,"name":"Destaques","item":"https:\/\/noticiaempauta.com\/portal\/destaques-site\/"},{"@type":"ListItem","position":3,"name":"Santana do Piau\u00ed | C\u00e2mara Municipal realiza sess\u00e3o ordin\u00e1ria e entra em recesso legislativo"}]},{"@type":"WebSite","@id":"https:\/\/noticiaempauta.com\/portal\/#website","url":"https:\/\/noticiaempauta.com\/portal\/","name":"Portal Not\u00edcia em Pauta","description":"Voc\u00ea bem informado","publisher":{"@id":"https:\/\/noticiaempauta.com\/portal\/#organization"},"potentialAction":[{"@type":"SearchAction","target":{"@type":"EntryPoint","urlTemplate":"https:\/\/noticiaempauta.com\/portal\/?s={search_term_string}"},"query-input":{"@type":"PropertyValueSpecification","valueRequired":true,"valueName":"search_term_string"}}],"inLanguage":"pt-BR"},{"@type":"Organization","@id":"https:\/\/noticiaempauta.com\/portal\/#organization","name":"Portal Not\u00edcia em Pauta","url":"https:\/\/noticiaempauta.com\/portal\/","logo":{"@type":"ImageObject","inLanguage":"pt-BR","@id":"https:\/\/noticiaempauta.com\/portal\/#\/schema\/logo\/image\/","url":"https:\/\/noticiaempauta.com\/portal\/wp-content\/uploads\/2022\/08\/logomarca_tema.fw_.png","contentUrl":"https:\/\/noticiaempauta.com\/portal\/wp-content\/uploads\/2022\/08\/logomarca_tema.fw_.png","width":400,"height":232,"caption":"Portal Not\u00edcia em Pauta"},"image":{"@id":"https:\/\/noticiaempauta.com\/portal\/#\/schema\/logo\/image\/"},"sameAs":["https:\/\/www.facebook.com\/Portal-Notcia-Em-Pauta-102292869264820\/","https:\/\/www.instagram.com\/portalnoticiaempauta\/"]},{"@type":"Person","@id":"https:\/\/noticiaempauta.com\/portal\/#\/schema\/person\/a74af43dd1ab3deca45f988c717d57ac","name":"Reda\u00e7\u00e3o","image":{"@type":"ImageObject","inLanguage":"pt-BR","@id":"https:\/\/noticiaempauta.com\/portal\/#\/schema\/person\/image\/","url":"https:\/\/secure.gravatar.com\/avatar\/03179346ecce6cdfc13361603e8f54242a90e5cde8618fa23c5c00aa2b0aadf3?s=96&d=mm&r=g","contentUrl":"https:\/\/secure.gravatar.com\/avatar\/03179346ecce6cdfc13361603e8f54242a90e5cde8618fa23c5c00aa2b0aadf3?s=96&d=mm&r=g","caption":"Reda\u00e7\u00e3o"},"sameAs":["https:\/\/noticiaempauta.com\/portal\/"],"url":"https:\/\/noticiaempauta.com\/portal\/author\/fernando\/"}]}},"_links":{"self":[{"href":"https:\/\/noticiaempauta.com\/portal\/wp-json\/wp\/v2\/posts\/259727","targetHints":{"allow":["GET"]}}],"collection":[{"href":"https:\/\/noticiaempauta.com\/portal\/wp-json\/wp\/v2\/posts"}],"about":[{"href":"https:\/\/noticiaempauta.com\/portal\/wp-json\/wp\/v2\/types\/post"}],"author":[{"embeddable":true,"href":"https:\/\/noticiaempauta.com\/portal\/wp-json\/wp\/v2\/users\/2"}],"replies":[{"embeddable":true,"href":"https:\/\/noticiaempauta.com\/portal\/wp-json\/wp\/v2\/comments?post=259727"}],"version-history":[{"count":3,"href":"https:\/\/noticiaempauta.com\/portal\/wp-json\/wp\/v2\/posts\/259727\/revisions"}],"predecessor-version":[{"id":259733,"href":"https:\/\/noticiaempauta.com\/portal\/wp-json\/wp\/v2\/posts\/259727\/revisions\/259733"}],"wp:featuredmedia":[{"embeddable":true,"href":"https:\/\/noticiaempauta.com\/portal\/wp-json\/wp\/v2\/media\/259729"}],"wp:attachment":[{"href":"https:\/\/noticiaempauta.com\/portal\/wp-json\/wp\/v2\/media?parent=259727"}],"wp:term":[{"taxonomy":"category","embeddable":true,"href":"https:\/\/noticiaempauta.com\/portal\/wp-json\/wp\/v2\/categories?post=259727"},{"taxonomy":"post_tag","embeddable":true,"href":"https:\/\/noticiaempauta.com\/portal\/wp-json\/wp\/v2\/tags?post=259727"}],"curies":[{"name":"wp","href":"https:\/\/api.w.org\/{rel}","templated":true}]}}