{"id":259741,"date":"2024-07-15T09:25:04","date_gmt":"2024-07-15T12:25:04","guid":{"rendered":"https:\/\/noticiaempauta.com\/portal\/?p=259741"},"modified":"2024-07-15T09:25:05","modified_gmt":"2024-07-15T12:25:05","slug":"homem-e-preso-suspeito-de-estuprar-adolescente-em-santana-do-piaui","status":"publish","type":"post","link":"https:\/\/noticiaempauta.com\/portal\/homem-e-preso-suspeito-de-estuprar-adolescente-em-santana-do-piaui\/","title":{"rendered":"Homem \u00e9 preso suspeito de estuprar adolescente em Santana do Piau\u00ed"},"content":{"rendered":"\n<p>A Policia Militar prendeu em flagrante um homem de iniciais R. J. de S. na manh\u00e3 deste domingo, 14, no Povoado Aldeia Santa, zona rural de Santana do Piau\u00ed.<\/p>\n\n\n\n<p>Ele \u00e9 suspeito de ter abusado sexualmente de uma adolescente de 14 anos, que possui doen\u00e7a intelectual. De acordo com a PM, o crime aconteceu durante uma festa realizada no povoado Engano dos Por\u00e9m.<\/p>\n\n\n\n<figure class=\"wp-block-image size-full\"><img fetchpriority=\"high\" decoding=\"async\" width=\"955\" height=\"565\" src=\"https:\/\/noticiaempauta.com\/portal\/wp-content\/uploads\/2024\/07\/P40G-IMG-7837edb9bef92ca003.jpg\" alt=\"\" class=\"wp-image-259742\" srcset=\"https:\/\/noticiaempauta.com\/portal\/wp-content\/uploads\/2024\/07\/P40G-IMG-7837edb9bef92ca003.jpg 955w, https:\/\/noticiaempauta.com\/portal\/wp-content\/uploads\/2024\/07\/P40G-IMG-7837edb9bef92ca003-300x177.jpg 300w, https:\/\/noticiaempauta.com\/portal\/wp-content\/uploads\/2024\/07\/P40G-IMG-7837edb9bef92ca003-768x454.jpg 768w\" sizes=\"(max-width: 955px) 100vw, 955px\" \/><figcaption class=\"wp-element-caption\">(Foto: Reprodu\u00e7\u00e3o)<\/figcaption><\/figure>\n\n\n\n<p>A jovem chegou de madrugada em casa chorando e com manchas de sangue na roupa e nas pernas e relatou a m\u00e3e que havia sido violentada pelo seu vizinho.<\/p>\n\n\n\n<p>A genitora acionou a pol\u00edcia que se dirigiu ao local em busca do suspeito, que fugiu ao perceber a presen\u00e7a do efetivo e se escondeu na mata.<\/p>\n\n\n\n<p>Populares informaram a PM, que por volta das 07h30 da manh\u00e3 o mesmo chegou a sua resid\u00eancia e momentos depois foi surpreendido e preso em flagrante.<\/p>\n\n\n\n<p>R. J. da S. foi encaminhado \u00e0 Central de Flagrantes e a v\u00edtima foi levada ao Hospital para a realiza\u00e7\u00e3o de exame de corpo de delito.<\/p>\n\n\n\n<p><strong><em>Fonte: Picos 40 Graus<\/em><\/strong><\/p>\n","protected":false},"excerpt":{"rendered":"<p>A Policia Militar prendeu em flagrante um homem de iniciais R. J. de S. na manh\u00e3 deste domingo, 14, no Povoado Aldeia Santa, zona rural de Santana do Piau\u00ed. Ele \u00e9 suspeito de ter abusado sexualmente de uma adolescente de 14 anos, que possui doen\u00e7a intelectual. De acordo com a PM, o crime aconteceu durante [&hellip;]<\/p>\n","protected":false},"author":2,"featured_media":259742,"comment_status":"open","ping_status":"open","sticky":false,"template":"","format":"standard","meta":{"_mi_skip_tracking":false,"footnotes":""},"categories":[25,1,9,3,16],"tags":[192],"class_list":["post-259741","post","type-post","status-publish","format-standard","has-post-thumbnail","hentry","category-destaques-site","category-geral","category-municipios","category-politica","category-todas","tag-destaqueprincipal"],"acf":[],"yoast_head":"<!-- This site is optimized with the Yoast SEO Premium plugin v19.2 (Yoast SEO v26.9) - https:\/\/yoast.com\/product\/yoast-seo-premium-wordpress\/ -->\n<title>Homem \u00e9 preso suspeito de estuprar adolescente em Santana do Piau\u00ed - Portal Not\u00edcia em Pauta<\/title>\n<meta name=\"robots\" content=\"index, follow, max-snippet:-1, max-image-preview:large, max-video-preview:-1\" \/>\n<link rel=\"canonical\" href=\"https:\/\/noticiaempauta.com\/portal\/homem-e-preso-suspeito-de-estuprar-adolescente-em-santana-do-piaui\/\" \/>\n<meta property=\"og:locale\" content=\"pt_BR\" \/>\n<meta property=\"og:type\" content=\"article\" \/>\n<meta property=\"og:title\" content=\"Homem \u00e9 preso suspeito de estuprar adolescente em Santana do Piau\u00ed\" \/>\n<meta property=\"og:description\" content=\"A Policia Militar prendeu em flagrante um homem de iniciais R. J. de S. na manh\u00e3 deste domingo, 14, no Povoado Aldeia Santa, zona rural de Santana do Piau\u00ed. Ele \u00e9 suspeito de ter abusado sexualmente de uma adolescente de 14 anos, que possui doen\u00e7a intelectual. De acordo com a PM, o crime aconteceu durante [&hellip;]\" \/>\n<meta property=\"og:url\" content=\"https:\/\/noticiaempauta.com\/portal\/homem-e-preso-suspeito-de-estuprar-adolescente-em-santana-do-piaui\/\" \/>\n<meta property=\"og:site_name\" content=\"Portal Not\u00edcia em Pauta\" \/>\n<meta property=\"article:publisher\" content=\"https:\/\/www.facebook.com\/Portal-Notcia-Em-Pauta-102292869264820\/\" \/>\n<meta property=\"article:published_time\" content=\"2024-07-15T12:25:04+00:00\" \/>\n<meta property=\"article:modified_time\" content=\"2024-07-15T12:25:05+00:00\" \/>\n<meta property=\"og:image\" content=\"https:\/\/noticiaempauta.com\/portal\/wp-content\/uploads\/2024\/07\/P40G-IMG-7837edb9bef92ca003.jpg\" \/>\n\t<meta property=\"og:image:width\" content=\"955\" \/>\n\t<meta property=\"og:image:height\" content=\"565\" \/>\n\t<meta property=\"og:image:type\" content=\"image\/jpeg\" \/>\n<meta name=\"author\" content=\"Reda\u00e7\u00e3o\" \/>\n<meta name=\"twitter:card\" content=\"summary_large_image\" \/>\n<meta name=\"twitter:label1\" content=\"Escrito por\" \/>\n\t<meta name=\"twitter:data1\" content=\"Reda\u00e7\u00e3o\" \/>\n\t<meta name=\"twitter:label2\" content=\"Est. tempo de leitura\" \/>\n\t<meta name=\"twitter:data2\" content=\"2 minutos\" \/>\n<script type=\"application\/ld+json\" class=\"yoast-schema-graph\">{\"@context\":\"https:\/\/schema.org\",\"@graph\":[{\"@type\":\"Article\",\"@id\":\"https:\/\/noticiaempauta.com\/portal\/homem-e-preso-suspeito-de-estuprar-adolescente-em-santana-do-piaui\/#article\",\"isPartOf\":{\"@id\":\"https:\/\/noticiaempauta.com\/portal\/homem-e-preso-suspeito-de-estuprar-adolescente-em-santana-do-piaui\/\"},\"author\":{\"name\":\"Reda\u00e7\u00e3o\",\"@id\":\"https:\/\/noticiaempauta.com\/portal\/#\/schema\/person\/a74af43dd1ab3deca45f988c717d57ac\"},\"headline\":\"Homem \u00e9 preso suspeito de estuprar adolescente em Santana do Piau\u00ed\",\"datePublished\":\"2024-07-15T12:25:04+00:00\",\"dateModified\":\"2024-07-15T12:25:05+00:00\",\"mainEntityOfPage\":{\"@id\":\"https:\/\/noticiaempauta.com\/portal\/homem-e-preso-suspeito-de-estuprar-adolescente-em-santana-do-piaui\/\"},\"wordCount\":191,\"commentCount\":0,\"publisher\":{\"@id\":\"https:\/\/noticiaempauta.com\/portal\/#organization\"},\"image\":{\"@id\":\"https:\/\/noticiaempauta.com\/portal\/homem-e-preso-suspeito-de-estuprar-adolescente-em-santana-do-piaui\/#primaryimage\"},\"thumbnailUrl\":\"https:\/\/noticiaempauta.com\/portal\/wp-content\/uploads\/2024\/07\/P40G-IMG-7837edb9bef92ca003.jpg\",\"keywords\":[\"destaqueprincipal\"],\"articleSection\":[\"Destaques\",\"Geral\",\"Munic\u00edpios\",\"Pol\u00edtica\",\"Todas as Not\u00edcias\"],\"inLanguage\":\"pt-BR\",\"potentialAction\":[{\"@type\":\"CommentAction\",\"name\":\"Comment\",\"target\":[\"https:\/\/noticiaempauta.com\/portal\/homem-e-preso-suspeito-de-estuprar-adolescente-em-santana-do-piaui\/#respond\"]}]},{\"@type\":\"WebPage\",\"@id\":\"https:\/\/noticiaempauta.com\/portal\/homem-e-preso-suspeito-de-estuprar-adolescente-em-santana-do-piaui\/\",\"url\":\"https:\/\/noticiaempauta.com\/portal\/homem-e-preso-suspeito-de-estuprar-adolescente-em-santana-do-piaui\/\",\"name\":\"Homem \u00e9 preso suspeito de estuprar adolescente em Santana do Piau\u00ed - Portal Not\u00edcia em Pauta\",\"isPartOf\":{\"@id\":\"https:\/\/noticiaempauta.com\/portal\/#website\"},\"primaryImageOfPage\":{\"@id\":\"https:\/\/noticiaempauta.com\/portal\/homem-e-preso-suspeito-de-estuprar-adolescente-em-santana-do-piaui\/#primaryimage\"},\"image\":{\"@id\":\"https:\/\/noticiaempauta.com\/portal\/homem-e-preso-suspeito-de-estuprar-adolescente-em-santana-do-piaui\/#primaryimage\"},\"thumbnailUrl\":\"https:\/\/noticiaempauta.com\/portal\/wp-content\/uploads\/2024\/07\/P40G-IMG-7837edb9bef92ca003.jpg\",\"datePublished\":\"2024-07-15T12:25:04+00:00\",\"dateModified\":\"2024-07-15T12:25:05+00:00\",\"breadcrumb\":{\"@id\":\"https:\/\/noticiaempauta.com\/portal\/homem-e-preso-suspeito-de-estuprar-adolescente-em-santana-do-piaui\/#breadcrumb\"},\"inLanguage\":\"pt-BR\",\"potentialAction\":[{\"@type\":\"ReadAction\",\"target\":[\"https:\/\/noticiaempauta.com\/portal\/homem-e-preso-suspeito-de-estuprar-adolescente-em-santana-do-piaui\/\"]}]},{\"@type\":\"ImageObject\",\"inLanguage\":\"pt-BR\",\"@id\":\"https:\/\/noticiaempauta.com\/portal\/homem-e-preso-suspeito-de-estuprar-adolescente-em-santana-do-piaui\/#primaryimage\",\"url\":\"https:\/\/noticiaempauta.com\/portal\/wp-content\/uploads\/2024\/07\/P40G-IMG-7837edb9bef92ca003.jpg\",\"contentUrl\":\"https:\/\/noticiaempauta.com\/portal\/wp-content\/uploads\/2024\/07\/P40G-IMG-7837edb9bef92ca003.jpg\",\"width\":955,\"height\":565},{\"@type\":\"BreadcrumbList\",\"@id\":\"https:\/\/noticiaempauta.com\/portal\/homem-e-preso-suspeito-de-estuprar-adolescente-em-santana-do-piaui\/#breadcrumb\",\"itemListElement\":[{\"@type\":\"ListItem\",\"position\":1,\"name\":\"P\u00e1gina Inicial\",\"item\":\"https:\/\/noticiaempauta.com\/portal\/\"},{\"@type\":\"ListItem\",\"position\":2,\"name\":\"Destaques\",\"item\":\"https:\/\/noticiaempauta.com\/portal\/destaques-site\/\"},{\"@type\":\"ListItem\",\"position\":3,\"name\":\"Homem \u00e9 preso suspeito de estuprar adolescente em Santana do Piau\u00ed\"}]},{\"@type\":\"WebSite\",\"@id\":\"https:\/\/noticiaempauta.com\/portal\/#website\",\"url\":\"https:\/\/noticiaempauta.com\/portal\/\",\"name\":\"Portal Not\u00edcia em Pauta\",\"description\":\"Voc\u00ea bem informado\",\"publisher\":{\"@id\":\"https:\/\/noticiaempauta.com\/portal\/#organization\"},\"potentialAction\":[{\"@type\":\"SearchAction\",\"target\":{\"@type\":\"EntryPoint\",\"urlTemplate\":\"https:\/\/noticiaempauta.com\/portal\/?s={search_term_string}\"},\"query-input\":{\"@type\":\"PropertyValueSpecification\",\"valueRequired\":true,\"valueName\":\"search_term_string\"}}],\"inLanguage\":\"pt-BR\"},{\"@type\":\"Organization\",\"@id\":\"https:\/\/noticiaempauta.com\/portal\/#organization\",\"name\":\"Portal Not\u00edcia em Pauta\",\"url\":\"https:\/\/noticiaempauta.com\/portal\/\",\"logo\":{\"@type\":\"ImageObject\",\"inLanguage\":\"pt-BR\",\"@id\":\"https:\/\/noticiaempauta.com\/portal\/#\/schema\/logo\/image\/\",\"url\":\"https:\/\/noticiaempauta.com\/portal\/wp-content\/uploads\/2022\/08\/logomarca_tema.fw_.png\",\"contentUrl\":\"https:\/\/noticiaempauta.com\/portal\/wp-content\/uploads\/2022\/08\/logomarca_tema.fw_.png\",\"width\":400,\"height\":232,\"caption\":\"Portal Not\u00edcia em Pauta\"},\"image\":{\"@id\":\"https:\/\/noticiaempauta.com\/portal\/#\/schema\/logo\/image\/\"},\"sameAs\":[\"https:\/\/www.facebook.com\/Portal-Notcia-Em-Pauta-102292869264820\/\",\"https:\/\/www.instagram.com\/portalnoticiaempauta\/\"]},{\"@type\":\"Person\",\"@id\":\"https:\/\/noticiaempauta.com\/portal\/#\/schema\/person\/a74af43dd1ab3deca45f988c717d57ac\",\"name\":\"Reda\u00e7\u00e3o\",\"image\":{\"@type\":\"ImageObject\",\"inLanguage\":\"pt-BR\",\"@id\":\"https:\/\/noticiaempauta.com\/portal\/#\/schema\/person\/image\/\",\"url\":\"https:\/\/secure.gravatar.com\/avatar\/03179346ecce6cdfc13361603e8f54242a90e5cde8618fa23c5c00aa2b0aadf3?s=96&d=mm&r=g\",\"contentUrl\":\"https:\/\/secure.gravatar.com\/avatar\/03179346ecce6cdfc13361603e8f54242a90e5cde8618fa23c5c00aa2b0aadf3?s=96&d=mm&r=g\",\"caption\":\"Reda\u00e7\u00e3o\"},\"sameAs\":[\"https:\/\/noticiaempauta.com\/portal\/\"],\"url\":\"https:\/\/noticiaempauta.com\/portal\/author\/fernando\/\"}]}<\/script>\n<!-- \/ Yoast SEO Premium plugin. -->","yoast_head_json":{"title":"Homem \u00e9 preso suspeito de estuprar adolescente em Santana do Piau\u00ed - Portal Not\u00edcia em Pauta","robots":{"index":"index","follow":"follow","max-snippet":"max-snippet:-1","max-image-preview":"max-image-preview:large","max-video-preview":"max-video-preview:-1"},"canonical":"https:\/\/noticiaempauta.com\/portal\/homem-e-preso-suspeito-de-estuprar-adolescente-em-santana-do-piaui\/","og_locale":"pt_BR","og_type":"article","og_title":"Homem \u00e9 preso suspeito de estuprar adolescente em Santana do Piau\u00ed","og_description":"A Policia Militar prendeu em flagrante um homem de iniciais R. J. de S. na manh\u00e3 deste domingo, 14, no Povoado Aldeia Santa, zona rural de Santana do Piau\u00ed. Ele \u00e9 suspeito de ter abusado sexualmente de uma adolescente de 14 anos, que possui doen\u00e7a intelectual. De acordo com a PM, o crime aconteceu durante [&hellip;]","og_url":"https:\/\/noticiaempauta.com\/portal\/homem-e-preso-suspeito-de-estuprar-adolescente-em-santana-do-piaui\/","og_site_name":"Portal Not\u00edcia em Pauta","article_publisher":"https:\/\/www.facebook.com\/Portal-Notcia-Em-Pauta-102292869264820\/","article_published_time":"2024-07-15T12:25:04+00:00","article_modified_time":"2024-07-15T12:25:05+00:00","og_image":[{"width":955,"height":565,"url":"https:\/\/noticiaempauta.com\/portal\/wp-content\/uploads\/2024\/07\/P40G-IMG-7837edb9bef92ca003.jpg","type":"image\/jpeg"}],"author":"Reda\u00e7\u00e3o","twitter_card":"summary_large_image","twitter_misc":{"Escrito por":"Reda\u00e7\u00e3o","Est. tempo de leitura":"2 minutos"},"schema":{"@context":"https:\/\/schema.org","@graph":[{"@type":"Article","@id":"https:\/\/noticiaempauta.com\/portal\/homem-e-preso-suspeito-de-estuprar-adolescente-em-santana-do-piaui\/#article","isPartOf":{"@id":"https:\/\/noticiaempauta.com\/portal\/homem-e-preso-suspeito-de-estuprar-adolescente-em-santana-do-piaui\/"},"author":{"name":"Reda\u00e7\u00e3o","@id":"https:\/\/noticiaempauta.com\/portal\/#\/schema\/person\/a74af43dd1ab3deca45f988c717d57ac"},"headline":"Homem \u00e9 preso suspeito de estuprar adolescente em Santana do Piau\u00ed","datePublished":"2024-07-15T12:25:04+00:00","dateModified":"2024-07-15T12:25:05+00:00","mainEntityOfPage":{"@id":"https:\/\/noticiaempauta.com\/portal\/homem-e-preso-suspeito-de-estuprar-adolescente-em-santana-do-piaui\/"},"wordCount":191,"commentCount":0,"publisher":{"@id":"https:\/\/noticiaempauta.com\/portal\/#organization"},"image":{"@id":"https:\/\/noticiaempauta.com\/portal\/homem-e-preso-suspeito-de-estuprar-adolescente-em-santana-do-piaui\/#primaryimage"},"thumbnailUrl":"https:\/\/noticiaempauta.com\/portal\/wp-content\/uploads\/2024\/07\/P40G-IMG-7837edb9bef92ca003.jpg","keywords":["destaqueprincipal"],"articleSection":["Destaques","Geral","Munic\u00edpios","Pol\u00edtica","Todas as Not\u00edcias"],"inLanguage":"pt-BR","potentialAction":[{"@type":"CommentAction","name":"Comment","target":["https:\/\/noticiaempauta.com\/portal\/homem-e-preso-suspeito-de-estuprar-adolescente-em-santana-do-piaui\/#respond"]}]},{"@type":"WebPage","@id":"https:\/\/noticiaempauta.com\/portal\/homem-e-preso-suspeito-de-estuprar-adolescente-em-santana-do-piaui\/","url":"https:\/\/noticiaempauta.com\/portal\/homem-e-preso-suspeito-de-estuprar-adolescente-em-santana-do-piaui\/","name":"Homem \u00e9 preso suspeito de estuprar adolescente em Santana do Piau\u00ed - Portal Not\u00edcia em Pauta","isPartOf":{"@id":"https:\/\/noticiaempauta.com\/portal\/#website"},"primaryImageOfPage":{"@id":"https:\/\/noticiaempauta.com\/portal\/homem-e-preso-suspeito-de-estuprar-adolescente-em-santana-do-piaui\/#primaryimage"},"image":{"@id":"https:\/\/noticiaempauta.com\/portal\/homem-e-preso-suspeito-de-estuprar-adolescente-em-santana-do-piaui\/#primaryimage"},"thumbnailUrl":"https:\/\/noticiaempauta.com\/portal\/wp-content\/uploads\/2024\/07\/P40G-IMG-7837edb9bef92ca003.jpg","datePublished":"2024-07-15T12:25:04+00:00","dateModified":"2024-07-15T12:25:05+00:00","breadcrumb":{"@id":"https:\/\/noticiaempauta.com\/portal\/homem-e-preso-suspeito-de-estuprar-adolescente-em-santana-do-piaui\/#breadcrumb"},"inLanguage":"pt-BR","potentialAction":[{"@type":"ReadAction","target":["https:\/\/noticiaempauta.com\/portal\/homem-e-preso-suspeito-de-estuprar-adolescente-em-santana-do-piaui\/"]}]},{"@type":"ImageObject","inLanguage":"pt-BR","@id":"https:\/\/noticiaempauta.com\/portal\/homem-e-preso-suspeito-de-estuprar-adolescente-em-santana-do-piaui\/#primaryimage","url":"https:\/\/noticiaempauta.com\/portal\/wp-content\/uploads\/2024\/07\/P40G-IMG-7837edb9bef92ca003.jpg","contentUrl":"https:\/\/noticiaempauta.com\/portal\/wp-content\/uploads\/2024\/07\/P40G-IMG-7837edb9bef92ca003.jpg","width":955,"height":565},{"@type":"BreadcrumbList","@id":"https:\/\/noticiaempauta.com\/portal\/homem-e-preso-suspeito-de-estuprar-adolescente-em-santana-do-piaui\/#breadcrumb","itemListElement":[{"@type":"ListItem","position":1,"name":"P\u00e1gina Inicial","item":"https:\/\/noticiaempauta.com\/portal\/"},{"@type":"ListItem","position":2,"name":"Destaques","item":"https:\/\/noticiaempauta.com\/portal\/destaques-site\/"},{"@type":"ListItem","position":3,"name":"Homem \u00e9 preso suspeito de estuprar adolescente em Santana do Piau\u00ed"}]},{"@type":"WebSite","@id":"https:\/\/noticiaempauta.com\/portal\/#website","url":"https:\/\/noticiaempauta.com\/portal\/","name":"Portal Not\u00edcia em Pauta","description":"Voc\u00ea bem informado","publisher":{"@id":"https:\/\/noticiaempauta.com\/portal\/#organization"},"potentialAction":[{"@type":"SearchAction","target":{"@type":"EntryPoint","urlTemplate":"https:\/\/noticiaempauta.com\/portal\/?s={search_term_string}"},"query-input":{"@type":"PropertyValueSpecification","valueRequired":true,"valueName":"search_term_string"}}],"inLanguage":"pt-BR"},{"@type":"Organization","@id":"https:\/\/noticiaempauta.com\/portal\/#organization","name":"Portal Not\u00edcia em Pauta","url":"https:\/\/noticiaempauta.com\/portal\/","logo":{"@type":"ImageObject","inLanguage":"pt-BR","@id":"https:\/\/noticiaempauta.com\/portal\/#\/schema\/logo\/image\/","url":"https:\/\/noticiaempauta.com\/portal\/wp-content\/uploads\/2022\/08\/logomarca_tema.fw_.png","contentUrl":"https:\/\/noticiaempauta.com\/portal\/wp-content\/uploads\/2022\/08\/logomarca_tema.fw_.png","width":400,"height":232,"caption":"Portal Not\u00edcia em Pauta"},"image":{"@id":"https:\/\/noticiaempauta.com\/portal\/#\/schema\/logo\/image\/"},"sameAs":["https:\/\/www.facebook.com\/Portal-Notcia-Em-Pauta-102292869264820\/","https:\/\/www.instagram.com\/portalnoticiaempauta\/"]},{"@type":"Person","@id":"https:\/\/noticiaempauta.com\/portal\/#\/schema\/person\/a74af43dd1ab3deca45f988c717d57ac","name":"Reda\u00e7\u00e3o","image":{"@type":"ImageObject","inLanguage":"pt-BR","@id":"https:\/\/noticiaempauta.com\/portal\/#\/schema\/person\/image\/","url":"https:\/\/secure.gravatar.com\/avatar\/03179346ecce6cdfc13361603e8f54242a90e5cde8618fa23c5c00aa2b0aadf3?s=96&d=mm&r=g","contentUrl":"https:\/\/secure.gravatar.com\/avatar\/03179346ecce6cdfc13361603e8f54242a90e5cde8618fa23c5c00aa2b0aadf3?s=96&d=mm&r=g","caption":"Reda\u00e7\u00e3o"},"sameAs":["https:\/\/noticiaempauta.com\/portal\/"],"url":"https:\/\/noticiaempauta.com\/portal\/author\/fernando\/"}]}},"_links":{"self":[{"href":"https:\/\/noticiaempauta.com\/portal\/wp-json\/wp\/v2\/posts\/259741","targetHints":{"allow":["GET"]}}],"collection":[{"href":"https:\/\/noticiaempauta.com\/portal\/wp-json\/wp\/v2\/posts"}],"about":[{"href":"https:\/\/noticiaempauta.com\/portal\/wp-json\/wp\/v2\/types\/post"}],"author":[{"embeddable":true,"href":"https:\/\/noticiaempauta.com\/portal\/wp-json\/wp\/v2\/users\/2"}],"replies":[{"embeddable":true,"href":"https:\/\/noticiaempauta.com\/portal\/wp-json\/wp\/v2\/comments?post=259741"}],"version-history":[{"count":2,"href":"https:\/\/noticiaempauta.com\/portal\/wp-json\/wp\/v2\/posts\/259741\/revisions"}],"predecessor-version":[{"id":259744,"href":"https:\/\/noticiaempauta.com\/portal\/wp-json\/wp\/v2\/posts\/259741\/revisions\/259744"}],"wp:featuredmedia":[{"embeddable":true,"href":"https:\/\/noticiaempauta.com\/portal\/wp-json\/wp\/v2\/media\/259742"}],"wp:attachment":[{"href":"https:\/\/noticiaempauta.com\/portal\/wp-json\/wp\/v2\/media?parent=259741"}],"wp:term":[{"taxonomy":"category","embeddable":true,"href":"https:\/\/noticiaempauta.com\/portal\/wp-json\/wp\/v2\/categories?post=259741"},{"taxonomy":"post_tag","embeddable":true,"href":"https:\/\/noticiaempauta.com\/portal\/wp-json\/wp\/v2\/tags?post=259741"}],"curies":[{"name":"wp","href":"https:\/\/api.w.org\/{rel}","templated":true}]}}