{"id":259773,"date":"2024-07-15T15:31:28","date_gmt":"2024-07-15T18:31:28","guid":{"rendered":"https:\/\/noticiaempauta.com\/portal\/?p=259773"},"modified":"2024-07-15T15:31:28","modified_gmt":"2024-07-15T18:31:28","slug":"setur-anuncia-programacao-de-atividades-para-as-ferias-de-julho-no-litoral-do-piaui","status":"publish","type":"post","link":"https:\/\/noticiaempauta.com\/portal\/setur-anuncia-programacao-de-atividades-para-as-ferias-de-julho-no-litoral-do-piaui\/","title":{"rendered":"Setur anuncia programa\u00e7\u00e3o de atividades para as f\u00e9rias de julho no litoral do Piau\u00ed"},"content":{"rendered":"\n<p>A Secretaria do Turismo do Piau\u00ed (Setur) est\u00e1 preparando uma s\u00e9rie de atividades para os quatro munic\u00edpios do litoral do estado durante o m\u00eas de julho. Com o projeto \u201cPiau\u00ed, Seu Destino de Ver\u00e3o\u201d, o \u00f3rg\u00e3o quer maximizar os atrativos e oferecer entretenimento de qualidade tanto para os piauienses quanto para turistas de outros estados que optam pela regi\u00e3o nesta alta temporada.<\/p>\n\n\n\n<p>Com apenas 66 km de extens\u00e3o, o litoral piauiense \u00e9 um dos destinos mais atrativos do Nordeste brasileiro para o turismo de sol e praia. Al\u00e9m das belezas naturais, o acolhimento dos habitantes e as diversas op\u00e7\u00f5es de gastronomia, artesanato e apresenta\u00e7\u00f5es musicais complementam a experi\u00eancia tur\u00edstica.<\/p>\n\n\n\n<p>A programa\u00e7\u00e3o, que ser\u00e1 realizada nos dias 19, 20, 21, 26, 27 e 28 de julho, conta com atividades esportivas, recreativas e culturais nas praias da Pedra do Sal (Parna\u00edba), Atalaia, Coqueiro (Lu\u00eds Correia) e Barra Grande (Cajueiro da Praia) e ainda receptivo ao turista no Porto dos Tatus (Ilha Grande).\u00a0<br><\/p>\n\n\n\n<figure class=\"wp-block-image size-full\"><img fetchpriority=\"high\" decoding=\"async\" width=\"750\" height=\"532\" src=\"https:\/\/noticiaempauta.com\/portal\/wp-content\/uploads\/2024\/07\/IMG_3103.jpeg\" alt=\"\" class=\"wp-image-259775\" srcset=\"https:\/\/noticiaempauta.com\/portal\/wp-content\/uploads\/2024\/07\/IMG_3103.jpeg 750w, https:\/\/noticiaempauta.com\/portal\/wp-content\/uploads\/2024\/07\/IMG_3103-300x213.jpeg 300w\" sizes=\"(max-width: 750px) 100vw, 750px\" \/><\/figure>\n\n\n\n<p>De acordo com a empresa realizadora do projeto, ser\u00e3o montadas estruturas esportivas, e os turistas poder\u00e3o usufruir gratuitamente e ainda ter acompanhamento de um instrutor profissional.<\/p>\n\n\n\n<p>\u201cPensamos em cada detalhe para transformar o litoral em um verdadeiro para\u00edso de f\u00e9rias. Com atividades esportivas e acompanhamento profissional, queremos garantir divers\u00e3o e seguran\u00e7a para todos. Al\u00e9m disso, preparamos uma estrutura especial para as atra\u00e7\u00f5es musicais, criando um ambiente perfeito para momentos inesquec\u00edveis\u201d, destaca Gustavo Castro, da empresa realizadora do \u201cPiau\u00ed, Seu Destino de Ver\u00e3o\u201d.<\/p>\n\n\n\n<figure class=\"wp-block-image size-full\"><img decoding=\"async\" width=\"1000\" height=\"660\" src=\"https:\/\/noticiaempauta.com\/portal\/wp-content\/uploads\/2024\/07\/IMG_3104.png\" alt=\"\" class=\"wp-image-259774\" srcset=\"https:\/\/noticiaempauta.com\/portal\/wp-content\/uploads\/2024\/07\/IMG_3104.png 1000w, https:\/\/noticiaempauta.com\/portal\/wp-content\/uploads\/2024\/07\/IMG_3104-300x198.png 300w, https:\/\/noticiaempauta.com\/portal\/wp-content\/uploads\/2024\/07\/IMG_3104-768x507.png 768w\" sizes=\"(max-width: 1000px) 100vw, 1000px\" \/><figcaption class=\"wp-element-caption\">Praia da Barra Grande, em Cajueiro da Praia (Thiago Amaral)<\/figcaption><\/figure>\n\n\n\n<p>Al\u00e9m disso, a Setur tamb\u00e9m inclui a promo\u00e7\u00e3o tur\u00edstica com a divulga\u00e7\u00e3o dos atrativos locais pelo olhar de influencers digitais de alcance nacional em suas redes sociais. Os turistas tamb\u00e9m ser\u00e3o recepcionados com brindes contendo a logomarca do projeto e do Governo do Estado do Piau\u00ed.<\/p>\n\n\n\n<p>Para garantir a qualidade das atividades, o secret\u00e1rio do Turismo, Jos\u00e9 Neto Monteiro, tem alinhado a\u00e7\u00f5es com as prefeituras dos munic\u00edpios envolvidos, visando aprimorar a infraestrutura local. Um exemplo \u00e9 a parceria com a prefeita Maninha, de Lu\u00eds Correia, onde uma das pautas \u00e9 a limpeza da orla de Atalaia.<\/p>\n\n\n\n<figure class=\"wp-block-image size-large\"><img decoding=\"async\" width=\"1024\" height=\"681\" src=\"https:\/\/noticiaempauta.com\/portal\/wp-content\/uploads\/2024\/07\/IMG_3102-1024x681.jpeg\" alt=\"\" class=\"wp-image-259776\" srcset=\"https:\/\/noticiaempauta.com\/portal\/wp-content\/uploads\/2024\/07\/IMG_3102-1024x681.jpeg 1024w, https:\/\/noticiaempauta.com\/portal\/wp-content\/uploads\/2024\/07\/IMG_3102-300x199.jpeg 300w, https:\/\/noticiaempauta.com\/portal\/wp-content\/uploads\/2024\/07\/IMG_3102-768x511.jpeg 768w, https:\/\/noticiaempauta.com\/portal\/wp-content\/uploads\/2024\/07\/IMG_3102.jpeg 1041w\" sizes=\"(max-width: 1024px) 100vw, 1024px\" \/><\/figure>\n\n\n\n<p>&#8220;A colabora\u00e7\u00e3o com as prefeituras locais \u00e9 fundamental para oferecer uma experi\u00eancia agrad\u00e1vel e segura aos nossos visitantes. Vai ser uma temporada inesquec\u00edvel e queremos promover a melhor temporada de f\u00e9rias da sua vida&#8221;, pontua o gestor.<\/p>\n\n\n\n<p>Para informa\u00e7\u00f5es mais detalhadas, acompanhe o&nbsp;<a target=\"_blank\" rel=\"noreferrer noopener\" href=\"https:\/\/www.turismo.pi.com.br\/\">site oficial da Setur<\/a>&nbsp;e a rede social Instagram&nbsp;<a target=\"_blank\" rel=\"noreferrer noopener\" href=\"https:\/\/www.instagram.com\/setur_pi\">@setur_pi<\/a>&nbsp;<\/p>\n\n\n\n<p>CCOM-PI<\/p>\n\n\n\n<p><\/p>\n","protected":false},"excerpt":{"rendered":"<p>A Secretaria do Turismo do Piau\u00ed (Setur) est\u00e1 preparando uma s\u00e9rie de atividades para os quatro munic\u00edpios do litoral do estado durante o m\u00eas de julho. Com o projeto \u201cPiau\u00ed, Seu Destino de Ver\u00e3o\u201d, o \u00f3rg\u00e3o quer maximizar os atrativos e oferecer entretenimento de qualidade tanto para os piauienses quanto para turistas de outros estados [&hellip;]<\/p>\n","protected":false},"author":2,"featured_media":259775,"comment_status":"open","ping_status":"open","sticky":false,"template":"","format":"standard","meta":{"_mi_skip_tracking":false,"footnotes":""},"categories":[25,1,16],"tags":[192],"class_list":["post-259773","post","type-post","status-publish","format-standard","has-post-thumbnail","hentry","category-destaques-site","category-geral","category-todas","tag-destaqueprincipal"],"acf":[],"yoast_head":"<!-- This site is optimized with the Yoast SEO Premium plugin v19.2 (Yoast SEO v26.9) - https:\/\/yoast.com\/product\/yoast-seo-premium-wordpress\/ -->\n<title>Setur anuncia programa\u00e7\u00e3o de atividades para as f\u00e9rias de julho no litoral do Piau\u00ed - Portal Not\u00edcia em Pauta<\/title>\n<meta name=\"robots\" content=\"index, follow, max-snippet:-1, max-image-preview:large, max-video-preview:-1\" \/>\n<link rel=\"canonical\" href=\"https:\/\/noticiaempauta.com\/portal\/setur-anuncia-programacao-de-atividades-para-as-ferias-de-julho-no-litoral-do-piaui\/\" \/>\n<meta property=\"og:locale\" content=\"pt_BR\" \/>\n<meta property=\"og:type\" content=\"article\" \/>\n<meta property=\"og:title\" content=\"Setur anuncia programa\u00e7\u00e3o de atividades para as f\u00e9rias de julho no litoral do Piau\u00ed\" \/>\n<meta property=\"og:description\" content=\"A Secretaria do Turismo do Piau\u00ed (Setur) est\u00e1 preparando uma s\u00e9rie de atividades para os quatro munic\u00edpios do litoral do estado durante o m\u00eas de julho. Com o projeto \u201cPiau\u00ed, Seu Destino de Ver\u00e3o\u201d, o \u00f3rg\u00e3o quer maximizar os atrativos e oferecer entretenimento de qualidade tanto para os piauienses quanto para turistas de outros estados [&hellip;]\" \/>\n<meta property=\"og:url\" content=\"https:\/\/noticiaempauta.com\/portal\/setur-anuncia-programacao-de-atividades-para-as-ferias-de-julho-no-litoral-do-piaui\/\" \/>\n<meta property=\"og:site_name\" content=\"Portal Not\u00edcia em Pauta\" \/>\n<meta property=\"article:publisher\" content=\"https:\/\/www.facebook.com\/Portal-Notcia-Em-Pauta-102292869264820\/\" \/>\n<meta property=\"article:published_time\" content=\"2024-07-15T18:31:28+00:00\" \/>\n<meta property=\"og:image\" content=\"https:\/\/noticiaempauta.com\/portal\/wp-content\/uploads\/2024\/07\/IMG_3103.jpeg\" \/>\n\t<meta property=\"og:image:width\" content=\"750\" \/>\n\t<meta property=\"og:image:height\" content=\"532\" \/>\n\t<meta property=\"og:image:type\" content=\"image\/jpeg\" \/>\n<meta name=\"author\" content=\"Reda\u00e7\u00e3o\" \/>\n<meta name=\"twitter:card\" content=\"summary_large_image\" \/>\n<meta name=\"twitter:label1\" content=\"Escrito por\" \/>\n\t<meta name=\"twitter:data1\" content=\"Reda\u00e7\u00e3o\" \/>\n\t<meta name=\"twitter:label2\" content=\"Est. tempo de leitura\" \/>\n\t<meta name=\"twitter:data2\" content=\"4 minutos\" \/>\n<script type=\"application\/ld+json\" class=\"yoast-schema-graph\">{\"@context\":\"https:\/\/schema.org\",\"@graph\":[{\"@type\":\"Article\",\"@id\":\"https:\/\/noticiaempauta.com\/portal\/setur-anuncia-programacao-de-atividades-para-as-ferias-de-julho-no-litoral-do-piaui\/#article\",\"isPartOf\":{\"@id\":\"https:\/\/noticiaempauta.com\/portal\/setur-anuncia-programacao-de-atividades-para-as-ferias-de-julho-no-litoral-do-piaui\/\"},\"author\":{\"name\":\"Reda\u00e7\u00e3o\",\"@id\":\"https:\/\/noticiaempauta.com\/portal\/#\/schema\/person\/a74af43dd1ab3deca45f988c717d57ac\"},\"headline\":\"Setur anuncia programa\u00e7\u00e3o de atividades para as f\u00e9rias de julho no litoral do Piau\u00ed\",\"datePublished\":\"2024-07-15T18:31:28+00:00\",\"mainEntityOfPage\":{\"@id\":\"https:\/\/noticiaempauta.com\/portal\/setur-anuncia-programacao-de-atividades-para-as-ferias-de-julho-no-litoral-do-piaui\/\"},\"wordCount\":454,\"commentCount\":0,\"publisher\":{\"@id\":\"https:\/\/noticiaempauta.com\/portal\/#organization\"},\"image\":{\"@id\":\"https:\/\/noticiaempauta.com\/portal\/setur-anuncia-programacao-de-atividades-para-as-ferias-de-julho-no-litoral-do-piaui\/#primaryimage\"},\"thumbnailUrl\":\"https:\/\/noticiaempauta.com\/portal\/wp-content\/uploads\/2024\/07\/IMG_3103.jpeg\",\"keywords\":[\"destaqueprincipal\"],\"articleSection\":[\"Destaques\",\"Geral\",\"Todas as Not\u00edcias\"],\"inLanguage\":\"pt-BR\",\"potentialAction\":[{\"@type\":\"CommentAction\",\"name\":\"Comment\",\"target\":[\"https:\/\/noticiaempauta.com\/portal\/setur-anuncia-programacao-de-atividades-para-as-ferias-de-julho-no-litoral-do-piaui\/#respond\"]}]},{\"@type\":\"WebPage\",\"@id\":\"https:\/\/noticiaempauta.com\/portal\/setur-anuncia-programacao-de-atividades-para-as-ferias-de-julho-no-litoral-do-piaui\/\",\"url\":\"https:\/\/noticiaempauta.com\/portal\/setur-anuncia-programacao-de-atividades-para-as-ferias-de-julho-no-litoral-do-piaui\/\",\"name\":\"Setur anuncia programa\u00e7\u00e3o de atividades para as f\u00e9rias de julho no litoral do Piau\u00ed - Portal Not\u00edcia em Pauta\",\"isPartOf\":{\"@id\":\"https:\/\/noticiaempauta.com\/portal\/#website\"},\"primaryImageOfPage\":{\"@id\":\"https:\/\/noticiaempauta.com\/portal\/setur-anuncia-programacao-de-atividades-para-as-ferias-de-julho-no-litoral-do-piaui\/#primaryimage\"},\"image\":{\"@id\":\"https:\/\/noticiaempauta.com\/portal\/setur-anuncia-programacao-de-atividades-para-as-ferias-de-julho-no-litoral-do-piaui\/#primaryimage\"},\"thumbnailUrl\":\"https:\/\/noticiaempauta.com\/portal\/wp-content\/uploads\/2024\/07\/IMG_3103.jpeg\",\"datePublished\":\"2024-07-15T18:31:28+00:00\",\"breadcrumb\":{\"@id\":\"https:\/\/noticiaempauta.com\/portal\/setur-anuncia-programacao-de-atividades-para-as-ferias-de-julho-no-litoral-do-piaui\/#breadcrumb\"},\"inLanguage\":\"pt-BR\",\"potentialAction\":[{\"@type\":\"ReadAction\",\"target\":[\"https:\/\/noticiaempauta.com\/portal\/setur-anuncia-programacao-de-atividades-para-as-ferias-de-julho-no-litoral-do-piaui\/\"]}]},{\"@type\":\"ImageObject\",\"inLanguage\":\"pt-BR\",\"@id\":\"https:\/\/noticiaempauta.com\/portal\/setur-anuncia-programacao-de-atividades-para-as-ferias-de-julho-no-litoral-do-piaui\/#primaryimage\",\"url\":\"https:\/\/noticiaempauta.com\/portal\/wp-content\/uploads\/2024\/07\/IMG_3103.jpeg\",\"contentUrl\":\"https:\/\/noticiaempauta.com\/portal\/wp-content\/uploads\/2024\/07\/IMG_3103.jpeg\",\"width\":750,\"height\":532},{\"@type\":\"BreadcrumbList\",\"@id\":\"https:\/\/noticiaempauta.com\/portal\/setur-anuncia-programacao-de-atividades-para-as-ferias-de-julho-no-litoral-do-piaui\/#breadcrumb\",\"itemListElement\":[{\"@type\":\"ListItem\",\"position\":1,\"name\":\"P\u00e1gina Inicial\",\"item\":\"https:\/\/noticiaempauta.com\/portal\/\"},{\"@type\":\"ListItem\",\"position\":2,\"name\":\"Destaques\",\"item\":\"https:\/\/noticiaempauta.com\/portal\/destaques-site\/\"},{\"@type\":\"ListItem\",\"position\":3,\"name\":\"Setur anuncia programa\u00e7\u00e3o de atividades para as f\u00e9rias de julho no litoral do Piau\u00ed\"}]},{\"@type\":\"WebSite\",\"@id\":\"https:\/\/noticiaempauta.com\/portal\/#website\",\"url\":\"https:\/\/noticiaempauta.com\/portal\/\",\"name\":\"Portal Not\u00edcia em Pauta\",\"description\":\"Voc\u00ea bem informado\",\"publisher\":{\"@id\":\"https:\/\/noticiaempauta.com\/portal\/#organization\"},\"potentialAction\":[{\"@type\":\"SearchAction\",\"target\":{\"@type\":\"EntryPoint\",\"urlTemplate\":\"https:\/\/noticiaempauta.com\/portal\/?s={search_term_string}\"},\"query-input\":{\"@type\":\"PropertyValueSpecification\",\"valueRequired\":true,\"valueName\":\"search_term_string\"}}],\"inLanguage\":\"pt-BR\"},{\"@type\":\"Organization\",\"@id\":\"https:\/\/noticiaempauta.com\/portal\/#organization\",\"name\":\"Portal Not\u00edcia em Pauta\",\"url\":\"https:\/\/noticiaempauta.com\/portal\/\",\"logo\":{\"@type\":\"ImageObject\",\"inLanguage\":\"pt-BR\",\"@id\":\"https:\/\/noticiaempauta.com\/portal\/#\/schema\/logo\/image\/\",\"url\":\"https:\/\/noticiaempauta.com\/portal\/wp-content\/uploads\/2022\/08\/logomarca_tema.fw_.png\",\"contentUrl\":\"https:\/\/noticiaempauta.com\/portal\/wp-content\/uploads\/2022\/08\/logomarca_tema.fw_.png\",\"width\":400,\"height\":232,\"caption\":\"Portal Not\u00edcia em Pauta\"},\"image\":{\"@id\":\"https:\/\/noticiaempauta.com\/portal\/#\/schema\/logo\/image\/\"},\"sameAs\":[\"https:\/\/www.facebook.com\/Portal-Notcia-Em-Pauta-102292869264820\/\",\"https:\/\/www.instagram.com\/portalnoticiaempauta\/\"]},{\"@type\":\"Person\",\"@id\":\"https:\/\/noticiaempauta.com\/portal\/#\/schema\/person\/a74af43dd1ab3deca45f988c717d57ac\",\"name\":\"Reda\u00e7\u00e3o\",\"image\":{\"@type\":\"ImageObject\",\"inLanguage\":\"pt-BR\",\"@id\":\"https:\/\/noticiaempauta.com\/portal\/#\/schema\/person\/image\/\",\"url\":\"https:\/\/secure.gravatar.com\/avatar\/03179346ecce6cdfc13361603e8f54242a90e5cde8618fa23c5c00aa2b0aadf3?s=96&d=mm&r=g\",\"contentUrl\":\"https:\/\/secure.gravatar.com\/avatar\/03179346ecce6cdfc13361603e8f54242a90e5cde8618fa23c5c00aa2b0aadf3?s=96&d=mm&r=g\",\"caption\":\"Reda\u00e7\u00e3o\"},\"sameAs\":[\"https:\/\/noticiaempauta.com\/portal\/\"],\"url\":\"https:\/\/noticiaempauta.com\/portal\/author\/fernando\/\"}]}<\/script>\n<!-- \/ Yoast SEO Premium plugin. -->","yoast_head_json":{"title":"Setur anuncia programa\u00e7\u00e3o de atividades para as f\u00e9rias de julho no litoral do Piau\u00ed - Portal Not\u00edcia em Pauta","robots":{"index":"index","follow":"follow","max-snippet":"max-snippet:-1","max-image-preview":"max-image-preview:large","max-video-preview":"max-video-preview:-1"},"canonical":"https:\/\/noticiaempauta.com\/portal\/setur-anuncia-programacao-de-atividades-para-as-ferias-de-julho-no-litoral-do-piaui\/","og_locale":"pt_BR","og_type":"article","og_title":"Setur anuncia programa\u00e7\u00e3o de atividades para as f\u00e9rias de julho no litoral do Piau\u00ed","og_description":"A Secretaria do Turismo do Piau\u00ed (Setur) est\u00e1 preparando uma s\u00e9rie de atividades para os quatro munic\u00edpios do litoral do estado durante o m\u00eas de julho. Com o projeto \u201cPiau\u00ed, Seu Destino de Ver\u00e3o\u201d, o \u00f3rg\u00e3o quer maximizar os atrativos e oferecer entretenimento de qualidade tanto para os piauienses quanto para turistas de outros estados [&hellip;]","og_url":"https:\/\/noticiaempauta.com\/portal\/setur-anuncia-programacao-de-atividades-para-as-ferias-de-julho-no-litoral-do-piaui\/","og_site_name":"Portal Not\u00edcia em Pauta","article_publisher":"https:\/\/www.facebook.com\/Portal-Notcia-Em-Pauta-102292869264820\/","article_published_time":"2024-07-15T18:31:28+00:00","og_image":[{"width":750,"height":532,"url":"https:\/\/noticiaempauta.com\/portal\/wp-content\/uploads\/2024\/07\/IMG_3103.jpeg","type":"image\/jpeg"}],"author":"Reda\u00e7\u00e3o","twitter_card":"summary_large_image","twitter_misc":{"Escrito por":"Reda\u00e7\u00e3o","Est. tempo de leitura":"4 minutos"},"schema":{"@context":"https:\/\/schema.org","@graph":[{"@type":"Article","@id":"https:\/\/noticiaempauta.com\/portal\/setur-anuncia-programacao-de-atividades-para-as-ferias-de-julho-no-litoral-do-piaui\/#article","isPartOf":{"@id":"https:\/\/noticiaempauta.com\/portal\/setur-anuncia-programacao-de-atividades-para-as-ferias-de-julho-no-litoral-do-piaui\/"},"author":{"name":"Reda\u00e7\u00e3o","@id":"https:\/\/noticiaempauta.com\/portal\/#\/schema\/person\/a74af43dd1ab3deca45f988c717d57ac"},"headline":"Setur anuncia programa\u00e7\u00e3o de atividades para as f\u00e9rias de julho no litoral do Piau\u00ed","datePublished":"2024-07-15T18:31:28+00:00","mainEntityOfPage":{"@id":"https:\/\/noticiaempauta.com\/portal\/setur-anuncia-programacao-de-atividades-para-as-ferias-de-julho-no-litoral-do-piaui\/"},"wordCount":454,"commentCount":0,"publisher":{"@id":"https:\/\/noticiaempauta.com\/portal\/#organization"},"image":{"@id":"https:\/\/noticiaempauta.com\/portal\/setur-anuncia-programacao-de-atividades-para-as-ferias-de-julho-no-litoral-do-piaui\/#primaryimage"},"thumbnailUrl":"https:\/\/noticiaempauta.com\/portal\/wp-content\/uploads\/2024\/07\/IMG_3103.jpeg","keywords":["destaqueprincipal"],"articleSection":["Destaques","Geral","Todas as Not\u00edcias"],"inLanguage":"pt-BR","potentialAction":[{"@type":"CommentAction","name":"Comment","target":["https:\/\/noticiaempauta.com\/portal\/setur-anuncia-programacao-de-atividades-para-as-ferias-de-julho-no-litoral-do-piaui\/#respond"]}]},{"@type":"WebPage","@id":"https:\/\/noticiaempauta.com\/portal\/setur-anuncia-programacao-de-atividades-para-as-ferias-de-julho-no-litoral-do-piaui\/","url":"https:\/\/noticiaempauta.com\/portal\/setur-anuncia-programacao-de-atividades-para-as-ferias-de-julho-no-litoral-do-piaui\/","name":"Setur anuncia programa\u00e7\u00e3o de atividades para as f\u00e9rias de julho no litoral do Piau\u00ed - Portal Not\u00edcia em Pauta","isPartOf":{"@id":"https:\/\/noticiaempauta.com\/portal\/#website"},"primaryImageOfPage":{"@id":"https:\/\/noticiaempauta.com\/portal\/setur-anuncia-programacao-de-atividades-para-as-ferias-de-julho-no-litoral-do-piaui\/#primaryimage"},"image":{"@id":"https:\/\/noticiaempauta.com\/portal\/setur-anuncia-programacao-de-atividades-para-as-ferias-de-julho-no-litoral-do-piaui\/#primaryimage"},"thumbnailUrl":"https:\/\/noticiaempauta.com\/portal\/wp-content\/uploads\/2024\/07\/IMG_3103.jpeg","datePublished":"2024-07-15T18:31:28+00:00","breadcrumb":{"@id":"https:\/\/noticiaempauta.com\/portal\/setur-anuncia-programacao-de-atividades-para-as-ferias-de-julho-no-litoral-do-piaui\/#breadcrumb"},"inLanguage":"pt-BR","potentialAction":[{"@type":"ReadAction","target":["https:\/\/noticiaempauta.com\/portal\/setur-anuncia-programacao-de-atividades-para-as-ferias-de-julho-no-litoral-do-piaui\/"]}]},{"@type":"ImageObject","inLanguage":"pt-BR","@id":"https:\/\/noticiaempauta.com\/portal\/setur-anuncia-programacao-de-atividades-para-as-ferias-de-julho-no-litoral-do-piaui\/#primaryimage","url":"https:\/\/noticiaempauta.com\/portal\/wp-content\/uploads\/2024\/07\/IMG_3103.jpeg","contentUrl":"https:\/\/noticiaempauta.com\/portal\/wp-content\/uploads\/2024\/07\/IMG_3103.jpeg","width":750,"height":532},{"@type":"BreadcrumbList","@id":"https:\/\/noticiaempauta.com\/portal\/setur-anuncia-programacao-de-atividades-para-as-ferias-de-julho-no-litoral-do-piaui\/#breadcrumb","itemListElement":[{"@type":"ListItem","position":1,"name":"P\u00e1gina Inicial","item":"https:\/\/noticiaempauta.com\/portal\/"},{"@type":"ListItem","position":2,"name":"Destaques","item":"https:\/\/noticiaempauta.com\/portal\/destaques-site\/"},{"@type":"ListItem","position":3,"name":"Setur anuncia programa\u00e7\u00e3o de atividades para as f\u00e9rias de julho no litoral do Piau\u00ed"}]},{"@type":"WebSite","@id":"https:\/\/noticiaempauta.com\/portal\/#website","url":"https:\/\/noticiaempauta.com\/portal\/","name":"Portal Not\u00edcia em Pauta","description":"Voc\u00ea bem informado","publisher":{"@id":"https:\/\/noticiaempauta.com\/portal\/#organization"},"potentialAction":[{"@type":"SearchAction","target":{"@type":"EntryPoint","urlTemplate":"https:\/\/noticiaempauta.com\/portal\/?s={search_term_string}"},"query-input":{"@type":"PropertyValueSpecification","valueRequired":true,"valueName":"search_term_string"}}],"inLanguage":"pt-BR"},{"@type":"Organization","@id":"https:\/\/noticiaempauta.com\/portal\/#organization","name":"Portal Not\u00edcia em Pauta","url":"https:\/\/noticiaempauta.com\/portal\/","logo":{"@type":"ImageObject","inLanguage":"pt-BR","@id":"https:\/\/noticiaempauta.com\/portal\/#\/schema\/logo\/image\/","url":"https:\/\/noticiaempauta.com\/portal\/wp-content\/uploads\/2022\/08\/logomarca_tema.fw_.png","contentUrl":"https:\/\/noticiaempauta.com\/portal\/wp-content\/uploads\/2022\/08\/logomarca_tema.fw_.png","width":400,"height":232,"caption":"Portal Not\u00edcia em Pauta"},"image":{"@id":"https:\/\/noticiaempauta.com\/portal\/#\/schema\/logo\/image\/"},"sameAs":["https:\/\/www.facebook.com\/Portal-Notcia-Em-Pauta-102292869264820\/","https:\/\/www.instagram.com\/portalnoticiaempauta\/"]},{"@type":"Person","@id":"https:\/\/noticiaempauta.com\/portal\/#\/schema\/person\/a74af43dd1ab3deca45f988c717d57ac","name":"Reda\u00e7\u00e3o","image":{"@type":"ImageObject","inLanguage":"pt-BR","@id":"https:\/\/noticiaempauta.com\/portal\/#\/schema\/person\/image\/","url":"https:\/\/secure.gravatar.com\/avatar\/03179346ecce6cdfc13361603e8f54242a90e5cde8618fa23c5c00aa2b0aadf3?s=96&d=mm&r=g","contentUrl":"https:\/\/secure.gravatar.com\/avatar\/03179346ecce6cdfc13361603e8f54242a90e5cde8618fa23c5c00aa2b0aadf3?s=96&d=mm&r=g","caption":"Reda\u00e7\u00e3o"},"sameAs":["https:\/\/noticiaempauta.com\/portal\/"],"url":"https:\/\/noticiaempauta.com\/portal\/author\/fernando\/"}]}},"_links":{"self":[{"href":"https:\/\/noticiaempauta.com\/portal\/wp-json\/wp\/v2\/posts\/259773","targetHints":{"allow":["GET"]}}],"collection":[{"href":"https:\/\/noticiaempauta.com\/portal\/wp-json\/wp\/v2\/posts"}],"about":[{"href":"https:\/\/noticiaempauta.com\/portal\/wp-json\/wp\/v2\/types\/post"}],"author":[{"embeddable":true,"href":"https:\/\/noticiaempauta.com\/portal\/wp-json\/wp\/v2\/users\/2"}],"replies":[{"embeddable":true,"href":"https:\/\/noticiaempauta.com\/portal\/wp-json\/wp\/v2\/comments?post=259773"}],"version-history":[{"count":2,"href":"https:\/\/noticiaempauta.com\/portal\/wp-json\/wp\/v2\/posts\/259773\/revisions"}],"predecessor-version":[{"id":259778,"href":"https:\/\/noticiaempauta.com\/portal\/wp-json\/wp\/v2\/posts\/259773\/revisions\/259778"}],"wp:featuredmedia":[{"embeddable":true,"href":"https:\/\/noticiaempauta.com\/portal\/wp-json\/wp\/v2\/media\/259775"}],"wp:attachment":[{"href":"https:\/\/noticiaempauta.com\/portal\/wp-json\/wp\/v2\/media?parent=259773"}],"wp:term":[{"taxonomy":"category","embeddable":true,"href":"https:\/\/noticiaempauta.com\/portal\/wp-json\/wp\/v2\/categories?post=259773"},{"taxonomy":"post_tag","embeddable":true,"href":"https:\/\/noticiaempauta.com\/portal\/wp-json\/wp\/v2\/tags?post=259773"}],"curies":[{"name":"wp","href":"https:\/\/api.w.org\/{rel}","templated":true}]}}