{"id":259795,"date":"2024-07-16T15:03:30","date_gmt":"2024-07-16T18:03:30","guid":{"rendered":"https:\/\/noticiaempauta.com\/portal\/?p=259795"},"modified":"2024-07-16T15:03:31","modified_gmt":"2024-07-16T18:03:31","slug":"convencao-do-mdb-vai-homologar-as-candidaturas-de-maninho-de-henrique-e-ze-carlos-em-itainopolis-no-proximo-dia-27","status":"publish","type":"post","link":"https:\/\/noticiaempauta.com\/portal\/convencao-do-mdb-vai-homologar-as-candidaturas-de-maninho-de-henrique-e-ze-carlos-em-itainopolis-no-proximo-dia-27\/","title":{"rendered":"Conven\u00e7\u00e3o do MDB vai homologar as candidaturas de Maninho de Henrique e Z\u00e9 Carlos em Itain\u00f3polis no pr\u00f3ximo dia (27)"},"content":{"rendered":"\n<p> O Movimento Democr\u00e1tico Brasileiro (MDB) do munic\u00edpio de Itain\u00f3polis-PI divulgou nesta ter\u00e7a-feira (16), a data da sua conven\u00e7\u00e3o partid\u00e1ria, quando ser\u00e3o homologadas as candidaturas do partido para concorrer \u00e0s elei\u00e7\u00f5es municipais de outubro deste ano.<\/p>\n\n\n\n<p>O evento acontecer\u00e1 no dia 27 de Julho, no hor\u00e1rio das 16h, no Gin\u00e1sio Poliesportivo da sede do munic\u00edpio, e contar\u00e1 com a presen\u00e7a de filiados e lideran\u00e7as pol\u00edticas locais e estaduais.<\/p>\n\n\n\n<p>A expectativa \u00e9 grande em torno da conven\u00e7\u00e3o, que dever\u00e1 homologar o nome do vereador Maninho de Henrique como candidato a prefeito e do empres\u00e1rio Z\u00e9 Carlos como candidato a vice-prefeito pelo grupo pol\u00edtico da oposi\u00e7\u00e3o, al\u00e9m de 10 nomes para concorrerem a cadeiras na C\u00e2mara Municipal.<\/p>\n\n\n\n<p>O grupo oposicionista tamb\u00e9m liderado pelo ex-prefeito Z\u00e9 Maia, promete palanque forte e maior di\u00e1logo com a popula\u00e7\u00e3o para apresenta\u00e7\u00e3o de ideias e projetos durante as elei\u00e7\u00f5es.<\/p>\n\n\n\n<figure class=\"wp-block-image size-large\"><img fetchpriority=\"high\" decoding=\"async\" width=\"635\" height=\"1024\" src=\"https:\/\/noticiaempauta.com\/portal\/wp-content\/uploads\/2024\/07\/WhatsApp-Image-2024-07-16-at-15.00.55-635x1024.jpeg\" alt=\"\" class=\"wp-image-259797\" srcset=\"https:\/\/noticiaempauta.com\/portal\/wp-content\/uploads\/2024\/07\/WhatsApp-Image-2024-07-16-at-15.00.55-635x1024.jpeg 635w, https:\/\/noticiaempauta.com\/portal\/wp-content\/uploads\/2024\/07\/WhatsApp-Image-2024-07-16-at-15.00.55-186x300.jpeg 186w, https:\/\/noticiaempauta.com\/portal\/wp-content\/uploads\/2024\/07\/WhatsApp-Image-2024-07-16-at-15.00.55-768x1239.jpeg 768w, https:\/\/noticiaempauta.com\/portal\/wp-content\/uploads\/2024\/07\/WhatsApp-Image-2024-07-16-at-15.00.55.jpeg 900w\" sizes=\"(max-width: 635px) 100vw, 635px\" \/><\/figure>\n\n\n\n<p><\/p>\n","protected":false},"excerpt":{"rendered":"<p>O Movimento Democr\u00e1tico Brasileiro (MDB) do munic\u00edpio de Itain\u00f3polis-PI divulgou nesta ter\u00e7a-feira (16), a data da sua conven\u00e7\u00e3o partid\u00e1ria, quando ser\u00e3o homologadas as candidaturas do partido para concorrer \u00e0s elei\u00e7\u00f5es municipais de outubro deste ano. O evento acontecer\u00e1 no dia 27 de Julho, no hor\u00e1rio das 16h, no Gin\u00e1sio Poliesportivo da sede do munic\u00edpio, e [&hellip;]<\/p>\n","protected":false},"author":2,"featured_media":259796,"comment_status":"open","ping_status":"open","sticky":false,"template":"","format":"standard","meta":{"_mi_skip_tracking":false,"footnotes":""},"categories":[25,1,9,3,16],"tags":[192],"class_list":["post-259795","post","type-post","status-publish","format-standard","has-post-thumbnail","hentry","category-destaques-site","category-geral","category-municipios","category-politica","category-todas","tag-destaqueprincipal"],"acf":[],"yoast_head":"<!-- This site is optimized with the Yoast SEO Premium plugin v19.2 (Yoast SEO v26.9) - https:\/\/yoast.com\/product\/yoast-seo-premium-wordpress\/ -->\n<title>Conven\u00e7\u00e3o do MDB vai homologar as candidaturas de Maninho de Henrique e Z\u00e9 Carlos em Itain\u00f3polis no pr\u00f3ximo dia (27) - Portal Not\u00edcia em Pauta<\/title>\n<meta name=\"robots\" content=\"index, follow, max-snippet:-1, max-image-preview:large, max-video-preview:-1\" \/>\n<link rel=\"canonical\" href=\"https:\/\/noticiaempauta.com\/portal\/convencao-do-mdb-vai-homologar-as-candidaturas-de-maninho-de-henrique-e-ze-carlos-em-itainopolis-no-proximo-dia-27\/\" \/>\n<meta property=\"og:locale\" content=\"pt_BR\" \/>\n<meta property=\"og:type\" content=\"article\" \/>\n<meta property=\"og:title\" content=\"Conven\u00e7\u00e3o do MDB vai homologar as candidaturas de Maninho de Henrique e Z\u00e9 Carlos em Itain\u00f3polis no pr\u00f3ximo dia (27)\" \/>\n<meta property=\"og:description\" content=\"O Movimento Democr\u00e1tico Brasileiro (MDB) do munic\u00edpio de Itain\u00f3polis-PI divulgou nesta ter\u00e7a-feira (16), a data da sua conven\u00e7\u00e3o partid\u00e1ria, quando ser\u00e3o homologadas as candidaturas do partido para concorrer \u00e0s elei\u00e7\u00f5es municipais de outubro deste ano. O evento acontecer\u00e1 no dia 27 de Julho, no hor\u00e1rio das 16h, no Gin\u00e1sio Poliesportivo da sede do munic\u00edpio, e [&hellip;]\" \/>\n<meta property=\"og:url\" content=\"https:\/\/noticiaempauta.com\/portal\/convencao-do-mdb-vai-homologar-as-candidaturas-de-maninho-de-henrique-e-ze-carlos-em-itainopolis-no-proximo-dia-27\/\" \/>\n<meta property=\"og:site_name\" content=\"Portal Not\u00edcia em Pauta\" \/>\n<meta property=\"article:publisher\" content=\"https:\/\/www.facebook.com\/Portal-Notcia-Em-Pauta-102292869264820\/\" \/>\n<meta property=\"article:published_time\" content=\"2024-07-16T18:03:30+00:00\" \/>\n<meta property=\"article:modified_time\" content=\"2024-07-16T18:03:31+00:00\" \/>\n<meta property=\"og:image\" content=\"https:\/\/noticiaempauta.com\/portal\/wp-content\/uploads\/2024\/07\/WhatsApp-Image-2024-07-16-at-14.51.18.jpeg\" \/>\n\t<meta property=\"og:image:width\" content=\"938\" \/>\n\t<meta property=\"og:image:height\" content=\"768\" \/>\n\t<meta property=\"og:image:type\" content=\"image\/jpeg\" \/>\n<meta name=\"author\" content=\"Reda\u00e7\u00e3o\" \/>\n<meta name=\"twitter:card\" content=\"summary_large_image\" \/>\n<meta name=\"twitter:label1\" content=\"Escrito por\" \/>\n\t<meta name=\"twitter:data1\" content=\"Reda\u00e7\u00e3o\" \/>\n\t<meta name=\"twitter:label2\" content=\"Est. tempo de leitura\" \/>\n\t<meta name=\"twitter:data2\" content=\"2 minutos\" \/>\n<script type=\"application\/ld+json\" class=\"yoast-schema-graph\">{\"@context\":\"https:\/\/schema.org\",\"@graph\":[{\"@type\":\"Article\",\"@id\":\"https:\/\/noticiaempauta.com\/portal\/convencao-do-mdb-vai-homologar-as-candidaturas-de-maninho-de-henrique-e-ze-carlos-em-itainopolis-no-proximo-dia-27\/#article\",\"isPartOf\":{\"@id\":\"https:\/\/noticiaempauta.com\/portal\/convencao-do-mdb-vai-homologar-as-candidaturas-de-maninho-de-henrique-e-ze-carlos-em-itainopolis-no-proximo-dia-27\/\"},\"author\":{\"name\":\"Reda\u00e7\u00e3o\",\"@id\":\"https:\/\/noticiaempauta.com\/portal\/#\/schema\/person\/a74af43dd1ab3deca45f988c717d57ac\"},\"headline\":\"Conven\u00e7\u00e3o do MDB vai homologar as candidaturas de Maninho de Henrique e Z\u00e9 Carlos em Itain\u00f3polis no pr\u00f3ximo dia (27)\",\"datePublished\":\"2024-07-16T18:03:30+00:00\",\"dateModified\":\"2024-07-16T18:03:31+00:00\",\"mainEntityOfPage\":{\"@id\":\"https:\/\/noticiaempauta.com\/portal\/convencao-do-mdb-vai-homologar-as-candidaturas-de-maninho-de-henrique-e-ze-carlos-em-itainopolis-no-proximo-dia-27\/\"},\"wordCount\":184,\"commentCount\":0,\"publisher\":{\"@id\":\"https:\/\/noticiaempauta.com\/portal\/#organization\"},\"image\":{\"@id\":\"https:\/\/noticiaempauta.com\/portal\/convencao-do-mdb-vai-homologar-as-candidaturas-de-maninho-de-henrique-e-ze-carlos-em-itainopolis-no-proximo-dia-27\/#primaryimage\"},\"thumbnailUrl\":\"https:\/\/noticiaempauta.com\/portal\/wp-content\/uploads\/2024\/07\/WhatsApp-Image-2024-07-16-at-14.51.18.jpeg\",\"keywords\":[\"destaqueprincipal\"],\"articleSection\":[\"Destaques\",\"Geral\",\"Munic\u00edpios\",\"Pol\u00edtica\",\"Todas as Not\u00edcias\"],\"inLanguage\":\"pt-BR\",\"potentialAction\":[{\"@type\":\"CommentAction\",\"name\":\"Comment\",\"target\":[\"https:\/\/noticiaempauta.com\/portal\/convencao-do-mdb-vai-homologar-as-candidaturas-de-maninho-de-henrique-e-ze-carlos-em-itainopolis-no-proximo-dia-27\/#respond\"]}]},{\"@type\":\"WebPage\",\"@id\":\"https:\/\/noticiaempauta.com\/portal\/convencao-do-mdb-vai-homologar-as-candidaturas-de-maninho-de-henrique-e-ze-carlos-em-itainopolis-no-proximo-dia-27\/\",\"url\":\"https:\/\/noticiaempauta.com\/portal\/convencao-do-mdb-vai-homologar-as-candidaturas-de-maninho-de-henrique-e-ze-carlos-em-itainopolis-no-proximo-dia-27\/\",\"name\":\"Conven\u00e7\u00e3o do MDB vai homologar as candidaturas de Maninho de Henrique e Z\u00e9 Carlos em Itain\u00f3polis no pr\u00f3ximo dia (27) - Portal Not\u00edcia em Pauta\",\"isPartOf\":{\"@id\":\"https:\/\/noticiaempauta.com\/portal\/#website\"},\"primaryImageOfPage\":{\"@id\":\"https:\/\/noticiaempauta.com\/portal\/convencao-do-mdb-vai-homologar-as-candidaturas-de-maninho-de-henrique-e-ze-carlos-em-itainopolis-no-proximo-dia-27\/#primaryimage\"},\"image\":{\"@id\":\"https:\/\/noticiaempauta.com\/portal\/convencao-do-mdb-vai-homologar-as-candidaturas-de-maninho-de-henrique-e-ze-carlos-em-itainopolis-no-proximo-dia-27\/#primaryimage\"},\"thumbnailUrl\":\"https:\/\/noticiaempauta.com\/portal\/wp-content\/uploads\/2024\/07\/WhatsApp-Image-2024-07-16-at-14.51.18.jpeg\",\"datePublished\":\"2024-07-16T18:03:30+00:00\",\"dateModified\":\"2024-07-16T18:03:31+00:00\",\"breadcrumb\":{\"@id\":\"https:\/\/noticiaempauta.com\/portal\/convencao-do-mdb-vai-homologar-as-candidaturas-de-maninho-de-henrique-e-ze-carlos-em-itainopolis-no-proximo-dia-27\/#breadcrumb\"},\"inLanguage\":\"pt-BR\",\"potentialAction\":[{\"@type\":\"ReadAction\",\"target\":[\"https:\/\/noticiaempauta.com\/portal\/convencao-do-mdb-vai-homologar-as-candidaturas-de-maninho-de-henrique-e-ze-carlos-em-itainopolis-no-proximo-dia-27\/\"]}]},{\"@type\":\"ImageObject\",\"inLanguage\":\"pt-BR\",\"@id\":\"https:\/\/noticiaempauta.com\/portal\/convencao-do-mdb-vai-homologar-as-candidaturas-de-maninho-de-henrique-e-ze-carlos-em-itainopolis-no-proximo-dia-27\/#primaryimage\",\"url\":\"https:\/\/noticiaempauta.com\/portal\/wp-content\/uploads\/2024\/07\/WhatsApp-Image-2024-07-16-at-14.51.18.jpeg\",\"contentUrl\":\"https:\/\/noticiaempauta.com\/portal\/wp-content\/uploads\/2024\/07\/WhatsApp-Image-2024-07-16-at-14.51.18.jpeg\",\"width\":938,\"height\":768},{\"@type\":\"BreadcrumbList\",\"@id\":\"https:\/\/noticiaempauta.com\/portal\/convencao-do-mdb-vai-homologar-as-candidaturas-de-maninho-de-henrique-e-ze-carlos-em-itainopolis-no-proximo-dia-27\/#breadcrumb\",\"itemListElement\":[{\"@type\":\"ListItem\",\"position\":1,\"name\":\"P\u00e1gina Inicial\",\"item\":\"https:\/\/noticiaempauta.com\/portal\/\"},{\"@type\":\"ListItem\",\"position\":2,\"name\":\"Destaques\",\"item\":\"https:\/\/noticiaempauta.com\/portal\/destaques-site\/\"},{\"@type\":\"ListItem\",\"position\":3,\"name\":\"Conven\u00e7\u00e3o do MDB vai homologar as candidaturas de Maninho de Henrique e Z\u00e9 Carlos em Itain\u00f3polis no pr\u00f3ximo dia (27)\"}]},{\"@type\":\"WebSite\",\"@id\":\"https:\/\/noticiaempauta.com\/portal\/#website\",\"url\":\"https:\/\/noticiaempauta.com\/portal\/\",\"name\":\"Portal Not\u00edcia em Pauta\",\"description\":\"Voc\u00ea bem informado\",\"publisher\":{\"@id\":\"https:\/\/noticiaempauta.com\/portal\/#organization\"},\"potentialAction\":[{\"@type\":\"SearchAction\",\"target\":{\"@type\":\"EntryPoint\",\"urlTemplate\":\"https:\/\/noticiaempauta.com\/portal\/?s={search_term_string}\"},\"query-input\":{\"@type\":\"PropertyValueSpecification\",\"valueRequired\":true,\"valueName\":\"search_term_string\"}}],\"inLanguage\":\"pt-BR\"},{\"@type\":\"Organization\",\"@id\":\"https:\/\/noticiaempauta.com\/portal\/#organization\",\"name\":\"Portal Not\u00edcia em Pauta\",\"url\":\"https:\/\/noticiaempauta.com\/portal\/\",\"logo\":{\"@type\":\"ImageObject\",\"inLanguage\":\"pt-BR\",\"@id\":\"https:\/\/noticiaempauta.com\/portal\/#\/schema\/logo\/image\/\",\"url\":\"https:\/\/noticiaempauta.com\/portal\/wp-content\/uploads\/2022\/08\/logomarca_tema.fw_.png\",\"contentUrl\":\"https:\/\/noticiaempauta.com\/portal\/wp-content\/uploads\/2022\/08\/logomarca_tema.fw_.png\",\"width\":400,\"height\":232,\"caption\":\"Portal Not\u00edcia em Pauta\"},\"image\":{\"@id\":\"https:\/\/noticiaempauta.com\/portal\/#\/schema\/logo\/image\/\"},\"sameAs\":[\"https:\/\/www.facebook.com\/Portal-Notcia-Em-Pauta-102292869264820\/\",\"https:\/\/www.instagram.com\/portalnoticiaempauta\/\"]},{\"@type\":\"Person\",\"@id\":\"https:\/\/noticiaempauta.com\/portal\/#\/schema\/person\/a74af43dd1ab3deca45f988c717d57ac\",\"name\":\"Reda\u00e7\u00e3o\",\"image\":{\"@type\":\"ImageObject\",\"inLanguage\":\"pt-BR\",\"@id\":\"https:\/\/noticiaempauta.com\/portal\/#\/schema\/person\/image\/\",\"url\":\"https:\/\/secure.gravatar.com\/avatar\/03179346ecce6cdfc13361603e8f54242a90e5cde8618fa23c5c00aa2b0aadf3?s=96&d=mm&r=g\",\"contentUrl\":\"https:\/\/secure.gravatar.com\/avatar\/03179346ecce6cdfc13361603e8f54242a90e5cde8618fa23c5c00aa2b0aadf3?s=96&d=mm&r=g\",\"caption\":\"Reda\u00e7\u00e3o\"},\"sameAs\":[\"https:\/\/noticiaempauta.com\/portal\/\"],\"url\":\"https:\/\/noticiaempauta.com\/portal\/author\/fernando\/\"}]}<\/script>\n<!-- \/ Yoast SEO Premium plugin. -->","yoast_head_json":{"title":"Conven\u00e7\u00e3o do MDB vai homologar as candidaturas de Maninho de Henrique e Z\u00e9 Carlos em Itain\u00f3polis no pr\u00f3ximo dia (27) - Portal Not\u00edcia em Pauta","robots":{"index":"index","follow":"follow","max-snippet":"max-snippet:-1","max-image-preview":"max-image-preview:large","max-video-preview":"max-video-preview:-1"},"canonical":"https:\/\/noticiaempauta.com\/portal\/convencao-do-mdb-vai-homologar-as-candidaturas-de-maninho-de-henrique-e-ze-carlos-em-itainopolis-no-proximo-dia-27\/","og_locale":"pt_BR","og_type":"article","og_title":"Conven\u00e7\u00e3o do MDB vai homologar as candidaturas de Maninho de Henrique e Z\u00e9 Carlos em Itain\u00f3polis no pr\u00f3ximo dia (27)","og_description":"O Movimento Democr\u00e1tico Brasileiro (MDB) do munic\u00edpio de Itain\u00f3polis-PI divulgou nesta ter\u00e7a-feira (16), a data da sua conven\u00e7\u00e3o partid\u00e1ria, quando ser\u00e3o homologadas as candidaturas do partido para concorrer \u00e0s elei\u00e7\u00f5es municipais de outubro deste ano. O evento acontecer\u00e1 no dia 27 de Julho, no hor\u00e1rio das 16h, no Gin\u00e1sio Poliesportivo da sede do munic\u00edpio, e [&hellip;]","og_url":"https:\/\/noticiaempauta.com\/portal\/convencao-do-mdb-vai-homologar-as-candidaturas-de-maninho-de-henrique-e-ze-carlos-em-itainopolis-no-proximo-dia-27\/","og_site_name":"Portal Not\u00edcia em Pauta","article_publisher":"https:\/\/www.facebook.com\/Portal-Notcia-Em-Pauta-102292869264820\/","article_published_time":"2024-07-16T18:03:30+00:00","article_modified_time":"2024-07-16T18:03:31+00:00","og_image":[{"width":938,"height":768,"url":"https:\/\/noticiaempauta.com\/portal\/wp-content\/uploads\/2024\/07\/WhatsApp-Image-2024-07-16-at-14.51.18.jpeg","type":"image\/jpeg"}],"author":"Reda\u00e7\u00e3o","twitter_card":"summary_large_image","twitter_misc":{"Escrito por":"Reda\u00e7\u00e3o","Est. tempo de leitura":"2 minutos"},"schema":{"@context":"https:\/\/schema.org","@graph":[{"@type":"Article","@id":"https:\/\/noticiaempauta.com\/portal\/convencao-do-mdb-vai-homologar-as-candidaturas-de-maninho-de-henrique-e-ze-carlos-em-itainopolis-no-proximo-dia-27\/#article","isPartOf":{"@id":"https:\/\/noticiaempauta.com\/portal\/convencao-do-mdb-vai-homologar-as-candidaturas-de-maninho-de-henrique-e-ze-carlos-em-itainopolis-no-proximo-dia-27\/"},"author":{"name":"Reda\u00e7\u00e3o","@id":"https:\/\/noticiaempauta.com\/portal\/#\/schema\/person\/a74af43dd1ab3deca45f988c717d57ac"},"headline":"Conven\u00e7\u00e3o do MDB vai homologar as candidaturas de Maninho de Henrique e Z\u00e9 Carlos em Itain\u00f3polis no pr\u00f3ximo dia (27)","datePublished":"2024-07-16T18:03:30+00:00","dateModified":"2024-07-16T18:03:31+00:00","mainEntityOfPage":{"@id":"https:\/\/noticiaempauta.com\/portal\/convencao-do-mdb-vai-homologar-as-candidaturas-de-maninho-de-henrique-e-ze-carlos-em-itainopolis-no-proximo-dia-27\/"},"wordCount":184,"commentCount":0,"publisher":{"@id":"https:\/\/noticiaempauta.com\/portal\/#organization"},"image":{"@id":"https:\/\/noticiaempauta.com\/portal\/convencao-do-mdb-vai-homologar-as-candidaturas-de-maninho-de-henrique-e-ze-carlos-em-itainopolis-no-proximo-dia-27\/#primaryimage"},"thumbnailUrl":"https:\/\/noticiaempauta.com\/portal\/wp-content\/uploads\/2024\/07\/WhatsApp-Image-2024-07-16-at-14.51.18.jpeg","keywords":["destaqueprincipal"],"articleSection":["Destaques","Geral","Munic\u00edpios","Pol\u00edtica","Todas as Not\u00edcias"],"inLanguage":"pt-BR","potentialAction":[{"@type":"CommentAction","name":"Comment","target":["https:\/\/noticiaempauta.com\/portal\/convencao-do-mdb-vai-homologar-as-candidaturas-de-maninho-de-henrique-e-ze-carlos-em-itainopolis-no-proximo-dia-27\/#respond"]}]},{"@type":"WebPage","@id":"https:\/\/noticiaempauta.com\/portal\/convencao-do-mdb-vai-homologar-as-candidaturas-de-maninho-de-henrique-e-ze-carlos-em-itainopolis-no-proximo-dia-27\/","url":"https:\/\/noticiaempauta.com\/portal\/convencao-do-mdb-vai-homologar-as-candidaturas-de-maninho-de-henrique-e-ze-carlos-em-itainopolis-no-proximo-dia-27\/","name":"Conven\u00e7\u00e3o do MDB vai homologar as candidaturas de Maninho de Henrique e Z\u00e9 Carlos em Itain\u00f3polis no pr\u00f3ximo dia (27) - Portal Not\u00edcia em Pauta","isPartOf":{"@id":"https:\/\/noticiaempauta.com\/portal\/#website"},"primaryImageOfPage":{"@id":"https:\/\/noticiaempauta.com\/portal\/convencao-do-mdb-vai-homologar-as-candidaturas-de-maninho-de-henrique-e-ze-carlos-em-itainopolis-no-proximo-dia-27\/#primaryimage"},"image":{"@id":"https:\/\/noticiaempauta.com\/portal\/convencao-do-mdb-vai-homologar-as-candidaturas-de-maninho-de-henrique-e-ze-carlos-em-itainopolis-no-proximo-dia-27\/#primaryimage"},"thumbnailUrl":"https:\/\/noticiaempauta.com\/portal\/wp-content\/uploads\/2024\/07\/WhatsApp-Image-2024-07-16-at-14.51.18.jpeg","datePublished":"2024-07-16T18:03:30+00:00","dateModified":"2024-07-16T18:03:31+00:00","breadcrumb":{"@id":"https:\/\/noticiaempauta.com\/portal\/convencao-do-mdb-vai-homologar-as-candidaturas-de-maninho-de-henrique-e-ze-carlos-em-itainopolis-no-proximo-dia-27\/#breadcrumb"},"inLanguage":"pt-BR","potentialAction":[{"@type":"ReadAction","target":["https:\/\/noticiaempauta.com\/portal\/convencao-do-mdb-vai-homologar-as-candidaturas-de-maninho-de-henrique-e-ze-carlos-em-itainopolis-no-proximo-dia-27\/"]}]},{"@type":"ImageObject","inLanguage":"pt-BR","@id":"https:\/\/noticiaempauta.com\/portal\/convencao-do-mdb-vai-homologar-as-candidaturas-de-maninho-de-henrique-e-ze-carlos-em-itainopolis-no-proximo-dia-27\/#primaryimage","url":"https:\/\/noticiaempauta.com\/portal\/wp-content\/uploads\/2024\/07\/WhatsApp-Image-2024-07-16-at-14.51.18.jpeg","contentUrl":"https:\/\/noticiaempauta.com\/portal\/wp-content\/uploads\/2024\/07\/WhatsApp-Image-2024-07-16-at-14.51.18.jpeg","width":938,"height":768},{"@type":"BreadcrumbList","@id":"https:\/\/noticiaempauta.com\/portal\/convencao-do-mdb-vai-homologar-as-candidaturas-de-maninho-de-henrique-e-ze-carlos-em-itainopolis-no-proximo-dia-27\/#breadcrumb","itemListElement":[{"@type":"ListItem","position":1,"name":"P\u00e1gina Inicial","item":"https:\/\/noticiaempauta.com\/portal\/"},{"@type":"ListItem","position":2,"name":"Destaques","item":"https:\/\/noticiaempauta.com\/portal\/destaques-site\/"},{"@type":"ListItem","position":3,"name":"Conven\u00e7\u00e3o do MDB vai homologar as candidaturas de Maninho de Henrique e Z\u00e9 Carlos em Itain\u00f3polis no pr\u00f3ximo dia (27)"}]},{"@type":"WebSite","@id":"https:\/\/noticiaempauta.com\/portal\/#website","url":"https:\/\/noticiaempauta.com\/portal\/","name":"Portal Not\u00edcia em Pauta","description":"Voc\u00ea bem informado","publisher":{"@id":"https:\/\/noticiaempauta.com\/portal\/#organization"},"potentialAction":[{"@type":"SearchAction","target":{"@type":"EntryPoint","urlTemplate":"https:\/\/noticiaempauta.com\/portal\/?s={search_term_string}"},"query-input":{"@type":"PropertyValueSpecification","valueRequired":true,"valueName":"search_term_string"}}],"inLanguage":"pt-BR"},{"@type":"Organization","@id":"https:\/\/noticiaempauta.com\/portal\/#organization","name":"Portal Not\u00edcia em Pauta","url":"https:\/\/noticiaempauta.com\/portal\/","logo":{"@type":"ImageObject","inLanguage":"pt-BR","@id":"https:\/\/noticiaempauta.com\/portal\/#\/schema\/logo\/image\/","url":"https:\/\/noticiaempauta.com\/portal\/wp-content\/uploads\/2022\/08\/logomarca_tema.fw_.png","contentUrl":"https:\/\/noticiaempauta.com\/portal\/wp-content\/uploads\/2022\/08\/logomarca_tema.fw_.png","width":400,"height":232,"caption":"Portal Not\u00edcia em Pauta"},"image":{"@id":"https:\/\/noticiaempauta.com\/portal\/#\/schema\/logo\/image\/"},"sameAs":["https:\/\/www.facebook.com\/Portal-Notcia-Em-Pauta-102292869264820\/","https:\/\/www.instagram.com\/portalnoticiaempauta\/"]},{"@type":"Person","@id":"https:\/\/noticiaempauta.com\/portal\/#\/schema\/person\/a74af43dd1ab3deca45f988c717d57ac","name":"Reda\u00e7\u00e3o","image":{"@type":"ImageObject","inLanguage":"pt-BR","@id":"https:\/\/noticiaempauta.com\/portal\/#\/schema\/person\/image\/","url":"https:\/\/secure.gravatar.com\/avatar\/03179346ecce6cdfc13361603e8f54242a90e5cde8618fa23c5c00aa2b0aadf3?s=96&d=mm&r=g","contentUrl":"https:\/\/secure.gravatar.com\/avatar\/03179346ecce6cdfc13361603e8f54242a90e5cde8618fa23c5c00aa2b0aadf3?s=96&d=mm&r=g","caption":"Reda\u00e7\u00e3o"},"sameAs":["https:\/\/noticiaempauta.com\/portal\/"],"url":"https:\/\/noticiaempauta.com\/portal\/author\/fernando\/"}]}},"_links":{"self":[{"href":"https:\/\/noticiaempauta.com\/portal\/wp-json\/wp\/v2\/posts\/259795","targetHints":{"allow":["GET"]}}],"collection":[{"href":"https:\/\/noticiaempauta.com\/portal\/wp-json\/wp\/v2\/posts"}],"about":[{"href":"https:\/\/noticiaempauta.com\/portal\/wp-json\/wp\/v2\/types\/post"}],"author":[{"embeddable":true,"href":"https:\/\/noticiaempauta.com\/portal\/wp-json\/wp\/v2\/users\/2"}],"replies":[{"embeddable":true,"href":"https:\/\/noticiaempauta.com\/portal\/wp-json\/wp\/v2\/comments?post=259795"}],"version-history":[{"count":2,"href":"https:\/\/noticiaempauta.com\/portal\/wp-json\/wp\/v2\/posts\/259795\/revisions"}],"predecessor-version":[{"id":259799,"href":"https:\/\/noticiaempauta.com\/portal\/wp-json\/wp\/v2\/posts\/259795\/revisions\/259799"}],"wp:featuredmedia":[{"embeddable":true,"href":"https:\/\/noticiaempauta.com\/portal\/wp-json\/wp\/v2\/media\/259796"}],"wp:attachment":[{"href":"https:\/\/noticiaempauta.com\/portal\/wp-json\/wp\/v2\/media?parent=259795"}],"wp:term":[{"taxonomy":"category","embeddable":true,"href":"https:\/\/noticiaempauta.com\/portal\/wp-json\/wp\/v2\/categories?post=259795"},{"taxonomy":"post_tag","embeddable":true,"href":"https:\/\/noticiaempauta.com\/portal\/wp-json\/wp\/v2\/tags?post=259795"}],"curies":[{"name":"wp","href":"https:\/\/api.w.org\/{rel}","templated":true}]}}