{"id":259802,"date":"2024-07-17T09:09:35","date_gmt":"2024-07-17T12:09:35","guid":{"rendered":"https:\/\/noticiaempauta.com\/portal\/?p=259802"},"modified":"2024-07-17T09:09:35","modified_gmt":"2024-07-17T12:09:35","slug":"iv-copa-paqueta-de-futsal-tera-inicio-nesta-sexta-19","status":"publish","type":"post","link":"https:\/\/noticiaempauta.com\/portal\/iv-copa-paqueta-de-futsal-tera-inicio-nesta-sexta-19\/","title":{"rendered":"IV Copa Paquet\u00e1 de Futsal ter\u00e1 in\u00edcio nesta sexta (19)"},"content":{"rendered":"\n<p>Vai ter in\u00edcio esta semana a maior competi\u00e7\u00e3o do esporte amador da cidade de Paquet\u00e1 do Piau\u00ed que mais uma vez promete movimentar toda Regi\u00e3o do munic\u00edpio paquetaense.<\/p>\n\n\n\n<figure class=\"wp-block-image size-large\"><img fetchpriority=\"high\" decoding=\"async\" width=\"1024\" height=\"683\" src=\"https:\/\/noticiaempauta.com\/portal\/wp-content\/uploads\/2024\/07\/IMG_1808-1024x683.webp\" alt=\"\" class=\"wp-image-259803\" srcset=\"https:\/\/noticiaempauta.com\/portal\/wp-content\/uploads\/2024\/07\/IMG_1808-1024x683.webp 1024w, https:\/\/noticiaempauta.com\/portal\/wp-content\/uploads\/2024\/07\/IMG_1808-300x200.webp 300w, https:\/\/noticiaempauta.com\/portal\/wp-content\/uploads\/2024\/07\/IMG_1808-768x512.webp 768w, https:\/\/noticiaempauta.com\/portal\/wp-content\/uploads\/2024\/07\/IMG_1808.webp 1200w\" sizes=\"(max-width: 1024px) 100vw, 1024px\" \/><\/figure>\n\n\n\n<p>A solenidade de abertura da IV Copa Paquet\u00e1 de Futsal acontecer\u00e1 na pr\u00f3xima sexta-feira (19), a partir das 18h00min, no Gin\u00e1sio Poliesportivo Francisco Rodrigues da Silva, na sede.<\/p>\n\n\n\n<p>Quatro partidas v\u00e3o abrir a primeira rodada da competi\u00e7\u00e3o organizada pela Prefeitura de Paquet\u00e1 do Piau\u00ed, atrav\u00e9s da Secretaria Municipal de Esporte do Piau\u00ed.<\/p>\n\n\n\n<p>Vencedora da III Copa Paquet\u00e1 de Futsal, a equipe do Manchester City vai defender o t\u00edtulo da competi\u00e7\u00e3o.<\/p>\n\n\n\n<p>&nbsp;O campeonato distribuiu uma premia\u00e7\u00e3o em dinheiros para os tr\u00eas primeiros colocados, al\u00e9m de trof\u00e9u e medalhas.<\/p>\n\n\n\n<p><strong><em>Fonte: Portal O Povo<\/em><\/strong><\/p>\n","protected":false},"excerpt":{"rendered":"<p>Vai ter in\u00edcio esta semana a maior competi\u00e7\u00e3o do esporte amador da cidade de Paquet\u00e1 do Piau\u00ed que mais uma vez promete movimentar toda Regi\u00e3o do munic\u00edpio paquetaense. A solenidade de abertura da IV Copa Paquet\u00e1 de Futsal acontecer\u00e1 na pr\u00f3xima sexta-feira (19), a partir das 18h00min, no Gin\u00e1sio Poliesportivo Francisco Rodrigues da Silva, na [&hellip;]<\/p>\n","protected":false},"author":2,"featured_media":259803,"comment_status":"open","ping_status":"open","sticky":false,"template":"","format":"standard","meta":{"_mi_skip_tracking":false,"footnotes":""},"categories":[25,26,1,9,16],"tags":[192],"class_list":["post-259802","post","type-post","status-publish","format-standard","has-post-thumbnail","hentry","category-destaques-site","category-esporte","category-geral","category-municipios","category-todas","tag-destaqueprincipal"],"acf":[],"yoast_head":"<!-- This site is optimized with the Yoast SEO Premium plugin v19.2 (Yoast SEO v26.9) - https:\/\/yoast.com\/product\/yoast-seo-premium-wordpress\/ -->\n<title>IV Copa Paquet\u00e1 de Futsal ter\u00e1 in\u00edcio nesta sexta (19) - Portal Not\u00edcia em Pauta<\/title>\n<meta name=\"robots\" content=\"index, follow, max-snippet:-1, max-image-preview:large, max-video-preview:-1\" \/>\n<link rel=\"canonical\" href=\"https:\/\/noticiaempauta.com\/portal\/iv-copa-paqueta-de-futsal-tera-inicio-nesta-sexta-19\/\" \/>\n<meta property=\"og:locale\" content=\"pt_BR\" \/>\n<meta property=\"og:type\" content=\"article\" \/>\n<meta property=\"og:title\" content=\"IV Copa Paquet\u00e1 de Futsal ter\u00e1 in\u00edcio nesta sexta (19)\" \/>\n<meta property=\"og:description\" content=\"Vai ter in\u00edcio esta semana a maior competi\u00e7\u00e3o do esporte amador da cidade de Paquet\u00e1 do Piau\u00ed que mais uma vez promete movimentar toda Regi\u00e3o do munic\u00edpio paquetaense. A solenidade de abertura da IV Copa Paquet\u00e1 de Futsal acontecer\u00e1 na pr\u00f3xima sexta-feira (19), a partir das 18h00min, no Gin\u00e1sio Poliesportivo Francisco Rodrigues da Silva, na [&hellip;]\" \/>\n<meta property=\"og:url\" content=\"https:\/\/noticiaempauta.com\/portal\/iv-copa-paqueta-de-futsal-tera-inicio-nesta-sexta-19\/\" \/>\n<meta property=\"og:site_name\" content=\"Portal Not\u00edcia em Pauta\" \/>\n<meta property=\"article:publisher\" content=\"https:\/\/www.facebook.com\/Portal-Notcia-Em-Pauta-102292869264820\/\" \/>\n<meta property=\"article:published_time\" content=\"2024-07-17T12:09:35+00:00\" \/>\n<meta property=\"og:image\" content=\"https:\/\/noticiaempauta.com\/portal\/wp-content\/uploads\/2024\/07\/IMG_1808.webp\" \/>\n\t<meta property=\"og:image:width\" content=\"1200\" \/>\n\t<meta property=\"og:image:height\" content=\"800\" \/>\n\t<meta property=\"og:image:type\" content=\"image\/webp\" \/>\n<meta name=\"author\" content=\"Reda\u00e7\u00e3o\" \/>\n<meta name=\"twitter:card\" content=\"summary_large_image\" \/>\n<meta name=\"twitter:label1\" content=\"Escrito por\" \/>\n\t<meta name=\"twitter:data1\" content=\"Reda\u00e7\u00e3o\" \/>\n\t<meta name=\"twitter:label2\" content=\"Est. tempo de leitura\" \/>\n\t<meta name=\"twitter:data2\" content=\"2 minutos\" \/>\n<script type=\"application\/ld+json\" class=\"yoast-schema-graph\">{\"@context\":\"https:\/\/schema.org\",\"@graph\":[{\"@type\":\"Article\",\"@id\":\"https:\/\/noticiaempauta.com\/portal\/iv-copa-paqueta-de-futsal-tera-inicio-nesta-sexta-19\/#article\",\"isPartOf\":{\"@id\":\"https:\/\/noticiaempauta.com\/portal\/iv-copa-paqueta-de-futsal-tera-inicio-nesta-sexta-19\/\"},\"author\":{\"name\":\"Reda\u00e7\u00e3o\",\"@id\":\"https:\/\/noticiaempauta.com\/portal\/#\/schema\/person\/a74af43dd1ab3deca45f988c717d57ac\"},\"headline\":\"IV Copa Paquet\u00e1 de Futsal ter\u00e1 in\u00edcio nesta sexta (19)\",\"datePublished\":\"2024-07-17T12:09:35+00:00\",\"mainEntityOfPage\":{\"@id\":\"https:\/\/noticiaempauta.com\/portal\/iv-copa-paqueta-de-futsal-tera-inicio-nesta-sexta-19\/\"},\"wordCount\":145,\"commentCount\":0,\"publisher\":{\"@id\":\"https:\/\/noticiaempauta.com\/portal\/#organization\"},\"image\":{\"@id\":\"https:\/\/noticiaempauta.com\/portal\/iv-copa-paqueta-de-futsal-tera-inicio-nesta-sexta-19\/#primaryimage\"},\"thumbnailUrl\":\"https:\/\/noticiaempauta.com\/portal\/wp-content\/uploads\/2024\/07\/IMG_1808.webp\",\"keywords\":[\"destaqueprincipal\"],\"articleSection\":[\"Destaques\",\"Esporte\",\"Geral\",\"Munic\u00edpios\",\"Todas as Not\u00edcias\"],\"inLanguage\":\"pt-BR\",\"potentialAction\":[{\"@type\":\"CommentAction\",\"name\":\"Comment\",\"target\":[\"https:\/\/noticiaempauta.com\/portal\/iv-copa-paqueta-de-futsal-tera-inicio-nesta-sexta-19\/#respond\"]}]},{\"@type\":\"WebPage\",\"@id\":\"https:\/\/noticiaempauta.com\/portal\/iv-copa-paqueta-de-futsal-tera-inicio-nesta-sexta-19\/\",\"url\":\"https:\/\/noticiaempauta.com\/portal\/iv-copa-paqueta-de-futsal-tera-inicio-nesta-sexta-19\/\",\"name\":\"IV Copa Paquet\u00e1 de Futsal ter\u00e1 in\u00edcio nesta sexta (19) - Portal Not\u00edcia em Pauta\",\"isPartOf\":{\"@id\":\"https:\/\/noticiaempauta.com\/portal\/#website\"},\"primaryImageOfPage\":{\"@id\":\"https:\/\/noticiaempauta.com\/portal\/iv-copa-paqueta-de-futsal-tera-inicio-nesta-sexta-19\/#primaryimage\"},\"image\":{\"@id\":\"https:\/\/noticiaempauta.com\/portal\/iv-copa-paqueta-de-futsal-tera-inicio-nesta-sexta-19\/#primaryimage\"},\"thumbnailUrl\":\"https:\/\/noticiaempauta.com\/portal\/wp-content\/uploads\/2024\/07\/IMG_1808.webp\",\"datePublished\":\"2024-07-17T12:09:35+00:00\",\"breadcrumb\":{\"@id\":\"https:\/\/noticiaempauta.com\/portal\/iv-copa-paqueta-de-futsal-tera-inicio-nesta-sexta-19\/#breadcrumb\"},\"inLanguage\":\"pt-BR\",\"potentialAction\":[{\"@type\":\"ReadAction\",\"target\":[\"https:\/\/noticiaempauta.com\/portal\/iv-copa-paqueta-de-futsal-tera-inicio-nesta-sexta-19\/\"]}]},{\"@type\":\"ImageObject\",\"inLanguage\":\"pt-BR\",\"@id\":\"https:\/\/noticiaempauta.com\/portal\/iv-copa-paqueta-de-futsal-tera-inicio-nesta-sexta-19\/#primaryimage\",\"url\":\"https:\/\/noticiaempauta.com\/portal\/wp-content\/uploads\/2024\/07\/IMG_1808.webp\",\"contentUrl\":\"https:\/\/noticiaempauta.com\/portal\/wp-content\/uploads\/2024\/07\/IMG_1808.webp\",\"width\":1200,\"height\":800},{\"@type\":\"BreadcrumbList\",\"@id\":\"https:\/\/noticiaempauta.com\/portal\/iv-copa-paqueta-de-futsal-tera-inicio-nesta-sexta-19\/#breadcrumb\",\"itemListElement\":[{\"@type\":\"ListItem\",\"position\":1,\"name\":\"P\u00e1gina Inicial\",\"item\":\"https:\/\/noticiaempauta.com\/portal\/\"},{\"@type\":\"ListItem\",\"position\":2,\"name\":\"Destaques\",\"item\":\"https:\/\/noticiaempauta.com\/portal\/destaques-site\/\"},{\"@type\":\"ListItem\",\"position\":3,\"name\":\"IV Copa Paquet\u00e1 de Futsal ter\u00e1 in\u00edcio nesta sexta (19)\"}]},{\"@type\":\"WebSite\",\"@id\":\"https:\/\/noticiaempauta.com\/portal\/#website\",\"url\":\"https:\/\/noticiaempauta.com\/portal\/\",\"name\":\"Portal Not\u00edcia em Pauta\",\"description\":\"Voc\u00ea bem informado\",\"publisher\":{\"@id\":\"https:\/\/noticiaempauta.com\/portal\/#organization\"},\"potentialAction\":[{\"@type\":\"SearchAction\",\"target\":{\"@type\":\"EntryPoint\",\"urlTemplate\":\"https:\/\/noticiaempauta.com\/portal\/?s={search_term_string}\"},\"query-input\":{\"@type\":\"PropertyValueSpecification\",\"valueRequired\":true,\"valueName\":\"search_term_string\"}}],\"inLanguage\":\"pt-BR\"},{\"@type\":\"Organization\",\"@id\":\"https:\/\/noticiaempauta.com\/portal\/#organization\",\"name\":\"Portal Not\u00edcia em Pauta\",\"url\":\"https:\/\/noticiaempauta.com\/portal\/\",\"logo\":{\"@type\":\"ImageObject\",\"inLanguage\":\"pt-BR\",\"@id\":\"https:\/\/noticiaempauta.com\/portal\/#\/schema\/logo\/image\/\",\"url\":\"https:\/\/noticiaempauta.com\/portal\/wp-content\/uploads\/2022\/08\/logomarca_tema.fw_.png\",\"contentUrl\":\"https:\/\/noticiaempauta.com\/portal\/wp-content\/uploads\/2022\/08\/logomarca_tema.fw_.png\",\"width\":400,\"height\":232,\"caption\":\"Portal Not\u00edcia em Pauta\"},\"image\":{\"@id\":\"https:\/\/noticiaempauta.com\/portal\/#\/schema\/logo\/image\/\"},\"sameAs\":[\"https:\/\/www.facebook.com\/Portal-Notcia-Em-Pauta-102292869264820\/\",\"https:\/\/www.instagram.com\/portalnoticiaempauta\/\"]},{\"@type\":\"Person\",\"@id\":\"https:\/\/noticiaempauta.com\/portal\/#\/schema\/person\/a74af43dd1ab3deca45f988c717d57ac\",\"name\":\"Reda\u00e7\u00e3o\",\"image\":{\"@type\":\"ImageObject\",\"inLanguage\":\"pt-BR\",\"@id\":\"https:\/\/noticiaempauta.com\/portal\/#\/schema\/person\/image\/\",\"url\":\"https:\/\/secure.gravatar.com\/avatar\/03179346ecce6cdfc13361603e8f54242a90e5cde8618fa23c5c00aa2b0aadf3?s=96&d=mm&r=g\",\"contentUrl\":\"https:\/\/secure.gravatar.com\/avatar\/03179346ecce6cdfc13361603e8f54242a90e5cde8618fa23c5c00aa2b0aadf3?s=96&d=mm&r=g\",\"caption\":\"Reda\u00e7\u00e3o\"},\"sameAs\":[\"https:\/\/noticiaempauta.com\/portal\/\"],\"url\":\"https:\/\/noticiaempauta.com\/portal\/author\/fernando\/\"}]}<\/script>\n<!-- \/ Yoast SEO Premium plugin. -->","yoast_head_json":{"title":"IV Copa Paquet\u00e1 de Futsal ter\u00e1 in\u00edcio nesta sexta (19) - Portal Not\u00edcia em Pauta","robots":{"index":"index","follow":"follow","max-snippet":"max-snippet:-1","max-image-preview":"max-image-preview:large","max-video-preview":"max-video-preview:-1"},"canonical":"https:\/\/noticiaempauta.com\/portal\/iv-copa-paqueta-de-futsal-tera-inicio-nesta-sexta-19\/","og_locale":"pt_BR","og_type":"article","og_title":"IV Copa Paquet\u00e1 de Futsal ter\u00e1 in\u00edcio nesta sexta (19)","og_description":"Vai ter in\u00edcio esta semana a maior competi\u00e7\u00e3o do esporte amador da cidade de Paquet\u00e1 do Piau\u00ed que mais uma vez promete movimentar toda Regi\u00e3o do munic\u00edpio paquetaense. A solenidade de abertura da IV Copa Paquet\u00e1 de Futsal acontecer\u00e1 na pr\u00f3xima sexta-feira (19), a partir das 18h00min, no Gin\u00e1sio Poliesportivo Francisco Rodrigues da Silva, na [&hellip;]","og_url":"https:\/\/noticiaempauta.com\/portal\/iv-copa-paqueta-de-futsal-tera-inicio-nesta-sexta-19\/","og_site_name":"Portal Not\u00edcia em Pauta","article_publisher":"https:\/\/www.facebook.com\/Portal-Notcia-Em-Pauta-102292869264820\/","article_published_time":"2024-07-17T12:09:35+00:00","og_image":[{"width":1200,"height":800,"url":"https:\/\/noticiaempauta.com\/portal\/wp-content\/uploads\/2024\/07\/IMG_1808.webp","type":"image\/webp"}],"author":"Reda\u00e7\u00e3o","twitter_card":"summary_large_image","twitter_misc":{"Escrito por":"Reda\u00e7\u00e3o","Est. tempo de leitura":"2 minutos"},"schema":{"@context":"https:\/\/schema.org","@graph":[{"@type":"Article","@id":"https:\/\/noticiaempauta.com\/portal\/iv-copa-paqueta-de-futsal-tera-inicio-nesta-sexta-19\/#article","isPartOf":{"@id":"https:\/\/noticiaempauta.com\/portal\/iv-copa-paqueta-de-futsal-tera-inicio-nesta-sexta-19\/"},"author":{"name":"Reda\u00e7\u00e3o","@id":"https:\/\/noticiaempauta.com\/portal\/#\/schema\/person\/a74af43dd1ab3deca45f988c717d57ac"},"headline":"IV Copa Paquet\u00e1 de Futsal ter\u00e1 in\u00edcio nesta sexta (19)","datePublished":"2024-07-17T12:09:35+00:00","mainEntityOfPage":{"@id":"https:\/\/noticiaempauta.com\/portal\/iv-copa-paqueta-de-futsal-tera-inicio-nesta-sexta-19\/"},"wordCount":145,"commentCount":0,"publisher":{"@id":"https:\/\/noticiaempauta.com\/portal\/#organization"},"image":{"@id":"https:\/\/noticiaempauta.com\/portal\/iv-copa-paqueta-de-futsal-tera-inicio-nesta-sexta-19\/#primaryimage"},"thumbnailUrl":"https:\/\/noticiaempauta.com\/portal\/wp-content\/uploads\/2024\/07\/IMG_1808.webp","keywords":["destaqueprincipal"],"articleSection":["Destaques","Esporte","Geral","Munic\u00edpios","Todas as Not\u00edcias"],"inLanguage":"pt-BR","potentialAction":[{"@type":"CommentAction","name":"Comment","target":["https:\/\/noticiaempauta.com\/portal\/iv-copa-paqueta-de-futsal-tera-inicio-nesta-sexta-19\/#respond"]}]},{"@type":"WebPage","@id":"https:\/\/noticiaempauta.com\/portal\/iv-copa-paqueta-de-futsal-tera-inicio-nesta-sexta-19\/","url":"https:\/\/noticiaempauta.com\/portal\/iv-copa-paqueta-de-futsal-tera-inicio-nesta-sexta-19\/","name":"IV Copa Paquet\u00e1 de Futsal ter\u00e1 in\u00edcio nesta sexta (19) - Portal Not\u00edcia em Pauta","isPartOf":{"@id":"https:\/\/noticiaempauta.com\/portal\/#website"},"primaryImageOfPage":{"@id":"https:\/\/noticiaempauta.com\/portal\/iv-copa-paqueta-de-futsal-tera-inicio-nesta-sexta-19\/#primaryimage"},"image":{"@id":"https:\/\/noticiaempauta.com\/portal\/iv-copa-paqueta-de-futsal-tera-inicio-nesta-sexta-19\/#primaryimage"},"thumbnailUrl":"https:\/\/noticiaempauta.com\/portal\/wp-content\/uploads\/2024\/07\/IMG_1808.webp","datePublished":"2024-07-17T12:09:35+00:00","breadcrumb":{"@id":"https:\/\/noticiaempauta.com\/portal\/iv-copa-paqueta-de-futsal-tera-inicio-nesta-sexta-19\/#breadcrumb"},"inLanguage":"pt-BR","potentialAction":[{"@type":"ReadAction","target":["https:\/\/noticiaempauta.com\/portal\/iv-copa-paqueta-de-futsal-tera-inicio-nesta-sexta-19\/"]}]},{"@type":"ImageObject","inLanguage":"pt-BR","@id":"https:\/\/noticiaempauta.com\/portal\/iv-copa-paqueta-de-futsal-tera-inicio-nesta-sexta-19\/#primaryimage","url":"https:\/\/noticiaempauta.com\/portal\/wp-content\/uploads\/2024\/07\/IMG_1808.webp","contentUrl":"https:\/\/noticiaempauta.com\/portal\/wp-content\/uploads\/2024\/07\/IMG_1808.webp","width":1200,"height":800},{"@type":"BreadcrumbList","@id":"https:\/\/noticiaempauta.com\/portal\/iv-copa-paqueta-de-futsal-tera-inicio-nesta-sexta-19\/#breadcrumb","itemListElement":[{"@type":"ListItem","position":1,"name":"P\u00e1gina Inicial","item":"https:\/\/noticiaempauta.com\/portal\/"},{"@type":"ListItem","position":2,"name":"Destaques","item":"https:\/\/noticiaempauta.com\/portal\/destaques-site\/"},{"@type":"ListItem","position":3,"name":"IV Copa Paquet\u00e1 de Futsal ter\u00e1 in\u00edcio nesta sexta (19)"}]},{"@type":"WebSite","@id":"https:\/\/noticiaempauta.com\/portal\/#website","url":"https:\/\/noticiaempauta.com\/portal\/","name":"Portal Not\u00edcia em Pauta","description":"Voc\u00ea bem informado","publisher":{"@id":"https:\/\/noticiaempauta.com\/portal\/#organization"},"potentialAction":[{"@type":"SearchAction","target":{"@type":"EntryPoint","urlTemplate":"https:\/\/noticiaempauta.com\/portal\/?s={search_term_string}"},"query-input":{"@type":"PropertyValueSpecification","valueRequired":true,"valueName":"search_term_string"}}],"inLanguage":"pt-BR"},{"@type":"Organization","@id":"https:\/\/noticiaempauta.com\/portal\/#organization","name":"Portal Not\u00edcia em Pauta","url":"https:\/\/noticiaempauta.com\/portal\/","logo":{"@type":"ImageObject","inLanguage":"pt-BR","@id":"https:\/\/noticiaempauta.com\/portal\/#\/schema\/logo\/image\/","url":"https:\/\/noticiaempauta.com\/portal\/wp-content\/uploads\/2022\/08\/logomarca_tema.fw_.png","contentUrl":"https:\/\/noticiaempauta.com\/portal\/wp-content\/uploads\/2022\/08\/logomarca_tema.fw_.png","width":400,"height":232,"caption":"Portal Not\u00edcia em Pauta"},"image":{"@id":"https:\/\/noticiaempauta.com\/portal\/#\/schema\/logo\/image\/"},"sameAs":["https:\/\/www.facebook.com\/Portal-Notcia-Em-Pauta-102292869264820\/","https:\/\/www.instagram.com\/portalnoticiaempauta\/"]},{"@type":"Person","@id":"https:\/\/noticiaempauta.com\/portal\/#\/schema\/person\/a74af43dd1ab3deca45f988c717d57ac","name":"Reda\u00e7\u00e3o","image":{"@type":"ImageObject","inLanguage":"pt-BR","@id":"https:\/\/noticiaempauta.com\/portal\/#\/schema\/person\/image\/","url":"https:\/\/secure.gravatar.com\/avatar\/03179346ecce6cdfc13361603e8f54242a90e5cde8618fa23c5c00aa2b0aadf3?s=96&d=mm&r=g","contentUrl":"https:\/\/secure.gravatar.com\/avatar\/03179346ecce6cdfc13361603e8f54242a90e5cde8618fa23c5c00aa2b0aadf3?s=96&d=mm&r=g","caption":"Reda\u00e7\u00e3o"},"sameAs":["https:\/\/noticiaempauta.com\/portal\/"],"url":"https:\/\/noticiaempauta.com\/portal\/author\/fernando\/"}]}},"_links":{"self":[{"href":"https:\/\/noticiaempauta.com\/portal\/wp-json\/wp\/v2\/posts\/259802","targetHints":{"allow":["GET"]}}],"collection":[{"href":"https:\/\/noticiaempauta.com\/portal\/wp-json\/wp\/v2\/posts"}],"about":[{"href":"https:\/\/noticiaempauta.com\/portal\/wp-json\/wp\/v2\/types\/post"}],"author":[{"embeddable":true,"href":"https:\/\/noticiaempauta.com\/portal\/wp-json\/wp\/v2\/users\/2"}],"replies":[{"embeddable":true,"href":"https:\/\/noticiaempauta.com\/portal\/wp-json\/wp\/v2\/comments?post=259802"}],"version-history":[{"count":2,"href":"https:\/\/noticiaempauta.com\/portal\/wp-json\/wp\/v2\/posts\/259802\/revisions"}],"predecessor-version":[{"id":259805,"href":"https:\/\/noticiaempauta.com\/portal\/wp-json\/wp\/v2\/posts\/259802\/revisions\/259805"}],"wp:featuredmedia":[{"embeddable":true,"href":"https:\/\/noticiaempauta.com\/portal\/wp-json\/wp\/v2\/media\/259803"}],"wp:attachment":[{"href":"https:\/\/noticiaempauta.com\/portal\/wp-json\/wp\/v2\/media?parent=259802"}],"wp:term":[{"taxonomy":"category","embeddable":true,"href":"https:\/\/noticiaempauta.com\/portal\/wp-json\/wp\/v2\/categories?post=259802"},{"taxonomy":"post_tag","embeddable":true,"href":"https:\/\/noticiaempauta.com\/portal\/wp-json\/wp\/v2\/tags?post=259802"}],"curies":[{"name":"wp","href":"https:\/\/api.w.org\/{rel}","templated":true}]}}