{"id":259806,"date":"2024-07-17T09:13:47","date_gmt":"2024-07-17T12:13:47","guid":{"rendered":"https:\/\/noticiaempauta.com\/portal\/?p=259806"},"modified":"2024-07-17T09:36:41","modified_gmt":"2024-07-17T12:36:41","slug":"piaui-podera-ter-mais-700-unidades-habitacionais-pelo-minha-casa-minha-vida","status":"publish","type":"post","link":"https:\/\/noticiaempauta.com\/portal\/piaui-podera-ter-mais-700-unidades-habitacionais-pelo-minha-casa-minha-vida\/","title":{"rendered":"Piau\u00ed poder\u00e1 ter mais 700 unidades habitacionais pelo Minha Casa Minha Vida"},"content":{"rendered":"\n<p>Pela primeira vez, o Programa Minha Casa, Minha Vida (MCMV) est\u00e1 selecionando propostas destinadas \u00e0 constru\u00e7\u00e3o de unidades habitacionais em \u00e1reas urbanas de munic\u00edpios com popula\u00e7\u00e3o de at\u00e9 50 mil habitantes. No Piau\u00ed, a meta inicial \u00e9 de 786 novas unidades, conforme a portaria 673, publicada na segunda-feira (15), pelo Minist\u00e9rio das Cidades.&nbsp;<\/p>\n\n\n\n<figure class=\"wp-block-image size-full\"><img fetchpriority=\"high\" decoding=\"async\" width=\"984\" height=\"652\" src=\"https:\/\/noticiaempauta.com\/portal\/wp-content\/uploads\/2024\/07\/moradias-populares-foto-ubirajara-machado-mds.webp\" alt=\"\" class=\"wp-image-259807\" srcset=\"https:\/\/noticiaempauta.com\/portal\/wp-content\/uploads\/2024\/07\/moradias-populares-foto-ubirajara-machado-mds.webp 984w, https:\/\/noticiaempauta.com\/portal\/wp-content\/uploads\/2024\/07\/moradias-populares-foto-ubirajara-machado-mds-300x199.webp 300w, https:\/\/noticiaempauta.com\/portal\/wp-content\/uploads\/2024\/07\/moradias-populares-foto-ubirajara-machado-mds-768x509.webp 768w\" sizes=\"(max-width: 984px) 100vw, 984px\" \/><figcaption class=\"wp-element-caption\">(Foto: Reprodu\u00e7\u00e3o)<\/figcaption><\/figure>\n\n\n\n<p>Com o MCMV FNHIS Sub 50, o objetivo \u00e9 reduzir o d\u00e9ficit habitacional e melhorar as condi\u00e7\u00f5es de vida nos pequenos munic\u00edpios brasileiros. Dos 224 munic\u00edpios piauienses, 219 podem submeter propostas nessa modalidade do MCMV.&nbsp;<\/p>\n\n\n\n<p>Em todo o pa\u00eds, ser\u00e3o selecionadas inicialmente 30 mil novas unidades habitacionais com recursos do Fundo Nacional de Habita\u00e7\u00e3o de Interesse Social (FNHIS). A portaria publicada pelo Minist\u00e9rio das Cidades visa assegurar que as propostas selecionadas estejam em conformidade com os crit\u00e9rios t\u00e9cnicos de desenvolvimento urbano, econ\u00f4mico, social e cultural, al\u00e9m de promover a sustentabilidade e a redu\u00e7\u00e3o de vulnerabilidades.<\/p>\n\n\n\n<p>A medida apoia munic\u00edpios, estados e o Distrito Federal no desenvolvimento de a\u00e7\u00f5es voltadas \u00e0 produ\u00e7\u00e3o ou aquisi\u00e7\u00e3o de unidades habitacionais destinadas a fam\u00edlias cuja renda bruta familiar mensal esteja enquadrada na Faixa Urbano 1 do MCMV, ou Faixa Urbano 2 em caso de emerg\u00eancia ou calamidade p\u00fablica.<\/p>\n\n\n\n<p>Os recursos para cada unidade habitacional est\u00e3o limitados a R$ 130 mil. As propostas devem prever a constru\u00e7\u00e3o de no m\u00ednimo 20 unidades habitacionais, com limites espec\u00edficos baseados na popula\u00e7\u00e3o do munic\u00edpio. Ser\u00e3o priorizadas propostas que melhor atendam \u00e0 demanda habitacional e observem requisitos t\u00e9cnicos da portaria.<\/p>\n\n\n\n<p>Durante o processo seletivo, caso a meta de um estado n\u00e3o seja alcan\u00e7ada por inexist\u00eancia de proposta enquadrada, o Minist\u00e9rio das Cidades far\u00e1 seu remanejamento com vistas a contemplar propostas enquadradas de outras unidades da Federa\u00e7\u00e3o. As propostas selecionadas ser\u00e3o divulgadas em at\u00e9 90 dias.<\/p>\n\n\n\n<p><strong>MCMV no Piau\u00ed<\/strong><\/p>\n\n\n\n<p>No m\u00eas passado, o Minist\u00e9rio das Cidades publicou portarias que autorizam a contrata\u00e7\u00e3o de 1.351 unidades habitacionais no Piau\u00ed.&nbsp;&nbsp;Ao todo, est\u00e3o previstas a contrata\u00e7\u00e3o de 15 empreendimentos em seis cidades. A distribui\u00e7\u00e3o por munic\u00edpio ficou assim: Teresina (320); Piripiri (256); Floriano (222); \u00c1gua Branca (100); Jos\u00e9 de Freitas (277) e Uni\u00e3o (176).<\/p>\n\n\n\n<p>Os empreendimentos a serem contratados est\u00e3o enquadrados nos termos da Portaria MCID n\u00ba 1.482, publicada no dia 21 de novembro do ano passado. Esta portaria divulga as propostas no \u00e2mbito da linha de atendimento de provis\u00e3o subsidiada de unidades habitacionais novas em \u00e1reas urbanas com recursos do Fundo de Arrendamento Residencial (FAR), integrante do Programa Minha Casa, Minha Vida.<\/p>\n\n\n\n<p>Conforme o Minist\u00e9rio das Cidades, ser\u00e3o investidos R$ 130 milh\u00f5es nas obras do programa no estado, atendendo cerca de 5.500 pessoas que realizar\u00e3o o sonho da casa pr\u00f3pria.<\/p>\n\n\n\n<p><strong>Acesso ao programa<\/strong><\/p>\n\n\n\n<p>O cadastro do cidad\u00e3o no Minha Casa Minha Vida ocorre por interm\u00e9dio da Prefeitura, a quem compete fazer sua inscri\u00e7\u00e3o no Cadastro \u00danico (Cad\u00danico), por meio do Centro de Refer\u00eancia da Assist\u00eancia Social (Cras). Ap\u00f3s esse cadastro, o ente local realizar\u00e1 a sele\u00e7\u00e3o de acordo com os crit\u00e9rios estabelecidos pelo Minist\u00e9rio das Cidades. \u00c9 de compet\u00eancia das prefeituras dar ampla publicidade sobre a sele\u00e7\u00e3o de benefici\u00e1rios para os empreendimentos do Minha Casa, Minha Vida, bem como a divulga\u00e7\u00e3o de outras orienta\u00e7\u00f5es necess\u00e1rias para enquadramento das fam\u00edlias ao programa.<\/p>\n\n\n\n<p><strong><em>CCOM-PI<\/em><\/strong><\/p>\n","protected":false},"excerpt":{"rendered":"<p>Pela primeira vez, o Programa Minha Casa, Minha Vida (MCMV) est\u00e1 selecionando propostas destinadas \u00e0 constru\u00e7\u00e3o de unidades habitacionais em \u00e1reas urbanas de munic\u00edpios com popula\u00e7\u00e3o de at\u00e9 50 mil habitantes. No Piau\u00ed, a meta inicial \u00e9 de 786 novas unidades, conforme a portaria 673, publicada na segunda-feira (15), pelo Minist\u00e9rio das Cidades.&nbsp; Com o [&hellip;]<\/p>\n","protected":false},"author":2,"featured_media":259807,"comment_status":"open","ping_status":"open","sticky":false,"template":"","format":"standard","meta":{"_mi_skip_tracking":false,"footnotes":""},"categories":[25,1,9,16],"tags":[192],"class_list":["post-259806","post","type-post","status-publish","format-standard","has-post-thumbnail","hentry","category-destaques-site","category-geral","category-municipios","category-todas","tag-destaqueprincipal"],"acf":[],"yoast_head":"<!-- This site is optimized with the Yoast SEO Premium plugin v19.2 (Yoast SEO v26.9) - https:\/\/yoast.com\/product\/yoast-seo-premium-wordpress\/ -->\n<title>Piau\u00ed poder\u00e1 ter mais 700 unidades habitacionais pelo Minha Casa Minha Vida - Portal Not\u00edcia em Pauta<\/title>\n<meta name=\"robots\" content=\"index, follow, max-snippet:-1, max-image-preview:large, max-video-preview:-1\" \/>\n<link rel=\"canonical\" href=\"https:\/\/noticiaempauta.com\/portal\/piaui-podera-ter-mais-700-unidades-habitacionais-pelo-minha-casa-minha-vida\/\" \/>\n<meta property=\"og:locale\" content=\"pt_BR\" \/>\n<meta property=\"og:type\" content=\"article\" \/>\n<meta property=\"og:title\" content=\"Piau\u00ed poder\u00e1 ter mais 700 unidades habitacionais pelo Minha Casa Minha Vida\" \/>\n<meta property=\"og:description\" content=\"Pela primeira vez, o Programa Minha Casa, Minha Vida (MCMV) est\u00e1 selecionando propostas destinadas \u00e0 constru\u00e7\u00e3o de unidades habitacionais em \u00e1reas urbanas de munic\u00edpios com popula\u00e7\u00e3o de at\u00e9 50 mil habitantes. No Piau\u00ed, a meta inicial \u00e9 de 786 novas unidades, conforme a portaria 673, publicada na segunda-feira (15), pelo Minist\u00e9rio das Cidades.&nbsp; Com o [&hellip;]\" \/>\n<meta property=\"og:url\" content=\"https:\/\/noticiaempauta.com\/portal\/piaui-podera-ter-mais-700-unidades-habitacionais-pelo-minha-casa-minha-vida\/\" \/>\n<meta property=\"og:site_name\" content=\"Portal Not\u00edcia em Pauta\" \/>\n<meta property=\"article:publisher\" content=\"https:\/\/www.facebook.com\/Portal-Notcia-Em-Pauta-102292869264820\/\" \/>\n<meta property=\"article:published_time\" content=\"2024-07-17T12:13:47+00:00\" \/>\n<meta property=\"article:modified_time\" content=\"2024-07-17T12:36:41+00:00\" \/>\n<meta property=\"og:image\" content=\"https:\/\/noticiaempauta.com\/portal\/wp-content\/uploads\/2024\/07\/moradias-populares-foto-ubirajara-machado-mds.webp\" \/>\n\t<meta property=\"og:image:width\" content=\"984\" \/>\n\t<meta property=\"og:image:height\" content=\"652\" \/>\n\t<meta property=\"og:image:type\" content=\"image\/webp\" \/>\n<meta name=\"author\" content=\"Reda\u00e7\u00e3o\" \/>\n<meta name=\"twitter:card\" content=\"summary_large_image\" \/>\n<meta name=\"twitter:label1\" content=\"Escrito por\" \/>\n\t<meta name=\"twitter:data1\" content=\"Reda\u00e7\u00e3o\" \/>\n\t<meta name=\"twitter:label2\" content=\"Est. tempo de leitura\" \/>\n\t<meta name=\"twitter:data2\" content=\"4 minutos\" \/>\n<script type=\"application\/ld+json\" class=\"yoast-schema-graph\">{\"@context\":\"https:\/\/schema.org\",\"@graph\":[{\"@type\":\"Article\",\"@id\":\"https:\/\/noticiaempauta.com\/portal\/piaui-podera-ter-mais-700-unidades-habitacionais-pelo-minha-casa-minha-vida\/#article\",\"isPartOf\":{\"@id\":\"https:\/\/noticiaempauta.com\/portal\/piaui-podera-ter-mais-700-unidades-habitacionais-pelo-minha-casa-minha-vida\/\"},\"author\":{\"name\":\"Reda\u00e7\u00e3o\",\"@id\":\"https:\/\/noticiaempauta.com\/portal\/#\/schema\/person\/a74af43dd1ab3deca45f988c717d57ac\"},\"headline\":\"Piau\u00ed poder\u00e1 ter mais 700 unidades habitacionais pelo Minha Casa Minha Vida\",\"datePublished\":\"2024-07-17T12:13:47+00:00\",\"dateModified\":\"2024-07-17T12:36:41+00:00\",\"mainEntityOfPage\":{\"@id\":\"https:\/\/noticiaempauta.com\/portal\/piaui-podera-ter-mais-700-unidades-habitacionais-pelo-minha-casa-minha-vida\/\"},\"wordCount\":580,\"commentCount\":0,\"publisher\":{\"@id\":\"https:\/\/noticiaempauta.com\/portal\/#organization\"},\"image\":{\"@id\":\"https:\/\/noticiaempauta.com\/portal\/piaui-podera-ter-mais-700-unidades-habitacionais-pelo-minha-casa-minha-vida\/#primaryimage\"},\"thumbnailUrl\":\"https:\/\/noticiaempauta.com\/portal\/wp-content\/uploads\/2024\/07\/moradias-populares-foto-ubirajara-machado-mds.webp\",\"keywords\":[\"destaqueprincipal\"],\"articleSection\":[\"Destaques\",\"Geral\",\"Munic\u00edpios\",\"Todas as Not\u00edcias\"],\"inLanguage\":\"pt-BR\",\"potentialAction\":[{\"@type\":\"CommentAction\",\"name\":\"Comment\",\"target\":[\"https:\/\/noticiaempauta.com\/portal\/piaui-podera-ter-mais-700-unidades-habitacionais-pelo-minha-casa-minha-vida\/#respond\"]}]},{\"@type\":\"WebPage\",\"@id\":\"https:\/\/noticiaempauta.com\/portal\/piaui-podera-ter-mais-700-unidades-habitacionais-pelo-minha-casa-minha-vida\/\",\"url\":\"https:\/\/noticiaempauta.com\/portal\/piaui-podera-ter-mais-700-unidades-habitacionais-pelo-minha-casa-minha-vida\/\",\"name\":\"Piau\u00ed poder\u00e1 ter mais 700 unidades habitacionais pelo Minha Casa Minha Vida - Portal Not\u00edcia em Pauta\",\"isPartOf\":{\"@id\":\"https:\/\/noticiaempauta.com\/portal\/#website\"},\"primaryImageOfPage\":{\"@id\":\"https:\/\/noticiaempauta.com\/portal\/piaui-podera-ter-mais-700-unidades-habitacionais-pelo-minha-casa-minha-vida\/#primaryimage\"},\"image\":{\"@id\":\"https:\/\/noticiaempauta.com\/portal\/piaui-podera-ter-mais-700-unidades-habitacionais-pelo-minha-casa-minha-vida\/#primaryimage\"},\"thumbnailUrl\":\"https:\/\/noticiaempauta.com\/portal\/wp-content\/uploads\/2024\/07\/moradias-populares-foto-ubirajara-machado-mds.webp\",\"datePublished\":\"2024-07-17T12:13:47+00:00\",\"dateModified\":\"2024-07-17T12:36:41+00:00\",\"breadcrumb\":{\"@id\":\"https:\/\/noticiaempauta.com\/portal\/piaui-podera-ter-mais-700-unidades-habitacionais-pelo-minha-casa-minha-vida\/#breadcrumb\"},\"inLanguage\":\"pt-BR\",\"potentialAction\":[{\"@type\":\"ReadAction\",\"target\":[\"https:\/\/noticiaempauta.com\/portal\/piaui-podera-ter-mais-700-unidades-habitacionais-pelo-minha-casa-minha-vida\/\"]}]},{\"@type\":\"ImageObject\",\"inLanguage\":\"pt-BR\",\"@id\":\"https:\/\/noticiaempauta.com\/portal\/piaui-podera-ter-mais-700-unidades-habitacionais-pelo-minha-casa-minha-vida\/#primaryimage\",\"url\":\"https:\/\/noticiaempauta.com\/portal\/wp-content\/uploads\/2024\/07\/moradias-populares-foto-ubirajara-machado-mds.webp\",\"contentUrl\":\"https:\/\/noticiaempauta.com\/portal\/wp-content\/uploads\/2024\/07\/moradias-populares-foto-ubirajara-machado-mds.webp\",\"width\":984,\"height\":652},{\"@type\":\"BreadcrumbList\",\"@id\":\"https:\/\/noticiaempauta.com\/portal\/piaui-podera-ter-mais-700-unidades-habitacionais-pelo-minha-casa-minha-vida\/#breadcrumb\",\"itemListElement\":[{\"@type\":\"ListItem\",\"position\":1,\"name\":\"P\u00e1gina Inicial\",\"item\":\"https:\/\/noticiaempauta.com\/portal\/\"},{\"@type\":\"ListItem\",\"position\":2,\"name\":\"Geral\",\"item\":\"https:\/\/noticiaempauta.com\/portal\/geral\/\"},{\"@type\":\"ListItem\",\"position\":3,\"name\":\"Piau\u00ed poder\u00e1 ter mais 700 unidades habitacionais pelo Minha Casa Minha Vida\"}]},{\"@type\":\"WebSite\",\"@id\":\"https:\/\/noticiaempauta.com\/portal\/#website\",\"url\":\"https:\/\/noticiaempauta.com\/portal\/\",\"name\":\"Portal Not\u00edcia em Pauta\",\"description\":\"Voc\u00ea bem informado\",\"publisher\":{\"@id\":\"https:\/\/noticiaempauta.com\/portal\/#organization\"},\"potentialAction\":[{\"@type\":\"SearchAction\",\"target\":{\"@type\":\"EntryPoint\",\"urlTemplate\":\"https:\/\/noticiaempauta.com\/portal\/?s={search_term_string}\"},\"query-input\":{\"@type\":\"PropertyValueSpecification\",\"valueRequired\":true,\"valueName\":\"search_term_string\"}}],\"inLanguage\":\"pt-BR\"},{\"@type\":\"Organization\",\"@id\":\"https:\/\/noticiaempauta.com\/portal\/#organization\",\"name\":\"Portal Not\u00edcia em Pauta\",\"url\":\"https:\/\/noticiaempauta.com\/portal\/\",\"logo\":{\"@type\":\"ImageObject\",\"inLanguage\":\"pt-BR\",\"@id\":\"https:\/\/noticiaempauta.com\/portal\/#\/schema\/logo\/image\/\",\"url\":\"https:\/\/noticiaempauta.com\/portal\/wp-content\/uploads\/2022\/08\/logomarca_tema.fw_.png\",\"contentUrl\":\"https:\/\/noticiaempauta.com\/portal\/wp-content\/uploads\/2022\/08\/logomarca_tema.fw_.png\",\"width\":400,\"height\":232,\"caption\":\"Portal Not\u00edcia em Pauta\"},\"image\":{\"@id\":\"https:\/\/noticiaempauta.com\/portal\/#\/schema\/logo\/image\/\"},\"sameAs\":[\"https:\/\/www.facebook.com\/Portal-Notcia-Em-Pauta-102292869264820\/\",\"https:\/\/www.instagram.com\/portalnoticiaempauta\/\"]},{\"@type\":\"Person\",\"@id\":\"https:\/\/noticiaempauta.com\/portal\/#\/schema\/person\/a74af43dd1ab3deca45f988c717d57ac\",\"name\":\"Reda\u00e7\u00e3o\",\"image\":{\"@type\":\"ImageObject\",\"inLanguage\":\"pt-BR\",\"@id\":\"https:\/\/noticiaempauta.com\/portal\/#\/schema\/person\/image\/\",\"url\":\"https:\/\/secure.gravatar.com\/avatar\/03179346ecce6cdfc13361603e8f54242a90e5cde8618fa23c5c00aa2b0aadf3?s=96&d=mm&r=g\",\"contentUrl\":\"https:\/\/secure.gravatar.com\/avatar\/03179346ecce6cdfc13361603e8f54242a90e5cde8618fa23c5c00aa2b0aadf3?s=96&d=mm&r=g\",\"caption\":\"Reda\u00e7\u00e3o\"},\"sameAs\":[\"https:\/\/noticiaempauta.com\/portal\/\"],\"url\":\"https:\/\/noticiaempauta.com\/portal\/author\/fernando\/\"}]}<\/script>\n<!-- \/ Yoast SEO Premium plugin. -->","yoast_head_json":{"title":"Piau\u00ed poder\u00e1 ter mais 700 unidades habitacionais pelo Minha Casa Minha Vida - Portal Not\u00edcia em Pauta","robots":{"index":"index","follow":"follow","max-snippet":"max-snippet:-1","max-image-preview":"max-image-preview:large","max-video-preview":"max-video-preview:-1"},"canonical":"https:\/\/noticiaempauta.com\/portal\/piaui-podera-ter-mais-700-unidades-habitacionais-pelo-minha-casa-minha-vida\/","og_locale":"pt_BR","og_type":"article","og_title":"Piau\u00ed poder\u00e1 ter mais 700 unidades habitacionais pelo Minha Casa Minha Vida","og_description":"Pela primeira vez, o Programa Minha Casa, Minha Vida (MCMV) est\u00e1 selecionando propostas destinadas \u00e0 constru\u00e7\u00e3o de unidades habitacionais em \u00e1reas urbanas de munic\u00edpios com popula\u00e7\u00e3o de at\u00e9 50 mil habitantes. No Piau\u00ed, a meta inicial \u00e9 de 786 novas unidades, conforme a portaria 673, publicada na segunda-feira (15), pelo Minist\u00e9rio das Cidades.&nbsp; Com o [&hellip;]","og_url":"https:\/\/noticiaempauta.com\/portal\/piaui-podera-ter-mais-700-unidades-habitacionais-pelo-minha-casa-minha-vida\/","og_site_name":"Portal Not\u00edcia em Pauta","article_publisher":"https:\/\/www.facebook.com\/Portal-Notcia-Em-Pauta-102292869264820\/","article_published_time":"2024-07-17T12:13:47+00:00","article_modified_time":"2024-07-17T12:36:41+00:00","og_image":[{"width":984,"height":652,"url":"https:\/\/noticiaempauta.com\/portal\/wp-content\/uploads\/2024\/07\/moradias-populares-foto-ubirajara-machado-mds.webp","type":"image\/webp"}],"author":"Reda\u00e7\u00e3o","twitter_card":"summary_large_image","twitter_misc":{"Escrito por":"Reda\u00e7\u00e3o","Est. tempo de leitura":"4 minutos"},"schema":{"@context":"https:\/\/schema.org","@graph":[{"@type":"Article","@id":"https:\/\/noticiaempauta.com\/portal\/piaui-podera-ter-mais-700-unidades-habitacionais-pelo-minha-casa-minha-vida\/#article","isPartOf":{"@id":"https:\/\/noticiaempauta.com\/portal\/piaui-podera-ter-mais-700-unidades-habitacionais-pelo-minha-casa-minha-vida\/"},"author":{"name":"Reda\u00e7\u00e3o","@id":"https:\/\/noticiaempauta.com\/portal\/#\/schema\/person\/a74af43dd1ab3deca45f988c717d57ac"},"headline":"Piau\u00ed poder\u00e1 ter mais 700 unidades habitacionais pelo Minha Casa Minha Vida","datePublished":"2024-07-17T12:13:47+00:00","dateModified":"2024-07-17T12:36:41+00:00","mainEntityOfPage":{"@id":"https:\/\/noticiaempauta.com\/portal\/piaui-podera-ter-mais-700-unidades-habitacionais-pelo-minha-casa-minha-vida\/"},"wordCount":580,"commentCount":0,"publisher":{"@id":"https:\/\/noticiaempauta.com\/portal\/#organization"},"image":{"@id":"https:\/\/noticiaempauta.com\/portal\/piaui-podera-ter-mais-700-unidades-habitacionais-pelo-minha-casa-minha-vida\/#primaryimage"},"thumbnailUrl":"https:\/\/noticiaempauta.com\/portal\/wp-content\/uploads\/2024\/07\/moradias-populares-foto-ubirajara-machado-mds.webp","keywords":["destaqueprincipal"],"articleSection":["Destaques","Geral","Munic\u00edpios","Todas as Not\u00edcias"],"inLanguage":"pt-BR","potentialAction":[{"@type":"CommentAction","name":"Comment","target":["https:\/\/noticiaempauta.com\/portal\/piaui-podera-ter-mais-700-unidades-habitacionais-pelo-minha-casa-minha-vida\/#respond"]}]},{"@type":"WebPage","@id":"https:\/\/noticiaempauta.com\/portal\/piaui-podera-ter-mais-700-unidades-habitacionais-pelo-minha-casa-minha-vida\/","url":"https:\/\/noticiaempauta.com\/portal\/piaui-podera-ter-mais-700-unidades-habitacionais-pelo-minha-casa-minha-vida\/","name":"Piau\u00ed poder\u00e1 ter mais 700 unidades habitacionais pelo Minha Casa Minha Vida - Portal Not\u00edcia em Pauta","isPartOf":{"@id":"https:\/\/noticiaempauta.com\/portal\/#website"},"primaryImageOfPage":{"@id":"https:\/\/noticiaempauta.com\/portal\/piaui-podera-ter-mais-700-unidades-habitacionais-pelo-minha-casa-minha-vida\/#primaryimage"},"image":{"@id":"https:\/\/noticiaempauta.com\/portal\/piaui-podera-ter-mais-700-unidades-habitacionais-pelo-minha-casa-minha-vida\/#primaryimage"},"thumbnailUrl":"https:\/\/noticiaempauta.com\/portal\/wp-content\/uploads\/2024\/07\/moradias-populares-foto-ubirajara-machado-mds.webp","datePublished":"2024-07-17T12:13:47+00:00","dateModified":"2024-07-17T12:36:41+00:00","breadcrumb":{"@id":"https:\/\/noticiaempauta.com\/portal\/piaui-podera-ter-mais-700-unidades-habitacionais-pelo-minha-casa-minha-vida\/#breadcrumb"},"inLanguage":"pt-BR","potentialAction":[{"@type":"ReadAction","target":["https:\/\/noticiaempauta.com\/portal\/piaui-podera-ter-mais-700-unidades-habitacionais-pelo-minha-casa-minha-vida\/"]}]},{"@type":"ImageObject","inLanguage":"pt-BR","@id":"https:\/\/noticiaempauta.com\/portal\/piaui-podera-ter-mais-700-unidades-habitacionais-pelo-minha-casa-minha-vida\/#primaryimage","url":"https:\/\/noticiaempauta.com\/portal\/wp-content\/uploads\/2024\/07\/moradias-populares-foto-ubirajara-machado-mds.webp","contentUrl":"https:\/\/noticiaempauta.com\/portal\/wp-content\/uploads\/2024\/07\/moradias-populares-foto-ubirajara-machado-mds.webp","width":984,"height":652},{"@type":"BreadcrumbList","@id":"https:\/\/noticiaempauta.com\/portal\/piaui-podera-ter-mais-700-unidades-habitacionais-pelo-minha-casa-minha-vida\/#breadcrumb","itemListElement":[{"@type":"ListItem","position":1,"name":"P\u00e1gina Inicial","item":"https:\/\/noticiaempauta.com\/portal\/"},{"@type":"ListItem","position":2,"name":"Geral","item":"https:\/\/noticiaempauta.com\/portal\/geral\/"},{"@type":"ListItem","position":3,"name":"Piau\u00ed poder\u00e1 ter mais 700 unidades habitacionais pelo Minha Casa Minha Vida"}]},{"@type":"WebSite","@id":"https:\/\/noticiaempauta.com\/portal\/#website","url":"https:\/\/noticiaempauta.com\/portal\/","name":"Portal Not\u00edcia em Pauta","description":"Voc\u00ea bem informado","publisher":{"@id":"https:\/\/noticiaempauta.com\/portal\/#organization"},"potentialAction":[{"@type":"SearchAction","target":{"@type":"EntryPoint","urlTemplate":"https:\/\/noticiaempauta.com\/portal\/?s={search_term_string}"},"query-input":{"@type":"PropertyValueSpecification","valueRequired":true,"valueName":"search_term_string"}}],"inLanguage":"pt-BR"},{"@type":"Organization","@id":"https:\/\/noticiaempauta.com\/portal\/#organization","name":"Portal Not\u00edcia em Pauta","url":"https:\/\/noticiaempauta.com\/portal\/","logo":{"@type":"ImageObject","inLanguage":"pt-BR","@id":"https:\/\/noticiaempauta.com\/portal\/#\/schema\/logo\/image\/","url":"https:\/\/noticiaempauta.com\/portal\/wp-content\/uploads\/2022\/08\/logomarca_tema.fw_.png","contentUrl":"https:\/\/noticiaempauta.com\/portal\/wp-content\/uploads\/2022\/08\/logomarca_tema.fw_.png","width":400,"height":232,"caption":"Portal Not\u00edcia em Pauta"},"image":{"@id":"https:\/\/noticiaempauta.com\/portal\/#\/schema\/logo\/image\/"},"sameAs":["https:\/\/www.facebook.com\/Portal-Notcia-Em-Pauta-102292869264820\/","https:\/\/www.instagram.com\/portalnoticiaempauta\/"]},{"@type":"Person","@id":"https:\/\/noticiaempauta.com\/portal\/#\/schema\/person\/a74af43dd1ab3deca45f988c717d57ac","name":"Reda\u00e7\u00e3o","image":{"@type":"ImageObject","inLanguage":"pt-BR","@id":"https:\/\/noticiaempauta.com\/portal\/#\/schema\/person\/image\/","url":"https:\/\/secure.gravatar.com\/avatar\/03179346ecce6cdfc13361603e8f54242a90e5cde8618fa23c5c00aa2b0aadf3?s=96&d=mm&r=g","contentUrl":"https:\/\/secure.gravatar.com\/avatar\/03179346ecce6cdfc13361603e8f54242a90e5cde8618fa23c5c00aa2b0aadf3?s=96&d=mm&r=g","caption":"Reda\u00e7\u00e3o"},"sameAs":["https:\/\/noticiaempauta.com\/portal\/"],"url":"https:\/\/noticiaempauta.com\/portal\/author\/fernando\/"}]}},"_links":{"self":[{"href":"https:\/\/noticiaempauta.com\/portal\/wp-json\/wp\/v2\/posts\/259806","targetHints":{"allow":["GET"]}}],"collection":[{"href":"https:\/\/noticiaempauta.com\/portal\/wp-json\/wp\/v2\/posts"}],"about":[{"href":"https:\/\/noticiaempauta.com\/portal\/wp-json\/wp\/v2\/types\/post"}],"author":[{"embeddable":true,"href":"https:\/\/noticiaempauta.com\/portal\/wp-json\/wp\/v2\/users\/2"}],"replies":[{"embeddable":true,"href":"https:\/\/noticiaempauta.com\/portal\/wp-json\/wp\/v2\/comments?post=259806"}],"version-history":[{"count":2,"href":"https:\/\/noticiaempauta.com\/portal\/wp-json\/wp\/v2\/posts\/259806\/revisions"}],"predecessor-version":[{"id":259809,"href":"https:\/\/noticiaempauta.com\/portal\/wp-json\/wp\/v2\/posts\/259806\/revisions\/259809"}],"wp:featuredmedia":[{"embeddable":true,"href":"https:\/\/noticiaempauta.com\/portal\/wp-json\/wp\/v2\/media\/259807"}],"wp:attachment":[{"href":"https:\/\/noticiaempauta.com\/portal\/wp-json\/wp\/v2\/media?parent=259806"}],"wp:term":[{"taxonomy":"category","embeddable":true,"href":"https:\/\/noticiaempauta.com\/portal\/wp-json\/wp\/v2\/categories?post=259806"},{"taxonomy":"post_tag","embeddable":true,"href":"https:\/\/noticiaempauta.com\/portal\/wp-json\/wp\/v2\/tags?post=259806"}],"curies":[{"name":"wp","href":"https:\/\/api.w.org\/{rel}","templated":true}]}}