{"id":259833,"date":"2024-07-18T09:29:33","date_gmt":"2024-07-18T12:29:33","guid":{"rendered":"https:\/\/noticiaempauta.com\/portal\/?p=259833"},"modified":"2024-07-18T09:29:35","modified_gmt":"2024-07-18T12:29:35","slug":"ex-vereador-ricardo-bandeira-e-oficializado-pre-candidato-a-vice-na-chapa-de-dr-pessoa","status":"publish","type":"post","link":"https:\/\/noticiaempauta.com\/portal\/ex-vereador-ricardo-bandeira-e-oficializado-pre-candidato-a-vice-na-chapa-de-dr-pessoa\/","title":{"rendered":"Ex-vereador Ricardo Bandeira \u00e9 oficializado pr\u00e9-candidato a vice na chapa de Dr. Pessoa"},"content":{"rendered":"\n<p>O ex-vereador de Teresina, Ricardo Bandeira (Avante), foi oficializado como pr\u00e9-candidato a vice-prefeito de Teresina, na chapa cabe\u00e7ada pelo atual prefeito, Dr. Pessoa (PRD). A alian\u00e7a pol\u00edtica foi formalizada, na manh\u00e3 desta quarta-feira (17), em evento na zona Leste da capital.<\/p>\n\n\n\n<figure class=\"wp-block-image size-large\"><img fetchpriority=\"high\" decoding=\"async\" width=\"1024\" height=\"674\" src=\"https:\/\/noticiaempauta.com\/portal\/wp-content\/uploads\/2024\/07\/Dr.-Pessoa-e-Ricardo-Bandeira-1024x674.jpeg\" alt=\"\" class=\"wp-image-259834\" srcset=\"https:\/\/noticiaempauta.com\/portal\/wp-content\/uploads\/2024\/07\/Dr.-Pessoa-e-Ricardo-Bandeira-1024x674.jpeg 1024w, https:\/\/noticiaempauta.com\/portal\/wp-content\/uploads\/2024\/07\/Dr.-Pessoa-e-Ricardo-Bandeira-300x198.jpeg 300w, https:\/\/noticiaempauta.com\/portal\/wp-content\/uploads\/2024\/07\/Dr.-Pessoa-e-Ricardo-Bandeira-768x506.jpeg 768w, https:\/\/noticiaempauta.com\/portal\/wp-content\/uploads\/2024\/07\/Dr.-Pessoa-e-Ricardo-Bandeira.jpeg 1280w\" sizes=\"(max-width: 1024px) 100vw, 1024px\" \/><figcaption class=\"wp-element-caption\">Ricardo Bandeira e Dr.Pessoa (Foto: Jonas Carvalho\/ Portal ClubeNews)<\/figcaption><\/figure>\n\n\n\n<p>Ricardo Bandeira venceu outros nomes, que tamb\u00e9m disputavam a vaga de vice, como o da advogada Dalva Fernandes e o do profissional liberal Orlando Matias.<\/p>\n\n\n\n<p>Vereador de Teresina por dois mandatos, entre 2012 e 2020, Ricardo Bandeira \u00e9 empres\u00e1rio e estava afastado da pol\u00edtica. O retorno \u00e0 vida p\u00fablica se deu ap\u00f3s um convite pessoal do prefeito Dr. Pessoa.<\/p>\n\n\n\n<p>\u201cEu fui escolhido. Eu estava cuidando do meu trabalho, da minha empresa, fam\u00edlia e neg\u00f3cios. Fiquei surpreso h\u00e1 oito dias com uma liga\u00e7\u00e3o do Dr. Pessoa. No domingo, fiz uma reuni\u00e3o com a sua assessoria e ele fez o convite\u201d, explicou.<\/p>\n\n\n\n<p>A confirma\u00e7\u00e3o do pr\u00e9-candidato a vice na chapa majorit\u00e1ria de Dr. Pessoa acontece a tr\u00eas dias do prazo legal para o in\u00edcio das conven\u00e7\u00f5es partid\u00e1rias.<\/p>\n\n\n\n<p><strong>Escolha definitiva<\/strong><\/p>\n\n\n\n<p>Em entrevistas recentes, o prefeito Dr. Pessoa chegou a externar o interesse em ter uma mulher como pr\u00e9-candidata a vice. Entretanto, a conjuntura do momento tendeu para a escolha de um homem.<\/p>\n\n\n\n<p>Desde ent\u00e3o, surgiram especula\u00e7\u00f5es quanto ao segundo componente da chapa majorit\u00e1ria. Nomes como os dos ex-vereadores Ant\u00f4nio Jos\u00e9 Lira e Paulo Roberto da Ilumina\u00e7\u00e3o foram especulados, mas n\u00e3o chegaram a um consenso junto ao Pal\u00e1cio da Cidade.<\/p>\n\n\n\n<p>Ao&nbsp;<strong>Portal ClubeNews<\/strong>, Dr. Pessoa explicou o motivo da demora e n\u00e3o poupou elogios ao novo correligion\u00e1rio.<\/p>\n\n\n\n<p>\u201cTinha v\u00e1rias pessoas, mulheres, que t\u00eam um perfil bom. Mas a demora foi porque Deus disse o seguinte: \u2018espere mais um pouco\u2019. Das mulheres que apareceram, todas tinham qualidades, mas Deus me direcionou para que fosse o Ricardo Bandeira\u201d, explicou.<\/p>\n\n\n\n<p><strong>Alian\u00e7a pol\u00edtica<\/strong><\/p>\n\n\n\n<p>O presidente do Avante e secret\u00e1rio municipal de Governo, Michel Saldanha, afirmou que a indica\u00e7\u00e3o do nome a vice de Dr. Pessoa refor\u00e7a o enlance pol\u00edtico entre os partidos que comp\u00f5em a base do prefeito.<\/p>\n\n\n\n<p>\u201cQualquer filiado que cumprisse os pr\u00e9-requisitos eleitorais poderia fazer parte desse processo. Foi encaminhada uma lista e ele (Dr. Pessoa) escolheu aquele que ele imagina ser o melhor para a sua estrat\u00e9gia\u201d, concluiu.<\/p>\n\n\n\n<p><strong><em>Fonte: Portal Clube News<\/em><\/strong><\/p>\n","protected":false},"excerpt":{"rendered":"<p>O ex-vereador de Teresina, Ricardo Bandeira (Avante), foi oficializado como pr\u00e9-candidato a vice-prefeito de Teresina, na chapa cabe\u00e7ada pelo atual prefeito, Dr. Pessoa (PRD). A alian\u00e7a pol\u00edtica foi formalizada, na manh\u00e3 desta quarta-feira (17), em evento na zona Leste da capital. Ricardo Bandeira venceu outros nomes, que tamb\u00e9m disputavam a vaga de vice, como o [&hellip;]<\/p>\n","protected":false},"author":2,"featured_media":259834,"comment_status":"open","ping_status":"open","sticky":false,"template":"","format":"standard","meta":{"_mi_skip_tracking":false,"footnotes":""},"categories":[25,1,3,16],"tags":[192],"class_list":["post-259833","post","type-post","status-publish","format-standard","has-post-thumbnail","hentry","category-destaques-site","category-geral","category-politica","category-todas","tag-destaqueprincipal"],"acf":[],"yoast_head":"<!-- This site is optimized with the Yoast SEO Premium plugin v19.2 (Yoast SEO v26.9) - https:\/\/yoast.com\/product\/yoast-seo-premium-wordpress\/ -->\n<title>Ex-vereador Ricardo Bandeira \u00e9 oficializado pr\u00e9-candidato a vice na chapa de Dr. Pessoa - Portal Not\u00edcia em Pauta<\/title>\n<meta name=\"robots\" content=\"index, follow, max-snippet:-1, max-image-preview:large, max-video-preview:-1\" \/>\n<link rel=\"canonical\" href=\"https:\/\/noticiaempauta.com\/portal\/ex-vereador-ricardo-bandeira-e-oficializado-pre-candidato-a-vice-na-chapa-de-dr-pessoa\/\" \/>\n<meta property=\"og:locale\" content=\"pt_BR\" \/>\n<meta property=\"og:type\" content=\"article\" \/>\n<meta property=\"og:title\" content=\"Ex-vereador Ricardo Bandeira \u00e9 oficializado pr\u00e9-candidato a vice na chapa de Dr. Pessoa\" \/>\n<meta property=\"og:description\" content=\"O ex-vereador de Teresina, Ricardo Bandeira (Avante), foi oficializado como pr\u00e9-candidato a vice-prefeito de Teresina, na chapa cabe\u00e7ada pelo atual prefeito, Dr. Pessoa (PRD). A alian\u00e7a pol\u00edtica foi formalizada, na manh\u00e3 desta quarta-feira (17), em evento na zona Leste da capital. Ricardo Bandeira venceu outros nomes, que tamb\u00e9m disputavam a vaga de vice, como o [&hellip;]\" \/>\n<meta property=\"og:url\" content=\"https:\/\/noticiaempauta.com\/portal\/ex-vereador-ricardo-bandeira-e-oficializado-pre-candidato-a-vice-na-chapa-de-dr-pessoa\/\" \/>\n<meta property=\"og:site_name\" content=\"Portal Not\u00edcia em Pauta\" \/>\n<meta property=\"article:publisher\" content=\"https:\/\/www.facebook.com\/Portal-Notcia-Em-Pauta-102292869264820\/\" \/>\n<meta property=\"article:published_time\" content=\"2024-07-18T12:29:33+00:00\" \/>\n<meta property=\"article:modified_time\" content=\"2024-07-18T12:29:35+00:00\" \/>\n<meta property=\"og:image\" content=\"https:\/\/noticiaempauta.com\/portal\/wp-content\/uploads\/2024\/07\/Dr.-Pessoa-e-Ricardo-Bandeira.jpeg\" \/>\n\t<meta property=\"og:image:width\" content=\"1280\" \/>\n\t<meta property=\"og:image:height\" content=\"843\" \/>\n\t<meta property=\"og:image:type\" content=\"image\/jpeg\" \/>\n<meta name=\"author\" content=\"Reda\u00e7\u00e3o\" \/>\n<meta name=\"twitter:card\" content=\"summary_large_image\" \/>\n<meta name=\"twitter:label1\" content=\"Escrito por\" \/>\n\t<meta name=\"twitter:data1\" content=\"Reda\u00e7\u00e3o\" \/>\n\t<meta name=\"twitter:label2\" content=\"Est. tempo de leitura\" \/>\n\t<meta name=\"twitter:data2\" content=\"3 minutos\" \/>\n<script type=\"application\/ld+json\" class=\"yoast-schema-graph\">{\"@context\":\"https:\/\/schema.org\",\"@graph\":[{\"@type\":\"Article\",\"@id\":\"https:\/\/noticiaempauta.com\/portal\/ex-vereador-ricardo-bandeira-e-oficializado-pre-candidato-a-vice-na-chapa-de-dr-pessoa\/#article\",\"isPartOf\":{\"@id\":\"https:\/\/noticiaempauta.com\/portal\/ex-vereador-ricardo-bandeira-e-oficializado-pre-candidato-a-vice-na-chapa-de-dr-pessoa\/\"},\"author\":{\"name\":\"Reda\u00e7\u00e3o\",\"@id\":\"https:\/\/noticiaempauta.com\/portal\/#\/schema\/person\/a74af43dd1ab3deca45f988c717d57ac\"},\"headline\":\"Ex-vereador Ricardo Bandeira \u00e9 oficializado pr\u00e9-candidato a vice na chapa de Dr. Pessoa\",\"datePublished\":\"2024-07-18T12:29:33+00:00\",\"dateModified\":\"2024-07-18T12:29:35+00:00\",\"mainEntityOfPage\":{\"@id\":\"https:\/\/noticiaempauta.com\/portal\/ex-vereador-ricardo-bandeira-e-oficializado-pre-candidato-a-vice-na-chapa-de-dr-pessoa\/\"},\"wordCount\":428,\"commentCount\":0,\"publisher\":{\"@id\":\"https:\/\/noticiaempauta.com\/portal\/#organization\"},\"image\":{\"@id\":\"https:\/\/noticiaempauta.com\/portal\/ex-vereador-ricardo-bandeira-e-oficializado-pre-candidato-a-vice-na-chapa-de-dr-pessoa\/#primaryimage\"},\"thumbnailUrl\":\"https:\/\/noticiaempauta.com\/portal\/wp-content\/uploads\/2024\/07\/Dr.-Pessoa-e-Ricardo-Bandeira.jpeg\",\"keywords\":[\"destaqueprincipal\"],\"articleSection\":[\"Destaques\",\"Geral\",\"Pol\u00edtica\",\"Todas as Not\u00edcias\"],\"inLanguage\":\"pt-BR\",\"potentialAction\":[{\"@type\":\"CommentAction\",\"name\":\"Comment\",\"target\":[\"https:\/\/noticiaempauta.com\/portal\/ex-vereador-ricardo-bandeira-e-oficializado-pre-candidato-a-vice-na-chapa-de-dr-pessoa\/#respond\"]}]},{\"@type\":\"WebPage\",\"@id\":\"https:\/\/noticiaempauta.com\/portal\/ex-vereador-ricardo-bandeira-e-oficializado-pre-candidato-a-vice-na-chapa-de-dr-pessoa\/\",\"url\":\"https:\/\/noticiaempauta.com\/portal\/ex-vereador-ricardo-bandeira-e-oficializado-pre-candidato-a-vice-na-chapa-de-dr-pessoa\/\",\"name\":\"Ex-vereador Ricardo Bandeira \u00e9 oficializado pr\u00e9-candidato a vice na chapa de Dr. Pessoa - Portal Not\u00edcia em Pauta\",\"isPartOf\":{\"@id\":\"https:\/\/noticiaempauta.com\/portal\/#website\"},\"primaryImageOfPage\":{\"@id\":\"https:\/\/noticiaempauta.com\/portal\/ex-vereador-ricardo-bandeira-e-oficializado-pre-candidato-a-vice-na-chapa-de-dr-pessoa\/#primaryimage\"},\"image\":{\"@id\":\"https:\/\/noticiaempauta.com\/portal\/ex-vereador-ricardo-bandeira-e-oficializado-pre-candidato-a-vice-na-chapa-de-dr-pessoa\/#primaryimage\"},\"thumbnailUrl\":\"https:\/\/noticiaempauta.com\/portal\/wp-content\/uploads\/2024\/07\/Dr.-Pessoa-e-Ricardo-Bandeira.jpeg\",\"datePublished\":\"2024-07-18T12:29:33+00:00\",\"dateModified\":\"2024-07-18T12:29:35+00:00\",\"breadcrumb\":{\"@id\":\"https:\/\/noticiaempauta.com\/portal\/ex-vereador-ricardo-bandeira-e-oficializado-pre-candidato-a-vice-na-chapa-de-dr-pessoa\/#breadcrumb\"},\"inLanguage\":\"pt-BR\",\"potentialAction\":[{\"@type\":\"ReadAction\",\"target\":[\"https:\/\/noticiaempauta.com\/portal\/ex-vereador-ricardo-bandeira-e-oficializado-pre-candidato-a-vice-na-chapa-de-dr-pessoa\/\"]}]},{\"@type\":\"ImageObject\",\"inLanguage\":\"pt-BR\",\"@id\":\"https:\/\/noticiaempauta.com\/portal\/ex-vereador-ricardo-bandeira-e-oficializado-pre-candidato-a-vice-na-chapa-de-dr-pessoa\/#primaryimage\",\"url\":\"https:\/\/noticiaempauta.com\/portal\/wp-content\/uploads\/2024\/07\/Dr.-Pessoa-e-Ricardo-Bandeira.jpeg\",\"contentUrl\":\"https:\/\/noticiaempauta.com\/portal\/wp-content\/uploads\/2024\/07\/Dr.-Pessoa-e-Ricardo-Bandeira.jpeg\",\"width\":1280,\"height\":843},{\"@type\":\"BreadcrumbList\",\"@id\":\"https:\/\/noticiaempauta.com\/portal\/ex-vereador-ricardo-bandeira-e-oficializado-pre-candidato-a-vice-na-chapa-de-dr-pessoa\/#breadcrumb\",\"itemListElement\":[{\"@type\":\"ListItem\",\"position\":1,\"name\":\"P\u00e1gina Inicial\",\"item\":\"https:\/\/noticiaempauta.com\/portal\/\"},{\"@type\":\"ListItem\",\"position\":2,\"name\":\"Destaques\",\"item\":\"https:\/\/noticiaempauta.com\/portal\/destaques-site\/\"},{\"@type\":\"ListItem\",\"position\":3,\"name\":\"Ex-vereador Ricardo Bandeira \u00e9 oficializado pr\u00e9-candidato a vice na chapa de Dr. Pessoa\"}]},{\"@type\":\"WebSite\",\"@id\":\"https:\/\/noticiaempauta.com\/portal\/#website\",\"url\":\"https:\/\/noticiaempauta.com\/portal\/\",\"name\":\"Portal Not\u00edcia em Pauta\",\"description\":\"Voc\u00ea bem informado\",\"publisher\":{\"@id\":\"https:\/\/noticiaempauta.com\/portal\/#organization\"},\"potentialAction\":[{\"@type\":\"SearchAction\",\"target\":{\"@type\":\"EntryPoint\",\"urlTemplate\":\"https:\/\/noticiaempauta.com\/portal\/?s={search_term_string}\"},\"query-input\":{\"@type\":\"PropertyValueSpecification\",\"valueRequired\":true,\"valueName\":\"search_term_string\"}}],\"inLanguage\":\"pt-BR\"},{\"@type\":\"Organization\",\"@id\":\"https:\/\/noticiaempauta.com\/portal\/#organization\",\"name\":\"Portal Not\u00edcia em Pauta\",\"url\":\"https:\/\/noticiaempauta.com\/portal\/\",\"logo\":{\"@type\":\"ImageObject\",\"inLanguage\":\"pt-BR\",\"@id\":\"https:\/\/noticiaempauta.com\/portal\/#\/schema\/logo\/image\/\",\"url\":\"https:\/\/noticiaempauta.com\/portal\/wp-content\/uploads\/2022\/08\/logomarca_tema.fw_.png\",\"contentUrl\":\"https:\/\/noticiaempauta.com\/portal\/wp-content\/uploads\/2022\/08\/logomarca_tema.fw_.png\",\"width\":400,\"height\":232,\"caption\":\"Portal Not\u00edcia em Pauta\"},\"image\":{\"@id\":\"https:\/\/noticiaempauta.com\/portal\/#\/schema\/logo\/image\/\"},\"sameAs\":[\"https:\/\/www.facebook.com\/Portal-Notcia-Em-Pauta-102292869264820\/\",\"https:\/\/www.instagram.com\/portalnoticiaempauta\/\"]},{\"@type\":\"Person\",\"@id\":\"https:\/\/noticiaempauta.com\/portal\/#\/schema\/person\/a74af43dd1ab3deca45f988c717d57ac\",\"name\":\"Reda\u00e7\u00e3o\",\"image\":{\"@type\":\"ImageObject\",\"inLanguage\":\"pt-BR\",\"@id\":\"https:\/\/noticiaempauta.com\/portal\/#\/schema\/person\/image\/\",\"url\":\"https:\/\/secure.gravatar.com\/avatar\/03179346ecce6cdfc13361603e8f54242a90e5cde8618fa23c5c00aa2b0aadf3?s=96&d=mm&r=g\",\"contentUrl\":\"https:\/\/secure.gravatar.com\/avatar\/03179346ecce6cdfc13361603e8f54242a90e5cde8618fa23c5c00aa2b0aadf3?s=96&d=mm&r=g\",\"caption\":\"Reda\u00e7\u00e3o\"},\"sameAs\":[\"https:\/\/noticiaempauta.com\/portal\/\"],\"url\":\"https:\/\/noticiaempauta.com\/portal\/author\/fernando\/\"}]}<\/script>\n<!-- \/ Yoast SEO Premium plugin. -->","yoast_head_json":{"title":"Ex-vereador Ricardo Bandeira \u00e9 oficializado pr\u00e9-candidato a vice na chapa de Dr. Pessoa - Portal Not\u00edcia em Pauta","robots":{"index":"index","follow":"follow","max-snippet":"max-snippet:-1","max-image-preview":"max-image-preview:large","max-video-preview":"max-video-preview:-1"},"canonical":"https:\/\/noticiaempauta.com\/portal\/ex-vereador-ricardo-bandeira-e-oficializado-pre-candidato-a-vice-na-chapa-de-dr-pessoa\/","og_locale":"pt_BR","og_type":"article","og_title":"Ex-vereador Ricardo Bandeira \u00e9 oficializado pr\u00e9-candidato a vice na chapa de Dr. Pessoa","og_description":"O ex-vereador de Teresina, Ricardo Bandeira (Avante), foi oficializado como pr\u00e9-candidato a vice-prefeito de Teresina, na chapa cabe\u00e7ada pelo atual prefeito, Dr. Pessoa (PRD). A alian\u00e7a pol\u00edtica foi formalizada, na manh\u00e3 desta quarta-feira (17), em evento na zona Leste da capital. Ricardo Bandeira venceu outros nomes, que tamb\u00e9m disputavam a vaga de vice, como o [&hellip;]","og_url":"https:\/\/noticiaempauta.com\/portal\/ex-vereador-ricardo-bandeira-e-oficializado-pre-candidato-a-vice-na-chapa-de-dr-pessoa\/","og_site_name":"Portal Not\u00edcia em Pauta","article_publisher":"https:\/\/www.facebook.com\/Portal-Notcia-Em-Pauta-102292869264820\/","article_published_time":"2024-07-18T12:29:33+00:00","article_modified_time":"2024-07-18T12:29:35+00:00","og_image":[{"width":1280,"height":843,"url":"https:\/\/noticiaempauta.com\/portal\/wp-content\/uploads\/2024\/07\/Dr.-Pessoa-e-Ricardo-Bandeira.jpeg","type":"image\/jpeg"}],"author":"Reda\u00e7\u00e3o","twitter_card":"summary_large_image","twitter_misc":{"Escrito por":"Reda\u00e7\u00e3o","Est. tempo de leitura":"3 minutos"},"schema":{"@context":"https:\/\/schema.org","@graph":[{"@type":"Article","@id":"https:\/\/noticiaempauta.com\/portal\/ex-vereador-ricardo-bandeira-e-oficializado-pre-candidato-a-vice-na-chapa-de-dr-pessoa\/#article","isPartOf":{"@id":"https:\/\/noticiaempauta.com\/portal\/ex-vereador-ricardo-bandeira-e-oficializado-pre-candidato-a-vice-na-chapa-de-dr-pessoa\/"},"author":{"name":"Reda\u00e7\u00e3o","@id":"https:\/\/noticiaempauta.com\/portal\/#\/schema\/person\/a74af43dd1ab3deca45f988c717d57ac"},"headline":"Ex-vereador Ricardo Bandeira \u00e9 oficializado pr\u00e9-candidato a vice na chapa de Dr. Pessoa","datePublished":"2024-07-18T12:29:33+00:00","dateModified":"2024-07-18T12:29:35+00:00","mainEntityOfPage":{"@id":"https:\/\/noticiaempauta.com\/portal\/ex-vereador-ricardo-bandeira-e-oficializado-pre-candidato-a-vice-na-chapa-de-dr-pessoa\/"},"wordCount":428,"commentCount":0,"publisher":{"@id":"https:\/\/noticiaempauta.com\/portal\/#organization"},"image":{"@id":"https:\/\/noticiaempauta.com\/portal\/ex-vereador-ricardo-bandeira-e-oficializado-pre-candidato-a-vice-na-chapa-de-dr-pessoa\/#primaryimage"},"thumbnailUrl":"https:\/\/noticiaempauta.com\/portal\/wp-content\/uploads\/2024\/07\/Dr.-Pessoa-e-Ricardo-Bandeira.jpeg","keywords":["destaqueprincipal"],"articleSection":["Destaques","Geral","Pol\u00edtica","Todas as Not\u00edcias"],"inLanguage":"pt-BR","potentialAction":[{"@type":"CommentAction","name":"Comment","target":["https:\/\/noticiaempauta.com\/portal\/ex-vereador-ricardo-bandeira-e-oficializado-pre-candidato-a-vice-na-chapa-de-dr-pessoa\/#respond"]}]},{"@type":"WebPage","@id":"https:\/\/noticiaempauta.com\/portal\/ex-vereador-ricardo-bandeira-e-oficializado-pre-candidato-a-vice-na-chapa-de-dr-pessoa\/","url":"https:\/\/noticiaempauta.com\/portal\/ex-vereador-ricardo-bandeira-e-oficializado-pre-candidato-a-vice-na-chapa-de-dr-pessoa\/","name":"Ex-vereador Ricardo Bandeira \u00e9 oficializado pr\u00e9-candidato a vice na chapa de Dr. Pessoa - Portal Not\u00edcia em Pauta","isPartOf":{"@id":"https:\/\/noticiaempauta.com\/portal\/#website"},"primaryImageOfPage":{"@id":"https:\/\/noticiaempauta.com\/portal\/ex-vereador-ricardo-bandeira-e-oficializado-pre-candidato-a-vice-na-chapa-de-dr-pessoa\/#primaryimage"},"image":{"@id":"https:\/\/noticiaempauta.com\/portal\/ex-vereador-ricardo-bandeira-e-oficializado-pre-candidato-a-vice-na-chapa-de-dr-pessoa\/#primaryimage"},"thumbnailUrl":"https:\/\/noticiaempauta.com\/portal\/wp-content\/uploads\/2024\/07\/Dr.-Pessoa-e-Ricardo-Bandeira.jpeg","datePublished":"2024-07-18T12:29:33+00:00","dateModified":"2024-07-18T12:29:35+00:00","breadcrumb":{"@id":"https:\/\/noticiaempauta.com\/portal\/ex-vereador-ricardo-bandeira-e-oficializado-pre-candidato-a-vice-na-chapa-de-dr-pessoa\/#breadcrumb"},"inLanguage":"pt-BR","potentialAction":[{"@type":"ReadAction","target":["https:\/\/noticiaempauta.com\/portal\/ex-vereador-ricardo-bandeira-e-oficializado-pre-candidato-a-vice-na-chapa-de-dr-pessoa\/"]}]},{"@type":"ImageObject","inLanguage":"pt-BR","@id":"https:\/\/noticiaempauta.com\/portal\/ex-vereador-ricardo-bandeira-e-oficializado-pre-candidato-a-vice-na-chapa-de-dr-pessoa\/#primaryimage","url":"https:\/\/noticiaempauta.com\/portal\/wp-content\/uploads\/2024\/07\/Dr.-Pessoa-e-Ricardo-Bandeira.jpeg","contentUrl":"https:\/\/noticiaempauta.com\/portal\/wp-content\/uploads\/2024\/07\/Dr.-Pessoa-e-Ricardo-Bandeira.jpeg","width":1280,"height":843},{"@type":"BreadcrumbList","@id":"https:\/\/noticiaempauta.com\/portal\/ex-vereador-ricardo-bandeira-e-oficializado-pre-candidato-a-vice-na-chapa-de-dr-pessoa\/#breadcrumb","itemListElement":[{"@type":"ListItem","position":1,"name":"P\u00e1gina Inicial","item":"https:\/\/noticiaempauta.com\/portal\/"},{"@type":"ListItem","position":2,"name":"Destaques","item":"https:\/\/noticiaempauta.com\/portal\/destaques-site\/"},{"@type":"ListItem","position":3,"name":"Ex-vereador Ricardo Bandeira \u00e9 oficializado pr\u00e9-candidato a vice na chapa de Dr. Pessoa"}]},{"@type":"WebSite","@id":"https:\/\/noticiaempauta.com\/portal\/#website","url":"https:\/\/noticiaempauta.com\/portal\/","name":"Portal Not\u00edcia em Pauta","description":"Voc\u00ea bem informado","publisher":{"@id":"https:\/\/noticiaempauta.com\/portal\/#organization"},"potentialAction":[{"@type":"SearchAction","target":{"@type":"EntryPoint","urlTemplate":"https:\/\/noticiaempauta.com\/portal\/?s={search_term_string}"},"query-input":{"@type":"PropertyValueSpecification","valueRequired":true,"valueName":"search_term_string"}}],"inLanguage":"pt-BR"},{"@type":"Organization","@id":"https:\/\/noticiaempauta.com\/portal\/#organization","name":"Portal Not\u00edcia em Pauta","url":"https:\/\/noticiaempauta.com\/portal\/","logo":{"@type":"ImageObject","inLanguage":"pt-BR","@id":"https:\/\/noticiaempauta.com\/portal\/#\/schema\/logo\/image\/","url":"https:\/\/noticiaempauta.com\/portal\/wp-content\/uploads\/2022\/08\/logomarca_tema.fw_.png","contentUrl":"https:\/\/noticiaempauta.com\/portal\/wp-content\/uploads\/2022\/08\/logomarca_tema.fw_.png","width":400,"height":232,"caption":"Portal Not\u00edcia em Pauta"},"image":{"@id":"https:\/\/noticiaempauta.com\/portal\/#\/schema\/logo\/image\/"},"sameAs":["https:\/\/www.facebook.com\/Portal-Notcia-Em-Pauta-102292869264820\/","https:\/\/www.instagram.com\/portalnoticiaempauta\/"]},{"@type":"Person","@id":"https:\/\/noticiaempauta.com\/portal\/#\/schema\/person\/a74af43dd1ab3deca45f988c717d57ac","name":"Reda\u00e7\u00e3o","image":{"@type":"ImageObject","inLanguage":"pt-BR","@id":"https:\/\/noticiaempauta.com\/portal\/#\/schema\/person\/image\/","url":"https:\/\/secure.gravatar.com\/avatar\/03179346ecce6cdfc13361603e8f54242a90e5cde8618fa23c5c00aa2b0aadf3?s=96&d=mm&r=g","contentUrl":"https:\/\/secure.gravatar.com\/avatar\/03179346ecce6cdfc13361603e8f54242a90e5cde8618fa23c5c00aa2b0aadf3?s=96&d=mm&r=g","caption":"Reda\u00e7\u00e3o"},"sameAs":["https:\/\/noticiaempauta.com\/portal\/"],"url":"https:\/\/noticiaempauta.com\/portal\/author\/fernando\/"}]}},"_links":{"self":[{"href":"https:\/\/noticiaempauta.com\/portal\/wp-json\/wp\/v2\/posts\/259833","targetHints":{"allow":["GET"]}}],"collection":[{"href":"https:\/\/noticiaempauta.com\/portal\/wp-json\/wp\/v2\/posts"}],"about":[{"href":"https:\/\/noticiaempauta.com\/portal\/wp-json\/wp\/v2\/types\/post"}],"author":[{"embeddable":true,"href":"https:\/\/noticiaempauta.com\/portal\/wp-json\/wp\/v2\/users\/2"}],"replies":[{"embeddable":true,"href":"https:\/\/noticiaempauta.com\/portal\/wp-json\/wp\/v2\/comments?post=259833"}],"version-history":[{"count":2,"href":"https:\/\/noticiaempauta.com\/portal\/wp-json\/wp\/v2\/posts\/259833\/revisions"}],"predecessor-version":[{"id":259836,"href":"https:\/\/noticiaempauta.com\/portal\/wp-json\/wp\/v2\/posts\/259833\/revisions\/259836"}],"wp:featuredmedia":[{"embeddable":true,"href":"https:\/\/noticiaempauta.com\/portal\/wp-json\/wp\/v2\/media\/259834"}],"wp:attachment":[{"href":"https:\/\/noticiaempauta.com\/portal\/wp-json\/wp\/v2\/media?parent=259833"}],"wp:term":[{"taxonomy":"category","embeddable":true,"href":"https:\/\/noticiaempauta.com\/portal\/wp-json\/wp\/v2\/categories?post=259833"},{"taxonomy":"post_tag","embeddable":true,"href":"https:\/\/noticiaempauta.com\/portal\/wp-json\/wp\/v2\/tags?post=259833"}],"curies":[{"name":"wp","href":"https:\/\/api.w.org\/{rel}","templated":true}]}}