{"id":259843,"date":"2024-07-18T10:50:46","date_gmt":"2024-07-18T13:50:46","guid":{"rendered":"https:\/\/noticiaempauta.com\/portal\/?p=259843"},"modified":"2024-07-18T10:51:29","modified_gmt":"2024-07-18T13:51:29","slug":"populacao-prestigia-abertura-do-117o-festejo-de-santa-ana-e-inicio-das-comemoracoes-do-67o-aniversario-de-monsenhor-hipolito","status":"publish","type":"post","link":"https:\/\/noticiaempauta.com\/portal\/populacao-prestigia-abertura-do-117o-festejo-de-santa-ana-e-inicio-das-comemoracoes-do-67o-aniversario-de-monsenhor-hipolito\/","title":{"rendered":"Popula\u00e7\u00e3o prestigia abertura do 117\u00ba festejo de Santa Ana e in\u00edcio das comemora\u00e7\u00f5es do 67\u00ba anivers\u00e1rio de Monsenhor Hip\u00f3lito"},"content":{"rendered":"\n<p>O munic\u00edpio de Monsenhor Hip\u00f3lito est\u00e1 em festa. Os hipolitanos celebram neste m\u00eas de julho a festa da padroeira Santa Ana e o 67\u00ba anivers\u00e1rio de emancipa\u00e7\u00e3o pol\u00edtica.<\/p>\n\n\n\n<figure class=\"wp-block-image size-large\"><img fetchpriority=\"high\" decoding=\"async\" width=\"1024\" height=\"676\" src=\"https:\/\/noticiaempauta.com\/portal\/wp-content\/uploads\/2024\/07\/batch_IMG_5772-5-1024x676.jpg\" alt=\"\" class=\"wp-image-259845\" srcset=\"https:\/\/noticiaempauta.com\/portal\/wp-content\/uploads\/2024\/07\/batch_IMG_5772-5-1024x676.jpg 1024w, https:\/\/noticiaempauta.com\/portal\/wp-content\/uploads\/2024\/07\/batch_IMG_5772-5-300x198.jpg 300w, https:\/\/noticiaempauta.com\/portal\/wp-content\/uploads\/2024\/07\/batch_IMG_5772-5-768x507.jpg 768w, https:\/\/noticiaempauta.com\/portal\/wp-content\/uploads\/2024\/07\/batch_IMG_5772-5.jpg 1060w\" sizes=\"(max-width: 1024px) 100vw, 1024px\" \/><\/figure>\n\n\n\n<p>Nesta quarta-feira, 17, dezenas de pessoas foram \u00e0s ruas para saudar Santa Ana em prociss\u00e3o e alvorada. O ato marca abertura do 117\u00ba festejo que neste ano ser\u00e1 celebrado como tema \u201cPerseverar na f\u00e9 e viver na ora\u00e7\u00e3o\u201d.<\/p>\n\n\n\n<figure class=\"wp-block-image size-large\"><img decoding=\"async\" width=\"1024\" height=\"676\" src=\"https:\/\/noticiaempauta.com\/portal\/wp-content\/uploads\/2024\/07\/batch_IMG_5785-2-1024x676.jpg\" alt=\"\" class=\"wp-image-259846\" srcset=\"https:\/\/noticiaempauta.com\/portal\/wp-content\/uploads\/2024\/07\/batch_IMG_5785-2-1024x676.jpg 1024w, https:\/\/noticiaempauta.com\/portal\/wp-content\/uploads\/2024\/07\/batch_IMG_5785-2-300x198.jpg 300w, https:\/\/noticiaempauta.com\/portal\/wp-content\/uploads\/2024\/07\/batch_IMG_5785-2-768x507.jpg 768w, https:\/\/noticiaempauta.com\/portal\/wp-content\/uploads\/2024\/07\/batch_IMG_5785-2.jpg 1060w\" sizes=\"(max-width: 1024px) 100vw, 1024px\" \/><\/figure>\n\n\n\n<p>A prociss\u00e3o foi conduzida pelo padre Ant\u00f4nio Mendes, p\u00e1roco local. Durante o percurso, os devotos entoavam hinos da santa passando por v\u00e1rias ruas do munic\u00edpio.<\/p>\n\n\n\n<figure class=\"wp-block-image size-full\"><img decoding=\"async\" width=\"467\" height=\"700\" src=\"https:\/\/noticiaempauta.com\/portal\/wp-content\/uploads\/2024\/07\/batch_IMG_5851-3.jpg\" alt=\"\" class=\"wp-image-259847\" srcset=\"https:\/\/noticiaempauta.com\/portal\/wp-content\/uploads\/2024\/07\/batch_IMG_5851-3.jpg 467w, https:\/\/noticiaempauta.com\/portal\/wp-content\/uploads\/2024\/07\/batch_IMG_5851-3-200x300.jpg 200w\" sizes=\"(max-width: 467px) 100vw, 467px\" \/><\/figure>\n\n\n\n<p>Na chegada ao patamar da Igreja Matriz aconteceu o hasteamento da bandeira da Excelsa Padroeira, ao som dos sinos que anunciavam o in\u00edcio das festividades sagradas.<\/p>\n\n\n\n<figure class=\"wp-block-image size-full\"><img loading=\"lazy\" decoding=\"async\" width=\"467\" height=\"700\" src=\"https:\/\/noticiaempauta.com\/portal\/wp-content\/uploads\/2024\/07\/batch_IMG_5854-3.jpg\" alt=\"\" class=\"wp-image-259848\" srcset=\"https:\/\/noticiaempauta.com\/portal\/wp-content\/uploads\/2024\/07\/batch_IMG_5854-3.jpg 467w, https:\/\/noticiaempauta.com\/portal\/wp-content\/uploads\/2024\/07\/batch_IMG_5854-3-200x300.jpg 200w\" sizes=\"(max-width: 467px) 100vw, 467px\" \/><\/figure>\n\n\n\n<figure class=\"wp-block-image size-large\"><img loading=\"lazy\" decoding=\"async\" width=\"1024\" height=\"676\" src=\"https:\/\/noticiaempauta.com\/portal\/wp-content\/uploads\/2024\/07\/batch_IMG_5848-3-1024x676.jpg\" alt=\"\" class=\"wp-image-259849\" srcset=\"https:\/\/noticiaempauta.com\/portal\/wp-content\/uploads\/2024\/07\/batch_IMG_5848-3-1024x676.jpg 1024w, https:\/\/noticiaempauta.com\/portal\/wp-content\/uploads\/2024\/07\/batch_IMG_5848-3-300x198.jpg 300w, https:\/\/noticiaempauta.com\/portal\/wp-content\/uploads\/2024\/07\/batch_IMG_5848-3-768x507.jpg 768w, https:\/\/noticiaempauta.com\/portal\/wp-content\/uploads\/2024\/07\/batch_IMG_5848-3.jpg 1060w\" sizes=\"(max-width: 1024px) 100vw, 1024px\" \/><\/figure>\n\n\n\n<p>\u201cA excelsa padroeira Santa Ana l\u00e1 do c\u00e9u nos ajude a viver com muita intensidade esse momento de f\u00e9 e de ora\u00e7\u00e3o\u201d, disse o padre convidando a popula\u00e7\u00e3o do munic\u00edpio e regi\u00e3o para participar da programa\u00e7\u00e3o.<\/p>\n\n\n\n<figure class=\"wp-block-image size-large\"><img loading=\"lazy\" decoding=\"async\" width=\"1024\" height=\"676\" src=\"https:\/\/noticiaempauta.com\/portal\/wp-content\/uploads\/2024\/07\/batch_IMG_5862-2-1024x676.jpg\" alt=\"\" class=\"wp-image-259850\" srcset=\"https:\/\/noticiaempauta.com\/portal\/wp-content\/uploads\/2024\/07\/batch_IMG_5862-2-1024x676.jpg 1024w, https:\/\/noticiaempauta.com\/portal\/wp-content\/uploads\/2024\/07\/batch_IMG_5862-2-300x198.jpg 300w, https:\/\/noticiaempauta.com\/portal\/wp-content\/uploads\/2024\/07\/batch_IMG_5862-2-768x507.jpg 768w, https:\/\/noticiaempauta.com\/portal\/wp-content\/uploads\/2024\/07\/batch_IMG_5862-2.jpg 1060w\" sizes=\"(max-width: 1024px) 100vw, 1024px\" \/><\/figure>\n\n\n\n<p>Logo depois aconteceu o ato c\u00edvico em frente a Prefeitura Municipal. <\/p>\n\n\n\n<figure class=\"wp-block-image size-large\"><img loading=\"lazy\" decoding=\"async\" width=\"1024\" height=\"676\" src=\"https:\/\/noticiaempauta.com\/portal\/wp-content\/uploads\/2024\/07\/batch_IMG_5961-2-1024x676.jpg\" alt=\"\" class=\"wp-image-259851\" srcset=\"https:\/\/noticiaempauta.com\/portal\/wp-content\/uploads\/2024\/07\/batch_IMG_5961-2-1024x676.jpg 1024w, https:\/\/noticiaempauta.com\/portal\/wp-content\/uploads\/2024\/07\/batch_IMG_5961-2-300x198.jpg 300w, https:\/\/noticiaempauta.com\/portal\/wp-content\/uploads\/2024\/07\/batch_IMG_5961-2-768x507.jpg 768w, https:\/\/noticiaempauta.com\/portal\/wp-content\/uploads\/2024\/07\/batch_IMG_5961-2.jpg 1060w\" sizes=\"(max-width: 1024px) 100vw, 1024px\" \/><\/figure>\n\n\n\n<figure class=\"wp-block-image size-full\"><img loading=\"lazy\" decoding=\"async\" width=\"467\" height=\"700\" src=\"https:\/\/noticiaempauta.com\/portal\/wp-content\/uploads\/2024\/07\/batch_IMG_6035-1.jpg\" alt=\"\" class=\"wp-image-259854\" srcset=\"https:\/\/noticiaempauta.com\/portal\/wp-content\/uploads\/2024\/07\/batch_IMG_6035-1.jpg 467w, https:\/\/noticiaempauta.com\/portal\/wp-content\/uploads\/2024\/07\/batch_IMG_6035-1-200x300.jpg 200w\" sizes=\"(max-width: 467px) 100vw, 467px\" \/><\/figure>\n\n\n\n<p>As bandeiras do Brasil, do Piau\u00ed e de Monsenhor Hip\u00f3lito foram hasteadas, respectivamente pelo di\u00e1cono Fernando Pereira dos Santos, pelo vereador M\u00e1rio Micheline e pela primeira-dama Josefina Policarpo.<\/p>\n\n\n\n<figure class=\"wp-block-image size-large\"><img loading=\"lazy\" decoding=\"async\" width=\"1024\" height=\"676\" src=\"https:\/\/noticiaempauta.com\/portal\/wp-content\/uploads\/2024\/07\/batch_IMG_5998-2-1024x676.jpg\" alt=\"\" class=\"wp-image-259853\" srcset=\"https:\/\/noticiaempauta.com\/portal\/wp-content\/uploads\/2024\/07\/batch_IMG_5998-2-1024x676.jpg 1024w, https:\/\/noticiaempauta.com\/portal\/wp-content\/uploads\/2024\/07\/batch_IMG_5998-2-300x198.jpg 300w, https:\/\/noticiaempauta.com\/portal\/wp-content\/uploads\/2024\/07\/batch_IMG_5998-2-768x507.jpg 768w, https:\/\/noticiaempauta.com\/portal\/wp-content\/uploads\/2024\/07\/batch_IMG_5998-2.jpg 1060w\" sizes=\"(max-width: 1024px) 100vw, 1024px\" \/><\/figure>\n\n\n\n<figure class=\"wp-block-image size-large\"><img loading=\"lazy\" decoding=\"async\" width=\"1024\" height=\"676\" src=\"https:\/\/noticiaempauta.com\/portal\/wp-content\/uploads\/2024\/07\/batch_IMG_5921-1-1024x676.jpg\" alt=\"\" class=\"wp-image-259855\" srcset=\"https:\/\/noticiaempauta.com\/portal\/wp-content\/uploads\/2024\/07\/batch_IMG_5921-1-1024x676.jpg 1024w, https:\/\/noticiaempauta.com\/portal\/wp-content\/uploads\/2024\/07\/batch_IMG_5921-1-300x198.jpg 300w, https:\/\/noticiaempauta.com\/portal\/wp-content\/uploads\/2024\/07\/batch_IMG_5921-1-768x507.jpg 768w, https:\/\/noticiaempauta.com\/portal\/wp-content\/uploads\/2024\/07\/batch_IMG_5921-1.jpg 1060w\" sizes=\"(max-width: 1024px) 100vw, 1024px\" \/><\/figure>\n\n\n\n<p>Encerrado o ato, a popula\u00e7\u00e3o, secret\u00e1rios e autoridades municipais seguiram ao interior da sede da Prefeitura para o corte do bolo e o canto de parab\u00e9ns. Al\u00e9m de gestores de org\u00e3os e departamentos, a Pol\u00edcia Militar esteve presente.<\/p>\n\n\n\n<figure class=\"wp-block-image size-large\"><img loading=\"lazy\" decoding=\"async\" width=\"1024\" height=\"676\" src=\"https:\/\/noticiaempauta.com\/portal\/wp-content\/uploads\/2024\/07\/batch_IMG_5940-2-1024x676.jpg\" alt=\"\" class=\"wp-image-259856\" srcset=\"https:\/\/noticiaempauta.com\/portal\/wp-content\/uploads\/2024\/07\/batch_IMG_5940-2-1024x676.jpg 1024w, https:\/\/noticiaempauta.com\/portal\/wp-content\/uploads\/2024\/07\/batch_IMG_5940-2-300x198.jpg 300w, https:\/\/noticiaempauta.com\/portal\/wp-content\/uploads\/2024\/07\/batch_IMG_5940-2-768x507.jpg 768w, https:\/\/noticiaempauta.com\/portal\/wp-content\/uploads\/2024\/07\/batch_IMG_5940-2.jpg 1060w\" sizes=\"(max-width: 1024px) 100vw, 1024px\" \/><\/figure>\n\n\n\n<figure class=\"wp-block-image size-large\"><img loading=\"lazy\" decoding=\"async\" width=\"1024\" height=\"676\" src=\"https:\/\/noticiaempauta.com\/portal\/wp-content\/uploads\/2024\/07\/batch_IMG_5955-1-1024x676.jpg\" alt=\"\" class=\"wp-image-259857\" srcset=\"https:\/\/noticiaempauta.com\/portal\/wp-content\/uploads\/2024\/07\/batch_IMG_5955-1-1024x676.jpg 1024w, https:\/\/noticiaempauta.com\/portal\/wp-content\/uploads\/2024\/07\/batch_IMG_5955-1-300x198.jpg 300w, https:\/\/noticiaempauta.com\/portal\/wp-content\/uploads\/2024\/07\/batch_IMG_5955-1-768x507.jpg 768w, https:\/\/noticiaempauta.com\/portal\/wp-content\/uploads\/2024\/07\/batch_IMG_5955-1.jpg 1060w\" sizes=\"(max-width: 1024px) 100vw, 1024px\" \/><\/figure>\n\n\n\n<figure class=\"wp-block-image size-large\"><img loading=\"lazy\" decoding=\"async\" width=\"1024\" height=\"676\" src=\"https:\/\/noticiaempauta.com\/portal\/wp-content\/uploads\/2024\/07\/batch_IMG_5971-1-1024x676.jpg\" alt=\"\" class=\"wp-image-259858\" srcset=\"https:\/\/noticiaempauta.com\/portal\/wp-content\/uploads\/2024\/07\/batch_IMG_5971-1-1024x676.jpg 1024w, https:\/\/noticiaempauta.com\/portal\/wp-content\/uploads\/2024\/07\/batch_IMG_5971-1-300x198.jpg 300w, https:\/\/noticiaempauta.com\/portal\/wp-content\/uploads\/2024\/07\/batch_IMG_5971-1-768x507.jpg 768w, https:\/\/noticiaempauta.com\/portal\/wp-content\/uploads\/2024\/07\/batch_IMG_5971-1.jpg 1060w\" sizes=\"(max-width: 1024px) 100vw, 1024px\" \/><\/figure>\n\n\n\n<p>Monsenhor Hip\u00f3lito \u00e9 administrado pelo prefeito Djalma Policarpo. Com \u00e1rea de 401,568 km\u00b2 de acordo com dados do Instituto Brasileiro de Geografia e Estat\u00edstica (IBGE), referente ao ano de 2022, possui 7.577 habitantes.<\/p>\n\n\n\n<p>Veja Imagens<\/p>\n\n\n\n<figure class=\"wp-block-image size-large\"><img loading=\"lazy\" decoding=\"async\" width=\"1024\" height=\"676\" src=\"https:\/\/noticiaempauta.com\/portal\/wp-content\/uploads\/2024\/07\/batch_IMG_6005-1-1024x676.jpg\" alt=\"\" class=\"wp-image-259859\" srcset=\"https:\/\/noticiaempauta.com\/portal\/wp-content\/uploads\/2024\/07\/batch_IMG_6005-1-1024x676.jpg 1024w, https:\/\/noticiaempauta.com\/portal\/wp-content\/uploads\/2024\/07\/batch_IMG_6005-1-300x198.jpg 300w, https:\/\/noticiaempauta.com\/portal\/wp-content\/uploads\/2024\/07\/batch_IMG_6005-1-768x507.jpg 768w, https:\/\/noticiaempauta.com\/portal\/wp-content\/uploads\/2024\/07\/batch_IMG_6005-1.jpg 1060w\" sizes=\"(max-width: 1024px) 100vw, 1024px\" \/><\/figure>\n\n\n\n<figure class=\"wp-block-image size-large\"><img loading=\"lazy\" decoding=\"async\" width=\"1024\" height=\"676\" src=\"https:\/\/noticiaempauta.com\/portal\/wp-content\/uploads\/2024\/07\/batch_IMG_6053-2-1024x676.jpg\" alt=\"\" class=\"wp-image-259860\" srcset=\"https:\/\/noticiaempauta.com\/portal\/wp-content\/uploads\/2024\/07\/batch_IMG_6053-2-1024x676.jpg 1024w, https:\/\/noticiaempauta.com\/portal\/wp-content\/uploads\/2024\/07\/batch_IMG_6053-2-300x198.jpg 300w, https:\/\/noticiaempauta.com\/portal\/wp-content\/uploads\/2024\/07\/batch_IMG_6053-2-768x507.jpg 768w, https:\/\/noticiaempauta.com\/portal\/wp-content\/uploads\/2024\/07\/batch_IMG_6053-2.jpg 1060w\" sizes=\"(max-width: 1024px) 100vw, 1024px\" \/><\/figure>\n\n\n\n<figure class=\"wp-block-image size-large\"><img loading=\"lazy\" decoding=\"async\" width=\"1024\" height=\"676\" src=\"https:\/\/noticiaempauta.com\/portal\/wp-content\/uploads\/2024\/07\/batch_IMG_6063-2-1024x676.jpg\" alt=\"\" class=\"wp-image-259861\" srcset=\"https:\/\/noticiaempauta.com\/portal\/wp-content\/uploads\/2024\/07\/batch_IMG_6063-2-1024x676.jpg 1024w, https:\/\/noticiaempauta.com\/portal\/wp-content\/uploads\/2024\/07\/batch_IMG_6063-2-300x198.jpg 300w, https:\/\/noticiaempauta.com\/portal\/wp-content\/uploads\/2024\/07\/batch_IMG_6063-2-768x507.jpg 768w, https:\/\/noticiaempauta.com\/portal\/wp-content\/uploads\/2024\/07\/batch_IMG_6063-2.jpg 1060w\" sizes=\"(max-width: 1024px) 100vw, 1024px\" \/><\/figure>\n\n\n\n<figure class=\"wp-block-image size-large\"><img loading=\"lazy\" decoding=\"async\" width=\"1024\" height=\"676\" src=\"https:\/\/noticiaempauta.com\/portal\/wp-content\/uploads\/2024\/07\/batch_IMG_6067-1-1024x676.jpg\" alt=\"\" class=\"wp-image-259862\" srcset=\"https:\/\/noticiaempauta.com\/portal\/wp-content\/uploads\/2024\/07\/batch_IMG_6067-1-1024x676.jpg 1024w, https:\/\/noticiaempauta.com\/portal\/wp-content\/uploads\/2024\/07\/batch_IMG_6067-1-300x198.jpg 300w, https:\/\/noticiaempauta.com\/portal\/wp-content\/uploads\/2024\/07\/batch_IMG_6067-1-768x507.jpg 768w, https:\/\/noticiaempauta.com\/portal\/wp-content\/uploads\/2024\/07\/batch_IMG_6067-1.jpg 1060w\" sizes=\"(max-width: 1024px) 100vw, 1024px\" \/><\/figure>\n\n\n\n<figure class=\"wp-block-image size-large\"><img loading=\"lazy\" decoding=\"async\" width=\"1024\" height=\"676\" src=\"https:\/\/noticiaempauta.com\/portal\/wp-content\/uploads\/2024\/07\/batch_IMG_6069-1-1024x676.jpg\" alt=\"\" class=\"wp-image-259863\" srcset=\"https:\/\/noticiaempauta.com\/portal\/wp-content\/uploads\/2024\/07\/batch_IMG_6069-1-1024x676.jpg 1024w, https:\/\/noticiaempauta.com\/portal\/wp-content\/uploads\/2024\/07\/batch_IMG_6069-1-300x198.jpg 300w, https:\/\/noticiaempauta.com\/portal\/wp-content\/uploads\/2024\/07\/batch_IMG_6069-1-768x507.jpg 768w, https:\/\/noticiaempauta.com\/portal\/wp-content\/uploads\/2024\/07\/batch_IMG_6069-1.jpg 1060w\" sizes=\"(max-width: 1024px) 100vw, 1024px\" \/><\/figure>\n\n\n\n<figure class=\"wp-block-image size-large\"><img loading=\"lazy\" decoding=\"async\" width=\"1024\" height=\"676\" src=\"https:\/\/noticiaempauta.com\/portal\/wp-content\/uploads\/2024\/07\/batch_IMG_6073-1-1024x676.jpg\" alt=\"\" class=\"wp-image-259864\" srcset=\"https:\/\/noticiaempauta.com\/portal\/wp-content\/uploads\/2024\/07\/batch_IMG_6073-1-1024x676.jpg 1024w, https:\/\/noticiaempauta.com\/portal\/wp-content\/uploads\/2024\/07\/batch_IMG_6073-1-300x198.jpg 300w, https:\/\/noticiaempauta.com\/portal\/wp-content\/uploads\/2024\/07\/batch_IMG_6073-1-768x507.jpg 768w, https:\/\/noticiaempauta.com\/portal\/wp-content\/uploads\/2024\/07\/batch_IMG_6073-1.jpg 1060w\" sizes=\"(max-width: 1024px) 100vw, 1024px\" \/><\/figure>\n\n\n\n<figure class=\"wp-block-image size-full\"><img loading=\"lazy\" decoding=\"async\" width=\"467\" height=\"700\" src=\"https:\/\/noticiaempauta.com\/portal\/wp-content\/uploads\/2024\/07\/batch_IMG_6084-2.jpg\" alt=\"\" class=\"wp-image-259866\" srcset=\"https:\/\/noticiaempauta.com\/portal\/wp-content\/uploads\/2024\/07\/batch_IMG_6084-2.jpg 467w, https:\/\/noticiaempauta.com\/portal\/wp-content\/uploads\/2024\/07\/batch_IMG_6084-2-200x300.jpg 200w\" sizes=\"(max-width: 467px) 100vw, 467px\" \/><\/figure>\n\n\n\n<figure class=\"wp-block-image size-full\"><img loading=\"lazy\" decoding=\"async\" width=\"467\" height=\"700\" src=\"https:\/\/noticiaempauta.com\/portal\/wp-content\/uploads\/2024\/07\/batch_IMG_6087-2.jpg\" alt=\"\" class=\"wp-image-259867\" srcset=\"https:\/\/noticiaempauta.com\/portal\/wp-content\/uploads\/2024\/07\/batch_IMG_6087-2.jpg 467w, https:\/\/noticiaempauta.com\/portal\/wp-content\/uploads\/2024\/07\/batch_IMG_6087-2-200x300.jpg 200w\" sizes=\"(max-width: 467px) 100vw, 467px\" \/><\/figure>\n\n\n\n<figure class=\"wp-block-image size-large\"><img loading=\"lazy\" decoding=\"async\" width=\"1024\" height=\"676\" src=\"https:\/\/noticiaempauta.com\/portal\/wp-content\/uploads\/2024\/07\/batch_IMG_6110-1-1024x676.jpg\" alt=\"\" class=\"wp-image-259868\" srcset=\"https:\/\/noticiaempauta.com\/portal\/wp-content\/uploads\/2024\/07\/batch_IMG_6110-1-1024x676.jpg 1024w, https:\/\/noticiaempauta.com\/portal\/wp-content\/uploads\/2024\/07\/batch_IMG_6110-1-300x198.jpg 300w, https:\/\/noticiaempauta.com\/portal\/wp-content\/uploads\/2024\/07\/batch_IMG_6110-1-768x507.jpg 768w, https:\/\/noticiaempauta.com\/portal\/wp-content\/uploads\/2024\/07\/batch_IMG_6110-1.jpg 1060w\" sizes=\"(max-width: 1024px) 100vw, 1024px\" \/><\/figure>\n\n\n\n<figure class=\"wp-block-image size-large\"><img loading=\"lazy\" decoding=\"async\" width=\"1024\" height=\"676\" src=\"https:\/\/noticiaempauta.com\/portal\/wp-content\/uploads\/2024\/07\/batch_IMG_6113-1-1024x676.jpg\" alt=\"\" class=\"wp-image-259869\" srcset=\"https:\/\/noticiaempauta.com\/portal\/wp-content\/uploads\/2024\/07\/batch_IMG_6113-1-1024x676.jpg 1024w, https:\/\/noticiaempauta.com\/portal\/wp-content\/uploads\/2024\/07\/batch_IMG_6113-1-300x198.jpg 300w, https:\/\/noticiaempauta.com\/portal\/wp-content\/uploads\/2024\/07\/batch_IMG_6113-1-768x507.jpg 768w, https:\/\/noticiaempauta.com\/portal\/wp-content\/uploads\/2024\/07\/batch_IMG_6113-1.jpg 1060w\" sizes=\"(max-width: 1024px) 100vw, 1024px\" \/><\/figure>\n\n\n\n<figure class=\"wp-block-image size-large\"><img loading=\"lazy\" decoding=\"async\" width=\"1024\" height=\"676\" src=\"https:\/\/noticiaempauta.com\/portal\/wp-content\/uploads\/2024\/07\/batch_IMG_6123-1-1024x676.jpg\" alt=\"\" class=\"wp-image-259870\" srcset=\"https:\/\/noticiaempauta.com\/portal\/wp-content\/uploads\/2024\/07\/batch_IMG_6123-1-1024x676.jpg 1024w, https:\/\/noticiaempauta.com\/portal\/wp-content\/uploads\/2024\/07\/batch_IMG_6123-1-300x198.jpg 300w, https:\/\/noticiaempauta.com\/portal\/wp-content\/uploads\/2024\/07\/batch_IMG_6123-1-768x507.jpg 768w, https:\/\/noticiaempauta.com\/portal\/wp-content\/uploads\/2024\/07\/batch_IMG_6123-1.jpg 1060w\" sizes=\"(max-width: 1024px) 100vw, 1024px\" \/><\/figure>\n\n\n\n<figure class=\"wp-block-image size-large\"><img loading=\"lazy\" decoding=\"async\" width=\"1024\" height=\"676\" src=\"https:\/\/noticiaempauta.com\/portal\/wp-content\/uploads\/2024\/07\/batch_IMG_6138-2-1024x676.jpg\" alt=\"\" class=\"wp-image-259871\" srcset=\"https:\/\/noticiaempauta.com\/portal\/wp-content\/uploads\/2024\/07\/batch_IMG_6138-2-1024x676.jpg 1024w, https:\/\/noticiaempauta.com\/portal\/wp-content\/uploads\/2024\/07\/batch_IMG_6138-2-300x198.jpg 300w, https:\/\/noticiaempauta.com\/portal\/wp-content\/uploads\/2024\/07\/batch_IMG_6138-2-768x507.jpg 768w, https:\/\/noticiaempauta.com\/portal\/wp-content\/uploads\/2024\/07\/batch_IMG_6138-2.jpg 1060w\" sizes=\"(max-width: 1024px) 100vw, 1024px\" \/><\/figure>\n\n\n\n<figure class=\"wp-block-image size-large\"><img loading=\"lazy\" decoding=\"async\" width=\"1024\" height=\"676\" src=\"https:\/\/noticiaempauta.com\/portal\/wp-content\/uploads\/2024\/07\/batch_IMG_6141-1-1024x676.jpg\" alt=\"\" class=\"wp-image-259872\" srcset=\"https:\/\/noticiaempauta.com\/portal\/wp-content\/uploads\/2024\/07\/batch_IMG_6141-1-1024x676.jpg 1024w, https:\/\/noticiaempauta.com\/portal\/wp-content\/uploads\/2024\/07\/batch_IMG_6141-1-300x198.jpg 300w, https:\/\/noticiaempauta.com\/portal\/wp-content\/uploads\/2024\/07\/batch_IMG_6141-1-768x507.jpg 768w, https:\/\/noticiaempauta.com\/portal\/wp-content\/uploads\/2024\/07\/batch_IMG_6141-1.jpg 1060w\" sizes=\"(max-width: 1024px) 100vw, 1024px\" \/><\/figure>\n\n\n\n<p><strong><em>Fonte e Fotos: CidadesnaNet<\/em><\/strong><\/p>\n","protected":false},"excerpt":{"rendered":"<p>O munic\u00edpio de Monsenhor Hip\u00f3lito est\u00e1 em festa. Os hipolitanos celebram neste m\u00eas de julho a festa da padroeira Santa Ana e o 67\u00ba anivers\u00e1rio de emancipa\u00e7\u00e3o pol\u00edtica. Nesta quarta-feira, 17, dezenas de pessoas foram \u00e0s ruas para saudar Santa Ana em prociss\u00e3o e alvorada. O ato marca abertura do 117\u00ba festejo que neste ano [&hellip;]<\/p>\n","protected":false},"author":2,"featured_media":259844,"comment_status":"open","ping_status":"open","sticky":false,"template":"","format":"standard","meta":{"_mi_skip_tracking":false,"footnotes":""},"categories":[25,1,9,16],"tags":[],"class_list":["post-259843","post","type-post","status-publish","format-standard","has-post-thumbnail","hentry","category-destaques-site","category-geral","category-municipios","category-todas"],"acf":[],"yoast_head":"<!-- This site is optimized with the Yoast SEO Premium plugin v19.2 (Yoast SEO v26.9) - https:\/\/yoast.com\/product\/yoast-seo-premium-wordpress\/ -->\n<title>Popula\u00e7\u00e3o prestigia abertura do 117\u00ba festejo de Santa Ana e in\u00edcio das comemora\u00e7\u00f5es do 67\u00ba anivers\u00e1rio de Monsenhor Hip\u00f3lito - Portal Not\u00edcia em Pauta<\/title>\n<meta name=\"robots\" content=\"index, follow, max-snippet:-1, max-image-preview:large, max-video-preview:-1\" \/>\n<link rel=\"canonical\" href=\"https:\/\/noticiaempauta.com\/portal\/populacao-prestigia-abertura-do-117o-festejo-de-santa-ana-e-inicio-das-comemoracoes-do-67o-aniversario-de-monsenhor-hipolito\/\" \/>\n<meta property=\"og:locale\" content=\"pt_BR\" \/>\n<meta property=\"og:type\" content=\"article\" \/>\n<meta property=\"og:title\" content=\"Popula\u00e7\u00e3o prestigia abertura do 117\u00ba festejo de Santa Ana e in\u00edcio das comemora\u00e7\u00f5es do 67\u00ba anivers\u00e1rio de Monsenhor Hip\u00f3lito\" \/>\n<meta property=\"og:description\" content=\"O munic\u00edpio de Monsenhor Hip\u00f3lito est\u00e1 em festa. Os hipolitanos celebram neste m\u00eas de julho a festa da padroeira Santa Ana e o 67\u00ba anivers\u00e1rio de emancipa\u00e7\u00e3o pol\u00edtica. Nesta quarta-feira, 17, dezenas de pessoas foram \u00e0s ruas para saudar Santa Ana em prociss\u00e3o e alvorada. O ato marca abertura do 117\u00ba festejo que neste ano [&hellip;]\" \/>\n<meta property=\"og:url\" content=\"https:\/\/noticiaempauta.com\/portal\/populacao-prestigia-abertura-do-117o-festejo-de-santa-ana-e-inicio-das-comemoracoes-do-67o-aniversario-de-monsenhor-hipolito\/\" \/>\n<meta property=\"og:site_name\" content=\"Portal Not\u00edcia em Pauta\" \/>\n<meta property=\"article:publisher\" content=\"https:\/\/www.facebook.com\/Portal-Notcia-Em-Pauta-102292869264820\/\" \/>\n<meta property=\"article:published_time\" content=\"2024-07-18T13:50:46+00:00\" \/>\n<meta property=\"article:modified_time\" content=\"2024-07-18T13:51:29+00:00\" \/>\n<meta property=\"og:image\" content=\"https:\/\/noticiaempauta.com\/portal\/wp-content\/uploads\/2024\/07\/WhatsApp-Image-2024-07-18-at-10.32.37.jpeg\" \/>\n\t<meta property=\"og:image:width\" content=\"1600\" \/>\n\t<meta property=\"og:image:height\" content=\"916\" \/>\n\t<meta property=\"og:image:type\" content=\"image\/jpeg\" \/>\n<meta name=\"author\" content=\"Reda\u00e7\u00e3o\" \/>\n<meta name=\"twitter:card\" content=\"summary_large_image\" \/>\n<meta name=\"twitter:label1\" content=\"Escrito por\" \/>\n\t<meta name=\"twitter:data1\" content=\"Reda\u00e7\u00e3o\" \/>\n\t<meta name=\"twitter:label2\" content=\"Est. tempo de leitura\" \/>\n\t<meta name=\"twitter:data2\" content=\"7 minutos\" \/>\n<script type=\"application\/ld+json\" class=\"yoast-schema-graph\">{\"@context\":\"https:\/\/schema.org\",\"@graph\":[{\"@type\":\"Article\",\"@id\":\"https:\/\/noticiaempauta.com\/portal\/populacao-prestigia-abertura-do-117o-festejo-de-santa-ana-e-inicio-das-comemoracoes-do-67o-aniversario-de-monsenhor-hipolito\/#article\",\"isPartOf\":{\"@id\":\"https:\/\/noticiaempauta.com\/portal\/populacao-prestigia-abertura-do-117o-festejo-de-santa-ana-e-inicio-das-comemoracoes-do-67o-aniversario-de-monsenhor-hipolito\/\"},\"author\":{\"name\":\"Reda\u00e7\u00e3o\",\"@id\":\"https:\/\/noticiaempauta.com\/portal\/#\/schema\/person\/a74af43dd1ab3deca45f988c717d57ac\"},\"headline\":\"Popula\u00e7\u00e3o prestigia abertura do 117\u00ba festejo de Santa Ana e in\u00edcio das comemora\u00e7\u00f5es do 67\u00ba anivers\u00e1rio de Monsenhor Hip\u00f3lito\",\"datePublished\":\"2024-07-18T13:50:46+00:00\",\"dateModified\":\"2024-07-18T13:51:29+00:00\",\"mainEntityOfPage\":{\"@id\":\"https:\/\/noticiaempauta.com\/portal\/populacao-prestigia-abertura-do-117o-festejo-de-santa-ana-e-inicio-das-comemoracoes-do-67o-aniversario-de-monsenhor-hipolito\/\"},\"wordCount\":316,\"commentCount\":0,\"publisher\":{\"@id\":\"https:\/\/noticiaempauta.com\/portal\/#organization\"},\"image\":{\"@id\":\"https:\/\/noticiaempauta.com\/portal\/populacao-prestigia-abertura-do-117o-festejo-de-santa-ana-e-inicio-das-comemoracoes-do-67o-aniversario-de-monsenhor-hipolito\/#primaryimage\"},\"thumbnailUrl\":\"https:\/\/noticiaempauta.com\/portal\/wp-content\/uploads\/2024\/07\/WhatsApp-Image-2024-07-18-at-10.32.37.jpeg\",\"articleSection\":[\"Destaques\",\"Geral\",\"Munic\u00edpios\",\"Todas as Not\u00edcias\"],\"inLanguage\":\"pt-BR\",\"potentialAction\":[{\"@type\":\"CommentAction\",\"name\":\"Comment\",\"target\":[\"https:\/\/noticiaempauta.com\/portal\/populacao-prestigia-abertura-do-117o-festejo-de-santa-ana-e-inicio-das-comemoracoes-do-67o-aniversario-de-monsenhor-hipolito\/#respond\"]}]},{\"@type\":\"WebPage\",\"@id\":\"https:\/\/noticiaempauta.com\/portal\/populacao-prestigia-abertura-do-117o-festejo-de-santa-ana-e-inicio-das-comemoracoes-do-67o-aniversario-de-monsenhor-hipolito\/\",\"url\":\"https:\/\/noticiaempauta.com\/portal\/populacao-prestigia-abertura-do-117o-festejo-de-santa-ana-e-inicio-das-comemoracoes-do-67o-aniversario-de-monsenhor-hipolito\/\",\"name\":\"Popula\u00e7\u00e3o prestigia abertura do 117\u00ba festejo de Santa Ana e in\u00edcio das comemora\u00e7\u00f5es do 67\u00ba anivers\u00e1rio de Monsenhor Hip\u00f3lito - Portal Not\u00edcia em Pauta\",\"isPartOf\":{\"@id\":\"https:\/\/noticiaempauta.com\/portal\/#website\"},\"primaryImageOfPage\":{\"@id\":\"https:\/\/noticiaempauta.com\/portal\/populacao-prestigia-abertura-do-117o-festejo-de-santa-ana-e-inicio-das-comemoracoes-do-67o-aniversario-de-monsenhor-hipolito\/#primaryimage\"},\"image\":{\"@id\":\"https:\/\/noticiaempauta.com\/portal\/populacao-prestigia-abertura-do-117o-festejo-de-santa-ana-e-inicio-das-comemoracoes-do-67o-aniversario-de-monsenhor-hipolito\/#primaryimage\"},\"thumbnailUrl\":\"https:\/\/noticiaempauta.com\/portal\/wp-content\/uploads\/2024\/07\/WhatsApp-Image-2024-07-18-at-10.32.37.jpeg\",\"datePublished\":\"2024-07-18T13:50:46+00:00\",\"dateModified\":\"2024-07-18T13:51:29+00:00\",\"breadcrumb\":{\"@id\":\"https:\/\/noticiaempauta.com\/portal\/populacao-prestigia-abertura-do-117o-festejo-de-santa-ana-e-inicio-das-comemoracoes-do-67o-aniversario-de-monsenhor-hipolito\/#breadcrumb\"},\"inLanguage\":\"pt-BR\",\"potentialAction\":[{\"@type\":\"ReadAction\",\"target\":[\"https:\/\/noticiaempauta.com\/portal\/populacao-prestigia-abertura-do-117o-festejo-de-santa-ana-e-inicio-das-comemoracoes-do-67o-aniversario-de-monsenhor-hipolito\/\"]}]},{\"@type\":\"ImageObject\",\"inLanguage\":\"pt-BR\",\"@id\":\"https:\/\/noticiaempauta.com\/portal\/populacao-prestigia-abertura-do-117o-festejo-de-santa-ana-e-inicio-das-comemoracoes-do-67o-aniversario-de-monsenhor-hipolito\/#primaryimage\",\"url\":\"https:\/\/noticiaempauta.com\/portal\/wp-content\/uploads\/2024\/07\/WhatsApp-Image-2024-07-18-at-10.32.37.jpeg\",\"contentUrl\":\"https:\/\/noticiaempauta.com\/portal\/wp-content\/uploads\/2024\/07\/WhatsApp-Image-2024-07-18-at-10.32.37.jpeg\",\"width\":1600,\"height\":916},{\"@type\":\"BreadcrumbList\",\"@id\":\"https:\/\/noticiaempauta.com\/portal\/populacao-prestigia-abertura-do-117o-festejo-de-santa-ana-e-inicio-das-comemoracoes-do-67o-aniversario-de-monsenhor-hipolito\/#breadcrumb\",\"itemListElement\":[{\"@type\":\"ListItem\",\"position\":1,\"name\":\"P\u00e1gina Inicial\",\"item\":\"https:\/\/noticiaempauta.com\/portal\/\"},{\"@type\":\"ListItem\",\"position\":2,\"name\":\"Geral\",\"item\":\"https:\/\/noticiaempauta.com\/portal\/geral\/\"},{\"@type\":\"ListItem\",\"position\":3,\"name\":\"Popula\u00e7\u00e3o prestigia abertura do 117\u00ba festejo de Santa Ana e in\u00edcio das comemora\u00e7\u00f5es do 67\u00ba anivers\u00e1rio de Monsenhor Hip\u00f3lito\"}]},{\"@type\":\"WebSite\",\"@id\":\"https:\/\/noticiaempauta.com\/portal\/#website\",\"url\":\"https:\/\/noticiaempauta.com\/portal\/\",\"name\":\"Portal Not\u00edcia em Pauta\",\"description\":\"Voc\u00ea bem informado\",\"publisher\":{\"@id\":\"https:\/\/noticiaempauta.com\/portal\/#organization\"},\"potentialAction\":[{\"@type\":\"SearchAction\",\"target\":{\"@type\":\"EntryPoint\",\"urlTemplate\":\"https:\/\/noticiaempauta.com\/portal\/?s={search_term_string}\"},\"query-input\":{\"@type\":\"PropertyValueSpecification\",\"valueRequired\":true,\"valueName\":\"search_term_string\"}}],\"inLanguage\":\"pt-BR\"},{\"@type\":\"Organization\",\"@id\":\"https:\/\/noticiaempauta.com\/portal\/#organization\",\"name\":\"Portal Not\u00edcia em Pauta\",\"url\":\"https:\/\/noticiaempauta.com\/portal\/\",\"logo\":{\"@type\":\"ImageObject\",\"inLanguage\":\"pt-BR\",\"@id\":\"https:\/\/noticiaempauta.com\/portal\/#\/schema\/logo\/image\/\",\"url\":\"https:\/\/noticiaempauta.com\/portal\/wp-content\/uploads\/2022\/08\/logomarca_tema.fw_.png\",\"contentUrl\":\"https:\/\/noticiaempauta.com\/portal\/wp-content\/uploads\/2022\/08\/logomarca_tema.fw_.png\",\"width\":400,\"height\":232,\"caption\":\"Portal Not\u00edcia em Pauta\"},\"image\":{\"@id\":\"https:\/\/noticiaempauta.com\/portal\/#\/schema\/logo\/image\/\"},\"sameAs\":[\"https:\/\/www.facebook.com\/Portal-Notcia-Em-Pauta-102292869264820\/\",\"https:\/\/www.instagram.com\/portalnoticiaempauta\/\"]},{\"@type\":\"Person\",\"@id\":\"https:\/\/noticiaempauta.com\/portal\/#\/schema\/person\/a74af43dd1ab3deca45f988c717d57ac\",\"name\":\"Reda\u00e7\u00e3o\",\"image\":{\"@type\":\"ImageObject\",\"inLanguage\":\"pt-BR\",\"@id\":\"https:\/\/noticiaempauta.com\/portal\/#\/schema\/person\/image\/\",\"url\":\"https:\/\/secure.gravatar.com\/avatar\/03179346ecce6cdfc13361603e8f54242a90e5cde8618fa23c5c00aa2b0aadf3?s=96&d=mm&r=g\",\"contentUrl\":\"https:\/\/secure.gravatar.com\/avatar\/03179346ecce6cdfc13361603e8f54242a90e5cde8618fa23c5c00aa2b0aadf3?s=96&d=mm&r=g\",\"caption\":\"Reda\u00e7\u00e3o\"},\"sameAs\":[\"https:\/\/noticiaempauta.com\/portal\/\"],\"url\":\"https:\/\/noticiaempauta.com\/portal\/author\/fernando\/\"}]}<\/script>\n<!-- \/ Yoast SEO Premium plugin. -->","yoast_head_json":{"title":"Popula\u00e7\u00e3o prestigia abertura do 117\u00ba festejo de Santa Ana e in\u00edcio das comemora\u00e7\u00f5es do 67\u00ba anivers\u00e1rio de Monsenhor Hip\u00f3lito - Portal Not\u00edcia em Pauta","robots":{"index":"index","follow":"follow","max-snippet":"max-snippet:-1","max-image-preview":"max-image-preview:large","max-video-preview":"max-video-preview:-1"},"canonical":"https:\/\/noticiaempauta.com\/portal\/populacao-prestigia-abertura-do-117o-festejo-de-santa-ana-e-inicio-das-comemoracoes-do-67o-aniversario-de-monsenhor-hipolito\/","og_locale":"pt_BR","og_type":"article","og_title":"Popula\u00e7\u00e3o prestigia abertura do 117\u00ba festejo de Santa Ana e in\u00edcio das comemora\u00e7\u00f5es do 67\u00ba anivers\u00e1rio de Monsenhor Hip\u00f3lito","og_description":"O munic\u00edpio de Monsenhor Hip\u00f3lito est\u00e1 em festa. Os hipolitanos celebram neste m\u00eas de julho a festa da padroeira Santa Ana e o 67\u00ba anivers\u00e1rio de emancipa\u00e7\u00e3o pol\u00edtica. Nesta quarta-feira, 17, dezenas de pessoas foram \u00e0s ruas para saudar Santa Ana em prociss\u00e3o e alvorada. O ato marca abertura do 117\u00ba festejo que neste ano [&hellip;]","og_url":"https:\/\/noticiaempauta.com\/portal\/populacao-prestigia-abertura-do-117o-festejo-de-santa-ana-e-inicio-das-comemoracoes-do-67o-aniversario-de-monsenhor-hipolito\/","og_site_name":"Portal Not\u00edcia em Pauta","article_publisher":"https:\/\/www.facebook.com\/Portal-Notcia-Em-Pauta-102292869264820\/","article_published_time":"2024-07-18T13:50:46+00:00","article_modified_time":"2024-07-18T13:51:29+00:00","og_image":[{"width":1600,"height":916,"url":"https:\/\/noticiaempauta.com\/portal\/wp-content\/uploads\/2024\/07\/WhatsApp-Image-2024-07-18-at-10.32.37.jpeg","type":"image\/jpeg"}],"author":"Reda\u00e7\u00e3o","twitter_card":"summary_large_image","twitter_misc":{"Escrito por":"Reda\u00e7\u00e3o","Est. tempo de leitura":"7 minutos"},"schema":{"@context":"https:\/\/schema.org","@graph":[{"@type":"Article","@id":"https:\/\/noticiaempauta.com\/portal\/populacao-prestigia-abertura-do-117o-festejo-de-santa-ana-e-inicio-das-comemoracoes-do-67o-aniversario-de-monsenhor-hipolito\/#article","isPartOf":{"@id":"https:\/\/noticiaempauta.com\/portal\/populacao-prestigia-abertura-do-117o-festejo-de-santa-ana-e-inicio-das-comemoracoes-do-67o-aniversario-de-monsenhor-hipolito\/"},"author":{"name":"Reda\u00e7\u00e3o","@id":"https:\/\/noticiaempauta.com\/portal\/#\/schema\/person\/a74af43dd1ab3deca45f988c717d57ac"},"headline":"Popula\u00e7\u00e3o prestigia abertura do 117\u00ba festejo de Santa Ana e in\u00edcio das comemora\u00e7\u00f5es do 67\u00ba anivers\u00e1rio de Monsenhor Hip\u00f3lito","datePublished":"2024-07-18T13:50:46+00:00","dateModified":"2024-07-18T13:51:29+00:00","mainEntityOfPage":{"@id":"https:\/\/noticiaempauta.com\/portal\/populacao-prestigia-abertura-do-117o-festejo-de-santa-ana-e-inicio-das-comemoracoes-do-67o-aniversario-de-monsenhor-hipolito\/"},"wordCount":316,"commentCount":0,"publisher":{"@id":"https:\/\/noticiaempauta.com\/portal\/#organization"},"image":{"@id":"https:\/\/noticiaempauta.com\/portal\/populacao-prestigia-abertura-do-117o-festejo-de-santa-ana-e-inicio-das-comemoracoes-do-67o-aniversario-de-monsenhor-hipolito\/#primaryimage"},"thumbnailUrl":"https:\/\/noticiaempauta.com\/portal\/wp-content\/uploads\/2024\/07\/WhatsApp-Image-2024-07-18-at-10.32.37.jpeg","articleSection":["Destaques","Geral","Munic\u00edpios","Todas as Not\u00edcias"],"inLanguage":"pt-BR","potentialAction":[{"@type":"CommentAction","name":"Comment","target":["https:\/\/noticiaempauta.com\/portal\/populacao-prestigia-abertura-do-117o-festejo-de-santa-ana-e-inicio-das-comemoracoes-do-67o-aniversario-de-monsenhor-hipolito\/#respond"]}]},{"@type":"WebPage","@id":"https:\/\/noticiaempauta.com\/portal\/populacao-prestigia-abertura-do-117o-festejo-de-santa-ana-e-inicio-das-comemoracoes-do-67o-aniversario-de-monsenhor-hipolito\/","url":"https:\/\/noticiaempauta.com\/portal\/populacao-prestigia-abertura-do-117o-festejo-de-santa-ana-e-inicio-das-comemoracoes-do-67o-aniversario-de-monsenhor-hipolito\/","name":"Popula\u00e7\u00e3o prestigia abertura do 117\u00ba festejo de Santa Ana e in\u00edcio das comemora\u00e7\u00f5es do 67\u00ba anivers\u00e1rio de Monsenhor Hip\u00f3lito - Portal Not\u00edcia em Pauta","isPartOf":{"@id":"https:\/\/noticiaempauta.com\/portal\/#website"},"primaryImageOfPage":{"@id":"https:\/\/noticiaempauta.com\/portal\/populacao-prestigia-abertura-do-117o-festejo-de-santa-ana-e-inicio-das-comemoracoes-do-67o-aniversario-de-monsenhor-hipolito\/#primaryimage"},"image":{"@id":"https:\/\/noticiaempauta.com\/portal\/populacao-prestigia-abertura-do-117o-festejo-de-santa-ana-e-inicio-das-comemoracoes-do-67o-aniversario-de-monsenhor-hipolito\/#primaryimage"},"thumbnailUrl":"https:\/\/noticiaempauta.com\/portal\/wp-content\/uploads\/2024\/07\/WhatsApp-Image-2024-07-18-at-10.32.37.jpeg","datePublished":"2024-07-18T13:50:46+00:00","dateModified":"2024-07-18T13:51:29+00:00","breadcrumb":{"@id":"https:\/\/noticiaempauta.com\/portal\/populacao-prestigia-abertura-do-117o-festejo-de-santa-ana-e-inicio-das-comemoracoes-do-67o-aniversario-de-monsenhor-hipolito\/#breadcrumb"},"inLanguage":"pt-BR","potentialAction":[{"@type":"ReadAction","target":["https:\/\/noticiaempauta.com\/portal\/populacao-prestigia-abertura-do-117o-festejo-de-santa-ana-e-inicio-das-comemoracoes-do-67o-aniversario-de-monsenhor-hipolito\/"]}]},{"@type":"ImageObject","inLanguage":"pt-BR","@id":"https:\/\/noticiaempauta.com\/portal\/populacao-prestigia-abertura-do-117o-festejo-de-santa-ana-e-inicio-das-comemoracoes-do-67o-aniversario-de-monsenhor-hipolito\/#primaryimage","url":"https:\/\/noticiaempauta.com\/portal\/wp-content\/uploads\/2024\/07\/WhatsApp-Image-2024-07-18-at-10.32.37.jpeg","contentUrl":"https:\/\/noticiaempauta.com\/portal\/wp-content\/uploads\/2024\/07\/WhatsApp-Image-2024-07-18-at-10.32.37.jpeg","width":1600,"height":916},{"@type":"BreadcrumbList","@id":"https:\/\/noticiaempauta.com\/portal\/populacao-prestigia-abertura-do-117o-festejo-de-santa-ana-e-inicio-das-comemoracoes-do-67o-aniversario-de-monsenhor-hipolito\/#breadcrumb","itemListElement":[{"@type":"ListItem","position":1,"name":"P\u00e1gina Inicial","item":"https:\/\/noticiaempauta.com\/portal\/"},{"@type":"ListItem","position":2,"name":"Geral","item":"https:\/\/noticiaempauta.com\/portal\/geral\/"},{"@type":"ListItem","position":3,"name":"Popula\u00e7\u00e3o prestigia abertura do 117\u00ba festejo de Santa Ana e in\u00edcio das comemora\u00e7\u00f5es do 67\u00ba anivers\u00e1rio de Monsenhor Hip\u00f3lito"}]},{"@type":"WebSite","@id":"https:\/\/noticiaempauta.com\/portal\/#website","url":"https:\/\/noticiaempauta.com\/portal\/","name":"Portal Not\u00edcia em Pauta","description":"Voc\u00ea bem informado","publisher":{"@id":"https:\/\/noticiaempauta.com\/portal\/#organization"},"potentialAction":[{"@type":"SearchAction","target":{"@type":"EntryPoint","urlTemplate":"https:\/\/noticiaempauta.com\/portal\/?s={search_term_string}"},"query-input":{"@type":"PropertyValueSpecification","valueRequired":true,"valueName":"search_term_string"}}],"inLanguage":"pt-BR"},{"@type":"Organization","@id":"https:\/\/noticiaempauta.com\/portal\/#organization","name":"Portal Not\u00edcia em Pauta","url":"https:\/\/noticiaempauta.com\/portal\/","logo":{"@type":"ImageObject","inLanguage":"pt-BR","@id":"https:\/\/noticiaempauta.com\/portal\/#\/schema\/logo\/image\/","url":"https:\/\/noticiaempauta.com\/portal\/wp-content\/uploads\/2022\/08\/logomarca_tema.fw_.png","contentUrl":"https:\/\/noticiaempauta.com\/portal\/wp-content\/uploads\/2022\/08\/logomarca_tema.fw_.png","width":400,"height":232,"caption":"Portal Not\u00edcia em Pauta"},"image":{"@id":"https:\/\/noticiaempauta.com\/portal\/#\/schema\/logo\/image\/"},"sameAs":["https:\/\/www.facebook.com\/Portal-Notcia-Em-Pauta-102292869264820\/","https:\/\/www.instagram.com\/portalnoticiaempauta\/"]},{"@type":"Person","@id":"https:\/\/noticiaempauta.com\/portal\/#\/schema\/person\/a74af43dd1ab3deca45f988c717d57ac","name":"Reda\u00e7\u00e3o","image":{"@type":"ImageObject","inLanguage":"pt-BR","@id":"https:\/\/noticiaempauta.com\/portal\/#\/schema\/person\/image\/","url":"https:\/\/secure.gravatar.com\/avatar\/03179346ecce6cdfc13361603e8f54242a90e5cde8618fa23c5c00aa2b0aadf3?s=96&d=mm&r=g","contentUrl":"https:\/\/secure.gravatar.com\/avatar\/03179346ecce6cdfc13361603e8f54242a90e5cde8618fa23c5c00aa2b0aadf3?s=96&d=mm&r=g","caption":"Reda\u00e7\u00e3o"},"sameAs":["https:\/\/noticiaempauta.com\/portal\/"],"url":"https:\/\/noticiaempauta.com\/portal\/author\/fernando\/"}]}},"_links":{"self":[{"href":"https:\/\/noticiaempauta.com\/portal\/wp-json\/wp\/v2\/posts\/259843","targetHints":{"allow":["GET"]}}],"collection":[{"href":"https:\/\/noticiaempauta.com\/portal\/wp-json\/wp\/v2\/posts"}],"about":[{"href":"https:\/\/noticiaempauta.com\/portal\/wp-json\/wp\/v2\/types\/post"}],"author":[{"embeddable":true,"href":"https:\/\/noticiaempauta.com\/portal\/wp-json\/wp\/v2\/users\/2"}],"replies":[{"embeddable":true,"href":"https:\/\/noticiaempauta.com\/portal\/wp-json\/wp\/v2\/comments?post=259843"}],"version-history":[{"count":3,"href":"https:\/\/noticiaempauta.com\/portal\/wp-json\/wp\/v2\/posts\/259843\/revisions"}],"predecessor-version":[{"id":259875,"href":"https:\/\/noticiaempauta.com\/portal\/wp-json\/wp\/v2\/posts\/259843\/revisions\/259875"}],"wp:featuredmedia":[{"embeddable":true,"href":"https:\/\/noticiaempauta.com\/portal\/wp-json\/wp\/v2\/media\/259844"}],"wp:attachment":[{"href":"https:\/\/noticiaempauta.com\/portal\/wp-json\/wp\/v2\/media?parent=259843"}],"wp:term":[{"taxonomy":"category","embeddable":true,"href":"https:\/\/noticiaempauta.com\/portal\/wp-json\/wp\/v2\/categories?post=259843"},{"taxonomy":"post_tag","embeddable":true,"href":"https:\/\/noticiaempauta.com\/portal\/wp-json\/wp\/v2\/tags?post=259843"}],"curies":[{"name":"wp","href":"https:\/\/api.w.org\/{rel}","templated":true}]}}