{"id":259882,"date":"2024-07-19T09:02:12","date_gmt":"2024-07-19T12:02:12","guid":{"rendered":"https:\/\/noticiaempauta.com\/portal\/?p=259882"},"modified":"2024-07-19T09:02:13","modified_gmt":"2024-07-19T12:02:13","slug":"detentos-da-penitenciaria-de-picos-realizam-exames-de-ists","status":"publish","type":"post","link":"https:\/\/noticiaempauta.com\/portal\/detentos-da-penitenciaria-de-picos-realizam-exames-de-ists\/","title":{"rendered":"Detentos da Penitenci\u00e1ria de Picos realizam exames de ISTs"},"content":{"rendered":"\n<p>A Secretaria da Justi\u00e7a (Sejus), por meio das equipes de sa\u00fade das unidades prisionais, realizou, nos dias 15 e 16 deste m\u00eas, o rastreamento de infec\u00e7\u00f5es sexualmente transmiss\u00edveis (ISTs) nos internos da Penitenci\u00e1ria Jos\u00e9 de Deus Barros, em Picos, e da Penitenci\u00e1ria Regional Maria de Cota, em Oeiras.<\/p>\n\n\n\n<figure class=\"wp-block-image size-full\"><img fetchpriority=\"high\" decoding=\"async\" width=\"750\" height=\"491\" src=\"https:\/\/noticiaempauta.com\/portal\/wp-content\/uploads\/2024\/07\/P40G-IMG-e820fadd9d249ce8fd.jpeg\" alt=\"\" class=\"wp-image-259883\" srcset=\"https:\/\/noticiaempauta.com\/portal\/wp-content\/uploads\/2024\/07\/P40G-IMG-e820fadd9d249ce8fd.jpeg 750w, https:\/\/noticiaempauta.com\/portal\/wp-content\/uploads\/2024\/07\/P40G-IMG-e820fadd9d249ce8fd-300x196.jpeg 300w\" sizes=\"(max-width: 750px) 100vw, 750px\" \/><\/figure>\n\n\n\n<p>A a\u00e7\u00e3o teve o objetivo de diagnosticar e prevenir as ISTs, HIV\/AIDS- hepatite B e C, s\u00edfilis e VDRL. Em parceria com o Centro de Testagem e Acolhimento (CTA), foi feita a coleta sorol\u00f3gica em 95 internos, em Oeiras, e em 81 internos, em Picos.<\/p>\n\n\n\n<p>O servi\u00e7o de psicologia da Penitenci\u00e1ria Jos\u00e9 de Deus Barros tamb\u00e9m realizou palestra educativa alusiva \u00e0 campanha Julho Amarelo, que tem por finalidade refor\u00e7ar as a\u00e7\u00f5es de vigil\u00e2ncia, preven\u00e7\u00e3o e controle das hepatites virais.<\/p>\n\n\n\n<figure class=\"wp-block-image size-large\"><img decoding=\"async\" width=\"1024\" height=\"554\" src=\"https:\/\/noticiaempauta.com\/portal\/wp-content\/uploads\/2024\/07\/Whats_App_Image_2024_07_17_at_15_20_09_8a8a3771b9-1024x554.jpeg\" alt=\"\" class=\"wp-image-259884\" srcset=\"https:\/\/noticiaempauta.com\/portal\/wp-content\/uploads\/2024\/07\/Whats_App_Image_2024_07_17_at_15_20_09_8a8a3771b9-1024x554.jpeg 1024w, https:\/\/noticiaempauta.com\/portal\/wp-content\/uploads\/2024\/07\/Whats_App_Image_2024_07_17_at_15_20_09_8a8a3771b9-300x162.jpeg 300w, https:\/\/noticiaempauta.com\/portal\/wp-content\/uploads\/2024\/07\/Whats_App_Image_2024_07_17_at_15_20_09_8a8a3771b9-768x416.jpeg 768w, https:\/\/noticiaempauta.com\/portal\/wp-content\/uploads\/2024\/07\/Whats_App_Image_2024_07_17_at_15_20_09_8a8a3771b9.jpeg 1133w\" sizes=\"(max-width: 1024px) 100vw, 1024px\" \/><\/figure>\n\n\n\n<p>Segundo a gerente de Sa\u00fade Prisional da Sejus, Jacklene Menezes, as equipes multidisciplinares sempre realizam testagens nos internos. \u201cEssa foi uma a\u00e7\u00e3o recente nessas unidades de Oeiras e Picos, mas a testagem sempre \u00e9 realizada em todo o sistema prisional do Estado\u201d, destaca a gestora.<\/p>\n\n\n\n<p>Fonte: Governo do Piau\u00ed<\/p>\n","protected":false},"excerpt":{"rendered":"<p>A Secretaria da Justi\u00e7a (Sejus), por meio das equipes de sa\u00fade das unidades prisionais, realizou, nos dias 15 e 16 deste m\u00eas, o rastreamento de infec\u00e7\u00f5es sexualmente transmiss\u00edveis (ISTs) nos internos da Penitenci\u00e1ria Jos\u00e9 de Deus Barros, em Picos, e da Penitenci\u00e1ria Regional Maria de Cota, em Oeiras. A a\u00e7\u00e3o teve o objetivo de diagnosticar [&hellip;]<\/p>\n","protected":false},"author":2,"featured_media":259883,"comment_status":"open","ping_status":"open","sticky":false,"template":"","format":"standard","meta":{"_mi_skip_tracking":false,"footnotes":""},"categories":[25,1,16],"tags":[],"class_list":["post-259882","post","type-post","status-publish","format-standard","has-post-thumbnail","hentry","category-destaques-site","category-geral","category-todas"],"acf":[],"yoast_head":"<!-- This site is optimized with the Yoast SEO Premium plugin v19.2 (Yoast SEO v26.9) - https:\/\/yoast.com\/product\/yoast-seo-premium-wordpress\/ -->\n<title>Detentos da Penitenci\u00e1ria de Picos realizam exames de ISTs - Portal Not\u00edcia em Pauta<\/title>\n<meta name=\"robots\" content=\"index, follow, max-snippet:-1, max-image-preview:large, max-video-preview:-1\" \/>\n<link rel=\"canonical\" href=\"https:\/\/noticiaempauta.com\/portal\/detentos-da-penitenciaria-de-picos-realizam-exames-de-ists\/\" \/>\n<meta property=\"og:locale\" content=\"pt_BR\" \/>\n<meta property=\"og:type\" content=\"article\" \/>\n<meta property=\"og:title\" content=\"Detentos da Penitenci\u00e1ria de Picos realizam exames de ISTs\" \/>\n<meta property=\"og:description\" content=\"A Secretaria da Justi\u00e7a (Sejus), por meio das equipes de sa\u00fade das unidades prisionais, realizou, nos dias 15 e 16 deste m\u00eas, o rastreamento de infec\u00e7\u00f5es sexualmente transmiss\u00edveis (ISTs) nos internos da Penitenci\u00e1ria Jos\u00e9 de Deus Barros, em Picos, e da Penitenci\u00e1ria Regional Maria de Cota, em Oeiras. A a\u00e7\u00e3o teve o objetivo de diagnosticar [&hellip;]\" \/>\n<meta property=\"og:url\" content=\"https:\/\/noticiaempauta.com\/portal\/detentos-da-penitenciaria-de-picos-realizam-exames-de-ists\/\" \/>\n<meta property=\"og:site_name\" content=\"Portal Not\u00edcia em Pauta\" \/>\n<meta property=\"article:publisher\" content=\"https:\/\/www.facebook.com\/Portal-Notcia-Em-Pauta-102292869264820\/\" \/>\n<meta property=\"article:published_time\" content=\"2024-07-19T12:02:12+00:00\" \/>\n<meta property=\"article:modified_time\" content=\"2024-07-19T12:02:13+00:00\" \/>\n<meta property=\"og:image\" content=\"https:\/\/noticiaempauta.com\/portal\/wp-content\/uploads\/2024\/07\/P40G-IMG-e820fadd9d249ce8fd.jpeg\" \/>\n\t<meta property=\"og:image:width\" content=\"750\" \/>\n\t<meta property=\"og:image:height\" content=\"491\" \/>\n\t<meta property=\"og:image:type\" content=\"image\/jpeg\" \/>\n<meta name=\"author\" content=\"Reda\u00e7\u00e3o\" \/>\n<meta name=\"twitter:card\" content=\"summary_large_image\" \/>\n<meta name=\"twitter:label1\" content=\"Escrito por\" \/>\n\t<meta name=\"twitter:data1\" content=\"Reda\u00e7\u00e3o\" \/>\n\t<meta name=\"twitter:label2\" content=\"Est. tempo de leitura\" \/>\n\t<meta name=\"twitter:data2\" content=\"2 minutos\" \/>\n<script type=\"application\/ld+json\" class=\"yoast-schema-graph\">{\"@context\":\"https:\/\/schema.org\",\"@graph\":[{\"@type\":\"Article\",\"@id\":\"https:\/\/noticiaempauta.com\/portal\/detentos-da-penitenciaria-de-picos-realizam-exames-de-ists\/#article\",\"isPartOf\":{\"@id\":\"https:\/\/noticiaempauta.com\/portal\/detentos-da-penitenciaria-de-picos-realizam-exames-de-ists\/\"},\"author\":{\"name\":\"Reda\u00e7\u00e3o\",\"@id\":\"https:\/\/noticiaempauta.com\/portal\/#\/schema\/person\/a74af43dd1ab3deca45f988c717d57ac\"},\"headline\":\"Detentos da Penitenci\u00e1ria de Picos realizam exames de ISTs\",\"datePublished\":\"2024-07-19T12:02:12+00:00\",\"dateModified\":\"2024-07-19T12:02:13+00:00\",\"mainEntityOfPage\":{\"@id\":\"https:\/\/noticiaempauta.com\/portal\/detentos-da-penitenciaria-de-picos-realizam-exames-de-ists\/\"},\"wordCount\":200,\"commentCount\":0,\"publisher\":{\"@id\":\"https:\/\/noticiaempauta.com\/portal\/#organization\"},\"image\":{\"@id\":\"https:\/\/noticiaempauta.com\/portal\/detentos-da-penitenciaria-de-picos-realizam-exames-de-ists\/#primaryimage\"},\"thumbnailUrl\":\"https:\/\/noticiaempauta.com\/portal\/wp-content\/uploads\/2024\/07\/P40G-IMG-e820fadd9d249ce8fd.jpeg\",\"articleSection\":[\"Destaques\",\"Geral\",\"Todas as Not\u00edcias\"],\"inLanguage\":\"pt-BR\",\"potentialAction\":[{\"@type\":\"CommentAction\",\"name\":\"Comment\",\"target\":[\"https:\/\/noticiaempauta.com\/portal\/detentos-da-penitenciaria-de-picos-realizam-exames-de-ists\/#respond\"]}]},{\"@type\":\"WebPage\",\"@id\":\"https:\/\/noticiaempauta.com\/portal\/detentos-da-penitenciaria-de-picos-realizam-exames-de-ists\/\",\"url\":\"https:\/\/noticiaempauta.com\/portal\/detentos-da-penitenciaria-de-picos-realizam-exames-de-ists\/\",\"name\":\"Detentos da Penitenci\u00e1ria de Picos realizam exames de ISTs - Portal Not\u00edcia em Pauta\",\"isPartOf\":{\"@id\":\"https:\/\/noticiaempauta.com\/portal\/#website\"},\"primaryImageOfPage\":{\"@id\":\"https:\/\/noticiaempauta.com\/portal\/detentos-da-penitenciaria-de-picos-realizam-exames-de-ists\/#primaryimage\"},\"image\":{\"@id\":\"https:\/\/noticiaempauta.com\/portal\/detentos-da-penitenciaria-de-picos-realizam-exames-de-ists\/#primaryimage\"},\"thumbnailUrl\":\"https:\/\/noticiaempauta.com\/portal\/wp-content\/uploads\/2024\/07\/P40G-IMG-e820fadd9d249ce8fd.jpeg\",\"datePublished\":\"2024-07-19T12:02:12+00:00\",\"dateModified\":\"2024-07-19T12:02:13+00:00\",\"breadcrumb\":{\"@id\":\"https:\/\/noticiaempauta.com\/portal\/detentos-da-penitenciaria-de-picos-realizam-exames-de-ists\/#breadcrumb\"},\"inLanguage\":\"pt-BR\",\"potentialAction\":[{\"@type\":\"ReadAction\",\"target\":[\"https:\/\/noticiaempauta.com\/portal\/detentos-da-penitenciaria-de-picos-realizam-exames-de-ists\/\"]}]},{\"@type\":\"ImageObject\",\"inLanguage\":\"pt-BR\",\"@id\":\"https:\/\/noticiaempauta.com\/portal\/detentos-da-penitenciaria-de-picos-realizam-exames-de-ists\/#primaryimage\",\"url\":\"https:\/\/noticiaempauta.com\/portal\/wp-content\/uploads\/2024\/07\/P40G-IMG-e820fadd9d249ce8fd.jpeg\",\"contentUrl\":\"https:\/\/noticiaempauta.com\/portal\/wp-content\/uploads\/2024\/07\/P40G-IMG-e820fadd9d249ce8fd.jpeg\",\"width\":750,\"height\":491},{\"@type\":\"BreadcrumbList\",\"@id\":\"https:\/\/noticiaempauta.com\/portal\/detentos-da-penitenciaria-de-picos-realizam-exames-de-ists\/#breadcrumb\",\"itemListElement\":[{\"@type\":\"ListItem\",\"position\":1,\"name\":\"P\u00e1gina Inicial\",\"item\":\"https:\/\/noticiaempauta.com\/portal\/\"},{\"@type\":\"ListItem\",\"position\":2,\"name\":\"Destaques\",\"item\":\"https:\/\/noticiaempauta.com\/portal\/destaques-site\/\"},{\"@type\":\"ListItem\",\"position\":3,\"name\":\"Detentos da Penitenci\u00e1ria de Picos realizam exames de ISTs\"}]},{\"@type\":\"WebSite\",\"@id\":\"https:\/\/noticiaempauta.com\/portal\/#website\",\"url\":\"https:\/\/noticiaempauta.com\/portal\/\",\"name\":\"Portal Not\u00edcia em Pauta\",\"description\":\"Voc\u00ea bem informado\",\"publisher\":{\"@id\":\"https:\/\/noticiaempauta.com\/portal\/#organization\"},\"potentialAction\":[{\"@type\":\"SearchAction\",\"target\":{\"@type\":\"EntryPoint\",\"urlTemplate\":\"https:\/\/noticiaempauta.com\/portal\/?s={search_term_string}\"},\"query-input\":{\"@type\":\"PropertyValueSpecification\",\"valueRequired\":true,\"valueName\":\"search_term_string\"}}],\"inLanguage\":\"pt-BR\"},{\"@type\":\"Organization\",\"@id\":\"https:\/\/noticiaempauta.com\/portal\/#organization\",\"name\":\"Portal Not\u00edcia em Pauta\",\"url\":\"https:\/\/noticiaempauta.com\/portal\/\",\"logo\":{\"@type\":\"ImageObject\",\"inLanguage\":\"pt-BR\",\"@id\":\"https:\/\/noticiaempauta.com\/portal\/#\/schema\/logo\/image\/\",\"url\":\"https:\/\/noticiaempauta.com\/portal\/wp-content\/uploads\/2022\/08\/logomarca_tema.fw_.png\",\"contentUrl\":\"https:\/\/noticiaempauta.com\/portal\/wp-content\/uploads\/2022\/08\/logomarca_tema.fw_.png\",\"width\":400,\"height\":232,\"caption\":\"Portal Not\u00edcia em Pauta\"},\"image\":{\"@id\":\"https:\/\/noticiaempauta.com\/portal\/#\/schema\/logo\/image\/\"},\"sameAs\":[\"https:\/\/www.facebook.com\/Portal-Notcia-Em-Pauta-102292869264820\/\",\"https:\/\/www.instagram.com\/portalnoticiaempauta\/\"]},{\"@type\":\"Person\",\"@id\":\"https:\/\/noticiaempauta.com\/portal\/#\/schema\/person\/a74af43dd1ab3deca45f988c717d57ac\",\"name\":\"Reda\u00e7\u00e3o\",\"image\":{\"@type\":\"ImageObject\",\"inLanguage\":\"pt-BR\",\"@id\":\"https:\/\/noticiaempauta.com\/portal\/#\/schema\/person\/image\/\",\"url\":\"https:\/\/secure.gravatar.com\/avatar\/03179346ecce6cdfc13361603e8f54242a90e5cde8618fa23c5c00aa2b0aadf3?s=96&d=mm&r=g\",\"contentUrl\":\"https:\/\/secure.gravatar.com\/avatar\/03179346ecce6cdfc13361603e8f54242a90e5cde8618fa23c5c00aa2b0aadf3?s=96&d=mm&r=g\",\"caption\":\"Reda\u00e7\u00e3o\"},\"sameAs\":[\"https:\/\/noticiaempauta.com\/portal\/\"],\"url\":\"https:\/\/noticiaempauta.com\/portal\/author\/fernando\/\"}]}<\/script>\n<!-- \/ Yoast SEO Premium plugin. -->","yoast_head_json":{"title":"Detentos da Penitenci\u00e1ria de Picos realizam exames de ISTs - Portal Not\u00edcia em Pauta","robots":{"index":"index","follow":"follow","max-snippet":"max-snippet:-1","max-image-preview":"max-image-preview:large","max-video-preview":"max-video-preview:-1"},"canonical":"https:\/\/noticiaempauta.com\/portal\/detentos-da-penitenciaria-de-picos-realizam-exames-de-ists\/","og_locale":"pt_BR","og_type":"article","og_title":"Detentos da Penitenci\u00e1ria de Picos realizam exames de ISTs","og_description":"A Secretaria da Justi\u00e7a (Sejus), por meio das equipes de sa\u00fade das unidades prisionais, realizou, nos dias 15 e 16 deste m\u00eas, o rastreamento de infec\u00e7\u00f5es sexualmente transmiss\u00edveis (ISTs) nos internos da Penitenci\u00e1ria Jos\u00e9 de Deus Barros, em Picos, e da Penitenci\u00e1ria Regional Maria de Cota, em Oeiras. A a\u00e7\u00e3o teve o objetivo de diagnosticar [&hellip;]","og_url":"https:\/\/noticiaempauta.com\/portal\/detentos-da-penitenciaria-de-picos-realizam-exames-de-ists\/","og_site_name":"Portal Not\u00edcia em Pauta","article_publisher":"https:\/\/www.facebook.com\/Portal-Notcia-Em-Pauta-102292869264820\/","article_published_time":"2024-07-19T12:02:12+00:00","article_modified_time":"2024-07-19T12:02:13+00:00","og_image":[{"width":750,"height":491,"url":"https:\/\/noticiaempauta.com\/portal\/wp-content\/uploads\/2024\/07\/P40G-IMG-e820fadd9d249ce8fd.jpeg","type":"image\/jpeg"}],"author":"Reda\u00e7\u00e3o","twitter_card":"summary_large_image","twitter_misc":{"Escrito por":"Reda\u00e7\u00e3o","Est. tempo de leitura":"2 minutos"},"schema":{"@context":"https:\/\/schema.org","@graph":[{"@type":"Article","@id":"https:\/\/noticiaempauta.com\/portal\/detentos-da-penitenciaria-de-picos-realizam-exames-de-ists\/#article","isPartOf":{"@id":"https:\/\/noticiaempauta.com\/portal\/detentos-da-penitenciaria-de-picos-realizam-exames-de-ists\/"},"author":{"name":"Reda\u00e7\u00e3o","@id":"https:\/\/noticiaempauta.com\/portal\/#\/schema\/person\/a74af43dd1ab3deca45f988c717d57ac"},"headline":"Detentos da Penitenci\u00e1ria de Picos realizam exames de ISTs","datePublished":"2024-07-19T12:02:12+00:00","dateModified":"2024-07-19T12:02:13+00:00","mainEntityOfPage":{"@id":"https:\/\/noticiaempauta.com\/portal\/detentos-da-penitenciaria-de-picos-realizam-exames-de-ists\/"},"wordCount":200,"commentCount":0,"publisher":{"@id":"https:\/\/noticiaempauta.com\/portal\/#organization"},"image":{"@id":"https:\/\/noticiaempauta.com\/portal\/detentos-da-penitenciaria-de-picos-realizam-exames-de-ists\/#primaryimage"},"thumbnailUrl":"https:\/\/noticiaempauta.com\/portal\/wp-content\/uploads\/2024\/07\/P40G-IMG-e820fadd9d249ce8fd.jpeg","articleSection":["Destaques","Geral","Todas as Not\u00edcias"],"inLanguage":"pt-BR","potentialAction":[{"@type":"CommentAction","name":"Comment","target":["https:\/\/noticiaempauta.com\/portal\/detentos-da-penitenciaria-de-picos-realizam-exames-de-ists\/#respond"]}]},{"@type":"WebPage","@id":"https:\/\/noticiaempauta.com\/portal\/detentos-da-penitenciaria-de-picos-realizam-exames-de-ists\/","url":"https:\/\/noticiaempauta.com\/portal\/detentos-da-penitenciaria-de-picos-realizam-exames-de-ists\/","name":"Detentos da Penitenci\u00e1ria de Picos realizam exames de ISTs - Portal Not\u00edcia em Pauta","isPartOf":{"@id":"https:\/\/noticiaempauta.com\/portal\/#website"},"primaryImageOfPage":{"@id":"https:\/\/noticiaempauta.com\/portal\/detentos-da-penitenciaria-de-picos-realizam-exames-de-ists\/#primaryimage"},"image":{"@id":"https:\/\/noticiaempauta.com\/portal\/detentos-da-penitenciaria-de-picos-realizam-exames-de-ists\/#primaryimage"},"thumbnailUrl":"https:\/\/noticiaempauta.com\/portal\/wp-content\/uploads\/2024\/07\/P40G-IMG-e820fadd9d249ce8fd.jpeg","datePublished":"2024-07-19T12:02:12+00:00","dateModified":"2024-07-19T12:02:13+00:00","breadcrumb":{"@id":"https:\/\/noticiaempauta.com\/portal\/detentos-da-penitenciaria-de-picos-realizam-exames-de-ists\/#breadcrumb"},"inLanguage":"pt-BR","potentialAction":[{"@type":"ReadAction","target":["https:\/\/noticiaempauta.com\/portal\/detentos-da-penitenciaria-de-picos-realizam-exames-de-ists\/"]}]},{"@type":"ImageObject","inLanguage":"pt-BR","@id":"https:\/\/noticiaempauta.com\/portal\/detentos-da-penitenciaria-de-picos-realizam-exames-de-ists\/#primaryimage","url":"https:\/\/noticiaempauta.com\/portal\/wp-content\/uploads\/2024\/07\/P40G-IMG-e820fadd9d249ce8fd.jpeg","contentUrl":"https:\/\/noticiaempauta.com\/portal\/wp-content\/uploads\/2024\/07\/P40G-IMG-e820fadd9d249ce8fd.jpeg","width":750,"height":491},{"@type":"BreadcrumbList","@id":"https:\/\/noticiaempauta.com\/portal\/detentos-da-penitenciaria-de-picos-realizam-exames-de-ists\/#breadcrumb","itemListElement":[{"@type":"ListItem","position":1,"name":"P\u00e1gina Inicial","item":"https:\/\/noticiaempauta.com\/portal\/"},{"@type":"ListItem","position":2,"name":"Destaques","item":"https:\/\/noticiaempauta.com\/portal\/destaques-site\/"},{"@type":"ListItem","position":3,"name":"Detentos da Penitenci\u00e1ria de Picos realizam exames de ISTs"}]},{"@type":"WebSite","@id":"https:\/\/noticiaempauta.com\/portal\/#website","url":"https:\/\/noticiaempauta.com\/portal\/","name":"Portal Not\u00edcia em Pauta","description":"Voc\u00ea bem informado","publisher":{"@id":"https:\/\/noticiaempauta.com\/portal\/#organization"},"potentialAction":[{"@type":"SearchAction","target":{"@type":"EntryPoint","urlTemplate":"https:\/\/noticiaempauta.com\/portal\/?s={search_term_string}"},"query-input":{"@type":"PropertyValueSpecification","valueRequired":true,"valueName":"search_term_string"}}],"inLanguage":"pt-BR"},{"@type":"Organization","@id":"https:\/\/noticiaempauta.com\/portal\/#organization","name":"Portal Not\u00edcia em Pauta","url":"https:\/\/noticiaempauta.com\/portal\/","logo":{"@type":"ImageObject","inLanguage":"pt-BR","@id":"https:\/\/noticiaempauta.com\/portal\/#\/schema\/logo\/image\/","url":"https:\/\/noticiaempauta.com\/portal\/wp-content\/uploads\/2022\/08\/logomarca_tema.fw_.png","contentUrl":"https:\/\/noticiaempauta.com\/portal\/wp-content\/uploads\/2022\/08\/logomarca_tema.fw_.png","width":400,"height":232,"caption":"Portal Not\u00edcia em Pauta"},"image":{"@id":"https:\/\/noticiaempauta.com\/portal\/#\/schema\/logo\/image\/"},"sameAs":["https:\/\/www.facebook.com\/Portal-Notcia-Em-Pauta-102292869264820\/","https:\/\/www.instagram.com\/portalnoticiaempauta\/"]},{"@type":"Person","@id":"https:\/\/noticiaempauta.com\/portal\/#\/schema\/person\/a74af43dd1ab3deca45f988c717d57ac","name":"Reda\u00e7\u00e3o","image":{"@type":"ImageObject","inLanguage":"pt-BR","@id":"https:\/\/noticiaempauta.com\/portal\/#\/schema\/person\/image\/","url":"https:\/\/secure.gravatar.com\/avatar\/03179346ecce6cdfc13361603e8f54242a90e5cde8618fa23c5c00aa2b0aadf3?s=96&d=mm&r=g","contentUrl":"https:\/\/secure.gravatar.com\/avatar\/03179346ecce6cdfc13361603e8f54242a90e5cde8618fa23c5c00aa2b0aadf3?s=96&d=mm&r=g","caption":"Reda\u00e7\u00e3o"},"sameAs":["https:\/\/noticiaempauta.com\/portal\/"],"url":"https:\/\/noticiaempauta.com\/portal\/author\/fernando\/"}]}},"_links":{"self":[{"href":"https:\/\/noticiaempauta.com\/portal\/wp-json\/wp\/v2\/posts\/259882","targetHints":{"allow":["GET"]}}],"collection":[{"href":"https:\/\/noticiaempauta.com\/portal\/wp-json\/wp\/v2\/posts"}],"about":[{"href":"https:\/\/noticiaempauta.com\/portal\/wp-json\/wp\/v2\/types\/post"}],"author":[{"embeddable":true,"href":"https:\/\/noticiaempauta.com\/portal\/wp-json\/wp\/v2\/users\/2"}],"replies":[{"embeddable":true,"href":"https:\/\/noticiaempauta.com\/portal\/wp-json\/wp\/v2\/comments?post=259882"}],"version-history":[{"count":1,"href":"https:\/\/noticiaempauta.com\/portal\/wp-json\/wp\/v2\/posts\/259882\/revisions"}],"predecessor-version":[{"id":259885,"href":"https:\/\/noticiaempauta.com\/portal\/wp-json\/wp\/v2\/posts\/259882\/revisions\/259885"}],"wp:featuredmedia":[{"embeddable":true,"href":"https:\/\/noticiaempauta.com\/portal\/wp-json\/wp\/v2\/media\/259883"}],"wp:attachment":[{"href":"https:\/\/noticiaempauta.com\/portal\/wp-json\/wp\/v2\/media?parent=259882"}],"wp:term":[{"taxonomy":"category","embeddable":true,"href":"https:\/\/noticiaempauta.com\/portal\/wp-json\/wp\/v2\/categories?post=259882"},{"taxonomy":"post_tag","embeddable":true,"href":"https:\/\/noticiaempauta.com\/portal\/wp-json\/wp\/v2\/tags?post=259882"}],"curies":[{"name":"wp","href":"https:\/\/api.w.org\/{rel}","templated":true}]}}