{"id":259925,"date":"2024-07-21T18:50:19","date_gmt":"2024-07-21T21:50:19","guid":{"rendered":"https:\/\/noticiaempauta.com\/portal\/?p=259925"},"modified":"2024-07-21T18:50:21","modified_gmt":"2024-07-21T21:50:21","slug":"pente-fino-no-inss-comeca-em-agosto-governo-prepara-corte-de-680-mil-pagamentos","status":"publish","type":"post","link":"https:\/\/noticiaempauta.com\/portal\/pente-fino-no-inss-comeca-em-agosto-governo-prepara-corte-de-680-mil-pagamentos\/","title":{"rendered":"Pente-fino no INSS come\u00e7a em agosto; governo prepara corte de 680 mil pagamentos"},"content":{"rendered":"\n<p>O Instituto Nacional do Seguro Social (INSS) anunciou que seu programa de revis\u00e3o de benef\u00edcios, conhecido como &#8220;pente-fino&#8221;, cortar\u00e1 cerca de 680 mil pagamentos. O processo deve come\u00e7ar nas pr\u00f3ximas semanas.\u00a0Segundo o governo, a iniciativa visa combater fraudes e irregularidades, al\u00e9m de\u00a0cortar gastos e abrir espa\u00e7o no Or\u00e7amento da Uni\u00e3o. A meta \u00e9 zerar o d\u00e9ficit das contas p\u00fablicas, ou seja, gastar apenas o que for arrecadado.<\/p>\n\n\n\n<h2 class=\"wp-block-heading\">PER\u00cdCIA M\u00c9DICA PRESENCIAL<\/h2>\n\n\n\n<p><strong>Os pedidos de prorroga\u00e7\u00e3o do Benef\u00edcio por Incapacidade Tempor\u00e1ria, antigo Aux\u00edlio-doen\u00e7a, j\u00e1 est\u00e3o sendo direcionados para a per\u00edcia m\u00e9dica presencial<\/strong>. Em entrevista, o presidente do INSS, Alessandro Stefanutto, explicou que a autarquia est\u00e1 antecipando a revis\u00e3o desses casos. &#8220;Antes, o segurado pedia prorroga\u00e7\u00e3o e era autom\u00e1tica. Agora, aqueles com afastamento para doen\u00e7as que n\u00e3o comportem longos per\u00edodos ser\u00e3o encaminhados para a per\u00edcia presencial&#8221;, disse Stefanutto.<\/p>\n\n\n\n<h2 class=\"wp-block-heading\">CHECAGEM DE DOIS TIPOS DE BENEF\u00cdCIOS<\/h2>\n\n\n\n<p>A partir de agosto, o foco ser\u00e1 a checagem de dois tipos de benef\u00edcios concedidos h\u00e1 mais de dois anos: o Benef\u00edcio por Incapacidade Tempor\u00e1ria e o Benef\u00edcio de Presta\u00e7\u00e3o Continuada (BPC).\u00a0O INSS estima que pelo menos 680 mil benef\u00edcios sejam revistos at\u00e9 o fim do ano,\u00a0podendo chegar a 800 mil ao t\u00e9rmino do programa. Inicialmente, a revis\u00e3o ser\u00e1 feita por meio do cruzamento de informa\u00e7\u00f5es, e os benefici\u00e1rios com ind\u00edcios de irregularidades ser\u00e3o notificados para comparecer a uma ag\u00eancia do INSS.<\/p>\n\n\n\n<figure class=\"wp-block-image size-full\"><img fetchpriority=\"high\" decoding=\"async\" width=\"719\" height=\"500\" src=\"https:\/\/noticiaempauta.com\/portal\/wp-content\/uploads\/2024\/07\/41d2f402-6fc4-4884-a96e-fe2e9ea78083-22dd7dba-be58-4ef1-bf50-75ef1c8cdfd7.jpg.webp\" alt=\"\" class=\"wp-image-259926\" srcset=\"https:\/\/noticiaempauta.com\/portal\/wp-content\/uploads\/2024\/07\/41d2f402-6fc4-4884-a96e-fe2e9ea78083-22dd7dba-be58-4ef1-bf50-75ef1c8cdfd7.jpg.webp 719w, https:\/\/noticiaempauta.com\/portal\/wp-content\/uploads\/2024\/07\/41d2f402-6fc4-4884-a96e-fe2e9ea78083-22dd7dba-be58-4ef1-bf50-75ef1c8cdfd7.jpg-300x209.webp 300w\" sizes=\"(max-width: 719px) 100vw, 719px\" \/><figcaption class=\"wp-element-caption\">Foto: Reprodu\u00e7\u00e3o<\/figcaption><\/figure>\n\n\n\n<h2 class=\"wp-block-heading\">VULNERABILIDADE SOCIAL E PERDA DE EMPREGOS<\/h2>\n\n\n\n<p>Stefanutto aconselha os benefici\u00e1rios a manterem seus documentos em dia. &#8220;N\u00e3o \u00e9 preciso p\u00e2nico. Os casos ser\u00e3o analisados com base em cruzamento de dados. As pessoas chamadas ter\u00e3o que comprovar a necessidade do benef\u00edcio. \u00c9 importante ter laudos e exames m\u00e9dicos atualizados para comprovar a necessidade mediante per\u00edcia m\u00e9dica&#8221;, explicou.\u00a0O aumento dos pedidos do BPC tamb\u00e9m foi destaque, com um salto de 621 mil pedidos no primeiro semestre de 2022 para 1,04 milh\u00e3o em 2024. Segundo Stefanutto, \u00e9 necess\u00e1rio um estudo t\u00e9cnico para entender o aumento, mas ele sugere que a vulnerabilidade social e a perda de empregos podem estar impulsionando a demanda.<\/p>\n\n\n\n<p><strong><em>Fonte: Meio News<\/em><\/strong><\/p>\n","protected":false},"excerpt":{"rendered":"<p>Segundo o governo, a iniciativa visa combater fraudes e irregularidades, al\u00e9m de cortar gastos e abrir espa\u00e7o no Or\u00e7amento da Uni\u00e3o.<\/p>\n","protected":false},"author":2,"featured_media":259927,"comment_status":"open","ping_status":"open","sticky":false,"template":"","format":"standard","meta":{"_mi_skip_tracking":false,"footnotes":""},"categories":[6,1,16],"tags":[192],"class_list":["post-259925","post","type-post","status-publish","format-standard","has-post-thumbnail","hentry","category-economia","category-geral","category-todas","tag-destaqueprincipal"],"acf":[],"yoast_head":"<!-- This site is optimized with the Yoast SEO Premium plugin v19.2 (Yoast SEO v26.9) - https:\/\/yoast.com\/product\/yoast-seo-premium-wordpress\/ -->\n<title>Pente-fino no INSS come\u00e7a em agosto; governo prepara corte de 680 mil pagamentos - Portal Not\u00edcia em Pauta<\/title>\n<meta name=\"robots\" content=\"index, follow, max-snippet:-1, max-image-preview:large, max-video-preview:-1\" \/>\n<link rel=\"canonical\" href=\"https:\/\/noticiaempauta.com\/portal\/pente-fino-no-inss-comeca-em-agosto-governo-prepara-corte-de-680-mil-pagamentos\/\" \/>\n<meta property=\"og:locale\" content=\"pt_BR\" \/>\n<meta property=\"og:type\" content=\"article\" \/>\n<meta property=\"og:title\" content=\"Pente-fino no INSS come\u00e7a em agosto; governo prepara corte de 680 mil pagamentos\" \/>\n<meta property=\"og:description\" content=\"Segundo o governo, a iniciativa visa combater fraudes e irregularidades, al\u00e9m de cortar gastos e abrir espa\u00e7o no Or\u00e7amento da Uni\u00e3o.\" \/>\n<meta property=\"og:url\" content=\"https:\/\/noticiaempauta.com\/portal\/pente-fino-no-inss-comeca-em-agosto-governo-prepara-corte-de-680-mil-pagamentos\/\" \/>\n<meta property=\"og:site_name\" content=\"Portal Not\u00edcia em Pauta\" \/>\n<meta property=\"article:publisher\" content=\"https:\/\/www.facebook.com\/Portal-Notcia-Em-Pauta-102292869264820\/\" \/>\n<meta property=\"article:published_time\" content=\"2024-07-21T21:50:19+00:00\" \/>\n<meta property=\"article:modified_time\" content=\"2024-07-21T21:50:21+00:00\" \/>\n<meta property=\"og:image\" content=\"https:\/\/noticiaempauta.com\/portal\/wp-content\/uploads\/2024\/07\/pente-fino-no-inss-comeca-em-agosto-governo-prepara-corte-de-680-mil-pagamentos-c7d8c534-4a1f-449f-aa46-e5f2395f2e0d.jpg.webp\" \/>\n\t<meta property=\"og:image:width\" content=\"900\" \/>\n\t<meta property=\"og:image:height\" content=\"602\" \/>\n\t<meta property=\"og:image:type\" content=\"image\/webp\" \/>\n<meta name=\"author\" content=\"Reda\u00e7\u00e3o\" \/>\n<meta name=\"twitter:card\" content=\"summary_large_image\" \/>\n<meta name=\"twitter:label1\" content=\"Escrito por\" \/>\n\t<meta name=\"twitter:data1\" content=\"Reda\u00e7\u00e3o\" \/>\n\t<meta name=\"twitter:label2\" content=\"Est. tempo de leitura\" \/>\n\t<meta name=\"twitter:data2\" content=\"3 minutos\" \/>\n<script type=\"application\/ld+json\" class=\"yoast-schema-graph\">{\"@context\":\"https:\/\/schema.org\",\"@graph\":[{\"@type\":\"Article\",\"@id\":\"https:\/\/noticiaempauta.com\/portal\/pente-fino-no-inss-comeca-em-agosto-governo-prepara-corte-de-680-mil-pagamentos\/#article\",\"isPartOf\":{\"@id\":\"https:\/\/noticiaempauta.com\/portal\/pente-fino-no-inss-comeca-em-agosto-governo-prepara-corte-de-680-mil-pagamentos\/\"},\"author\":{\"name\":\"Reda\u00e7\u00e3o\",\"@id\":\"https:\/\/noticiaempauta.com\/portal\/#\/schema\/person\/a74af43dd1ab3deca45f988c717d57ac\"},\"headline\":\"Pente-fino no INSS come\u00e7a em agosto; governo prepara corte de 680 mil pagamentos\",\"datePublished\":\"2024-07-21T21:50:19+00:00\",\"dateModified\":\"2024-07-21T21:50:21+00:00\",\"mainEntityOfPage\":{\"@id\":\"https:\/\/noticiaempauta.com\/portal\/pente-fino-no-inss-comeca-em-agosto-governo-prepara-corte-de-680-mil-pagamentos\/\"},\"wordCount\":400,\"commentCount\":0,\"publisher\":{\"@id\":\"https:\/\/noticiaempauta.com\/portal\/#organization\"},\"image\":{\"@id\":\"https:\/\/noticiaempauta.com\/portal\/pente-fino-no-inss-comeca-em-agosto-governo-prepara-corte-de-680-mil-pagamentos\/#primaryimage\"},\"thumbnailUrl\":\"https:\/\/noticiaempauta.com\/portal\/wp-content\/uploads\/2024\/07\/pente-fino-no-inss-comeca-em-agosto-governo-prepara-corte-de-680-mil-pagamentos-c7d8c534-4a1f-449f-aa46-e5f2395f2e0d.jpg.webp\",\"keywords\":[\"destaqueprincipal\"],\"articleSection\":[\"Economia\",\"Geral\",\"Todas as Not\u00edcias\"],\"inLanguage\":\"pt-BR\",\"potentialAction\":[{\"@type\":\"CommentAction\",\"name\":\"Comment\",\"target\":[\"https:\/\/noticiaempauta.com\/portal\/pente-fino-no-inss-comeca-em-agosto-governo-prepara-corte-de-680-mil-pagamentos\/#respond\"]}]},{\"@type\":\"WebPage\",\"@id\":\"https:\/\/noticiaempauta.com\/portal\/pente-fino-no-inss-comeca-em-agosto-governo-prepara-corte-de-680-mil-pagamentos\/\",\"url\":\"https:\/\/noticiaempauta.com\/portal\/pente-fino-no-inss-comeca-em-agosto-governo-prepara-corte-de-680-mil-pagamentos\/\",\"name\":\"Pente-fino no INSS come\u00e7a em agosto; governo prepara corte de 680 mil pagamentos - Portal Not\u00edcia em Pauta\",\"isPartOf\":{\"@id\":\"https:\/\/noticiaempauta.com\/portal\/#website\"},\"primaryImageOfPage\":{\"@id\":\"https:\/\/noticiaempauta.com\/portal\/pente-fino-no-inss-comeca-em-agosto-governo-prepara-corte-de-680-mil-pagamentos\/#primaryimage\"},\"image\":{\"@id\":\"https:\/\/noticiaempauta.com\/portal\/pente-fino-no-inss-comeca-em-agosto-governo-prepara-corte-de-680-mil-pagamentos\/#primaryimage\"},\"thumbnailUrl\":\"https:\/\/noticiaempauta.com\/portal\/wp-content\/uploads\/2024\/07\/pente-fino-no-inss-comeca-em-agosto-governo-prepara-corte-de-680-mil-pagamentos-c7d8c534-4a1f-449f-aa46-e5f2395f2e0d.jpg.webp\",\"datePublished\":\"2024-07-21T21:50:19+00:00\",\"dateModified\":\"2024-07-21T21:50:21+00:00\",\"breadcrumb\":{\"@id\":\"https:\/\/noticiaempauta.com\/portal\/pente-fino-no-inss-comeca-em-agosto-governo-prepara-corte-de-680-mil-pagamentos\/#breadcrumb\"},\"inLanguage\":\"pt-BR\",\"potentialAction\":[{\"@type\":\"ReadAction\",\"target\":[\"https:\/\/noticiaempauta.com\/portal\/pente-fino-no-inss-comeca-em-agosto-governo-prepara-corte-de-680-mil-pagamentos\/\"]}]},{\"@type\":\"ImageObject\",\"inLanguage\":\"pt-BR\",\"@id\":\"https:\/\/noticiaempauta.com\/portal\/pente-fino-no-inss-comeca-em-agosto-governo-prepara-corte-de-680-mil-pagamentos\/#primaryimage\",\"url\":\"https:\/\/noticiaempauta.com\/portal\/wp-content\/uploads\/2024\/07\/pente-fino-no-inss-comeca-em-agosto-governo-prepara-corte-de-680-mil-pagamentos-c7d8c534-4a1f-449f-aa46-e5f2395f2e0d.jpg.webp\",\"contentUrl\":\"https:\/\/noticiaempauta.com\/portal\/wp-content\/uploads\/2024\/07\/pente-fino-no-inss-comeca-em-agosto-governo-prepara-corte-de-680-mil-pagamentos-c7d8c534-4a1f-449f-aa46-e5f2395f2e0d.jpg.webp\",\"width\":900,\"height\":602},{\"@type\":\"BreadcrumbList\",\"@id\":\"https:\/\/noticiaempauta.com\/portal\/pente-fino-no-inss-comeca-em-agosto-governo-prepara-corte-de-680-mil-pagamentos\/#breadcrumb\",\"itemListElement\":[{\"@type\":\"ListItem\",\"position\":1,\"name\":\"P\u00e1gina Inicial\",\"item\":\"https:\/\/noticiaempauta.com\/portal\/\"},{\"@type\":\"ListItem\",\"position\":2,\"name\":\"Economia\",\"item\":\"https:\/\/noticiaempauta.com\/portal\/economia\/\"},{\"@type\":\"ListItem\",\"position\":3,\"name\":\"Pente-fino no INSS come\u00e7a em agosto; governo prepara corte de 680 mil pagamentos\"}]},{\"@type\":\"WebSite\",\"@id\":\"https:\/\/noticiaempauta.com\/portal\/#website\",\"url\":\"https:\/\/noticiaempauta.com\/portal\/\",\"name\":\"Portal Not\u00edcia em Pauta\",\"description\":\"Voc\u00ea bem informado\",\"publisher\":{\"@id\":\"https:\/\/noticiaempauta.com\/portal\/#organization\"},\"potentialAction\":[{\"@type\":\"SearchAction\",\"target\":{\"@type\":\"EntryPoint\",\"urlTemplate\":\"https:\/\/noticiaempauta.com\/portal\/?s={search_term_string}\"},\"query-input\":{\"@type\":\"PropertyValueSpecification\",\"valueRequired\":true,\"valueName\":\"search_term_string\"}}],\"inLanguage\":\"pt-BR\"},{\"@type\":\"Organization\",\"@id\":\"https:\/\/noticiaempauta.com\/portal\/#organization\",\"name\":\"Portal Not\u00edcia em Pauta\",\"url\":\"https:\/\/noticiaempauta.com\/portal\/\",\"logo\":{\"@type\":\"ImageObject\",\"inLanguage\":\"pt-BR\",\"@id\":\"https:\/\/noticiaempauta.com\/portal\/#\/schema\/logo\/image\/\",\"url\":\"https:\/\/noticiaempauta.com\/portal\/wp-content\/uploads\/2022\/08\/logomarca_tema.fw_.png\",\"contentUrl\":\"https:\/\/noticiaempauta.com\/portal\/wp-content\/uploads\/2022\/08\/logomarca_tema.fw_.png\",\"width\":400,\"height\":232,\"caption\":\"Portal Not\u00edcia em Pauta\"},\"image\":{\"@id\":\"https:\/\/noticiaempauta.com\/portal\/#\/schema\/logo\/image\/\"},\"sameAs\":[\"https:\/\/www.facebook.com\/Portal-Notcia-Em-Pauta-102292869264820\/\",\"https:\/\/www.instagram.com\/portalnoticiaempauta\/\"]},{\"@type\":\"Person\",\"@id\":\"https:\/\/noticiaempauta.com\/portal\/#\/schema\/person\/a74af43dd1ab3deca45f988c717d57ac\",\"name\":\"Reda\u00e7\u00e3o\",\"image\":{\"@type\":\"ImageObject\",\"inLanguage\":\"pt-BR\",\"@id\":\"https:\/\/noticiaempauta.com\/portal\/#\/schema\/person\/image\/\",\"url\":\"https:\/\/secure.gravatar.com\/avatar\/03179346ecce6cdfc13361603e8f54242a90e5cde8618fa23c5c00aa2b0aadf3?s=96&d=mm&r=g\",\"contentUrl\":\"https:\/\/secure.gravatar.com\/avatar\/03179346ecce6cdfc13361603e8f54242a90e5cde8618fa23c5c00aa2b0aadf3?s=96&d=mm&r=g\",\"caption\":\"Reda\u00e7\u00e3o\"},\"sameAs\":[\"https:\/\/noticiaempauta.com\/portal\/\"],\"url\":\"https:\/\/noticiaempauta.com\/portal\/author\/fernando\/\"}]}<\/script>\n<!-- \/ Yoast SEO Premium plugin. -->","yoast_head_json":{"title":"Pente-fino no INSS come\u00e7a em agosto; governo prepara corte de 680 mil pagamentos - Portal Not\u00edcia em Pauta","robots":{"index":"index","follow":"follow","max-snippet":"max-snippet:-1","max-image-preview":"max-image-preview:large","max-video-preview":"max-video-preview:-1"},"canonical":"https:\/\/noticiaempauta.com\/portal\/pente-fino-no-inss-comeca-em-agosto-governo-prepara-corte-de-680-mil-pagamentos\/","og_locale":"pt_BR","og_type":"article","og_title":"Pente-fino no INSS come\u00e7a em agosto; governo prepara corte de 680 mil pagamentos","og_description":"Segundo o governo, a iniciativa visa combater fraudes e irregularidades, al\u00e9m de cortar gastos e abrir espa\u00e7o no Or\u00e7amento da Uni\u00e3o.","og_url":"https:\/\/noticiaempauta.com\/portal\/pente-fino-no-inss-comeca-em-agosto-governo-prepara-corte-de-680-mil-pagamentos\/","og_site_name":"Portal Not\u00edcia em Pauta","article_publisher":"https:\/\/www.facebook.com\/Portal-Notcia-Em-Pauta-102292869264820\/","article_published_time":"2024-07-21T21:50:19+00:00","article_modified_time":"2024-07-21T21:50:21+00:00","og_image":[{"width":900,"height":602,"url":"https:\/\/noticiaempauta.com\/portal\/wp-content\/uploads\/2024\/07\/pente-fino-no-inss-comeca-em-agosto-governo-prepara-corte-de-680-mil-pagamentos-c7d8c534-4a1f-449f-aa46-e5f2395f2e0d.jpg.webp","type":"image\/webp"}],"author":"Reda\u00e7\u00e3o","twitter_card":"summary_large_image","twitter_misc":{"Escrito por":"Reda\u00e7\u00e3o","Est. tempo de leitura":"3 minutos"},"schema":{"@context":"https:\/\/schema.org","@graph":[{"@type":"Article","@id":"https:\/\/noticiaempauta.com\/portal\/pente-fino-no-inss-comeca-em-agosto-governo-prepara-corte-de-680-mil-pagamentos\/#article","isPartOf":{"@id":"https:\/\/noticiaempauta.com\/portal\/pente-fino-no-inss-comeca-em-agosto-governo-prepara-corte-de-680-mil-pagamentos\/"},"author":{"name":"Reda\u00e7\u00e3o","@id":"https:\/\/noticiaempauta.com\/portal\/#\/schema\/person\/a74af43dd1ab3deca45f988c717d57ac"},"headline":"Pente-fino no INSS come\u00e7a em agosto; governo prepara corte de 680 mil pagamentos","datePublished":"2024-07-21T21:50:19+00:00","dateModified":"2024-07-21T21:50:21+00:00","mainEntityOfPage":{"@id":"https:\/\/noticiaempauta.com\/portal\/pente-fino-no-inss-comeca-em-agosto-governo-prepara-corte-de-680-mil-pagamentos\/"},"wordCount":400,"commentCount":0,"publisher":{"@id":"https:\/\/noticiaempauta.com\/portal\/#organization"},"image":{"@id":"https:\/\/noticiaempauta.com\/portal\/pente-fino-no-inss-comeca-em-agosto-governo-prepara-corte-de-680-mil-pagamentos\/#primaryimage"},"thumbnailUrl":"https:\/\/noticiaempauta.com\/portal\/wp-content\/uploads\/2024\/07\/pente-fino-no-inss-comeca-em-agosto-governo-prepara-corte-de-680-mil-pagamentos-c7d8c534-4a1f-449f-aa46-e5f2395f2e0d.jpg.webp","keywords":["destaqueprincipal"],"articleSection":["Economia","Geral","Todas as Not\u00edcias"],"inLanguage":"pt-BR","potentialAction":[{"@type":"CommentAction","name":"Comment","target":["https:\/\/noticiaempauta.com\/portal\/pente-fino-no-inss-comeca-em-agosto-governo-prepara-corte-de-680-mil-pagamentos\/#respond"]}]},{"@type":"WebPage","@id":"https:\/\/noticiaempauta.com\/portal\/pente-fino-no-inss-comeca-em-agosto-governo-prepara-corte-de-680-mil-pagamentos\/","url":"https:\/\/noticiaempauta.com\/portal\/pente-fino-no-inss-comeca-em-agosto-governo-prepara-corte-de-680-mil-pagamentos\/","name":"Pente-fino no INSS come\u00e7a em agosto; governo prepara corte de 680 mil pagamentos - Portal Not\u00edcia em Pauta","isPartOf":{"@id":"https:\/\/noticiaempauta.com\/portal\/#website"},"primaryImageOfPage":{"@id":"https:\/\/noticiaempauta.com\/portal\/pente-fino-no-inss-comeca-em-agosto-governo-prepara-corte-de-680-mil-pagamentos\/#primaryimage"},"image":{"@id":"https:\/\/noticiaempauta.com\/portal\/pente-fino-no-inss-comeca-em-agosto-governo-prepara-corte-de-680-mil-pagamentos\/#primaryimage"},"thumbnailUrl":"https:\/\/noticiaempauta.com\/portal\/wp-content\/uploads\/2024\/07\/pente-fino-no-inss-comeca-em-agosto-governo-prepara-corte-de-680-mil-pagamentos-c7d8c534-4a1f-449f-aa46-e5f2395f2e0d.jpg.webp","datePublished":"2024-07-21T21:50:19+00:00","dateModified":"2024-07-21T21:50:21+00:00","breadcrumb":{"@id":"https:\/\/noticiaempauta.com\/portal\/pente-fino-no-inss-comeca-em-agosto-governo-prepara-corte-de-680-mil-pagamentos\/#breadcrumb"},"inLanguage":"pt-BR","potentialAction":[{"@type":"ReadAction","target":["https:\/\/noticiaempauta.com\/portal\/pente-fino-no-inss-comeca-em-agosto-governo-prepara-corte-de-680-mil-pagamentos\/"]}]},{"@type":"ImageObject","inLanguage":"pt-BR","@id":"https:\/\/noticiaempauta.com\/portal\/pente-fino-no-inss-comeca-em-agosto-governo-prepara-corte-de-680-mil-pagamentos\/#primaryimage","url":"https:\/\/noticiaempauta.com\/portal\/wp-content\/uploads\/2024\/07\/pente-fino-no-inss-comeca-em-agosto-governo-prepara-corte-de-680-mil-pagamentos-c7d8c534-4a1f-449f-aa46-e5f2395f2e0d.jpg.webp","contentUrl":"https:\/\/noticiaempauta.com\/portal\/wp-content\/uploads\/2024\/07\/pente-fino-no-inss-comeca-em-agosto-governo-prepara-corte-de-680-mil-pagamentos-c7d8c534-4a1f-449f-aa46-e5f2395f2e0d.jpg.webp","width":900,"height":602},{"@type":"BreadcrumbList","@id":"https:\/\/noticiaempauta.com\/portal\/pente-fino-no-inss-comeca-em-agosto-governo-prepara-corte-de-680-mil-pagamentos\/#breadcrumb","itemListElement":[{"@type":"ListItem","position":1,"name":"P\u00e1gina Inicial","item":"https:\/\/noticiaempauta.com\/portal\/"},{"@type":"ListItem","position":2,"name":"Economia","item":"https:\/\/noticiaempauta.com\/portal\/economia\/"},{"@type":"ListItem","position":3,"name":"Pente-fino no INSS come\u00e7a em agosto; governo prepara corte de 680 mil pagamentos"}]},{"@type":"WebSite","@id":"https:\/\/noticiaempauta.com\/portal\/#website","url":"https:\/\/noticiaempauta.com\/portal\/","name":"Portal Not\u00edcia em Pauta","description":"Voc\u00ea bem informado","publisher":{"@id":"https:\/\/noticiaempauta.com\/portal\/#organization"},"potentialAction":[{"@type":"SearchAction","target":{"@type":"EntryPoint","urlTemplate":"https:\/\/noticiaempauta.com\/portal\/?s={search_term_string}"},"query-input":{"@type":"PropertyValueSpecification","valueRequired":true,"valueName":"search_term_string"}}],"inLanguage":"pt-BR"},{"@type":"Organization","@id":"https:\/\/noticiaempauta.com\/portal\/#organization","name":"Portal Not\u00edcia em Pauta","url":"https:\/\/noticiaempauta.com\/portal\/","logo":{"@type":"ImageObject","inLanguage":"pt-BR","@id":"https:\/\/noticiaempauta.com\/portal\/#\/schema\/logo\/image\/","url":"https:\/\/noticiaempauta.com\/portal\/wp-content\/uploads\/2022\/08\/logomarca_tema.fw_.png","contentUrl":"https:\/\/noticiaempauta.com\/portal\/wp-content\/uploads\/2022\/08\/logomarca_tema.fw_.png","width":400,"height":232,"caption":"Portal Not\u00edcia em Pauta"},"image":{"@id":"https:\/\/noticiaempauta.com\/portal\/#\/schema\/logo\/image\/"},"sameAs":["https:\/\/www.facebook.com\/Portal-Notcia-Em-Pauta-102292869264820\/","https:\/\/www.instagram.com\/portalnoticiaempauta\/"]},{"@type":"Person","@id":"https:\/\/noticiaempauta.com\/portal\/#\/schema\/person\/a74af43dd1ab3deca45f988c717d57ac","name":"Reda\u00e7\u00e3o","image":{"@type":"ImageObject","inLanguage":"pt-BR","@id":"https:\/\/noticiaempauta.com\/portal\/#\/schema\/person\/image\/","url":"https:\/\/secure.gravatar.com\/avatar\/03179346ecce6cdfc13361603e8f54242a90e5cde8618fa23c5c00aa2b0aadf3?s=96&d=mm&r=g","contentUrl":"https:\/\/secure.gravatar.com\/avatar\/03179346ecce6cdfc13361603e8f54242a90e5cde8618fa23c5c00aa2b0aadf3?s=96&d=mm&r=g","caption":"Reda\u00e7\u00e3o"},"sameAs":["https:\/\/noticiaempauta.com\/portal\/"],"url":"https:\/\/noticiaempauta.com\/portal\/author\/fernando\/"}]}},"_links":{"self":[{"href":"https:\/\/noticiaempauta.com\/portal\/wp-json\/wp\/v2\/posts\/259925","targetHints":{"allow":["GET"]}}],"collection":[{"href":"https:\/\/noticiaempauta.com\/portal\/wp-json\/wp\/v2\/posts"}],"about":[{"href":"https:\/\/noticiaempauta.com\/portal\/wp-json\/wp\/v2\/types\/post"}],"author":[{"embeddable":true,"href":"https:\/\/noticiaempauta.com\/portal\/wp-json\/wp\/v2\/users\/2"}],"replies":[{"embeddable":true,"href":"https:\/\/noticiaempauta.com\/portal\/wp-json\/wp\/v2\/comments?post=259925"}],"version-history":[{"count":2,"href":"https:\/\/noticiaempauta.com\/portal\/wp-json\/wp\/v2\/posts\/259925\/revisions"}],"predecessor-version":[{"id":259929,"href":"https:\/\/noticiaempauta.com\/portal\/wp-json\/wp\/v2\/posts\/259925\/revisions\/259929"}],"wp:featuredmedia":[{"embeddable":true,"href":"https:\/\/noticiaempauta.com\/portal\/wp-json\/wp\/v2\/media\/259927"}],"wp:attachment":[{"href":"https:\/\/noticiaempauta.com\/portal\/wp-json\/wp\/v2\/media?parent=259925"}],"wp:term":[{"taxonomy":"category","embeddable":true,"href":"https:\/\/noticiaempauta.com\/portal\/wp-json\/wp\/v2\/categories?post=259925"},{"taxonomy":"post_tag","embeddable":true,"href":"https:\/\/noticiaempauta.com\/portal\/wp-json\/wp\/v2\/tags?post=259925"}],"curies":[{"name":"wp","href":"https:\/\/api.w.org\/{rel}","templated":true}]}}