{"id":259979,"date":"2024-07-23T11:35:47","date_gmt":"2024-07-23T14:35:47","guid":{"rendered":"https:\/\/noticiaempauta.com\/portal\/?p=259979"},"modified":"2024-07-23T11:35:48","modified_gmt":"2024-07-23T14:35:48","slug":"deputado-thales-coelho-participa-de-varias-convencoes-no-estado-em-apoio-a-liderancas-para-eleicoes-2024","status":"publish","type":"post","link":"https:\/\/noticiaempauta.com\/portal\/deputado-thales-coelho-participa-de-varias-convencoes-no-estado-em-apoio-a-liderancas-para-eleicoes-2024\/","title":{"rendered":"Deputado Thales Coelho participa de v\u00e1rias conven\u00e7\u00f5es no estado em apoio \u00e0 lideran\u00e7as para elei\u00e7\u00f5es 2024"},"content":{"rendered":"\n<p>O deputado estadual \u00a0Thales Coelho (Progressistas) vai se reunir com amigos e lideran\u00e7as pol\u00edticas durante todo o per\u00edodo das conven\u00e7\u00f5es partid\u00e1rias em munic\u00edpios piauienses, que segue at\u00e9 o dia 05 de agosto. No \u00faltimo final de semana o parlamentar esteve em conven\u00e7\u00e3o partid\u00e1ria nos munic\u00edpios Santana do Piau\u00ed e S\u00e3o F\u00e9lix do Piau\u00ed.<\/p>\n\n\n\n<figure class=\"wp-block-image size-large\"><img fetchpriority=\"high\" decoding=\"async\" width=\"1024\" height=\"656\" src=\"https:\/\/noticiaempauta.com\/portal\/wp-content\/uploads\/2024\/07\/WhatsApp-Image-2024-07-23-at-11.32.43-1024x656.jpeg\" alt=\"\" class=\"wp-image-259980\" srcset=\"https:\/\/noticiaempauta.com\/portal\/wp-content\/uploads\/2024\/07\/WhatsApp-Image-2024-07-23-at-11.32.43-1024x656.jpeg 1024w, https:\/\/noticiaempauta.com\/portal\/wp-content\/uploads\/2024\/07\/WhatsApp-Image-2024-07-23-at-11.32.43-300x192.jpeg 300w, https:\/\/noticiaempauta.com\/portal\/wp-content\/uploads\/2024\/07\/WhatsApp-Image-2024-07-23-at-11.32.43-768x492.jpeg 768w, https:\/\/noticiaempauta.com\/portal\/wp-content\/uploads\/2024\/07\/WhatsApp-Image-2024-07-23-at-11.32.43.jpeg 1170w\" sizes=\"(max-width: 1024px) 100vw, 1024px\" \/><figcaption class=\"wp-element-caption\"><strong><em>Deputado Thales Coelho em S\u00e3o F\u00e9lix do Piau\u00ed em apoio a candidatura do Dr. Jose\u00edlson a prefeitura do munic\u00edpio.<\/em><\/strong><\/figcaption><\/figure>\n\n\n\n<p>Dr. Thales tem percorrido o Piau\u00ed de Norte a Sul e de Leste a Oeste, dialogando com a popula\u00e7\u00e3o e apoiadores no campo da pol\u00edtica com o intuito de ouvir as demandas e trabalhar para atender e melhorar ainda mais a vida dos piauienses buscando solu\u00e7\u00f5es em todas as dimens\u00f5es sociais.<\/p>\n\n\n\n<figure class=\"wp-block-image size-large\"><img decoding=\"async\" width=\"1024\" height=\"898\" src=\"https:\/\/noticiaempauta.com\/portal\/wp-content\/uploads\/2024\/07\/WhatsApp-Image-2024-07-23-at-11.32.53-1024x898.jpeg\" alt=\"\" class=\"wp-image-259981\" srcset=\"https:\/\/noticiaempauta.com\/portal\/wp-content\/uploads\/2024\/07\/WhatsApp-Image-2024-07-23-at-11.32.53-1024x898.jpeg 1024w, https:\/\/noticiaempauta.com\/portal\/wp-content\/uploads\/2024\/07\/WhatsApp-Image-2024-07-23-at-11.32.53-300x263.jpeg 300w, https:\/\/noticiaempauta.com\/portal\/wp-content\/uploads\/2024\/07\/WhatsApp-Image-2024-07-23-at-11.32.53-768x673.jpeg 768w, https:\/\/noticiaempauta.com\/portal\/wp-content\/uploads\/2024\/07\/WhatsApp-Image-2024-07-23-at-11.32.53.jpeg 1170w\" sizes=\"(max-width: 1024px) 100vw, 1024px\" \/><figcaption class=\"wp-element-caption\"><strong><em>Registro em Santana do Piau\u00ed, em apoio ao candidato a prefeito Adonaldo Cassiano.<\/em><\/strong><\/figcaption><\/figure>\n\n\n\n<p>Nesta semana a agenda de conven\u00e7\u00f5es tem inicio na pr\u00f3xima quinta-feira (25), em Alto Long\u00e1, na sexta-feira (26) em Picos, e durante o final de semana nos munic\u00edpios de Marcol\u00e2ndia, Valen\u00e7a, Socorro do Piau\u00ed e Aroeiras do Itaim.<\/p>\n\n\n\n<p>Ainda durante a caravana, o deputado participara de conven\u00e7\u00f5es nos munic\u00edpios de Paquet\u00e1 do Piau\u00ed, Canto do Buriti, Tamboril do Piau\u00ed e Sussuapara, dentre outras agendas pol\u00edtico administrativas nesse per\u00edodo.<\/p>\n\n\n\n<p><em>Com informa\u00e7\u00f5es do Portal CidadesnaNet<\/em><\/p>\n\n\n\n<p><\/p>\n","protected":false},"excerpt":{"rendered":"<p>O deputado estadual \u00a0Thales Coelho (Progressistas) vai se reunir com amigos e lideran\u00e7as pol\u00edticas durante todo o per\u00edodo das conven\u00e7\u00f5es partid\u00e1rias em munic\u00edpios piauienses, que segue at\u00e9 o dia 05 de agosto. No \u00faltimo final de semana o parlamentar esteve em conven\u00e7\u00e3o partid\u00e1ria nos munic\u00edpios Santana do Piau\u00ed e S\u00e3o F\u00e9lix do Piau\u00ed. Dr. Thales [&hellip;]<\/p>\n","protected":false},"author":2,"featured_media":259980,"comment_status":"open","ping_status":"open","sticky":false,"template":"","format":"standard","meta":{"_mi_skip_tracking":false,"footnotes":""},"categories":[25,1,9,3,16],"tags":[192],"class_list":["post-259979","post","type-post","status-publish","format-standard","has-post-thumbnail","hentry","category-destaques-site","category-geral","category-municipios","category-politica","category-todas","tag-destaqueprincipal"],"acf":[],"yoast_head":"<!-- This site is optimized with the Yoast SEO Premium plugin v19.2 (Yoast SEO v26.9) - https:\/\/yoast.com\/product\/yoast-seo-premium-wordpress\/ -->\n<title>Deputado Thales Coelho participa de v\u00e1rias conven\u00e7\u00f5es no estado em apoio \u00e0 lideran\u00e7as para elei\u00e7\u00f5es 2024 - Portal Not\u00edcia em Pauta<\/title>\n<meta name=\"robots\" content=\"index, follow, max-snippet:-1, max-image-preview:large, max-video-preview:-1\" \/>\n<link rel=\"canonical\" href=\"https:\/\/noticiaempauta.com\/portal\/deputado-thales-coelho-participa-de-varias-convencoes-no-estado-em-apoio-a-liderancas-para-eleicoes-2024\/\" \/>\n<meta property=\"og:locale\" content=\"pt_BR\" \/>\n<meta property=\"og:type\" content=\"article\" \/>\n<meta property=\"og:title\" content=\"Deputado Thales Coelho participa de v\u00e1rias conven\u00e7\u00f5es no estado em apoio \u00e0 lideran\u00e7as para elei\u00e7\u00f5es 2024\" \/>\n<meta property=\"og:description\" content=\"O deputado estadual \u00a0Thales Coelho (Progressistas) vai se reunir com amigos e lideran\u00e7as pol\u00edticas durante todo o per\u00edodo das conven\u00e7\u00f5es partid\u00e1rias em munic\u00edpios piauienses, que segue at\u00e9 o dia 05 de agosto. No \u00faltimo final de semana o parlamentar esteve em conven\u00e7\u00e3o partid\u00e1ria nos munic\u00edpios Santana do Piau\u00ed e S\u00e3o F\u00e9lix do Piau\u00ed. Dr. Thales [&hellip;]\" \/>\n<meta property=\"og:url\" content=\"https:\/\/noticiaempauta.com\/portal\/deputado-thales-coelho-participa-de-varias-convencoes-no-estado-em-apoio-a-liderancas-para-eleicoes-2024\/\" \/>\n<meta property=\"og:site_name\" content=\"Portal Not\u00edcia em Pauta\" \/>\n<meta property=\"article:publisher\" content=\"https:\/\/www.facebook.com\/Portal-Notcia-Em-Pauta-102292869264820\/\" \/>\n<meta property=\"article:published_time\" content=\"2024-07-23T14:35:47+00:00\" \/>\n<meta property=\"article:modified_time\" content=\"2024-07-23T14:35:48+00:00\" \/>\n<meta property=\"og:image\" content=\"https:\/\/noticiaempauta.com\/portal\/wp-content\/uploads\/2024\/07\/WhatsApp-Image-2024-07-23-at-11.32.43.jpeg\" \/>\n\t<meta property=\"og:image:width\" content=\"1170\" \/>\n\t<meta property=\"og:image:height\" content=\"750\" \/>\n\t<meta property=\"og:image:type\" content=\"image\/jpeg\" \/>\n<meta name=\"author\" content=\"Reda\u00e7\u00e3o\" \/>\n<meta name=\"twitter:card\" content=\"summary_large_image\" \/>\n<meta name=\"twitter:label1\" content=\"Escrito por\" \/>\n\t<meta name=\"twitter:data1\" content=\"Reda\u00e7\u00e3o\" \/>\n\t<meta name=\"twitter:label2\" content=\"Est. tempo de leitura\" \/>\n\t<meta name=\"twitter:data2\" content=\"2 minutos\" \/>\n<script type=\"application\/ld+json\" class=\"yoast-schema-graph\">{\"@context\":\"https:\/\/schema.org\",\"@graph\":[{\"@type\":\"Article\",\"@id\":\"https:\/\/noticiaempauta.com\/portal\/deputado-thales-coelho-participa-de-varias-convencoes-no-estado-em-apoio-a-liderancas-para-eleicoes-2024\/#article\",\"isPartOf\":{\"@id\":\"https:\/\/noticiaempauta.com\/portal\/deputado-thales-coelho-participa-de-varias-convencoes-no-estado-em-apoio-a-liderancas-para-eleicoes-2024\/\"},\"author\":{\"name\":\"Reda\u00e7\u00e3o\",\"@id\":\"https:\/\/noticiaempauta.com\/portal\/#\/schema\/person\/a74af43dd1ab3deca45f988c717d57ac\"},\"headline\":\"Deputado Thales Coelho participa de v\u00e1rias conven\u00e7\u00f5es no estado em apoio \u00e0 lideran\u00e7as para elei\u00e7\u00f5es 2024\",\"datePublished\":\"2024-07-23T14:35:47+00:00\",\"dateModified\":\"2024-07-23T14:35:48+00:00\",\"mainEntityOfPage\":{\"@id\":\"https:\/\/noticiaempauta.com\/portal\/deputado-thales-coelho-participa-de-varias-convencoes-no-estado-em-apoio-a-liderancas-para-eleicoes-2024\/\"},\"wordCount\":253,\"commentCount\":0,\"publisher\":{\"@id\":\"https:\/\/noticiaempauta.com\/portal\/#organization\"},\"image\":{\"@id\":\"https:\/\/noticiaempauta.com\/portal\/deputado-thales-coelho-participa-de-varias-convencoes-no-estado-em-apoio-a-liderancas-para-eleicoes-2024\/#primaryimage\"},\"thumbnailUrl\":\"https:\/\/noticiaempauta.com\/portal\/wp-content\/uploads\/2024\/07\/WhatsApp-Image-2024-07-23-at-11.32.43.jpeg\",\"keywords\":[\"destaqueprincipal\"],\"articleSection\":[\"Destaques\",\"Geral\",\"Munic\u00edpios\",\"Pol\u00edtica\",\"Todas as Not\u00edcias\"],\"inLanguage\":\"pt-BR\",\"potentialAction\":[{\"@type\":\"CommentAction\",\"name\":\"Comment\",\"target\":[\"https:\/\/noticiaempauta.com\/portal\/deputado-thales-coelho-participa-de-varias-convencoes-no-estado-em-apoio-a-liderancas-para-eleicoes-2024\/#respond\"]}]},{\"@type\":\"WebPage\",\"@id\":\"https:\/\/noticiaempauta.com\/portal\/deputado-thales-coelho-participa-de-varias-convencoes-no-estado-em-apoio-a-liderancas-para-eleicoes-2024\/\",\"url\":\"https:\/\/noticiaempauta.com\/portal\/deputado-thales-coelho-participa-de-varias-convencoes-no-estado-em-apoio-a-liderancas-para-eleicoes-2024\/\",\"name\":\"Deputado Thales Coelho participa de v\u00e1rias conven\u00e7\u00f5es no estado em apoio \u00e0 lideran\u00e7as para elei\u00e7\u00f5es 2024 - Portal Not\u00edcia em Pauta\",\"isPartOf\":{\"@id\":\"https:\/\/noticiaempauta.com\/portal\/#website\"},\"primaryImageOfPage\":{\"@id\":\"https:\/\/noticiaempauta.com\/portal\/deputado-thales-coelho-participa-de-varias-convencoes-no-estado-em-apoio-a-liderancas-para-eleicoes-2024\/#primaryimage\"},\"image\":{\"@id\":\"https:\/\/noticiaempauta.com\/portal\/deputado-thales-coelho-participa-de-varias-convencoes-no-estado-em-apoio-a-liderancas-para-eleicoes-2024\/#primaryimage\"},\"thumbnailUrl\":\"https:\/\/noticiaempauta.com\/portal\/wp-content\/uploads\/2024\/07\/WhatsApp-Image-2024-07-23-at-11.32.43.jpeg\",\"datePublished\":\"2024-07-23T14:35:47+00:00\",\"dateModified\":\"2024-07-23T14:35:48+00:00\",\"breadcrumb\":{\"@id\":\"https:\/\/noticiaempauta.com\/portal\/deputado-thales-coelho-participa-de-varias-convencoes-no-estado-em-apoio-a-liderancas-para-eleicoes-2024\/#breadcrumb\"},\"inLanguage\":\"pt-BR\",\"potentialAction\":[{\"@type\":\"ReadAction\",\"target\":[\"https:\/\/noticiaempauta.com\/portal\/deputado-thales-coelho-participa-de-varias-convencoes-no-estado-em-apoio-a-liderancas-para-eleicoes-2024\/\"]}]},{\"@type\":\"ImageObject\",\"inLanguage\":\"pt-BR\",\"@id\":\"https:\/\/noticiaempauta.com\/portal\/deputado-thales-coelho-participa-de-varias-convencoes-no-estado-em-apoio-a-liderancas-para-eleicoes-2024\/#primaryimage\",\"url\":\"https:\/\/noticiaempauta.com\/portal\/wp-content\/uploads\/2024\/07\/WhatsApp-Image-2024-07-23-at-11.32.43.jpeg\",\"contentUrl\":\"https:\/\/noticiaempauta.com\/portal\/wp-content\/uploads\/2024\/07\/WhatsApp-Image-2024-07-23-at-11.32.43.jpeg\",\"width\":1170,\"height\":750},{\"@type\":\"BreadcrumbList\",\"@id\":\"https:\/\/noticiaempauta.com\/portal\/deputado-thales-coelho-participa-de-varias-convencoes-no-estado-em-apoio-a-liderancas-para-eleicoes-2024\/#breadcrumb\",\"itemListElement\":[{\"@type\":\"ListItem\",\"position\":1,\"name\":\"P\u00e1gina Inicial\",\"item\":\"https:\/\/noticiaempauta.com\/portal\/\"},{\"@type\":\"ListItem\",\"position\":2,\"name\":\"Destaques\",\"item\":\"https:\/\/noticiaempauta.com\/portal\/destaques-site\/\"},{\"@type\":\"ListItem\",\"position\":3,\"name\":\"Deputado Thales Coelho participa de v\u00e1rias conven\u00e7\u00f5es no estado em apoio \u00e0 lideran\u00e7as para elei\u00e7\u00f5es 2024\"}]},{\"@type\":\"WebSite\",\"@id\":\"https:\/\/noticiaempauta.com\/portal\/#website\",\"url\":\"https:\/\/noticiaempauta.com\/portal\/\",\"name\":\"Portal Not\u00edcia em Pauta\",\"description\":\"Voc\u00ea bem informado\",\"publisher\":{\"@id\":\"https:\/\/noticiaempauta.com\/portal\/#organization\"},\"potentialAction\":[{\"@type\":\"SearchAction\",\"target\":{\"@type\":\"EntryPoint\",\"urlTemplate\":\"https:\/\/noticiaempauta.com\/portal\/?s={search_term_string}\"},\"query-input\":{\"@type\":\"PropertyValueSpecification\",\"valueRequired\":true,\"valueName\":\"search_term_string\"}}],\"inLanguage\":\"pt-BR\"},{\"@type\":\"Organization\",\"@id\":\"https:\/\/noticiaempauta.com\/portal\/#organization\",\"name\":\"Portal Not\u00edcia em Pauta\",\"url\":\"https:\/\/noticiaempauta.com\/portal\/\",\"logo\":{\"@type\":\"ImageObject\",\"inLanguage\":\"pt-BR\",\"@id\":\"https:\/\/noticiaempauta.com\/portal\/#\/schema\/logo\/image\/\",\"url\":\"https:\/\/noticiaempauta.com\/portal\/wp-content\/uploads\/2022\/08\/logomarca_tema.fw_.png\",\"contentUrl\":\"https:\/\/noticiaempauta.com\/portal\/wp-content\/uploads\/2022\/08\/logomarca_tema.fw_.png\",\"width\":400,\"height\":232,\"caption\":\"Portal Not\u00edcia em Pauta\"},\"image\":{\"@id\":\"https:\/\/noticiaempauta.com\/portal\/#\/schema\/logo\/image\/\"},\"sameAs\":[\"https:\/\/www.facebook.com\/Portal-Notcia-Em-Pauta-102292869264820\/\",\"https:\/\/www.instagram.com\/portalnoticiaempauta\/\"]},{\"@type\":\"Person\",\"@id\":\"https:\/\/noticiaempauta.com\/portal\/#\/schema\/person\/a74af43dd1ab3deca45f988c717d57ac\",\"name\":\"Reda\u00e7\u00e3o\",\"image\":{\"@type\":\"ImageObject\",\"inLanguage\":\"pt-BR\",\"@id\":\"https:\/\/noticiaempauta.com\/portal\/#\/schema\/person\/image\/\",\"url\":\"https:\/\/secure.gravatar.com\/avatar\/03179346ecce6cdfc13361603e8f54242a90e5cde8618fa23c5c00aa2b0aadf3?s=96&d=mm&r=g\",\"contentUrl\":\"https:\/\/secure.gravatar.com\/avatar\/03179346ecce6cdfc13361603e8f54242a90e5cde8618fa23c5c00aa2b0aadf3?s=96&d=mm&r=g\",\"caption\":\"Reda\u00e7\u00e3o\"},\"sameAs\":[\"https:\/\/noticiaempauta.com\/portal\/\"],\"url\":\"https:\/\/noticiaempauta.com\/portal\/author\/fernando\/\"}]}<\/script>\n<!-- \/ Yoast SEO Premium plugin. -->","yoast_head_json":{"title":"Deputado Thales Coelho participa de v\u00e1rias conven\u00e7\u00f5es no estado em apoio \u00e0 lideran\u00e7as para elei\u00e7\u00f5es 2024 - Portal Not\u00edcia em Pauta","robots":{"index":"index","follow":"follow","max-snippet":"max-snippet:-1","max-image-preview":"max-image-preview:large","max-video-preview":"max-video-preview:-1"},"canonical":"https:\/\/noticiaempauta.com\/portal\/deputado-thales-coelho-participa-de-varias-convencoes-no-estado-em-apoio-a-liderancas-para-eleicoes-2024\/","og_locale":"pt_BR","og_type":"article","og_title":"Deputado Thales Coelho participa de v\u00e1rias conven\u00e7\u00f5es no estado em apoio \u00e0 lideran\u00e7as para elei\u00e7\u00f5es 2024","og_description":"O deputado estadual \u00a0Thales Coelho (Progressistas) vai se reunir com amigos e lideran\u00e7as pol\u00edticas durante todo o per\u00edodo das conven\u00e7\u00f5es partid\u00e1rias em munic\u00edpios piauienses, que segue at\u00e9 o dia 05 de agosto. No \u00faltimo final de semana o parlamentar esteve em conven\u00e7\u00e3o partid\u00e1ria nos munic\u00edpios Santana do Piau\u00ed e S\u00e3o F\u00e9lix do Piau\u00ed. Dr. Thales [&hellip;]","og_url":"https:\/\/noticiaempauta.com\/portal\/deputado-thales-coelho-participa-de-varias-convencoes-no-estado-em-apoio-a-liderancas-para-eleicoes-2024\/","og_site_name":"Portal Not\u00edcia em Pauta","article_publisher":"https:\/\/www.facebook.com\/Portal-Notcia-Em-Pauta-102292869264820\/","article_published_time":"2024-07-23T14:35:47+00:00","article_modified_time":"2024-07-23T14:35:48+00:00","og_image":[{"width":1170,"height":750,"url":"https:\/\/noticiaempauta.com\/portal\/wp-content\/uploads\/2024\/07\/WhatsApp-Image-2024-07-23-at-11.32.43.jpeg","type":"image\/jpeg"}],"author":"Reda\u00e7\u00e3o","twitter_card":"summary_large_image","twitter_misc":{"Escrito por":"Reda\u00e7\u00e3o","Est. tempo de leitura":"2 minutos"},"schema":{"@context":"https:\/\/schema.org","@graph":[{"@type":"Article","@id":"https:\/\/noticiaempauta.com\/portal\/deputado-thales-coelho-participa-de-varias-convencoes-no-estado-em-apoio-a-liderancas-para-eleicoes-2024\/#article","isPartOf":{"@id":"https:\/\/noticiaempauta.com\/portal\/deputado-thales-coelho-participa-de-varias-convencoes-no-estado-em-apoio-a-liderancas-para-eleicoes-2024\/"},"author":{"name":"Reda\u00e7\u00e3o","@id":"https:\/\/noticiaempauta.com\/portal\/#\/schema\/person\/a74af43dd1ab3deca45f988c717d57ac"},"headline":"Deputado Thales Coelho participa de v\u00e1rias conven\u00e7\u00f5es no estado em apoio \u00e0 lideran\u00e7as para elei\u00e7\u00f5es 2024","datePublished":"2024-07-23T14:35:47+00:00","dateModified":"2024-07-23T14:35:48+00:00","mainEntityOfPage":{"@id":"https:\/\/noticiaempauta.com\/portal\/deputado-thales-coelho-participa-de-varias-convencoes-no-estado-em-apoio-a-liderancas-para-eleicoes-2024\/"},"wordCount":253,"commentCount":0,"publisher":{"@id":"https:\/\/noticiaempauta.com\/portal\/#organization"},"image":{"@id":"https:\/\/noticiaempauta.com\/portal\/deputado-thales-coelho-participa-de-varias-convencoes-no-estado-em-apoio-a-liderancas-para-eleicoes-2024\/#primaryimage"},"thumbnailUrl":"https:\/\/noticiaempauta.com\/portal\/wp-content\/uploads\/2024\/07\/WhatsApp-Image-2024-07-23-at-11.32.43.jpeg","keywords":["destaqueprincipal"],"articleSection":["Destaques","Geral","Munic\u00edpios","Pol\u00edtica","Todas as Not\u00edcias"],"inLanguage":"pt-BR","potentialAction":[{"@type":"CommentAction","name":"Comment","target":["https:\/\/noticiaempauta.com\/portal\/deputado-thales-coelho-participa-de-varias-convencoes-no-estado-em-apoio-a-liderancas-para-eleicoes-2024\/#respond"]}]},{"@type":"WebPage","@id":"https:\/\/noticiaempauta.com\/portal\/deputado-thales-coelho-participa-de-varias-convencoes-no-estado-em-apoio-a-liderancas-para-eleicoes-2024\/","url":"https:\/\/noticiaempauta.com\/portal\/deputado-thales-coelho-participa-de-varias-convencoes-no-estado-em-apoio-a-liderancas-para-eleicoes-2024\/","name":"Deputado Thales Coelho participa de v\u00e1rias conven\u00e7\u00f5es no estado em apoio \u00e0 lideran\u00e7as para elei\u00e7\u00f5es 2024 - Portal Not\u00edcia em Pauta","isPartOf":{"@id":"https:\/\/noticiaempauta.com\/portal\/#website"},"primaryImageOfPage":{"@id":"https:\/\/noticiaempauta.com\/portal\/deputado-thales-coelho-participa-de-varias-convencoes-no-estado-em-apoio-a-liderancas-para-eleicoes-2024\/#primaryimage"},"image":{"@id":"https:\/\/noticiaempauta.com\/portal\/deputado-thales-coelho-participa-de-varias-convencoes-no-estado-em-apoio-a-liderancas-para-eleicoes-2024\/#primaryimage"},"thumbnailUrl":"https:\/\/noticiaempauta.com\/portal\/wp-content\/uploads\/2024\/07\/WhatsApp-Image-2024-07-23-at-11.32.43.jpeg","datePublished":"2024-07-23T14:35:47+00:00","dateModified":"2024-07-23T14:35:48+00:00","breadcrumb":{"@id":"https:\/\/noticiaempauta.com\/portal\/deputado-thales-coelho-participa-de-varias-convencoes-no-estado-em-apoio-a-liderancas-para-eleicoes-2024\/#breadcrumb"},"inLanguage":"pt-BR","potentialAction":[{"@type":"ReadAction","target":["https:\/\/noticiaempauta.com\/portal\/deputado-thales-coelho-participa-de-varias-convencoes-no-estado-em-apoio-a-liderancas-para-eleicoes-2024\/"]}]},{"@type":"ImageObject","inLanguage":"pt-BR","@id":"https:\/\/noticiaempauta.com\/portal\/deputado-thales-coelho-participa-de-varias-convencoes-no-estado-em-apoio-a-liderancas-para-eleicoes-2024\/#primaryimage","url":"https:\/\/noticiaempauta.com\/portal\/wp-content\/uploads\/2024\/07\/WhatsApp-Image-2024-07-23-at-11.32.43.jpeg","contentUrl":"https:\/\/noticiaempauta.com\/portal\/wp-content\/uploads\/2024\/07\/WhatsApp-Image-2024-07-23-at-11.32.43.jpeg","width":1170,"height":750},{"@type":"BreadcrumbList","@id":"https:\/\/noticiaempauta.com\/portal\/deputado-thales-coelho-participa-de-varias-convencoes-no-estado-em-apoio-a-liderancas-para-eleicoes-2024\/#breadcrumb","itemListElement":[{"@type":"ListItem","position":1,"name":"P\u00e1gina Inicial","item":"https:\/\/noticiaempauta.com\/portal\/"},{"@type":"ListItem","position":2,"name":"Destaques","item":"https:\/\/noticiaempauta.com\/portal\/destaques-site\/"},{"@type":"ListItem","position":3,"name":"Deputado Thales Coelho participa de v\u00e1rias conven\u00e7\u00f5es no estado em apoio \u00e0 lideran\u00e7as para elei\u00e7\u00f5es 2024"}]},{"@type":"WebSite","@id":"https:\/\/noticiaempauta.com\/portal\/#website","url":"https:\/\/noticiaempauta.com\/portal\/","name":"Portal Not\u00edcia em Pauta","description":"Voc\u00ea bem informado","publisher":{"@id":"https:\/\/noticiaempauta.com\/portal\/#organization"},"potentialAction":[{"@type":"SearchAction","target":{"@type":"EntryPoint","urlTemplate":"https:\/\/noticiaempauta.com\/portal\/?s={search_term_string}"},"query-input":{"@type":"PropertyValueSpecification","valueRequired":true,"valueName":"search_term_string"}}],"inLanguage":"pt-BR"},{"@type":"Organization","@id":"https:\/\/noticiaempauta.com\/portal\/#organization","name":"Portal Not\u00edcia em Pauta","url":"https:\/\/noticiaempauta.com\/portal\/","logo":{"@type":"ImageObject","inLanguage":"pt-BR","@id":"https:\/\/noticiaempauta.com\/portal\/#\/schema\/logo\/image\/","url":"https:\/\/noticiaempauta.com\/portal\/wp-content\/uploads\/2022\/08\/logomarca_tema.fw_.png","contentUrl":"https:\/\/noticiaempauta.com\/portal\/wp-content\/uploads\/2022\/08\/logomarca_tema.fw_.png","width":400,"height":232,"caption":"Portal Not\u00edcia em Pauta"},"image":{"@id":"https:\/\/noticiaempauta.com\/portal\/#\/schema\/logo\/image\/"},"sameAs":["https:\/\/www.facebook.com\/Portal-Notcia-Em-Pauta-102292869264820\/","https:\/\/www.instagram.com\/portalnoticiaempauta\/"]},{"@type":"Person","@id":"https:\/\/noticiaempauta.com\/portal\/#\/schema\/person\/a74af43dd1ab3deca45f988c717d57ac","name":"Reda\u00e7\u00e3o","image":{"@type":"ImageObject","inLanguage":"pt-BR","@id":"https:\/\/noticiaempauta.com\/portal\/#\/schema\/person\/image\/","url":"https:\/\/secure.gravatar.com\/avatar\/03179346ecce6cdfc13361603e8f54242a90e5cde8618fa23c5c00aa2b0aadf3?s=96&d=mm&r=g","contentUrl":"https:\/\/secure.gravatar.com\/avatar\/03179346ecce6cdfc13361603e8f54242a90e5cde8618fa23c5c00aa2b0aadf3?s=96&d=mm&r=g","caption":"Reda\u00e7\u00e3o"},"sameAs":["https:\/\/noticiaempauta.com\/portal\/"],"url":"https:\/\/noticiaempauta.com\/portal\/author\/fernando\/"}]}},"_links":{"self":[{"href":"https:\/\/noticiaempauta.com\/portal\/wp-json\/wp\/v2\/posts\/259979","targetHints":{"allow":["GET"]}}],"collection":[{"href":"https:\/\/noticiaempauta.com\/portal\/wp-json\/wp\/v2\/posts"}],"about":[{"href":"https:\/\/noticiaempauta.com\/portal\/wp-json\/wp\/v2\/types\/post"}],"author":[{"embeddable":true,"href":"https:\/\/noticiaempauta.com\/portal\/wp-json\/wp\/v2\/users\/2"}],"replies":[{"embeddable":true,"href":"https:\/\/noticiaempauta.com\/portal\/wp-json\/wp\/v2\/comments?post=259979"}],"version-history":[{"count":2,"href":"https:\/\/noticiaempauta.com\/portal\/wp-json\/wp\/v2\/posts\/259979\/revisions"}],"predecessor-version":[{"id":259983,"href":"https:\/\/noticiaempauta.com\/portal\/wp-json\/wp\/v2\/posts\/259979\/revisions\/259983"}],"wp:featuredmedia":[{"embeddable":true,"href":"https:\/\/noticiaempauta.com\/portal\/wp-json\/wp\/v2\/media\/259980"}],"wp:attachment":[{"href":"https:\/\/noticiaempauta.com\/portal\/wp-json\/wp\/v2\/media?parent=259979"}],"wp:term":[{"taxonomy":"category","embeddable":true,"href":"https:\/\/noticiaempauta.com\/portal\/wp-json\/wp\/v2\/categories?post=259979"},{"taxonomy":"post_tag","embeddable":true,"href":"https:\/\/noticiaempauta.com\/portal\/wp-json\/wp\/v2\/tags?post=259979"}],"curies":[{"name":"wp","href":"https:\/\/api.w.org\/{rel}","templated":true}]}}