{"id":259996,"date":"2024-07-24T09:37:01","date_gmt":"2024-07-24T12:37:01","guid":{"rendered":"https:\/\/noticiaempauta.com\/portal\/?p=259996"},"modified":"2024-07-24T09:37:02","modified_gmt":"2024-07-24T12:37:02","slug":"com-3o-maior-rebanho-do-nordeste-producao-de-ovinos-e-caprinos-no-piaui-fortalece-a-renda-de-pequenos-produtores","status":"publish","type":"post","link":"https:\/\/noticiaempauta.com\/portal\/com-3o-maior-rebanho-do-nordeste-producao-de-ovinos-e-caprinos-no-piaui-fortalece-a-renda-de-pequenos-produtores\/","title":{"rendered":"Com 3\u00ba maior rebanho do Nordeste, produ\u00e7\u00e3o de ovinos e caprinos no Piau\u00ed fortalece a renda de pequenos produtores"},"content":{"rendered":"\n<p>Investimentos feitos pela Secretaria da Agricultura Familiar (SAF) nos \u00faltimos anos t\u00eam fortalecido a produ\u00e7\u00e3o de ovinos e caprinos no Piau\u00ed. O estado tinha, em 2022, de acordo com o Instituto Brasileiro de Geografia e Estat\u00edstica (IBGE), o terceiro maior rebanho de caprinos do Brasil, com 1,9 milh\u00e3o de cabe\u00e7as. O Piau\u00ed tamb\u00e9m&nbsp;se destaca na cria\u00e7\u00e3o de ovinos, com 1,7 milh\u00e3o de animais, configurando como&nbsp;o quarto maior rebanho do Nordeste. Juntos, os rebanhos de ovinos e caprinos somam 3,6 milh\u00f5es, fazendo do estado, o terceiro maior criador na regi\u00e3o Nordeste.&nbsp;<\/p>\n\n\n\n<figure class=\"wp-block-image size-full\"><img fetchpriority=\"high\" decoding=\"async\" width=\"1000\" height=\"666\" src=\"https:\/\/noticiaempauta.com\/portal\/wp-content\/uploads\/2024\/07\/large_Whats_App_Image_2024_07_24_at_00_57_08_7c70803292.jpeg\" alt=\"\" class=\"wp-image-260000\" srcset=\"https:\/\/noticiaempauta.com\/portal\/wp-content\/uploads\/2024\/07\/large_Whats_App_Image_2024_07_24_at_00_57_08_7c70803292.jpeg 1000w, https:\/\/noticiaempauta.com\/portal\/wp-content\/uploads\/2024\/07\/large_Whats_App_Image_2024_07_24_at_00_57_08_7c70803292-300x200.jpeg 300w, https:\/\/noticiaempauta.com\/portal\/wp-content\/uploads\/2024\/07\/large_Whats_App_Image_2024_07_24_at_00_57_08_7c70803292-768x511.jpeg 768w\" sizes=\"(max-width: 1000px) 100vw, 1000px\" \/><\/figure>\n\n\n\n<p>Ainda segundo o IBGE, mais de 90% dessa atividade \u00e9 desenvolvida por meio da agricultura familiar. Nesse cen\u00e1rio, a Secretaria da Agricultura Familiar (SAF) desenvolve a\u00e7\u00f5es produtivas que consolidam o fortalecimento organizacional dos produtores rurais que praticam essa atividade.<\/p>\n\n\n\n<p>Dentre as a\u00e7\u00f5es desenvolvidas pela SAF, respons\u00e1veis auxiliar na gera\u00e7\u00e3o de renda e organiza\u00e7\u00e3o das fam\u00edlias no campo, est\u00e1 o Projeto Viva o Semi\u00e1rido (PVSA), que investiu mais de R$ 20 milh\u00f5es em a\u00e7\u00f5es e incrementou cerca de R$ 4,3 milh\u00f5es na renda anual para os agricultores, beneficiando um universo de 2 mil fam\u00edlias em 39 munic\u00edpios.<\/p>\n\n\n\n<p>O superintendente de A\u00e7\u00f5es e Apoio \u00e0 Agricultura Familiar da SAF, Cl\u00e9bio Coutinho, citou que o projeto teve papel importante para uma qualifica\u00e7\u00e3o na produ\u00e7\u00e3o de caprinos e ovinos, o que passou a estimular a comercializa\u00e7\u00e3o e possibilitou \u00e0s fam\u00edlias melhorar as condi\u00e7\u00f5es sociais.<\/p>\n\n\n\n<p>\u201cRecentemente, n\u00f3s executamos o Projeto Viva o Semi\u00e1rido. Os investimentos foram aplicados na constru\u00e7\u00e3o de centros de manejo, na implanta\u00e7\u00e3o de pastagens, na aquisi\u00e7\u00e3o de rebanhos de cabe\u00e7as, de matrizes e reprodutores, visando melhorar a gen\u00e9tica dos rebanhos dos agricultores familiares. Um conjunto de investimentos para fortalecer essa atividade n\u00e3o apenas em bases produtivas dos agricultores, mas tamb\u00e9m em a\u00e7\u00f5es de apoio \u00e0 comercializa\u00e7\u00e3o\u201d, apontou o gestor.<\/p>\n\n\n\n<figure class=\"wp-block-image size-full\"><img decoding=\"async\" width=\"1000\" height=\"666\" src=\"https:\/\/noticiaempauta.com\/portal\/wp-content\/uploads\/2024\/07\/large_Whats_App_Image_2024_07_24_at_00_58_02_2_473732851e.jpeg\" alt=\"\" class=\"wp-image-259999\" srcset=\"https:\/\/noticiaempauta.com\/portal\/wp-content\/uploads\/2024\/07\/large_Whats_App_Image_2024_07_24_at_00_58_02_2_473732851e.jpeg 1000w, https:\/\/noticiaempauta.com\/portal\/wp-content\/uploads\/2024\/07\/large_Whats_App_Image_2024_07_24_at_00_58_02_2_473732851e-300x200.jpeg 300w, https:\/\/noticiaempauta.com\/portal\/wp-content\/uploads\/2024\/07\/large_Whats_App_Image_2024_07_24_at_00_58_02_2_473732851e-768x511.jpeg 768w\" sizes=\"(max-width: 1000px) 100vw, 1000px\" \/><\/figure>\n\n\n\n<p>O aumento da renda tem feito com que os jovens que vivem no campo priorizem essa a\u00e7\u00e3o e permane\u00e7am na agricultura familiar. Um exemplo \u00e9 a agricultora Suzana Coelho. Ela, que participou de capacita\u00e7\u00f5es pelo PVSA, \u00e9 atualmente presidente da Cooperativa dos Produtores Rurais da Chapada Vale do Rio Itaim (Coovita), localizada no munic\u00edpio de Bet\u00e2nia do Piau\u00ed. Ela aponta que a comercializa\u00e7\u00e3o de caprinos e ovinos tem auxiliado na renda da sua casa, melhorado a qualidade de vida, e permitindo que ela permane\u00e7a na sua cidade natal.<\/p>\n\n\n\n<p>\u201cPor meio da comercializa\u00e7\u00e3o do que \u00e9 produzido na ro\u00e7a, as pessoas conseguem tirar sua renda, n\u00e3o ficam mais \u00e0 merc\u00ea de outros com\u00e9rcios, ou at\u00e9 mesmo de estar trabalhando fora. Foi uma grande porta que mostrou para mim e para outros jovens que eles poderiam permanecer em suas cidades trabalhando. Com a agricultura familiar, pelo com\u00e9rcio de ovino e caprino, conseguimos conquistar nossas coisas\u201d, relatou Suzana.<\/p>\n\n\n\n<figure class=\"wp-block-image size-full\"><img decoding=\"async\" width=\"1000\" height=\"667\" src=\"https:\/\/noticiaempauta.com\/portal\/wp-content\/uploads\/2024\/07\/large_Ovino_2_4e8da33823.jpg\" alt=\"\" class=\"wp-image-259998\" srcset=\"https:\/\/noticiaempauta.com\/portal\/wp-content\/uploads\/2024\/07\/large_Ovino_2_4e8da33823.jpg 1000w, https:\/\/noticiaempauta.com\/portal\/wp-content\/uploads\/2024\/07\/large_Ovino_2_4e8da33823-300x200.jpg 300w, https:\/\/noticiaempauta.com\/portal\/wp-content\/uploads\/2024\/07\/large_Ovino_2_4e8da33823-768x512.jpg 768w\" sizes=\"(max-width: 1000px) 100vw, 1000px\" \/><\/figure>\n\n\n\n<p>Atualmente, por meio do apoio da SAF, a cooperativa comercializa a produ\u00e7\u00e3o, inclusive para a merenda escolar de algumas escolas da Secretaria da Educa\u00e7\u00e3o (Seduc), em Teresina, por meio do Programa Nacional de Alimenta\u00e7\u00e3o Escolar (Pnae). Dessa forma, a carne de carneiro produzida pela agricultura familiar, com um manejo que garante maior qualidade e sa\u00fade, alimenta os estudantes. Por outro lado, \u00e9 uma garantia de renda e de mercado para os produtores da agricultura familiar.<\/p>\n\n\n\n<figure class=\"wp-block-image size-large\"><img loading=\"lazy\" decoding=\"async\" width=\"1024\" height=\"683\" src=\"https:\/\/noticiaempauta.com\/portal\/wp-content\/uploads\/2024\/07\/carne_carneiro_04bfbf50de-1024x683.jpg\" alt=\"\" class=\"wp-image-259997\" srcset=\"https:\/\/noticiaempauta.com\/portal\/wp-content\/uploads\/2024\/07\/carne_carneiro_04bfbf50de-1024x683.jpg 1024w, https:\/\/noticiaempauta.com\/portal\/wp-content\/uploads\/2024\/07\/carne_carneiro_04bfbf50de-300x200.jpg 300w, https:\/\/noticiaempauta.com\/portal\/wp-content\/uploads\/2024\/07\/carne_carneiro_04bfbf50de-768x512.jpg 768w, https:\/\/noticiaempauta.com\/portal\/wp-content\/uploads\/2024\/07\/carne_carneiro_04bfbf50de.jpg 1440w\" sizes=\"(max-width: 1024px) 100vw, 1024px\" \/><\/figure>\n\n\n\n<p><\/p>\n\n\n\n<p><em>CCOM-PI<\/em><\/p>\n","protected":false},"excerpt":{"rendered":"<p>Segundo o IBGE, mais de 90% dessa atividade \u00e9 desenvolvida por meio da agricultura familiar.<\/p>\n","protected":false},"author":2,"featured_media":260000,"comment_status":"open","ping_status":"open","sticky":false,"template":"","format":"standard","meta":{"_mi_skip_tracking":false,"footnotes":""},"categories":[25,1,9,16],"tags":[192],"class_list":["post-259996","post","type-post","status-publish","format-standard","has-post-thumbnail","hentry","category-destaques-site","category-geral","category-municipios","category-todas","tag-destaqueprincipal"],"acf":[],"yoast_head":"<!-- This site is optimized with the Yoast SEO Premium plugin v19.2 (Yoast SEO v26.9) - https:\/\/yoast.com\/product\/yoast-seo-premium-wordpress\/ -->\n<title>Com 3\u00ba maior rebanho do Nordeste, produ\u00e7\u00e3o de ovinos e caprinos no Piau\u00ed fortalece a renda de pequenos produtores - Portal Not\u00edcia em Pauta<\/title>\n<meta name=\"robots\" content=\"index, follow, max-snippet:-1, max-image-preview:large, max-video-preview:-1\" \/>\n<link rel=\"canonical\" href=\"https:\/\/noticiaempauta.com\/portal\/com-3o-maior-rebanho-do-nordeste-producao-de-ovinos-e-caprinos-no-piaui-fortalece-a-renda-de-pequenos-produtores\/\" \/>\n<meta property=\"og:locale\" content=\"pt_BR\" \/>\n<meta property=\"og:type\" content=\"article\" \/>\n<meta property=\"og:title\" content=\"Com 3\u00ba maior rebanho do Nordeste, produ\u00e7\u00e3o de ovinos e caprinos no Piau\u00ed fortalece a renda de pequenos produtores\" \/>\n<meta property=\"og:description\" content=\"Segundo o IBGE, mais de 90% dessa atividade \u00e9 desenvolvida por meio da agricultura familiar.\" \/>\n<meta property=\"og:url\" content=\"https:\/\/noticiaempauta.com\/portal\/com-3o-maior-rebanho-do-nordeste-producao-de-ovinos-e-caprinos-no-piaui-fortalece-a-renda-de-pequenos-produtores\/\" \/>\n<meta property=\"og:site_name\" content=\"Portal Not\u00edcia em Pauta\" \/>\n<meta property=\"article:publisher\" content=\"https:\/\/www.facebook.com\/Portal-Notcia-Em-Pauta-102292869264820\/\" \/>\n<meta property=\"article:published_time\" content=\"2024-07-24T12:37:01+00:00\" \/>\n<meta property=\"article:modified_time\" content=\"2024-07-24T12:37:02+00:00\" \/>\n<meta property=\"og:image\" content=\"https:\/\/noticiaempauta.com\/portal\/wp-content\/uploads\/2024\/07\/large_Whats_App_Image_2024_07_24_at_00_57_08_7c70803292.jpeg\" \/>\n\t<meta property=\"og:image:width\" content=\"1000\" \/>\n\t<meta property=\"og:image:height\" content=\"666\" \/>\n\t<meta property=\"og:image:type\" content=\"image\/jpeg\" \/>\n<meta name=\"author\" content=\"Reda\u00e7\u00e3o\" \/>\n<meta name=\"twitter:card\" content=\"summary_large_image\" \/>\n<meta name=\"twitter:label1\" content=\"Escrito por\" \/>\n\t<meta name=\"twitter:data1\" content=\"Reda\u00e7\u00e3o\" \/>\n\t<meta name=\"twitter:label2\" content=\"Est. tempo de leitura\" \/>\n\t<meta name=\"twitter:data2\" content=\"4 minutos\" \/>\n<script type=\"application\/ld+json\" class=\"yoast-schema-graph\">{\"@context\":\"https:\/\/schema.org\",\"@graph\":[{\"@type\":\"Article\",\"@id\":\"https:\/\/noticiaempauta.com\/portal\/com-3o-maior-rebanho-do-nordeste-producao-de-ovinos-e-caprinos-no-piaui-fortalece-a-renda-de-pequenos-produtores\/#article\",\"isPartOf\":{\"@id\":\"https:\/\/noticiaempauta.com\/portal\/com-3o-maior-rebanho-do-nordeste-producao-de-ovinos-e-caprinos-no-piaui-fortalece-a-renda-de-pequenos-produtores\/\"},\"author\":{\"name\":\"Reda\u00e7\u00e3o\",\"@id\":\"https:\/\/noticiaempauta.com\/portal\/#\/schema\/person\/a74af43dd1ab3deca45f988c717d57ac\"},\"headline\":\"Com 3\u00ba maior rebanho do Nordeste, produ\u00e7\u00e3o de ovinos e caprinos no Piau\u00ed fortalece a renda de pequenos produtores\",\"datePublished\":\"2024-07-24T12:37:01+00:00\",\"dateModified\":\"2024-07-24T12:37:02+00:00\",\"mainEntityOfPage\":{\"@id\":\"https:\/\/noticiaempauta.com\/portal\/com-3o-maior-rebanho-do-nordeste-producao-de-ovinos-e-caprinos-no-piaui-fortalece-a-renda-de-pequenos-produtores\/\"},\"wordCount\":592,\"commentCount\":0,\"publisher\":{\"@id\":\"https:\/\/noticiaempauta.com\/portal\/#organization\"},\"image\":{\"@id\":\"https:\/\/noticiaempauta.com\/portal\/com-3o-maior-rebanho-do-nordeste-producao-de-ovinos-e-caprinos-no-piaui-fortalece-a-renda-de-pequenos-produtores\/#primaryimage\"},\"thumbnailUrl\":\"https:\/\/noticiaempauta.com\/portal\/wp-content\/uploads\/2024\/07\/large_Whats_App_Image_2024_07_24_at_00_57_08_7c70803292.jpeg\",\"keywords\":[\"destaqueprincipal\"],\"articleSection\":[\"Destaques\",\"Geral\",\"Munic\u00edpios\",\"Todas as Not\u00edcias\"],\"inLanguage\":\"pt-BR\",\"potentialAction\":[{\"@type\":\"CommentAction\",\"name\":\"Comment\",\"target\":[\"https:\/\/noticiaempauta.com\/portal\/com-3o-maior-rebanho-do-nordeste-producao-de-ovinos-e-caprinos-no-piaui-fortalece-a-renda-de-pequenos-produtores\/#respond\"]}]},{\"@type\":\"WebPage\",\"@id\":\"https:\/\/noticiaempauta.com\/portal\/com-3o-maior-rebanho-do-nordeste-producao-de-ovinos-e-caprinos-no-piaui-fortalece-a-renda-de-pequenos-produtores\/\",\"url\":\"https:\/\/noticiaempauta.com\/portal\/com-3o-maior-rebanho-do-nordeste-producao-de-ovinos-e-caprinos-no-piaui-fortalece-a-renda-de-pequenos-produtores\/\",\"name\":\"Com 3\u00ba maior rebanho do Nordeste, produ\u00e7\u00e3o de ovinos e caprinos no Piau\u00ed fortalece a renda de pequenos produtores - Portal Not\u00edcia em Pauta\",\"isPartOf\":{\"@id\":\"https:\/\/noticiaempauta.com\/portal\/#website\"},\"primaryImageOfPage\":{\"@id\":\"https:\/\/noticiaempauta.com\/portal\/com-3o-maior-rebanho-do-nordeste-producao-de-ovinos-e-caprinos-no-piaui-fortalece-a-renda-de-pequenos-produtores\/#primaryimage\"},\"image\":{\"@id\":\"https:\/\/noticiaempauta.com\/portal\/com-3o-maior-rebanho-do-nordeste-producao-de-ovinos-e-caprinos-no-piaui-fortalece-a-renda-de-pequenos-produtores\/#primaryimage\"},\"thumbnailUrl\":\"https:\/\/noticiaempauta.com\/portal\/wp-content\/uploads\/2024\/07\/large_Whats_App_Image_2024_07_24_at_00_57_08_7c70803292.jpeg\",\"datePublished\":\"2024-07-24T12:37:01+00:00\",\"dateModified\":\"2024-07-24T12:37:02+00:00\",\"breadcrumb\":{\"@id\":\"https:\/\/noticiaempauta.com\/portal\/com-3o-maior-rebanho-do-nordeste-producao-de-ovinos-e-caprinos-no-piaui-fortalece-a-renda-de-pequenos-produtores\/#breadcrumb\"},\"inLanguage\":\"pt-BR\",\"potentialAction\":[{\"@type\":\"ReadAction\",\"target\":[\"https:\/\/noticiaempauta.com\/portal\/com-3o-maior-rebanho-do-nordeste-producao-de-ovinos-e-caprinos-no-piaui-fortalece-a-renda-de-pequenos-produtores\/\"]}]},{\"@type\":\"ImageObject\",\"inLanguage\":\"pt-BR\",\"@id\":\"https:\/\/noticiaempauta.com\/portal\/com-3o-maior-rebanho-do-nordeste-producao-de-ovinos-e-caprinos-no-piaui-fortalece-a-renda-de-pequenos-produtores\/#primaryimage\",\"url\":\"https:\/\/noticiaempauta.com\/portal\/wp-content\/uploads\/2024\/07\/large_Whats_App_Image_2024_07_24_at_00_57_08_7c70803292.jpeg\",\"contentUrl\":\"https:\/\/noticiaempauta.com\/portal\/wp-content\/uploads\/2024\/07\/large_Whats_App_Image_2024_07_24_at_00_57_08_7c70803292.jpeg\",\"width\":1000,\"height\":666},{\"@type\":\"BreadcrumbList\",\"@id\":\"https:\/\/noticiaempauta.com\/portal\/com-3o-maior-rebanho-do-nordeste-producao-de-ovinos-e-caprinos-no-piaui-fortalece-a-renda-de-pequenos-produtores\/#breadcrumb\",\"itemListElement\":[{\"@type\":\"ListItem\",\"position\":1,\"name\":\"P\u00e1gina Inicial\",\"item\":\"https:\/\/noticiaempauta.com\/portal\/\"},{\"@type\":\"ListItem\",\"position\":2,\"name\":\"Destaques\",\"item\":\"https:\/\/noticiaempauta.com\/portal\/destaques-site\/\"},{\"@type\":\"ListItem\",\"position\":3,\"name\":\"Com 3\u00ba maior rebanho do Nordeste, produ\u00e7\u00e3o de ovinos e caprinos no Piau\u00ed fortalece a renda de pequenos produtores\"}]},{\"@type\":\"WebSite\",\"@id\":\"https:\/\/noticiaempauta.com\/portal\/#website\",\"url\":\"https:\/\/noticiaempauta.com\/portal\/\",\"name\":\"Portal Not\u00edcia em Pauta\",\"description\":\"Voc\u00ea bem informado\",\"publisher\":{\"@id\":\"https:\/\/noticiaempauta.com\/portal\/#organization\"},\"potentialAction\":[{\"@type\":\"SearchAction\",\"target\":{\"@type\":\"EntryPoint\",\"urlTemplate\":\"https:\/\/noticiaempauta.com\/portal\/?s={search_term_string}\"},\"query-input\":{\"@type\":\"PropertyValueSpecification\",\"valueRequired\":true,\"valueName\":\"search_term_string\"}}],\"inLanguage\":\"pt-BR\"},{\"@type\":\"Organization\",\"@id\":\"https:\/\/noticiaempauta.com\/portal\/#organization\",\"name\":\"Portal Not\u00edcia em Pauta\",\"url\":\"https:\/\/noticiaempauta.com\/portal\/\",\"logo\":{\"@type\":\"ImageObject\",\"inLanguage\":\"pt-BR\",\"@id\":\"https:\/\/noticiaempauta.com\/portal\/#\/schema\/logo\/image\/\",\"url\":\"https:\/\/noticiaempauta.com\/portal\/wp-content\/uploads\/2022\/08\/logomarca_tema.fw_.png\",\"contentUrl\":\"https:\/\/noticiaempauta.com\/portal\/wp-content\/uploads\/2022\/08\/logomarca_tema.fw_.png\",\"width\":400,\"height\":232,\"caption\":\"Portal Not\u00edcia em Pauta\"},\"image\":{\"@id\":\"https:\/\/noticiaempauta.com\/portal\/#\/schema\/logo\/image\/\"},\"sameAs\":[\"https:\/\/www.facebook.com\/Portal-Notcia-Em-Pauta-102292869264820\/\",\"https:\/\/www.instagram.com\/portalnoticiaempauta\/\"]},{\"@type\":\"Person\",\"@id\":\"https:\/\/noticiaempauta.com\/portal\/#\/schema\/person\/a74af43dd1ab3deca45f988c717d57ac\",\"name\":\"Reda\u00e7\u00e3o\",\"image\":{\"@type\":\"ImageObject\",\"inLanguage\":\"pt-BR\",\"@id\":\"https:\/\/noticiaempauta.com\/portal\/#\/schema\/person\/image\/\",\"url\":\"https:\/\/secure.gravatar.com\/avatar\/03179346ecce6cdfc13361603e8f54242a90e5cde8618fa23c5c00aa2b0aadf3?s=96&d=mm&r=g\",\"contentUrl\":\"https:\/\/secure.gravatar.com\/avatar\/03179346ecce6cdfc13361603e8f54242a90e5cde8618fa23c5c00aa2b0aadf3?s=96&d=mm&r=g\",\"caption\":\"Reda\u00e7\u00e3o\"},\"sameAs\":[\"https:\/\/noticiaempauta.com\/portal\/\"],\"url\":\"https:\/\/noticiaempauta.com\/portal\/author\/fernando\/\"}]}<\/script>\n<!-- \/ Yoast SEO Premium plugin. -->","yoast_head_json":{"title":"Com 3\u00ba maior rebanho do Nordeste, produ\u00e7\u00e3o de ovinos e caprinos no Piau\u00ed fortalece a renda de pequenos produtores - Portal Not\u00edcia em Pauta","robots":{"index":"index","follow":"follow","max-snippet":"max-snippet:-1","max-image-preview":"max-image-preview:large","max-video-preview":"max-video-preview:-1"},"canonical":"https:\/\/noticiaempauta.com\/portal\/com-3o-maior-rebanho-do-nordeste-producao-de-ovinos-e-caprinos-no-piaui-fortalece-a-renda-de-pequenos-produtores\/","og_locale":"pt_BR","og_type":"article","og_title":"Com 3\u00ba maior rebanho do Nordeste, produ\u00e7\u00e3o de ovinos e caprinos no Piau\u00ed fortalece a renda de pequenos produtores","og_description":"Segundo o IBGE, mais de 90% dessa atividade \u00e9 desenvolvida por meio da agricultura familiar.","og_url":"https:\/\/noticiaempauta.com\/portal\/com-3o-maior-rebanho-do-nordeste-producao-de-ovinos-e-caprinos-no-piaui-fortalece-a-renda-de-pequenos-produtores\/","og_site_name":"Portal Not\u00edcia em Pauta","article_publisher":"https:\/\/www.facebook.com\/Portal-Notcia-Em-Pauta-102292869264820\/","article_published_time":"2024-07-24T12:37:01+00:00","article_modified_time":"2024-07-24T12:37:02+00:00","og_image":[{"width":1000,"height":666,"url":"https:\/\/noticiaempauta.com\/portal\/wp-content\/uploads\/2024\/07\/large_Whats_App_Image_2024_07_24_at_00_57_08_7c70803292.jpeg","type":"image\/jpeg"}],"author":"Reda\u00e7\u00e3o","twitter_card":"summary_large_image","twitter_misc":{"Escrito por":"Reda\u00e7\u00e3o","Est. tempo de leitura":"4 minutos"},"schema":{"@context":"https:\/\/schema.org","@graph":[{"@type":"Article","@id":"https:\/\/noticiaempauta.com\/portal\/com-3o-maior-rebanho-do-nordeste-producao-de-ovinos-e-caprinos-no-piaui-fortalece-a-renda-de-pequenos-produtores\/#article","isPartOf":{"@id":"https:\/\/noticiaempauta.com\/portal\/com-3o-maior-rebanho-do-nordeste-producao-de-ovinos-e-caprinos-no-piaui-fortalece-a-renda-de-pequenos-produtores\/"},"author":{"name":"Reda\u00e7\u00e3o","@id":"https:\/\/noticiaempauta.com\/portal\/#\/schema\/person\/a74af43dd1ab3deca45f988c717d57ac"},"headline":"Com 3\u00ba maior rebanho do Nordeste, produ\u00e7\u00e3o de ovinos e caprinos no Piau\u00ed fortalece a renda de pequenos produtores","datePublished":"2024-07-24T12:37:01+00:00","dateModified":"2024-07-24T12:37:02+00:00","mainEntityOfPage":{"@id":"https:\/\/noticiaempauta.com\/portal\/com-3o-maior-rebanho-do-nordeste-producao-de-ovinos-e-caprinos-no-piaui-fortalece-a-renda-de-pequenos-produtores\/"},"wordCount":592,"commentCount":0,"publisher":{"@id":"https:\/\/noticiaempauta.com\/portal\/#organization"},"image":{"@id":"https:\/\/noticiaempauta.com\/portal\/com-3o-maior-rebanho-do-nordeste-producao-de-ovinos-e-caprinos-no-piaui-fortalece-a-renda-de-pequenos-produtores\/#primaryimage"},"thumbnailUrl":"https:\/\/noticiaempauta.com\/portal\/wp-content\/uploads\/2024\/07\/large_Whats_App_Image_2024_07_24_at_00_57_08_7c70803292.jpeg","keywords":["destaqueprincipal"],"articleSection":["Destaques","Geral","Munic\u00edpios","Todas as Not\u00edcias"],"inLanguage":"pt-BR","potentialAction":[{"@type":"CommentAction","name":"Comment","target":["https:\/\/noticiaempauta.com\/portal\/com-3o-maior-rebanho-do-nordeste-producao-de-ovinos-e-caprinos-no-piaui-fortalece-a-renda-de-pequenos-produtores\/#respond"]}]},{"@type":"WebPage","@id":"https:\/\/noticiaempauta.com\/portal\/com-3o-maior-rebanho-do-nordeste-producao-de-ovinos-e-caprinos-no-piaui-fortalece-a-renda-de-pequenos-produtores\/","url":"https:\/\/noticiaempauta.com\/portal\/com-3o-maior-rebanho-do-nordeste-producao-de-ovinos-e-caprinos-no-piaui-fortalece-a-renda-de-pequenos-produtores\/","name":"Com 3\u00ba maior rebanho do Nordeste, produ\u00e7\u00e3o de ovinos e caprinos no Piau\u00ed fortalece a renda de pequenos produtores - Portal Not\u00edcia em Pauta","isPartOf":{"@id":"https:\/\/noticiaempauta.com\/portal\/#website"},"primaryImageOfPage":{"@id":"https:\/\/noticiaempauta.com\/portal\/com-3o-maior-rebanho-do-nordeste-producao-de-ovinos-e-caprinos-no-piaui-fortalece-a-renda-de-pequenos-produtores\/#primaryimage"},"image":{"@id":"https:\/\/noticiaempauta.com\/portal\/com-3o-maior-rebanho-do-nordeste-producao-de-ovinos-e-caprinos-no-piaui-fortalece-a-renda-de-pequenos-produtores\/#primaryimage"},"thumbnailUrl":"https:\/\/noticiaempauta.com\/portal\/wp-content\/uploads\/2024\/07\/large_Whats_App_Image_2024_07_24_at_00_57_08_7c70803292.jpeg","datePublished":"2024-07-24T12:37:01+00:00","dateModified":"2024-07-24T12:37:02+00:00","breadcrumb":{"@id":"https:\/\/noticiaempauta.com\/portal\/com-3o-maior-rebanho-do-nordeste-producao-de-ovinos-e-caprinos-no-piaui-fortalece-a-renda-de-pequenos-produtores\/#breadcrumb"},"inLanguage":"pt-BR","potentialAction":[{"@type":"ReadAction","target":["https:\/\/noticiaempauta.com\/portal\/com-3o-maior-rebanho-do-nordeste-producao-de-ovinos-e-caprinos-no-piaui-fortalece-a-renda-de-pequenos-produtores\/"]}]},{"@type":"ImageObject","inLanguage":"pt-BR","@id":"https:\/\/noticiaempauta.com\/portal\/com-3o-maior-rebanho-do-nordeste-producao-de-ovinos-e-caprinos-no-piaui-fortalece-a-renda-de-pequenos-produtores\/#primaryimage","url":"https:\/\/noticiaempauta.com\/portal\/wp-content\/uploads\/2024\/07\/large_Whats_App_Image_2024_07_24_at_00_57_08_7c70803292.jpeg","contentUrl":"https:\/\/noticiaempauta.com\/portal\/wp-content\/uploads\/2024\/07\/large_Whats_App_Image_2024_07_24_at_00_57_08_7c70803292.jpeg","width":1000,"height":666},{"@type":"BreadcrumbList","@id":"https:\/\/noticiaempauta.com\/portal\/com-3o-maior-rebanho-do-nordeste-producao-de-ovinos-e-caprinos-no-piaui-fortalece-a-renda-de-pequenos-produtores\/#breadcrumb","itemListElement":[{"@type":"ListItem","position":1,"name":"P\u00e1gina Inicial","item":"https:\/\/noticiaempauta.com\/portal\/"},{"@type":"ListItem","position":2,"name":"Destaques","item":"https:\/\/noticiaempauta.com\/portal\/destaques-site\/"},{"@type":"ListItem","position":3,"name":"Com 3\u00ba maior rebanho do Nordeste, produ\u00e7\u00e3o de ovinos e caprinos no Piau\u00ed fortalece a renda de pequenos produtores"}]},{"@type":"WebSite","@id":"https:\/\/noticiaempauta.com\/portal\/#website","url":"https:\/\/noticiaempauta.com\/portal\/","name":"Portal Not\u00edcia em Pauta","description":"Voc\u00ea bem informado","publisher":{"@id":"https:\/\/noticiaempauta.com\/portal\/#organization"},"potentialAction":[{"@type":"SearchAction","target":{"@type":"EntryPoint","urlTemplate":"https:\/\/noticiaempauta.com\/portal\/?s={search_term_string}"},"query-input":{"@type":"PropertyValueSpecification","valueRequired":true,"valueName":"search_term_string"}}],"inLanguage":"pt-BR"},{"@type":"Organization","@id":"https:\/\/noticiaempauta.com\/portal\/#organization","name":"Portal Not\u00edcia em Pauta","url":"https:\/\/noticiaempauta.com\/portal\/","logo":{"@type":"ImageObject","inLanguage":"pt-BR","@id":"https:\/\/noticiaempauta.com\/portal\/#\/schema\/logo\/image\/","url":"https:\/\/noticiaempauta.com\/portal\/wp-content\/uploads\/2022\/08\/logomarca_tema.fw_.png","contentUrl":"https:\/\/noticiaempauta.com\/portal\/wp-content\/uploads\/2022\/08\/logomarca_tema.fw_.png","width":400,"height":232,"caption":"Portal Not\u00edcia em Pauta"},"image":{"@id":"https:\/\/noticiaempauta.com\/portal\/#\/schema\/logo\/image\/"},"sameAs":["https:\/\/www.facebook.com\/Portal-Notcia-Em-Pauta-102292869264820\/","https:\/\/www.instagram.com\/portalnoticiaempauta\/"]},{"@type":"Person","@id":"https:\/\/noticiaempauta.com\/portal\/#\/schema\/person\/a74af43dd1ab3deca45f988c717d57ac","name":"Reda\u00e7\u00e3o","image":{"@type":"ImageObject","inLanguage":"pt-BR","@id":"https:\/\/noticiaempauta.com\/portal\/#\/schema\/person\/image\/","url":"https:\/\/secure.gravatar.com\/avatar\/03179346ecce6cdfc13361603e8f54242a90e5cde8618fa23c5c00aa2b0aadf3?s=96&d=mm&r=g","contentUrl":"https:\/\/secure.gravatar.com\/avatar\/03179346ecce6cdfc13361603e8f54242a90e5cde8618fa23c5c00aa2b0aadf3?s=96&d=mm&r=g","caption":"Reda\u00e7\u00e3o"},"sameAs":["https:\/\/noticiaempauta.com\/portal\/"],"url":"https:\/\/noticiaempauta.com\/portal\/author\/fernando\/"}]}},"_links":{"self":[{"href":"https:\/\/noticiaempauta.com\/portal\/wp-json\/wp\/v2\/posts\/259996","targetHints":{"allow":["GET"]}}],"collection":[{"href":"https:\/\/noticiaempauta.com\/portal\/wp-json\/wp\/v2\/posts"}],"about":[{"href":"https:\/\/noticiaempauta.com\/portal\/wp-json\/wp\/v2\/types\/post"}],"author":[{"embeddable":true,"href":"https:\/\/noticiaempauta.com\/portal\/wp-json\/wp\/v2\/users\/2"}],"replies":[{"embeddable":true,"href":"https:\/\/noticiaempauta.com\/portal\/wp-json\/wp\/v2\/comments?post=259996"}],"version-history":[{"count":2,"href":"https:\/\/noticiaempauta.com\/portal\/wp-json\/wp\/v2\/posts\/259996\/revisions"}],"predecessor-version":[{"id":260002,"href":"https:\/\/noticiaempauta.com\/portal\/wp-json\/wp\/v2\/posts\/259996\/revisions\/260002"}],"wp:featuredmedia":[{"embeddable":true,"href":"https:\/\/noticiaempauta.com\/portal\/wp-json\/wp\/v2\/media\/260000"}],"wp:attachment":[{"href":"https:\/\/noticiaempauta.com\/portal\/wp-json\/wp\/v2\/media?parent=259996"}],"wp:term":[{"taxonomy":"category","embeddable":true,"href":"https:\/\/noticiaempauta.com\/portal\/wp-json\/wp\/v2\/categories?post=259996"},{"taxonomy":"post_tag","embeddable":true,"href":"https:\/\/noticiaempauta.com\/portal\/wp-json\/wp\/v2\/tags?post=259996"}],"curies":[{"name":"wp","href":"https:\/\/api.w.org\/{rel}","templated":true}]}}