{"id":260023,"date":"2024-07-24T20:40:23","date_gmt":"2024-07-24T23:40:23","guid":{"rendered":"https:\/\/noticiaempauta.com\/portal\/?p=260023"},"modified":"2024-07-24T20:40:24","modified_gmt":"2024-07-24T23:40:24","slug":"raniery-lima-e-escolhido-como-vice-na-chapa-de-gil-paraibano","status":"publish","type":"post","link":"https:\/\/noticiaempauta.com\/portal\/raniery-lima-e-escolhido-como-vice-na-chapa-de-gil-paraibano\/","title":{"rendered":"Raniery Lima \u00e9 escolhido como vice na chapa de Gil Paraibano"},"content":{"rendered":"\n<p>O ex-coordenador do Fundo Municipal de Ilumina\u00e7\u00e3o P\u00fablica (FUMIP) e sobrinho do ex-prefeito Pe. Walmir Lima, Raniery Lima (PP), foi escolhido para ser o vice na chapa do prefeito Gil Paraibano (PP), que \u00e9 pr\u00e9-candidato \u00e0 reelei\u00e7\u00e3o no pleito deste ano. <\/p>\n\n\n\n<figure class=\"wp-block-image size-large\"><img fetchpriority=\"high\" decoding=\"async\" width=\"1024\" height=\"682\" src=\"https:\/\/noticiaempauta.com\/portal\/wp-content\/uploads\/2024\/07\/f10ea7c6-d577-4016-a9da-7fe5f1ed0262-1024x682.jpeg\" alt=\"\" class=\"wp-image-260024\" srcset=\"https:\/\/noticiaempauta.com\/portal\/wp-content\/uploads\/2024\/07\/f10ea7c6-d577-4016-a9da-7fe5f1ed0262-1024x682.jpeg 1024w, https:\/\/noticiaempauta.com\/portal\/wp-content\/uploads\/2024\/07\/f10ea7c6-d577-4016-a9da-7fe5f1ed0262-300x200.jpeg 300w, https:\/\/noticiaempauta.com\/portal\/wp-content\/uploads\/2024\/07\/f10ea7c6-d577-4016-a9da-7fe5f1ed0262-768x512.jpeg 768w, https:\/\/noticiaempauta.com\/portal\/wp-content\/uploads\/2024\/07\/f10ea7c6-d577-4016-a9da-7fe5f1ed0262-1536x1023.jpeg 1536w, https:\/\/noticiaempauta.com\/portal\/wp-content\/uploads\/2024\/07\/f10ea7c6-d577-4016-a9da-7fe5f1ed0262.jpeg 1600w\" sizes=\"(max-width: 1024px) 100vw, 1024px\" \/><\/figure>\n\n\n\n<p><br>A decis\u00e3o foi comunicada na noite desta quarta-feira (24) ap\u00f3s uma reuni\u00e3o em que al\u00e9m dos cabe\u00e7as da futura chapa, marcavam presen\u00e7a o deputado estadual licenciado e secret\u00e1rio Municipal de Sa\u00fade, Aldo Gil (PP), e do ex-prefeito Pe. Walmir Lima.<\/p>\n\n\n\n<figure class=\"wp-block-image size-large\"><img decoding=\"async\" width=\"1024\" height=\"682\" src=\"https:\/\/noticiaempauta.com\/portal\/wp-content\/uploads\/2024\/07\/335ff27b-c2a5-4e76-9516-606c377e6010-1024x682.jpeg\" alt=\"\" class=\"wp-image-260025\" srcset=\"https:\/\/noticiaempauta.com\/portal\/wp-content\/uploads\/2024\/07\/335ff27b-c2a5-4e76-9516-606c377e6010-1024x682.jpeg 1024w, https:\/\/noticiaempauta.com\/portal\/wp-content\/uploads\/2024\/07\/335ff27b-c2a5-4e76-9516-606c377e6010-300x200.jpeg 300w, https:\/\/noticiaempauta.com\/portal\/wp-content\/uploads\/2024\/07\/335ff27b-c2a5-4e76-9516-606c377e6010-768x512.jpeg 768w, https:\/\/noticiaempauta.com\/portal\/wp-content\/uploads\/2024\/07\/335ff27b-c2a5-4e76-9516-606c377e6010-1536x1023.jpeg 1536w, https:\/\/noticiaempauta.com\/portal\/wp-content\/uploads\/2024\/07\/335ff27b-c2a5-4e76-9516-606c377e6010.jpeg 1600w\" sizes=\"(max-width: 1024px) 100vw, 1024px\" \/><\/figure>\n\n\n\n<p>Raniery Lima foi coordenador do FUMIP por tr\u00eas anos e tr\u00eas meses, desincompatibilizando do cargo em mar\u00e7o de 2024 com a inten\u00e7\u00e3o de disputar as elei\u00e7\u00f5es de outubro. Inicialmente ele pretendia concorrer a uma das vagas na C\u00e2mara Municipal, mas nos \u00faltimos dias o seu nome vinha sendo vinculado como poss\u00edvel vice de Gil Paraibano.<\/p>\n\n\n\n<p>Biografia<\/p>\n\n\n\n<p>Raniery Lima tentou disputar o cargo de vereador nas elei\u00e7\u00f5es de 2020, mas o partido ao qual era filiado na \u00e9poca, o PC do B, indeferiu a sua candidatura. Al\u00e9m de coordenado do FUMIP, ele foi tesoureiro na administra\u00e7\u00e3o do Pe. Walmir Lima (2015-2021) e servidor concursado do Munic\u00edpio. Raniery tem 41 anos, \u00e9 casado e pai de um filho.<\/p>\n\n\n\n<p>Depoimentos<\/p>\n\n\n\n<p>O prefeito Gil Paraibano se disse feliz pela escolha do nome de Raniery, enaltecendo as qualidades do companheiro de chapa. \u201c\u00c9 um rapaz decente, que n\u00e3o tem aresta com ningu\u00e9m, muito simples, um homem que tem humildade para tratar o povo; foi uma escolha muito boa\u201d, declarou.<\/p>\n\n\n\n<p>O deputado Ado Gil destacou que existiam bons nomes para compor a chapa com Gil Paraibano, mas se disse feliz com a escolha de Raniery. \u201cTenho certeza de que ser\u00e1 uma chapa vitoriosa e poderemos contar com o apoio dos picoenses\u201d, comentou.<\/p>\n\n\n\n<p>Dirigindo-se ao prefeito Gil Paraibano, Raniey se disse orgulhoso pela escolha. \u201cMe sinto honrado e pronto para encarar essa caminha junto com o senhor, obrigado pelo convite\u201d, frisou.<\/p>\n\n\n\n<p>O Pe. Walmir Lima disse que est\u00e1 honrado e comprometido com a chapa. \u201cJuntando a experi\u00eancia e o novo, estaremos juntos com certeza\u201d, destacou.<\/p>\n\n\n\n<p>Fonte: Boletim do Sert\u00e3o&nbsp;<\/p>\n\n\n\n<p><\/p>\n\n\n\n<p><\/p>\n","protected":false},"excerpt":{"rendered":"<p>O ex-coordenador do Fundo Municipal de Ilumina\u00e7\u00e3o P\u00fablica (FUMIP) e sobrinho do ex-prefeito Pe. Walmir Lima, Raniery Lima (PP), foi escolhido para ser o vice na chapa do prefeito Gil Paraibano (PP), que \u00e9 pr\u00e9-candidato \u00e0 reelei\u00e7\u00e3o no pleito deste ano. A decis\u00e3o foi comunicada na noite desta quarta-feira (24) ap\u00f3s uma reuni\u00e3o em que [&hellip;]<\/p>\n","protected":false},"author":2,"featured_media":260025,"comment_status":"open","ping_status":"open","sticky":false,"template":"","format":"standard","meta":{"_mi_skip_tracking":false,"footnotes":""},"categories":[1],"tags":[],"class_list":["post-260023","post","type-post","status-publish","format-standard","has-post-thumbnail","hentry","category-geral"],"acf":[],"yoast_head":"<!-- This site is optimized with the Yoast SEO Premium plugin v19.2 (Yoast SEO v26.9) - https:\/\/yoast.com\/product\/yoast-seo-premium-wordpress\/ -->\n<title>Raniery Lima \u00e9 escolhido como vice na chapa de Gil Paraibano - Portal Not\u00edcia em Pauta<\/title>\n<meta name=\"robots\" content=\"index, follow, max-snippet:-1, max-image-preview:large, max-video-preview:-1\" \/>\n<link rel=\"canonical\" href=\"https:\/\/noticiaempauta.com\/portal\/raniery-lima-e-escolhido-como-vice-na-chapa-de-gil-paraibano\/\" \/>\n<meta property=\"og:locale\" content=\"pt_BR\" \/>\n<meta property=\"og:type\" content=\"article\" \/>\n<meta property=\"og:title\" content=\"Raniery Lima \u00e9 escolhido como vice na chapa de Gil Paraibano\" \/>\n<meta property=\"og:description\" content=\"O ex-coordenador do Fundo Municipal de Ilumina\u00e7\u00e3o P\u00fablica (FUMIP) e sobrinho do ex-prefeito Pe. Walmir Lima, Raniery Lima (PP), foi escolhido para ser o vice na chapa do prefeito Gil Paraibano (PP), que \u00e9 pr\u00e9-candidato \u00e0 reelei\u00e7\u00e3o no pleito deste ano. A decis\u00e3o foi comunicada na noite desta quarta-feira (24) ap\u00f3s uma reuni\u00e3o em que [&hellip;]\" \/>\n<meta property=\"og:url\" content=\"https:\/\/noticiaempauta.com\/portal\/raniery-lima-e-escolhido-como-vice-na-chapa-de-gil-paraibano\/\" \/>\n<meta property=\"og:site_name\" content=\"Portal Not\u00edcia em Pauta\" \/>\n<meta property=\"article:publisher\" content=\"https:\/\/www.facebook.com\/Portal-Notcia-Em-Pauta-102292869264820\/\" \/>\n<meta property=\"article:published_time\" content=\"2024-07-24T23:40:23+00:00\" \/>\n<meta property=\"article:modified_time\" content=\"2024-07-24T23:40:24+00:00\" \/>\n<meta property=\"og:image\" content=\"https:\/\/noticiaempauta.com\/portal\/wp-content\/uploads\/2024\/07\/335ff27b-c2a5-4e76-9516-606c377e6010.jpeg\" \/>\n\t<meta property=\"og:image:width\" content=\"1600\" \/>\n\t<meta property=\"og:image:height\" content=\"1066\" \/>\n\t<meta property=\"og:image:type\" content=\"image\/jpeg\" \/>\n<meta name=\"author\" content=\"Reda\u00e7\u00e3o\" \/>\n<meta name=\"twitter:card\" content=\"summary_large_image\" \/>\n<meta name=\"twitter:label1\" content=\"Escrito por\" \/>\n\t<meta name=\"twitter:data1\" content=\"Reda\u00e7\u00e3o\" \/>\n\t<meta name=\"twitter:label2\" content=\"Est. tempo de leitura\" \/>\n\t<meta name=\"twitter:data2\" content=\"3 minutos\" \/>\n<script type=\"application\/ld+json\" class=\"yoast-schema-graph\">{\"@context\":\"https:\/\/schema.org\",\"@graph\":[{\"@type\":\"Article\",\"@id\":\"https:\/\/noticiaempauta.com\/portal\/raniery-lima-e-escolhido-como-vice-na-chapa-de-gil-paraibano\/#article\",\"isPartOf\":{\"@id\":\"https:\/\/noticiaempauta.com\/portal\/raniery-lima-e-escolhido-como-vice-na-chapa-de-gil-paraibano\/\"},\"author\":{\"name\":\"Reda\u00e7\u00e3o\",\"@id\":\"https:\/\/noticiaempauta.com\/portal\/#\/schema\/person\/a74af43dd1ab3deca45f988c717d57ac\"},\"headline\":\"Raniery Lima \u00e9 escolhido como vice na chapa de Gil Paraibano\",\"datePublished\":\"2024-07-24T23:40:23+00:00\",\"dateModified\":\"2024-07-24T23:40:24+00:00\",\"mainEntityOfPage\":{\"@id\":\"https:\/\/noticiaempauta.com\/portal\/raniery-lima-e-escolhido-como-vice-na-chapa-de-gil-paraibano\/\"},\"wordCount\":373,\"commentCount\":0,\"publisher\":{\"@id\":\"https:\/\/noticiaempauta.com\/portal\/#organization\"},\"image\":{\"@id\":\"https:\/\/noticiaempauta.com\/portal\/raniery-lima-e-escolhido-como-vice-na-chapa-de-gil-paraibano\/#primaryimage\"},\"thumbnailUrl\":\"https:\/\/noticiaempauta.com\/portal\/wp-content\/uploads\/2024\/07\/335ff27b-c2a5-4e76-9516-606c377e6010.jpeg\",\"articleSection\":[\"Geral\"],\"inLanguage\":\"pt-BR\",\"potentialAction\":[{\"@type\":\"CommentAction\",\"name\":\"Comment\",\"target\":[\"https:\/\/noticiaempauta.com\/portal\/raniery-lima-e-escolhido-como-vice-na-chapa-de-gil-paraibano\/#respond\"]}]},{\"@type\":\"WebPage\",\"@id\":\"https:\/\/noticiaempauta.com\/portal\/raniery-lima-e-escolhido-como-vice-na-chapa-de-gil-paraibano\/\",\"url\":\"https:\/\/noticiaempauta.com\/portal\/raniery-lima-e-escolhido-como-vice-na-chapa-de-gil-paraibano\/\",\"name\":\"Raniery Lima \u00e9 escolhido como vice na chapa de Gil Paraibano - Portal Not\u00edcia em Pauta\",\"isPartOf\":{\"@id\":\"https:\/\/noticiaempauta.com\/portal\/#website\"},\"primaryImageOfPage\":{\"@id\":\"https:\/\/noticiaempauta.com\/portal\/raniery-lima-e-escolhido-como-vice-na-chapa-de-gil-paraibano\/#primaryimage\"},\"image\":{\"@id\":\"https:\/\/noticiaempauta.com\/portal\/raniery-lima-e-escolhido-como-vice-na-chapa-de-gil-paraibano\/#primaryimage\"},\"thumbnailUrl\":\"https:\/\/noticiaempauta.com\/portal\/wp-content\/uploads\/2024\/07\/335ff27b-c2a5-4e76-9516-606c377e6010.jpeg\",\"datePublished\":\"2024-07-24T23:40:23+00:00\",\"dateModified\":\"2024-07-24T23:40:24+00:00\",\"breadcrumb\":{\"@id\":\"https:\/\/noticiaempauta.com\/portal\/raniery-lima-e-escolhido-como-vice-na-chapa-de-gil-paraibano\/#breadcrumb\"},\"inLanguage\":\"pt-BR\",\"potentialAction\":[{\"@type\":\"ReadAction\",\"target\":[\"https:\/\/noticiaempauta.com\/portal\/raniery-lima-e-escolhido-como-vice-na-chapa-de-gil-paraibano\/\"]}]},{\"@type\":\"ImageObject\",\"inLanguage\":\"pt-BR\",\"@id\":\"https:\/\/noticiaempauta.com\/portal\/raniery-lima-e-escolhido-como-vice-na-chapa-de-gil-paraibano\/#primaryimage\",\"url\":\"https:\/\/noticiaempauta.com\/portal\/wp-content\/uploads\/2024\/07\/335ff27b-c2a5-4e76-9516-606c377e6010.jpeg\",\"contentUrl\":\"https:\/\/noticiaempauta.com\/portal\/wp-content\/uploads\/2024\/07\/335ff27b-c2a5-4e76-9516-606c377e6010.jpeg\",\"width\":1600,\"height\":1066},{\"@type\":\"BreadcrumbList\",\"@id\":\"https:\/\/noticiaempauta.com\/portal\/raniery-lima-e-escolhido-como-vice-na-chapa-de-gil-paraibano\/#breadcrumb\",\"itemListElement\":[{\"@type\":\"ListItem\",\"position\":1,\"name\":\"P\u00e1gina Inicial\",\"item\":\"https:\/\/noticiaempauta.com\/portal\/\"},{\"@type\":\"ListItem\",\"position\":2,\"name\":\"Geral\",\"item\":\"https:\/\/noticiaempauta.com\/portal\/geral\/\"},{\"@type\":\"ListItem\",\"position\":3,\"name\":\"Raniery Lima \u00e9 escolhido como vice na chapa de Gil Paraibano\"}]},{\"@type\":\"WebSite\",\"@id\":\"https:\/\/noticiaempauta.com\/portal\/#website\",\"url\":\"https:\/\/noticiaempauta.com\/portal\/\",\"name\":\"Portal Not\u00edcia em Pauta\",\"description\":\"Voc\u00ea bem informado\",\"publisher\":{\"@id\":\"https:\/\/noticiaempauta.com\/portal\/#organization\"},\"potentialAction\":[{\"@type\":\"SearchAction\",\"target\":{\"@type\":\"EntryPoint\",\"urlTemplate\":\"https:\/\/noticiaempauta.com\/portal\/?s={search_term_string}\"},\"query-input\":{\"@type\":\"PropertyValueSpecification\",\"valueRequired\":true,\"valueName\":\"search_term_string\"}}],\"inLanguage\":\"pt-BR\"},{\"@type\":\"Organization\",\"@id\":\"https:\/\/noticiaempauta.com\/portal\/#organization\",\"name\":\"Portal Not\u00edcia em Pauta\",\"url\":\"https:\/\/noticiaempauta.com\/portal\/\",\"logo\":{\"@type\":\"ImageObject\",\"inLanguage\":\"pt-BR\",\"@id\":\"https:\/\/noticiaempauta.com\/portal\/#\/schema\/logo\/image\/\",\"url\":\"https:\/\/noticiaempauta.com\/portal\/wp-content\/uploads\/2022\/08\/logomarca_tema.fw_.png\",\"contentUrl\":\"https:\/\/noticiaempauta.com\/portal\/wp-content\/uploads\/2022\/08\/logomarca_tema.fw_.png\",\"width\":400,\"height\":232,\"caption\":\"Portal Not\u00edcia em Pauta\"},\"image\":{\"@id\":\"https:\/\/noticiaempauta.com\/portal\/#\/schema\/logo\/image\/\"},\"sameAs\":[\"https:\/\/www.facebook.com\/Portal-Notcia-Em-Pauta-102292869264820\/\",\"https:\/\/www.instagram.com\/portalnoticiaempauta\/\"]},{\"@type\":\"Person\",\"@id\":\"https:\/\/noticiaempauta.com\/portal\/#\/schema\/person\/a74af43dd1ab3deca45f988c717d57ac\",\"name\":\"Reda\u00e7\u00e3o\",\"image\":{\"@type\":\"ImageObject\",\"inLanguage\":\"pt-BR\",\"@id\":\"https:\/\/noticiaempauta.com\/portal\/#\/schema\/person\/image\/\",\"url\":\"https:\/\/secure.gravatar.com\/avatar\/03179346ecce6cdfc13361603e8f54242a90e5cde8618fa23c5c00aa2b0aadf3?s=96&d=mm&r=g\",\"contentUrl\":\"https:\/\/secure.gravatar.com\/avatar\/03179346ecce6cdfc13361603e8f54242a90e5cde8618fa23c5c00aa2b0aadf3?s=96&d=mm&r=g\",\"caption\":\"Reda\u00e7\u00e3o\"},\"sameAs\":[\"https:\/\/noticiaempauta.com\/portal\/\"],\"url\":\"https:\/\/noticiaempauta.com\/portal\/author\/fernando\/\"}]}<\/script>\n<!-- \/ Yoast SEO Premium plugin. -->","yoast_head_json":{"title":"Raniery Lima \u00e9 escolhido como vice na chapa de Gil Paraibano - Portal Not\u00edcia em Pauta","robots":{"index":"index","follow":"follow","max-snippet":"max-snippet:-1","max-image-preview":"max-image-preview:large","max-video-preview":"max-video-preview:-1"},"canonical":"https:\/\/noticiaempauta.com\/portal\/raniery-lima-e-escolhido-como-vice-na-chapa-de-gil-paraibano\/","og_locale":"pt_BR","og_type":"article","og_title":"Raniery Lima \u00e9 escolhido como vice na chapa de Gil Paraibano","og_description":"O ex-coordenador do Fundo Municipal de Ilumina\u00e7\u00e3o P\u00fablica (FUMIP) e sobrinho do ex-prefeito Pe. Walmir Lima, Raniery Lima (PP), foi escolhido para ser o vice na chapa do prefeito Gil Paraibano (PP), que \u00e9 pr\u00e9-candidato \u00e0 reelei\u00e7\u00e3o no pleito deste ano. A decis\u00e3o foi comunicada na noite desta quarta-feira (24) ap\u00f3s uma reuni\u00e3o em que [&hellip;]","og_url":"https:\/\/noticiaempauta.com\/portal\/raniery-lima-e-escolhido-como-vice-na-chapa-de-gil-paraibano\/","og_site_name":"Portal Not\u00edcia em Pauta","article_publisher":"https:\/\/www.facebook.com\/Portal-Notcia-Em-Pauta-102292869264820\/","article_published_time":"2024-07-24T23:40:23+00:00","article_modified_time":"2024-07-24T23:40:24+00:00","og_image":[{"width":1600,"height":1066,"url":"https:\/\/noticiaempauta.com\/portal\/wp-content\/uploads\/2024\/07\/335ff27b-c2a5-4e76-9516-606c377e6010.jpeg","type":"image\/jpeg"}],"author":"Reda\u00e7\u00e3o","twitter_card":"summary_large_image","twitter_misc":{"Escrito por":"Reda\u00e7\u00e3o","Est. tempo de leitura":"3 minutos"},"schema":{"@context":"https:\/\/schema.org","@graph":[{"@type":"Article","@id":"https:\/\/noticiaempauta.com\/portal\/raniery-lima-e-escolhido-como-vice-na-chapa-de-gil-paraibano\/#article","isPartOf":{"@id":"https:\/\/noticiaempauta.com\/portal\/raniery-lima-e-escolhido-como-vice-na-chapa-de-gil-paraibano\/"},"author":{"name":"Reda\u00e7\u00e3o","@id":"https:\/\/noticiaempauta.com\/portal\/#\/schema\/person\/a74af43dd1ab3deca45f988c717d57ac"},"headline":"Raniery Lima \u00e9 escolhido como vice na chapa de Gil Paraibano","datePublished":"2024-07-24T23:40:23+00:00","dateModified":"2024-07-24T23:40:24+00:00","mainEntityOfPage":{"@id":"https:\/\/noticiaempauta.com\/portal\/raniery-lima-e-escolhido-como-vice-na-chapa-de-gil-paraibano\/"},"wordCount":373,"commentCount":0,"publisher":{"@id":"https:\/\/noticiaempauta.com\/portal\/#organization"},"image":{"@id":"https:\/\/noticiaempauta.com\/portal\/raniery-lima-e-escolhido-como-vice-na-chapa-de-gil-paraibano\/#primaryimage"},"thumbnailUrl":"https:\/\/noticiaempauta.com\/portal\/wp-content\/uploads\/2024\/07\/335ff27b-c2a5-4e76-9516-606c377e6010.jpeg","articleSection":["Geral"],"inLanguage":"pt-BR","potentialAction":[{"@type":"CommentAction","name":"Comment","target":["https:\/\/noticiaempauta.com\/portal\/raniery-lima-e-escolhido-como-vice-na-chapa-de-gil-paraibano\/#respond"]}]},{"@type":"WebPage","@id":"https:\/\/noticiaempauta.com\/portal\/raniery-lima-e-escolhido-como-vice-na-chapa-de-gil-paraibano\/","url":"https:\/\/noticiaempauta.com\/portal\/raniery-lima-e-escolhido-como-vice-na-chapa-de-gil-paraibano\/","name":"Raniery Lima \u00e9 escolhido como vice na chapa de Gil Paraibano - Portal Not\u00edcia em Pauta","isPartOf":{"@id":"https:\/\/noticiaempauta.com\/portal\/#website"},"primaryImageOfPage":{"@id":"https:\/\/noticiaempauta.com\/portal\/raniery-lima-e-escolhido-como-vice-na-chapa-de-gil-paraibano\/#primaryimage"},"image":{"@id":"https:\/\/noticiaempauta.com\/portal\/raniery-lima-e-escolhido-como-vice-na-chapa-de-gil-paraibano\/#primaryimage"},"thumbnailUrl":"https:\/\/noticiaempauta.com\/portal\/wp-content\/uploads\/2024\/07\/335ff27b-c2a5-4e76-9516-606c377e6010.jpeg","datePublished":"2024-07-24T23:40:23+00:00","dateModified":"2024-07-24T23:40:24+00:00","breadcrumb":{"@id":"https:\/\/noticiaempauta.com\/portal\/raniery-lima-e-escolhido-como-vice-na-chapa-de-gil-paraibano\/#breadcrumb"},"inLanguage":"pt-BR","potentialAction":[{"@type":"ReadAction","target":["https:\/\/noticiaempauta.com\/portal\/raniery-lima-e-escolhido-como-vice-na-chapa-de-gil-paraibano\/"]}]},{"@type":"ImageObject","inLanguage":"pt-BR","@id":"https:\/\/noticiaempauta.com\/portal\/raniery-lima-e-escolhido-como-vice-na-chapa-de-gil-paraibano\/#primaryimage","url":"https:\/\/noticiaempauta.com\/portal\/wp-content\/uploads\/2024\/07\/335ff27b-c2a5-4e76-9516-606c377e6010.jpeg","contentUrl":"https:\/\/noticiaempauta.com\/portal\/wp-content\/uploads\/2024\/07\/335ff27b-c2a5-4e76-9516-606c377e6010.jpeg","width":1600,"height":1066},{"@type":"BreadcrumbList","@id":"https:\/\/noticiaempauta.com\/portal\/raniery-lima-e-escolhido-como-vice-na-chapa-de-gil-paraibano\/#breadcrumb","itemListElement":[{"@type":"ListItem","position":1,"name":"P\u00e1gina Inicial","item":"https:\/\/noticiaempauta.com\/portal\/"},{"@type":"ListItem","position":2,"name":"Geral","item":"https:\/\/noticiaempauta.com\/portal\/geral\/"},{"@type":"ListItem","position":3,"name":"Raniery Lima \u00e9 escolhido como vice na chapa de Gil Paraibano"}]},{"@type":"WebSite","@id":"https:\/\/noticiaempauta.com\/portal\/#website","url":"https:\/\/noticiaempauta.com\/portal\/","name":"Portal Not\u00edcia em Pauta","description":"Voc\u00ea bem informado","publisher":{"@id":"https:\/\/noticiaempauta.com\/portal\/#organization"},"potentialAction":[{"@type":"SearchAction","target":{"@type":"EntryPoint","urlTemplate":"https:\/\/noticiaempauta.com\/portal\/?s={search_term_string}"},"query-input":{"@type":"PropertyValueSpecification","valueRequired":true,"valueName":"search_term_string"}}],"inLanguage":"pt-BR"},{"@type":"Organization","@id":"https:\/\/noticiaempauta.com\/portal\/#organization","name":"Portal Not\u00edcia em Pauta","url":"https:\/\/noticiaempauta.com\/portal\/","logo":{"@type":"ImageObject","inLanguage":"pt-BR","@id":"https:\/\/noticiaempauta.com\/portal\/#\/schema\/logo\/image\/","url":"https:\/\/noticiaempauta.com\/portal\/wp-content\/uploads\/2022\/08\/logomarca_tema.fw_.png","contentUrl":"https:\/\/noticiaempauta.com\/portal\/wp-content\/uploads\/2022\/08\/logomarca_tema.fw_.png","width":400,"height":232,"caption":"Portal Not\u00edcia em Pauta"},"image":{"@id":"https:\/\/noticiaempauta.com\/portal\/#\/schema\/logo\/image\/"},"sameAs":["https:\/\/www.facebook.com\/Portal-Notcia-Em-Pauta-102292869264820\/","https:\/\/www.instagram.com\/portalnoticiaempauta\/"]},{"@type":"Person","@id":"https:\/\/noticiaempauta.com\/portal\/#\/schema\/person\/a74af43dd1ab3deca45f988c717d57ac","name":"Reda\u00e7\u00e3o","image":{"@type":"ImageObject","inLanguage":"pt-BR","@id":"https:\/\/noticiaempauta.com\/portal\/#\/schema\/person\/image\/","url":"https:\/\/secure.gravatar.com\/avatar\/03179346ecce6cdfc13361603e8f54242a90e5cde8618fa23c5c00aa2b0aadf3?s=96&d=mm&r=g","contentUrl":"https:\/\/secure.gravatar.com\/avatar\/03179346ecce6cdfc13361603e8f54242a90e5cde8618fa23c5c00aa2b0aadf3?s=96&d=mm&r=g","caption":"Reda\u00e7\u00e3o"},"sameAs":["https:\/\/noticiaempauta.com\/portal\/"],"url":"https:\/\/noticiaempauta.com\/portal\/author\/fernando\/"}]}},"_links":{"self":[{"href":"https:\/\/noticiaempauta.com\/portal\/wp-json\/wp\/v2\/posts\/260023","targetHints":{"allow":["GET"]}}],"collection":[{"href":"https:\/\/noticiaempauta.com\/portal\/wp-json\/wp\/v2\/posts"}],"about":[{"href":"https:\/\/noticiaempauta.com\/portal\/wp-json\/wp\/v2\/types\/post"}],"author":[{"embeddable":true,"href":"https:\/\/noticiaempauta.com\/portal\/wp-json\/wp\/v2\/users\/2"}],"replies":[{"embeddable":true,"href":"https:\/\/noticiaempauta.com\/portal\/wp-json\/wp\/v2\/comments?post=260023"}],"version-history":[{"count":2,"href":"https:\/\/noticiaempauta.com\/portal\/wp-json\/wp\/v2\/posts\/260023\/revisions"}],"predecessor-version":[{"id":260027,"href":"https:\/\/noticiaempauta.com\/portal\/wp-json\/wp\/v2\/posts\/260023\/revisions\/260027"}],"wp:featuredmedia":[{"embeddable":true,"href":"https:\/\/noticiaempauta.com\/portal\/wp-json\/wp\/v2\/media\/260025"}],"wp:attachment":[{"href":"https:\/\/noticiaempauta.com\/portal\/wp-json\/wp\/v2\/media?parent=260023"}],"wp:term":[{"taxonomy":"category","embeddable":true,"href":"https:\/\/noticiaempauta.com\/portal\/wp-json\/wp\/v2\/categories?post=260023"},{"taxonomy":"post_tag","embeddable":true,"href":"https:\/\/noticiaempauta.com\/portal\/wp-json\/wp\/v2\/tags?post=260023"}],"curies":[{"name":"wp","href":"https:\/\/api.w.org\/{rel}","templated":true}]}}