{"id":260075,"date":"2024-07-26T15:39:04","date_gmt":"2024-07-26T18:39:04","guid":{"rendered":"https:\/\/noticiaempauta.com\/portal\/?p=260075"},"modified":"2024-07-26T15:39:05","modified_gmt":"2024-07-26T18:39:05","slug":"idoso-morre-apos-ser-colhido-por-motocicleta-na-zona-rural-de-picos","status":"publish","type":"post","link":"https:\/\/noticiaempauta.com\/portal\/idoso-morre-apos-ser-colhido-por-motocicleta-na-zona-rural-de-picos\/","title":{"rendered":"Idoso morre ap\u00f3s ser colhido por motocicleta na zona rural de Picos"},"content":{"rendered":"\n<p>Um grave acidente foi registrado na manh\u00e3 desta sexta-feira (26), por volta de 5h20, na PI 236, que liga Picos ao povoado Tabatinga. Um idoso identificado por Raimundo Paulo Ferreira, de 60 anos, mais conhecido como Raimund\u00e3o, morreu ap\u00f3s ser colhido por uma motocicleta na altura do povoado Boqueir\u00e3o.<\/p>\n\n\n\n<figure class=\"wp-block-image size-full\"><img fetchpriority=\"high\" decoding=\"async\" width=\"790\" height=\"844\" src=\"https:\/\/noticiaempauta.com\/portal\/wp-content\/uploads\/2024\/07\/IMG_3348.jpeg\" alt=\"\" class=\"wp-image-260076\" srcset=\"https:\/\/noticiaempauta.com\/portal\/wp-content\/uploads\/2024\/07\/IMG_3348.jpeg 790w, https:\/\/noticiaempauta.com\/portal\/wp-content\/uploads\/2024\/07\/IMG_3348-281x300.jpeg 281w, https:\/\/noticiaempauta.com\/portal\/wp-content\/uploads\/2024\/07\/IMG_3348-768x820.jpeg 768w\" sizes=\"(max-width: 790px) 100vw, 790px\" \/><\/figure>\n\n\n\n<p>Segundo informa\u00e7\u00f5es de populares, a v\u00edtima transitava de bicicleta pela rodovia estadual com destino a Picos quando foi colhido por um motociclista.<\/p>\n\n\n\n<figure class=\"wp-block-image size-full\"><img decoding=\"async\" width=\"780\" height=\"470\" src=\"https:\/\/noticiaempauta.com\/portal\/wp-content\/uploads\/2024\/07\/IMG_3349.jpeg\" alt=\"\" class=\"wp-image-260077\" srcset=\"https:\/\/noticiaempauta.com\/portal\/wp-content\/uploads\/2024\/07\/IMG_3349.jpeg 780w, https:\/\/noticiaempauta.com\/portal\/wp-content\/uploads\/2024\/07\/IMG_3349-300x181.jpeg 300w, https:\/\/noticiaempauta.com\/portal\/wp-content\/uploads\/2024\/07\/IMG_3349-768x463.jpeg 768w\" sizes=\"(max-width: 780px) 100vw, 780px\" \/><\/figure>\n\n\n\n<p>Raimundo n\u00e3o resistiu ao impacto e veio a \u00f3bito no local do acidente. J\u00e1 o motociclista sofreu ferimentos graves e foi socorrido ao hospital.<\/p>\n\n\n\n<p>A Pol\u00edcia Militar esteve no local e o corpo da v\u00edtima foi removido, horas depois do acidente, pela Pol\u00edcia Cient\u00edfica e encaminhado ao Instituto M\u00e9dico Legal (IML) de Picos.<\/p>\n\n\n\n<p>Raimundo Paulo residia no povoado Saco do Canto, zona rural de Picos. Ele deixa esposa e um filho.<\/p>\n\n\n\n<p>Fonte: Riachaonet<\/p>\n","protected":false},"excerpt":{"rendered":"<p>Um grave acidente foi registrado na manh\u00e3 desta sexta-feira (26), por volta de 5h20, na PI 236, que liga Picos ao povoado Tabatinga. Um idoso identificado por Raimundo Paulo Ferreira, de 60 anos, mais conhecido como Raimund\u00e3o, morreu ap\u00f3s ser colhido por uma motocicleta na altura do povoado Boqueir\u00e3o. Segundo informa\u00e7\u00f5es de populares, a v\u00edtima [&hellip;]<\/p>\n","protected":false},"author":2,"featured_media":260077,"comment_status":"open","ping_status":"open","sticky":false,"template":"","format":"standard","meta":{"_mi_skip_tracking":false,"footnotes":""},"categories":[25,1,137,16],"tags":[192],"class_list":["post-260075","post","type-post","status-publish","format-standard","has-post-thumbnail","hentry","category-destaques-site","category-geral","category-policia","category-todas","tag-destaqueprincipal"],"acf":[],"yoast_head":"<!-- This site is optimized with the Yoast SEO Premium plugin v19.2 (Yoast SEO v26.9) - https:\/\/yoast.com\/product\/yoast-seo-premium-wordpress\/ -->\n<title>Idoso morre ap\u00f3s ser colhido por motocicleta na zona rural de Picos - Portal Not\u00edcia em Pauta<\/title>\n<meta name=\"robots\" content=\"index, follow, max-snippet:-1, max-image-preview:large, max-video-preview:-1\" \/>\n<link rel=\"canonical\" href=\"https:\/\/noticiaempauta.com\/portal\/idoso-morre-apos-ser-colhido-por-motocicleta-na-zona-rural-de-picos\/\" \/>\n<meta property=\"og:locale\" content=\"pt_BR\" \/>\n<meta property=\"og:type\" content=\"article\" \/>\n<meta property=\"og:title\" content=\"Idoso morre ap\u00f3s ser colhido por motocicleta na zona rural de Picos\" \/>\n<meta property=\"og:description\" content=\"Um grave acidente foi registrado na manh\u00e3 desta sexta-feira (26), por volta de 5h20, na PI 236, que liga Picos ao povoado Tabatinga. Um idoso identificado por Raimundo Paulo Ferreira, de 60 anos, mais conhecido como Raimund\u00e3o, morreu ap\u00f3s ser colhido por uma motocicleta na altura do povoado Boqueir\u00e3o. Segundo informa\u00e7\u00f5es de populares, a v\u00edtima [&hellip;]\" \/>\n<meta property=\"og:url\" content=\"https:\/\/noticiaempauta.com\/portal\/idoso-morre-apos-ser-colhido-por-motocicleta-na-zona-rural-de-picos\/\" \/>\n<meta property=\"og:site_name\" content=\"Portal Not\u00edcia em Pauta\" \/>\n<meta property=\"article:publisher\" content=\"https:\/\/www.facebook.com\/Portal-Notcia-Em-Pauta-102292869264820\/\" \/>\n<meta property=\"article:published_time\" content=\"2024-07-26T18:39:04+00:00\" \/>\n<meta property=\"article:modified_time\" content=\"2024-07-26T18:39:05+00:00\" \/>\n<meta property=\"og:image\" content=\"https:\/\/noticiaempauta.com\/portal\/wp-content\/uploads\/2024\/07\/IMG_3349.jpeg\" \/>\n\t<meta property=\"og:image:width\" content=\"780\" \/>\n\t<meta property=\"og:image:height\" content=\"470\" \/>\n\t<meta property=\"og:image:type\" content=\"image\/jpeg\" \/>\n<meta name=\"author\" content=\"Reda\u00e7\u00e3o\" \/>\n<meta name=\"twitter:card\" content=\"summary_large_image\" \/>\n<meta name=\"twitter:label1\" content=\"Escrito por\" \/>\n\t<meta name=\"twitter:data1\" content=\"Reda\u00e7\u00e3o\" \/>\n\t<meta name=\"twitter:label2\" content=\"Est. tempo de leitura\" \/>\n\t<meta name=\"twitter:data2\" content=\"2 minutos\" \/>\n<script type=\"application\/ld+json\" class=\"yoast-schema-graph\">{\"@context\":\"https:\/\/schema.org\",\"@graph\":[{\"@type\":\"Article\",\"@id\":\"https:\/\/noticiaempauta.com\/portal\/idoso-morre-apos-ser-colhido-por-motocicleta-na-zona-rural-de-picos\/#article\",\"isPartOf\":{\"@id\":\"https:\/\/noticiaempauta.com\/portal\/idoso-morre-apos-ser-colhido-por-motocicleta-na-zona-rural-de-picos\/\"},\"author\":{\"name\":\"Reda\u00e7\u00e3o\",\"@id\":\"https:\/\/noticiaempauta.com\/portal\/#\/schema\/person\/a74af43dd1ab3deca45f988c717d57ac\"},\"headline\":\"Idoso morre ap\u00f3s ser colhido por motocicleta na zona rural de Picos\",\"datePublished\":\"2024-07-26T18:39:04+00:00\",\"dateModified\":\"2024-07-26T18:39:05+00:00\",\"mainEntityOfPage\":{\"@id\":\"https:\/\/noticiaempauta.com\/portal\/idoso-morre-apos-ser-colhido-por-motocicleta-na-zona-rural-de-picos\/\"},\"wordCount\":165,\"commentCount\":0,\"publisher\":{\"@id\":\"https:\/\/noticiaempauta.com\/portal\/#organization\"},\"image\":{\"@id\":\"https:\/\/noticiaempauta.com\/portal\/idoso-morre-apos-ser-colhido-por-motocicleta-na-zona-rural-de-picos\/#primaryimage\"},\"thumbnailUrl\":\"https:\/\/noticiaempauta.com\/portal\/wp-content\/uploads\/2024\/07\/IMG_3349.jpeg\",\"keywords\":[\"destaqueprincipal\"],\"articleSection\":[\"Destaques\",\"Geral\",\"Pol\u00edcia\",\"Todas as Not\u00edcias\"],\"inLanguage\":\"pt-BR\",\"potentialAction\":[{\"@type\":\"CommentAction\",\"name\":\"Comment\",\"target\":[\"https:\/\/noticiaempauta.com\/portal\/idoso-morre-apos-ser-colhido-por-motocicleta-na-zona-rural-de-picos\/#respond\"]}]},{\"@type\":\"WebPage\",\"@id\":\"https:\/\/noticiaempauta.com\/portal\/idoso-morre-apos-ser-colhido-por-motocicleta-na-zona-rural-de-picos\/\",\"url\":\"https:\/\/noticiaempauta.com\/portal\/idoso-morre-apos-ser-colhido-por-motocicleta-na-zona-rural-de-picos\/\",\"name\":\"Idoso morre ap\u00f3s ser colhido por motocicleta na zona rural de Picos - Portal Not\u00edcia em Pauta\",\"isPartOf\":{\"@id\":\"https:\/\/noticiaempauta.com\/portal\/#website\"},\"primaryImageOfPage\":{\"@id\":\"https:\/\/noticiaempauta.com\/portal\/idoso-morre-apos-ser-colhido-por-motocicleta-na-zona-rural-de-picos\/#primaryimage\"},\"image\":{\"@id\":\"https:\/\/noticiaempauta.com\/portal\/idoso-morre-apos-ser-colhido-por-motocicleta-na-zona-rural-de-picos\/#primaryimage\"},\"thumbnailUrl\":\"https:\/\/noticiaempauta.com\/portal\/wp-content\/uploads\/2024\/07\/IMG_3349.jpeg\",\"datePublished\":\"2024-07-26T18:39:04+00:00\",\"dateModified\":\"2024-07-26T18:39:05+00:00\",\"breadcrumb\":{\"@id\":\"https:\/\/noticiaempauta.com\/portal\/idoso-morre-apos-ser-colhido-por-motocicleta-na-zona-rural-de-picos\/#breadcrumb\"},\"inLanguage\":\"pt-BR\",\"potentialAction\":[{\"@type\":\"ReadAction\",\"target\":[\"https:\/\/noticiaempauta.com\/portal\/idoso-morre-apos-ser-colhido-por-motocicleta-na-zona-rural-de-picos\/\"]}]},{\"@type\":\"ImageObject\",\"inLanguage\":\"pt-BR\",\"@id\":\"https:\/\/noticiaempauta.com\/portal\/idoso-morre-apos-ser-colhido-por-motocicleta-na-zona-rural-de-picos\/#primaryimage\",\"url\":\"https:\/\/noticiaempauta.com\/portal\/wp-content\/uploads\/2024\/07\/IMG_3349.jpeg\",\"contentUrl\":\"https:\/\/noticiaempauta.com\/portal\/wp-content\/uploads\/2024\/07\/IMG_3349.jpeg\",\"width\":780,\"height\":470},{\"@type\":\"BreadcrumbList\",\"@id\":\"https:\/\/noticiaempauta.com\/portal\/idoso-morre-apos-ser-colhido-por-motocicleta-na-zona-rural-de-picos\/#breadcrumb\",\"itemListElement\":[{\"@type\":\"ListItem\",\"position\":1,\"name\":\"P\u00e1gina Inicial\",\"item\":\"https:\/\/noticiaempauta.com\/portal\/\"},{\"@type\":\"ListItem\",\"position\":2,\"name\":\"Destaques\",\"item\":\"https:\/\/noticiaempauta.com\/portal\/destaques-site\/\"},{\"@type\":\"ListItem\",\"position\":3,\"name\":\"Idoso morre ap\u00f3s ser colhido por motocicleta na zona rural de Picos\"}]},{\"@type\":\"WebSite\",\"@id\":\"https:\/\/noticiaempauta.com\/portal\/#website\",\"url\":\"https:\/\/noticiaempauta.com\/portal\/\",\"name\":\"Portal Not\u00edcia em Pauta\",\"description\":\"Voc\u00ea bem informado\",\"publisher\":{\"@id\":\"https:\/\/noticiaempauta.com\/portal\/#organization\"},\"potentialAction\":[{\"@type\":\"SearchAction\",\"target\":{\"@type\":\"EntryPoint\",\"urlTemplate\":\"https:\/\/noticiaempauta.com\/portal\/?s={search_term_string}\"},\"query-input\":{\"@type\":\"PropertyValueSpecification\",\"valueRequired\":true,\"valueName\":\"search_term_string\"}}],\"inLanguage\":\"pt-BR\"},{\"@type\":\"Organization\",\"@id\":\"https:\/\/noticiaempauta.com\/portal\/#organization\",\"name\":\"Portal Not\u00edcia em Pauta\",\"url\":\"https:\/\/noticiaempauta.com\/portal\/\",\"logo\":{\"@type\":\"ImageObject\",\"inLanguage\":\"pt-BR\",\"@id\":\"https:\/\/noticiaempauta.com\/portal\/#\/schema\/logo\/image\/\",\"url\":\"https:\/\/noticiaempauta.com\/portal\/wp-content\/uploads\/2022\/08\/logomarca_tema.fw_.png\",\"contentUrl\":\"https:\/\/noticiaempauta.com\/portal\/wp-content\/uploads\/2022\/08\/logomarca_tema.fw_.png\",\"width\":400,\"height\":232,\"caption\":\"Portal Not\u00edcia em Pauta\"},\"image\":{\"@id\":\"https:\/\/noticiaempauta.com\/portal\/#\/schema\/logo\/image\/\"},\"sameAs\":[\"https:\/\/www.facebook.com\/Portal-Notcia-Em-Pauta-102292869264820\/\",\"https:\/\/www.instagram.com\/portalnoticiaempauta\/\"]},{\"@type\":\"Person\",\"@id\":\"https:\/\/noticiaempauta.com\/portal\/#\/schema\/person\/a74af43dd1ab3deca45f988c717d57ac\",\"name\":\"Reda\u00e7\u00e3o\",\"image\":{\"@type\":\"ImageObject\",\"inLanguage\":\"pt-BR\",\"@id\":\"https:\/\/noticiaempauta.com\/portal\/#\/schema\/person\/image\/\",\"url\":\"https:\/\/secure.gravatar.com\/avatar\/03179346ecce6cdfc13361603e8f54242a90e5cde8618fa23c5c00aa2b0aadf3?s=96&d=mm&r=g\",\"contentUrl\":\"https:\/\/secure.gravatar.com\/avatar\/03179346ecce6cdfc13361603e8f54242a90e5cde8618fa23c5c00aa2b0aadf3?s=96&d=mm&r=g\",\"caption\":\"Reda\u00e7\u00e3o\"},\"sameAs\":[\"https:\/\/noticiaempauta.com\/portal\/\"],\"url\":\"https:\/\/noticiaempauta.com\/portal\/author\/fernando\/\"}]}<\/script>\n<!-- \/ Yoast SEO Premium plugin. -->","yoast_head_json":{"title":"Idoso morre ap\u00f3s ser colhido por motocicleta na zona rural de Picos - Portal Not\u00edcia em Pauta","robots":{"index":"index","follow":"follow","max-snippet":"max-snippet:-1","max-image-preview":"max-image-preview:large","max-video-preview":"max-video-preview:-1"},"canonical":"https:\/\/noticiaempauta.com\/portal\/idoso-morre-apos-ser-colhido-por-motocicleta-na-zona-rural-de-picos\/","og_locale":"pt_BR","og_type":"article","og_title":"Idoso morre ap\u00f3s ser colhido por motocicleta na zona rural de Picos","og_description":"Um grave acidente foi registrado na manh\u00e3 desta sexta-feira (26), por volta de 5h20, na PI 236, que liga Picos ao povoado Tabatinga. Um idoso identificado por Raimundo Paulo Ferreira, de 60 anos, mais conhecido como Raimund\u00e3o, morreu ap\u00f3s ser colhido por uma motocicleta na altura do povoado Boqueir\u00e3o. Segundo informa\u00e7\u00f5es de populares, a v\u00edtima [&hellip;]","og_url":"https:\/\/noticiaempauta.com\/portal\/idoso-morre-apos-ser-colhido-por-motocicleta-na-zona-rural-de-picos\/","og_site_name":"Portal Not\u00edcia em Pauta","article_publisher":"https:\/\/www.facebook.com\/Portal-Notcia-Em-Pauta-102292869264820\/","article_published_time":"2024-07-26T18:39:04+00:00","article_modified_time":"2024-07-26T18:39:05+00:00","og_image":[{"width":780,"height":470,"url":"https:\/\/noticiaempauta.com\/portal\/wp-content\/uploads\/2024\/07\/IMG_3349.jpeg","type":"image\/jpeg"}],"author":"Reda\u00e7\u00e3o","twitter_card":"summary_large_image","twitter_misc":{"Escrito por":"Reda\u00e7\u00e3o","Est. tempo de leitura":"2 minutos"},"schema":{"@context":"https:\/\/schema.org","@graph":[{"@type":"Article","@id":"https:\/\/noticiaempauta.com\/portal\/idoso-morre-apos-ser-colhido-por-motocicleta-na-zona-rural-de-picos\/#article","isPartOf":{"@id":"https:\/\/noticiaempauta.com\/portal\/idoso-morre-apos-ser-colhido-por-motocicleta-na-zona-rural-de-picos\/"},"author":{"name":"Reda\u00e7\u00e3o","@id":"https:\/\/noticiaempauta.com\/portal\/#\/schema\/person\/a74af43dd1ab3deca45f988c717d57ac"},"headline":"Idoso morre ap\u00f3s ser colhido por motocicleta na zona rural de Picos","datePublished":"2024-07-26T18:39:04+00:00","dateModified":"2024-07-26T18:39:05+00:00","mainEntityOfPage":{"@id":"https:\/\/noticiaempauta.com\/portal\/idoso-morre-apos-ser-colhido-por-motocicleta-na-zona-rural-de-picos\/"},"wordCount":165,"commentCount":0,"publisher":{"@id":"https:\/\/noticiaempauta.com\/portal\/#organization"},"image":{"@id":"https:\/\/noticiaempauta.com\/portal\/idoso-morre-apos-ser-colhido-por-motocicleta-na-zona-rural-de-picos\/#primaryimage"},"thumbnailUrl":"https:\/\/noticiaempauta.com\/portal\/wp-content\/uploads\/2024\/07\/IMG_3349.jpeg","keywords":["destaqueprincipal"],"articleSection":["Destaques","Geral","Pol\u00edcia","Todas as Not\u00edcias"],"inLanguage":"pt-BR","potentialAction":[{"@type":"CommentAction","name":"Comment","target":["https:\/\/noticiaempauta.com\/portal\/idoso-morre-apos-ser-colhido-por-motocicleta-na-zona-rural-de-picos\/#respond"]}]},{"@type":"WebPage","@id":"https:\/\/noticiaempauta.com\/portal\/idoso-morre-apos-ser-colhido-por-motocicleta-na-zona-rural-de-picos\/","url":"https:\/\/noticiaempauta.com\/portal\/idoso-morre-apos-ser-colhido-por-motocicleta-na-zona-rural-de-picos\/","name":"Idoso morre ap\u00f3s ser colhido por motocicleta na zona rural de Picos - Portal Not\u00edcia em Pauta","isPartOf":{"@id":"https:\/\/noticiaempauta.com\/portal\/#website"},"primaryImageOfPage":{"@id":"https:\/\/noticiaempauta.com\/portal\/idoso-morre-apos-ser-colhido-por-motocicleta-na-zona-rural-de-picos\/#primaryimage"},"image":{"@id":"https:\/\/noticiaempauta.com\/portal\/idoso-morre-apos-ser-colhido-por-motocicleta-na-zona-rural-de-picos\/#primaryimage"},"thumbnailUrl":"https:\/\/noticiaempauta.com\/portal\/wp-content\/uploads\/2024\/07\/IMG_3349.jpeg","datePublished":"2024-07-26T18:39:04+00:00","dateModified":"2024-07-26T18:39:05+00:00","breadcrumb":{"@id":"https:\/\/noticiaempauta.com\/portal\/idoso-morre-apos-ser-colhido-por-motocicleta-na-zona-rural-de-picos\/#breadcrumb"},"inLanguage":"pt-BR","potentialAction":[{"@type":"ReadAction","target":["https:\/\/noticiaempauta.com\/portal\/idoso-morre-apos-ser-colhido-por-motocicleta-na-zona-rural-de-picos\/"]}]},{"@type":"ImageObject","inLanguage":"pt-BR","@id":"https:\/\/noticiaempauta.com\/portal\/idoso-morre-apos-ser-colhido-por-motocicleta-na-zona-rural-de-picos\/#primaryimage","url":"https:\/\/noticiaempauta.com\/portal\/wp-content\/uploads\/2024\/07\/IMG_3349.jpeg","contentUrl":"https:\/\/noticiaempauta.com\/portal\/wp-content\/uploads\/2024\/07\/IMG_3349.jpeg","width":780,"height":470},{"@type":"BreadcrumbList","@id":"https:\/\/noticiaempauta.com\/portal\/idoso-morre-apos-ser-colhido-por-motocicleta-na-zona-rural-de-picos\/#breadcrumb","itemListElement":[{"@type":"ListItem","position":1,"name":"P\u00e1gina Inicial","item":"https:\/\/noticiaempauta.com\/portal\/"},{"@type":"ListItem","position":2,"name":"Destaques","item":"https:\/\/noticiaempauta.com\/portal\/destaques-site\/"},{"@type":"ListItem","position":3,"name":"Idoso morre ap\u00f3s ser colhido por motocicleta na zona rural de Picos"}]},{"@type":"WebSite","@id":"https:\/\/noticiaempauta.com\/portal\/#website","url":"https:\/\/noticiaempauta.com\/portal\/","name":"Portal Not\u00edcia em Pauta","description":"Voc\u00ea bem informado","publisher":{"@id":"https:\/\/noticiaempauta.com\/portal\/#organization"},"potentialAction":[{"@type":"SearchAction","target":{"@type":"EntryPoint","urlTemplate":"https:\/\/noticiaempauta.com\/portal\/?s={search_term_string}"},"query-input":{"@type":"PropertyValueSpecification","valueRequired":true,"valueName":"search_term_string"}}],"inLanguage":"pt-BR"},{"@type":"Organization","@id":"https:\/\/noticiaempauta.com\/portal\/#organization","name":"Portal Not\u00edcia em Pauta","url":"https:\/\/noticiaempauta.com\/portal\/","logo":{"@type":"ImageObject","inLanguage":"pt-BR","@id":"https:\/\/noticiaempauta.com\/portal\/#\/schema\/logo\/image\/","url":"https:\/\/noticiaempauta.com\/portal\/wp-content\/uploads\/2022\/08\/logomarca_tema.fw_.png","contentUrl":"https:\/\/noticiaempauta.com\/portal\/wp-content\/uploads\/2022\/08\/logomarca_tema.fw_.png","width":400,"height":232,"caption":"Portal Not\u00edcia em Pauta"},"image":{"@id":"https:\/\/noticiaempauta.com\/portal\/#\/schema\/logo\/image\/"},"sameAs":["https:\/\/www.facebook.com\/Portal-Notcia-Em-Pauta-102292869264820\/","https:\/\/www.instagram.com\/portalnoticiaempauta\/"]},{"@type":"Person","@id":"https:\/\/noticiaempauta.com\/portal\/#\/schema\/person\/a74af43dd1ab3deca45f988c717d57ac","name":"Reda\u00e7\u00e3o","image":{"@type":"ImageObject","inLanguage":"pt-BR","@id":"https:\/\/noticiaempauta.com\/portal\/#\/schema\/person\/image\/","url":"https:\/\/secure.gravatar.com\/avatar\/03179346ecce6cdfc13361603e8f54242a90e5cde8618fa23c5c00aa2b0aadf3?s=96&d=mm&r=g","contentUrl":"https:\/\/secure.gravatar.com\/avatar\/03179346ecce6cdfc13361603e8f54242a90e5cde8618fa23c5c00aa2b0aadf3?s=96&d=mm&r=g","caption":"Reda\u00e7\u00e3o"},"sameAs":["https:\/\/noticiaempauta.com\/portal\/"],"url":"https:\/\/noticiaempauta.com\/portal\/author\/fernando\/"}]}},"_links":{"self":[{"href":"https:\/\/noticiaempauta.com\/portal\/wp-json\/wp\/v2\/posts\/260075","targetHints":{"allow":["GET"]}}],"collection":[{"href":"https:\/\/noticiaempauta.com\/portal\/wp-json\/wp\/v2\/posts"}],"about":[{"href":"https:\/\/noticiaempauta.com\/portal\/wp-json\/wp\/v2\/types\/post"}],"author":[{"embeddable":true,"href":"https:\/\/noticiaempauta.com\/portal\/wp-json\/wp\/v2\/users\/2"}],"replies":[{"embeddable":true,"href":"https:\/\/noticiaempauta.com\/portal\/wp-json\/wp\/v2\/comments?post=260075"}],"version-history":[{"count":2,"href":"https:\/\/noticiaempauta.com\/portal\/wp-json\/wp\/v2\/posts\/260075\/revisions"}],"predecessor-version":[{"id":260079,"href":"https:\/\/noticiaempauta.com\/portal\/wp-json\/wp\/v2\/posts\/260075\/revisions\/260079"}],"wp:featuredmedia":[{"embeddable":true,"href":"https:\/\/noticiaempauta.com\/portal\/wp-json\/wp\/v2\/media\/260077"}],"wp:attachment":[{"href":"https:\/\/noticiaempauta.com\/portal\/wp-json\/wp\/v2\/media?parent=260075"}],"wp:term":[{"taxonomy":"category","embeddable":true,"href":"https:\/\/noticiaempauta.com\/portal\/wp-json\/wp\/v2\/categories?post=260075"},{"taxonomy":"post_tag","embeddable":true,"href":"https:\/\/noticiaempauta.com\/portal\/wp-json\/wp\/v2\/tags?post=260075"}],"curies":[{"name":"wp","href":"https:\/\/api.w.org\/{rel}","templated":true}]}}