{"id":260130,"date":"2024-07-28T09:07:28","date_gmt":"2024-07-28T12:07:28","guid":{"rendered":"https:\/\/noticiaempauta.com\/portal\/?p=260130"},"modified":"2024-07-28T09:22:06","modified_gmt":"2024-07-28T12:22:06","slug":"convencao-do-mdb-oficializa-nomes-de-maninho-de-henrique-e-ze-carlos-para-a-prefeitura-de-itainopolis","status":"publish","type":"post","link":"https:\/\/noticiaempauta.com\/portal\/convencao-do-mdb-oficializa-nomes-de-maninho-de-henrique-e-ze-carlos-para-a-prefeitura-de-itainopolis\/","title":{"rendered":"Conven\u00e7\u00e3o do MDB oficializa nomes de Maninho de Henrique e Z\u00e9 Carlos para a prefeitura de Itain\u00f3polis"},"content":{"rendered":"\n<p>A conven\u00e7\u00e3o partid\u00e1ria municipal do Movimento Democr\u00e1tico Brasileiro (MDB) em Itain\u00f3polis-PI oficializou na tarde\/noite deste s\u00e1bado, 27 de julho, o nome do empres\u00e1rio e atual vereador Maninho de Henrique como pr\u00e9-candidato a prefeito e o do empres\u00e1rio e ex-vereador Z\u00e9 Carlos como pr\u00e9-candidato a vice, al\u00e9m de 10 nomes que disputar\u00e3o vagas para c\u00e2mara municipal.<\/p>\n\n\n\n<figure class=\"wp-block-image size-large\"><img fetchpriority=\"high\" decoding=\"async\" width=\"1024\" height=\"683\" src=\"https:\/\/noticiaempauta.com\/portal\/wp-content\/uploads\/2024\/07\/IMG_4391-1024x683.jpg\" alt=\"\" class=\"wp-image-260132\" srcset=\"https:\/\/noticiaempauta.com\/portal\/wp-content\/uploads\/2024\/07\/IMG_4391-1024x683.jpg 1024w, https:\/\/noticiaempauta.com\/portal\/wp-content\/uploads\/2024\/07\/IMG_4391-300x200.jpg 300w, https:\/\/noticiaempauta.com\/portal\/wp-content\/uploads\/2024\/07\/IMG_4391-768x512.jpg 768w, https:\/\/noticiaempauta.com\/portal\/wp-content\/uploads\/2024\/07\/IMG_4391.jpg 1200w\" sizes=\"(max-width: 1024px) 100vw, 1024px\" \/><\/figure>\n\n\n\n<blockquote class=\"wp-block-quote is-layout-flow wp-block-quote-is-layout-flow\"><\/blockquote>\n\n\n\n<p>O evento teve in\u00edcio as 16h no Gin\u00e1sio Poliesportivo Guilherme Melo e contou com a presen\u00e7a de diversas lideran\u00e7as pol\u00edticas, dentre elas os ex-prefeitos; Z\u00e9 Maia, Dr. Raimundo Maia, contou tamb\u00e9m a presen\u00e7a do Superintendente do Desenvolvimento do Estado e ex-deputado, Mainha,  o deputado estadual Aldo Gil, al\u00e9m de correligion\u00e1rios pol\u00edticos de cidades circunvizinhas, e popula\u00e7\u00e3o em geral.<\/p>\n\n\n\n<figure class=\"wp-block-image size-large\"><img decoding=\"async\" width=\"1024\" height=\"683\" src=\"https:\/\/noticiaempauta.com\/portal\/wp-content\/uploads\/2024\/07\/IMG_4451-1024x683.jpg\" alt=\"\" class=\"wp-image-260133\" srcset=\"https:\/\/noticiaempauta.com\/portal\/wp-content\/uploads\/2024\/07\/IMG_4451-1024x683.jpg 1024w, https:\/\/noticiaempauta.com\/portal\/wp-content\/uploads\/2024\/07\/IMG_4451-300x200.jpg 300w, https:\/\/noticiaempauta.com\/portal\/wp-content\/uploads\/2024\/07\/IMG_4451-768x512.jpg 768w, https:\/\/noticiaempauta.com\/portal\/wp-content\/uploads\/2024\/07\/IMG_4451.jpg 1200w\" sizes=\"(max-width: 1024px) 100vw, 1024px\" \/><\/figure>\n\n\n\n<figure class=\"wp-block-image size-large\"><img decoding=\"async\" width=\"1024\" height=\"683\" src=\"https:\/\/noticiaempauta.com\/portal\/wp-content\/uploads\/2024\/07\/IMG_4390-1024x683.jpg\" alt=\"\" class=\"wp-image-260134\" srcset=\"https:\/\/noticiaempauta.com\/portal\/wp-content\/uploads\/2024\/07\/IMG_4390-1024x683.jpg 1024w, https:\/\/noticiaempauta.com\/portal\/wp-content\/uploads\/2024\/07\/IMG_4390-300x200.jpg 300w, https:\/\/noticiaempauta.com\/portal\/wp-content\/uploads\/2024\/07\/IMG_4390-768x512.jpg 768w, https:\/\/noticiaempauta.com\/portal\/wp-content\/uploads\/2024\/07\/IMG_4390.jpg 1200w\" sizes=\"(max-width: 1024px) 100vw, 1024px\" \/><\/figure>\n\n\n\n<p>O pr\u00e9-candidato Maninho de Henrique em seu pronunciamento destacou sua trajet\u00f3ria, a atual realidade do munic\u00edpio e expressou alegria e gratid\u00e3o a todo p\u00fablico presente no evento.<\/p>\n\n\n\n<figure class=\"wp-block-image size-large\"><img loading=\"lazy\" decoding=\"async\" width=\"1024\" height=\"683\" src=\"https:\/\/noticiaempauta.com\/portal\/wp-content\/uploads\/2024\/07\/IMG_4482-1024x683.jpg\" alt=\"\" class=\"wp-image-260136\" srcset=\"https:\/\/noticiaempauta.com\/portal\/wp-content\/uploads\/2024\/07\/IMG_4482-1024x683.jpg 1024w, https:\/\/noticiaempauta.com\/portal\/wp-content\/uploads\/2024\/07\/IMG_4482-300x200.jpg 300w, https:\/\/noticiaempauta.com\/portal\/wp-content\/uploads\/2024\/07\/IMG_4482-768x512.jpg 768w, https:\/\/noticiaempauta.com\/portal\/wp-content\/uploads\/2024\/07\/IMG_4482.jpg 1200w\" sizes=\"(max-width: 1024px) 100vw, 1024px\" \/><\/figure>\n\n\n\n<p>&#8220;Agrade\u00e7o a Deus, e a todo esse time, a cada um que tem abra\u00e7ado esse projeto de mudan\u00e7a em Itain\u00f3polis, nosso povo merece mais respeito, compromisso por parte da administra\u00e7\u00e3o municipal, e esse \u00e9 nosso objetivo, uma gest\u00e3o que chegue para todos e fa\u00e7a acontecer, estamos prontos para a miss\u00e3o &#8221; destacou.<\/p>\n\n\n\n<figure class=\"wp-block-image size-large\"><img loading=\"lazy\" decoding=\"async\" width=\"1024\" height=\"683\" src=\"https:\/\/noticiaempauta.com\/portal\/wp-content\/uploads\/2024\/07\/IMG_4473-1024x683.jpg\" alt=\"\" class=\"wp-image-260144\" srcset=\"https:\/\/noticiaempauta.com\/portal\/wp-content\/uploads\/2024\/07\/IMG_4473-1024x683.jpg 1024w, https:\/\/noticiaempauta.com\/portal\/wp-content\/uploads\/2024\/07\/IMG_4473-300x200.jpg 300w, https:\/\/noticiaempauta.com\/portal\/wp-content\/uploads\/2024\/07\/IMG_4473-768x512.jpg 768w, https:\/\/noticiaempauta.com\/portal\/wp-content\/uploads\/2024\/07\/IMG_4473.jpg 1200w\" sizes=\"(max-width: 1024px) 100vw, 1024px\" \/><\/figure>\n\n\n\n<p>Pr\u00e9-candidato a vice-prefeito, Z\u00e9 Carlos, em seu discurso agradeceu aos apoios recebidos at\u00e9 o momento, destacou o desejo de mudan\u00e7a que a popula\u00e7\u00e3o tanto tem clamado em v\u00e1rias regi\u00f5es do munic\u00edpio, e frisou que ao lado de todo esse time o munic\u00edpio s\u00f3 tem a crescer e fazer uma administra\u00e7\u00e3o sem distin\u00e7\u00e3o e mais pr\u00f3xima do povo, ressaltou.<\/p>\n\n\n\n<figure class=\"wp-block-image size-large\"><img loading=\"lazy\" decoding=\"async\" width=\"1024\" height=\"683\" src=\"https:\/\/noticiaempauta.com\/portal\/wp-content\/uploads\/2024\/07\/IMG_4455-1024x683.jpg\" alt=\"\" class=\"wp-image-260140\" srcset=\"https:\/\/noticiaempauta.com\/portal\/wp-content\/uploads\/2024\/07\/IMG_4455-1024x683.jpg 1024w, https:\/\/noticiaempauta.com\/portal\/wp-content\/uploads\/2024\/07\/IMG_4455-300x200.jpg 300w, https:\/\/noticiaempauta.com\/portal\/wp-content\/uploads\/2024\/07\/IMG_4455-768x512.jpg 768w, https:\/\/noticiaempauta.com\/portal\/wp-content\/uploads\/2024\/07\/IMG_4455.jpg 1200w\" sizes=\"(max-width: 1024px) 100vw, 1024px\" \/><\/figure>\n\n\n\n<p>Ex-prefeito do munic\u00edpio por dois mandatos e ex-deputado federal, Mainha, destacou importantes momentos da hist\u00f3ria pol\u00edtica do munic\u00edpio, ressaltou cr\u00edticas em rela\u00e7\u00e3o a atual administra\u00e7\u00e3o municipal e refor\u00e7ou apoio ao chapa de Maninho de Henrique e Z\u00e9 Carlos.<\/p>\n\n\n\n<figure class=\"wp-block-image size-large\"><img loading=\"lazy\" decoding=\"async\" width=\"1024\" height=\"683\" src=\"https:\/\/noticiaempauta.com\/portal\/wp-content\/uploads\/2024\/07\/IMG_4463-1024x683.jpg\" alt=\"\" class=\"wp-image-260141\" srcset=\"https:\/\/noticiaempauta.com\/portal\/wp-content\/uploads\/2024\/07\/IMG_4463-1024x683.jpg 1024w, https:\/\/noticiaempauta.com\/portal\/wp-content\/uploads\/2024\/07\/IMG_4463-300x200.jpg 300w, https:\/\/noticiaempauta.com\/portal\/wp-content\/uploads\/2024\/07\/IMG_4463-768x512.jpg 768w, https:\/\/noticiaempauta.com\/portal\/wp-content\/uploads\/2024\/07\/IMG_4463.jpg 1200w\" sizes=\"(max-width: 1024px) 100vw, 1024px\" \/><\/figure>\n\n\n\n<p>Presente no evento o deputado estadual Aldo Gil refor\u00e7ou apoio as candidaturas de Maninho e Z\u00e9 Carlos, agradeceu a popula\u00e7\u00e3o a vota\u00e7\u00e3o obtida em 2022, e se colocou a disposi\u00e7\u00e3o para estar junto ao time na campanha abra\u00e7ando o projeto de mudan\u00e7a no munic\u00edpio.<\/p>\n\n\n\n<figure class=\"wp-block-image size-large\"><img loading=\"lazy\" decoding=\"async\" width=\"1024\" height=\"768\" src=\"https:\/\/noticiaempauta.com\/portal\/wp-content\/uploads\/2024\/07\/WhatsApp-Image-2024-07-28-at-08.43.48-1-1024x768.jpeg\" alt=\"\" class=\"wp-image-260143\" srcset=\"https:\/\/noticiaempauta.com\/portal\/wp-content\/uploads\/2024\/07\/WhatsApp-Image-2024-07-28-at-08.43.48-1-1024x768.jpeg 1024w, https:\/\/noticiaempauta.com\/portal\/wp-content\/uploads\/2024\/07\/WhatsApp-Image-2024-07-28-at-08.43.48-1-300x225.jpeg 300w, https:\/\/noticiaempauta.com\/portal\/wp-content\/uploads\/2024\/07\/WhatsApp-Image-2024-07-28-at-08.43.48-1-768x576.jpeg 768w, https:\/\/noticiaempauta.com\/portal\/wp-content\/uploads\/2024\/07\/WhatsApp-Image-2024-07-28-at-08.43.48-1.jpeg 1280w\" sizes=\"(max-width: 1024px) 100vw, 1024px\" \/><\/figure>\n\n\n\n<p>Para o cargo de vereador do munic\u00edpio foram homologadosos nomes de; Nicael Lima, Pablo Mateus, Joquinha, Valderson Dantas, Nego M\u00e1rcio, Gard\u00eania, Francisco Tomaz, F\u00e1bio Dias, Ana Maria e Bilica.<\/p>\n\n\n\n<p><strong>Veja mais imagens da conven\u00e7\u00e3o no link abaixo.<\/strong><\/p>\n\n\n\n<figure class=\"wp-block-embed is-type-wp-embed is-provider-portal-not-cia-em-pauta wp-block-embed-portal-not-cia-em-pauta\"><div class=\"wp-block-embed__wrapper\">\n<blockquote class=\"wp-embedded-content\" data-secret=\"M1O0oTxR92\"><a href=\"https:\/\/noticiaempauta.com\/portal\/album-de-fotos-convencao-mdb-de-itainopolis\/\">\u00c1lbum de fotos &#8211; Conven\u00e7\u00e3o MDB de Itain\u00f3polis<\/a><\/blockquote><iframe class=\"wp-embedded-content\" sandbox=\"allow-scripts\" security=\"restricted\" style=\"position: absolute; visibility: hidden;\" title=\"&#8220;\u00c1lbum de fotos &#8211; Conven\u00e7\u00e3o MDB de Itain\u00f3polis&#8221; &#8212; Portal Not\u00edcia em Pauta\" src=\"https:\/\/noticiaempauta.com\/portal\/album-de-fotos-convencao-mdb-de-itainopolis\/embed\/#?secret=rmlT0npx8Z#?secret=M1O0oTxR92\" data-secret=\"M1O0oTxR92\" width=\"600\" height=\"338\" frameborder=\"0\" marginwidth=\"0\" marginheight=\"0\" scrolling=\"no\"><\/iframe>\n<\/div><\/figure>\n","protected":false},"excerpt":{"rendered":"<p>Com grande p\u00fablico presente a conven\u00e7\u00e3o tamb\u00e9m homologou candidaturas de 10 nomes para disputarem vagas para a c\u00e2mara municipal.<\/p>\n","protected":false},"author":2,"featured_media":260131,"comment_status":"open","ping_status":"open","sticky":false,"template":"","format":"standard","meta":{"_mi_skip_tracking":false,"footnotes":""},"categories":[25,1,9,3,16],"tags":[192],"class_list":["post-260130","post","type-post","status-publish","format-standard","has-post-thumbnail","hentry","category-destaques-site","category-geral","category-municipios","category-politica","category-todas","tag-destaqueprincipal"],"acf":[],"yoast_head":"<!-- This site is optimized with the Yoast SEO Premium plugin v19.2 (Yoast SEO v26.9) - https:\/\/yoast.com\/product\/yoast-seo-premium-wordpress\/ -->\n<title>Conven\u00e7\u00e3o do MDB oficializa nomes de Maninho de Henrique e Z\u00e9 Carlos para a prefeitura de Itain\u00f3polis - Portal Not\u00edcia em Pauta<\/title>\n<meta name=\"robots\" content=\"index, follow, max-snippet:-1, max-image-preview:large, max-video-preview:-1\" \/>\n<link rel=\"canonical\" href=\"https:\/\/noticiaempauta.com\/portal\/convencao-do-mdb-oficializa-nomes-de-maninho-de-henrique-e-ze-carlos-para-a-prefeitura-de-itainopolis\/\" \/>\n<meta property=\"og:locale\" content=\"pt_BR\" \/>\n<meta property=\"og:type\" content=\"article\" \/>\n<meta property=\"og:title\" content=\"Conven\u00e7\u00e3o do MDB oficializa nomes de Maninho de Henrique e Z\u00e9 Carlos para a prefeitura de Itain\u00f3polis\" \/>\n<meta property=\"og:description\" content=\"Com grande p\u00fablico presente a conven\u00e7\u00e3o tamb\u00e9m homologou candidaturas de 10 nomes para disputarem vagas para a c\u00e2mara municipal.\" \/>\n<meta property=\"og:url\" content=\"https:\/\/noticiaempauta.com\/portal\/convencao-do-mdb-oficializa-nomes-de-maninho-de-henrique-e-ze-carlos-para-a-prefeitura-de-itainopolis\/\" \/>\n<meta property=\"og:site_name\" content=\"Portal Not\u00edcia em Pauta\" \/>\n<meta property=\"article:publisher\" content=\"https:\/\/www.facebook.com\/Portal-Notcia-Em-Pauta-102292869264820\/\" \/>\n<meta property=\"article:published_time\" content=\"2024-07-28T12:07:28+00:00\" \/>\n<meta property=\"article:modified_time\" content=\"2024-07-28T12:22:06+00:00\" \/>\n<meta property=\"og:image\" content=\"https:\/\/noticiaempauta.com\/portal\/wp-content\/uploads\/2024\/07\/IMG_4377.jpg\" \/>\n\t<meta property=\"og:image:width\" content=\"1200\" \/>\n\t<meta property=\"og:image:height\" content=\"800\" \/>\n\t<meta property=\"og:image:type\" content=\"image\/jpeg\" \/>\n<meta name=\"author\" content=\"Reda\u00e7\u00e3o\" \/>\n<meta name=\"twitter:card\" content=\"summary_large_image\" \/>\n<meta name=\"twitter:label1\" content=\"Escrito por\" \/>\n\t<meta name=\"twitter:data1\" content=\"Reda\u00e7\u00e3o\" \/>\n\t<meta name=\"twitter:label2\" content=\"Est. tempo de leitura\" \/>\n\t<meta name=\"twitter:data2\" content=\"4 minutos\" \/>\n<script type=\"application\/ld+json\" class=\"yoast-schema-graph\">{\"@context\":\"https:\/\/schema.org\",\"@graph\":[{\"@type\":\"Article\",\"@id\":\"https:\/\/noticiaempauta.com\/portal\/convencao-do-mdb-oficializa-nomes-de-maninho-de-henrique-e-ze-carlos-para-a-prefeitura-de-itainopolis\/#article\",\"isPartOf\":{\"@id\":\"https:\/\/noticiaempauta.com\/portal\/convencao-do-mdb-oficializa-nomes-de-maninho-de-henrique-e-ze-carlos-para-a-prefeitura-de-itainopolis\/\"},\"author\":{\"name\":\"Reda\u00e7\u00e3o\",\"@id\":\"https:\/\/noticiaempauta.com\/portal\/#\/schema\/person\/a74af43dd1ab3deca45f988c717d57ac\"},\"headline\":\"Conven\u00e7\u00e3o do MDB oficializa nomes de Maninho de Henrique e Z\u00e9 Carlos para a prefeitura de Itain\u00f3polis\",\"datePublished\":\"2024-07-28T12:07:28+00:00\",\"dateModified\":\"2024-07-28T12:22:06+00:00\",\"mainEntityOfPage\":{\"@id\":\"https:\/\/noticiaempauta.com\/portal\/convencao-do-mdb-oficializa-nomes-de-maninho-de-henrique-e-ze-carlos-para-a-prefeitura-de-itainopolis\/\"},\"wordCount\":455,\"commentCount\":0,\"publisher\":{\"@id\":\"https:\/\/noticiaempauta.com\/portal\/#organization\"},\"image\":{\"@id\":\"https:\/\/noticiaempauta.com\/portal\/convencao-do-mdb-oficializa-nomes-de-maninho-de-henrique-e-ze-carlos-para-a-prefeitura-de-itainopolis\/#primaryimage\"},\"thumbnailUrl\":\"https:\/\/noticiaempauta.com\/portal\/wp-content\/uploads\/2024\/07\/IMG_4377.jpg\",\"keywords\":[\"destaqueprincipal\"],\"articleSection\":[\"Destaques\",\"Geral\",\"Munic\u00edpios\",\"Pol\u00edtica\",\"Todas as Not\u00edcias\"],\"inLanguage\":\"pt-BR\",\"potentialAction\":[{\"@type\":\"CommentAction\",\"name\":\"Comment\",\"target\":[\"https:\/\/noticiaempauta.com\/portal\/convencao-do-mdb-oficializa-nomes-de-maninho-de-henrique-e-ze-carlos-para-a-prefeitura-de-itainopolis\/#respond\"]}]},{\"@type\":\"WebPage\",\"@id\":\"https:\/\/noticiaempauta.com\/portal\/convencao-do-mdb-oficializa-nomes-de-maninho-de-henrique-e-ze-carlos-para-a-prefeitura-de-itainopolis\/\",\"url\":\"https:\/\/noticiaempauta.com\/portal\/convencao-do-mdb-oficializa-nomes-de-maninho-de-henrique-e-ze-carlos-para-a-prefeitura-de-itainopolis\/\",\"name\":\"Conven\u00e7\u00e3o do MDB oficializa nomes de Maninho de Henrique e Z\u00e9 Carlos para a prefeitura de Itain\u00f3polis - Portal Not\u00edcia em Pauta\",\"isPartOf\":{\"@id\":\"https:\/\/noticiaempauta.com\/portal\/#website\"},\"primaryImageOfPage\":{\"@id\":\"https:\/\/noticiaempauta.com\/portal\/convencao-do-mdb-oficializa-nomes-de-maninho-de-henrique-e-ze-carlos-para-a-prefeitura-de-itainopolis\/#primaryimage\"},\"image\":{\"@id\":\"https:\/\/noticiaempauta.com\/portal\/convencao-do-mdb-oficializa-nomes-de-maninho-de-henrique-e-ze-carlos-para-a-prefeitura-de-itainopolis\/#primaryimage\"},\"thumbnailUrl\":\"https:\/\/noticiaempauta.com\/portal\/wp-content\/uploads\/2024\/07\/IMG_4377.jpg\",\"datePublished\":\"2024-07-28T12:07:28+00:00\",\"dateModified\":\"2024-07-28T12:22:06+00:00\",\"breadcrumb\":{\"@id\":\"https:\/\/noticiaempauta.com\/portal\/convencao-do-mdb-oficializa-nomes-de-maninho-de-henrique-e-ze-carlos-para-a-prefeitura-de-itainopolis\/#breadcrumb\"},\"inLanguage\":\"pt-BR\",\"potentialAction\":[{\"@type\":\"ReadAction\",\"target\":[\"https:\/\/noticiaempauta.com\/portal\/convencao-do-mdb-oficializa-nomes-de-maninho-de-henrique-e-ze-carlos-para-a-prefeitura-de-itainopolis\/\"]}]},{\"@type\":\"ImageObject\",\"inLanguage\":\"pt-BR\",\"@id\":\"https:\/\/noticiaempauta.com\/portal\/convencao-do-mdb-oficializa-nomes-de-maninho-de-henrique-e-ze-carlos-para-a-prefeitura-de-itainopolis\/#primaryimage\",\"url\":\"https:\/\/noticiaempauta.com\/portal\/wp-content\/uploads\/2024\/07\/IMG_4377.jpg\",\"contentUrl\":\"https:\/\/noticiaempauta.com\/portal\/wp-content\/uploads\/2024\/07\/IMG_4377.jpg\",\"width\":1200,\"height\":800},{\"@type\":\"BreadcrumbList\",\"@id\":\"https:\/\/noticiaempauta.com\/portal\/convencao-do-mdb-oficializa-nomes-de-maninho-de-henrique-e-ze-carlos-para-a-prefeitura-de-itainopolis\/#breadcrumb\",\"itemListElement\":[{\"@type\":\"ListItem\",\"position\":1,\"name\":\"P\u00e1gina Inicial\",\"item\":\"https:\/\/noticiaempauta.com\/portal\/\"},{\"@type\":\"ListItem\",\"position\":2,\"name\":\"Destaques\",\"item\":\"https:\/\/noticiaempauta.com\/portal\/destaques-site\/\"},{\"@type\":\"ListItem\",\"position\":3,\"name\":\"Conven\u00e7\u00e3o do MDB oficializa nomes de Maninho de Henrique e Z\u00e9 Carlos para a prefeitura de Itain\u00f3polis\"}]},{\"@type\":\"WebSite\",\"@id\":\"https:\/\/noticiaempauta.com\/portal\/#website\",\"url\":\"https:\/\/noticiaempauta.com\/portal\/\",\"name\":\"Portal Not\u00edcia em Pauta\",\"description\":\"Voc\u00ea bem informado\",\"publisher\":{\"@id\":\"https:\/\/noticiaempauta.com\/portal\/#organization\"},\"potentialAction\":[{\"@type\":\"SearchAction\",\"target\":{\"@type\":\"EntryPoint\",\"urlTemplate\":\"https:\/\/noticiaempauta.com\/portal\/?s={search_term_string}\"},\"query-input\":{\"@type\":\"PropertyValueSpecification\",\"valueRequired\":true,\"valueName\":\"search_term_string\"}}],\"inLanguage\":\"pt-BR\"},{\"@type\":\"Organization\",\"@id\":\"https:\/\/noticiaempauta.com\/portal\/#organization\",\"name\":\"Portal Not\u00edcia em Pauta\",\"url\":\"https:\/\/noticiaempauta.com\/portal\/\",\"logo\":{\"@type\":\"ImageObject\",\"inLanguage\":\"pt-BR\",\"@id\":\"https:\/\/noticiaempauta.com\/portal\/#\/schema\/logo\/image\/\",\"url\":\"https:\/\/noticiaempauta.com\/portal\/wp-content\/uploads\/2022\/08\/logomarca_tema.fw_.png\",\"contentUrl\":\"https:\/\/noticiaempauta.com\/portal\/wp-content\/uploads\/2022\/08\/logomarca_tema.fw_.png\",\"width\":400,\"height\":232,\"caption\":\"Portal Not\u00edcia em Pauta\"},\"image\":{\"@id\":\"https:\/\/noticiaempauta.com\/portal\/#\/schema\/logo\/image\/\"},\"sameAs\":[\"https:\/\/www.facebook.com\/Portal-Notcia-Em-Pauta-102292869264820\/\",\"https:\/\/www.instagram.com\/portalnoticiaempauta\/\"]},{\"@type\":\"Person\",\"@id\":\"https:\/\/noticiaempauta.com\/portal\/#\/schema\/person\/a74af43dd1ab3deca45f988c717d57ac\",\"name\":\"Reda\u00e7\u00e3o\",\"image\":{\"@type\":\"ImageObject\",\"inLanguage\":\"pt-BR\",\"@id\":\"https:\/\/noticiaempauta.com\/portal\/#\/schema\/person\/image\/\",\"url\":\"https:\/\/secure.gravatar.com\/avatar\/03179346ecce6cdfc13361603e8f54242a90e5cde8618fa23c5c00aa2b0aadf3?s=96&d=mm&r=g\",\"contentUrl\":\"https:\/\/secure.gravatar.com\/avatar\/03179346ecce6cdfc13361603e8f54242a90e5cde8618fa23c5c00aa2b0aadf3?s=96&d=mm&r=g\",\"caption\":\"Reda\u00e7\u00e3o\"},\"sameAs\":[\"https:\/\/noticiaempauta.com\/portal\/\"],\"url\":\"https:\/\/noticiaempauta.com\/portal\/author\/fernando\/\"}]}<\/script>\n<!-- \/ Yoast SEO Premium plugin. -->","yoast_head_json":{"title":"Conven\u00e7\u00e3o do MDB oficializa nomes de Maninho de Henrique e Z\u00e9 Carlos para a prefeitura de Itain\u00f3polis - Portal Not\u00edcia em Pauta","robots":{"index":"index","follow":"follow","max-snippet":"max-snippet:-1","max-image-preview":"max-image-preview:large","max-video-preview":"max-video-preview:-1"},"canonical":"https:\/\/noticiaempauta.com\/portal\/convencao-do-mdb-oficializa-nomes-de-maninho-de-henrique-e-ze-carlos-para-a-prefeitura-de-itainopolis\/","og_locale":"pt_BR","og_type":"article","og_title":"Conven\u00e7\u00e3o do MDB oficializa nomes de Maninho de Henrique e Z\u00e9 Carlos para a prefeitura de Itain\u00f3polis","og_description":"Com grande p\u00fablico presente a conven\u00e7\u00e3o tamb\u00e9m homologou candidaturas de 10 nomes para disputarem vagas para a c\u00e2mara municipal.","og_url":"https:\/\/noticiaempauta.com\/portal\/convencao-do-mdb-oficializa-nomes-de-maninho-de-henrique-e-ze-carlos-para-a-prefeitura-de-itainopolis\/","og_site_name":"Portal Not\u00edcia em Pauta","article_publisher":"https:\/\/www.facebook.com\/Portal-Notcia-Em-Pauta-102292869264820\/","article_published_time":"2024-07-28T12:07:28+00:00","article_modified_time":"2024-07-28T12:22:06+00:00","og_image":[{"width":1200,"height":800,"url":"https:\/\/noticiaempauta.com\/portal\/wp-content\/uploads\/2024\/07\/IMG_4377.jpg","type":"image\/jpeg"}],"author":"Reda\u00e7\u00e3o","twitter_card":"summary_large_image","twitter_misc":{"Escrito por":"Reda\u00e7\u00e3o","Est. tempo de leitura":"4 minutos"},"schema":{"@context":"https:\/\/schema.org","@graph":[{"@type":"Article","@id":"https:\/\/noticiaempauta.com\/portal\/convencao-do-mdb-oficializa-nomes-de-maninho-de-henrique-e-ze-carlos-para-a-prefeitura-de-itainopolis\/#article","isPartOf":{"@id":"https:\/\/noticiaempauta.com\/portal\/convencao-do-mdb-oficializa-nomes-de-maninho-de-henrique-e-ze-carlos-para-a-prefeitura-de-itainopolis\/"},"author":{"name":"Reda\u00e7\u00e3o","@id":"https:\/\/noticiaempauta.com\/portal\/#\/schema\/person\/a74af43dd1ab3deca45f988c717d57ac"},"headline":"Conven\u00e7\u00e3o do MDB oficializa nomes de Maninho de Henrique e Z\u00e9 Carlos para a prefeitura de Itain\u00f3polis","datePublished":"2024-07-28T12:07:28+00:00","dateModified":"2024-07-28T12:22:06+00:00","mainEntityOfPage":{"@id":"https:\/\/noticiaempauta.com\/portal\/convencao-do-mdb-oficializa-nomes-de-maninho-de-henrique-e-ze-carlos-para-a-prefeitura-de-itainopolis\/"},"wordCount":455,"commentCount":0,"publisher":{"@id":"https:\/\/noticiaempauta.com\/portal\/#organization"},"image":{"@id":"https:\/\/noticiaempauta.com\/portal\/convencao-do-mdb-oficializa-nomes-de-maninho-de-henrique-e-ze-carlos-para-a-prefeitura-de-itainopolis\/#primaryimage"},"thumbnailUrl":"https:\/\/noticiaempauta.com\/portal\/wp-content\/uploads\/2024\/07\/IMG_4377.jpg","keywords":["destaqueprincipal"],"articleSection":["Destaques","Geral","Munic\u00edpios","Pol\u00edtica","Todas as Not\u00edcias"],"inLanguage":"pt-BR","potentialAction":[{"@type":"CommentAction","name":"Comment","target":["https:\/\/noticiaempauta.com\/portal\/convencao-do-mdb-oficializa-nomes-de-maninho-de-henrique-e-ze-carlos-para-a-prefeitura-de-itainopolis\/#respond"]}]},{"@type":"WebPage","@id":"https:\/\/noticiaempauta.com\/portal\/convencao-do-mdb-oficializa-nomes-de-maninho-de-henrique-e-ze-carlos-para-a-prefeitura-de-itainopolis\/","url":"https:\/\/noticiaempauta.com\/portal\/convencao-do-mdb-oficializa-nomes-de-maninho-de-henrique-e-ze-carlos-para-a-prefeitura-de-itainopolis\/","name":"Conven\u00e7\u00e3o do MDB oficializa nomes de Maninho de Henrique e Z\u00e9 Carlos para a prefeitura de Itain\u00f3polis - Portal Not\u00edcia em Pauta","isPartOf":{"@id":"https:\/\/noticiaempauta.com\/portal\/#website"},"primaryImageOfPage":{"@id":"https:\/\/noticiaempauta.com\/portal\/convencao-do-mdb-oficializa-nomes-de-maninho-de-henrique-e-ze-carlos-para-a-prefeitura-de-itainopolis\/#primaryimage"},"image":{"@id":"https:\/\/noticiaempauta.com\/portal\/convencao-do-mdb-oficializa-nomes-de-maninho-de-henrique-e-ze-carlos-para-a-prefeitura-de-itainopolis\/#primaryimage"},"thumbnailUrl":"https:\/\/noticiaempauta.com\/portal\/wp-content\/uploads\/2024\/07\/IMG_4377.jpg","datePublished":"2024-07-28T12:07:28+00:00","dateModified":"2024-07-28T12:22:06+00:00","breadcrumb":{"@id":"https:\/\/noticiaempauta.com\/portal\/convencao-do-mdb-oficializa-nomes-de-maninho-de-henrique-e-ze-carlos-para-a-prefeitura-de-itainopolis\/#breadcrumb"},"inLanguage":"pt-BR","potentialAction":[{"@type":"ReadAction","target":["https:\/\/noticiaempauta.com\/portal\/convencao-do-mdb-oficializa-nomes-de-maninho-de-henrique-e-ze-carlos-para-a-prefeitura-de-itainopolis\/"]}]},{"@type":"ImageObject","inLanguage":"pt-BR","@id":"https:\/\/noticiaempauta.com\/portal\/convencao-do-mdb-oficializa-nomes-de-maninho-de-henrique-e-ze-carlos-para-a-prefeitura-de-itainopolis\/#primaryimage","url":"https:\/\/noticiaempauta.com\/portal\/wp-content\/uploads\/2024\/07\/IMG_4377.jpg","contentUrl":"https:\/\/noticiaempauta.com\/portal\/wp-content\/uploads\/2024\/07\/IMG_4377.jpg","width":1200,"height":800},{"@type":"BreadcrumbList","@id":"https:\/\/noticiaempauta.com\/portal\/convencao-do-mdb-oficializa-nomes-de-maninho-de-henrique-e-ze-carlos-para-a-prefeitura-de-itainopolis\/#breadcrumb","itemListElement":[{"@type":"ListItem","position":1,"name":"P\u00e1gina Inicial","item":"https:\/\/noticiaempauta.com\/portal\/"},{"@type":"ListItem","position":2,"name":"Destaques","item":"https:\/\/noticiaempauta.com\/portal\/destaques-site\/"},{"@type":"ListItem","position":3,"name":"Conven\u00e7\u00e3o do MDB oficializa nomes de Maninho de Henrique e Z\u00e9 Carlos para a prefeitura de Itain\u00f3polis"}]},{"@type":"WebSite","@id":"https:\/\/noticiaempauta.com\/portal\/#website","url":"https:\/\/noticiaempauta.com\/portal\/","name":"Portal Not\u00edcia em Pauta","description":"Voc\u00ea bem informado","publisher":{"@id":"https:\/\/noticiaempauta.com\/portal\/#organization"},"potentialAction":[{"@type":"SearchAction","target":{"@type":"EntryPoint","urlTemplate":"https:\/\/noticiaempauta.com\/portal\/?s={search_term_string}"},"query-input":{"@type":"PropertyValueSpecification","valueRequired":true,"valueName":"search_term_string"}}],"inLanguage":"pt-BR"},{"@type":"Organization","@id":"https:\/\/noticiaempauta.com\/portal\/#organization","name":"Portal Not\u00edcia em Pauta","url":"https:\/\/noticiaempauta.com\/portal\/","logo":{"@type":"ImageObject","inLanguage":"pt-BR","@id":"https:\/\/noticiaempauta.com\/portal\/#\/schema\/logo\/image\/","url":"https:\/\/noticiaempauta.com\/portal\/wp-content\/uploads\/2022\/08\/logomarca_tema.fw_.png","contentUrl":"https:\/\/noticiaempauta.com\/portal\/wp-content\/uploads\/2022\/08\/logomarca_tema.fw_.png","width":400,"height":232,"caption":"Portal Not\u00edcia em Pauta"},"image":{"@id":"https:\/\/noticiaempauta.com\/portal\/#\/schema\/logo\/image\/"},"sameAs":["https:\/\/www.facebook.com\/Portal-Notcia-Em-Pauta-102292869264820\/","https:\/\/www.instagram.com\/portalnoticiaempauta\/"]},{"@type":"Person","@id":"https:\/\/noticiaempauta.com\/portal\/#\/schema\/person\/a74af43dd1ab3deca45f988c717d57ac","name":"Reda\u00e7\u00e3o","image":{"@type":"ImageObject","inLanguage":"pt-BR","@id":"https:\/\/noticiaempauta.com\/portal\/#\/schema\/person\/image\/","url":"https:\/\/secure.gravatar.com\/avatar\/03179346ecce6cdfc13361603e8f54242a90e5cde8618fa23c5c00aa2b0aadf3?s=96&d=mm&r=g","contentUrl":"https:\/\/secure.gravatar.com\/avatar\/03179346ecce6cdfc13361603e8f54242a90e5cde8618fa23c5c00aa2b0aadf3?s=96&d=mm&r=g","caption":"Reda\u00e7\u00e3o"},"sameAs":["https:\/\/noticiaempauta.com\/portal\/"],"url":"https:\/\/noticiaempauta.com\/portal\/author\/fernando\/"}]}},"_links":{"self":[{"href":"https:\/\/noticiaempauta.com\/portal\/wp-json\/wp\/v2\/posts\/260130","targetHints":{"allow":["GET"]}}],"collection":[{"href":"https:\/\/noticiaempauta.com\/portal\/wp-json\/wp\/v2\/posts"}],"about":[{"href":"https:\/\/noticiaempauta.com\/portal\/wp-json\/wp\/v2\/types\/post"}],"author":[{"embeddable":true,"href":"https:\/\/noticiaempauta.com\/portal\/wp-json\/wp\/v2\/users\/2"}],"replies":[{"embeddable":true,"href":"https:\/\/noticiaempauta.com\/portal\/wp-json\/wp\/v2\/comments?post=260130"}],"version-history":[{"count":4,"href":"https:\/\/noticiaempauta.com\/portal\/wp-json\/wp\/v2\/posts\/260130\/revisions"}],"predecessor-version":[{"id":260252,"href":"https:\/\/noticiaempauta.com\/portal\/wp-json\/wp\/v2\/posts\/260130\/revisions\/260252"}],"wp:featuredmedia":[{"embeddable":true,"href":"https:\/\/noticiaempauta.com\/portal\/wp-json\/wp\/v2\/media\/260131"}],"wp:attachment":[{"href":"https:\/\/noticiaempauta.com\/portal\/wp-json\/wp\/v2\/media?parent=260130"}],"wp:term":[{"taxonomy":"category","embeddable":true,"href":"https:\/\/noticiaempauta.com\/portal\/wp-json\/wp\/v2\/categories?post=260130"},{"taxonomy":"post_tag","embeddable":true,"href":"https:\/\/noticiaempauta.com\/portal\/wp-json\/wp\/v2\/tags?post=260130"}],"curies":[{"name":"wp","href":"https:\/\/api.w.org\/{rel}","templated":true}]}}