{"id":260577,"date":"2024-07-30T16:25:33","date_gmt":"2024-07-30T19:25:33","guid":{"rendered":"https:\/\/noticiaempauta.com\/portal\/?p=260577"},"modified":"2024-07-30T16:34:23","modified_gmt":"2024-07-30T19:34:23","slug":"seduc-faz-1a-convocacao-para-educadores-do-programa-alfabetiza-piaui","status":"publish","type":"post","link":"https:\/\/noticiaempauta.com\/portal\/seduc-faz-1a-convocacao-para-educadores-do-programa-alfabetiza-piaui\/","title":{"rendered":"Seduc faz 1\u00aa convoca\u00e7\u00e3o para educadores do programa Alfabetiza Piau\u00ed"},"content":{"rendered":"\n<p>A Secretaria de Estado da Educa\u00e7\u00e3o (Seduc) publicou a 1\u00aa convoca\u00e7\u00e3o para alfabetizadores e monitores do programa Alfabetiza Piau\u00ed, iniciativa do Governo do Estado que tem por objetivo devolver \u00e0 sala de aula jovens, adultos e idosos que n\u00e3o foram alfabetizados anteriormente.&nbsp;<\/p>\n\n\n\n<figure class=\"wp-block-image size-full\"><img fetchpriority=\"high\" decoding=\"async\" width=\"1000\" height=\"666\" src=\"https:\/\/noticiaempauta.com\/portal\/wp-content\/uploads\/2024\/07\/large_image_e2c0a4f261.png\" alt=\"\" class=\"wp-image-260578\" srcset=\"https:\/\/noticiaempauta.com\/portal\/wp-content\/uploads\/2024\/07\/large_image_e2c0a4f261.png 1000w, https:\/\/noticiaempauta.com\/portal\/wp-content\/uploads\/2024\/07\/large_image_e2c0a4f261-300x200.png 300w, https:\/\/noticiaempauta.com\/portal\/wp-content\/uploads\/2024\/07\/large_image_e2c0a4f261-768x511.png 768w\" sizes=\"(max-width: 1000px) 100vw, 1000px\" \/><\/figure>\n\n\n\n<p>Ao todo, 392 alfabetizadores e 170 monitores est\u00e3o sendo chamados. Os convocados ter\u00e3o at\u00e9 esta quarta-feira (31) para apresentarem a documenta\u00e7\u00e3o necess\u00e1ria, atrav\u00e9s do endere\u00e7o eletr\u00f4nico&nbsp;<a target=\"_blank\" rel=\"noreferrer noopener\" href=\"https:\/\/convocacao.seduc.pi.gov.br\/ueja\">https:\/\/convocacao.seduc.pi.gov.br\/ueja<\/a>&nbsp;, conforme disposto em edital.<\/p>\n\n\n\n<p>Com a convoca\u00e7\u00e3o, cerca de 10 mil estudantes iniciam o per\u00edodo letivo a partir da pr\u00f3xima semana. Novos professores devem ser convocados ao longo das pr\u00f3ximas semanas, \u00e0 medida que mais inscritos forem submetidos ao teste de diagn\u00f3stico inicial e, por consequ\u00eancia, novas turmas forem formadas. Inicialmente, mais de 18 mil pessoas se inscreveram no programa.<\/p>\n\n\n\n<p>A meta do Governo do Estado \u00e9 retirar 100 mil piauienses do analfabetismo at\u00e9 2026. &nbsp;Devido \u00e0 crescente demanda existente, h\u00e1 possibilidade de que um novo edital seja lan\u00e7ado posteriormente.<\/p>\n\n\n\n<p>O Alfabetiza Piau\u00ed oferece uma bolsa de R$ 600,00 (dividida em 3 parcelas de R$ 200,00) para incentivar a participa\u00e7\u00e3o e a perman\u00eancia nas aulas. O pagamento ocorrer\u00e1 em tr\u00eas fases: o primeiro repasse acontecer\u00e1 ap\u00f3s a confirma\u00e7\u00e3o da matr\u00edcula; o segundo, ap\u00f3s tr\u00eas meses de aulas, mediante comprova\u00e7\u00e3o de frequ\u00eancia m\u00ednima de 75% e participa\u00e7\u00e3o nos testes; o terceiro repasse ser\u00e1 concedido ap\u00f3s a certifica\u00e7\u00e3o do estudante alfabetizado e sua matr\u00edcula na etapa seguinte da EJA Seduc, completando o valor de R$ 600,00.<\/p>\n\n\n\n<p>Em sua primeira etapa, o Alfabetiza Piau\u00ed oferece aulas presenciais em 510 turmas, com carga hor\u00e1ria de 300 horas e dura\u00e7\u00e3o de at\u00e9 seis meses. A metodologia ser\u00e1 focada na alfabetiza\u00e7\u00e3o inicial, de forma interdisciplinar em seus componentes curriculares, priorizando as disciplinas de L\u00edngua Portuguesa e no\u00e7\u00f5es b\u00e1sicas de Matem\u00e1tica.<\/p>\n\n\n\n<p><strong>Confira o edital abaixo.<\/strong><\/p>\n\n\n\n<p><a href=\"\/Users\/pablorodrigues\/Downloads\/67-editais-30-07-2024-09-04-37.pdf\" target=\"_blank\" rel=\"noreferrer noopener\"><strong>EDITAL SEDUC\/GSE N\u00ba 31\/2024 &#8211; 1\u00aaCONVOCA\u00c7\u00c3O &#8211; PROGRAMA ALFABETIZA PIAU\u00cd<\/strong><\/a><\/p>\n\n\n\n<p><\/p>\n\n\n\n<p>CCOM-PI<\/p>\n","protected":false},"excerpt":{"rendered":"<p>Ao todo, 392 alfabetizadores e 170 monitores est\u00e3o sendo chamados. Os convocados ter\u00e3o at\u00e9 esta quarta-feira (31) para apresentarem a documenta\u00e7\u00e3o necess\u00e1ria.<\/p>\n","protected":false},"author":2,"featured_media":260578,"comment_status":"open","ping_status":"open","sticky":false,"template":"","format":"standard","meta":{"_mi_skip_tracking":false,"footnotes":""},"categories":[25,1,16],"tags":[192],"class_list":["post-260577","post","type-post","status-publish","format-standard","has-post-thumbnail","hentry","category-destaques-site","category-geral","category-todas","tag-destaqueprincipal"],"acf":[],"yoast_head":"<!-- This site is optimized with the Yoast SEO Premium plugin v19.2 (Yoast SEO v26.9) - https:\/\/yoast.com\/product\/yoast-seo-premium-wordpress\/ -->\n<title>Seduc faz 1\u00aa convoca\u00e7\u00e3o para educadores do programa Alfabetiza Piau\u00ed - Portal Not\u00edcia em Pauta<\/title>\n<meta name=\"robots\" content=\"index, follow, max-snippet:-1, max-image-preview:large, max-video-preview:-1\" \/>\n<link rel=\"canonical\" href=\"https:\/\/noticiaempauta.com\/portal\/seduc-faz-1a-convocacao-para-educadores-do-programa-alfabetiza-piaui\/\" \/>\n<meta property=\"og:locale\" content=\"pt_BR\" \/>\n<meta property=\"og:type\" content=\"article\" \/>\n<meta property=\"og:title\" content=\"Seduc faz 1\u00aa convoca\u00e7\u00e3o para educadores do programa Alfabetiza Piau\u00ed\" \/>\n<meta property=\"og:description\" content=\"Ao todo, 392 alfabetizadores e 170 monitores est\u00e3o sendo chamados. Os convocados ter\u00e3o at\u00e9 esta quarta-feira (31) para apresentarem a documenta\u00e7\u00e3o necess\u00e1ria.\" \/>\n<meta property=\"og:url\" content=\"https:\/\/noticiaempauta.com\/portal\/seduc-faz-1a-convocacao-para-educadores-do-programa-alfabetiza-piaui\/\" \/>\n<meta property=\"og:site_name\" content=\"Portal Not\u00edcia em Pauta\" \/>\n<meta property=\"article:publisher\" content=\"https:\/\/www.facebook.com\/Portal-Notcia-Em-Pauta-102292869264820\/\" \/>\n<meta property=\"article:published_time\" content=\"2024-07-30T19:25:33+00:00\" \/>\n<meta property=\"article:modified_time\" content=\"2024-07-30T19:34:23+00:00\" \/>\n<meta property=\"og:image\" content=\"https:\/\/noticiaempauta.com\/portal\/wp-content\/uploads\/2024\/07\/large_image_e2c0a4f261.png\" \/>\n\t<meta property=\"og:image:width\" content=\"1000\" \/>\n\t<meta property=\"og:image:height\" content=\"666\" \/>\n\t<meta property=\"og:image:type\" content=\"image\/png\" \/>\n<meta name=\"author\" content=\"Reda\u00e7\u00e3o\" \/>\n<meta name=\"twitter:card\" content=\"summary_large_image\" \/>\n<meta name=\"twitter:label1\" content=\"Escrito por\" \/>\n\t<meta name=\"twitter:data1\" content=\"Reda\u00e7\u00e3o\" \/>\n\t<meta name=\"twitter:label2\" content=\"Est. tempo de leitura\" \/>\n\t<meta name=\"twitter:data2\" content=\"3 minutos\" \/>\n<script type=\"application\/ld+json\" class=\"yoast-schema-graph\">{\"@context\":\"https:\/\/schema.org\",\"@graph\":[{\"@type\":\"Article\",\"@id\":\"https:\/\/noticiaempauta.com\/portal\/seduc-faz-1a-convocacao-para-educadores-do-programa-alfabetiza-piaui\/#article\",\"isPartOf\":{\"@id\":\"https:\/\/noticiaempauta.com\/portal\/seduc-faz-1a-convocacao-para-educadores-do-programa-alfabetiza-piaui\/\"},\"author\":{\"name\":\"Reda\u00e7\u00e3o\",\"@id\":\"https:\/\/noticiaempauta.com\/portal\/#\/schema\/person\/a74af43dd1ab3deca45f988c717d57ac\"},\"headline\":\"Seduc faz 1\u00aa convoca\u00e7\u00e3o para educadores do programa Alfabetiza Piau\u00ed\",\"datePublished\":\"2024-07-30T19:25:33+00:00\",\"dateModified\":\"2024-07-30T19:34:23+00:00\",\"mainEntityOfPage\":{\"@id\":\"https:\/\/noticiaempauta.com\/portal\/seduc-faz-1a-convocacao-para-educadores-do-programa-alfabetiza-piaui\/\"},\"wordCount\":349,\"commentCount\":0,\"publisher\":{\"@id\":\"https:\/\/noticiaempauta.com\/portal\/#organization\"},\"image\":{\"@id\":\"https:\/\/noticiaempauta.com\/portal\/seduc-faz-1a-convocacao-para-educadores-do-programa-alfabetiza-piaui\/#primaryimage\"},\"thumbnailUrl\":\"https:\/\/noticiaempauta.com\/portal\/wp-content\/uploads\/2024\/07\/large_image_e2c0a4f261.png\",\"keywords\":[\"destaqueprincipal\"],\"articleSection\":[\"Destaques\",\"Geral\",\"Todas as Not\u00edcias\"],\"inLanguage\":\"pt-BR\",\"potentialAction\":[{\"@type\":\"CommentAction\",\"name\":\"Comment\",\"target\":[\"https:\/\/noticiaempauta.com\/portal\/seduc-faz-1a-convocacao-para-educadores-do-programa-alfabetiza-piaui\/#respond\"]}]},{\"@type\":\"WebPage\",\"@id\":\"https:\/\/noticiaempauta.com\/portal\/seduc-faz-1a-convocacao-para-educadores-do-programa-alfabetiza-piaui\/\",\"url\":\"https:\/\/noticiaempauta.com\/portal\/seduc-faz-1a-convocacao-para-educadores-do-programa-alfabetiza-piaui\/\",\"name\":\"Seduc faz 1\u00aa convoca\u00e7\u00e3o para educadores do programa Alfabetiza Piau\u00ed - Portal Not\u00edcia em Pauta\",\"isPartOf\":{\"@id\":\"https:\/\/noticiaempauta.com\/portal\/#website\"},\"primaryImageOfPage\":{\"@id\":\"https:\/\/noticiaempauta.com\/portal\/seduc-faz-1a-convocacao-para-educadores-do-programa-alfabetiza-piaui\/#primaryimage\"},\"image\":{\"@id\":\"https:\/\/noticiaempauta.com\/portal\/seduc-faz-1a-convocacao-para-educadores-do-programa-alfabetiza-piaui\/#primaryimage\"},\"thumbnailUrl\":\"https:\/\/noticiaempauta.com\/portal\/wp-content\/uploads\/2024\/07\/large_image_e2c0a4f261.png\",\"datePublished\":\"2024-07-30T19:25:33+00:00\",\"dateModified\":\"2024-07-30T19:34:23+00:00\",\"breadcrumb\":{\"@id\":\"https:\/\/noticiaempauta.com\/portal\/seduc-faz-1a-convocacao-para-educadores-do-programa-alfabetiza-piaui\/#breadcrumb\"},\"inLanguage\":\"pt-BR\",\"potentialAction\":[{\"@type\":\"ReadAction\",\"target\":[\"https:\/\/noticiaempauta.com\/portal\/seduc-faz-1a-convocacao-para-educadores-do-programa-alfabetiza-piaui\/\"]}]},{\"@type\":\"ImageObject\",\"inLanguage\":\"pt-BR\",\"@id\":\"https:\/\/noticiaempauta.com\/portal\/seduc-faz-1a-convocacao-para-educadores-do-programa-alfabetiza-piaui\/#primaryimage\",\"url\":\"https:\/\/noticiaempauta.com\/portal\/wp-content\/uploads\/2024\/07\/large_image_e2c0a4f261.png\",\"contentUrl\":\"https:\/\/noticiaempauta.com\/portal\/wp-content\/uploads\/2024\/07\/large_image_e2c0a4f261.png\",\"width\":1000,\"height\":666},{\"@type\":\"BreadcrumbList\",\"@id\":\"https:\/\/noticiaempauta.com\/portal\/seduc-faz-1a-convocacao-para-educadores-do-programa-alfabetiza-piaui\/#breadcrumb\",\"itemListElement\":[{\"@type\":\"ListItem\",\"position\":1,\"name\":\"P\u00e1gina Inicial\",\"item\":\"https:\/\/noticiaempauta.com\/portal\/\"},{\"@type\":\"ListItem\",\"position\":2,\"name\":\"Geral\",\"item\":\"https:\/\/noticiaempauta.com\/portal\/geral\/\"},{\"@type\":\"ListItem\",\"position\":3,\"name\":\"Seduc faz 1\u00aa convoca\u00e7\u00e3o para educadores do programa Alfabetiza Piau\u00ed\"}]},{\"@type\":\"WebSite\",\"@id\":\"https:\/\/noticiaempauta.com\/portal\/#website\",\"url\":\"https:\/\/noticiaempauta.com\/portal\/\",\"name\":\"Portal Not\u00edcia em Pauta\",\"description\":\"Voc\u00ea bem informado\",\"publisher\":{\"@id\":\"https:\/\/noticiaempauta.com\/portal\/#organization\"},\"potentialAction\":[{\"@type\":\"SearchAction\",\"target\":{\"@type\":\"EntryPoint\",\"urlTemplate\":\"https:\/\/noticiaempauta.com\/portal\/?s={search_term_string}\"},\"query-input\":{\"@type\":\"PropertyValueSpecification\",\"valueRequired\":true,\"valueName\":\"search_term_string\"}}],\"inLanguage\":\"pt-BR\"},{\"@type\":\"Organization\",\"@id\":\"https:\/\/noticiaempauta.com\/portal\/#organization\",\"name\":\"Portal Not\u00edcia em Pauta\",\"url\":\"https:\/\/noticiaempauta.com\/portal\/\",\"logo\":{\"@type\":\"ImageObject\",\"inLanguage\":\"pt-BR\",\"@id\":\"https:\/\/noticiaempauta.com\/portal\/#\/schema\/logo\/image\/\",\"url\":\"https:\/\/noticiaempauta.com\/portal\/wp-content\/uploads\/2022\/08\/logomarca_tema.fw_.png\",\"contentUrl\":\"https:\/\/noticiaempauta.com\/portal\/wp-content\/uploads\/2022\/08\/logomarca_tema.fw_.png\",\"width\":400,\"height\":232,\"caption\":\"Portal Not\u00edcia em Pauta\"},\"image\":{\"@id\":\"https:\/\/noticiaempauta.com\/portal\/#\/schema\/logo\/image\/\"},\"sameAs\":[\"https:\/\/www.facebook.com\/Portal-Notcia-Em-Pauta-102292869264820\/\",\"https:\/\/www.instagram.com\/portalnoticiaempauta\/\"]},{\"@type\":\"Person\",\"@id\":\"https:\/\/noticiaempauta.com\/portal\/#\/schema\/person\/a74af43dd1ab3deca45f988c717d57ac\",\"name\":\"Reda\u00e7\u00e3o\",\"image\":{\"@type\":\"ImageObject\",\"inLanguage\":\"pt-BR\",\"@id\":\"https:\/\/noticiaempauta.com\/portal\/#\/schema\/person\/image\/\",\"url\":\"https:\/\/secure.gravatar.com\/avatar\/03179346ecce6cdfc13361603e8f54242a90e5cde8618fa23c5c00aa2b0aadf3?s=96&d=mm&r=g\",\"contentUrl\":\"https:\/\/secure.gravatar.com\/avatar\/03179346ecce6cdfc13361603e8f54242a90e5cde8618fa23c5c00aa2b0aadf3?s=96&d=mm&r=g\",\"caption\":\"Reda\u00e7\u00e3o\"},\"sameAs\":[\"https:\/\/noticiaempauta.com\/portal\/\"],\"url\":\"https:\/\/noticiaempauta.com\/portal\/author\/fernando\/\"}]}<\/script>\n<!-- \/ Yoast SEO Premium plugin. -->","yoast_head_json":{"title":"Seduc faz 1\u00aa convoca\u00e7\u00e3o para educadores do programa Alfabetiza Piau\u00ed - Portal Not\u00edcia em Pauta","robots":{"index":"index","follow":"follow","max-snippet":"max-snippet:-1","max-image-preview":"max-image-preview:large","max-video-preview":"max-video-preview:-1"},"canonical":"https:\/\/noticiaempauta.com\/portal\/seduc-faz-1a-convocacao-para-educadores-do-programa-alfabetiza-piaui\/","og_locale":"pt_BR","og_type":"article","og_title":"Seduc faz 1\u00aa convoca\u00e7\u00e3o para educadores do programa Alfabetiza Piau\u00ed","og_description":"Ao todo, 392 alfabetizadores e 170 monitores est\u00e3o sendo chamados. Os convocados ter\u00e3o at\u00e9 esta quarta-feira (31) para apresentarem a documenta\u00e7\u00e3o necess\u00e1ria.","og_url":"https:\/\/noticiaempauta.com\/portal\/seduc-faz-1a-convocacao-para-educadores-do-programa-alfabetiza-piaui\/","og_site_name":"Portal Not\u00edcia em Pauta","article_publisher":"https:\/\/www.facebook.com\/Portal-Notcia-Em-Pauta-102292869264820\/","article_published_time":"2024-07-30T19:25:33+00:00","article_modified_time":"2024-07-30T19:34:23+00:00","og_image":[{"width":1000,"height":666,"url":"https:\/\/noticiaempauta.com\/portal\/wp-content\/uploads\/2024\/07\/large_image_e2c0a4f261.png","type":"image\/png"}],"author":"Reda\u00e7\u00e3o","twitter_card":"summary_large_image","twitter_misc":{"Escrito por":"Reda\u00e7\u00e3o","Est. tempo de leitura":"3 minutos"},"schema":{"@context":"https:\/\/schema.org","@graph":[{"@type":"Article","@id":"https:\/\/noticiaempauta.com\/portal\/seduc-faz-1a-convocacao-para-educadores-do-programa-alfabetiza-piaui\/#article","isPartOf":{"@id":"https:\/\/noticiaempauta.com\/portal\/seduc-faz-1a-convocacao-para-educadores-do-programa-alfabetiza-piaui\/"},"author":{"name":"Reda\u00e7\u00e3o","@id":"https:\/\/noticiaempauta.com\/portal\/#\/schema\/person\/a74af43dd1ab3deca45f988c717d57ac"},"headline":"Seduc faz 1\u00aa convoca\u00e7\u00e3o para educadores do programa Alfabetiza Piau\u00ed","datePublished":"2024-07-30T19:25:33+00:00","dateModified":"2024-07-30T19:34:23+00:00","mainEntityOfPage":{"@id":"https:\/\/noticiaempauta.com\/portal\/seduc-faz-1a-convocacao-para-educadores-do-programa-alfabetiza-piaui\/"},"wordCount":349,"commentCount":0,"publisher":{"@id":"https:\/\/noticiaempauta.com\/portal\/#organization"},"image":{"@id":"https:\/\/noticiaempauta.com\/portal\/seduc-faz-1a-convocacao-para-educadores-do-programa-alfabetiza-piaui\/#primaryimage"},"thumbnailUrl":"https:\/\/noticiaempauta.com\/portal\/wp-content\/uploads\/2024\/07\/large_image_e2c0a4f261.png","keywords":["destaqueprincipal"],"articleSection":["Destaques","Geral","Todas as Not\u00edcias"],"inLanguage":"pt-BR","potentialAction":[{"@type":"CommentAction","name":"Comment","target":["https:\/\/noticiaempauta.com\/portal\/seduc-faz-1a-convocacao-para-educadores-do-programa-alfabetiza-piaui\/#respond"]}]},{"@type":"WebPage","@id":"https:\/\/noticiaempauta.com\/portal\/seduc-faz-1a-convocacao-para-educadores-do-programa-alfabetiza-piaui\/","url":"https:\/\/noticiaempauta.com\/portal\/seduc-faz-1a-convocacao-para-educadores-do-programa-alfabetiza-piaui\/","name":"Seduc faz 1\u00aa convoca\u00e7\u00e3o para educadores do programa Alfabetiza Piau\u00ed - Portal Not\u00edcia em Pauta","isPartOf":{"@id":"https:\/\/noticiaempauta.com\/portal\/#website"},"primaryImageOfPage":{"@id":"https:\/\/noticiaempauta.com\/portal\/seduc-faz-1a-convocacao-para-educadores-do-programa-alfabetiza-piaui\/#primaryimage"},"image":{"@id":"https:\/\/noticiaempauta.com\/portal\/seduc-faz-1a-convocacao-para-educadores-do-programa-alfabetiza-piaui\/#primaryimage"},"thumbnailUrl":"https:\/\/noticiaempauta.com\/portal\/wp-content\/uploads\/2024\/07\/large_image_e2c0a4f261.png","datePublished":"2024-07-30T19:25:33+00:00","dateModified":"2024-07-30T19:34:23+00:00","breadcrumb":{"@id":"https:\/\/noticiaempauta.com\/portal\/seduc-faz-1a-convocacao-para-educadores-do-programa-alfabetiza-piaui\/#breadcrumb"},"inLanguage":"pt-BR","potentialAction":[{"@type":"ReadAction","target":["https:\/\/noticiaempauta.com\/portal\/seduc-faz-1a-convocacao-para-educadores-do-programa-alfabetiza-piaui\/"]}]},{"@type":"ImageObject","inLanguage":"pt-BR","@id":"https:\/\/noticiaempauta.com\/portal\/seduc-faz-1a-convocacao-para-educadores-do-programa-alfabetiza-piaui\/#primaryimage","url":"https:\/\/noticiaempauta.com\/portal\/wp-content\/uploads\/2024\/07\/large_image_e2c0a4f261.png","contentUrl":"https:\/\/noticiaempauta.com\/portal\/wp-content\/uploads\/2024\/07\/large_image_e2c0a4f261.png","width":1000,"height":666},{"@type":"BreadcrumbList","@id":"https:\/\/noticiaempauta.com\/portal\/seduc-faz-1a-convocacao-para-educadores-do-programa-alfabetiza-piaui\/#breadcrumb","itemListElement":[{"@type":"ListItem","position":1,"name":"P\u00e1gina Inicial","item":"https:\/\/noticiaempauta.com\/portal\/"},{"@type":"ListItem","position":2,"name":"Geral","item":"https:\/\/noticiaempauta.com\/portal\/geral\/"},{"@type":"ListItem","position":3,"name":"Seduc faz 1\u00aa convoca\u00e7\u00e3o para educadores do programa Alfabetiza Piau\u00ed"}]},{"@type":"WebSite","@id":"https:\/\/noticiaempauta.com\/portal\/#website","url":"https:\/\/noticiaempauta.com\/portal\/","name":"Portal Not\u00edcia em Pauta","description":"Voc\u00ea bem informado","publisher":{"@id":"https:\/\/noticiaempauta.com\/portal\/#organization"},"potentialAction":[{"@type":"SearchAction","target":{"@type":"EntryPoint","urlTemplate":"https:\/\/noticiaempauta.com\/portal\/?s={search_term_string}"},"query-input":{"@type":"PropertyValueSpecification","valueRequired":true,"valueName":"search_term_string"}}],"inLanguage":"pt-BR"},{"@type":"Organization","@id":"https:\/\/noticiaempauta.com\/portal\/#organization","name":"Portal Not\u00edcia em Pauta","url":"https:\/\/noticiaempauta.com\/portal\/","logo":{"@type":"ImageObject","inLanguage":"pt-BR","@id":"https:\/\/noticiaempauta.com\/portal\/#\/schema\/logo\/image\/","url":"https:\/\/noticiaempauta.com\/portal\/wp-content\/uploads\/2022\/08\/logomarca_tema.fw_.png","contentUrl":"https:\/\/noticiaempauta.com\/portal\/wp-content\/uploads\/2022\/08\/logomarca_tema.fw_.png","width":400,"height":232,"caption":"Portal Not\u00edcia em Pauta"},"image":{"@id":"https:\/\/noticiaempauta.com\/portal\/#\/schema\/logo\/image\/"},"sameAs":["https:\/\/www.facebook.com\/Portal-Notcia-Em-Pauta-102292869264820\/","https:\/\/www.instagram.com\/portalnoticiaempauta\/"]},{"@type":"Person","@id":"https:\/\/noticiaempauta.com\/portal\/#\/schema\/person\/a74af43dd1ab3deca45f988c717d57ac","name":"Reda\u00e7\u00e3o","image":{"@type":"ImageObject","inLanguage":"pt-BR","@id":"https:\/\/noticiaempauta.com\/portal\/#\/schema\/person\/image\/","url":"https:\/\/secure.gravatar.com\/avatar\/03179346ecce6cdfc13361603e8f54242a90e5cde8618fa23c5c00aa2b0aadf3?s=96&d=mm&r=g","contentUrl":"https:\/\/secure.gravatar.com\/avatar\/03179346ecce6cdfc13361603e8f54242a90e5cde8618fa23c5c00aa2b0aadf3?s=96&d=mm&r=g","caption":"Reda\u00e7\u00e3o"},"sameAs":["https:\/\/noticiaempauta.com\/portal\/"],"url":"https:\/\/noticiaempauta.com\/portal\/author\/fernando\/"}]}},"_links":{"self":[{"href":"https:\/\/noticiaempauta.com\/portal\/wp-json\/wp\/v2\/posts\/260577","targetHints":{"allow":["GET"]}}],"collection":[{"href":"https:\/\/noticiaempauta.com\/portal\/wp-json\/wp\/v2\/posts"}],"about":[{"href":"https:\/\/noticiaempauta.com\/portal\/wp-json\/wp\/v2\/types\/post"}],"author":[{"embeddable":true,"href":"https:\/\/noticiaempauta.com\/portal\/wp-json\/wp\/v2\/users\/2"}],"replies":[{"embeddable":true,"href":"https:\/\/noticiaempauta.com\/portal\/wp-json\/wp\/v2\/comments?post=260577"}],"version-history":[{"count":2,"href":"https:\/\/noticiaempauta.com\/portal\/wp-json\/wp\/v2\/posts\/260577\/revisions"}],"predecessor-version":[{"id":260581,"href":"https:\/\/noticiaempauta.com\/portal\/wp-json\/wp\/v2\/posts\/260577\/revisions\/260581"}],"wp:featuredmedia":[{"embeddable":true,"href":"https:\/\/noticiaempauta.com\/portal\/wp-json\/wp\/v2\/media\/260578"}],"wp:attachment":[{"href":"https:\/\/noticiaempauta.com\/portal\/wp-json\/wp\/v2\/media?parent=260577"}],"wp:term":[{"taxonomy":"category","embeddable":true,"href":"https:\/\/noticiaempauta.com\/portal\/wp-json\/wp\/v2\/categories?post=260577"},{"taxonomy":"post_tag","embeddable":true,"href":"https:\/\/noticiaempauta.com\/portal\/wp-json\/wp\/v2\/tags?post=260577"}],"curies":[{"name":"wp","href":"https:\/\/api.w.org\/{rel}","templated":true}]}}