{"id":260635,"date":"2024-08-02T09:24:43","date_gmt":"2024-08-02T12:24:43","guid":{"rendered":"https:\/\/noticiaempauta.com\/portal\/?p=260635"},"modified":"2024-08-02T09:24:44","modified_gmt":"2024-08-02T12:24:44","slug":"policia-intensifica-buscas-por-motorista-apos-abandono-de-veiculo-na-br-230-em-sao-juliao","status":"publish","type":"post","link":"https:\/\/noticiaempauta.com\/portal\/policia-intensifica-buscas-por-motorista-apos-abandono-de-veiculo-na-br-230-em-sao-juliao\/","title":{"rendered":"Pol\u00edcia intensifica buscas por motorista ap\u00f3s abandono de ve\u00edculo na BR 230 em S\u00e3o Juli\u00e3o"},"content":{"rendered":"\n<p>Policiais militares da 2\u00aa Companhia da PM juntamente com demais policiais de cidades da regi\u00e3o de S\u00e3o Juli\u00e3o est\u00e3o em dilig\u00eancias para identificar um motorista que est\u00e1 foragido, de acordo com informa\u00e7\u00f5es preliminares.<\/p>\n\n\n\n<figure class=\"wp-block-image size-full\"><img fetchpriority=\"high\" decoding=\"async\" width=\"1024\" height=\"768\" src=\"https:\/\/noticiaempauta.com\/portal\/wp-content\/uploads\/2024\/08\/81958592.webp\" alt=\"\" class=\"wp-image-260636\" srcset=\"https:\/\/noticiaempauta.com\/portal\/wp-content\/uploads\/2024\/08\/81958592.webp 1024w, https:\/\/noticiaempauta.com\/portal\/wp-content\/uploads\/2024\/08\/81958592-300x225.webp 300w, https:\/\/noticiaempauta.com\/portal\/wp-content\/uploads\/2024\/08\/81958592-768x576.webp 768w\" sizes=\"(max-width: 1024px) 100vw, 1024px\" \/><figcaption class=\"wp-element-caption\">(Foto: Reprodu\u00e7\u00e3o)<\/figcaption><\/figure>\n\n\n\n<p>O condutor conseguiu se livrar de um acompanhamento t\u00e1tico policial, ainda na noite desta quarta-feira, 31 de julho, por volta das 19h20min. Logo depois os policiais militares foram acionados para refor\u00e7ar as buscas.<\/p>\n\n\n\n<p>Os policiais militares de Fronteiras e de outras corpora\u00e7\u00f5es seguem em dilig\u00eancias na tentativa de localiza\u00e7\u00e3o do homem que n\u00e3o teve identidade revelada ainda.<\/p>\n\n\n\n<p>Ainda n\u00e3o se sabe o que motivou o abandono do carro na BR 230 na zona rural de S\u00e3o Juli\u00e3o e o adentramento na mata.<\/p>\n\n\n\n<p>Mais informa\u00e7\u00f5es ser\u00e3o divulgadas em breve sobre a a\u00e7\u00e3o policial.<\/p>\n\n\n\n<p><em>Fonte: CidadesnaNet<\/em><\/p>\n","protected":false},"excerpt":{"rendered":"<p>Policiais militares da 2\u00aa Companhia da PM juntamente com demais policiais de cidades da regi\u00e3o de S\u00e3o Juli\u00e3o est\u00e3o em dilig\u00eancias para identificar um motorista que est\u00e1 foragido, de acordo com informa\u00e7\u00f5es preliminares. O condutor conseguiu se livrar de um acompanhamento t\u00e1tico policial, ainda na noite desta quarta-feira, 31 de julho, por volta das 19h20min. [&hellip;]<\/p>\n","protected":false},"author":2,"featured_media":260636,"comment_status":"open","ping_status":"open","sticky":false,"template":"","format":"standard","meta":{"_mi_skip_tracking":false,"footnotes":""},"categories":[25,1,137,16],"tags":[192],"class_list":["post-260635","post","type-post","status-publish","format-standard","has-post-thumbnail","hentry","category-destaques-site","category-geral","category-policia","category-todas","tag-destaqueprincipal"],"acf":[],"yoast_head":"<!-- This site is optimized with the Yoast SEO Premium plugin v19.2 (Yoast SEO v26.9) - https:\/\/yoast.com\/product\/yoast-seo-premium-wordpress\/ -->\n<title>Pol\u00edcia intensifica buscas por motorista ap\u00f3s abandono de ve\u00edculo na BR 230 em S\u00e3o Juli\u00e3o - Portal Not\u00edcia em Pauta<\/title>\n<meta name=\"robots\" content=\"index, follow, max-snippet:-1, max-image-preview:large, max-video-preview:-1\" \/>\n<link rel=\"canonical\" href=\"https:\/\/noticiaempauta.com\/portal\/policia-intensifica-buscas-por-motorista-apos-abandono-de-veiculo-na-br-230-em-sao-juliao\/\" \/>\n<meta property=\"og:locale\" content=\"pt_BR\" \/>\n<meta property=\"og:type\" content=\"article\" \/>\n<meta property=\"og:title\" content=\"Pol\u00edcia intensifica buscas por motorista ap\u00f3s abandono de ve\u00edculo na BR 230 em S\u00e3o Juli\u00e3o\" \/>\n<meta property=\"og:description\" content=\"Policiais militares da 2\u00aa Companhia da PM juntamente com demais policiais de cidades da regi\u00e3o de S\u00e3o Juli\u00e3o est\u00e3o em dilig\u00eancias para identificar um motorista que est\u00e1 foragido, de acordo com informa\u00e7\u00f5es preliminares. O condutor conseguiu se livrar de um acompanhamento t\u00e1tico policial, ainda na noite desta quarta-feira, 31 de julho, por volta das 19h20min. [&hellip;]\" \/>\n<meta property=\"og:url\" content=\"https:\/\/noticiaempauta.com\/portal\/policia-intensifica-buscas-por-motorista-apos-abandono-de-veiculo-na-br-230-em-sao-juliao\/\" \/>\n<meta property=\"og:site_name\" content=\"Portal Not\u00edcia em Pauta\" \/>\n<meta property=\"article:publisher\" content=\"https:\/\/www.facebook.com\/Portal-Notcia-Em-Pauta-102292869264820\/\" \/>\n<meta property=\"article:published_time\" content=\"2024-08-02T12:24:43+00:00\" \/>\n<meta property=\"article:modified_time\" content=\"2024-08-02T12:24:44+00:00\" \/>\n<meta property=\"og:image\" content=\"https:\/\/noticiaempauta.com\/portal\/wp-content\/uploads\/2024\/08\/81958592.webp\" \/>\n\t<meta property=\"og:image:width\" content=\"1024\" \/>\n\t<meta property=\"og:image:height\" content=\"768\" \/>\n\t<meta property=\"og:image:type\" content=\"image\/webp\" \/>\n<meta name=\"author\" content=\"Reda\u00e7\u00e3o\" \/>\n<meta name=\"twitter:card\" content=\"summary_large_image\" \/>\n<meta name=\"twitter:label1\" content=\"Escrito por\" \/>\n\t<meta name=\"twitter:data1\" content=\"Reda\u00e7\u00e3o\" \/>\n\t<meta name=\"twitter:label2\" content=\"Est. tempo de leitura\" \/>\n\t<meta name=\"twitter:data2\" content=\"2 minutos\" \/>\n<script type=\"application\/ld+json\" class=\"yoast-schema-graph\">{\"@context\":\"https:\/\/schema.org\",\"@graph\":[{\"@type\":\"Article\",\"@id\":\"https:\/\/noticiaempauta.com\/portal\/policia-intensifica-buscas-por-motorista-apos-abandono-de-veiculo-na-br-230-em-sao-juliao\/#article\",\"isPartOf\":{\"@id\":\"https:\/\/noticiaempauta.com\/portal\/policia-intensifica-buscas-por-motorista-apos-abandono-de-veiculo-na-br-230-em-sao-juliao\/\"},\"author\":{\"name\":\"Reda\u00e7\u00e3o\",\"@id\":\"https:\/\/noticiaempauta.com\/portal\/#\/schema\/person\/a74af43dd1ab3deca45f988c717d57ac\"},\"headline\":\"Pol\u00edcia intensifica buscas por motorista ap\u00f3s abandono de ve\u00edculo na BR 230 em S\u00e3o Juli\u00e3o\",\"datePublished\":\"2024-08-02T12:24:43+00:00\",\"dateModified\":\"2024-08-02T12:24:44+00:00\",\"mainEntityOfPage\":{\"@id\":\"https:\/\/noticiaempauta.com\/portal\/policia-intensifica-buscas-por-motorista-apos-abandono-de-veiculo-na-br-230-em-sao-juliao\/\"},\"wordCount\":165,\"commentCount\":0,\"publisher\":{\"@id\":\"https:\/\/noticiaempauta.com\/portal\/#organization\"},\"image\":{\"@id\":\"https:\/\/noticiaempauta.com\/portal\/policia-intensifica-buscas-por-motorista-apos-abandono-de-veiculo-na-br-230-em-sao-juliao\/#primaryimage\"},\"thumbnailUrl\":\"https:\/\/noticiaempauta.com\/portal\/wp-content\/uploads\/2024\/08\/81958592.webp\",\"keywords\":[\"destaqueprincipal\"],\"articleSection\":[\"Destaques\",\"Geral\",\"Pol\u00edcia\",\"Todas as Not\u00edcias\"],\"inLanguage\":\"pt-BR\",\"potentialAction\":[{\"@type\":\"CommentAction\",\"name\":\"Comment\",\"target\":[\"https:\/\/noticiaempauta.com\/portal\/policia-intensifica-buscas-por-motorista-apos-abandono-de-veiculo-na-br-230-em-sao-juliao\/#respond\"]}]},{\"@type\":\"WebPage\",\"@id\":\"https:\/\/noticiaempauta.com\/portal\/policia-intensifica-buscas-por-motorista-apos-abandono-de-veiculo-na-br-230-em-sao-juliao\/\",\"url\":\"https:\/\/noticiaempauta.com\/portal\/policia-intensifica-buscas-por-motorista-apos-abandono-de-veiculo-na-br-230-em-sao-juliao\/\",\"name\":\"Pol\u00edcia intensifica buscas por motorista ap\u00f3s abandono de ve\u00edculo na BR 230 em S\u00e3o Juli\u00e3o - Portal Not\u00edcia em Pauta\",\"isPartOf\":{\"@id\":\"https:\/\/noticiaempauta.com\/portal\/#website\"},\"primaryImageOfPage\":{\"@id\":\"https:\/\/noticiaempauta.com\/portal\/policia-intensifica-buscas-por-motorista-apos-abandono-de-veiculo-na-br-230-em-sao-juliao\/#primaryimage\"},\"image\":{\"@id\":\"https:\/\/noticiaempauta.com\/portal\/policia-intensifica-buscas-por-motorista-apos-abandono-de-veiculo-na-br-230-em-sao-juliao\/#primaryimage\"},\"thumbnailUrl\":\"https:\/\/noticiaempauta.com\/portal\/wp-content\/uploads\/2024\/08\/81958592.webp\",\"datePublished\":\"2024-08-02T12:24:43+00:00\",\"dateModified\":\"2024-08-02T12:24:44+00:00\",\"breadcrumb\":{\"@id\":\"https:\/\/noticiaempauta.com\/portal\/policia-intensifica-buscas-por-motorista-apos-abandono-de-veiculo-na-br-230-em-sao-juliao\/#breadcrumb\"},\"inLanguage\":\"pt-BR\",\"potentialAction\":[{\"@type\":\"ReadAction\",\"target\":[\"https:\/\/noticiaempauta.com\/portal\/policia-intensifica-buscas-por-motorista-apos-abandono-de-veiculo-na-br-230-em-sao-juliao\/\"]}]},{\"@type\":\"ImageObject\",\"inLanguage\":\"pt-BR\",\"@id\":\"https:\/\/noticiaempauta.com\/portal\/policia-intensifica-buscas-por-motorista-apos-abandono-de-veiculo-na-br-230-em-sao-juliao\/#primaryimage\",\"url\":\"https:\/\/noticiaempauta.com\/portal\/wp-content\/uploads\/2024\/08\/81958592.webp\",\"contentUrl\":\"https:\/\/noticiaempauta.com\/portal\/wp-content\/uploads\/2024\/08\/81958592.webp\",\"width\":1024,\"height\":768},{\"@type\":\"BreadcrumbList\",\"@id\":\"https:\/\/noticiaempauta.com\/portal\/policia-intensifica-buscas-por-motorista-apos-abandono-de-veiculo-na-br-230-em-sao-juliao\/#breadcrumb\",\"itemListElement\":[{\"@type\":\"ListItem\",\"position\":1,\"name\":\"P\u00e1gina Inicial\",\"item\":\"https:\/\/noticiaempauta.com\/portal\/\"},{\"@type\":\"ListItem\",\"position\":2,\"name\":\"Destaques\",\"item\":\"https:\/\/noticiaempauta.com\/portal\/destaques-site\/\"},{\"@type\":\"ListItem\",\"position\":3,\"name\":\"Pol\u00edcia intensifica buscas por motorista ap\u00f3s abandono de ve\u00edculo na BR 230 em S\u00e3o Juli\u00e3o\"}]},{\"@type\":\"WebSite\",\"@id\":\"https:\/\/noticiaempauta.com\/portal\/#website\",\"url\":\"https:\/\/noticiaempauta.com\/portal\/\",\"name\":\"Portal Not\u00edcia em Pauta\",\"description\":\"Voc\u00ea bem informado\",\"publisher\":{\"@id\":\"https:\/\/noticiaempauta.com\/portal\/#organization\"},\"potentialAction\":[{\"@type\":\"SearchAction\",\"target\":{\"@type\":\"EntryPoint\",\"urlTemplate\":\"https:\/\/noticiaempauta.com\/portal\/?s={search_term_string}\"},\"query-input\":{\"@type\":\"PropertyValueSpecification\",\"valueRequired\":true,\"valueName\":\"search_term_string\"}}],\"inLanguage\":\"pt-BR\"},{\"@type\":\"Organization\",\"@id\":\"https:\/\/noticiaempauta.com\/portal\/#organization\",\"name\":\"Portal Not\u00edcia em Pauta\",\"url\":\"https:\/\/noticiaempauta.com\/portal\/\",\"logo\":{\"@type\":\"ImageObject\",\"inLanguage\":\"pt-BR\",\"@id\":\"https:\/\/noticiaempauta.com\/portal\/#\/schema\/logo\/image\/\",\"url\":\"https:\/\/noticiaempauta.com\/portal\/wp-content\/uploads\/2022\/08\/logomarca_tema.fw_.png\",\"contentUrl\":\"https:\/\/noticiaempauta.com\/portal\/wp-content\/uploads\/2022\/08\/logomarca_tema.fw_.png\",\"width\":400,\"height\":232,\"caption\":\"Portal Not\u00edcia em Pauta\"},\"image\":{\"@id\":\"https:\/\/noticiaempauta.com\/portal\/#\/schema\/logo\/image\/\"},\"sameAs\":[\"https:\/\/www.facebook.com\/Portal-Notcia-Em-Pauta-102292869264820\/\",\"https:\/\/www.instagram.com\/portalnoticiaempauta\/\"]},{\"@type\":\"Person\",\"@id\":\"https:\/\/noticiaempauta.com\/portal\/#\/schema\/person\/a74af43dd1ab3deca45f988c717d57ac\",\"name\":\"Reda\u00e7\u00e3o\",\"image\":{\"@type\":\"ImageObject\",\"inLanguage\":\"pt-BR\",\"@id\":\"https:\/\/noticiaempauta.com\/portal\/#\/schema\/person\/image\/\",\"url\":\"https:\/\/secure.gravatar.com\/avatar\/03179346ecce6cdfc13361603e8f54242a90e5cde8618fa23c5c00aa2b0aadf3?s=96&d=mm&r=g\",\"contentUrl\":\"https:\/\/secure.gravatar.com\/avatar\/03179346ecce6cdfc13361603e8f54242a90e5cde8618fa23c5c00aa2b0aadf3?s=96&d=mm&r=g\",\"caption\":\"Reda\u00e7\u00e3o\"},\"sameAs\":[\"https:\/\/noticiaempauta.com\/portal\/\"],\"url\":\"https:\/\/noticiaempauta.com\/portal\/author\/fernando\/\"}]}<\/script>\n<!-- \/ Yoast SEO Premium plugin. -->","yoast_head_json":{"title":"Pol\u00edcia intensifica buscas por motorista ap\u00f3s abandono de ve\u00edculo na BR 230 em S\u00e3o Juli\u00e3o - Portal Not\u00edcia em Pauta","robots":{"index":"index","follow":"follow","max-snippet":"max-snippet:-1","max-image-preview":"max-image-preview:large","max-video-preview":"max-video-preview:-1"},"canonical":"https:\/\/noticiaempauta.com\/portal\/policia-intensifica-buscas-por-motorista-apos-abandono-de-veiculo-na-br-230-em-sao-juliao\/","og_locale":"pt_BR","og_type":"article","og_title":"Pol\u00edcia intensifica buscas por motorista ap\u00f3s abandono de ve\u00edculo na BR 230 em S\u00e3o Juli\u00e3o","og_description":"Policiais militares da 2\u00aa Companhia da PM juntamente com demais policiais de cidades da regi\u00e3o de S\u00e3o Juli\u00e3o est\u00e3o em dilig\u00eancias para identificar um motorista que est\u00e1 foragido, de acordo com informa\u00e7\u00f5es preliminares. O condutor conseguiu se livrar de um acompanhamento t\u00e1tico policial, ainda na noite desta quarta-feira, 31 de julho, por volta das 19h20min. [&hellip;]","og_url":"https:\/\/noticiaempauta.com\/portal\/policia-intensifica-buscas-por-motorista-apos-abandono-de-veiculo-na-br-230-em-sao-juliao\/","og_site_name":"Portal Not\u00edcia em Pauta","article_publisher":"https:\/\/www.facebook.com\/Portal-Notcia-Em-Pauta-102292869264820\/","article_published_time":"2024-08-02T12:24:43+00:00","article_modified_time":"2024-08-02T12:24:44+00:00","og_image":[{"width":1024,"height":768,"url":"https:\/\/noticiaempauta.com\/portal\/wp-content\/uploads\/2024\/08\/81958592.webp","type":"image\/webp"}],"author":"Reda\u00e7\u00e3o","twitter_card":"summary_large_image","twitter_misc":{"Escrito por":"Reda\u00e7\u00e3o","Est. tempo de leitura":"2 minutos"},"schema":{"@context":"https:\/\/schema.org","@graph":[{"@type":"Article","@id":"https:\/\/noticiaempauta.com\/portal\/policia-intensifica-buscas-por-motorista-apos-abandono-de-veiculo-na-br-230-em-sao-juliao\/#article","isPartOf":{"@id":"https:\/\/noticiaempauta.com\/portal\/policia-intensifica-buscas-por-motorista-apos-abandono-de-veiculo-na-br-230-em-sao-juliao\/"},"author":{"name":"Reda\u00e7\u00e3o","@id":"https:\/\/noticiaempauta.com\/portal\/#\/schema\/person\/a74af43dd1ab3deca45f988c717d57ac"},"headline":"Pol\u00edcia intensifica buscas por motorista ap\u00f3s abandono de ve\u00edculo na BR 230 em S\u00e3o Juli\u00e3o","datePublished":"2024-08-02T12:24:43+00:00","dateModified":"2024-08-02T12:24:44+00:00","mainEntityOfPage":{"@id":"https:\/\/noticiaempauta.com\/portal\/policia-intensifica-buscas-por-motorista-apos-abandono-de-veiculo-na-br-230-em-sao-juliao\/"},"wordCount":165,"commentCount":0,"publisher":{"@id":"https:\/\/noticiaempauta.com\/portal\/#organization"},"image":{"@id":"https:\/\/noticiaempauta.com\/portal\/policia-intensifica-buscas-por-motorista-apos-abandono-de-veiculo-na-br-230-em-sao-juliao\/#primaryimage"},"thumbnailUrl":"https:\/\/noticiaempauta.com\/portal\/wp-content\/uploads\/2024\/08\/81958592.webp","keywords":["destaqueprincipal"],"articleSection":["Destaques","Geral","Pol\u00edcia","Todas as Not\u00edcias"],"inLanguage":"pt-BR","potentialAction":[{"@type":"CommentAction","name":"Comment","target":["https:\/\/noticiaempauta.com\/portal\/policia-intensifica-buscas-por-motorista-apos-abandono-de-veiculo-na-br-230-em-sao-juliao\/#respond"]}]},{"@type":"WebPage","@id":"https:\/\/noticiaempauta.com\/portal\/policia-intensifica-buscas-por-motorista-apos-abandono-de-veiculo-na-br-230-em-sao-juliao\/","url":"https:\/\/noticiaempauta.com\/portal\/policia-intensifica-buscas-por-motorista-apos-abandono-de-veiculo-na-br-230-em-sao-juliao\/","name":"Pol\u00edcia intensifica buscas por motorista ap\u00f3s abandono de ve\u00edculo na BR 230 em S\u00e3o Juli\u00e3o - Portal Not\u00edcia em Pauta","isPartOf":{"@id":"https:\/\/noticiaempauta.com\/portal\/#website"},"primaryImageOfPage":{"@id":"https:\/\/noticiaempauta.com\/portal\/policia-intensifica-buscas-por-motorista-apos-abandono-de-veiculo-na-br-230-em-sao-juliao\/#primaryimage"},"image":{"@id":"https:\/\/noticiaempauta.com\/portal\/policia-intensifica-buscas-por-motorista-apos-abandono-de-veiculo-na-br-230-em-sao-juliao\/#primaryimage"},"thumbnailUrl":"https:\/\/noticiaempauta.com\/portal\/wp-content\/uploads\/2024\/08\/81958592.webp","datePublished":"2024-08-02T12:24:43+00:00","dateModified":"2024-08-02T12:24:44+00:00","breadcrumb":{"@id":"https:\/\/noticiaempauta.com\/portal\/policia-intensifica-buscas-por-motorista-apos-abandono-de-veiculo-na-br-230-em-sao-juliao\/#breadcrumb"},"inLanguage":"pt-BR","potentialAction":[{"@type":"ReadAction","target":["https:\/\/noticiaempauta.com\/portal\/policia-intensifica-buscas-por-motorista-apos-abandono-de-veiculo-na-br-230-em-sao-juliao\/"]}]},{"@type":"ImageObject","inLanguage":"pt-BR","@id":"https:\/\/noticiaempauta.com\/portal\/policia-intensifica-buscas-por-motorista-apos-abandono-de-veiculo-na-br-230-em-sao-juliao\/#primaryimage","url":"https:\/\/noticiaempauta.com\/portal\/wp-content\/uploads\/2024\/08\/81958592.webp","contentUrl":"https:\/\/noticiaempauta.com\/portal\/wp-content\/uploads\/2024\/08\/81958592.webp","width":1024,"height":768},{"@type":"BreadcrumbList","@id":"https:\/\/noticiaempauta.com\/portal\/policia-intensifica-buscas-por-motorista-apos-abandono-de-veiculo-na-br-230-em-sao-juliao\/#breadcrumb","itemListElement":[{"@type":"ListItem","position":1,"name":"P\u00e1gina Inicial","item":"https:\/\/noticiaempauta.com\/portal\/"},{"@type":"ListItem","position":2,"name":"Destaques","item":"https:\/\/noticiaempauta.com\/portal\/destaques-site\/"},{"@type":"ListItem","position":3,"name":"Pol\u00edcia intensifica buscas por motorista ap\u00f3s abandono de ve\u00edculo na BR 230 em S\u00e3o Juli\u00e3o"}]},{"@type":"WebSite","@id":"https:\/\/noticiaempauta.com\/portal\/#website","url":"https:\/\/noticiaempauta.com\/portal\/","name":"Portal Not\u00edcia em Pauta","description":"Voc\u00ea bem informado","publisher":{"@id":"https:\/\/noticiaempauta.com\/portal\/#organization"},"potentialAction":[{"@type":"SearchAction","target":{"@type":"EntryPoint","urlTemplate":"https:\/\/noticiaempauta.com\/portal\/?s={search_term_string}"},"query-input":{"@type":"PropertyValueSpecification","valueRequired":true,"valueName":"search_term_string"}}],"inLanguage":"pt-BR"},{"@type":"Organization","@id":"https:\/\/noticiaempauta.com\/portal\/#organization","name":"Portal Not\u00edcia em Pauta","url":"https:\/\/noticiaempauta.com\/portal\/","logo":{"@type":"ImageObject","inLanguage":"pt-BR","@id":"https:\/\/noticiaempauta.com\/portal\/#\/schema\/logo\/image\/","url":"https:\/\/noticiaempauta.com\/portal\/wp-content\/uploads\/2022\/08\/logomarca_tema.fw_.png","contentUrl":"https:\/\/noticiaempauta.com\/portal\/wp-content\/uploads\/2022\/08\/logomarca_tema.fw_.png","width":400,"height":232,"caption":"Portal Not\u00edcia em Pauta"},"image":{"@id":"https:\/\/noticiaempauta.com\/portal\/#\/schema\/logo\/image\/"},"sameAs":["https:\/\/www.facebook.com\/Portal-Notcia-Em-Pauta-102292869264820\/","https:\/\/www.instagram.com\/portalnoticiaempauta\/"]},{"@type":"Person","@id":"https:\/\/noticiaempauta.com\/portal\/#\/schema\/person\/a74af43dd1ab3deca45f988c717d57ac","name":"Reda\u00e7\u00e3o","image":{"@type":"ImageObject","inLanguage":"pt-BR","@id":"https:\/\/noticiaempauta.com\/portal\/#\/schema\/person\/image\/","url":"https:\/\/secure.gravatar.com\/avatar\/03179346ecce6cdfc13361603e8f54242a90e5cde8618fa23c5c00aa2b0aadf3?s=96&d=mm&r=g","contentUrl":"https:\/\/secure.gravatar.com\/avatar\/03179346ecce6cdfc13361603e8f54242a90e5cde8618fa23c5c00aa2b0aadf3?s=96&d=mm&r=g","caption":"Reda\u00e7\u00e3o"},"sameAs":["https:\/\/noticiaempauta.com\/portal\/"],"url":"https:\/\/noticiaempauta.com\/portal\/author\/fernando\/"}]}},"_links":{"self":[{"href":"https:\/\/noticiaempauta.com\/portal\/wp-json\/wp\/v2\/posts\/260635","targetHints":{"allow":["GET"]}}],"collection":[{"href":"https:\/\/noticiaempauta.com\/portal\/wp-json\/wp\/v2\/posts"}],"about":[{"href":"https:\/\/noticiaempauta.com\/portal\/wp-json\/wp\/v2\/types\/post"}],"author":[{"embeddable":true,"href":"https:\/\/noticiaempauta.com\/portal\/wp-json\/wp\/v2\/users\/2"}],"replies":[{"embeddable":true,"href":"https:\/\/noticiaempauta.com\/portal\/wp-json\/wp\/v2\/comments?post=260635"}],"version-history":[{"count":2,"href":"https:\/\/noticiaempauta.com\/portal\/wp-json\/wp\/v2\/posts\/260635\/revisions"}],"predecessor-version":[{"id":260638,"href":"https:\/\/noticiaempauta.com\/portal\/wp-json\/wp\/v2\/posts\/260635\/revisions\/260638"}],"wp:featuredmedia":[{"embeddable":true,"href":"https:\/\/noticiaempauta.com\/portal\/wp-json\/wp\/v2\/media\/260636"}],"wp:attachment":[{"href":"https:\/\/noticiaempauta.com\/portal\/wp-json\/wp\/v2\/media?parent=260635"}],"wp:term":[{"taxonomy":"category","embeddable":true,"href":"https:\/\/noticiaempauta.com\/portal\/wp-json\/wp\/v2\/categories?post=260635"},{"taxonomy":"post_tag","embeddable":true,"href":"https:\/\/noticiaempauta.com\/portal\/wp-json\/wp\/v2\/tags?post=260635"}],"curies":[{"name":"wp","href":"https:\/\/api.w.org\/{rel}","templated":true}]}}