{"id":260644,"date":"2024-08-02T10:08:05","date_gmt":"2024-08-02T13:08:05","guid":{"rendered":"https:\/\/noticiaempauta.com\/portal\/?p=260644"},"modified":"2024-08-02T10:09:28","modified_gmt":"2024-08-02T13:09:28","slug":"ex-deputado-b-sa-confirma-ser-pre-candidatura-a-vice-prefeito-na-chapa-de-ze-alberto-em-oeiras","status":"publish","type":"post","link":"https:\/\/noticiaempauta.com\/portal\/ex-deputado-b-sa-confirma-ser-pre-candidatura-a-vice-prefeito-na-chapa-de-ze-alberto-em-oeiras\/","title":{"rendered":"Ex-deputado B.S\u00e1 confirma pr\u00e9-candidatura a vice-prefeito na chapa de Z\u00e9 Alberto em Oeiras"},"content":{"rendered":"\n<p>O ex-deputado e ex-prefeito de Oeiras, B.S\u00e1 (PROGRESSISTAS) anunciou na manh\u00e3 dessa sexta-feira, 02, que ser\u00e1 candidato a vice na chapa encabe\u00e7ada pelo atual vice-prefeito Jos\u00e9 Alberto pelo grupo situacionista em Oeiras.<\/p>\n\n\n\n<p>O an\u00fancio foi feito pelo pr\u00f3prio ex-prefeito durante entrevista em seu programa semanal de r\u00e1dio concedida ao jornalista Josaf\u00e1 Torres na R\u00e1dio Vale do Canind\u00e9.<\/p>\n\n\n\n<figure class=\"wp-block-image size-full\"><img fetchpriority=\"high\" decoding=\"async\" width=\"552\" height=\"380\" src=\"https:\/\/noticiaempauta.com\/portal\/wp-content\/uploads\/2024\/08\/Bsa-ex-prefeito01.jpg\" alt=\"\" class=\"wp-image-260645\" srcset=\"https:\/\/noticiaempauta.com\/portal\/wp-content\/uploads\/2024\/08\/Bsa-ex-prefeito01.jpg 552w, https:\/\/noticiaempauta.com\/portal\/wp-content\/uploads\/2024\/08\/Bsa-ex-prefeito01-300x207.jpg 300w\" sizes=\"(max-width: 552px) 100vw, 552px\" \/><figcaption class=\"wp-element-caption\">(Foto: Reprodu\u00e7\u00e3o)<\/figcaption><\/figure>\n\n\n\n<p>&#8220;N\u00e3o estou tomado pelo sentimento de orgulho e nem de vaidade, mas pelo compromisso de trabalhar cada vez mais por Oeiras&#8221;, externou B.S\u00e1.<\/p>\n\n\n\n<p>O grupo pol\u00edtico da situa\u00e7\u00e3o em Oeiras que \u00e9 comandado pelo prefeito Jos\u00e9 Raimundo (PROGRESSISTAS), realizar\u00e1 no pr\u00f3ximo s\u00e1bado,03, sua conven\u00e7\u00e3o partid\u00e1ria. O momento pol\u00edtico est\u00e1 marcado para acontecer \u00e0s 19h, no Clube B.Maroca.<\/p>\n\n\n\n<p>Fonte: Folha de Oeiras<\/p>\n","protected":false},"excerpt":{"rendered":"<p>O ex-deputado e ex-prefeito de Oeiras, B.S\u00e1 (PROGRESSISTAS) anunciou na manh\u00e3 dessa sexta-feira, 02, que ser\u00e1 candidato a vice na chapa encabe\u00e7ada pelo atual vice-prefeito Jos\u00e9 Alberto pelo grupo situacionista em Oeiras. O an\u00fancio foi feito pelo pr\u00f3prio ex-prefeito durante entrevista em seu programa semanal de r\u00e1dio concedida ao jornalista Josaf\u00e1 Torres na R\u00e1dio Vale [&hellip;]<\/p>\n","protected":false},"author":2,"featured_media":260645,"comment_status":"open","ping_status":"open","sticky":false,"template":"","format":"standard","meta":{"_mi_skip_tracking":false,"footnotes":""},"categories":[25,1,9,3,16],"tags":[192],"class_list":["post-260644","post","type-post","status-publish","format-standard","has-post-thumbnail","hentry","category-destaques-site","category-geral","category-municipios","category-politica","category-todas","tag-destaqueprincipal"],"acf":[],"yoast_head":"<!-- This site is optimized with the Yoast SEO Premium plugin v19.2 (Yoast SEO v26.9) - https:\/\/yoast.com\/product\/yoast-seo-premium-wordpress\/ -->\n<title>Ex-deputado B.S\u00e1 confirma pr\u00e9-candidatura a vice-prefeito na chapa de Z\u00e9 Alberto em Oeiras - Portal Not\u00edcia em Pauta<\/title>\n<meta name=\"robots\" content=\"index, follow, max-snippet:-1, max-image-preview:large, max-video-preview:-1\" \/>\n<link rel=\"canonical\" href=\"https:\/\/noticiaempauta.com\/portal\/ex-deputado-b-sa-confirma-ser-pre-candidatura-a-vice-prefeito-na-chapa-de-ze-alberto-em-oeiras\/\" \/>\n<meta property=\"og:locale\" content=\"pt_BR\" \/>\n<meta property=\"og:type\" content=\"article\" \/>\n<meta property=\"og:title\" content=\"Ex-deputado B.S\u00e1 confirma pr\u00e9-candidatura a vice-prefeito na chapa de Z\u00e9 Alberto em Oeiras\" \/>\n<meta property=\"og:description\" content=\"O ex-deputado e ex-prefeito de Oeiras, B.S\u00e1 (PROGRESSISTAS) anunciou na manh\u00e3 dessa sexta-feira, 02, que ser\u00e1 candidato a vice na chapa encabe\u00e7ada pelo atual vice-prefeito Jos\u00e9 Alberto pelo grupo situacionista em Oeiras. O an\u00fancio foi feito pelo pr\u00f3prio ex-prefeito durante entrevista em seu programa semanal de r\u00e1dio concedida ao jornalista Josaf\u00e1 Torres na R\u00e1dio Vale [&hellip;]\" \/>\n<meta property=\"og:url\" content=\"https:\/\/noticiaempauta.com\/portal\/ex-deputado-b-sa-confirma-ser-pre-candidatura-a-vice-prefeito-na-chapa-de-ze-alberto-em-oeiras\/\" \/>\n<meta property=\"og:site_name\" content=\"Portal Not\u00edcia em Pauta\" \/>\n<meta property=\"article:publisher\" content=\"https:\/\/www.facebook.com\/Portal-Notcia-Em-Pauta-102292869264820\/\" \/>\n<meta property=\"article:published_time\" content=\"2024-08-02T13:08:05+00:00\" \/>\n<meta property=\"article:modified_time\" content=\"2024-08-02T13:09:28+00:00\" \/>\n<meta property=\"og:image\" content=\"https:\/\/noticiaempauta.com\/portal\/wp-content\/uploads\/2024\/08\/Bsa-ex-prefeito01.jpg\" \/>\n\t<meta property=\"og:image:width\" content=\"552\" \/>\n\t<meta property=\"og:image:height\" content=\"380\" \/>\n\t<meta property=\"og:image:type\" content=\"image\/jpeg\" \/>\n<meta name=\"author\" content=\"Reda\u00e7\u00e3o\" \/>\n<meta name=\"twitter:card\" content=\"summary_large_image\" \/>\n<meta name=\"twitter:label1\" content=\"Escrito por\" \/>\n\t<meta name=\"twitter:data1\" content=\"Reda\u00e7\u00e3o\" \/>\n\t<meta name=\"twitter:label2\" content=\"Est. tempo de leitura\" \/>\n\t<meta name=\"twitter:data2\" content=\"2 minutos\" \/>\n<script type=\"application\/ld+json\" class=\"yoast-schema-graph\">{\"@context\":\"https:\/\/schema.org\",\"@graph\":[{\"@type\":\"Article\",\"@id\":\"https:\/\/noticiaempauta.com\/portal\/ex-deputado-b-sa-confirma-ser-pre-candidatura-a-vice-prefeito-na-chapa-de-ze-alberto-em-oeiras\/#article\",\"isPartOf\":{\"@id\":\"https:\/\/noticiaempauta.com\/portal\/ex-deputado-b-sa-confirma-ser-pre-candidatura-a-vice-prefeito-na-chapa-de-ze-alberto-em-oeiras\/\"},\"author\":{\"name\":\"Reda\u00e7\u00e3o\",\"@id\":\"https:\/\/noticiaempauta.com\/portal\/#\/schema\/person\/a74af43dd1ab3deca45f988c717d57ac\"},\"headline\":\"Ex-deputado B.S\u00e1 confirma pr\u00e9-candidatura a vice-prefeito na chapa de Z\u00e9 Alberto em Oeiras\",\"datePublished\":\"2024-08-02T13:08:05+00:00\",\"dateModified\":\"2024-08-02T13:09:28+00:00\",\"mainEntityOfPage\":{\"@id\":\"https:\/\/noticiaempauta.com\/portal\/ex-deputado-b-sa-confirma-ser-pre-candidatura-a-vice-prefeito-na-chapa-de-ze-alberto-em-oeiras\/\"},\"wordCount\":150,\"commentCount\":0,\"publisher\":{\"@id\":\"https:\/\/noticiaempauta.com\/portal\/#organization\"},\"image\":{\"@id\":\"https:\/\/noticiaempauta.com\/portal\/ex-deputado-b-sa-confirma-ser-pre-candidatura-a-vice-prefeito-na-chapa-de-ze-alberto-em-oeiras\/#primaryimage\"},\"thumbnailUrl\":\"https:\/\/noticiaempauta.com\/portal\/wp-content\/uploads\/2024\/08\/Bsa-ex-prefeito01.jpg\",\"keywords\":[\"destaqueprincipal\"],\"articleSection\":[\"Destaques\",\"Geral\",\"Munic\u00edpios\",\"Pol\u00edtica\",\"Todas as Not\u00edcias\"],\"inLanguage\":\"pt-BR\",\"potentialAction\":[{\"@type\":\"CommentAction\",\"name\":\"Comment\",\"target\":[\"https:\/\/noticiaempauta.com\/portal\/ex-deputado-b-sa-confirma-ser-pre-candidatura-a-vice-prefeito-na-chapa-de-ze-alberto-em-oeiras\/#respond\"]}]},{\"@type\":\"WebPage\",\"@id\":\"https:\/\/noticiaempauta.com\/portal\/ex-deputado-b-sa-confirma-ser-pre-candidatura-a-vice-prefeito-na-chapa-de-ze-alberto-em-oeiras\/\",\"url\":\"https:\/\/noticiaempauta.com\/portal\/ex-deputado-b-sa-confirma-ser-pre-candidatura-a-vice-prefeito-na-chapa-de-ze-alberto-em-oeiras\/\",\"name\":\"Ex-deputado B.S\u00e1 confirma pr\u00e9-candidatura a vice-prefeito na chapa de Z\u00e9 Alberto em Oeiras - Portal Not\u00edcia em Pauta\",\"isPartOf\":{\"@id\":\"https:\/\/noticiaempauta.com\/portal\/#website\"},\"primaryImageOfPage\":{\"@id\":\"https:\/\/noticiaempauta.com\/portal\/ex-deputado-b-sa-confirma-ser-pre-candidatura-a-vice-prefeito-na-chapa-de-ze-alberto-em-oeiras\/#primaryimage\"},\"image\":{\"@id\":\"https:\/\/noticiaempauta.com\/portal\/ex-deputado-b-sa-confirma-ser-pre-candidatura-a-vice-prefeito-na-chapa-de-ze-alberto-em-oeiras\/#primaryimage\"},\"thumbnailUrl\":\"https:\/\/noticiaempauta.com\/portal\/wp-content\/uploads\/2024\/08\/Bsa-ex-prefeito01.jpg\",\"datePublished\":\"2024-08-02T13:08:05+00:00\",\"dateModified\":\"2024-08-02T13:09:28+00:00\",\"breadcrumb\":{\"@id\":\"https:\/\/noticiaempauta.com\/portal\/ex-deputado-b-sa-confirma-ser-pre-candidatura-a-vice-prefeito-na-chapa-de-ze-alberto-em-oeiras\/#breadcrumb\"},\"inLanguage\":\"pt-BR\",\"potentialAction\":[{\"@type\":\"ReadAction\",\"target\":[\"https:\/\/noticiaempauta.com\/portal\/ex-deputado-b-sa-confirma-ser-pre-candidatura-a-vice-prefeito-na-chapa-de-ze-alberto-em-oeiras\/\"]}]},{\"@type\":\"ImageObject\",\"inLanguage\":\"pt-BR\",\"@id\":\"https:\/\/noticiaempauta.com\/portal\/ex-deputado-b-sa-confirma-ser-pre-candidatura-a-vice-prefeito-na-chapa-de-ze-alberto-em-oeiras\/#primaryimage\",\"url\":\"https:\/\/noticiaempauta.com\/portal\/wp-content\/uploads\/2024\/08\/Bsa-ex-prefeito01.jpg\",\"contentUrl\":\"https:\/\/noticiaempauta.com\/portal\/wp-content\/uploads\/2024\/08\/Bsa-ex-prefeito01.jpg\",\"width\":552,\"height\":380},{\"@type\":\"BreadcrumbList\",\"@id\":\"https:\/\/noticiaempauta.com\/portal\/ex-deputado-b-sa-confirma-ser-pre-candidatura-a-vice-prefeito-na-chapa-de-ze-alberto-em-oeiras\/#breadcrumb\",\"itemListElement\":[{\"@type\":\"ListItem\",\"position\":1,\"name\":\"P\u00e1gina Inicial\",\"item\":\"https:\/\/noticiaempauta.com\/portal\/\"},{\"@type\":\"ListItem\",\"position\":2,\"name\":\"Destaques\",\"item\":\"https:\/\/noticiaempauta.com\/portal\/destaques-site\/\"},{\"@type\":\"ListItem\",\"position\":3,\"name\":\"Ex-deputado B.S\u00e1 confirma pr\u00e9-candidatura a vice-prefeito na chapa de Z\u00e9 Alberto em Oeiras\"}]},{\"@type\":\"WebSite\",\"@id\":\"https:\/\/noticiaempauta.com\/portal\/#website\",\"url\":\"https:\/\/noticiaempauta.com\/portal\/\",\"name\":\"Portal Not\u00edcia em Pauta\",\"description\":\"Voc\u00ea bem informado\",\"publisher\":{\"@id\":\"https:\/\/noticiaempauta.com\/portal\/#organization\"},\"potentialAction\":[{\"@type\":\"SearchAction\",\"target\":{\"@type\":\"EntryPoint\",\"urlTemplate\":\"https:\/\/noticiaempauta.com\/portal\/?s={search_term_string}\"},\"query-input\":{\"@type\":\"PropertyValueSpecification\",\"valueRequired\":true,\"valueName\":\"search_term_string\"}}],\"inLanguage\":\"pt-BR\"},{\"@type\":\"Organization\",\"@id\":\"https:\/\/noticiaempauta.com\/portal\/#organization\",\"name\":\"Portal Not\u00edcia em Pauta\",\"url\":\"https:\/\/noticiaempauta.com\/portal\/\",\"logo\":{\"@type\":\"ImageObject\",\"inLanguage\":\"pt-BR\",\"@id\":\"https:\/\/noticiaempauta.com\/portal\/#\/schema\/logo\/image\/\",\"url\":\"https:\/\/noticiaempauta.com\/portal\/wp-content\/uploads\/2022\/08\/logomarca_tema.fw_.png\",\"contentUrl\":\"https:\/\/noticiaempauta.com\/portal\/wp-content\/uploads\/2022\/08\/logomarca_tema.fw_.png\",\"width\":400,\"height\":232,\"caption\":\"Portal Not\u00edcia em Pauta\"},\"image\":{\"@id\":\"https:\/\/noticiaempauta.com\/portal\/#\/schema\/logo\/image\/\"},\"sameAs\":[\"https:\/\/www.facebook.com\/Portal-Notcia-Em-Pauta-102292869264820\/\",\"https:\/\/www.instagram.com\/portalnoticiaempauta\/\"]},{\"@type\":\"Person\",\"@id\":\"https:\/\/noticiaempauta.com\/portal\/#\/schema\/person\/a74af43dd1ab3deca45f988c717d57ac\",\"name\":\"Reda\u00e7\u00e3o\",\"image\":{\"@type\":\"ImageObject\",\"inLanguage\":\"pt-BR\",\"@id\":\"https:\/\/noticiaempauta.com\/portal\/#\/schema\/person\/image\/\",\"url\":\"https:\/\/secure.gravatar.com\/avatar\/03179346ecce6cdfc13361603e8f54242a90e5cde8618fa23c5c00aa2b0aadf3?s=96&d=mm&r=g\",\"contentUrl\":\"https:\/\/secure.gravatar.com\/avatar\/03179346ecce6cdfc13361603e8f54242a90e5cde8618fa23c5c00aa2b0aadf3?s=96&d=mm&r=g\",\"caption\":\"Reda\u00e7\u00e3o\"},\"sameAs\":[\"https:\/\/noticiaempauta.com\/portal\/\"],\"url\":\"https:\/\/noticiaempauta.com\/portal\/author\/fernando\/\"}]}<\/script>\n<!-- \/ Yoast SEO Premium plugin. -->","yoast_head_json":{"title":"Ex-deputado B.S\u00e1 confirma pr\u00e9-candidatura a vice-prefeito na chapa de Z\u00e9 Alberto em Oeiras - Portal Not\u00edcia em Pauta","robots":{"index":"index","follow":"follow","max-snippet":"max-snippet:-1","max-image-preview":"max-image-preview:large","max-video-preview":"max-video-preview:-1"},"canonical":"https:\/\/noticiaempauta.com\/portal\/ex-deputado-b-sa-confirma-ser-pre-candidatura-a-vice-prefeito-na-chapa-de-ze-alberto-em-oeiras\/","og_locale":"pt_BR","og_type":"article","og_title":"Ex-deputado B.S\u00e1 confirma pr\u00e9-candidatura a vice-prefeito na chapa de Z\u00e9 Alberto em Oeiras","og_description":"O ex-deputado e ex-prefeito de Oeiras, B.S\u00e1 (PROGRESSISTAS) anunciou na manh\u00e3 dessa sexta-feira, 02, que ser\u00e1 candidato a vice na chapa encabe\u00e7ada pelo atual vice-prefeito Jos\u00e9 Alberto pelo grupo situacionista em Oeiras. O an\u00fancio foi feito pelo pr\u00f3prio ex-prefeito durante entrevista em seu programa semanal de r\u00e1dio concedida ao jornalista Josaf\u00e1 Torres na R\u00e1dio Vale [&hellip;]","og_url":"https:\/\/noticiaempauta.com\/portal\/ex-deputado-b-sa-confirma-ser-pre-candidatura-a-vice-prefeito-na-chapa-de-ze-alberto-em-oeiras\/","og_site_name":"Portal Not\u00edcia em Pauta","article_publisher":"https:\/\/www.facebook.com\/Portal-Notcia-Em-Pauta-102292869264820\/","article_published_time":"2024-08-02T13:08:05+00:00","article_modified_time":"2024-08-02T13:09:28+00:00","og_image":[{"width":552,"height":380,"url":"https:\/\/noticiaempauta.com\/portal\/wp-content\/uploads\/2024\/08\/Bsa-ex-prefeito01.jpg","type":"image\/jpeg"}],"author":"Reda\u00e7\u00e3o","twitter_card":"summary_large_image","twitter_misc":{"Escrito por":"Reda\u00e7\u00e3o","Est. tempo de leitura":"2 minutos"},"schema":{"@context":"https:\/\/schema.org","@graph":[{"@type":"Article","@id":"https:\/\/noticiaempauta.com\/portal\/ex-deputado-b-sa-confirma-ser-pre-candidatura-a-vice-prefeito-na-chapa-de-ze-alberto-em-oeiras\/#article","isPartOf":{"@id":"https:\/\/noticiaempauta.com\/portal\/ex-deputado-b-sa-confirma-ser-pre-candidatura-a-vice-prefeito-na-chapa-de-ze-alberto-em-oeiras\/"},"author":{"name":"Reda\u00e7\u00e3o","@id":"https:\/\/noticiaempauta.com\/portal\/#\/schema\/person\/a74af43dd1ab3deca45f988c717d57ac"},"headline":"Ex-deputado B.S\u00e1 confirma pr\u00e9-candidatura a vice-prefeito na chapa de Z\u00e9 Alberto em Oeiras","datePublished":"2024-08-02T13:08:05+00:00","dateModified":"2024-08-02T13:09:28+00:00","mainEntityOfPage":{"@id":"https:\/\/noticiaempauta.com\/portal\/ex-deputado-b-sa-confirma-ser-pre-candidatura-a-vice-prefeito-na-chapa-de-ze-alberto-em-oeiras\/"},"wordCount":150,"commentCount":0,"publisher":{"@id":"https:\/\/noticiaempauta.com\/portal\/#organization"},"image":{"@id":"https:\/\/noticiaempauta.com\/portal\/ex-deputado-b-sa-confirma-ser-pre-candidatura-a-vice-prefeito-na-chapa-de-ze-alberto-em-oeiras\/#primaryimage"},"thumbnailUrl":"https:\/\/noticiaempauta.com\/portal\/wp-content\/uploads\/2024\/08\/Bsa-ex-prefeito01.jpg","keywords":["destaqueprincipal"],"articleSection":["Destaques","Geral","Munic\u00edpios","Pol\u00edtica","Todas as Not\u00edcias"],"inLanguage":"pt-BR","potentialAction":[{"@type":"CommentAction","name":"Comment","target":["https:\/\/noticiaempauta.com\/portal\/ex-deputado-b-sa-confirma-ser-pre-candidatura-a-vice-prefeito-na-chapa-de-ze-alberto-em-oeiras\/#respond"]}]},{"@type":"WebPage","@id":"https:\/\/noticiaempauta.com\/portal\/ex-deputado-b-sa-confirma-ser-pre-candidatura-a-vice-prefeito-na-chapa-de-ze-alberto-em-oeiras\/","url":"https:\/\/noticiaempauta.com\/portal\/ex-deputado-b-sa-confirma-ser-pre-candidatura-a-vice-prefeito-na-chapa-de-ze-alberto-em-oeiras\/","name":"Ex-deputado B.S\u00e1 confirma pr\u00e9-candidatura a vice-prefeito na chapa de Z\u00e9 Alberto em Oeiras - Portal Not\u00edcia em Pauta","isPartOf":{"@id":"https:\/\/noticiaempauta.com\/portal\/#website"},"primaryImageOfPage":{"@id":"https:\/\/noticiaempauta.com\/portal\/ex-deputado-b-sa-confirma-ser-pre-candidatura-a-vice-prefeito-na-chapa-de-ze-alberto-em-oeiras\/#primaryimage"},"image":{"@id":"https:\/\/noticiaempauta.com\/portal\/ex-deputado-b-sa-confirma-ser-pre-candidatura-a-vice-prefeito-na-chapa-de-ze-alberto-em-oeiras\/#primaryimage"},"thumbnailUrl":"https:\/\/noticiaempauta.com\/portal\/wp-content\/uploads\/2024\/08\/Bsa-ex-prefeito01.jpg","datePublished":"2024-08-02T13:08:05+00:00","dateModified":"2024-08-02T13:09:28+00:00","breadcrumb":{"@id":"https:\/\/noticiaempauta.com\/portal\/ex-deputado-b-sa-confirma-ser-pre-candidatura-a-vice-prefeito-na-chapa-de-ze-alberto-em-oeiras\/#breadcrumb"},"inLanguage":"pt-BR","potentialAction":[{"@type":"ReadAction","target":["https:\/\/noticiaempauta.com\/portal\/ex-deputado-b-sa-confirma-ser-pre-candidatura-a-vice-prefeito-na-chapa-de-ze-alberto-em-oeiras\/"]}]},{"@type":"ImageObject","inLanguage":"pt-BR","@id":"https:\/\/noticiaempauta.com\/portal\/ex-deputado-b-sa-confirma-ser-pre-candidatura-a-vice-prefeito-na-chapa-de-ze-alberto-em-oeiras\/#primaryimage","url":"https:\/\/noticiaempauta.com\/portal\/wp-content\/uploads\/2024\/08\/Bsa-ex-prefeito01.jpg","contentUrl":"https:\/\/noticiaempauta.com\/portal\/wp-content\/uploads\/2024\/08\/Bsa-ex-prefeito01.jpg","width":552,"height":380},{"@type":"BreadcrumbList","@id":"https:\/\/noticiaempauta.com\/portal\/ex-deputado-b-sa-confirma-ser-pre-candidatura-a-vice-prefeito-na-chapa-de-ze-alberto-em-oeiras\/#breadcrumb","itemListElement":[{"@type":"ListItem","position":1,"name":"P\u00e1gina Inicial","item":"https:\/\/noticiaempauta.com\/portal\/"},{"@type":"ListItem","position":2,"name":"Destaques","item":"https:\/\/noticiaempauta.com\/portal\/destaques-site\/"},{"@type":"ListItem","position":3,"name":"Ex-deputado B.S\u00e1 confirma pr\u00e9-candidatura a vice-prefeito na chapa de Z\u00e9 Alberto em Oeiras"}]},{"@type":"WebSite","@id":"https:\/\/noticiaempauta.com\/portal\/#website","url":"https:\/\/noticiaempauta.com\/portal\/","name":"Portal Not\u00edcia em Pauta","description":"Voc\u00ea bem informado","publisher":{"@id":"https:\/\/noticiaempauta.com\/portal\/#organization"},"potentialAction":[{"@type":"SearchAction","target":{"@type":"EntryPoint","urlTemplate":"https:\/\/noticiaempauta.com\/portal\/?s={search_term_string}"},"query-input":{"@type":"PropertyValueSpecification","valueRequired":true,"valueName":"search_term_string"}}],"inLanguage":"pt-BR"},{"@type":"Organization","@id":"https:\/\/noticiaempauta.com\/portal\/#organization","name":"Portal Not\u00edcia em Pauta","url":"https:\/\/noticiaempauta.com\/portal\/","logo":{"@type":"ImageObject","inLanguage":"pt-BR","@id":"https:\/\/noticiaempauta.com\/portal\/#\/schema\/logo\/image\/","url":"https:\/\/noticiaempauta.com\/portal\/wp-content\/uploads\/2022\/08\/logomarca_tema.fw_.png","contentUrl":"https:\/\/noticiaempauta.com\/portal\/wp-content\/uploads\/2022\/08\/logomarca_tema.fw_.png","width":400,"height":232,"caption":"Portal Not\u00edcia em Pauta"},"image":{"@id":"https:\/\/noticiaempauta.com\/portal\/#\/schema\/logo\/image\/"},"sameAs":["https:\/\/www.facebook.com\/Portal-Notcia-Em-Pauta-102292869264820\/","https:\/\/www.instagram.com\/portalnoticiaempauta\/"]},{"@type":"Person","@id":"https:\/\/noticiaempauta.com\/portal\/#\/schema\/person\/a74af43dd1ab3deca45f988c717d57ac","name":"Reda\u00e7\u00e3o","image":{"@type":"ImageObject","inLanguage":"pt-BR","@id":"https:\/\/noticiaempauta.com\/portal\/#\/schema\/person\/image\/","url":"https:\/\/secure.gravatar.com\/avatar\/03179346ecce6cdfc13361603e8f54242a90e5cde8618fa23c5c00aa2b0aadf3?s=96&d=mm&r=g","contentUrl":"https:\/\/secure.gravatar.com\/avatar\/03179346ecce6cdfc13361603e8f54242a90e5cde8618fa23c5c00aa2b0aadf3?s=96&d=mm&r=g","caption":"Reda\u00e7\u00e3o"},"sameAs":["https:\/\/noticiaempauta.com\/portal\/"],"url":"https:\/\/noticiaempauta.com\/portal\/author\/fernando\/"}]}},"_links":{"self":[{"href":"https:\/\/noticiaempauta.com\/portal\/wp-json\/wp\/v2\/posts\/260644","targetHints":{"allow":["GET"]}}],"collection":[{"href":"https:\/\/noticiaempauta.com\/portal\/wp-json\/wp\/v2\/posts"}],"about":[{"href":"https:\/\/noticiaempauta.com\/portal\/wp-json\/wp\/v2\/types\/post"}],"author":[{"embeddable":true,"href":"https:\/\/noticiaempauta.com\/portal\/wp-json\/wp\/v2\/users\/2"}],"replies":[{"embeddable":true,"href":"https:\/\/noticiaempauta.com\/portal\/wp-json\/wp\/v2\/comments?post=260644"}],"version-history":[{"count":6,"href":"https:\/\/noticiaempauta.com\/portal\/wp-json\/wp\/v2\/posts\/260644\/revisions"}],"predecessor-version":[{"id":260651,"href":"https:\/\/noticiaempauta.com\/portal\/wp-json\/wp\/v2\/posts\/260644\/revisions\/260651"}],"wp:featuredmedia":[{"embeddable":true,"href":"https:\/\/noticiaempauta.com\/portal\/wp-json\/wp\/v2\/media\/260645"}],"wp:attachment":[{"href":"https:\/\/noticiaempauta.com\/portal\/wp-json\/wp\/v2\/media?parent=260644"}],"wp:term":[{"taxonomy":"category","embeddable":true,"href":"https:\/\/noticiaempauta.com\/portal\/wp-json\/wp\/v2\/categories?post=260644"},{"taxonomy":"post_tag","embeddable":true,"href":"https:\/\/noticiaempauta.com\/portal\/wp-json\/wp\/v2\/tags?post=260644"}],"curies":[{"name":"wp","href":"https:\/\/api.w.org\/{rel}","templated":true}]}}