{"id":260653,"date":"2024-08-02T11:33:44","date_gmt":"2024-08-02T14:33:44","guid":{"rendered":"https:\/\/noticiaempauta.com\/portal\/?p=260653"},"modified":"2024-08-02T11:40:26","modified_gmt":"2024-08-02T14:40:26","slug":"joao-guilherme-tem-50-das-intencoes-de-votos-em-santana-do-piaui-diz-pesquisa-ippi","status":"publish","type":"post","link":"https:\/\/noticiaempauta.com\/portal\/joao-guilherme-tem-50-das-intencoes-de-votos-em-santana-do-piaui-diz-pesquisa-ippi\/","title":{"rendered":"Jo\u00e3o Guilherme tem 50% das inten\u00e7\u00f5es de votos em Santana do Piau\u00ed, diz pesquisa IPPI"},"content":{"rendered":"\n<p>O Instituto IPPI Pesquisas divulgou na manh\u00e3 desta sexta-feira, 02 de agosto, pesquisa eleitoral registrada sob o n\u00ba PI-02450\/2024, cujo o levantamento mostrou que se as elei\u00e7\u00f5es no munic\u00edpio de Santana do Piau\u00ed fossem hoje, o atual vereador e pr\u00e9-candidato a prefeito, Jo\u00e3o Guilherme (MDB) seria eleito prefeito. Ele aparece liderando a corrida eleitoral, com 50% das inten\u00e7\u00f5es de voto, vindo em segundo lugar o pr\u00e9-candidato Adonaldo Cassiano, com 41% das inten\u00e7\u00f5es de voto.<\/p>\n\n\n\n<figure class=\"wp-block-image size-large\"><img fetchpriority=\"high\" decoding=\"async\" width=\"1024\" height=\"748\" src=\"https:\/\/noticiaempauta.com\/portal\/wp-content\/uploads\/2024\/08\/WhatsApp-Image-2024-05-30-at-17.23.46.jpeg-1-1024x748.webp\" alt=\"\" class=\"wp-image-260655\" srcset=\"https:\/\/noticiaempauta.com\/portal\/wp-content\/uploads\/2024\/08\/WhatsApp-Image-2024-05-30-at-17.23.46.jpeg-1-1024x748.webp 1024w, https:\/\/noticiaempauta.com\/portal\/wp-content\/uploads\/2024\/08\/WhatsApp-Image-2024-05-30-at-17.23.46.jpeg-1-300x219.webp 300w, https:\/\/noticiaempauta.com\/portal\/wp-content\/uploads\/2024\/08\/WhatsApp-Image-2024-05-30-at-17.23.46.jpeg-1-768x561.webp 768w, https:\/\/noticiaempauta.com\/portal\/wp-content\/uploads\/2024\/08\/WhatsApp-Image-2024-05-30-at-17.23.46.jpeg-1.webp 1146w\" sizes=\"(max-width: 1024px) 100vw, 1024px\" \/><\/figure>\n\n\n\n<p>A pesquisa foi realizada nos dias 23 e 24 de julho, com margem de erro de 3,89 % a levantamento entrevistou ao todo 300 eleitores. Na zona urbana (Bairros: Boa Vista, Centro, Cruzeiro, S\u00e3o Jo\u00e3o e S\u00e3o Pedro), e zona rural (Povoados: Alegre, Barro, Brejinho, Camarada, Engano dos Por\u00e9m, Lagoa dos Marcelinos, Lagoa Seca, Malhada Vermelha, Queimada da Ema, V\u00e1rzea do Engano).<\/p>\n\n\n\n<p><strong>Veja os dados<\/strong><\/p>\n\n\n\n<figure class=\"wp-block-image size-large\"><img decoding=\"async\" width=\"1024\" height=\"570\" src=\"https:\/\/noticiaempauta.com\/portal\/wp-content\/uploads\/2024\/08\/WhatsApp-Image-2024-08-02-at-11.38.20-1-1024x570.jpeg\" alt=\"\" class=\"wp-image-260663\" srcset=\"https:\/\/noticiaempauta.com\/portal\/wp-content\/uploads\/2024\/08\/WhatsApp-Image-2024-08-02-at-11.38.20-1-1024x570.jpeg 1024w, https:\/\/noticiaempauta.com\/portal\/wp-content\/uploads\/2024\/08\/WhatsApp-Image-2024-08-02-at-11.38.20-1-300x167.jpeg 300w, https:\/\/noticiaempauta.com\/portal\/wp-content\/uploads\/2024\/08\/WhatsApp-Image-2024-08-02-at-11.38.20-1-768x427.jpeg 768w, https:\/\/noticiaempauta.com\/portal\/wp-content\/uploads\/2024\/08\/WhatsApp-Image-2024-08-02-at-11.38.20-1.jpeg 1290w\" sizes=\"(max-width: 1024px) 100vw, 1024px\" \/><\/figure>\n\n\n\n<figure class=\"wp-block-image size-large\"><img decoding=\"async\" width=\"1024\" height=\"473\" src=\"https:\/\/noticiaempauta.com\/portal\/wp-content\/uploads\/2024\/08\/WhatsApp-Image-2024-08-02-at-11.12.38-1024x473.jpeg\" alt=\"\" class=\"wp-image-260656\" srcset=\"https:\/\/noticiaempauta.com\/portal\/wp-content\/uploads\/2024\/08\/WhatsApp-Image-2024-08-02-at-11.12.38-1024x473.jpeg 1024w, https:\/\/noticiaempauta.com\/portal\/wp-content\/uploads\/2024\/08\/WhatsApp-Image-2024-08-02-at-11.12.38-300x139.jpeg 300w, https:\/\/noticiaempauta.com\/portal\/wp-content\/uploads\/2024\/08\/WhatsApp-Image-2024-08-02-at-11.12.38-768x355.jpeg 768w, https:\/\/noticiaempauta.com\/portal\/wp-content\/uploads\/2024\/08\/WhatsApp-Image-2024-08-02-at-11.12.38.jpeg 1179w\" sizes=\"(max-width: 1024px) 100vw, 1024px\" \/><\/figure>\n\n\n\n<figure class=\"wp-block-image size-large\"><img loading=\"lazy\" decoding=\"async\" width=\"1024\" height=\"485\" src=\"https:\/\/noticiaempauta.com\/portal\/wp-content\/uploads\/2024\/08\/WhatsApp-Image-2024-08-02-at-11.12.39-1024x485.jpeg\" alt=\"\" class=\"wp-image-260657\" srcset=\"https:\/\/noticiaempauta.com\/portal\/wp-content\/uploads\/2024\/08\/WhatsApp-Image-2024-08-02-at-11.12.39-1024x485.jpeg 1024w, https:\/\/noticiaempauta.com\/portal\/wp-content\/uploads\/2024\/08\/WhatsApp-Image-2024-08-02-at-11.12.39-300x142.jpeg 300w, https:\/\/noticiaempauta.com\/portal\/wp-content\/uploads\/2024\/08\/WhatsApp-Image-2024-08-02-at-11.12.39-768x363.jpeg 768w, https:\/\/noticiaempauta.com\/portal\/wp-content\/uploads\/2024\/08\/WhatsApp-Image-2024-08-02-at-11.12.39.jpeg 1179w\" sizes=\"(max-width: 1024px) 100vw, 1024px\" \/><\/figure>\n\n\n\n<figure class=\"wp-block-image size-large\"><img loading=\"lazy\" decoding=\"async\" width=\"1024\" height=\"479\" src=\"https:\/\/noticiaempauta.com\/portal\/wp-content\/uploads\/2024\/08\/WhatsApp-Image-2024-08-02-at-11.12.39-1-1024x479.jpeg\" alt=\"\" class=\"wp-image-260658\" srcset=\"https:\/\/noticiaempauta.com\/portal\/wp-content\/uploads\/2024\/08\/WhatsApp-Image-2024-08-02-at-11.12.39-1-1024x479.jpeg 1024w, https:\/\/noticiaempauta.com\/portal\/wp-content\/uploads\/2024\/08\/WhatsApp-Image-2024-08-02-at-11.12.39-1-300x140.jpeg 300w, https:\/\/noticiaempauta.com\/portal\/wp-content\/uploads\/2024\/08\/WhatsApp-Image-2024-08-02-at-11.12.39-1-768x360.jpeg 768w, https:\/\/noticiaempauta.com\/portal\/wp-content\/uploads\/2024\/08\/WhatsApp-Image-2024-08-02-at-11.12.39-1.jpeg 1179w\" sizes=\"(max-width: 1024px) 100vw, 1024px\" \/><\/figure>\n\n\n\n<figure class=\"wp-block-image size-large\"><img loading=\"lazy\" decoding=\"async\" width=\"1024\" height=\"391\" src=\"https:\/\/noticiaempauta.com\/portal\/wp-content\/uploads\/2024\/08\/WhatsApp-Image-2024-08-02-at-11.12.38-1-1024x391.jpeg\" alt=\"\" class=\"wp-image-260659\" srcset=\"https:\/\/noticiaempauta.com\/portal\/wp-content\/uploads\/2024\/08\/WhatsApp-Image-2024-08-02-at-11.12.38-1-1024x391.jpeg 1024w, https:\/\/noticiaempauta.com\/portal\/wp-content\/uploads\/2024\/08\/WhatsApp-Image-2024-08-02-at-11.12.38-1-300x115.jpeg 300w, https:\/\/noticiaempauta.com\/portal\/wp-content\/uploads\/2024\/08\/WhatsApp-Image-2024-08-02-at-11.12.38-1-768x293.jpeg 768w, https:\/\/noticiaempauta.com\/portal\/wp-content\/uploads\/2024\/08\/WhatsApp-Image-2024-08-02-at-11.12.38-1.jpeg 1179w\" sizes=\"(max-width: 1024px) 100vw, 1024px\" \/><\/figure>\n\n\n\n<figure class=\"wp-block-image size-large\"><img loading=\"lazy\" decoding=\"async\" width=\"1024\" height=\"391\" src=\"https:\/\/noticiaempauta.com\/portal\/wp-content\/uploads\/2024\/08\/WhatsApp-Image-2024-08-02-at-11.12.38-2-1024x391.jpeg\" alt=\"\" class=\"wp-image-260660\" srcset=\"https:\/\/noticiaempauta.com\/portal\/wp-content\/uploads\/2024\/08\/WhatsApp-Image-2024-08-02-at-11.12.38-2-1024x391.jpeg 1024w, https:\/\/noticiaempauta.com\/portal\/wp-content\/uploads\/2024\/08\/WhatsApp-Image-2024-08-02-at-11.12.38-2-300x115.jpeg 300w, https:\/\/noticiaempauta.com\/portal\/wp-content\/uploads\/2024\/08\/WhatsApp-Image-2024-08-02-at-11.12.38-2-768x293.jpeg 768w, https:\/\/noticiaempauta.com\/portal\/wp-content\/uploads\/2024\/08\/WhatsApp-Image-2024-08-02-at-11.12.38-2.jpeg 1179w\" sizes=\"(max-width: 1024px) 100vw, 1024px\" \/><\/figure>\n\n\n\n<figure class=\"wp-block-image size-large\"><img loading=\"lazy\" decoding=\"async\" width=\"1024\" height=\"569\" src=\"https:\/\/noticiaempauta.com\/portal\/wp-content\/uploads\/2024\/08\/WhatsApp-Image-2024-08-02-at-11.38.40-1024x569.jpeg\" alt=\"\" class=\"wp-image-260664\" srcset=\"https:\/\/noticiaempauta.com\/portal\/wp-content\/uploads\/2024\/08\/WhatsApp-Image-2024-08-02-at-11.38.40-1024x569.jpeg 1024w, https:\/\/noticiaempauta.com\/portal\/wp-content\/uploads\/2024\/08\/WhatsApp-Image-2024-08-02-at-11.38.40-300x167.jpeg 300w, https:\/\/noticiaempauta.com\/portal\/wp-content\/uploads\/2024\/08\/WhatsApp-Image-2024-08-02-at-11.38.40-768x427.jpeg 768w, https:\/\/noticiaempauta.com\/portal\/wp-content\/uploads\/2024\/08\/WhatsApp-Image-2024-08-02-at-11.38.40.jpeg 1290w\" sizes=\"(max-width: 1024px) 100vw, 1024px\" \/><\/figure>\n","protected":false},"excerpt":{"rendered":"<p>Em segundo lugar est\u00e1 o pr\u00e9-candidato da situa\u00e7\u00e3o, Adonaldo Cassiano com 41% das inten\u00e7\u00f5es de voto.<\/p>\n","protected":false},"author":2,"featured_media":260654,"comment_status":"open","ping_status":"open","sticky":false,"template":"","format":"standard","meta":{"_mi_skip_tracking":false,"footnotes":""},"categories":[25,1,9,3,16],"tags":[192],"class_list":["post-260653","post","type-post","status-publish","format-standard","has-post-thumbnail","hentry","category-destaques-site","category-geral","category-municipios","category-politica","category-todas","tag-destaqueprincipal"],"acf":[],"yoast_head":"<!-- This site is optimized with the Yoast SEO Premium plugin v19.2 (Yoast SEO v26.9) - https:\/\/yoast.com\/product\/yoast-seo-premium-wordpress\/ -->\n<title>Jo\u00e3o Guilherme tem 50% das inten\u00e7\u00f5es de votos em Santana do Piau\u00ed, diz pesquisa IPPI - Portal Not\u00edcia em Pauta<\/title>\n<meta name=\"robots\" content=\"index, follow, max-snippet:-1, max-image-preview:large, max-video-preview:-1\" \/>\n<link rel=\"canonical\" href=\"https:\/\/noticiaempauta.com\/portal\/joao-guilherme-tem-50-das-intencoes-de-votos-em-santana-do-piaui-diz-pesquisa-ippi\/\" \/>\n<meta property=\"og:locale\" content=\"pt_BR\" \/>\n<meta property=\"og:type\" content=\"article\" \/>\n<meta property=\"og:title\" content=\"Jo\u00e3o Guilherme tem 50% das inten\u00e7\u00f5es de votos em Santana do Piau\u00ed, diz pesquisa IPPI\" \/>\n<meta property=\"og:description\" content=\"Em segundo lugar est\u00e1 o pr\u00e9-candidato da situa\u00e7\u00e3o, Adonaldo Cassiano com 41% das inten\u00e7\u00f5es de voto.\" \/>\n<meta property=\"og:url\" content=\"https:\/\/noticiaempauta.com\/portal\/joao-guilherme-tem-50-das-intencoes-de-votos-em-santana-do-piaui-diz-pesquisa-ippi\/\" \/>\n<meta property=\"og:site_name\" content=\"Portal Not\u00edcia em Pauta\" \/>\n<meta property=\"article:publisher\" content=\"https:\/\/www.facebook.com\/Portal-Notcia-Em-Pauta-102292869264820\/\" \/>\n<meta property=\"article:published_time\" content=\"2024-08-02T14:33:44+00:00\" \/>\n<meta property=\"article:modified_time\" content=\"2024-08-02T14:40:26+00:00\" \/>\n<meta property=\"og:image\" content=\"https:\/\/noticiaempauta.com\/portal\/wp-content\/uploads\/2024\/08\/WhatsApp-Image-2024-05-30-at-17.23.46.jpeg.webp\" \/>\n\t<meta property=\"og:image:width\" content=\"1146\" \/>\n\t<meta property=\"og:image:height\" content=\"837\" \/>\n\t<meta property=\"og:image:type\" content=\"image\/webp\" \/>\n<meta name=\"author\" content=\"Reda\u00e7\u00e3o\" \/>\n<meta name=\"twitter:card\" content=\"summary_large_image\" \/>\n<meta name=\"twitter:label1\" content=\"Escrito por\" \/>\n\t<meta name=\"twitter:data1\" content=\"Reda\u00e7\u00e3o\" \/>\n\t<meta name=\"twitter:label2\" content=\"Est. tempo de leitura\" \/>\n\t<meta name=\"twitter:data2\" content=\"3 minutos\" \/>\n<script type=\"application\/ld+json\" class=\"yoast-schema-graph\">{\"@context\":\"https:\/\/schema.org\",\"@graph\":[{\"@type\":\"Article\",\"@id\":\"https:\/\/noticiaempauta.com\/portal\/joao-guilherme-tem-50-das-intencoes-de-votos-em-santana-do-piaui-diz-pesquisa-ippi\/#article\",\"isPartOf\":{\"@id\":\"https:\/\/noticiaempauta.com\/portal\/joao-guilherme-tem-50-das-intencoes-de-votos-em-santana-do-piaui-diz-pesquisa-ippi\/\"},\"author\":{\"name\":\"Reda\u00e7\u00e3o\",\"@id\":\"https:\/\/noticiaempauta.com\/portal\/#\/schema\/person\/a74af43dd1ab3deca45f988c717d57ac\"},\"headline\":\"Jo\u00e3o Guilherme tem 50% das inten\u00e7\u00f5es de votos em Santana do Piau\u00ed, diz pesquisa IPPI\",\"datePublished\":\"2024-08-02T14:33:44+00:00\",\"dateModified\":\"2024-08-02T14:40:26+00:00\",\"mainEntityOfPage\":{\"@id\":\"https:\/\/noticiaempauta.com\/portal\/joao-guilherme-tem-50-das-intencoes-de-votos-em-santana-do-piaui-diz-pesquisa-ippi\/\"},\"wordCount\":159,\"commentCount\":0,\"publisher\":{\"@id\":\"https:\/\/noticiaempauta.com\/portal\/#organization\"},\"image\":{\"@id\":\"https:\/\/noticiaempauta.com\/portal\/joao-guilherme-tem-50-das-intencoes-de-votos-em-santana-do-piaui-diz-pesquisa-ippi\/#primaryimage\"},\"thumbnailUrl\":\"https:\/\/noticiaempauta.com\/portal\/wp-content\/uploads\/2024\/08\/WhatsApp-Image-2024-05-30-at-17.23.46.jpeg.webp\",\"keywords\":[\"destaqueprincipal\"],\"articleSection\":[\"Destaques\",\"Geral\",\"Munic\u00edpios\",\"Pol\u00edtica\",\"Todas as Not\u00edcias\"],\"inLanguage\":\"pt-BR\",\"potentialAction\":[{\"@type\":\"CommentAction\",\"name\":\"Comment\",\"target\":[\"https:\/\/noticiaempauta.com\/portal\/joao-guilherme-tem-50-das-intencoes-de-votos-em-santana-do-piaui-diz-pesquisa-ippi\/#respond\"]}]},{\"@type\":\"WebPage\",\"@id\":\"https:\/\/noticiaempauta.com\/portal\/joao-guilherme-tem-50-das-intencoes-de-votos-em-santana-do-piaui-diz-pesquisa-ippi\/\",\"url\":\"https:\/\/noticiaempauta.com\/portal\/joao-guilherme-tem-50-das-intencoes-de-votos-em-santana-do-piaui-diz-pesquisa-ippi\/\",\"name\":\"Jo\u00e3o Guilherme tem 50% das inten\u00e7\u00f5es de votos em Santana do Piau\u00ed, diz pesquisa IPPI - Portal Not\u00edcia em Pauta\",\"isPartOf\":{\"@id\":\"https:\/\/noticiaempauta.com\/portal\/#website\"},\"primaryImageOfPage\":{\"@id\":\"https:\/\/noticiaempauta.com\/portal\/joao-guilherme-tem-50-das-intencoes-de-votos-em-santana-do-piaui-diz-pesquisa-ippi\/#primaryimage\"},\"image\":{\"@id\":\"https:\/\/noticiaempauta.com\/portal\/joao-guilherme-tem-50-das-intencoes-de-votos-em-santana-do-piaui-diz-pesquisa-ippi\/#primaryimage\"},\"thumbnailUrl\":\"https:\/\/noticiaempauta.com\/portal\/wp-content\/uploads\/2024\/08\/WhatsApp-Image-2024-05-30-at-17.23.46.jpeg.webp\",\"datePublished\":\"2024-08-02T14:33:44+00:00\",\"dateModified\":\"2024-08-02T14:40:26+00:00\",\"breadcrumb\":{\"@id\":\"https:\/\/noticiaempauta.com\/portal\/joao-guilherme-tem-50-das-intencoes-de-votos-em-santana-do-piaui-diz-pesquisa-ippi\/#breadcrumb\"},\"inLanguage\":\"pt-BR\",\"potentialAction\":[{\"@type\":\"ReadAction\",\"target\":[\"https:\/\/noticiaempauta.com\/portal\/joao-guilherme-tem-50-das-intencoes-de-votos-em-santana-do-piaui-diz-pesquisa-ippi\/\"]}]},{\"@type\":\"ImageObject\",\"inLanguage\":\"pt-BR\",\"@id\":\"https:\/\/noticiaempauta.com\/portal\/joao-guilherme-tem-50-das-intencoes-de-votos-em-santana-do-piaui-diz-pesquisa-ippi\/#primaryimage\",\"url\":\"https:\/\/noticiaempauta.com\/portal\/wp-content\/uploads\/2024\/08\/WhatsApp-Image-2024-05-30-at-17.23.46.jpeg.webp\",\"contentUrl\":\"https:\/\/noticiaempauta.com\/portal\/wp-content\/uploads\/2024\/08\/WhatsApp-Image-2024-05-30-at-17.23.46.jpeg.webp\",\"width\":1146,\"height\":837},{\"@type\":\"BreadcrumbList\",\"@id\":\"https:\/\/noticiaempauta.com\/portal\/joao-guilherme-tem-50-das-intencoes-de-votos-em-santana-do-piaui-diz-pesquisa-ippi\/#breadcrumb\",\"itemListElement\":[{\"@type\":\"ListItem\",\"position\":1,\"name\":\"P\u00e1gina Inicial\",\"item\":\"https:\/\/noticiaempauta.com\/portal\/\"},{\"@type\":\"ListItem\",\"position\":2,\"name\":\"Geral\",\"item\":\"https:\/\/noticiaempauta.com\/portal\/geral\/\"},{\"@type\":\"ListItem\",\"position\":3,\"name\":\"Jo\u00e3o Guilherme tem 50% das inten\u00e7\u00f5es de votos em Santana do Piau\u00ed, diz pesquisa IPPI\"}]},{\"@type\":\"WebSite\",\"@id\":\"https:\/\/noticiaempauta.com\/portal\/#website\",\"url\":\"https:\/\/noticiaempauta.com\/portal\/\",\"name\":\"Portal Not\u00edcia em Pauta\",\"description\":\"Voc\u00ea bem informado\",\"publisher\":{\"@id\":\"https:\/\/noticiaempauta.com\/portal\/#organization\"},\"potentialAction\":[{\"@type\":\"SearchAction\",\"target\":{\"@type\":\"EntryPoint\",\"urlTemplate\":\"https:\/\/noticiaempauta.com\/portal\/?s={search_term_string}\"},\"query-input\":{\"@type\":\"PropertyValueSpecification\",\"valueRequired\":true,\"valueName\":\"search_term_string\"}}],\"inLanguage\":\"pt-BR\"},{\"@type\":\"Organization\",\"@id\":\"https:\/\/noticiaempauta.com\/portal\/#organization\",\"name\":\"Portal Not\u00edcia em Pauta\",\"url\":\"https:\/\/noticiaempauta.com\/portal\/\",\"logo\":{\"@type\":\"ImageObject\",\"inLanguage\":\"pt-BR\",\"@id\":\"https:\/\/noticiaempauta.com\/portal\/#\/schema\/logo\/image\/\",\"url\":\"https:\/\/noticiaempauta.com\/portal\/wp-content\/uploads\/2022\/08\/logomarca_tema.fw_.png\",\"contentUrl\":\"https:\/\/noticiaempauta.com\/portal\/wp-content\/uploads\/2022\/08\/logomarca_tema.fw_.png\",\"width\":400,\"height\":232,\"caption\":\"Portal Not\u00edcia em Pauta\"},\"image\":{\"@id\":\"https:\/\/noticiaempauta.com\/portal\/#\/schema\/logo\/image\/\"},\"sameAs\":[\"https:\/\/www.facebook.com\/Portal-Notcia-Em-Pauta-102292869264820\/\",\"https:\/\/www.instagram.com\/portalnoticiaempauta\/\"]},{\"@type\":\"Person\",\"@id\":\"https:\/\/noticiaempauta.com\/portal\/#\/schema\/person\/a74af43dd1ab3deca45f988c717d57ac\",\"name\":\"Reda\u00e7\u00e3o\",\"image\":{\"@type\":\"ImageObject\",\"inLanguage\":\"pt-BR\",\"@id\":\"https:\/\/noticiaempauta.com\/portal\/#\/schema\/person\/image\/\",\"url\":\"https:\/\/secure.gravatar.com\/avatar\/03179346ecce6cdfc13361603e8f54242a90e5cde8618fa23c5c00aa2b0aadf3?s=96&d=mm&r=g\",\"contentUrl\":\"https:\/\/secure.gravatar.com\/avatar\/03179346ecce6cdfc13361603e8f54242a90e5cde8618fa23c5c00aa2b0aadf3?s=96&d=mm&r=g\",\"caption\":\"Reda\u00e7\u00e3o\"},\"sameAs\":[\"https:\/\/noticiaempauta.com\/portal\/\"],\"url\":\"https:\/\/noticiaempauta.com\/portal\/author\/fernando\/\"}]}<\/script>\n<!-- \/ Yoast SEO Premium plugin. -->","yoast_head_json":{"title":"Jo\u00e3o Guilherme tem 50% das inten\u00e7\u00f5es de votos em Santana do Piau\u00ed, diz pesquisa IPPI - Portal Not\u00edcia em Pauta","robots":{"index":"index","follow":"follow","max-snippet":"max-snippet:-1","max-image-preview":"max-image-preview:large","max-video-preview":"max-video-preview:-1"},"canonical":"https:\/\/noticiaempauta.com\/portal\/joao-guilherme-tem-50-das-intencoes-de-votos-em-santana-do-piaui-diz-pesquisa-ippi\/","og_locale":"pt_BR","og_type":"article","og_title":"Jo\u00e3o Guilherme tem 50% das inten\u00e7\u00f5es de votos em Santana do Piau\u00ed, diz pesquisa IPPI","og_description":"Em segundo lugar est\u00e1 o pr\u00e9-candidato da situa\u00e7\u00e3o, Adonaldo Cassiano com 41% das inten\u00e7\u00f5es de voto.","og_url":"https:\/\/noticiaempauta.com\/portal\/joao-guilherme-tem-50-das-intencoes-de-votos-em-santana-do-piaui-diz-pesquisa-ippi\/","og_site_name":"Portal Not\u00edcia em Pauta","article_publisher":"https:\/\/www.facebook.com\/Portal-Notcia-Em-Pauta-102292869264820\/","article_published_time":"2024-08-02T14:33:44+00:00","article_modified_time":"2024-08-02T14:40:26+00:00","og_image":[{"width":1146,"height":837,"url":"https:\/\/noticiaempauta.com\/portal\/wp-content\/uploads\/2024\/08\/WhatsApp-Image-2024-05-30-at-17.23.46.jpeg.webp","type":"image\/webp"}],"author":"Reda\u00e7\u00e3o","twitter_card":"summary_large_image","twitter_misc":{"Escrito por":"Reda\u00e7\u00e3o","Est. tempo de leitura":"3 minutos"},"schema":{"@context":"https:\/\/schema.org","@graph":[{"@type":"Article","@id":"https:\/\/noticiaempauta.com\/portal\/joao-guilherme-tem-50-das-intencoes-de-votos-em-santana-do-piaui-diz-pesquisa-ippi\/#article","isPartOf":{"@id":"https:\/\/noticiaempauta.com\/portal\/joao-guilherme-tem-50-das-intencoes-de-votos-em-santana-do-piaui-diz-pesquisa-ippi\/"},"author":{"name":"Reda\u00e7\u00e3o","@id":"https:\/\/noticiaempauta.com\/portal\/#\/schema\/person\/a74af43dd1ab3deca45f988c717d57ac"},"headline":"Jo\u00e3o Guilherme tem 50% das inten\u00e7\u00f5es de votos em Santana do Piau\u00ed, diz pesquisa IPPI","datePublished":"2024-08-02T14:33:44+00:00","dateModified":"2024-08-02T14:40:26+00:00","mainEntityOfPage":{"@id":"https:\/\/noticiaempauta.com\/portal\/joao-guilherme-tem-50-das-intencoes-de-votos-em-santana-do-piaui-diz-pesquisa-ippi\/"},"wordCount":159,"commentCount":0,"publisher":{"@id":"https:\/\/noticiaempauta.com\/portal\/#organization"},"image":{"@id":"https:\/\/noticiaempauta.com\/portal\/joao-guilherme-tem-50-das-intencoes-de-votos-em-santana-do-piaui-diz-pesquisa-ippi\/#primaryimage"},"thumbnailUrl":"https:\/\/noticiaempauta.com\/portal\/wp-content\/uploads\/2024\/08\/WhatsApp-Image-2024-05-30-at-17.23.46.jpeg.webp","keywords":["destaqueprincipal"],"articleSection":["Destaques","Geral","Munic\u00edpios","Pol\u00edtica","Todas as Not\u00edcias"],"inLanguage":"pt-BR","potentialAction":[{"@type":"CommentAction","name":"Comment","target":["https:\/\/noticiaempauta.com\/portal\/joao-guilherme-tem-50-das-intencoes-de-votos-em-santana-do-piaui-diz-pesquisa-ippi\/#respond"]}]},{"@type":"WebPage","@id":"https:\/\/noticiaempauta.com\/portal\/joao-guilherme-tem-50-das-intencoes-de-votos-em-santana-do-piaui-diz-pesquisa-ippi\/","url":"https:\/\/noticiaempauta.com\/portal\/joao-guilherme-tem-50-das-intencoes-de-votos-em-santana-do-piaui-diz-pesquisa-ippi\/","name":"Jo\u00e3o Guilherme tem 50% das inten\u00e7\u00f5es de votos em Santana do Piau\u00ed, diz pesquisa IPPI - Portal Not\u00edcia em Pauta","isPartOf":{"@id":"https:\/\/noticiaempauta.com\/portal\/#website"},"primaryImageOfPage":{"@id":"https:\/\/noticiaempauta.com\/portal\/joao-guilherme-tem-50-das-intencoes-de-votos-em-santana-do-piaui-diz-pesquisa-ippi\/#primaryimage"},"image":{"@id":"https:\/\/noticiaempauta.com\/portal\/joao-guilherme-tem-50-das-intencoes-de-votos-em-santana-do-piaui-diz-pesquisa-ippi\/#primaryimage"},"thumbnailUrl":"https:\/\/noticiaempauta.com\/portal\/wp-content\/uploads\/2024\/08\/WhatsApp-Image-2024-05-30-at-17.23.46.jpeg.webp","datePublished":"2024-08-02T14:33:44+00:00","dateModified":"2024-08-02T14:40:26+00:00","breadcrumb":{"@id":"https:\/\/noticiaempauta.com\/portal\/joao-guilherme-tem-50-das-intencoes-de-votos-em-santana-do-piaui-diz-pesquisa-ippi\/#breadcrumb"},"inLanguage":"pt-BR","potentialAction":[{"@type":"ReadAction","target":["https:\/\/noticiaempauta.com\/portal\/joao-guilherme-tem-50-das-intencoes-de-votos-em-santana-do-piaui-diz-pesquisa-ippi\/"]}]},{"@type":"ImageObject","inLanguage":"pt-BR","@id":"https:\/\/noticiaempauta.com\/portal\/joao-guilherme-tem-50-das-intencoes-de-votos-em-santana-do-piaui-diz-pesquisa-ippi\/#primaryimage","url":"https:\/\/noticiaempauta.com\/portal\/wp-content\/uploads\/2024\/08\/WhatsApp-Image-2024-05-30-at-17.23.46.jpeg.webp","contentUrl":"https:\/\/noticiaempauta.com\/portal\/wp-content\/uploads\/2024\/08\/WhatsApp-Image-2024-05-30-at-17.23.46.jpeg.webp","width":1146,"height":837},{"@type":"BreadcrumbList","@id":"https:\/\/noticiaempauta.com\/portal\/joao-guilherme-tem-50-das-intencoes-de-votos-em-santana-do-piaui-diz-pesquisa-ippi\/#breadcrumb","itemListElement":[{"@type":"ListItem","position":1,"name":"P\u00e1gina Inicial","item":"https:\/\/noticiaempauta.com\/portal\/"},{"@type":"ListItem","position":2,"name":"Geral","item":"https:\/\/noticiaempauta.com\/portal\/geral\/"},{"@type":"ListItem","position":3,"name":"Jo\u00e3o Guilherme tem 50% das inten\u00e7\u00f5es de votos em Santana do Piau\u00ed, diz pesquisa IPPI"}]},{"@type":"WebSite","@id":"https:\/\/noticiaempauta.com\/portal\/#website","url":"https:\/\/noticiaempauta.com\/portal\/","name":"Portal Not\u00edcia em Pauta","description":"Voc\u00ea bem informado","publisher":{"@id":"https:\/\/noticiaempauta.com\/portal\/#organization"},"potentialAction":[{"@type":"SearchAction","target":{"@type":"EntryPoint","urlTemplate":"https:\/\/noticiaempauta.com\/portal\/?s={search_term_string}"},"query-input":{"@type":"PropertyValueSpecification","valueRequired":true,"valueName":"search_term_string"}}],"inLanguage":"pt-BR"},{"@type":"Organization","@id":"https:\/\/noticiaempauta.com\/portal\/#organization","name":"Portal Not\u00edcia em Pauta","url":"https:\/\/noticiaempauta.com\/portal\/","logo":{"@type":"ImageObject","inLanguage":"pt-BR","@id":"https:\/\/noticiaempauta.com\/portal\/#\/schema\/logo\/image\/","url":"https:\/\/noticiaempauta.com\/portal\/wp-content\/uploads\/2022\/08\/logomarca_tema.fw_.png","contentUrl":"https:\/\/noticiaempauta.com\/portal\/wp-content\/uploads\/2022\/08\/logomarca_tema.fw_.png","width":400,"height":232,"caption":"Portal Not\u00edcia em Pauta"},"image":{"@id":"https:\/\/noticiaempauta.com\/portal\/#\/schema\/logo\/image\/"},"sameAs":["https:\/\/www.facebook.com\/Portal-Notcia-Em-Pauta-102292869264820\/","https:\/\/www.instagram.com\/portalnoticiaempauta\/"]},{"@type":"Person","@id":"https:\/\/noticiaempauta.com\/portal\/#\/schema\/person\/a74af43dd1ab3deca45f988c717d57ac","name":"Reda\u00e7\u00e3o","image":{"@type":"ImageObject","inLanguage":"pt-BR","@id":"https:\/\/noticiaempauta.com\/portal\/#\/schema\/person\/image\/","url":"https:\/\/secure.gravatar.com\/avatar\/03179346ecce6cdfc13361603e8f54242a90e5cde8618fa23c5c00aa2b0aadf3?s=96&d=mm&r=g","contentUrl":"https:\/\/secure.gravatar.com\/avatar\/03179346ecce6cdfc13361603e8f54242a90e5cde8618fa23c5c00aa2b0aadf3?s=96&d=mm&r=g","caption":"Reda\u00e7\u00e3o"},"sameAs":["https:\/\/noticiaempauta.com\/portal\/"],"url":"https:\/\/noticiaempauta.com\/portal\/author\/fernando\/"}]}},"_links":{"self":[{"href":"https:\/\/noticiaempauta.com\/portal\/wp-json\/wp\/v2\/posts\/260653","targetHints":{"allow":["GET"]}}],"collection":[{"href":"https:\/\/noticiaempauta.com\/portal\/wp-json\/wp\/v2\/posts"}],"about":[{"href":"https:\/\/noticiaempauta.com\/portal\/wp-json\/wp\/v2\/types\/post"}],"author":[{"embeddable":true,"href":"https:\/\/noticiaempauta.com\/portal\/wp-json\/wp\/v2\/users\/2"}],"replies":[{"embeddable":true,"href":"https:\/\/noticiaempauta.com\/portal\/wp-json\/wp\/v2\/comments?post=260653"}],"version-history":[{"count":3,"href":"https:\/\/noticiaempauta.com\/portal\/wp-json\/wp\/v2\/posts\/260653\/revisions"}],"predecessor-version":[{"id":260665,"href":"https:\/\/noticiaempauta.com\/portal\/wp-json\/wp\/v2\/posts\/260653\/revisions\/260665"}],"wp:featuredmedia":[{"embeddable":true,"href":"https:\/\/noticiaempauta.com\/portal\/wp-json\/wp\/v2\/media\/260654"}],"wp:attachment":[{"href":"https:\/\/noticiaempauta.com\/portal\/wp-json\/wp\/v2\/media?parent=260653"}],"wp:term":[{"taxonomy":"category","embeddable":true,"href":"https:\/\/noticiaempauta.com\/portal\/wp-json\/wp\/v2\/categories?post=260653"},{"taxonomy":"post_tag","embeddable":true,"href":"https:\/\/noticiaempauta.com\/portal\/wp-json\/wp\/v2\/tags?post=260653"}],"curies":[{"name":"wp","href":"https:\/\/api.w.org\/{rel}","templated":true}]}}