{"id":260781,"date":"2024-08-03T11:55:49","date_gmt":"2024-08-03T14:55:49","guid":{"rendered":"https:\/\/noticiaempauta.com\/portal\/?p=260781"},"modified":"2024-08-03T11:55:50","modified_gmt":"2024-08-03T14:55:50","slug":"jovem-e-morto-com-tiros-na-nuca-em-bar-de-picos","status":"publish","type":"post","link":"https:\/\/noticiaempauta.com\/portal\/jovem-e-morto-com-tiros-na-nuca-em-bar-de-picos\/","title":{"rendered":"Jovem \u00e9 morto com tiros na nuca em bar de Picos"},"content":{"rendered":"\n<p>Mais um homic\u00eddio foi registrado no munic\u00edpio de Picos. Um jovem foi assassinado com um tiro, na manh\u00e3 deste s\u00e1bado (03), no complexo Tijuca antigo Almeidinhas.<\/p>\n\n\n\n<p>A v\u00edtima foi identificada como Edenilson Borges Gon\u00e7alves, conhecido como \u201cDed\u00e9 de Nelita\u201d, de 24 anos de idade. De acordo com as primeiras informa\u00e7\u00f5es, Ded\u00e9 foi morto ap\u00f3s se envolver em uma briga em um bar.<\/p>\n\n\n\n<figure class=\"wp-block-image size-large\"><img fetchpriority=\"high\" decoding=\"async\" width=\"785\" height=\"1024\" src=\"https:\/\/noticiaempauta.com\/portal\/wp-content\/uploads\/2024\/08\/12e9b09936847582de2f56f3c7d088dc-785x1024.jpeg\" alt=\"\" class=\"wp-image-260782\" srcset=\"https:\/\/noticiaempauta.com\/portal\/wp-content\/uploads\/2024\/08\/12e9b09936847582de2f56f3c7d088dc-785x1024.jpeg 785w, https:\/\/noticiaempauta.com\/portal\/wp-content\/uploads\/2024\/08\/12e9b09936847582de2f56f3c7d088dc-230x300.jpeg 230w, https:\/\/noticiaempauta.com\/portal\/wp-content\/uploads\/2024\/08\/12e9b09936847582de2f56f3c7d088dc-768x1002.jpeg 768w, https:\/\/noticiaempauta.com\/portal\/wp-content\/uploads\/2024\/08\/12e9b09936847582de2f56f3c7d088dc-1177x1536.jpeg 1177w, https:\/\/noticiaempauta.com\/portal\/wp-content\/uploads\/2024\/08\/12e9b09936847582de2f56f3c7d088dc.jpeg 1226w\" sizes=\"(max-width: 785px) 100vw, 785px\" \/><\/figure>\n\n\n\n<p>Ded\u00e9 teria entrado em luta corporal com o suspeito, que ap\u00f3s a briga foi at\u00e9 a sua resid\u00eancia e retornou com uma arma de fogo, com a qual efetuou um disparo contra a v\u00edtima, que foi atingida na nuca e morreu no local.<\/p>\n\n\n\n<p>O suspeito fugiu logo ap\u00f3s o crime. A Pol\u00edcia Militar foi acionada e isolou a \u00e1rea e o corpo foi removido pela equipe do IML.<\/p>\n\n\n\n<p>Informa\u00e7\u00f5es extraoficiais d\u00e3o conta de que Edenilson Borges trabalhava como gar\u00e7om, e deixa tr\u00eas filhos e a companheira gr\u00e1vida.<\/p>\n\n\n\n<p><strong>Fonte: CidadesnaNet<\/strong><\/p>\n","protected":false},"excerpt":{"rendered":"<p>Mais um homic\u00eddio foi registrado no munic\u00edpio de Picos. Um jovem foi assassinado com um tiro, na manh\u00e3 deste s\u00e1bado (03), no complexo Tijuca antigo Almeidinhas. A v\u00edtima foi identificada como Edenilson Borges Gon\u00e7alves, conhecido como \u201cDed\u00e9 de Nelita\u201d, de 24 anos de idade. De acordo com as primeiras informa\u00e7\u00f5es, Ded\u00e9 foi morto ap\u00f3s se [&hellip;]<\/p>\n","protected":false},"author":2,"featured_media":251876,"comment_status":"open","ping_status":"open","sticky":false,"template":"","format":"standard","meta":{"_mi_skip_tracking":false,"footnotes":""},"categories":[25,137,16],"tags":[192],"class_list":["post-260781","post","type-post","status-publish","format-standard","has-post-thumbnail","hentry","category-destaques-site","category-policia","category-todas","tag-destaqueprincipal"],"acf":[],"yoast_head":"<!-- This site is optimized with the Yoast SEO Premium plugin v19.2 (Yoast SEO v26.9) - https:\/\/yoast.com\/product\/yoast-seo-premium-wordpress\/ -->\n<title>Jovem \u00e9 morto com tiros na nuca em bar de Picos - Portal Not\u00edcia em Pauta<\/title>\n<meta name=\"robots\" content=\"index, follow, max-snippet:-1, max-image-preview:large, max-video-preview:-1\" \/>\n<link rel=\"canonical\" href=\"https:\/\/noticiaempauta.com\/portal\/jovem-e-morto-com-tiros-na-nuca-em-bar-de-picos\/\" \/>\n<meta property=\"og:locale\" content=\"pt_BR\" \/>\n<meta property=\"og:type\" content=\"article\" \/>\n<meta property=\"og:title\" content=\"Jovem \u00e9 morto com tiros na nuca em bar de Picos\" \/>\n<meta property=\"og:description\" content=\"Mais um homic\u00eddio foi registrado no munic\u00edpio de Picos. Um jovem foi assassinado com um tiro, na manh\u00e3 deste s\u00e1bado (03), no complexo Tijuca antigo Almeidinhas. A v\u00edtima foi identificada como Edenilson Borges Gon\u00e7alves, conhecido como \u201cDed\u00e9 de Nelita\u201d, de 24 anos de idade. De acordo com as primeiras informa\u00e7\u00f5es, Ded\u00e9 foi morto ap\u00f3s se [&hellip;]\" \/>\n<meta property=\"og:url\" content=\"https:\/\/noticiaempauta.com\/portal\/jovem-e-morto-com-tiros-na-nuca-em-bar-de-picos\/\" \/>\n<meta property=\"og:site_name\" content=\"Portal Not\u00edcia em Pauta\" \/>\n<meta property=\"article:publisher\" content=\"https:\/\/www.facebook.com\/Portal-Notcia-Em-Pauta-102292869264820\/\" \/>\n<meta property=\"article:published_time\" content=\"2024-08-03T14:55:49+00:00\" \/>\n<meta property=\"article:modified_time\" content=\"2024-08-03T14:55:50+00:00\" \/>\n<meta property=\"og:image\" content=\"https:\/\/noticiaempauta.com\/portal\/wp-content\/uploads\/2023\/11\/tiro-541x300-1.jpg\" \/>\n\t<meta property=\"og:image:width\" content=\"541\" \/>\n\t<meta property=\"og:image:height\" content=\"300\" \/>\n\t<meta property=\"og:image:type\" content=\"image\/jpeg\" \/>\n<meta name=\"author\" content=\"Reda\u00e7\u00e3o\" \/>\n<meta name=\"twitter:card\" content=\"summary_large_image\" \/>\n<meta name=\"twitter:label1\" content=\"Escrito por\" \/>\n\t<meta name=\"twitter:data1\" content=\"Reda\u00e7\u00e3o\" \/>\n\t<meta name=\"twitter:label2\" content=\"Est. tempo de leitura\" \/>\n\t<meta name=\"twitter:data2\" content=\"2 minutos\" \/>\n<script type=\"application\/ld+json\" class=\"yoast-schema-graph\">{\"@context\":\"https:\/\/schema.org\",\"@graph\":[{\"@type\":\"Article\",\"@id\":\"https:\/\/noticiaempauta.com\/portal\/jovem-e-morto-com-tiros-na-nuca-em-bar-de-picos\/#article\",\"isPartOf\":{\"@id\":\"https:\/\/noticiaempauta.com\/portal\/jovem-e-morto-com-tiros-na-nuca-em-bar-de-picos\/\"},\"author\":{\"name\":\"Reda\u00e7\u00e3o\",\"@id\":\"https:\/\/noticiaempauta.com\/portal\/#\/schema\/person\/a74af43dd1ab3deca45f988c717d57ac\"},\"headline\":\"Jovem \u00e9 morto com tiros na nuca em bar de Picos\",\"datePublished\":\"2024-08-03T14:55:49+00:00\",\"dateModified\":\"2024-08-03T14:55:50+00:00\",\"mainEntityOfPage\":{\"@id\":\"https:\/\/noticiaempauta.com\/portal\/jovem-e-morto-com-tiros-na-nuca-em-bar-de-picos\/\"},\"wordCount\":176,\"commentCount\":0,\"publisher\":{\"@id\":\"https:\/\/noticiaempauta.com\/portal\/#organization\"},\"image\":{\"@id\":\"https:\/\/noticiaempauta.com\/portal\/jovem-e-morto-com-tiros-na-nuca-em-bar-de-picos\/#primaryimage\"},\"thumbnailUrl\":\"https:\/\/noticiaempauta.com\/portal\/wp-content\/uploads\/2023\/11\/tiro-541x300-1.jpg\",\"keywords\":[\"destaqueprincipal\"],\"articleSection\":[\"Destaques\",\"Pol\u00edcia\",\"Todas as Not\u00edcias\"],\"inLanguage\":\"pt-BR\",\"potentialAction\":[{\"@type\":\"CommentAction\",\"name\":\"Comment\",\"target\":[\"https:\/\/noticiaempauta.com\/portal\/jovem-e-morto-com-tiros-na-nuca-em-bar-de-picos\/#respond\"]}]},{\"@type\":\"WebPage\",\"@id\":\"https:\/\/noticiaempauta.com\/portal\/jovem-e-morto-com-tiros-na-nuca-em-bar-de-picos\/\",\"url\":\"https:\/\/noticiaempauta.com\/portal\/jovem-e-morto-com-tiros-na-nuca-em-bar-de-picos\/\",\"name\":\"Jovem \u00e9 morto com tiros na nuca em bar de Picos - Portal Not\u00edcia em Pauta\",\"isPartOf\":{\"@id\":\"https:\/\/noticiaempauta.com\/portal\/#website\"},\"primaryImageOfPage\":{\"@id\":\"https:\/\/noticiaempauta.com\/portal\/jovem-e-morto-com-tiros-na-nuca-em-bar-de-picos\/#primaryimage\"},\"image\":{\"@id\":\"https:\/\/noticiaempauta.com\/portal\/jovem-e-morto-com-tiros-na-nuca-em-bar-de-picos\/#primaryimage\"},\"thumbnailUrl\":\"https:\/\/noticiaempauta.com\/portal\/wp-content\/uploads\/2023\/11\/tiro-541x300-1.jpg\",\"datePublished\":\"2024-08-03T14:55:49+00:00\",\"dateModified\":\"2024-08-03T14:55:50+00:00\",\"breadcrumb\":{\"@id\":\"https:\/\/noticiaempauta.com\/portal\/jovem-e-morto-com-tiros-na-nuca-em-bar-de-picos\/#breadcrumb\"},\"inLanguage\":\"pt-BR\",\"potentialAction\":[{\"@type\":\"ReadAction\",\"target\":[\"https:\/\/noticiaempauta.com\/portal\/jovem-e-morto-com-tiros-na-nuca-em-bar-de-picos\/\"]}]},{\"@type\":\"ImageObject\",\"inLanguage\":\"pt-BR\",\"@id\":\"https:\/\/noticiaempauta.com\/portal\/jovem-e-morto-com-tiros-na-nuca-em-bar-de-picos\/#primaryimage\",\"url\":\"https:\/\/noticiaempauta.com\/portal\/wp-content\/uploads\/2023\/11\/tiro-541x300-1.jpg\",\"contentUrl\":\"https:\/\/noticiaempauta.com\/portal\/wp-content\/uploads\/2023\/11\/tiro-541x300-1.jpg\",\"width\":541,\"height\":300},{\"@type\":\"BreadcrumbList\",\"@id\":\"https:\/\/noticiaempauta.com\/portal\/jovem-e-morto-com-tiros-na-nuca-em-bar-de-picos\/#breadcrumb\",\"itemListElement\":[{\"@type\":\"ListItem\",\"position\":1,\"name\":\"P\u00e1gina Inicial\",\"item\":\"https:\/\/noticiaempauta.com\/portal\/\"},{\"@type\":\"ListItem\",\"position\":2,\"name\":\"Destaques\",\"item\":\"https:\/\/noticiaempauta.com\/portal\/destaques-site\/\"},{\"@type\":\"ListItem\",\"position\":3,\"name\":\"Jovem \u00e9 morto com tiros na nuca em bar de Picos\"}]},{\"@type\":\"WebSite\",\"@id\":\"https:\/\/noticiaempauta.com\/portal\/#website\",\"url\":\"https:\/\/noticiaempauta.com\/portal\/\",\"name\":\"Portal Not\u00edcia em Pauta\",\"description\":\"Voc\u00ea bem informado\",\"publisher\":{\"@id\":\"https:\/\/noticiaempauta.com\/portal\/#organization\"},\"potentialAction\":[{\"@type\":\"SearchAction\",\"target\":{\"@type\":\"EntryPoint\",\"urlTemplate\":\"https:\/\/noticiaempauta.com\/portal\/?s={search_term_string}\"},\"query-input\":{\"@type\":\"PropertyValueSpecification\",\"valueRequired\":true,\"valueName\":\"search_term_string\"}}],\"inLanguage\":\"pt-BR\"},{\"@type\":\"Organization\",\"@id\":\"https:\/\/noticiaempauta.com\/portal\/#organization\",\"name\":\"Portal Not\u00edcia em Pauta\",\"url\":\"https:\/\/noticiaempauta.com\/portal\/\",\"logo\":{\"@type\":\"ImageObject\",\"inLanguage\":\"pt-BR\",\"@id\":\"https:\/\/noticiaempauta.com\/portal\/#\/schema\/logo\/image\/\",\"url\":\"https:\/\/noticiaempauta.com\/portal\/wp-content\/uploads\/2022\/08\/logomarca_tema.fw_.png\",\"contentUrl\":\"https:\/\/noticiaempauta.com\/portal\/wp-content\/uploads\/2022\/08\/logomarca_tema.fw_.png\",\"width\":400,\"height\":232,\"caption\":\"Portal Not\u00edcia em Pauta\"},\"image\":{\"@id\":\"https:\/\/noticiaempauta.com\/portal\/#\/schema\/logo\/image\/\"},\"sameAs\":[\"https:\/\/www.facebook.com\/Portal-Notcia-Em-Pauta-102292869264820\/\",\"https:\/\/www.instagram.com\/portalnoticiaempauta\/\"]},{\"@type\":\"Person\",\"@id\":\"https:\/\/noticiaempauta.com\/portal\/#\/schema\/person\/a74af43dd1ab3deca45f988c717d57ac\",\"name\":\"Reda\u00e7\u00e3o\",\"image\":{\"@type\":\"ImageObject\",\"inLanguage\":\"pt-BR\",\"@id\":\"https:\/\/noticiaempauta.com\/portal\/#\/schema\/person\/image\/\",\"url\":\"https:\/\/secure.gravatar.com\/avatar\/03179346ecce6cdfc13361603e8f54242a90e5cde8618fa23c5c00aa2b0aadf3?s=96&d=mm&r=g\",\"contentUrl\":\"https:\/\/secure.gravatar.com\/avatar\/03179346ecce6cdfc13361603e8f54242a90e5cde8618fa23c5c00aa2b0aadf3?s=96&d=mm&r=g\",\"caption\":\"Reda\u00e7\u00e3o\"},\"sameAs\":[\"https:\/\/noticiaempauta.com\/portal\/\"],\"url\":\"https:\/\/noticiaempauta.com\/portal\/author\/fernando\/\"}]}<\/script>\n<!-- \/ Yoast SEO Premium plugin. -->","yoast_head_json":{"title":"Jovem \u00e9 morto com tiros na nuca em bar de Picos - Portal Not\u00edcia em Pauta","robots":{"index":"index","follow":"follow","max-snippet":"max-snippet:-1","max-image-preview":"max-image-preview:large","max-video-preview":"max-video-preview:-1"},"canonical":"https:\/\/noticiaempauta.com\/portal\/jovem-e-morto-com-tiros-na-nuca-em-bar-de-picos\/","og_locale":"pt_BR","og_type":"article","og_title":"Jovem \u00e9 morto com tiros na nuca em bar de Picos","og_description":"Mais um homic\u00eddio foi registrado no munic\u00edpio de Picos. Um jovem foi assassinado com um tiro, na manh\u00e3 deste s\u00e1bado (03), no complexo Tijuca antigo Almeidinhas. A v\u00edtima foi identificada como Edenilson Borges Gon\u00e7alves, conhecido como \u201cDed\u00e9 de Nelita\u201d, de 24 anos de idade. De acordo com as primeiras informa\u00e7\u00f5es, Ded\u00e9 foi morto ap\u00f3s se [&hellip;]","og_url":"https:\/\/noticiaempauta.com\/portal\/jovem-e-morto-com-tiros-na-nuca-em-bar-de-picos\/","og_site_name":"Portal Not\u00edcia em Pauta","article_publisher":"https:\/\/www.facebook.com\/Portal-Notcia-Em-Pauta-102292869264820\/","article_published_time":"2024-08-03T14:55:49+00:00","article_modified_time":"2024-08-03T14:55:50+00:00","og_image":[{"width":541,"height":300,"url":"https:\/\/noticiaempauta.com\/portal\/wp-content\/uploads\/2023\/11\/tiro-541x300-1.jpg","type":"image\/jpeg"}],"author":"Reda\u00e7\u00e3o","twitter_card":"summary_large_image","twitter_misc":{"Escrito por":"Reda\u00e7\u00e3o","Est. tempo de leitura":"2 minutos"},"schema":{"@context":"https:\/\/schema.org","@graph":[{"@type":"Article","@id":"https:\/\/noticiaempauta.com\/portal\/jovem-e-morto-com-tiros-na-nuca-em-bar-de-picos\/#article","isPartOf":{"@id":"https:\/\/noticiaempauta.com\/portal\/jovem-e-morto-com-tiros-na-nuca-em-bar-de-picos\/"},"author":{"name":"Reda\u00e7\u00e3o","@id":"https:\/\/noticiaempauta.com\/portal\/#\/schema\/person\/a74af43dd1ab3deca45f988c717d57ac"},"headline":"Jovem \u00e9 morto com tiros na nuca em bar de Picos","datePublished":"2024-08-03T14:55:49+00:00","dateModified":"2024-08-03T14:55:50+00:00","mainEntityOfPage":{"@id":"https:\/\/noticiaempauta.com\/portal\/jovem-e-morto-com-tiros-na-nuca-em-bar-de-picos\/"},"wordCount":176,"commentCount":0,"publisher":{"@id":"https:\/\/noticiaempauta.com\/portal\/#organization"},"image":{"@id":"https:\/\/noticiaempauta.com\/portal\/jovem-e-morto-com-tiros-na-nuca-em-bar-de-picos\/#primaryimage"},"thumbnailUrl":"https:\/\/noticiaempauta.com\/portal\/wp-content\/uploads\/2023\/11\/tiro-541x300-1.jpg","keywords":["destaqueprincipal"],"articleSection":["Destaques","Pol\u00edcia","Todas as Not\u00edcias"],"inLanguage":"pt-BR","potentialAction":[{"@type":"CommentAction","name":"Comment","target":["https:\/\/noticiaempauta.com\/portal\/jovem-e-morto-com-tiros-na-nuca-em-bar-de-picos\/#respond"]}]},{"@type":"WebPage","@id":"https:\/\/noticiaempauta.com\/portal\/jovem-e-morto-com-tiros-na-nuca-em-bar-de-picos\/","url":"https:\/\/noticiaempauta.com\/portal\/jovem-e-morto-com-tiros-na-nuca-em-bar-de-picos\/","name":"Jovem \u00e9 morto com tiros na nuca em bar de Picos - Portal Not\u00edcia em Pauta","isPartOf":{"@id":"https:\/\/noticiaempauta.com\/portal\/#website"},"primaryImageOfPage":{"@id":"https:\/\/noticiaempauta.com\/portal\/jovem-e-morto-com-tiros-na-nuca-em-bar-de-picos\/#primaryimage"},"image":{"@id":"https:\/\/noticiaempauta.com\/portal\/jovem-e-morto-com-tiros-na-nuca-em-bar-de-picos\/#primaryimage"},"thumbnailUrl":"https:\/\/noticiaempauta.com\/portal\/wp-content\/uploads\/2023\/11\/tiro-541x300-1.jpg","datePublished":"2024-08-03T14:55:49+00:00","dateModified":"2024-08-03T14:55:50+00:00","breadcrumb":{"@id":"https:\/\/noticiaempauta.com\/portal\/jovem-e-morto-com-tiros-na-nuca-em-bar-de-picos\/#breadcrumb"},"inLanguage":"pt-BR","potentialAction":[{"@type":"ReadAction","target":["https:\/\/noticiaempauta.com\/portal\/jovem-e-morto-com-tiros-na-nuca-em-bar-de-picos\/"]}]},{"@type":"ImageObject","inLanguage":"pt-BR","@id":"https:\/\/noticiaempauta.com\/portal\/jovem-e-morto-com-tiros-na-nuca-em-bar-de-picos\/#primaryimage","url":"https:\/\/noticiaempauta.com\/portal\/wp-content\/uploads\/2023\/11\/tiro-541x300-1.jpg","contentUrl":"https:\/\/noticiaempauta.com\/portal\/wp-content\/uploads\/2023\/11\/tiro-541x300-1.jpg","width":541,"height":300},{"@type":"BreadcrumbList","@id":"https:\/\/noticiaempauta.com\/portal\/jovem-e-morto-com-tiros-na-nuca-em-bar-de-picos\/#breadcrumb","itemListElement":[{"@type":"ListItem","position":1,"name":"P\u00e1gina Inicial","item":"https:\/\/noticiaempauta.com\/portal\/"},{"@type":"ListItem","position":2,"name":"Destaques","item":"https:\/\/noticiaempauta.com\/portal\/destaques-site\/"},{"@type":"ListItem","position":3,"name":"Jovem \u00e9 morto com tiros na nuca em bar de Picos"}]},{"@type":"WebSite","@id":"https:\/\/noticiaempauta.com\/portal\/#website","url":"https:\/\/noticiaempauta.com\/portal\/","name":"Portal Not\u00edcia em Pauta","description":"Voc\u00ea bem informado","publisher":{"@id":"https:\/\/noticiaempauta.com\/portal\/#organization"},"potentialAction":[{"@type":"SearchAction","target":{"@type":"EntryPoint","urlTemplate":"https:\/\/noticiaempauta.com\/portal\/?s={search_term_string}"},"query-input":{"@type":"PropertyValueSpecification","valueRequired":true,"valueName":"search_term_string"}}],"inLanguage":"pt-BR"},{"@type":"Organization","@id":"https:\/\/noticiaempauta.com\/portal\/#organization","name":"Portal Not\u00edcia em Pauta","url":"https:\/\/noticiaempauta.com\/portal\/","logo":{"@type":"ImageObject","inLanguage":"pt-BR","@id":"https:\/\/noticiaempauta.com\/portal\/#\/schema\/logo\/image\/","url":"https:\/\/noticiaempauta.com\/portal\/wp-content\/uploads\/2022\/08\/logomarca_tema.fw_.png","contentUrl":"https:\/\/noticiaempauta.com\/portal\/wp-content\/uploads\/2022\/08\/logomarca_tema.fw_.png","width":400,"height":232,"caption":"Portal Not\u00edcia em Pauta"},"image":{"@id":"https:\/\/noticiaempauta.com\/portal\/#\/schema\/logo\/image\/"},"sameAs":["https:\/\/www.facebook.com\/Portal-Notcia-Em-Pauta-102292869264820\/","https:\/\/www.instagram.com\/portalnoticiaempauta\/"]},{"@type":"Person","@id":"https:\/\/noticiaempauta.com\/portal\/#\/schema\/person\/a74af43dd1ab3deca45f988c717d57ac","name":"Reda\u00e7\u00e3o","image":{"@type":"ImageObject","inLanguage":"pt-BR","@id":"https:\/\/noticiaempauta.com\/portal\/#\/schema\/person\/image\/","url":"https:\/\/secure.gravatar.com\/avatar\/03179346ecce6cdfc13361603e8f54242a90e5cde8618fa23c5c00aa2b0aadf3?s=96&d=mm&r=g","contentUrl":"https:\/\/secure.gravatar.com\/avatar\/03179346ecce6cdfc13361603e8f54242a90e5cde8618fa23c5c00aa2b0aadf3?s=96&d=mm&r=g","caption":"Reda\u00e7\u00e3o"},"sameAs":["https:\/\/noticiaempauta.com\/portal\/"],"url":"https:\/\/noticiaempauta.com\/portal\/author\/fernando\/"}]}},"_links":{"self":[{"href":"https:\/\/noticiaempauta.com\/portal\/wp-json\/wp\/v2\/posts\/260781","targetHints":{"allow":["GET"]}}],"collection":[{"href":"https:\/\/noticiaempauta.com\/portal\/wp-json\/wp\/v2\/posts"}],"about":[{"href":"https:\/\/noticiaempauta.com\/portal\/wp-json\/wp\/v2\/types\/post"}],"author":[{"embeddable":true,"href":"https:\/\/noticiaempauta.com\/portal\/wp-json\/wp\/v2\/users\/2"}],"replies":[{"embeddable":true,"href":"https:\/\/noticiaempauta.com\/portal\/wp-json\/wp\/v2\/comments?post=260781"}],"version-history":[{"count":2,"href":"https:\/\/noticiaempauta.com\/portal\/wp-json\/wp\/v2\/posts\/260781\/revisions"}],"predecessor-version":[{"id":260784,"href":"https:\/\/noticiaempauta.com\/portal\/wp-json\/wp\/v2\/posts\/260781\/revisions\/260784"}],"wp:featuredmedia":[{"embeddable":true,"href":"https:\/\/noticiaempauta.com\/portal\/wp-json\/wp\/v2\/media\/251876"}],"wp:attachment":[{"href":"https:\/\/noticiaempauta.com\/portal\/wp-json\/wp\/v2\/media?parent=260781"}],"wp:term":[{"taxonomy":"category","embeddable":true,"href":"https:\/\/noticiaempauta.com\/portal\/wp-json\/wp\/v2\/categories?post=260781"},{"taxonomy":"post_tag","embeddable":true,"href":"https:\/\/noticiaempauta.com\/portal\/wp-json\/wp\/v2\/tags?post=260781"}],"curies":[{"name":"wp","href":"https:\/\/api.w.org\/{rel}","templated":true}]}}