{"id":260785,"date":"2024-08-03T11:58:22","date_gmt":"2024-08-03T14:58:22","guid":{"rendered":"https:\/\/noticiaempauta.com\/portal\/?p=260785"},"modified":"2024-08-03T11:58:22","modified_gmt":"2024-08-03T14:58:22","slug":"governo-conclui-obras-na-rodovia-que-liga-fartura-a-br-020","status":"publish","type":"post","link":"https:\/\/noticiaempauta.com\/portal\/governo-conclui-obras-na-rodovia-que-liga-fartura-a-br-020\/","title":{"rendered":"Governo conclui obras na rodovia que liga Fartura \u00e0 BR-020"},"content":{"rendered":"\n<p>A rodovia que liga o munic\u00edpio de Fartura do Piau\u00ed \u00e0 BR-020 recebeu melhorias na pavimenta\u00e7\u00e3o asf\u00e1ltica, sinaliza\u00e7\u00e3o e servi\u00e7os na \u00e1rea de drenagem. O Governo do Estado, por meio do Departamento de Estradas de Rodagem (DER-PI), investiu R$ 3,9 milh\u00f5es de para realizar a obra que foi totalmente finalizada. A PI-467 se conecta com a BR-020, que \u00e9 uma rodovia federal importante, que liga o estado do Piau\u00ed \u00e0 Bahia.<\/p>\n\n\n\n<figure class=\"wp-block-image size-large\"><img fetchpriority=\"high\" decoding=\"async\" width=\"1024\" height=\"575\" src=\"https:\/\/noticiaempauta.com\/portal\/wp-content\/uploads\/2024\/08\/rodovia2_75f0665acf-1024x575.jpg\" alt=\"\" class=\"wp-image-260788\" srcset=\"https:\/\/noticiaempauta.com\/portal\/wp-content\/uploads\/2024\/08\/rodovia2_75f0665acf-1024x575.jpg 1024w, https:\/\/noticiaempauta.com\/portal\/wp-content\/uploads\/2024\/08\/rodovia2_75f0665acf-300x168.jpg 300w, https:\/\/noticiaempauta.com\/portal\/wp-content\/uploads\/2024\/08\/rodovia2_75f0665acf-768x431.jpg 768w, https:\/\/noticiaempauta.com\/portal\/wp-content\/uploads\/2024\/08\/rodovia2_75f0665acf.jpg 1284w\" sizes=\"(max-width: 1024px) 100vw, 1024px\" \/><\/figure>\n\n\n\n<p>\u201cAqui \u00e9 mais uma obra realizada com recursos do Governo do Estado. S\u00e3o 21 quil\u00f4metros que agora apresentam \u00f3timas condi\u00e7\u00f5es de tr\u00e1fego. O Programa Estradas Seguras segue mudando a realidade da nossa malha rodovi\u00e1ria para melhor e permitindo que os usu\u00e1rios fa\u00e7am trajetos em seguran\u00e7a\u201d, explica Leonardo Sobral, diretor-geral do DER-PI.<\/p>\n\n\n\n<figure class=\"wp-block-image size-large\"><img decoding=\"async\" width=\"1024\" height=\"575\" src=\"https:\/\/noticiaempauta.com\/portal\/wp-content\/uploads\/2024\/08\/rodovia_cb2d593ee7-1024x575.jpg\" alt=\"\" class=\"wp-image-260787\" srcset=\"https:\/\/noticiaempauta.com\/portal\/wp-content\/uploads\/2024\/08\/rodovia_cb2d593ee7-1024x575.jpg 1024w, https:\/\/noticiaempauta.com\/portal\/wp-content\/uploads\/2024\/08\/rodovia_cb2d593ee7-300x168.jpg 300w, https:\/\/noticiaempauta.com\/portal\/wp-content\/uploads\/2024\/08\/rodovia_cb2d593ee7-768x431.jpg 768w, https:\/\/noticiaempauta.com\/portal\/wp-content\/uploads\/2024\/08\/rodovia_cb2d593ee7.jpg 1284w\" sizes=\"(max-width: 1024px) 100vw, 1024px\" \/><\/figure>\n\n\n\n<p>O gestor tamb\u00e9m explica que nesta obra, em especial, a rodovia corta o Povoado Sossego. \u201cTivemos o cuidado de fazer uso de um material de excel\u00eancia para entregar um pavimento com padr\u00e3o nesse segmento de travessia que tamb\u00e9m recebeu refor\u00e7o na sinaliza\u00e7\u00e3o, j\u00e1 que se trata de uma via de grande circula\u00e7\u00e3o\u201d, enfatiza.<\/p>\n\n\n\n<figure class=\"wp-block-image size-large\"><img decoding=\"async\" width=\"1024\" height=\"575\" src=\"https:\/\/noticiaempauta.com\/portal\/wp-content\/uploads\/2024\/08\/rodovia3_136268b6da-1024x575.jpg\" alt=\"\" class=\"wp-image-260786\" srcset=\"https:\/\/noticiaempauta.com\/portal\/wp-content\/uploads\/2024\/08\/rodovia3_136268b6da-1024x575.jpg 1024w, https:\/\/noticiaempauta.com\/portal\/wp-content\/uploads\/2024\/08\/rodovia3_136268b6da-300x168.jpg 300w, https:\/\/noticiaempauta.com\/portal\/wp-content\/uploads\/2024\/08\/rodovia3_136268b6da-768x431.jpg 768w, https:\/\/noticiaempauta.com\/portal\/wp-content\/uploads\/2024\/08\/rodovia3_136268b6da.jpg 1284w\" sizes=\"(max-width: 1024px) 100vw, 1024px\" \/><\/figure>\n\n\n\n<p>Uma outra importante obra na regi\u00e3o \u00e9 a implanta\u00e7\u00e3o e pavimenta\u00e7\u00e3o asf\u00e1ltica da rodovia PI-464, que liga as cidades de Paes Landim, Socorro do Piau\u00ed e Pedro Laurentino \u00e0 BR-020. Os 38 km de extens\u00e3o da rodovia estadual est\u00e3o sendo constru\u00eddos pelo Governo do Estado, por meio do Departamento de Estradas de Rodagem (DER). A estrada localizada no Territ\u00f3rio Vale dos Rios Piau\u00ed e Itaueira ter\u00e1 investimento de R$ 25.985.391,09, com recursos do Tesouro Estadual.<\/p>\n\n\n\n<p>\u201cEsse projeto vai contribuir para a din\u00e2mica da log\u00edstica, do com\u00e9rcio e dos servi\u00e7os no \u00e2mbito local. Teremos uma maior circula\u00e7\u00e3o no territ\u00f3rio e, portanto, a certeza de estar contribuindo com o desenvolvimento socioecon\u00f4mico regional\u201d, justifica Leonardo Sobral.<\/p>\n\n\n\n<p><strong><em>CCOM-PI<\/em><\/strong><\/p>\n","protected":false},"excerpt":{"rendered":"<p>A rodovia que liga o munic\u00edpio de Fartura do Piau\u00ed \u00e0 BR-020 recebeu melhorias na pavimenta\u00e7\u00e3o asf\u00e1ltica, sinaliza\u00e7\u00e3o e servi\u00e7os na \u00e1rea de drenagem. O Governo do Estado, por meio do Departamento de Estradas de Rodagem (DER-PI), investiu R$ 3,9 milh\u00f5es de para realizar a obra que foi totalmente finalizada. A PI-467 se conecta com [&hellip;]<\/p>\n","protected":false},"author":2,"featured_media":260786,"comment_status":"open","ping_status":"open","sticky":false,"template":"","format":"standard","meta":{"_mi_skip_tracking":false,"footnotes":""},"categories":[25,1,16],"tags":[192],"class_list":["post-260785","post","type-post","status-publish","format-standard","has-post-thumbnail","hentry","category-destaques-site","category-geral","category-todas","tag-destaqueprincipal"],"acf":[],"yoast_head":"<!-- This site is optimized with the Yoast SEO Premium plugin v19.2 (Yoast SEO v26.9) - https:\/\/yoast.com\/product\/yoast-seo-premium-wordpress\/ -->\n<title>Governo conclui obras na rodovia que liga Fartura \u00e0 BR-020 - Portal Not\u00edcia em Pauta<\/title>\n<meta name=\"robots\" content=\"index, follow, max-snippet:-1, max-image-preview:large, max-video-preview:-1\" \/>\n<link rel=\"canonical\" href=\"https:\/\/noticiaempauta.com\/portal\/governo-conclui-obras-na-rodovia-que-liga-fartura-a-br-020\/\" \/>\n<meta property=\"og:locale\" content=\"pt_BR\" \/>\n<meta property=\"og:type\" content=\"article\" \/>\n<meta property=\"og:title\" content=\"Governo conclui obras na rodovia que liga Fartura \u00e0 BR-020\" \/>\n<meta property=\"og:description\" content=\"A rodovia que liga o munic\u00edpio de Fartura do Piau\u00ed \u00e0 BR-020 recebeu melhorias na pavimenta\u00e7\u00e3o asf\u00e1ltica, sinaliza\u00e7\u00e3o e servi\u00e7os na \u00e1rea de drenagem. O Governo do Estado, por meio do Departamento de Estradas de Rodagem (DER-PI), investiu R$ 3,9 milh\u00f5es de para realizar a obra que foi totalmente finalizada. A PI-467 se conecta com [&hellip;]\" \/>\n<meta property=\"og:url\" content=\"https:\/\/noticiaempauta.com\/portal\/governo-conclui-obras-na-rodovia-que-liga-fartura-a-br-020\/\" \/>\n<meta property=\"og:site_name\" content=\"Portal Not\u00edcia em Pauta\" \/>\n<meta property=\"article:publisher\" content=\"https:\/\/www.facebook.com\/Portal-Notcia-Em-Pauta-102292869264820\/\" \/>\n<meta property=\"article:published_time\" content=\"2024-08-03T14:58:22+00:00\" \/>\n<meta property=\"og:image\" content=\"https:\/\/noticiaempauta.com\/portal\/wp-content\/uploads\/2024\/08\/rodovia3_136268b6da.jpg\" \/>\n\t<meta property=\"og:image:width\" content=\"1284\" \/>\n\t<meta property=\"og:image:height\" content=\"721\" \/>\n\t<meta property=\"og:image:type\" content=\"image\/jpeg\" \/>\n<meta name=\"author\" content=\"Reda\u00e7\u00e3o\" \/>\n<meta name=\"twitter:card\" content=\"summary_large_image\" \/>\n<meta name=\"twitter:label1\" content=\"Escrito por\" \/>\n\t<meta name=\"twitter:data1\" content=\"Reda\u00e7\u00e3o\" \/>\n\t<meta name=\"twitter:label2\" content=\"Est. tempo de leitura\" \/>\n\t<meta name=\"twitter:data2\" content=\"3 minutos\" \/>\n<script type=\"application\/ld+json\" class=\"yoast-schema-graph\">{\"@context\":\"https:\/\/schema.org\",\"@graph\":[{\"@type\":\"Article\",\"@id\":\"https:\/\/noticiaempauta.com\/portal\/governo-conclui-obras-na-rodovia-que-liga-fartura-a-br-020\/#article\",\"isPartOf\":{\"@id\":\"https:\/\/noticiaempauta.com\/portal\/governo-conclui-obras-na-rodovia-que-liga-fartura-a-br-020\/\"},\"author\":{\"name\":\"Reda\u00e7\u00e3o\",\"@id\":\"https:\/\/noticiaempauta.com\/portal\/#\/schema\/person\/a74af43dd1ab3deca45f988c717d57ac\"},\"headline\":\"Governo conclui obras na rodovia que liga Fartura \u00e0 BR-020\",\"datePublished\":\"2024-08-03T14:58:22+00:00\",\"mainEntityOfPage\":{\"@id\":\"https:\/\/noticiaempauta.com\/portal\/governo-conclui-obras-na-rodovia-que-liga-fartura-a-br-020\/\"},\"wordCount\":324,\"commentCount\":0,\"publisher\":{\"@id\":\"https:\/\/noticiaempauta.com\/portal\/#organization\"},\"image\":{\"@id\":\"https:\/\/noticiaempauta.com\/portal\/governo-conclui-obras-na-rodovia-que-liga-fartura-a-br-020\/#primaryimage\"},\"thumbnailUrl\":\"https:\/\/noticiaempauta.com\/portal\/wp-content\/uploads\/2024\/08\/rodovia3_136268b6da.jpg\",\"keywords\":[\"destaqueprincipal\"],\"articleSection\":[\"Destaques\",\"Geral\",\"Todas as Not\u00edcias\"],\"inLanguage\":\"pt-BR\",\"potentialAction\":[{\"@type\":\"CommentAction\",\"name\":\"Comment\",\"target\":[\"https:\/\/noticiaempauta.com\/portal\/governo-conclui-obras-na-rodovia-que-liga-fartura-a-br-020\/#respond\"]}]},{\"@type\":\"WebPage\",\"@id\":\"https:\/\/noticiaempauta.com\/portal\/governo-conclui-obras-na-rodovia-que-liga-fartura-a-br-020\/\",\"url\":\"https:\/\/noticiaempauta.com\/portal\/governo-conclui-obras-na-rodovia-que-liga-fartura-a-br-020\/\",\"name\":\"Governo conclui obras na rodovia que liga Fartura \u00e0 BR-020 - Portal Not\u00edcia em Pauta\",\"isPartOf\":{\"@id\":\"https:\/\/noticiaempauta.com\/portal\/#website\"},\"primaryImageOfPage\":{\"@id\":\"https:\/\/noticiaempauta.com\/portal\/governo-conclui-obras-na-rodovia-que-liga-fartura-a-br-020\/#primaryimage\"},\"image\":{\"@id\":\"https:\/\/noticiaempauta.com\/portal\/governo-conclui-obras-na-rodovia-que-liga-fartura-a-br-020\/#primaryimage\"},\"thumbnailUrl\":\"https:\/\/noticiaempauta.com\/portal\/wp-content\/uploads\/2024\/08\/rodovia3_136268b6da.jpg\",\"datePublished\":\"2024-08-03T14:58:22+00:00\",\"breadcrumb\":{\"@id\":\"https:\/\/noticiaempauta.com\/portal\/governo-conclui-obras-na-rodovia-que-liga-fartura-a-br-020\/#breadcrumb\"},\"inLanguage\":\"pt-BR\",\"potentialAction\":[{\"@type\":\"ReadAction\",\"target\":[\"https:\/\/noticiaempauta.com\/portal\/governo-conclui-obras-na-rodovia-que-liga-fartura-a-br-020\/\"]}]},{\"@type\":\"ImageObject\",\"inLanguage\":\"pt-BR\",\"@id\":\"https:\/\/noticiaempauta.com\/portal\/governo-conclui-obras-na-rodovia-que-liga-fartura-a-br-020\/#primaryimage\",\"url\":\"https:\/\/noticiaempauta.com\/portal\/wp-content\/uploads\/2024\/08\/rodovia3_136268b6da.jpg\",\"contentUrl\":\"https:\/\/noticiaempauta.com\/portal\/wp-content\/uploads\/2024\/08\/rodovia3_136268b6da.jpg\",\"width\":1284,\"height\":721},{\"@type\":\"BreadcrumbList\",\"@id\":\"https:\/\/noticiaempauta.com\/portal\/governo-conclui-obras-na-rodovia-que-liga-fartura-a-br-020\/#breadcrumb\",\"itemListElement\":[{\"@type\":\"ListItem\",\"position\":1,\"name\":\"P\u00e1gina Inicial\",\"item\":\"https:\/\/noticiaempauta.com\/portal\/\"},{\"@type\":\"ListItem\",\"position\":2,\"name\":\"Destaques\",\"item\":\"https:\/\/noticiaempauta.com\/portal\/destaques-site\/\"},{\"@type\":\"ListItem\",\"position\":3,\"name\":\"Governo conclui obras na rodovia que liga Fartura \u00e0 BR-020\"}]},{\"@type\":\"WebSite\",\"@id\":\"https:\/\/noticiaempauta.com\/portal\/#website\",\"url\":\"https:\/\/noticiaempauta.com\/portal\/\",\"name\":\"Portal Not\u00edcia em Pauta\",\"description\":\"Voc\u00ea bem informado\",\"publisher\":{\"@id\":\"https:\/\/noticiaempauta.com\/portal\/#organization\"},\"potentialAction\":[{\"@type\":\"SearchAction\",\"target\":{\"@type\":\"EntryPoint\",\"urlTemplate\":\"https:\/\/noticiaempauta.com\/portal\/?s={search_term_string}\"},\"query-input\":{\"@type\":\"PropertyValueSpecification\",\"valueRequired\":true,\"valueName\":\"search_term_string\"}}],\"inLanguage\":\"pt-BR\"},{\"@type\":\"Organization\",\"@id\":\"https:\/\/noticiaempauta.com\/portal\/#organization\",\"name\":\"Portal Not\u00edcia em Pauta\",\"url\":\"https:\/\/noticiaempauta.com\/portal\/\",\"logo\":{\"@type\":\"ImageObject\",\"inLanguage\":\"pt-BR\",\"@id\":\"https:\/\/noticiaempauta.com\/portal\/#\/schema\/logo\/image\/\",\"url\":\"https:\/\/noticiaempauta.com\/portal\/wp-content\/uploads\/2022\/08\/logomarca_tema.fw_.png\",\"contentUrl\":\"https:\/\/noticiaempauta.com\/portal\/wp-content\/uploads\/2022\/08\/logomarca_tema.fw_.png\",\"width\":400,\"height\":232,\"caption\":\"Portal Not\u00edcia em Pauta\"},\"image\":{\"@id\":\"https:\/\/noticiaempauta.com\/portal\/#\/schema\/logo\/image\/\"},\"sameAs\":[\"https:\/\/www.facebook.com\/Portal-Notcia-Em-Pauta-102292869264820\/\",\"https:\/\/www.instagram.com\/portalnoticiaempauta\/\"]},{\"@type\":\"Person\",\"@id\":\"https:\/\/noticiaempauta.com\/portal\/#\/schema\/person\/a74af43dd1ab3deca45f988c717d57ac\",\"name\":\"Reda\u00e7\u00e3o\",\"image\":{\"@type\":\"ImageObject\",\"inLanguage\":\"pt-BR\",\"@id\":\"https:\/\/noticiaempauta.com\/portal\/#\/schema\/person\/image\/\",\"url\":\"https:\/\/secure.gravatar.com\/avatar\/03179346ecce6cdfc13361603e8f54242a90e5cde8618fa23c5c00aa2b0aadf3?s=96&d=mm&r=g\",\"contentUrl\":\"https:\/\/secure.gravatar.com\/avatar\/03179346ecce6cdfc13361603e8f54242a90e5cde8618fa23c5c00aa2b0aadf3?s=96&d=mm&r=g\",\"caption\":\"Reda\u00e7\u00e3o\"},\"sameAs\":[\"https:\/\/noticiaempauta.com\/portal\/\"],\"url\":\"https:\/\/noticiaempauta.com\/portal\/author\/fernando\/\"}]}<\/script>\n<!-- \/ Yoast SEO Premium plugin. -->","yoast_head_json":{"title":"Governo conclui obras na rodovia que liga Fartura \u00e0 BR-020 - Portal Not\u00edcia em Pauta","robots":{"index":"index","follow":"follow","max-snippet":"max-snippet:-1","max-image-preview":"max-image-preview:large","max-video-preview":"max-video-preview:-1"},"canonical":"https:\/\/noticiaempauta.com\/portal\/governo-conclui-obras-na-rodovia-que-liga-fartura-a-br-020\/","og_locale":"pt_BR","og_type":"article","og_title":"Governo conclui obras na rodovia que liga Fartura \u00e0 BR-020","og_description":"A rodovia que liga o munic\u00edpio de Fartura do Piau\u00ed \u00e0 BR-020 recebeu melhorias na pavimenta\u00e7\u00e3o asf\u00e1ltica, sinaliza\u00e7\u00e3o e servi\u00e7os na \u00e1rea de drenagem. O Governo do Estado, por meio do Departamento de Estradas de Rodagem (DER-PI), investiu R$ 3,9 milh\u00f5es de para realizar a obra que foi totalmente finalizada. A PI-467 se conecta com [&hellip;]","og_url":"https:\/\/noticiaempauta.com\/portal\/governo-conclui-obras-na-rodovia-que-liga-fartura-a-br-020\/","og_site_name":"Portal Not\u00edcia em Pauta","article_publisher":"https:\/\/www.facebook.com\/Portal-Notcia-Em-Pauta-102292869264820\/","article_published_time":"2024-08-03T14:58:22+00:00","og_image":[{"width":1284,"height":721,"url":"https:\/\/noticiaempauta.com\/portal\/wp-content\/uploads\/2024\/08\/rodovia3_136268b6da.jpg","type":"image\/jpeg"}],"author":"Reda\u00e7\u00e3o","twitter_card":"summary_large_image","twitter_misc":{"Escrito por":"Reda\u00e7\u00e3o","Est. tempo de leitura":"3 minutos"},"schema":{"@context":"https:\/\/schema.org","@graph":[{"@type":"Article","@id":"https:\/\/noticiaempauta.com\/portal\/governo-conclui-obras-na-rodovia-que-liga-fartura-a-br-020\/#article","isPartOf":{"@id":"https:\/\/noticiaempauta.com\/portal\/governo-conclui-obras-na-rodovia-que-liga-fartura-a-br-020\/"},"author":{"name":"Reda\u00e7\u00e3o","@id":"https:\/\/noticiaempauta.com\/portal\/#\/schema\/person\/a74af43dd1ab3deca45f988c717d57ac"},"headline":"Governo conclui obras na rodovia que liga Fartura \u00e0 BR-020","datePublished":"2024-08-03T14:58:22+00:00","mainEntityOfPage":{"@id":"https:\/\/noticiaempauta.com\/portal\/governo-conclui-obras-na-rodovia-que-liga-fartura-a-br-020\/"},"wordCount":324,"commentCount":0,"publisher":{"@id":"https:\/\/noticiaempauta.com\/portal\/#organization"},"image":{"@id":"https:\/\/noticiaempauta.com\/portal\/governo-conclui-obras-na-rodovia-que-liga-fartura-a-br-020\/#primaryimage"},"thumbnailUrl":"https:\/\/noticiaempauta.com\/portal\/wp-content\/uploads\/2024\/08\/rodovia3_136268b6da.jpg","keywords":["destaqueprincipal"],"articleSection":["Destaques","Geral","Todas as Not\u00edcias"],"inLanguage":"pt-BR","potentialAction":[{"@type":"CommentAction","name":"Comment","target":["https:\/\/noticiaempauta.com\/portal\/governo-conclui-obras-na-rodovia-que-liga-fartura-a-br-020\/#respond"]}]},{"@type":"WebPage","@id":"https:\/\/noticiaempauta.com\/portal\/governo-conclui-obras-na-rodovia-que-liga-fartura-a-br-020\/","url":"https:\/\/noticiaempauta.com\/portal\/governo-conclui-obras-na-rodovia-que-liga-fartura-a-br-020\/","name":"Governo conclui obras na rodovia que liga Fartura \u00e0 BR-020 - Portal Not\u00edcia em Pauta","isPartOf":{"@id":"https:\/\/noticiaempauta.com\/portal\/#website"},"primaryImageOfPage":{"@id":"https:\/\/noticiaempauta.com\/portal\/governo-conclui-obras-na-rodovia-que-liga-fartura-a-br-020\/#primaryimage"},"image":{"@id":"https:\/\/noticiaempauta.com\/portal\/governo-conclui-obras-na-rodovia-que-liga-fartura-a-br-020\/#primaryimage"},"thumbnailUrl":"https:\/\/noticiaempauta.com\/portal\/wp-content\/uploads\/2024\/08\/rodovia3_136268b6da.jpg","datePublished":"2024-08-03T14:58:22+00:00","breadcrumb":{"@id":"https:\/\/noticiaempauta.com\/portal\/governo-conclui-obras-na-rodovia-que-liga-fartura-a-br-020\/#breadcrumb"},"inLanguage":"pt-BR","potentialAction":[{"@type":"ReadAction","target":["https:\/\/noticiaempauta.com\/portal\/governo-conclui-obras-na-rodovia-que-liga-fartura-a-br-020\/"]}]},{"@type":"ImageObject","inLanguage":"pt-BR","@id":"https:\/\/noticiaempauta.com\/portal\/governo-conclui-obras-na-rodovia-que-liga-fartura-a-br-020\/#primaryimage","url":"https:\/\/noticiaempauta.com\/portal\/wp-content\/uploads\/2024\/08\/rodovia3_136268b6da.jpg","contentUrl":"https:\/\/noticiaempauta.com\/portal\/wp-content\/uploads\/2024\/08\/rodovia3_136268b6da.jpg","width":1284,"height":721},{"@type":"BreadcrumbList","@id":"https:\/\/noticiaempauta.com\/portal\/governo-conclui-obras-na-rodovia-que-liga-fartura-a-br-020\/#breadcrumb","itemListElement":[{"@type":"ListItem","position":1,"name":"P\u00e1gina Inicial","item":"https:\/\/noticiaempauta.com\/portal\/"},{"@type":"ListItem","position":2,"name":"Destaques","item":"https:\/\/noticiaempauta.com\/portal\/destaques-site\/"},{"@type":"ListItem","position":3,"name":"Governo conclui obras na rodovia que liga Fartura \u00e0 BR-020"}]},{"@type":"WebSite","@id":"https:\/\/noticiaempauta.com\/portal\/#website","url":"https:\/\/noticiaempauta.com\/portal\/","name":"Portal Not\u00edcia em Pauta","description":"Voc\u00ea bem informado","publisher":{"@id":"https:\/\/noticiaempauta.com\/portal\/#organization"},"potentialAction":[{"@type":"SearchAction","target":{"@type":"EntryPoint","urlTemplate":"https:\/\/noticiaempauta.com\/portal\/?s={search_term_string}"},"query-input":{"@type":"PropertyValueSpecification","valueRequired":true,"valueName":"search_term_string"}}],"inLanguage":"pt-BR"},{"@type":"Organization","@id":"https:\/\/noticiaempauta.com\/portal\/#organization","name":"Portal Not\u00edcia em Pauta","url":"https:\/\/noticiaempauta.com\/portal\/","logo":{"@type":"ImageObject","inLanguage":"pt-BR","@id":"https:\/\/noticiaempauta.com\/portal\/#\/schema\/logo\/image\/","url":"https:\/\/noticiaempauta.com\/portal\/wp-content\/uploads\/2022\/08\/logomarca_tema.fw_.png","contentUrl":"https:\/\/noticiaempauta.com\/portal\/wp-content\/uploads\/2022\/08\/logomarca_tema.fw_.png","width":400,"height":232,"caption":"Portal Not\u00edcia em Pauta"},"image":{"@id":"https:\/\/noticiaempauta.com\/portal\/#\/schema\/logo\/image\/"},"sameAs":["https:\/\/www.facebook.com\/Portal-Notcia-Em-Pauta-102292869264820\/","https:\/\/www.instagram.com\/portalnoticiaempauta\/"]},{"@type":"Person","@id":"https:\/\/noticiaempauta.com\/portal\/#\/schema\/person\/a74af43dd1ab3deca45f988c717d57ac","name":"Reda\u00e7\u00e3o","image":{"@type":"ImageObject","inLanguage":"pt-BR","@id":"https:\/\/noticiaempauta.com\/portal\/#\/schema\/person\/image\/","url":"https:\/\/secure.gravatar.com\/avatar\/03179346ecce6cdfc13361603e8f54242a90e5cde8618fa23c5c00aa2b0aadf3?s=96&d=mm&r=g","contentUrl":"https:\/\/secure.gravatar.com\/avatar\/03179346ecce6cdfc13361603e8f54242a90e5cde8618fa23c5c00aa2b0aadf3?s=96&d=mm&r=g","caption":"Reda\u00e7\u00e3o"},"sameAs":["https:\/\/noticiaempauta.com\/portal\/"],"url":"https:\/\/noticiaempauta.com\/portal\/author\/fernando\/"}]}},"_links":{"self":[{"href":"https:\/\/noticiaempauta.com\/portal\/wp-json\/wp\/v2\/posts\/260785","targetHints":{"allow":["GET"]}}],"collection":[{"href":"https:\/\/noticiaempauta.com\/portal\/wp-json\/wp\/v2\/posts"}],"about":[{"href":"https:\/\/noticiaempauta.com\/portal\/wp-json\/wp\/v2\/types\/post"}],"author":[{"embeddable":true,"href":"https:\/\/noticiaempauta.com\/portal\/wp-json\/wp\/v2\/users\/2"}],"replies":[{"embeddable":true,"href":"https:\/\/noticiaempauta.com\/portal\/wp-json\/wp\/v2\/comments?post=260785"}],"version-history":[{"count":2,"href":"https:\/\/noticiaempauta.com\/portal\/wp-json\/wp\/v2\/posts\/260785\/revisions"}],"predecessor-version":[{"id":260790,"href":"https:\/\/noticiaempauta.com\/portal\/wp-json\/wp\/v2\/posts\/260785\/revisions\/260790"}],"wp:featuredmedia":[{"embeddable":true,"href":"https:\/\/noticiaempauta.com\/portal\/wp-json\/wp\/v2\/media\/260786"}],"wp:attachment":[{"href":"https:\/\/noticiaempauta.com\/portal\/wp-json\/wp\/v2\/media?parent=260785"}],"wp:term":[{"taxonomy":"category","embeddable":true,"href":"https:\/\/noticiaempauta.com\/portal\/wp-json\/wp\/v2\/categories?post=260785"},{"taxonomy":"post_tag","embeddable":true,"href":"https:\/\/noticiaempauta.com\/portal\/wp-json\/wp\/v2\/tags?post=260785"}],"curies":[{"name":"wp","href":"https:\/\/api.w.org\/{rel}","templated":true}]}}