{"id":260794,"date":"2024-08-04T07:16:23","date_gmt":"2024-08-04T10:16:23","guid":{"rendered":"https:\/\/noticiaempauta.com\/portal\/?p=260794"},"modified":"2024-08-04T12:10:30","modified_gmt":"2024-08-04T15:10:30","slug":"djalma-policarpo-e-mariozan-rocha-oficializam-candidaturas-a-prefeito-e-vice-em-monsenhor-hipolito-em-grande-convencao-do-pp-e-pt","status":"publish","type":"post","link":"https:\/\/noticiaempauta.com\/portal\/djalma-policarpo-e-mariozan-rocha-oficializam-candidaturas-a-prefeito-e-vice-em-monsenhor-hipolito-em-grande-convencao-do-pp-e-pt\/","title":{"rendered":"Djalma Policarpo e Mariozan Rocha oficializam candidaturas \u00e0 prefeito e vice em Monsenhor Hip\u00f3lito em grande conven\u00e7\u00e3o do Progressistas e PT"},"content":{"rendered":"\n<p>O atual prefeito de Monsenhor Hip\u00f3lito-PI e pr\u00e9-candidato a reelei\u00e7\u00e3o Djalma Policarpo e o pr\u00e9-candidato \u00e0 vice-prefeito Mariozan Rocha, homologaram suas candidaturas em conven\u00e7\u00e3o partid\u00e1ria nesta tarde\/noite deste s\u00e1bado, 03 de agosto, Djalma Policarpo concorre \u00e0 reelei\u00e7\u00e3o pelo Progressistas e seu companheiro de chapa Mariozan Rocha pelo PT.<\/p>\n\n\n\n<figure class=\"wp-block-image size-large\"><img fetchpriority=\"high\" decoding=\"async\" width=\"1024\" height=\"683\" src=\"https:\/\/noticiaempauta.com\/portal\/wp-content\/uploads\/2024\/08\/IMG_5446-1024x683.jpg\" alt=\"\" class=\"wp-image-260796\" srcset=\"https:\/\/noticiaempauta.com\/portal\/wp-content\/uploads\/2024\/08\/IMG_5446-1024x683.jpg 1024w, https:\/\/noticiaempauta.com\/portal\/wp-content\/uploads\/2024\/08\/IMG_5446-300x200.jpg 300w, https:\/\/noticiaempauta.com\/portal\/wp-content\/uploads\/2024\/08\/IMG_5446-768x512.jpg 768w, https:\/\/noticiaempauta.com\/portal\/wp-content\/uploads\/2024\/08\/IMG_5446.jpg 1200w\" sizes=\"(max-width: 1024px) 100vw, 1024px\" \/><\/figure>\n\n\n\n<p>Em um evento bastante prestigiado pelos filiados, correligion\u00e1rios pol\u00edticos e um grande p\u00fablico que lotaram a Quadra Poliesportiva Teresinha da Silva Rocha, al\u00e9m da grande concentra\u00e7\u00e3o de pessoas na parte externa que tamb\u00e9m acompanharam o evento.<\/p>\n\n\n\n<figure class=\"wp-block-image size-large\"><img decoding=\"async\" width=\"1024\" height=\"683\" src=\"https:\/\/noticiaempauta.com\/portal\/wp-content\/uploads\/2024\/08\/IMG_5180-1024x683.jpg\" alt=\"\" class=\"wp-image-260797\" srcset=\"https:\/\/noticiaempauta.com\/portal\/wp-content\/uploads\/2024\/08\/IMG_5180-1024x683.jpg 1024w, https:\/\/noticiaempauta.com\/portal\/wp-content\/uploads\/2024\/08\/IMG_5180-300x200.jpg 300w, https:\/\/noticiaempauta.com\/portal\/wp-content\/uploads\/2024\/08\/IMG_5180-768x512.jpg 768w, https:\/\/noticiaempauta.com\/portal\/wp-content\/uploads\/2024\/08\/IMG_5180.jpg 1200w\" sizes=\"(max-width: 1024px) 100vw, 1024px\" \/><\/figure>\n\n\n\n<figure class=\"wp-block-image size-large\"><img decoding=\"async\" width=\"1024\" height=\"683\" src=\"https:\/\/noticiaempauta.com\/portal\/wp-content\/uploads\/2024\/08\/IMG_5252-1024x683.jpg\" alt=\"\" class=\"wp-image-260799\" srcset=\"https:\/\/noticiaempauta.com\/portal\/wp-content\/uploads\/2024\/08\/IMG_5252-1024x683.jpg 1024w, https:\/\/noticiaempauta.com\/portal\/wp-content\/uploads\/2024\/08\/IMG_5252-300x200.jpg 300w, https:\/\/noticiaempauta.com\/portal\/wp-content\/uploads\/2024\/08\/IMG_5252-768x512.jpg 768w, https:\/\/noticiaempauta.com\/portal\/wp-content\/uploads\/2024\/08\/IMG_5252.jpg 1200w\" sizes=\"(max-width: 1024px) 100vw, 1024px\" \/><\/figure>\n\n\n\n<p>Em seu pronunciamento, o pr\u00e9-candidato a prefeito Djalma Policarpo, narrou sua trajet\u00f3ria pol\u00edtica, e destacou importantes conquistas e realiza\u00e7\u00f5es que j\u00e1 conseguiu viabilizar para o munic\u00edpio.<\/p>\n\n\n\n<figure class=\"wp-block-image size-large\"><img loading=\"lazy\" decoding=\"async\" width=\"1024\" height=\"683\" src=\"https:\/\/noticiaempauta.com\/portal\/wp-content\/uploads\/2024\/08\/IMG_5382-1024x683.jpg\" alt=\"\" class=\"wp-image-260801\" srcset=\"https:\/\/noticiaempauta.com\/portal\/wp-content\/uploads\/2024\/08\/IMG_5382-1024x683.jpg 1024w, https:\/\/noticiaempauta.com\/portal\/wp-content\/uploads\/2024\/08\/IMG_5382-300x200.jpg 300w, https:\/\/noticiaempauta.com\/portal\/wp-content\/uploads\/2024\/08\/IMG_5382-768x512.jpg 768w, https:\/\/noticiaempauta.com\/portal\/wp-content\/uploads\/2024\/08\/IMG_5382.jpg 1200w\" sizes=\"(max-width: 1024px) 100vw, 1024px\" \/><\/figure>\n\n\n\n<p>O atual prefeito e pr\u00e9-candidato a reelei\u00e7\u00e3o fez um comparativo dos \u00faltimos quatro anos e outras gest\u00f5es anteriores, elencou uma s\u00e9rie de obras, a\u00e7\u00f5es e investimentos realizados nos \u00faltimos 3 anos e meio. <\/p>\n\n\n\n<figure class=\"wp-block-image size-large\"><img loading=\"lazy\" decoding=\"async\" width=\"1024\" height=\"683\" src=\"https:\/\/noticiaempauta.com\/portal\/wp-content\/uploads\/2024\/08\/IMG_5409-1024x683.jpg\" alt=\"\" class=\"wp-image-260802\" srcset=\"https:\/\/noticiaempauta.com\/portal\/wp-content\/uploads\/2024\/08\/IMG_5409-1024x683.jpg 1024w, https:\/\/noticiaempauta.com\/portal\/wp-content\/uploads\/2024\/08\/IMG_5409-300x200.jpg 300w, https:\/\/noticiaempauta.com\/portal\/wp-content\/uploads\/2024\/08\/IMG_5409-768x512.jpg 768w, https:\/\/noticiaempauta.com\/portal\/wp-content\/uploads\/2024\/08\/IMG_5409.jpg 1200w\" sizes=\"(max-width: 1024px) 100vw, 1024px\" \/><\/figure>\n\n\n\n<p>Emocionado recordou sua trajet\u00f3ria pol\u00edtica, desde seu Pai (Sr. Miguel, in memoriam), seus mandatos de vereador e o sonho que sempre teve se der prefeito de munic\u00edpio, alcan\u00e7ado em 2020, ao tempo em que agradeceu a todos os presentes e seu grupo pol\u00edtico pelo apoio, reafirmando o compromisso de seguir fazendo o melhor pelo seu munic\u00edpio na busca constante de melhorias na qualidade vida dos hipolitanos, pontuou.<\/p>\n\n\n\n<figure class=\"wp-block-image size-large\"><img loading=\"lazy\" decoding=\"async\" width=\"1024\" height=\"683\" src=\"https:\/\/noticiaempauta.com\/portal\/wp-content\/uploads\/2024\/08\/IMG_5327-1024x683.jpg\" alt=\"\" class=\"wp-image-260803\" srcset=\"https:\/\/noticiaempauta.com\/portal\/wp-content\/uploads\/2024\/08\/IMG_5327-1024x683.jpg 1024w, https:\/\/noticiaempauta.com\/portal\/wp-content\/uploads\/2024\/08\/IMG_5327-300x200.jpg 300w, https:\/\/noticiaempauta.com\/portal\/wp-content\/uploads\/2024\/08\/IMG_5327-768x512.jpg 768w, https:\/\/noticiaempauta.com\/portal\/wp-content\/uploads\/2024\/08\/IMG_5327.jpg 1200w\" sizes=\"(max-width: 1024px) 100vw, 1024px\" \/><\/figure>\n\n\n\n<p>O pr\u00e9-candidato a vice-prefeito Mariozan Rocha, em seu discurso destacou uma s\u00e9rie de a\u00e7\u00f5es e investimentos trazidos para o munic\u00edpio, fruto de sua atua\u00e7\u00e3o pol\u00edtica junto aos seus deputados, em especial a deputada Ana Paula e o Z\u00e9 Santana, junto ao governo do estado, agradeceu o apoio da fam\u00edlia, amigos e l\u00edderes pol\u00edticos que abra\u00e7aram sua chegada ao grupo para somar junto ao prefeito Djalma Policarpo no objetivo de desenvolver cada vez mais o munic\u00edpio, reafirmando o compromisso de ainda mais contribuir com o povo de Monsenhor Hip\u00f3lito em continuidade ao trabalho j\u00e1 realizado.<\/p>\n\n\n\n<figure class=\"wp-block-image size-large\"><img loading=\"lazy\" decoding=\"async\" width=\"1024\" height=\"768\" src=\"https:\/\/noticiaempauta.com\/portal\/wp-content\/uploads\/2024\/08\/WhatsApp-Image-2024-08-04-at-07.02.08-1024x768.jpeg\" alt=\"\" class=\"wp-image-260805\" srcset=\"https:\/\/noticiaempauta.com\/portal\/wp-content\/uploads\/2024\/08\/WhatsApp-Image-2024-08-04-at-07.02.08-1024x768.jpeg 1024w, https:\/\/noticiaempauta.com\/portal\/wp-content\/uploads\/2024\/08\/WhatsApp-Image-2024-08-04-at-07.02.08-300x225.jpeg 300w, https:\/\/noticiaempauta.com\/portal\/wp-content\/uploads\/2024\/08\/WhatsApp-Image-2024-08-04-at-07.02.08-768x576.jpeg 768w, https:\/\/noticiaempauta.com\/portal\/wp-content\/uploads\/2024\/08\/WhatsApp-Image-2024-08-04-at-07.02.08.jpeg 1280w\" sizes=\"(max-width: 1024px) 100vw, 1024px\" \/><\/figure>\n\n\n\n<figure class=\"wp-block-image size-large\"><img loading=\"lazy\" decoding=\"async\" width=\"1024\" height=\"683\" src=\"https:\/\/noticiaempauta.com\/portal\/wp-content\/uploads\/2024\/08\/IMG_5339-1024x683.jpg\" alt=\"\" class=\"wp-image-260806\" srcset=\"https:\/\/noticiaempauta.com\/portal\/wp-content\/uploads\/2024\/08\/IMG_5339-1024x683.jpg 1024w, https:\/\/noticiaempauta.com\/portal\/wp-content\/uploads\/2024\/08\/IMG_5339-300x200.jpg 300w, https:\/\/noticiaempauta.com\/portal\/wp-content\/uploads\/2024\/08\/IMG_5339-768x512.jpg 768w, https:\/\/noticiaempauta.com\/portal\/wp-content\/uploads\/2024\/08\/IMG_5339.jpg 1200w\" sizes=\"(max-width: 1024px) 100vw, 1024px\" \/><figcaption class=\"wp-element-caption\"><strong>Maria Eduarda, filha do pr\u00e9-candidato Djalma, em breve discurso tamb\u00e9m ressaltou o apoio ao trabalho de seu pai frente a gest\u00e3o municipal.<\/strong><\/figcaption><\/figure>\n\n\n\n<figure class=\"wp-block-image size-large\"><img loading=\"lazy\" decoding=\"async\" width=\"1024\" height=\"683\" src=\"https:\/\/noticiaempauta.com\/portal\/wp-content\/uploads\/2024\/08\/IMG_5360-1024x683.jpg\" alt=\"\" class=\"wp-image-260807\" srcset=\"https:\/\/noticiaempauta.com\/portal\/wp-content\/uploads\/2024\/08\/IMG_5360-1024x683.jpg 1024w, https:\/\/noticiaempauta.com\/portal\/wp-content\/uploads\/2024\/08\/IMG_5360-300x200.jpg 300w, https:\/\/noticiaempauta.com\/portal\/wp-content\/uploads\/2024\/08\/IMG_5360-768x512.jpg 768w, https:\/\/noticiaempauta.com\/portal\/wp-content\/uploads\/2024\/08\/IMG_5360.jpg 1200w\" sizes=\"(max-width: 1024px) 100vw, 1024px\" \/><figcaption class=\"wp-element-caption\"><strong>1\u00ba dama do munic\u00edpio, Josefina Policarpo, em forte pronunciamento tamb\u00e9m expressou gratid\u00e3o a todos os presentes e ressaltou a import\u00e2ncia do munic\u00edpio continuar seguindo em frente, com muito trabalho e desenvolvimento.<\/strong><\/figcaption><\/figure>\n\n\n\n<figure class=\"wp-block-image size-large\"><img loading=\"lazy\" decoding=\"async\" width=\"1024\" height=\"683\" src=\"https:\/\/noticiaempauta.com\/portal\/wp-content\/uploads\/2024\/08\/IMG_5270-1024x683.jpg\" alt=\"\" class=\"wp-image-260808\" srcset=\"https:\/\/noticiaempauta.com\/portal\/wp-content\/uploads\/2024\/08\/IMG_5270-1024x683.jpg 1024w, https:\/\/noticiaempauta.com\/portal\/wp-content\/uploads\/2024\/08\/IMG_5270-300x200.jpg 300w, https:\/\/noticiaempauta.com\/portal\/wp-content\/uploads\/2024\/08\/IMG_5270-768x512.jpg 768w, https:\/\/noticiaempauta.com\/portal\/wp-content\/uploads\/2024\/08\/IMG_5270.jpg 1200w\" sizes=\"(max-width: 1024px) 100vw, 1024px\" \/><figcaption class=\"wp-element-caption\"><strong>Representando a Deputada Estadual Ana Paula, sua irm\u00e3 Dra. Liliam esteve prestigiando o evento e refor\u00e7ou apoio as candidaturas de Djalma Policarpo e Mariozan Rocha.<\/strong><\/figcaption><\/figure>\n\n\n\n<figure class=\"wp-block-image size-large\"><img loading=\"lazy\" decoding=\"async\" width=\"1024\" height=\"768\" src=\"https:\/\/noticiaempauta.com\/portal\/wp-content\/uploads\/2024\/08\/WhatsApp-Image-2024-08-04-at-07.12.24-1024x768.jpeg\" alt=\"\" class=\"wp-image-260809\" srcset=\"https:\/\/noticiaempauta.com\/portal\/wp-content\/uploads\/2024\/08\/WhatsApp-Image-2024-08-04-at-07.12.24-1024x768.jpeg 1024w, https:\/\/noticiaempauta.com\/portal\/wp-content\/uploads\/2024\/08\/WhatsApp-Image-2024-08-04-at-07.12.24-300x225.jpeg 300w, https:\/\/noticiaempauta.com\/portal\/wp-content\/uploads\/2024\/08\/WhatsApp-Image-2024-08-04-at-07.12.24-768x576.jpeg 768w, https:\/\/noticiaempauta.com\/portal\/wp-content\/uploads\/2024\/08\/WhatsApp-Image-2024-08-04-at-07.12.24.jpeg 1280w\" sizes=\"(max-width: 1024px) 100vw, 1024px\" \/><\/figure>\n\n\n\n<p><strong>Candidatos \u00e0 vereador<\/strong><\/p>\n\n\n\n<p>Na conven\u00e7\u00e3o todos os 20 candidatos fizeram uso da palavra. Os postulantes pelo&nbsp;<strong>Progressistas<\/strong>&nbsp;s\u00e3o: Doralcema Policarpo, Aroldo Rocha, Lino da 020, Izabel Feitosa, Senhor Vaqueiro, Edneide Gomes, \u00cdcaro Policarpo, Daniel Carvalho, Cley Rocha e Z\u00e9 Ni.<\/p>\n\n\n\n<p>Pelo PT est\u00e3o na disputa os candidatos: Valdirene de Paulina, Maristela, Possim Rocha, Naldo do Povo, Davi de Paulo da Serraria, Marciel Carvalho.<\/p>\n\n\n\n<p><strong>Veja mais imagens no link abaixo<\/strong><\/p>\n\n\n\n<figure class=\"wp-block-embed is-type-wp-embed is-provider-portal-not-cia-em-pauta wp-block-embed-portal-not-cia-em-pauta\"><div class=\"wp-block-embed__wrapper\">\n<blockquote class=\"wp-embedded-content\" data-secret=\"f42C3NdnLl\"><a href=\"https:\/\/noticiaempauta.com\/portal\/album-de-fotos-convencao-djalma-e-mariozan\/\">\u00c1lbum de Fotos &#8211; Conven\u00e7\u00e3o Djalma e Mariozan<\/a><\/blockquote><iframe class=\"wp-embedded-content\" sandbox=\"allow-scripts\" security=\"restricted\" style=\"position: absolute; visibility: hidden;\" title=\"&#8220;\u00c1lbum de Fotos &#8211; Conven\u00e7\u00e3o Djalma e Mariozan&#8221; &#8212; Portal Not\u00edcia em Pauta\" src=\"https:\/\/noticiaempauta.com\/portal\/album-de-fotos-convencao-djalma-e-mariozan\/embed\/#?secret=7I38h6y6kN#?secret=f42C3NdnLl\" data-secret=\"f42C3NdnLl\" width=\"600\" height=\"338\" frameborder=\"0\" marginwidth=\"0\" marginheight=\"0\" scrolling=\"no\"><\/iframe>\n<\/div><\/figure>\n","protected":false},"excerpt":{"rendered":"<p>O atual prefeito de Monsenhor Hip\u00f3lito-PI e pr\u00e9-candidato a reelei\u00e7\u00e3o Djalma Policarpo e o pr\u00e9-candidato \u00e0 vice-prefeito Mariozan Rocha, homologaram suas candidaturas em conven\u00e7\u00e3o partid\u00e1ria nesta tarde\/noite deste s\u00e1bado, 03 de agosto, Djalma Policarpo concorre \u00e0 reelei\u00e7\u00e3o pelo Progressistas e seu companheiro de chapa Mariozan Rocha pelo PT. Em um evento bastante prestigiado pelos filiados, [&hellip;]<\/p>\n","protected":false},"author":2,"featured_media":260795,"comment_status":"open","ping_status":"open","sticky":false,"template":"","format":"standard","meta":{"_mi_skip_tracking":false,"footnotes":""},"categories":[25,1,9,3,16],"tags":[192],"class_list":["post-260794","post","type-post","status-publish","format-standard","has-post-thumbnail","hentry","category-destaques-site","category-geral","category-municipios","category-politica","category-todas","tag-destaqueprincipal"],"acf":[],"yoast_head":"<!-- This site is optimized with the Yoast SEO Premium plugin v19.2 (Yoast SEO v26.9) - https:\/\/yoast.com\/product\/yoast-seo-premium-wordpress\/ -->\n<title>Djalma Policarpo e Mariozan Rocha oficializam candidaturas \u00e0 prefeito e vice em Monsenhor Hip\u00f3lito em grande conven\u00e7\u00e3o do Progressistas e PT - Portal Not\u00edcia em Pauta<\/title>\n<meta name=\"robots\" content=\"index, follow, max-snippet:-1, max-image-preview:large, max-video-preview:-1\" \/>\n<link rel=\"canonical\" href=\"https:\/\/noticiaempauta.com\/portal\/djalma-policarpo-e-mariozan-rocha-oficializam-candidaturas-a-prefeito-e-vice-em-monsenhor-hipolito-em-grande-convencao-do-pp-e-pt\/\" \/>\n<meta property=\"og:locale\" content=\"pt_BR\" \/>\n<meta property=\"og:type\" content=\"article\" \/>\n<meta property=\"og:title\" content=\"Djalma Policarpo e Mariozan Rocha oficializam candidaturas \u00e0 prefeito e vice em Monsenhor Hip\u00f3lito em grande conven\u00e7\u00e3o do Progressistas e PT\" \/>\n<meta property=\"og:description\" content=\"O atual prefeito de Monsenhor Hip\u00f3lito-PI e pr\u00e9-candidato a reelei\u00e7\u00e3o Djalma Policarpo e o pr\u00e9-candidato \u00e0 vice-prefeito Mariozan Rocha, homologaram suas candidaturas em conven\u00e7\u00e3o partid\u00e1ria nesta tarde\/noite deste s\u00e1bado, 03 de agosto, Djalma Policarpo concorre \u00e0 reelei\u00e7\u00e3o pelo Progressistas e seu companheiro de chapa Mariozan Rocha pelo PT. Em um evento bastante prestigiado pelos filiados, [&hellip;]\" \/>\n<meta property=\"og:url\" content=\"https:\/\/noticiaempauta.com\/portal\/djalma-policarpo-e-mariozan-rocha-oficializam-candidaturas-a-prefeito-e-vice-em-monsenhor-hipolito-em-grande-convencao-do-pp-e-pt\/\" \/>\n<meta property=\"og:site_name\" content=\"Portal Not\u00edcia em Pauta\" \/>\n<meta property=\"article:publisher\" content=\"https:\/\/www.facebook.com\/Portal-Notcia-Em-Pauta-102292869264820\/\" \/>\n<meta property=\"article:published_time\" content=\"2024-08-04T10:16:23+00:00\" \/>\n<meta property=\"article:modified_time\" content=\"2024-08-04T15:10:30+00:00\" \/>\n<meta property=\"og:image\" content=\"https:\/\/noticiaempauta.com\/portal\/wp-content\/uploads\/2024\/08\/IMG_5447.jpg\" \/>\n\t<meta property=\"og:image:width\" content=\"1200\" \/>\n\t<meta property=\"og:image:height\" content=\"800\" \/>\n\t<meta property=\"og:image:type\" content=\"image\/jpeg\" \/>\n<meta name=\"author\" content=\"Reda\u00e7\u00e3o\" \/>\n<meta name=\"twitter:card\" content=\"summary_large_image\" \/>\n<meta name=\"twitter:label1\" content=\"Escrito por\" \/>\n\t<meta name=\"twitter:data1\" content=\"Reda\u00e7\u00e3o\" \/>\n\t<meta name=\"twitter:label2\" content=\"Est. tempo de leitura\" \/>\n\t<meta name=\"twitter:data2\" content=\"5 minutos\" \/>\n<script type=\"application\/ld+json\" class=\"yoast-schema-graph\">{\"@context\":\"https:\/\/schema.org\",\"@graph\":[{\"@type\":\"Article\",\"@id\":\"https:\/\/noticiaempauta.com\/portal\/djalma-policarpo-e-mariozan-rocha-oficializam-candidaturas-a-prefeito-e-vice-em-monsenhor-hipolito-em-grande-convencao-do-pp-e-pt\/#article\",\"isPartOf\":{\"@id\":\"https:\/\/noticiaempauta.com\/portal\/djalma-policarpo-e-mariozan-rocha-oficializam-candidaturas-a-prefeito-e-vice-em-monsenhor-hipolito-em-grande-convencao-do-pp-e-pt\/\"},\"author\":{\"name\":\"Reda\u00e7\u00e3o\",\"@id\":\"https:\/\/noticiaempauta.com\/portal\/#\/schema\/person\/a74af43dd1ab3deca45f988c717d57ac\"},\"headline\":\"Djalma Policarpo e Mariozan Rocha oficializam candidaturas \u00e0 prefeito e vice em Monsenhor Hip\u00f3lito em grande conven\u00e7\u00e3o do Progressistas e PT\",\"datePublished\":\"2024-08-04T10:16:23+00:00\",\"dateModified\":\"2024-08-04T15:10:30+00:00\",\"mainEntityOfPage\":{\"@id\":\"https:\/\/noticiaempauta.com\/portal\/djalma-policarpo-e-mariozan-rocha-oficializam-candidaturas-a-prefeito-e-vice-em-monsenhor-hipolito-em-grande-convencao-do-pp-e-pt\/\"},\"wordCount\":526,\"commentCount\":0,\"publisher\":{\"@id\":\"https:\/\/noticiaempauta.com\/portal\/#organization\"},\"image\":{\"@id\":\"https:\/\/noticiaempauta.com\/portal\/djalma-policarpo-e-mariozan-rocha-oficializam-candidaturas-a-prefeito-e-vice-em-monsenhor-hipolito-em-grande-convencao-do-pp-e-pt\/#primaryimage\"},\"thumbnailUrl\":\"https:\/\/noticiaempauta.com\/portal\/wp-content\/uploads\/2024\/08\/IMG_5447.jpg\",\"keywords\":[\"destaqueprincipal\"],\"articleSection\":[\"Destaques\",\"Geral\",\"Munic\u00edpios\",\"Pol\u00edtica\",\"Todas as Not\u00edcias\"],\"inLanguage\":\"pt-BR\",\"potentialAction\":[{\"@type\":\"CommentAction\",\"name\":\"Comment\",\"target\":[\"https:\/\/noticiaempauta.com\/portal\/djalma-policarpo-e-mariozan-rocha-oficializam-candidaturas-a-prefeito-e-vice-em-monsenhor-hipolito-em-grande-convencao-do-pp-e-pt\/#respond\"]}]},{\"@type\":\"WebPage\",\"@id\":\"https:\/\/noticiaempauta.com\/portal\/djalma-policarpo-e-mariozan-rocha-oficializam-candidaturas-a-prefeito-e-vice-em-monsenhor-hipolito-em-grande-convencao-do-pp-e-pt\/\",\"url\":\"https:\/\/noticiaempauta.com\/portal\/djalma-policarpo-e-mariozan-rocha-oficializam-candidaturas-a-prefeito-e-vice-em-monsenhor-hipolito-em-grande-convencao-do-pp-e-pt\/\",\"name\":\"Djalma Policarpo e Mariozan Rocha oficializam candidaturas \u00e0 prefeito e vice em Monsenhor Hip\u00f3lito em grande conven\u00e7\u00e3o do Progressistas e PT - Portal Not\u00edcia em Pauta\",\"isPartOf\":{\"@id\":\"https:\/\/noticiaempauta.com\/portal\/#website\"},\"primaryImageOfPage\":{\"@id\":\"https:\/\/noticiaempauta.com\/portal\/djalma-policarpo-e-mariozan-rocha-oficializam-candidaturas-a-prefeito-e-vice-em-monsenhor-hipolito-em-grande-convencao-do-pp-e-pt\/#primaryimage\"},\"image\":{\"@id\":\"https:\/\/noticiaempauta.com\/portal\/djalma-policarpo-e-mariozan-rocha-oficializam-candidaturas-a-prefeito-e-vice-em-monsenhor-hipolito-em-grande-convencao-do-pp-e-pt\/#primaryimage\"},\"thumbnailUrl\":\"https:\/\/noticiaempauta.com\/portal\/wp-content\/uploads\/2024\/08\/IMG_5447.jpg\",\"datePublished\":\"2024-08-04T10:16:23+00:00\",\"dateModified\":\"2024-08-04T15:10:30+00:00\",\"breadcrumb\":{\"@id\":\"https:\/\/noticiaempauta.com\/portal\/djalma-policarpo-e-mariozan-rocha-oficializam-candidaturas-a-prefeito-e-vice-em-monsenhor-hipolito-em-grande-convencao-do-pp-e-pt\/#breadcrumb\"},\"inLanguage\":\"pt-BR\",\"potentialAction\":[{\"@type\":\"ReadAction\",\"target\":[\"https:\/\/noticiaempauta.com\/portal\/djalma-policarpo-e-mariozan-rocha-oficializam-candidaturas-a-prefeito-e-vice-em-monsenhor-hipolito-em-grande-convencao-do-pp-e-pt\/\"]}]},{\"@type\":\"ImageObject\",\"inLanguage\":\"pt-BR\",\"@id\":\"https:\/\/noticiaempauta.com\/portal\/djalma-policarpo-e-mariozan-rocha-oficializam-candidaturas-a-prefeito-e-vice-em-monsenhor-hipolito-em-grande-convencao-do-pp-e-pt\/#primaryimage\",\"url\":\"https:\/\/noticiaempauta.com\/portal\/wp-content\/uploads\/2024\/08\/IMG_5447.jpg\",\"contentUrl\":\"https:\/\/noticiaempauta.com\/portal\/wp-content\/uploads\/2024\/08\/IMG_5447.jpg\",\"width\":1200,\"height\":800},{\"@type\":\"BreadcrumbList\",\"@id\":\"https:\/\/noticiaempauta.com\/portal\/djalma-policarpo-e-mariozan-rocha-oficializam-candidaturas-a-prefeito-e-vice-em-monsenhor-hipolito-em-grande-convencao-do-pp-e-pt\/#breadcrumb\",\"itemListElement\":[{\"@type\":\"ListItem\",\"position\":1,\"name\":\"P\u00e1gina Inicial\",\"item\":\"https:\/\/noticiaempauta.com\/portal\/\"},{\"@type\":\"ListItem\",\"position\":2,\"name\":\"Geral\",\"item\":\"https:\/\/noticiaempauta.com\/portal\/geral\/\"},{\"@type\":\"ListItem\",\"position\":3,\"name\":\"Djalma Policarpo e Mariozan Rocha oficializam candidaturas \u00e0 prefeito e vice em Monsenhor Hip\u00f3lito em grande conven\u00e7\u00e3o do Progressistas e PT\"}]},{\"@type\":\"WebSite\",\"@id\":\"https:\/\/noticiaempauta.com\/portal\/#website\",\"url\":\"https:\/\/noticiaempauta.com\/portal\/\",\"name\":\"Portal Not\u00edcia em Pauta\",\"description\":\"Voc\u00ea bem informado\",\"publisher\":{\"@id\":\"https:\/\/noticiaempauta.com\/portal\/#organization\"},\"potentialAction\":[{\"@type\":\"SearchAction\",\"target\":{\"@type\":\"EntryPoint\",\"urlTemplate\":\"https:\/\/noticiaempauta.com\/portal\/?s={search_term_string}\"},\"query-input\":{\"@type\":\"PropertyValueSpecification\",\"valueRequired\":true,\"valueName\":\"search_term_string\"}}],\"inLanguage\":\"pt-BR\"},{\"@type\":\"Organization\",\"@id\":\"https:\/\/noticiaempauta.com\/portal\/#organization\",\"name\":\"Portal Not\u00edcia em Pauta\",\"url\":\"https:\/\/noticiaempauta.com\/portal\/\",\"logo\":{\"@type\":\"ImageObject\",\"inLanguage\":\"pt-BR\",\"@id\":\"https:\/\/noticiaempauta.com\/portal\/#\/schema\/logo\/image\/\",\"url\":\"https:\/\/noticiaempauta.com\/portal\/wp-content\/uploads\/2022\/08\/logomarca_tema.fw_.png\",\"contentUrl\":\"https:\/\/noticiaempauta.com\/portal\/wp-content\/uploads\/2022\/08\/logomarca_tema.fw_.png\",\"width\":400,\"height\":232,\"caption\":\"Portal Not\u00edcia em Pauta\"},\"image\":{\"@id\":\"https:\/\/noticiaempauta.com\/portal\/#\/schema\/logo\/image\/\"},\"sameAs\":[\"https:\/\/www.facebook.com\/Portal-Notcia-Em-Pauta-102292869264820\/\",\"https:\/\/www.instagram.com\/portalnoticiaempauta\/\"]},{\"@type\":\"Person\",\"@id\":\"https:\/\/noticiaempauta.com\/portal\/#\/schema\/person\/a74af43dd1ab3deca45f988c717d57ac\",\"name\":\"Reda\u00e7\u00e3o\",\"image\":{\"@type\":\"ImageObject\",\"inLanguage\":\"pt-BR\",\"@id\":\"https:\/\/noticiaempauta.com\/portal\/#\/schema\/person\/image\/\",\"url\":\"https:\/\/secure.gravatar.com\/avatar\/03179346ecce6cdfc13361603e8f54242a90e5cde8618fa23c5c00aa2b0aadf3?s=96&d=mm&r=g\",\"contentUrl\":\"https:\/\/secure.gravatar.com\/avatar\/03179346ecce6cdfc13361603e8f54242a90e5cde8618fa23c5c00aa2b0aadf3?s=96&d=mm&r=g\",\"caption\":\"Reda\u00e7\u00e3o\"},\"sameAs\":[\"https:\/\/noticiaempauta.com\/portal\/\"],\"url\":\"https:\/\/noticiaempauta.com\/portal\/author\/fernando\/\"}]}<\/script>\n<!-- \/ Yoast SEO Premium plugin. -->","yoast_head_json":{"title":"Djalma Policarpo e Mariozan Rocha oficializam candidaturas \u00e0 prefeito e vice em Monsenhor Hip\u00f3lito em grande conven\u00e7\u00e3o do Progressistas e PT - Portal Not\u00edcia em Pauta","robots":{"index":"index","follow":"follow","max-snippet":"max-snippet:-1","max-image-preview":"max-image-preview:large","max-video-preview":"max-video-preview:-1"},"canonical":"https:\/\/noticiaempauta.com\/portal\/djalma-policarpo-e-mariozan-rocha-oficializam-candidaturas-a-prefeito-e-vice-em-monsenhor-hipolito-em-grande-convencao-do-pp-e-pt\/","og_locale":"pt_BR","og_type":"article","og_title":"Djalma Policarpo e Mariozan Rocha oficializam candidaturas \u00e0 prefeito e vice em Monsenhor Hip\u00f3lito em grande conven\u00e7\u00e3o do Progressistas e PT","og_description":"O atual prefeito de Monsenhor Hip\u00f3lito-PI e pr\u00e9-candidato a reelei\u00e7\u00e3o Djalma Policarpo e o pr\u00e9-candidato \u00e0 vice-prefeito Mariozan Rocha, homologaram suas candidaturas em conven\u00e7\u00e3o partid\u00e1ria nesta tarde\/noite deste s\u00e1bado, 03 de agosto, Djalma Policarpo concorre \u00e0 reelei\u00e7\u00e3o pelo Progressistas e seu companheiro de chapa Mariozan Rocha pelo PT. Em um evento bastante prestigiado pelos filiados, [&hellip;]","og_url":"https:\/\/noticiaempauta.com\/portal\/djalma-policarpo-e-mariozan-rocha-oficializam-candidaturas-a-prefeito-e-vice-em-monsenhor-hipolito-em-grande-convencao-do-pp-e-pt\/","og_site_name":"Portal Not\u00edcia em Pauta","article_publisher":"https:\/\/www.facebook.com\/Portal-Notcia-Em-Pauta-102292869264820\/","article_published_time":"2024-08-04T10:16:23+00:00","article_modified_time":"2024-08-04T15:10:30+00:00","og_image":[{"width":1200,"height":800,"url":"https:\/\/noticiaempauta.com\/portal\/wp-content\/uploads\/2024\/08\/IMG_5447.jpg","type":"image\/jpeg"}],"author":"Reda\u00e7\u00e3o","twitter_card":"summary_large_image","twitter_misc":{"Escrito por":"Reda\u00e7\u00e3o","Est. tempo de leitura":"5 minutos"},"schema":{"@context":"https:\/\/schema.org","@graph":[{"@type":"Article","@id":"https:\/\/noticiaempauta.com\/portal\/djalma-policarpo-e-mariozan-rocha-oficializam-candidaturas-a-prefeito-e-vice-em-monsenhor-hipolito-em-grande-convencao-do-pp-e-pt\/#article","isPartOf":{"@id":"https:\/\/noticiaempauta.com\/portal\/djalma-policarpo-e-mariozan-rocha-oficializam-candidaturas-a-prefeito-e-vice-em-monsenhor-hipolito-em-grande-convencao-do-pp-e-pt\/"},"author":{"name":"Reda\u00e7\u00e3o","@id":"https:\/\/noticiaempauta.com\/portal\/#\/schema\/person\/a74af43dd1ab3deca45f988c717d57ac"},"headline":"Djalma Policarpo e Mariozan Rocha oficializam candidaturas \u00e0 prefeito e vice em Monsenhor Hip\u00f3lito em grande conven\u00e7\u00e3o do Progressistas e PT","datePublished":"2024-08-04T10:16:23+00:00","dateModified":"2024-08-04T15:10:30+00:00","mainEntityOfPage":{"@id":"https:\/\/noticiaempauta.com\/portal\/djalma-policarpo-e-mariozan-rocha-oficializam-candidaturas-a-prefeito-e-vice-em-monsenhor-hipolito-em-grande-convencao-do-pp-e-pt\/"},"wordCount":526,"commentCount":0,"publisher":{"@id":"https:\/\/noticiaempauta.com\/portal\/#organization"},"image":{"@id":"https:\/\/noticiaempauta.com\/portal\/djalma-policarpo-e-mariozan-rocha-oficializam-candidaturas-a-prefeito-e-vice-em-monsenhor-hipolito-em-grande-convencao-do-pp-e-pt\/#primaryimage"},"thumbnailUrl":"https:\/\/noticiaempauta.com\/portal\/wp-content\/uploads\/2024\/08\/IMG_5447.jpg","keywords":["destaqueprincipal"],"articleSection":["Destaques","Geral","Munic\u00edpios","Pol\u00edtica","Todas as Not\u00edcias"],"inLanguage":"pt-BR","potentialAction":[{"@type":"CommentAction","name":"Comment","target":["https:\/\/noticiaempauta.com\/portal\/djalma-policarpo-e-mariozan-rocha-oficializam-candidaturas-a-prefeito-e-vice-em-monsenhor-hipolito-em-grande-convencao-do-pp-e-pt\/#respond"]}]},{"@type":"WebPage","@id":"https:\/\/noticiaempauta.com\/portal\/djalma-policarpo-e-mariozan-rocha-oficializam-candidaturas-a-prefeito-e-vice-em-monsenhor-hipolito-em-grande-convencao-do-pp-e-pt\/","url":"https:\/\/noticiaempauta.com\/portal\/djalma-policarpo-e-mariozan-rocha-oficializam-candidaturas-a-prefeito-e-vice-em-monsenhor-hipolito-em-grande-convencao-do-pp-e-pt\/","name":"Djalma Policarpo e Mariozan Rocha oficializam candidaturas \u00e0 prefeito e vice em Monsenhor Hip\u00f3lito em grande conven\u00e7\u00e3o do Progressistas e PT - Portal Not\u00edcia em Pauta","isPartOf":{"@id":"https:\/\/noticiaempauta.com\/portal\/#website"},"primaryImageOfPage":{"@id":"https:\/\/noticiaempauta.com\/portal\/djalma-policarpo-e-mariozan-rocha-oficializam-candidaturas-a-prefeito-e-vice-em-monsenhor-hipolito-em-grande-convencao-do-pp-e-pt\/#primaryimage"},"image":{"@id":"https:\/\/noticiaempauta.com\/portal\/djalma-policarpo-e-mariozan-rocha-oficializam-candidaturas-a-prefeito-e-vice-em-monsenhor-hipolito-em-grande-convencao-do-pp-e-pt\/#primaryimage"},"thumbnailUrl":"https:\/\/noticiaempauta.com\/portal\/wp-content\/uploads\/2024\/08\/IMG_5447.jpg","datePublished":"2024-08-04T10:16:23+00:00","dateModified":"2024-08-04T15:10:30+00:00","breadcrumb":{"@id":"https:\/\/noticiaempauta.com\/portal\/djalma-policarpo-e-mariozan-rocha-oficializam-candidaturas-a-prefeito-e-vice-em-monsenhor-hipolito-em-grande-convencao-do-pp-e-pt\/#breadcrumb"},"inLanguage":"pt-BR","potentialAction":[{"@type":"ReadAction","target":["https:\/\/noticiaempauta.com\/portal\/djalma-policarpo-e-mariozan-rocha-oficializam-candidaturas-a-prefeito-e-vice-em-monsenhor-hipolito-em-grande-convencao-do-pp-e-pt\/"]}]},{"@type":"ImageObject","inLanguage":"pt-BR","@id":"https:\/\/noticiaempauta.com\/portal\/djalma-policarpo-e-mariozan-rocha-oficializam-candidaturas-a-prefeito-e-vice-em-monsenhor-hipolito-em-grande-convencao-do-pp-e-pt\/#primaryimage","url":"https:\/\/noticiaempauta.com\/portal\/wp-content\/uploads\/2024\/08\/IMG_5447.jpg","contentUrl":"https:\/\/noticiaempauta.com\/portal\/wp-content\/uploads\/2024\/08\/IMG_5447.jpg","width":1200,"height":800},{"@type":"BreadcrumbList","@id":"https:\/\/noticiaempauta.com\/portal\/djalma-policarpo-e-mariozan-rocha-oficializam-candidaturas-a-prefeito-e-vice-em-monsenhor-hipolito-em-grande-convencao-do-pp-e-pt\/#breadcrumb","itemListElement":[{"@type":"ListItem","position":1,"name":"P\u00e1gina Inicial","item":"https:\/\/noticiaempauta.com\/portal\/"},{"@type":"ListItem","position":2,"name":"Geral","item":"https:\/\/noticiaempauta.com\/portal\/geral\/"},{"@type":"ListItem","position":3,"name":"Djalma Policarpo e Mariozan Rocha oficializam candidaturas \u00e0 prefeito e vice em Monsenhor Hip\u00f3lito em grande conven\u00e7\u00e3o do Progressistas e PT"}]},{"@type":"WebSite","@id":"https:\/\/noticiaempauta.com\/portal\/#website","url":"https:\/\/noticiaempauta.com\/portal\/","name":"Portal Not\u00edcia em Pauta","description":"Voc\u00ea bem informado","publisher":{"@id":"https:\/\/noticiaempauta.com\/portal\/#organization"},"potentialAction":[{"@type":"SearchAction","target":{"@type":"EntryPoint","urlTemplate":"https:\/\/noticiaempauta.com\/portal\/?s={search_term_string}"},"query-input":{"@type":"PropertyValueSpecification","valueRequired":true,"valueName":"search_term_string"}}],"inLanguage":"pt-BR"},{"@type":"Organization","@id":"https:\/\/noticiaempauta.com\/portal\/#organization","name":"Portal Not\u00edcia em Pauta","url":"https:\/\/noticiaempauta.com\/portal\/","logo":{"@type":"ImageObject","inLanguage":"pt-BR","@id":"https:\/\/noticiaempauta.com\/portal\/#\/schema\/logo\/image\/","url":"https:\/\/noticiaempauta.com\/portal\/wp-content\/uploads\/2022\/08\/logomarca_tema.fw_.png","contentUrl":"https:\/\/noticiaempauta.com\/portal\/wp-content\/uploads\/2022\/08\/logomarca_tema.fw_.png","width":400,"height":232,"caption":"Portal Not\u00edcia em Pauta"},"image":{"@id":"https:\/\/noticiaempauta.com\/portal\/#\/schema\/logo\/image\/"},"sameAs":["https:\/\/www.facebook.com\/Portal-Notcia-Em-Pauta-102292869264820\/","https:\/\/www.instagram.com\/portalnoticiaempauta\/"]},{"@type":"Person","@id":"https:\/\/noticiaempauta.com\/portal\/#\/schema\/person\/a74af43dd1ab3deca45f988c717d57ac","name":"Reda\u00e7\u00e3o","image":{"@type":"ImageObject","inLanguage":"pt-BR","@id":"https:\/\/noticiaempauta.com\/portal\/#\/schema\/person\/image\/","url":"https:\/\/secure.gravatar.com\/avatar\/03179346ecce6cdfc13361603e8f54242a90e5cde8618fa23c5c00aa2b0aadf3?s=96&d=mm&r=g","contentUrl":"https:\/\/secure.gravatar.com\/avatar\/03179346ecce6cdfc13361603e8f54242a90e5cde8618fa23c5c00aa2b0aadf3?s=96&d=mm&r=g","caption":"Reda\u00e7\u00e3o"},"sameAs":["https:\/\/noticiaempauta.com\/portal\/"],"url":"https:\/\/noticiaempauta.com\/portal\/author\/fernando\/"}]}},"_links":{"self":[{"href":"https:\/\/noticiaempauta.com\/portal\/wp-json\/wp\/v2\/posts\/260794","targetHints":{"allow":["GET"]}}],"collection":[{"href":"https:\/\/noticiaempauta.com\/portal\/wp-json\/wp\/v2\/posts"}],"about":[{"href":"https:\/\/noticiaempauta.com\/portal\/wp-json\/wp\/v2\/types\/post"}],"author":[{"embeddable":true,"href":"https:\/\/noticiaempauta.com\/portal\/wp-json\/wp\/v2\/users\/2"}],"replies":[{"embeddable":true,"href":"https:\/\/noticiaempauta.com\/portal\/wp-json\/wp\/v2\/comments?post=260794"}],"version-history":[{"count":8,"href":"https:\/\/noticiaempauta.com\/portal\/wp-json\/wp\/v2\/posts\/260794\/revisions"}],"predecessor-version":[{"id":260990,"href":"https:\/\/noticiaempauta.com\/portal\/wp-json\/wp\/v2\/posts\/260794\/revisions\/260990"}],"wp:featuredmedia":[{"embeddable":true,"href":"https:\/\/noticiaempauta.com\/portal\/wp-json\/wp\/v2\/media\/260795"}],"wp:attachment":[{"href":"https:\/\/noticiaempauta.com\/portal\/wp-json\/wp\/v2\/media?parent=260794"}],"wp:term":[{"taxonomy":"category","embeddable":true,"href":"https:\/\/noticiaempauta.com\/portal\/wp-json\/wp\/v2\/categories?post=260794"},{"taxonomy":"post_tag","embeddable":true,"href":"https:\/\/noticiaempauta.com\/portal\/wp-json\/wp\/v2\/tags?post=260794"}],"curies":[{"name":"wp","href":"https:\/\/api.w.org\/{rel}","templated":true}]}}