{"id":260974,"date":"2024-08-04T11:01:06","date_gmt":"2024-08-04T14:01:06","guid":{"rendered":"https:\/\/noticiaempauta.com\/portal\/?p=260974"},"modified":"2024-08-04T11:01:07","modified_gmt":"2024-08-04T14:01:07","slug":"duas-criancas-morrem-carbonizadas-apos-incendio-em-residencia-em-agua-branca","status":"publish","type":"post","link":"https:\/\/noticiaempauta.com\/portal\/duas-criancas-morrem-carbonizadas-apos-incendio-em-residencia-em-agua-branca\/","title":{"rendered":"Duas crian\u00e7as morrem carbonizadas ap\u00f3s inc\u00eandio em resid\u00eancia em \u00c1gua Branca"},"content":{"rendered":"\n<p>Duas crian\u00e7as, de 5 e 7 anos de idade e de identidades n\u00e3o reveladas, morreram carbonizadas dentro de casa na noite deste s\u00e1bado (03), na cidade de \u00c1gua Branca, que fica a cerca de 90 km de Teresina. As v\u00edtimas eram irm\u00e3os e as chamas teriam iniciado por volta das 20h. De acordo com informa\u00e7\u00f5es de populares, no momento do inc\u00eandio as crian\u00e7as estavam sozinhas na resid\u00eancia, pois a m\u00e3e identificada como Luzinete Ricardo da Silva teria deixado as crian\u00e7as jantando para ir at\u00e9 a casa de parentes buscar \u00e1gua.<\/p>\n\n\n\n<figure class=\"wp-block-image size-full\"><img fetchpriority=\"high\" decoding=\"async\" width=\"500\" height=\"592\" src=\"https:\/\/noticiaempauta.com\/portal\/wp-content\/uploads\/2024\/08\/wTtH7nVlE3wGNm2EN7xQ2xBhAvSFJWzKfCIHS1TS.webp\" alt=\"\" class=\"wp-image-260976\" srcset=\"https:\/\/noticiaempauta.com\/portal\/wp-content\/uploads\/2024\/08\/wTtH7nVlE3wGNm2EN7xQ2xBhAvSFJWzKfCIHS1TS.webp 500w, https:\/\/noticiaempauta.com\/portal\/wp-content\/uploads\/2024\/08\/wTtH7nVlE3wGNm2EN7xQ2xBhAvSFJWzKfCIHS1TS-253x300.webp 253w\" sizes=\"(max-width: 500px) 100vw, 500px\" \/><\/figure>\n\n\n\n<p>Segundo o relat\u00f3rio da Pol\u00edcia Militar, que atendeu a ocorr\u00eancia, o fogo consumiu rapidamente a resid\u00eancia, que possu\u00eda poucos c\u00f4modos. O telhado da resid\u00eancia veio abaixo com as chamas. Um carro-pipa da Prefeitura de \u00c1gua Branca foi acionado e ajudou a controlar as chamas. Ap\u00f3s o fogo ser controlado, os corpos das duas crian\u00e7as foram encontrados totalmente carbonizados.<\/p>\n\n\n\n<p>Uma equipe do SAMU tamb\u00e9m foi acionada para fazer o atendimento da ocorr\u00eancia. Luzinete Ricardo&nbsp;da Silva, m\u00e3e&nbsp;das crian\u00e7as, foi levada para o hospital de \u00c1gua Branca em estado de choque pelo e seus dados pessoais de identifica\u00e7\u00e3o foram repassados para a Pol\u00edcia Civil. Al\u00e9m disso, realizou-se o isolamento do local e a comunica\u00e7\u00e3o a Pol\u00edcia Civil para investiga\u00e7\u00e3o das poss\u00edveis causas do inc\u00eandio.<\/p>\n\n\n\n<figure class=\"wp-block-image size-full\"><img decoding=\"async\" width=\"500\" height=\"500\" src=\"https:\/\/noticiaempauta.com\/portal\/wp-content\/uploads\/2024\/08\/qZ7L7pzerJw6pV39Cp3bq7BOw5D9ZRsdMl1GMRbM.webp\" alt=\"\" class=\"wp-image-260975\" srcset=\"https:\/\/noticiaempauta.com\/portal\/wp-content\/uploads\/2024\/08\/qZ7L7pzerJw6pV39Cp3bq7BOw5D9ZRsdMl1GMRbM.webp 500w, https:\/\/noticiaempauta.com\/portal\/wp-content\/uploads\/2024\/08\/qZ7L7pzerJw6pV39Cp3bq7BOw5D9ZRsdMl1GMRbM-300x300.webp 300w, https:\/\/noticiaempauta.com\/portal\/wp-content\/uploads\/2024\/08\/qZ7L7pzerJw6pV39Cp3bq7BOw5D9ZRsdMl1GMRbM-150x150.webp 150w\" sizes=\"(max-width: 500px) 100vw, 500px\" \/><\/figure>\n\n\n\n<p>Este foi o terceiro caso de inc\u00eandio registrado s\u00f3 neste s\u00e1bado (03). Em Teresina outras duas ocorr\u00eancias foram atendidos pelo Corpo de Bombeiros. Pela manh\u00e3, um&nbsp;inc\u00eandio de pequenas propor\u00e7\u00f5es&nbsp;atingiu a loja de vidros e pe\u00e7as automotivas&nbsp;Autoglass, localizada na Avenida Miguel Rosa, zona sul de Teresina. O estabelecimento, situado pr\u00f3ximo ao cruzamento da Miguel Rosa com a Avenida Gil Martins, teve a parte interna e o teto afetados pelo fogo, causado por uma&nbsp;pane el\u00e9trica.<\/p>\n\n\n\n<p>Na tarde, um&nbsp;inc\u00eandio de alta complexidade&nbsp;atingiu o&nbsp;laborat\u00f3rio de qu\u00edmica da Universidade Federal do Piau\u00ed (UFPI), em Teresina.&nbsp;O Corpo de Bombeiros do Piau\u00ed (CBMEPI) foi acionado para combater as chamas que se espalharam pelo laborat\u00f3rio, que cont\u00e9m produtos qu\u00edmicos perigosos, como&nbsp;formol, glicerina, xilol e \u00e1lcool.<\/p>\n\n\n\n<p>De acordo com informa\u00e7\u00f5es fornecidas pelo CBMEPI, os bombeiros chegaram ao local rapidamente e, equipados com EPIs (Equipamentos de Prote\u00e7\u00e3o Individual), conseguiram controlar o inc\u00eandio sem registrar v\u00edtimas. No entanto, o fogo causou s\u00e9rios danos materiais no laborat\u00f3rio.<\/p>\n\n\n\n<p><strong><em>Fonte: Portal O Dia<\/em><\/strong><\/p>\n","protected":false},"excerpt":{"rendered":"<p>Trag\u00e9dia ocorreu no povoado Gog\u00f3 da Ema; m\u00e3e teria deixado as duas crian\u00e7as sozinhas em casa enquanto ia buscar \u00e1gua na casa de parentes.<\/p>\n","protected":false},"author":2,"featured_media":251817,"comment_status":"open","ping_status":"open","sticky":false,"template":"","format":"standard","meta":{"_mi_skip_tracking":false,"footnotes":""},"categories":[25,1,9,137,16],"tags":[192],"class_list":["post-260974","post","type-post","status-publish","format-standard","has-post-thumbnail","hentry","category-destaques-site","category-geral","category-municipios","category-policia","category-todas","tag-destaqueprincipal"],"acf":[],"yoast_head":"<!-- This site is optimized with the Yoast SEO Premium plugin v19.2 (Yoast SEO v26.9) - https:\/\/yoast.com\/product\/yoast-seo-premium-wordpress\/ -->\n<title>Duas crian\u00e7as morrem carbonizadas ap\u00f3s inc\u00eandio em resid\u00eancia em \u00c1gua Branca - Portal Not\u00edcia em Pauta<\/title>\n<meta name=\"robots\" content=\"index, follow, max-snippet:-1, max-image-preview:large, max-video-preview:-1\" \/>\n<link rel=\"canonical\" href=\"https:\/\/noticiaempauta.com\/portal\/duas-criancas-morrem-carbonizadas-apos-incendio-em-residencia-em-agua-branca\/\" \/>\n<meta property=\"og:locale\" content=\"pt_BR\" \/>\n<meta property=\"og:type\" content=\"article\" \/>\n<meta property=\"og:title\" content=\"Duas crian\u00e7as morrem carbonizadas ap\u00f3s inc\u00eandio em resid\u00eancia em \u00c1gua Branca\" \/>\n<meta property=\"og:description\" content=\"Trag\u00e9dia ocorreu no povoado Gog\u00f3 da Ema; m\u00e3e teria deixado as duas crian\u00e7as sozinhas em casa enquanto ia buscar \u00e1gua na casa de parentes.\" \/>\n<meta property=\"og:url\" content=\"https:\/\/noticiaempauta.com\/portal\/duas-criancas-morrem-carbonizadas-apos-incendio-em-residencia-em-agua-branca\/\" \/>\n<meta property=\"og:site_name\" content=\"Portal Not\u00edcia em Pauta\" \/>\n<meta property=\"article:publisher\" content=\"https:\/\/www.facebook.com\/Portal-Notcia-Em-Pauta-102292869264820\/\" \/>\n<meta property=\"article:published_time\" content=\"2024-08-04T14:01:06+00:00\" \/>\n<meta property=\"article:modified_time\" content=\"2024-08-04T14:01:07+00:00\" \/>\n<meta property=\"og:image\" content=\"https:\/\/noticiaempauta.com\/portal\/wp-content\/uploads\/2023\/11\/IML-2.jpg\" \/>\n\t<meta property=\"og:image:width\" content=\"640\" \/>\n\t<meta property=\"og:image:height\" content=\"360\" \/>\n\t<meta property=\"og:image:type\" content=\"image\/jpeg\" \/>\n<meta name=\"author\" content=\"Reda\u00e7\u00e3o\" \/>\n<meta name=\"twitter:card\" content=\"summary_large_image\" \/>\n<meta name=\"twitter:label1\" content=\"Escrito por\" \/>\n\t<meta name=\"twitter:data1\" content=\"Reda\u00e7\u00e3o\" \/>\n\t<meta name=\"twitter:label2\" content=\"Est. tempo de leitura\" \/>\n\t<meta name=\"twitter:data2\" content=\"3 minutos\" \/>\n<script type=\"application\/ld+json\" class=\"yoast-schema-graph\">{\"@context\":\"https:\/\/schema.org\",\"@graph\":[{\"@type\":\"Article\",\"@id\":\"https:\/\/noticiaempauta.com\/portal\/duas-criancas-morrem-carbonizadas-apos-incendio-em-residencia-em-agua-branca\/#article\",\"isPartOf\":{\"@id\":\"https:\/\/noticiaempauta.com\/portal\/duas-criancas-morrem-carbonizadas-apos-incendio-em-residencia-em-agua-branca\/\"},\"author\":{\"name\":\"Reda\u00e7\u00e3o\",\"@id\":\"https:\/\/noticiaempauta.com\/portal\/#\/schema\/person\/a74af43dd1ab3deca45f988c717d57ac\"},\"headline\":\"Duas crian\u00e7as morrem carbonizadas ap\u00f3s inc\u00eandio em resid\u00eancia em \u00c1gua Branca\",\"datePublished\":\"2024-08-04T14:01:06+00:00\",\"dateModified\":\"2024-08-04T14:01:07+00:00\",\"mainEntityOfPage\":{\"@id\":\"https:\/\/noticiaempauta.com\/portal\/duas-criancas-morrem-carbonizadas-apos-incendio-em-residencia-em-agua-branca\/\"},\"wordCount\":454,\"commentCount\":0,\"publisher\":{\"@id\":\"https:\/\/noticiaempauta.com\/portal\/#organization\"},\"image\":{\"@id\":\"https:\/\/noticiaempauta.com\/portal\/duas-criancas-morrem-carbonizadas-apos-incendio-em-residencia-em-agua-branca\/#primaryimage\"},\"thumbnailUrl\":\"https:\/\/noticiaempauta.com\/portal\/wp-content\/uploads\/2023\/11\/IML-2.jpg\",\"keywords\":[\"destaqueprincipal\"],\"articleSection\":[\"Destaques\",\"Geral\",\"Munic\u00edpios\",\"Pol\u00edcia\",\"Todas as Not\u00edcias\"],\"inLanguage\":\"pt-BR\",\"potentialAction\":[{\"@type\":\"CommentAction\",\"name\":\"Comment\",\"target\":[\"https:\/\/noticiaempauta.com\/portal\/duas-criancas-morrem-carbonizadas-apos-incendio-em-residencia-em-agua-branca\/#respond\"]}]},{\"@type\":\"WebPage\",\"@id\":\"https:\/\/noticiaempauta.com\/portal\/duas-criancas-morrem-carbonizadas-apos-incendio-em-residencia-em-agua-branca\/\",\"url\":\"https:\/\/noticiaempauta.com\/portal\/duas-criancas-morrem-carbonizadas-apos-incendio-em-residencia-em-agua-branca\/\",\"name\":\"Duas crian\u00e7as morrem carbonizadas ap\u00f3s inc\u00eandio em resid\u00eancia em \u00c1gua Branca - Portal Not\u00edcia em Pauta\",\"isPartOf\":{\"@id\":\"https:\/\/noticiaempauta.com\/portal\/#website\"},\"primaryImageOfPage\":{\"@id\":\"https:\/\/noticiaempauta.com\/portal\/duas-criancas-morrem-carbonizadas-apos-incendio-em-residencia-em-agua-branca\/#primaryimage\"},\"image\":{\"@id\":\"https:\/\/noticiaempauta.com\/portal\/duas-criancas-morrem-carbonizadas-apos-incendio-em-residencia-em-agua-branca\/#primaryimage\"},\"thumbnailUrl\":\"https:\/\/noticiaempauta.com\/portal\/wp-content\/uploads\/2023\/11\/IML-2.jpg\",\"datePublished\":\"2024-08-04T14:01:06+00:00\",\"dateModified\":\"2024-08-04T14:01:07+00:00\",\"breadcrumb\":{\"@id\":\"https:\/\/noticiaempauta.com\/portal\/duas-criancas-morrem-carbonizadas-apos-incendio-em-residencia-em-agua-branca\/#breadcrumb\"},\"inLanguage\":\"pt-BR\",\"potentialAction\":[{\"@type\":\"ReadAction\",\"target\":[\"https:\/\/noticiaempauta.com\/portal\/duas-criancas-morrem-carbonizadas-apos-incendio-em-residencia-em-agua-branca\/\"]}]},{\"@type\":\"ImageObject\",\"inLanguage\":\"pt-BR\",\"@id\":\"https:\/\/noticiaempauta.com\/portal\/duas-criancas-morrem-carbonizadas-apos-incendio-em-residencia-em-agua-branca\/#primaryimage\",\"url\":\"https:\/\/noticiaempauta.com\/portal\/wp-content\/uploads\/2023\/11\/IML-2.jpg\",\"contentUrl\":\"https:\/\/noticiaempauta.com\/portal\/wp-content\/uploads\/2023\/11\/IML-2.jpg\",\"width\":640,\"height\":360},{\"@type\":\"BreadcrumbList\",\"@id\":\"https:\/\/noticiaempauta.com\/portal\/duas-criancas-morrem-carbonizadas-apos-incendio-em-residencia-em-agua-branca\/#breadcrumb\",\"itemListElement\":[{\"@type\":\"ListItem\",\"position\":1,\"name\":\"P\u00e1gina Inicial\",\"item\":\"https:\/\/noticiaempauta.com\/portal\/\"},{\"@type\":\"ListItem\",\"position\":2,\"name\":\"Destaques\",\"item\":\"https:\/\/noticiaempauta.com\/portal\/destaques-site\/\"},{\"@type\":\"ListItem\",\"position\":3,\"name\":\"Duas crian\u00e7as morrem carbonizadas ap\u00f3s inc\u00eandio em resid\u00eancia em \u00c1gua Branca\"}]},{\"@type\":\"WebSite\",\"@id\":\"https:\/\/noticiaempauta.com\/portal\/#website\",\"url\":\"https:\/\/noticiaempauta.com\/portal\/\",\"name\":\"Portal Not\u00edcia em Pauta\",\"description\":\"Voc\u00ea bem informado\",\"publisher\":{\"@id\":\"https:\/\/noticiaempauta.com\/portal\/#organization\"},\"potentialAction\":[{\"@type\":\"SearchAction\",\"target\":{\"@type\":\"EntryPoint\",\"urlTemplate\":\"https:\/\/noticiaempauta.com\/portal\/?s={search_term_string}\"},\"query-input\":{\"@type\":\"PropertyValueSpecification\",\"valueRequired\":true,\"valueName\":\"search_term_string\"}}],\"inLanguage\":\"pt-BR\"},{\"@type\":\"Organization\",\"@id\":\"https:\/\/noticiaempauta.com\/portal\/#organization\",\"name\":\"Portal Not\u00edcia em Pauta\",\"url\":\"https:\/\/noticiaempauta.com\/portal\/\",\"logo\":{\"@type\":\"ImageObject\",\"inLanguage\":\"pt-BR\",\"@id\":\"https:\/\/noticiaempauta.com\/portal\/#\/schema\/logo\/image\/\",\"url\":\"https:\/\/noticiaempauta.com\/portal\/wp-content\/uploads\/2022\/08\/logomarca_tema.fw_.png\",\"contentUrl\":\"https:\/\/noticiaempauta.com\/portal\/wp-content\/uploads\/2022\/08\/logomarca_tema.fw_.png\",\"width\":400,\"height\":232,\"caption\":\"Portal Not\u00edcia em Pauta\"},\"image\":{\"@id\":\"https:\/\/noticiaempauta.com\/portal\/#\/schema\/logo\/image\/\"},\"sameAs\":[\"https:\/\/www.facebook.com\/Portal-Notcia-Em-Pauta-102292869264820\/\",\"https:\/\/www.instagram.com\/portalnoticiaempauta\/\"]},{\"@type\":\"Person\",\"@id\":\"https:\/\/noticiaempauta.com\/portal\/#\/schema\/person\/a74af43dd1ab3deca45f988c717d57ac\",\"name\":\"Reda\u00e7\u00e3o\",\"image\":{\"@type\":\"ImageObject\",\"inLanguage\":\"pt-BR\",\"@id\":\"https:\/\/noticiaempauta.com\/portal\/#\/schema\/person\/image\/\",\"url\":\"https:\/\/secure.gravatar.com\/avatar\/03179346ecce6cdfc13361603e8f54242a90e5cde8618fa23c5c00aa2b0aadf3?s=96&d=mm&r=g\",\"contentUrl\":\"https:\/\/secure.gravatar.com\/avatar\/03179346ecce6cdfc13361603e8f54242a90e5cde8618fa23c5c00aa2b0aadf3?s=96&d=mm&r=g\",\"caption\":\"Reda\u00e7\u00e3o\"},\"sameAs\":[\"https:\/\/noticiaempauta.com\/portal\/\"],\"url\":\"https:\/\/noticiaempauta.com\/portal\/author\/fernando\/\"}]}<\/script>\n<!-- \/ Yoast SEO Premium plugin. -->","yoast_head_json":{"title":"Duas crian\u00e7as morrem carbonizadas ap\u00f3s inc\u00eandio em resid\u00eancia em \u00c1gua Branca - Portal Not\u00edcia em Pauta","robots":{"index":"index","follow":"follow","max-snippet":"max-snippet:-1","max-image-preview":"max-image-preview:large","max-video-preview":"max-video-preview:-1"},"canonical":"https:\/\/noticiaempauta.com\/portal\/duas-criancas-morrem-carbonizadas-apos-incendio-em-residencia-em-agua-branca\/","og_locale":"pt_BR","og_type":"article","og_title":"Duas crian\u00e7as morrem carbonizadas ap\u00f3s inc\u00eandio em resid\u00eancia em \u00c1gua Branca","og_description":"Trag\u00e9dia ocorreu no povoado Gog\u00f3 da Ema; m\u00e3e teria deixado as duas crian\u00e7as sozinhas em casa enquanto ia buscar \u00e1gua na casa de parentes.","og_url":"https:\/\/noticiaempauta.com\/portal\/duas-criancas-morrem-carbonizadas-apos-incendio-em-residencia-em-agua-branca\/","og_site_name":"Portal Not\u00edcia em Pauta","article_publisher":"https:\/\/www.facebook.com\/Portal-Notcia-Em-Pauta-102292869264820\/","article_published_time":"2024-08-04T14:01:06+00:00","article_modified_time":"2024-08-04T14:01:07+00:00","og_image":[{"width":640,"height":360,"url":"https:\/\/noticiaempauta.com\/portal\/wp-content\/uploads\/2023\/11\/IML-2.jpg","type":"image\/jpeg"}],"author":"Reda\u00e7\u00e3o","twitter_card":"summary_large_image","twitter_misc":{"Escrito por":"Reda\u00e7\u00e3o","Est. tempo de leitura":"3 minutos"},"schema":{"@context":"https:\/\/schema.org","@graph":[{"@type":"Article","@id":"https:\/\/noticiaempauta.com\/portal\/duas-criancas-morrem-carbonizadas-apos-incendio-em-residencia-em-agua-branca\/#article","isPartOf":{"@id":"https:\/\/noticiaempauta.com\/portal\/duas-criancas-morrem-carbonizadas-apos-incendio-em-residencia-em-agua-branca\/"},"author":{"name":"Reda\u00e7\u00e3o","@id":"https:\/\/noticiaempauta.com\/portal\/#\/schema\/person\/a74af43dd1ab3deca45f988c717d57ac"},"headline":"Duas crian\u00e7as morrem carbonizadas ap\u00f3s inc\u00eandio em resid\u00eancia em \u00c1gua Branca","datePublished":"2024-08-04T14:01:06+00:00","dateModified":"2024-08-04T14:01:07+00:00","mainEntityOfPage":{"@id":"https:\/\/noticiaempauta.com\/portal\/duas-criancas-morrem-carbonizadas-apos-incendio-em-residencia-em-agua-branca\/"},"wordCount":454,"commentCount":0,"publisher":{"@id":"https:\/\/noticiaempauta.com\/portal\/#organization"},"image":{"@id":"https:\/\/noticiaempauta.com\/portal\/duas-criancas-morrem-carbonizadas-apos-incendio-em-residencia-em-agua-branca\/#primaryimage"},"thumbnailUrl":"https:\/\/noticiaempauta.com\/portal\/wp-content\/uploads\/2023\/11\/IML-2.jpg","keywords":["destaqueprincipal"],"articleSection":["Destaques","Geral","Munic\u00edpios","Pol\u00edcia","Todas as Not\u00edcias"],"inLanguage":"pt-BR","potentialAction":[{"@type":"CommentAction","name":"Comment","target":["https:\/\/noticiaempauta.com\/portal\/duas-criancas-morrem-carbonizadas-apos-incendio-em-residencia-em-agua-branca\/#respond"]}]},{"@type":"WebPage","@id":"https:\/\/noticiaempauta.com\/portal\/duas-criancas-morrem-carbonizadas-apos-incendio-em-residencia-em-agua-branca\/","url":"https:\/\/noticiaempauta.com\/portal\/duas-criancas-morrem-carbonizadas-apos-incendio-em-residencia-em-agua-branca\/","name":"Duas crian\u00e7as morrem carbonizadas ap\u00f3s inc\u00eandio em resid\u00eancia em \u00c1gua Branca - Portal Not\u00edcia em Pauta","isPartOf":{"@id":"https:\/\/noticiaempauta.com\/portal\/#website"},"primaryImageOfPage":{"@id":"https:\/\/noticiaempauta.com\/portal\/duas-criancas-morrem-carbonizadas-apos-incendio-em-residencia-em-agua-branca\/#primaryimage"},"image":{"@id":"https:\/\/noticiaempauta.com\/portal\/duas-criancas-morrem-carbonizadas-apos-incendio-em-residencia-em-agua-branca\/#primaryimage"},"thumbnailUrl":"https:\/\/noticiaempauta.com\/portal\/wp-content\/uploads\/2023\/11\/IML-2.jpg","datePublished":"2024-08-04T14:01:06+00:00","dateModified":"2024-08-04T14:01:07+00:00","breadcrumb":{"@id":"https:\/\/noticiaempauta.com\/portal\/duas-criancas-morrem-carbonizadas-apos-incendio-em-residencia-em-agua-branca\/#breadcrumb"},"inLanguage":"pt-BR","potentialAction":[{"@type":"ReadAction","target":["https:\/\/noticiaempauta.com\/portal\/duas-criancas-morrem-carbonizadas-apos-incendio-em-residencia-em-agua-branca\/"]}]},{"@type":"ImageObject","inLanguage":"pt-BR","@id":"https:\/\/noticiaempauta.com\/portal\/duas-criancas-morrem-carbonizadas-apos-incendio-em-residencia-em-agua-branca\/#primaryimage","url":"https:\/\/noticiaempauta.com\/portal\/wp-content\/uploads\/2023\/11\/IML-2.jpg","contentUrl":"https:\/\/noticiaempauta.com\/portal\/wp-content\/uploads\/2023\/11\/IML-2.jpg","width":640,"height":360},{"@type":"BreadcrumbList","@id":"https:\/\/noticiaempauta.com\/portal\/duas-criancas-morrem-carbonizadas-apos-incendio-em-residencia-em-agua-branca\/#breadcrumb","itemListElement":[{"@type":"ListItem","position":1,"name":"P\u00e1gina Inicial","item":"https:\/\/noticiaempauta.com\/portal\/"},{"@type":"ListItem","position":2,"name":"Destaques","item":"https:\/\/noticiaempauta.com\/portal\/destaques-site\/"},{"@type":"ListItem","position":3,"name":"Duas crian\u00e7as morrem carbonizadas ap\u00f3s inc\u00eandio em resid\u00eancia em \u00c1gua Branca"}]},{"@type":"WebSite","@id":"https:\/\/noticiaempauta.com\/portal\/#website","url":"https:\/\/noticiaempauta.com\/portal\/","name":"Portal Not\u00edcia em Pauta","description":"Voc\u00ea bem informado","publisher":{"@id":"https:\/\/noticiaempauta.com\/portal\/#organization"},"potentialAction":[{"@type":"SearchAction","target":{"@type":"EntryPoint","urlTemplate":"https:\/\/noticiaempauta.com\/portal\/?s={search_term_string}"},"query-input":{"@type":"PropertyValueSpecification","valueRequired":true,"valueName":"search_term_string"}}],"inLanguage":"pt-BR"},{"@type":"Organization","@id":"https:\/\/noticiaempauta.com\/portal\/#organization","name":"Portal Not\u00edcia em Pauta","url":"https:\/\/noticiaempauta.com\/portal\/","logo":{"@type":"ImageObject","inLanguage":"pt-BR","@id":"https:\/\/noticiaempauta.com\/portal\/#\/schema\/logo\/image\/","url":"https:\/\/noticiaempauta.com\/portal\/wp-content\/uploads\/2022\/08\/logomarca_tema.fw_.png","contentUrl":"https:\/\/noticiaempauta.com\/portal\/wp-content\/uploads\/2022\/08\/logomarca_tema.fw_.png","width":400,"height":232,"caption":"Portal Not\u00edcia em Pauta"},"image":{"@id":"https:\/\/noticiaempauta.com\/portal\/#\/schema\/logo\/image\/"},"sameAs":["https:\/\/www.facebook.com\/Portal-Notcia-Em-Pauta-102292869264820\/","https:\/\/www.instagram.com\/portalnoticiaempauta\/"]},{"@type":"Person","@id":"https:\/\/noticiaempauta.com\/portal\/#\/schema\/person\/a74af43dd1ab3deca45f988c717d57ac","name":"Reda\u00e7\u00e3o","image":{"@type":"ImageObject","inLanguage":"pt-BR","@id":"https:\/\/noticiaempauta.com\/portal\/#\/schema\/person\/image\/","url":"https:\/\/secure.gravatar.com\/avatar\/03179346ecce6cdfc13361603e8f54242a90e5cde8618fa23c5c00aa2b0aadf3?s=96&d=mm&r=g","contentUrl":"https:\/\/secure.gravatar.com\/avatar\/03179346ecce6cdfc13361603e8f54242a90e5cde8618fa23c5c00aa2b0aadf3?s=96&d=mm&r=g","caption":"Reda\u00e7\u00e3o"},"sameAs":["https:\/\/noticiaempauta.com\/portal\/"],"url":"https:\/\/noticiaempauta.com\/portal\/author\/fernando\/"}]}},"_links":{"self":[{"href":"https:\/\/noticiaempauta.com\/portal\/wp-json\/wp\/v2\/posts\/260974","targetHints":{"allow":["GET"]}}],"collection":[{"href":"https:\/\/noticiaempauta.com\/portal\/wp-json\/wp\/v2\/posts"}],"about":[{"href":"https:\/\/noticiaempauta.com\/portal\/wp-json\/wp\/v2\/types\/post"}],"author":[{"embeddable":true,"href":"https:\/\/noticiaempauta.com\/portal\/wp-json\/wp\/v2\/users\/2"}],"replies":[{"embeddable":true,"href":"https:\/\/noticiaempauta.com\/portal\/wp-json\/wp\/v2\/comments?post=260974"}],"version-history":[{"count":2,"href":"https:\/\/noticiaempauta.com\/portal\/wp-json\/wp\/v2\/posts\/260974\/revisions"}],"predecessor-version":[{"id":260978,"href":"https:\/\/noticiaempauta.com\/portal\/wp-json\/wp\/v2\/posts\/260974\/revisions\/260978"}],"wp:featuredmedia":[{"embeddable":true,"href":"https:\/\/noticiaempauta.com\/portal\/wp-json\/wp\/v2\/media\/251817"}],"wp:attachment":[{"href":"https:\/\/noticiaempauta.com\/portal\/wp-json\/wp\/v2\/media?parent=260974"}],"wp:term":[{"taxonomy":"category","embeddable":true,"href":"https:\/\/noticiaempauta.com\/portal\/wp-json\/wp\/v2\/categories?post=260974"},{"taxonomy":"post_tag","embeddable":true,"href":"https:\/\/noticiaempauta.com\/portal\/wp-json\/wp\/v2\/tags?post=260974"}],"curies":[{"name":"wp","href":"https:\/\/api.w.org\/{rel}","templated":true}]}}